{"id":53464,"date":"2023-07-23T10:28:40","date_gmt":"2023-07-23T17:28:40","guid":{"rendered":"https:\/\/fuentesfidedignas.com.mx\/?p=53464"},"modified":"2023-07-23T10:30:37","modified_gmt":"2023-07-23T17:30:37","slug":"muere-fisicoculturista-tras-accidente-con-una-barra-de-210-kg","status":"publish","type":"post","link":"https:\/\/fuentesfidedignas.com.mx\/index.php\/2023\/07\/23\/muere-fisicoculturista-tras-accidente-con-una-barra-de-210-kg\/","title":{"rendered":"Muere fisicoculturista tras accidente con una barra de 210 kg"},"content":{"rendered":"\n<p><strong><em>Justyn Vicky estaba realizando su rutina en un gimnasio de Bali cuando sufri\u00f3 un accidente con una barra. Tras el accidente, el atleta fue trasladado a un hospital<\/em><\/strong><\/p>\n\n\n\n<p>Justyn Vicky, un fisicoculturista que compart\u00eda su estilo de vida a m\u00e1s de 30 mil seguidores en Instagram, falleci\u00f3 a los 33 tras un accidente en un gimnasio ubicado en la isla de Bali, Indonesia, inform\u00f3 el viernes por la ma\u00f1ana el diario The Sun; sin embargo el incidente sucedi\u00f3 hace casi una semana.<\/p>\n\n\n\n<p>De acuerdo con un reporte del sitio brit\u00e1nico, el atleta hab\u00eda levantado una barra cuyo peso ascend\u00eda a los 210 kilogramos, pero tras perder el control y esta le cay\u00f3 en el cuello.<\/p>\n\n\n\n<figure class=\"wp-block-image\"><img decoding=\"async\" src=\"https:\/\/www.elfinanciero.com.mx\/resizer\/Rb7ZDLEhfPzyq0l0dq2dOYHP_nc=\/400x0\/filters:format(png):quality(70)\/cloudfront-us-east-1.images.arcpublishing.com\/elfinanciero\/P4XLCOOYKNFP3MXPTCYE26XQWQ.png\" alt=\"Justyn Vicky era un fisicoculturista que se desempe\u00f1aba como instructor en un gimnasio de Bali. (Foto: Instagram @justynvickybali_island)\"\/><figcaption class=\"wp-element-caption\">Justyn Vicky era un fisicoculturista que se desempe\u00f1aba como instructor en un gimnasio de Bali. (Foto: Instagram @justynvickybali_island)<\/figcaption><\/figure>\n\n\n\n<h2 class=\"wp-block-heading\">\u00bfQu\u00e9 le pas\u00f3 a Justyn Vicky?<\/h2>\n\n\n\n<p>Seg\u00fan The Sun, Justyn, quien era instructor en un gimnasio llamado Paradise, hac\u00eda levantamiento de pesas de forma profesional, pero sol\u00eda hacerlo con un gramaje moderado.<\/p>\n\n\n\n<p>Testigos narraron que pese a que la carga era considerable, el culturista no se auxili\u00f3 de alg\u00fan otro miembro del establecimiento y tras problemas con la t\u00e9cnica, Vicky no logr\u00f3 mantener la carga y la barra lo lesion\u00f3 de forma fatal.<\/p>\n\n\n\n<p>Uno de los asistentes declar\u00f3 que Vicky intent\u00f3 desarrollar una sentadilla con peso, pero el esfuerzo comenz\u00f3 a preocupar a varios alrededor, pues se escuchaba c\u00f3mo\u00a0<strong>\u2018gru\u00f1\u00eda\u2019 por la dificultad.<\/strong><\/p>\n\n\n\n<p>Finalmente el peso venci\u00f3 al culturista, quien cay\u00f3 en un \u00e1ngulo \u201cespantoso\u201d y fue golpeado por la barra.<\/p>\n\n\n\n<p>De inmediato sus compa\u00f1eros llamaron a emergencias para que una ambulancia lo trasladara a un hospital. Minutos m\u00e1s tarde,&nbsp;<strong>Justyn fue internado de emergencia en quir\u00f3fano;<\/strong>&nbsp;sin embargo, dada la gravedad de la lesi\u00f3n en el cuello y pulmones, el atleta no logr\u00f3 sobrevivir.<\/p>\n\n\n\n<p>En la p\u00e1gina del gimnasio donde Vicky era instructor, una publicaci\u00f3n de condolencias lamenta el fallecimiento del culturista.<\/p>\n\n\n\n<p>\u201cPara nuestro querido Justyn, su impacto en nuestras vidas es inconmensurable. Tu legado vivir\u00e1 a trav\u00e9s de las innumerables vidas que has tocado, las transformaciones que has inspirado y el amor y la pasi\u00f3n que infundiste en cada momento que pasamos juntos.&nbsp;<strong>Descansa en paz, querido amigo.<\/strong>&nbsp;Siempre permanecer\u00e1s en nuestros corazones\u201d, se lee en el posteo.<\/p>\n\n\n\n<figure class=\"wp-block-image\"><img decoding=\"async\" src=\"https:\/\/www.elfinanciero.com.mx\/resizer\/egg8gUDVEorzuYKKju-SiJ9HAgQ=\/400x267\/filters:format(png):quality(70)\/cloudfront-us-east-1.images.arcpublishing.com\/elfinanciero\/MZP4A2QCT5F4PJN45NBRM73QWM.png\" alt=\"Mensaje de condolencias donde Justyn Vicky entrenaba. (Foto: Instagram @the.paradisebali)\"\/><\/figure>\n","protected":false},"excerpt":{"rendered":"<p>Justyn Vicky estaba realizando su rutina en un gimnasio de Bali cuando sufri\u00f3 un accidente con una barra. Tras el accidente, el atleta fue trasladado a un hospital Justyn Vicky, un fisicoculturista que compart\u00eda su estilo de vida a m\u00e1s de 30 mil seguidores en Instagram, falleci\u00f3 a los 33 tras un accidente en un [&hellip;]<\/p>\n","protected":false},"author":21,"featured_media":53466,"comment_status":"open","ping_status":"open","sticky":false,"template":"","format":"standard","meta":{"tdm_status":"","tdm_grid_status":"","footnotes":""},"categories":[39,1],"tags":[],"class_list":{"0":"post-53464","1":"post","2":"type-post","3":"status-publish","4":"format-standard","5":"has-post-thumbnail","7":"category-noticias-nacionales","8":"category-sin-categoria"},"yoast_head":"<!-- This site is optimized with the Yoast SEO plugin v27.5 - https:\/\/yoast.com\/product\/yoast-seo-wordpress\/ -->\n<title>Muere fisicoculturista tras accidente con una barra de 210 kg - Fuentes Fidedignas<\/title>\n<meta name=\"robots\" content=\"index, follow, max-snippet:-1, max-image-preview:large, max-video-preview:-1\" \/>\n<link rel=\"canonical\" href=\"https:\/\/fuentesfidedignas.com.mx\/index.php\/2023\/07\/23\/muere-fisicoculturista-tras-accidente-con-una-barra-de-210-kg\/\" \/>\n<meta property=\"og:locale\" content=\"es_MX\" \/>\n<meta property=\"og:type\" content=\"article\" \/>\n<meta property=\"og:title\" content=\"Muere fisicoculturista tras accidente con una barra de 210 kg - Fuentes Fidedignas\" \/>\n<meta property=\"og:description\" content=\"Justyn Vicky estaba realizando su rutina en un gimnasio de Bali cuando sufri\u00f3 un accidente con una barra. Tras el accidente, el atleta fue trasladado a un hospital Justyn Vicky, un fisicoculturista que compart\u00eda su estilo de vida a m\u00e1s de 30 mil seguidores en Instagram, falleci\u00f3 a los 33 tras un accidente en un [&hellip;]\" \/>\n<meta property=\"og:url\" content=\"https:\/\/fuentesfidedignas.com.mx\/index.php\/2023\/07\/23\/muere-fisicoculturista-tras-accidente-con-una-barra-de-210-kg\/\" \/>\n<meta property=\"og:site_name\" content=\"Fuentes Fidedignas\" \/>\n<meta property=\"article:publisher\" content=\"https:\/\/www.facebook.com\/Fuentes-Fidedignas-368234489921644\" \/>\n<meta property=\"article:published_time\" content=\"2023-07-23T17:28:40+00:00\" \/>\n<meta property=\"article:modified_time\" content=\"2023-07-23T17:30:37+00:00\" \/>\n<meta property=\"og:image\" content=\"https:\/\/fuentesfidedignas.com.mx\/wp-content\/uploads\/2023\/07\/Screenshot_20230723_102944_Chrome.jpg\" \/>\n\t<meta property=\"og:image:width\" content=\"1079\" \/>\n\t<meta property=\"og:image:height\" content=\"610\" \/>\n\t<meta property=\"og:image:type\" content=\"image\/jpeg\" \/>\n<meta name=\"author\" content=\"El Financiero\" \/>\n<meta name=\"twitter:card\" content=\"summary_large_image\" \/>\n<meta name=\"twitter:creator\" content=\"@fidedignas\" \/>\n<meta name=\"twitter:site\" content=\"@fidedignas\" \/>\n<meta name=\"twitter:label1\" content=\"Escrito por\" \/>\n\t<meta name=\"twitter:data1\" content=\"El Financiero\" \/>\n\t<meta name=\"twitter:label2\" content=\"Tiempo de lectura\" \/>\n\t<meta name=\"twitter:data2\" content=\"3 minutos\" \/>\n<script type=\"application\/ld+json\" class=\"yoast-schema-graph\">{\"@context\":\"https:\\\/\\\/schema.org\",\"@graph\":[{\"@type\":\"Article\",\"@id\":\"https:\\\/\\\/fuentesfidedignas.com.mx\\\/index.php\\\/2023\\\/07\\\/23\\\/muere-fisicoculturista-tras-accidente-con-una-barra-de-210-kg\\\/#article\",\"isPartOf\":{\"@id\":\"https:\\\/\\\/fuentesfidedignas.com.mx\\\/index.php\\\/2023\\\/07\\\/23\\\/muere-fisicoculturista-tras-accidente-con-una-barra-de-210-kg\\\/\"},\"author\":{\"name\":\"El Financiero\",\"@id\":\"https:\\\/\\\/fuentesfidedignas.com.mx\\\/#\\\/schema\\\/person\\\/494f7e0dce8dfaaec5b64f16615b78e9\"},\"headline\":\"Muere fisicoculturista tras accidente con una barra de 210 kg\",\"datePublished\":\"2023-07-23T17:28:40+00:00\",\"dateModified\":\"2023-07-23T17:30:37+00:00\",\"mainEntityOfPage\":{\"@id\":\"https:\\\/\\\/fuentesfidedignas.com.mx\\\/index.php\\\/2023\\\/07\\\/23\\\/muere-fisicoculturista-tras-accidente-con-una-barra-de-210-kg\\\/\"},\"wordCount\":407,\"commentCount\":0,\"publisher\":{\"@id\":\"https:\\\/\\\/fuentesfidedignas.com.mx\\\/#organization\"},\"image\":{\"@id\":\"https:\\\/\\\/fuentesfidedignas.com.mx\\\/index.php\\\/2023\\\/07\\\/23\\\/muere-fisicoculturista-tras-accidente-con-una-barra-de-210-kg\\\/#primaryimage\"},\"thumbnailUrl\":\"https:\\\/\\\/fuentesfidedignas.com.mx\\\/wp-content\\\/uploads\\\/2023\\\/07\\\/Screenshot_20230723_102944_Chrome.jpg\",\"articleSection\":[\"NOTICIAS NACIONALES\"],\"inLanguage\":\"es\",\"potentialAction\":[{\"@type\":\"CommentAction\",\"name\":\"Comment\",\"target\":[\"https:\\\/\\\/fuentesfidedignas.com.mx\\\/index.php\\\/2023\\\/07\\\/23\\\/muere-fisicoculturista-tras-accidente-con-una-barra-de-210-kg\\\/#respond\"]}]},{\"@type\":\"WebPage\",\"@id\":\"https:\\\/\\\/fuentesfidedignas.com.mx\\\/index.php\\\/2023\\\/07\\\/23\\\/muere-fisicoculturista-tras-accidente-con-una-barra-de-210-kg\\\/\",\"url\":\"https:\\\/\\\/fuentesfidedignas.com.mx\\\/index.php\\\/2023\\\/07\\\/23\\\/muere-fisicoculturista-tras-accidente-con-una-barra-de-210-kg\\\/\",\"name\":\"Muere fisicoculturista tras accidente con una barra de 210 kg - Fuentes Fidedignas\",\"isPartOf\":{\"@id\":\"https:\\\/\\\/fuentesfidedignas.com.mx\\\/#website\"},\"primaryImageOfPage\":{\"@id\":\"https:\\\/\\\/fuentesfidedignas.com.mx\\\/index.php\\\/2023\\\/07\\\/23\\\/muere-fisicoculturista-tras-accidente-con-una-barra-de-210-kg\\\/#primaryimage\"},\"image\":{\"@id\":\"https:\\\/\\\/fuentesfidedignas.com.mx\\\/index.php\\\/2023\\\/07\\\/23\\\/muere-fisicoculturista-tras-accidente-con-una-barra-de-210-kg\\\/#primaryimage\"},\"thumbnailUrl\":\"https:\\\/\\\/fuentesfidedignas.com.mx\\\/wp-content\\\/uploads\\\/2023\\\/07\\\/Screenshot_20230723_102944_Chrome.jpg\",\"datePublished\":\"2023-07-23T17:28:40+00:00\",\"dateModified\":\"2023-07-23T17:30:37+00:00\",\"breadcrumb\":{\"@id\":\"https:\\\/\\\/fuentesfidedignas.com.mx\\\/index.php\\\/2023\\\/07\\\/23\\\/muere-fisicoculturista-tras-accidente-con-una-barra-de-210-kg\\\/#breadcrumb\"},\"inLanguage\":\"es\",\"potentialAction\":[{\"@type\":\"ReadAction\",\"target\":[\"https:\\\/\\\/fuentesfidedignas.com.mx\\\/index.php\\\/2023\\\/07\\\/23\\\/muere-fisicoculturista-tras-accidente-con-una-barra-de-210-kg\\\/\"]}]},{\"@type\":\"ImageObject\",\"inLanguage\":\"es\",\"@id\":\"https:\\\/\\\/fuentesfidedignas.com.mx\\\/index.php\\\/2023\\\/07\\\/23\\\/muere-fisicoculturista-tras-accidente-con-una-barra-de-210-kg\\\/#primaryimage\",\"url\":\"https:\\\/\\\/fuentesfidedignas.com.mx\\\/wp-content\\\/uploads\\\/2023\\\/07\\\/Screenshot_20230723_102944_Chrome.jpg\",\"contentUrl\":\"https:\\\/\\\/fuentesfidedignas.com.mx\\\/wp-content\\\/uploads\\\/2023\\\/07\\\/Screenshot_20230723_102944_Chrome.jpg\",\"width\":1079,\"height\":610},{\"@type\":\"BreadcrumbList\",\"@id\":\"https:\\\/\\\/fuentesfidedignas.com.mx\\\/index.php\\\/2023\\\/07\\\/23\\\/muere-fisicoculturista-tras-accidente-con-una-barra-de-210-kg\\\/#breadcrumb\",\"itemListElement\":[{\"@type\":\"ListItem\",\"position\":1,\"name\":\"Inicio\",\"item\":\"https:\\\/\\\/fuentesfidedignas.com.mx\\\/\"},{\"@type\":\"ListItem\",\"position\":2,\"name\":\"Muere fisicoculturista tras accidente con una barra de 210 kg\"}]},{\"@type\":\"WebSite\",\"@id\":\"https:\\\/\\\/fuentesfidedignas.com.mx\\\/#website\",\"url\":\"https:\\\/\\\/fuentesfidedignas.com.mx\\\/\",\"name\":\"Fuentes Fidedignas\",\"description\":\"Otro sitio realizado con WordPress\",\"publisher\":{\"@id\":\"https:\\\/\\\/fuentesfidedignas.com.mx\\\/#organization\"},\"potentialAction\":[{\"@type\":\"SearchAction\",\"target\":{\"@type\":\"EntryPoint\",\"urlTemplate\":\"https:\\\/\\\/fuentesfidedignas.com.mx\\\/?s={search_term_string}\"},\"query-input\":{\"@type\":\"PropertyValueSpecification\",\"valueRequired\":true,\"valueName\":\"search_term_string\"}}],\"inLanguage\":\"es\"},{\"@type\":\"Organization\",\"@id\":\"https:\\\/\\\/fuentesfidedignas.com.mx\\\/#organization\",\"name\":\"Fuentes Fidedignas\",\"url\":\"https:\\\/\\\/fuentesfidedignas.com.mx\\\/\",\"logo\":{\"@type\":\"ImageObject\",\"inLanguage\":\"es\",\"@id\":\"https:\\\/\\\/fuentesfidedignas.com.mx\\\/#\\\/schema\\\/logo\\\/image\\\/\",\"url\":\"https:\\\/\\\/fuentesfidedignas.com.mx\\\/wp-content\\\/uploads\\\/2021\\\/04\\\/logo-retina.png\",\"contentUrl\":\"https:\\\/\\\/fuentesfidedignas.com.mx\\\/wp-content\\\/uploads\\\/2021\\\/04\\\/logo-retina.png\",\"width\":280,\"height\":51,\"caption\":\"Fuentes Fidedignas\"},\"image\":{\"@id\":\"https:\\\/\\\/fuentesfidedignas.com.mx\\\/#\\\/schema\\\/logo\\\/image\\\/\"},\"sameAs\":[\"https:\\\/\\\/www.facebook.com\\\/Fuentes-Fidedignas-368234489921644\",\"https:\\\/\\\/x.com\\\/fidedignas\"]},{\"@type\":\"Person\",\"@id\":\"https:\\\/\\\/fuentesfidedignas.com.mx\\\/#\\\/schema\\\/person\\\/494f7e0dce8dfaaec5b64f16615b78e9\",\"name\":\"El Financiero\",\"image\":{\"@type\":\"ImageObject\",\"inLanguage\":\"es\",\"@id\":\"https:\\\/\\\/secure.gravatar.com\\\/avatar\\\/88c0f3f2079389318ef8dd35c22cb997212aa89646e357ba59b318db26ed91a9?s=96&d=mm&r=g\",\"url\":\"https:\\\/\\\/secure.gravatar.com\\\/avatar\\\/88c0f3f2079389318ef8dd35c22cb997212aa89646e357ba59b318db26ed91a9?s=96&d=mm&r=g\",\"contentUrl\":\"https:\\\/\\\/secure.gravatar.com\\\/avatar\\\/88c0f3f2079389318ef8dd35c22cb997212aa89646e357ba59b318db26ed91a9?s=96&d=mm&r=g\",\"caption\":\"El Financiero\"},\"url\":\"https:\\\/\\\/fuentesfidedignas.com.mx\\\/index.php\\\/author\\\/financiero\\\/\"}]}<\/script>\n<!-- \/ Yoast SEO plugin. -->","yoast_head_json":{"title":"Muere fisicoculturista tras accidente con una barra de 210 kg - Fuentes Fidedignas","robots":{"index":"index","follow":"follow","max-snippet":"max-snippet:-1","max-image-preview":"max-image-preview:large","max-video-preview":"max-video-preview:-1"},"canonical":"https:\/\/fuentesfidedignas.com.mx\/index.php\/2023\/07\/23\/muere-fisicoculturista-tras-accidente-con-una-barra-de-210-kg\/","og_locale":"es_MX","og_type":"article","og_title":"Muere fisicoculturista tras accidente con una barra de 210 kg - Fuentes Fidedignas","og_description":"Justyn Vicky estaba realizando su rutina en un gimnasio de Bali cuando sufri\u00f3 un accidente con una barra. Tras el accidente, el atleta fue trasladado a un hospital Justyn Vicky, un fisicoculturista que compart\u00eda su estilo de vida a m\u00e1s de 30 mil seguidores en Instagram, falleci\u00f3 a los 33 tras un accidente en un [&hellip;]","og_url":"https:\/\/fuentesfidedignas.com.mx\/index.php\/2023\/07\/23\/muere-fisicoculturista-tras-accidente-con-una-barra-de-210-kg\/","og_site_name":"Fuentes Fidedignas","article_publisher":"https:\/\/www.facebook.com\/Fuentes-Fidedignas-368234489921644","article_published_time":"2023-07-23T17:28:40+00:00","article_modified_time":"2023-07-23T17:30:37+00:00","og_image":[{"width":1079,"height":610,"url":"https:\/\/fuentesfidedignas.com.mx\/wp-content\/uploads\/2023\/07\/Screenshot_20230723_102944_Chrome.jpg","type":"image\/jpeg"}],"author":"El Financiero","twitter_card":"summary_large_image","twitter_creator":"@fidedignas","twitter_site":"@fidedignas","twitter_misc":{"Escrito por":"El Financiero","Tiempo de lectura":"3 minutos"},"schema":{"@context":"https:\/\/schema.org","@graph":[{"@type":"Article","@id":"https:\/\/fuentesfidedignas.com.mx\/index.php\/2023\/07\/23\/muere-fisicoculturista-tras-accidente-con-una-barra-de-210-kg\/#article","isPartOf":{"@id":"https:\/\/fuentesfidedignas.com.mx\/index.php\/2023\/07\/23\/muere-fisicoculturista-tras-accidente-con-una-barra-de-210-kg\/"},"author":{"name":"El Financiero","@id":"https:\/\/fuentesfidedignas.com.mx\/#\/schema\/person\/494f7e0dce8dfaaec5b64f16615b78e9"},"headline":"Muere fisicoculturista tras accidente con una barra de 210 kg","datePublished":"2023-07-23T17:28:40+00:00","dateModified":"2023-07-23T17:30:37+00:00","mainEntityOfPage":{"@id":"https:\/\/fuentesfidedignas.com.mx\/index.php\/2023\/07\/23\/muere-fisicoculturista-tras-accidente-con-una-barra-de-210-kg\/"},"wordCount":407,"commentCount":0,"publisher":{"@id":"https:\/\/fuentesfidedignas.com.mx\/#organization"},"image":{"@id":"https:\/\/fuentesfidedignas.com.mx\/index.php\/2023\/07\/23\/muere-fisicoculturista-tras-accidente-con-una-barra-de-210-kg\/#primaryimage"},"thumbnailUrl":"https:\/\/fuentesfidedignas.com.mx\/wp-content\/uploads\/2023\/07\/Screenshot_20230723_102944_Chrome.jpg","articleSection":["NOTICIAS NACIONALES"],"inLanguage":"es","potentialAction":[{"@type":"CommentAction","name":"Comment","target":["https:\/\/fuentesfidedignas.com.mx\/index.php\/2023\/07\/23\/muere-fisicoculturista-tras-accidente-con-una-barra-de-210-kg\/#respond"]}]},{"@type":"WebPage","@id":"https:\/\/fuentesfidedignas.com.mx\/index.php\/2023\/07\/23\/muere-fisicoculturista-tras-accidente-con-una-barra-de-210-kg\/","url":"https:\/\/fuentesfidedignas.com.mx\/index.php\/2023\/07\/23\/muere-fisicoculturista-tras-accidente-con-una-barra-de-210-kg\/","name":"Muere fisicoculturista tras accidente con una barra de 210 kg - Fuentes Fidedignas","isPartOf":{"@id":"https:\/\/fuentesfidedignas.com.mx\/#website"},"primaryImageOfPage":{"@id":"https:\/\/fuentesfidedignas.com.mx\/index.php\/2023\/07\/23\/muere-fisicoculturista-tras-accidente-con-una-barra-de-210-kg\/#primaryimage"},"image":{"@id":"https:\/\/fuentesfidedignas.com.mx\/index.php\/2023\/07\/23\/muere-fisicoculturista-tras-accidente-con-una-barra-de-210-kg\/#primaryimage"},"thumbnailUrl":"https:\/\/fuentesfidedignas.com.mx\/wp-content\/uploads\/2023\/07\/Screenshot_20230723_102944_Chrome.jpg","datePublished":"2023-07-23T17:28:40+00:00","dateModified":"2023-07-23T17:30:37+00:00","breadcrumb":{"@id":"https:\/\/fuentesfidedignas.com.mx\/index.php\/2023\/07\/23\/muere-fisicoculturista-tras-accidente-con-una-barra-de-210-kg\/#breadcrumb"},"inLanguage":"es","potentialAction":[{"@type":"ReadAction","target":["https:\/\/fuentesfidedignas.com.mx\/index.php\/2023\/07\/23\/muere-fisicoculturista-tras-accidente-con-una-barra-de-210-kg\/"]}]},{"@type":"ImageObject","inLanguage":"es","@id":"https:\/\/fuentesfidedignas.com.mx\/index.php\/2023\/07\/23\/muere-fisicoculturista-tras-accidente-con-una-barra-de-210-kg\/#primaryimage","url":"https:\/\/fuentesfidedignas.com.mx\/wp-content\/uploads\/2023\/07\/Screenshot_20230723_102944_Chrome.jpg","contentUrl":"https:\/\/fuentesfidedignas.com.mx\/wp-content\/uploads\/2023\/07\/Screenshot_20230723_102944_Chrome.jpg","width":1079,"height":610},{"@type":"BreadcrumbList","@id":"https:\/\/fuentesfidedignas.com.mx\/index.php\/2023\/07\/23\/muere-fisicoculturista-tras-accidente-con-una-barra-de-210-kg\/#breadcrumb","itemListElement":[{"@type":"ListItem","position":1,"name":"Inicio","item":"https:\/\/fuentesfidedignas.com.mx\/"},{"@type":"ListItem","position":2,"name":"Muere fisicoculturista tras accidente con una barra de 210 kg"}]},{"@type":"WebSite","@id":"https:\/\/fuentesfidedignas.com.mx\/#website","url":"https:\/\/fuentesfidedignas.com.mx\/","name":"Fuentes Fidedignas","description":"Otro sitio realizado con WordPress","publisher":{"@id":"https:\/\/fuentesfidedignas.com.mx\/#organization"},"potentialAction":[{"@type":"SearchAction","target":{"@type":"EntryPoint","urlTemplate":"https:\/\/fuentesfidedignas.com.mx\/?s={search_term_string}"},"query-input":{"@type":"PropertyValueSpecification","valueRequired":true,"valueName":"search_term_string"}}],"inLanguage":"es"},{"@type":"Organization","@id":"https:\/\/fuentesfidedignas.com.mx\/#organization","name":"Fuentes Fidedignas","url":"https:\/\/fuentesfidedignas.com.mx\/","logo":{"@type":"ImageObject","inLanguage":"es","@id":"https:\/\/fuentesfidedignas.com.mx\/#\/schema\/logo\/image\/","url":"https:\/\/fuentesfidedignas.com.mx\/wp-content\/uploads\/2021\/04\/logo-retina.png","contentUrl":"https:\/\/fuentesfidedignas.com.mx\/wp-content\/uploads\/2021\/04\/logo-retina.png","width":280,"height":51,"caption":"Fuentes Fidedignas"},"image":{"@id":"https:\/\/fuentesfidedignas.com.mx\/#\/schema\/logo\/image\/"},"sameAs":["https:\/\/www.facebook.com\/Fuentes-Fidedignas-368234489921644","https:\/\/x.com\/fidedignas"]},{"@type":"Person","@id":"https:\/\/fuentesfidedignas.com.mx\/#\/schema\/person\/494f7e0dce8dfaaec5b64f16615b78e9","name":"El Financiero","image":{"@type":"ImageObject","inLanguage":"es","@id":"https:\/\/secure.gravatar.com\/avatar\/88c0f3f2079389318ef8dd35c22cb997212aa89646e357ba59b318db26ed91a9?s=96&d=mm&r=g","url":"https:\/\/secure.gravatar.com\/avatar\/88c0f3f2079389318ef8dd35c22cb997212aa89646e357ba59b318db26ed91a9?s=96&d=mm&r=g","contentUrl":"https:\/\/secure.gravatar.com\/avatar\/88c0f3f2079389318ef8dd35c22cb997212aa89646e357ba59b318db26ed91a9?s=96&d=mm&r=g","caption":"El Financiero"},"url":"https:\/\/fuentesfidedignas.com.mx\/index.php\/author\/financiero\/"}]}},"_links":{"self":[{"href":"https:\/\/fuentesfidedignas.com.mx\/index.php\/wp-json\/wp\/v2\/posts\/53464","targetHints":{"allow":["GET"]}}],"collection":[{"href":"https:\/\/fuentesfidedignas.com.mx\/index.php\/wp-json\/wp\/v2\/posts"}],"about":[{"href":"https:\/\/fuentesfidedignas.com.mx\/index.php\/wp-json\/wp\/v2\/types\/post"}],"author":[{"embeddable":true,"href":"https:\/\/fuentesfidedignas.com.mx\/index.php\/wp-json\/wp\/v2\/users\/21"}],"replies":[{"embeddable":true,"href":"https:\/\/fuentesfidedignas.com.mx\/index.php\/wp-json\/wp\/v2\/comments?post=53464"}],"version-history":[{"count":1,"href":"https:\/\/fuentesfidedignas.com.mx\/index.php\/wp-json\/wp\/v2\/posts\/53464\/revisions"}],"predecessor-version":[{"id":53465,"href":"https:\/\/fuentesfidedignas.com.mx\/index.php\/wp-json\/wp\/v2\/posts\/53464\/revisions\/53465"}],"wp:featuredmedia":[{"embeddable":true,"href":"https:\/\/fuentesfidedignas.com.mx\/index.php\/wp-json\/wp\/v2\/media\/53466"}],"wp:attachment":[{"href":"https:\/\/fuentesfidedignas.com.mx\/index.php\/wp-json\/wp\/v2\/media?parent=53464"}],"wp:term":[{"taxonomy":"category","embeddable":true,"href":"https:\/\/fuentesfidedignas.com.mx\/index.php\/wp-json\/wp\/v2\/categories?post=53464"},{"taxonomy":"post_tag","embeddable":true,"href":"https:\/\/fuentesfidedignas.com.mx\/index.php\/wp-json\/wp\/v2\/tags?post=53464"}],"curies":[{"name":"wp","href":"https:\/\/api.w.org\/{rel}","templated":true}]}}