{"id":53439,"date":"2023-07-23T08:21:40","date_gmt":"2023-07-23T15:21:40","guid":{"rendered":"https:\/\/fuentesfidedignas.com.mx\/?p=53439"},"modified":"2023-07-23T08:22:18","modified_gmt":"2023-07-23T15:22:18","slug":"ganan-lucha-ambiental-contra-muro-de-trump-activistas-y-gobiernos-logran-acuerdo-en-eu","status":"publish","type":"post","link":"https:\/\/fuentesfidedignas.com.mx\/index.php\/2023\/07\/23\/ganan-lucha-ambiental-contra-muro-de-trump-activistas-y-gobiernos-logran-acuerdo-en-eu\/","title":{"rendered":"Ganan lucha ambiental contra muro de Trump; activistas y gobiernos logran acuerdo en EU"},"content":{"rendered":"\n<p><strong><em>Organizaciones lograron un acuerdo con EU para abrir 8 compuertas de aguas pluviales y 24 ventanas para permitir el libre tr\u00e1nsito de especies que se vieron afectadas por la construcci\u00f3n de la valla fronteriza<\/em><\/strong><\/p>\n\n\n\n<p>Estados Unidos. Activistas y nueve gobiernos estatales de EU lograron un acuerdo judicial con el\u00a0Departamento de Seguridad Nacional (DHS, por sus siglas en ingl\u00e9s), para implementar medidas contra el da\u00f1o ecol\u00f3gico ocasionado por el muro fronterizo.\u00a0<\/p>\n\n\n\n<p>La obra, edificada durante la administraci\u00f3n de Donald Trump, dividi\u00f3 corredores biol\u00f3gicos de especies en peligro de extinci\u00f3n y cort\u00f3&nbsp;los cauces naturales de r\u00edos y arroyos.<\/p>\n\n\n\n<p>En la resoluci\u00f3n, alcanzada luego de tres a\u00f1os de litigio, el DHS acept\u00f3 devolver m\u00e1s de 427 millones de d\u00f3lares a los&nbsp;estados demandantes de&nbsp;California, Colorado, Haw\u00e1i, Maryland, Nuevo M\u00e9xico, Nueva York, Oreg\u00f3n, Virginia y Wisconsin.&nbsp;<\/p>\n\n\n\n<p>Adem\u00e1s, entregar\u00e1&nbsp;25 millones de d\u00f3lares a California para que ambientalistas compren 485 hect\u00e1reas de tierras cerca de la l\u00ednea fronteriza, y 1.1 millones de d\u00f3lares para financiar programas de&nbsp;monitoreo a especies silvestres en riesgo, como venado bura, berrendo sonorense, lobo mexicano y jaguar.<\/p>\n\n\n\n<p>Erick Meza,&nbsp;coordinador de zonas fronterizas de Sierra Club, destac\u00f3 en entrevista con&nbsp;<strong>Exc\u00e9lsior<\/strong>&nbsp;que, gracias al acuerdo, se abrir\u00e1n 24 \u201cventanas\u201d de diversos tama\u00f1os para permitir el libre tr\u00e1nsito de los animales, adem\u00e1s de que existe el compromiso, por escrito, de no construir m\u00e1s muro. Tambi\u00e9n se&nbsp;abrir\u00e1n ocho compuertas de aguas pluviales a lo largo de la frontera M\u00e9xico-EU.<\/p>\n\n\n\n<p>Para Laiken Jordahl, campa\u00f1ista&nbsp;del Centro para la Diversidad Biol\u00f3gica, si bien vale la pena celebrar este triunfo legal, gran parte del da\u00f1o ocasionado por el muro fronterizo nunca podr\u00e1 repararse.<\/p>\n","protected":false},"excerpt":{"rendered":"<p>Organizaciones lograron un acuerdo con EU para abrir 8 compuertas de aguas pluviales y 24 ventanas para permitir el libre tr\u00e1nsito de especies que se vieron afectadas por la construcci\u00f3n de la valla fronteriza Estados Unidos. Activistas y nueve gobiernos estatales de EU lograron un acuerdo judicial con el\u00a0Departamento de Seguridad Nacional (DHS, por sus [&hellip;]<\/p>\n","protected":false},"author":7,"featured_media":53441,"comment_status":"open","ping_status":"open","sticky":false,"template":"","format":"standard","meta":{"tdm_status":"","tdm_grid_status":"","footnotes":""},"categories":[39,1],"tags":[],"class_list":{"0":"post-53439","1":"post","2":"type-post","3":"status-publish","4":"format-standard","5":"has-post-thumbnail","7":"category-noticias-nacionales","8":"category-sin-categoria"},"yoast_head":"<!-- This site is optimized with the Yoast SEO plugin v27.5 - https:\/\/yoast.com\/product\/yoast-seo-wordpress\/ -->\n<title>Ganan lucha ambiental contra muro de Trump; activistas y gobiernos logran acuerdo en EU - Fuentes Fidedignas<\/title>\n<meta name=\"robots\" content=\"index, follow, max-snippet:-1, max-image-preview:large, max-video-preview:-1\" \/>\n<link rel=\"canonical\" href=\"https:\/\/fuentesfidedignas.com.mx\/index.php\/2023\/07\/23\/ganan-lucha-ambiental-contra-muro-de-trump-activistas-y-gobiernos-logran-acuerdo-en-eu\/\" \/>\n<meta property=\"og:locale\" content=\"es_MX\" \/>\n<meta property=\"og:type\" content=\"article\" \/>\n<meta property=\"og:title\" content=\"Ganan lucha ambiental contra muro de Trump; activistas y gobiernos logran acuerdo en EU - Fuentes Fidedignas\" \/>\n<meta property=\"og:description\" content=\"Organizaciones lograron un acuerdo con EU para abrir 8 compuertas de aguas pluviales y 24 ventanas para permitir el libre tr\u00e1nsito de especies que se vieron afectadas por la construcci\u00f3n de la valla fronteriza Estados Unidos. Activistas y nueve gobiernos estatales de EU lograron un acuerdo judicial con el\u00a0Departamento de Seguridad Nacional (DHS, por sus [&hellip;]\" \/>\n<meta property=\"og:url\" content=\"https:\/\/fuentesfidedignas.com.mx\/index.php\/2023\/07\/23\/ganan-lucha-ambiental-contra-muro-de-trump-activistas-y-gobiernos-logran-acuerdo-en-eu\/\" \/>\n<meta property=\"og:site_name\" content=\"Fuentes Fidedignas\" \/>\n<meta property=\"article:publisher\" content=\"https:\/\/www.facebook.com\/Fuentes-Fidedignas-368234489921644\" \/>\n<meta property=\"article:published_time\" content=\"2023-07-23T15:21:40+00:00\" \/>\n<meta property=\"article:modified_time\" content=\"2023-07-23T15:22:18+00:00\" \/>\n<meta property=\"og:image\" content=\"https:\/\/fuentesfidedignas.com.mx\/wp-content\/uploads\/2023\/07\/2981748.jpg\" \/>\n\t<meta property=\"og:image:width\" content=\"800\" \/>\n\t<meta property=\"og:image:height\" content=\"600\" \/>\n\t<meta property=\"og:image:type\" content=\"image\/jpeg\" \/>\n<meta name=\"author\" content=\"Exc\u00e9lsior\" \/>\n<meta name=\"twitter:card\" content=\"summary_large_image\" \/>\n<meta name=\"twitter:creator\" content=\"@fidedignas\" \/>\n<meta name=\"twitter:site\" content=\"@fidedignas\" \/>\n<meta name=\"twitter:label1\" content=\"Escrito por\" \/>\n\t<meta name=\"twitter:data1\" content=\"Exc\u00e9lsior\" \/>\n\t<meta name=\"twitter:label2\" content=\"Tiempo de lectura\" \/>\n\t<meta name=\"twitter:data2\" content=\"2 minutos\" \/>\n<script type=\"application\/ld+json\" class=\"yoast-schema-graph\">{\"@context\":\"https:\\\/\\\/schema.org\",\"@graph\":[{\"@type\":\"Article\",\"@id\":\"https:\\\/\\\/fuentesfidedignas.com.mx\\\/index.php\\\/2023\\\/07\\\/23\\\/ganan-lucha-ambiental-contra-muro-de-trump-activistas-y-gobiernos-logran-acuerdo-en-eu\\\/#article\",\"isPartOf\":{\"@id\":\"https:\\\/\\\/fuentesfidedignas.com.mx\\\/index.php\\\/2023\\\/07\\\/23\\\/ganan-lucha-ambiental-contra-muro-de-trump-activistas-y-gobiernos-logran-acuerdo-en-eu\\\/\"},\"author\":{\"name\":\"Exc\u00e9lsior\",\"@id\":\"https:\\\/\\\/fuentesfidedignas.com.mx\\\/#\\\/schema\\\/person\\\/ec4edd1fbf5efa3e44fce34fe2787780\"},\"headline\":\"Ganan lucha ambiental contra muro de Trump; activistas y gobiernos logran acuerdo en EU\",\"datePublished\":\"2023-07-23T15:21:40+00:00\",\"dateModified\":\"2023-07-23T15:22:18+00:00\",\"mainEntityOfPage\":{\"@id\":\"https:\\\/\\\/fuentesfidedignas.com.mx\\\/index.php\\\/2023\\\/07\\\/23\\\/ganan-lucha-ambiental-contra-muro-de-trump-activistas-y-gobiernos-logran-acuerdo-en-eu\\\/\"},\"wordCount\":323,\"commentCount\":0,\"publisher\":{\"@id\":\"https:\\\/\\\/fuentesfidedignas.com.mx\\\/#organization\"},\"image\":{\"@id\":\"https:\\\/\\\/fuentesfidedignas.com.mx\\\/index.php\\\/2023\\\/07\\\/23\\\/ganan-lucha-ambiental-contra-muro-de-trump-activistas-y-gobiernos-logran-acuerdo-en-eu\\\/#primaryimage\"},\"thumbnailUrl\":\"https:\\\/\\\/fuentesfidedignas.com.mx\\\/wp-content\\\/uploads\\\/2023\\\/07\\\/2981748.jpg\",\"articleSection\":[\"NOTICIAS NACIONALES\"],\"inLanguage\":\"es\",\"potentialAction\":[{\"@type\":\"CommentAction\",\"name\":\"Comment\",\"target\":[\"https:\\\/\\\/fuentesfidedignas.com.mx\\\/index.php\\\/2023\\\/07\\\/23\\\/ganan-lucha-ambiental-contra-muro-de-trump-activistas-y-gobiernos-logran-acuerdo-en-eu\\\/#respond\"]}]},{\"@type\":\"WebPage\",\"@id\":\"https:\\\/\\\/fuentesfidedignas.com.mx\\\/index.php\\\/2023\\\/07\\\/23\\\/ganan-lucha-ambiental-contra-muro-de-trump-activistas-y-gobiernos-logran-acuerdo-en-eu\\\/\",\"url\":\"https:\\\/\\\/fuentesfidedignas.com.mx\\\/index.php\\\/2023\\\/07\\\/23\\\/ganan-lucha-ambiental-contra-muro-de-trump-activistas-y-gobiernos-logran-acuerdo-en-eu\\\/\",\"name\":\"Ganan lucha ambiental contra muro de Trump; activistas y gobiernos logran acuerdo en EU - Fuentes Fidedignas\",\"isPartOf\":{\"@id\":\"https:\\\/\\\/fuentesfidedignas.com.mx\\\/#website\"},\"primaryImageOfPage\":{\"@id\":\"https:\\\/\\\/fuentesfidedignas.com.mx\\\/index.php\\\/2023\\\/07\\\/23\\\/ganan-lucha-ambiental-contra-muro-de-trump-activistas-y-gobiernos-logran-acuerdo-en-eu\\\/#primaryimage\"},\"image\":{\"@id\":\"https:\\\/\\\/fuentesfidedignas.com.mx\\\/index.php\\\/2023\\\/07\\\/23\\\/ganan-lucha-ambiental-contra-muro-de-trump-activistas-y-gobiernos-logran-acuerdo-en-eu\\\/#primaryimage\"},\"thumbnailUrl\":\"https:\\\/\\\/fuentesfidedignas.com.mx\\\/wp-content\\\/uploads\\\/2023\\\/07\\\/2981748.jpg\",\"datePublished\":\"2023-07-23T15:21:40+00:00\",\"dateModified\":\"2023-07-23T15:22:18+00:00\",\"breadcrumb\":{\"@id\":\"https:\\\/\\\/fuentesfidedignas.com.mx\\\/index.php\\\/2023\\\/07\\\/23\\\/ganan-lucha-ambiental-contra-muro-de-trump-activistas-y-gobiernos-logran-acuerdo-en-eu\\\/#breadcrumb\"},\"inLanguage\":\"es\",\"potentialAction\":[{\"@type\":\"ReadAction\",\"target\":[\"https:\\\/\\\/fuentesfidedignas.com.mx\\\/index.php\\\/2023\\\/07\\\/23\\\/ganan-lucha-ambiental-contra-muro-de-trump-activistas-y-gobiernos-logran-acuerdo-en-eu\\\/\"]}]},{\"@type\":\"ImageObject\",\"inLanguage\":\"es\",\"@id\":\"https:\\\/\\\/fuentesfidedignas.com.mx\\\/index.php\\\/2023\\\/07\\\/23\\\/ganan-lucha-ambiental-contra-muro-de-trump-activistas-y-gobiernos-logran-acuerdo-en-eu\\\/#primaryimage\",\"url\":\"https:\\\/\\\/fuentesfidedignas.com.mx\\\/wp-content\\\/uploads\\\/2023\\\/07\\\/2981748.jpg\",\"contentUrl\":\"https:\\\/\\\/fuentesfidedignas.com.mx\\\/wp-content\\\/uploads\\\/2023\\\/07\\\/2981748.jpg\",\"width\":800,\"height\":600},{\"@type\":\"BreadcrumbList\",\"@id\":\"https:\\\/\\\/fuentesfidedignas.com.mx\\\/index.php\\\/2023\\\/07\\\/23\\\/ganan-lucha-ambiental-contra-muro-de-trump-activistas-y-gobiernos-logran-acuerdo-en-eu\\\/#breadcrumb\",\"itemListElement\":[{\"@type\":\"ListItem\",\"position\":1,\"name\":\"Inicio\",\"item\":\"https:\\\/\\\/fuentesfidedignas.com.mx\\\/\"},{\"@type\":\"ListItem\",\"position\":2,\"name\":\"Ganan lucha ambiental contra muro de Trump; activistas y gobiernos logran acuerdo en EU\"}]},{\"@type\":\"WebSite\",\"@id\":\"https:\\\/\\\/fuentesfidedignas.com.mx\\\/#website\",\"url\":\"https:\\\/\\\/fuentesfidedignas.com.mx\\\/\",\"name\":\"Fuentes Fidedignas\",\"description\":\"Otro sitio realizado con WordPress\",\"publisher\":{\"@id\":\"https:\\\/\\\/fuentesfidedignas.com.mx\\\/#organization\"},\"potentialAction\":[{\"@type\":\"SearchAction\",\"target\":{\"@type\":\"EntryPoint\",\"urlTemplate\":\"https:\\\/\\\/fuentesfidedignas.com.mx\\\/?s={search_term_string}\"},\"query-input\":{\"@type\":\"PropertyValueSpecification\",\"valueRequired\":true,\"valueName\":\"search_term_string\"}}],\"inLanguage\":\"es\"},{\"@type\":\"Organization\",\"@id\":\"https:\\\/\\\/fuentesfidedignas.com.mx\\\/#organization\",\"name\":\"Fuentes Fidedignas\",\"url\":\"https:\\\/\\\/fuentesfidedignas.com.mx\\\/\",\"logo\":{\"@type\":\"ImageObject\",\"inLanguage\":\"es\",\"@id\":\"https:\\\/\\\/fuentesfidedignas.com.mx\\\/#\\\/schema\\\/logo\\\/image\\\/\",\"url\":\"https:\\\/\\\/fuentesfidedignas.com.mx\\\/wp-content\\\/uploads\\\/2021\\\/04\\\/logo-retina.png\",\"contentUrl\":\"https:\\\/\\\/fuentesfidedignas.com.mx\\\/wp-content\\\/uploads\\\/2021\\\/04\\\/logo-retina.png\",\"width\":280,\"height\":51,\"caption\":\"Fuentes Fidedignas\"},\"image\":{\"@id\":\"https:\\\/\\\/fuentesfidedignas.com.mx\\\/#\\\/schema\\\/logo\\\/image\\\/\"},\"sameAs\":[\"https:\\\/\\\/www.facebook.com\\\/Fuentes-Fidedignas-368234489921644\",\"https:\\\/\\\/x.com\\\/fidedignas\"]},{\"@type\":\"Person\",\"@id\":\"https:\\\/\\\/fuentesfidedignas.com.mx\\\/#\\\/schema\\\/person\\\/ec4edd1fbf5efa3e44fce34fe2787780\",\"name\":\"Exc\u00e9lsior\",\"image\":{\"@type\":\"ImageObject\",\"inLanguage\":\"es\",\"@id\":\"https:\\\/\\\/secure.gravatar.com\\\/avatar\\\/4b7ee9206b48be08447852b3f0814dbc7c0f3b51541b164f1464a2725614020b?s=96&d=mm&r=g\",\"url\":\"https:\\\/\\\/secure.gravatar.com\\\/avatar\\\/4b7ee9206b48be08447852b3f0814dbc7c0f3b51541b164f1464a2725614020b?s=96&d=mm&r=g\",\"contentUrl\":\"https:\\\/\\\/secure.gravatar.com\\\/avatar\\\/4b7ee9206b48be08447852b3f0814dbc7c0f3b51541b164f1464a2725614020b?s=96&d=mm&r=g\",\"caption\":\"Exc\u00e9lsior\"},\"url\":\"https:\\\/\\\/fuentesfidedignas.com.mx\\\/index.php\\\/author\\\/excelsior\\\/\"}]}<\/script>\n<!-- \/ Yoast SEO plugin. -->","yoast_head_json":{"title":"Ganan lucha ambiental contra muro de Trump; activistas y gobiernos logran acuerdo en EU - Fuentes Fidedignas","robots":{"index":"index","follow":"follow","max-snippet":"max-snippet:-1","max-image-preview":"max-image-preview:large","max-video-preview":"max-video-preview:-1"},"canonical":"https:\/\/fuentesfidedignas.com.mx\/index.php\/2023\/07\/23\/ganan-lucha-ambiental-contra-muro-de-trump-activistas-y-gobiernos-logran-acuerdo-en-eu\/","og_locale":"es_MX","og_type":"article","og_title":"Ganan lucha ambiental contra muro de Trump; activistas y gobiernos logran acuerdo en EU - Fuentes Fidedignas","og_description":"Organizaciones lograron un acuerdo con EU para abrir 8 compuertas de aguas pluviales y 24 ventanas para permitir el libre tr\u00e1nsito de especies que se vieron afectadas por la construcci\u00f3n de la valla fronteriza Estados Unidos. Activistas y nueve gobiernos estatales de EU lograron un acuerdo judicial con el\u00a0Departamento de Seguridad Nacional (DHS, por sus [&hellip;]","og_url":"https:\/\/fuentesfidedignas.com.mx\/index.php\/2023\/07\/23\/ganan-lucha-ambiental-contra-muro-de-trump-activistas-y-gobiernos-logran-acuerdo-en-eu\/","og_site_name":"Fuentes Fidedignas","article_publisher":"https:\/\/www.facebook.com\/Fuentes-Fidedignas-368234489921644","article_published_time":"2023-07-23T15:21:40+00:00","article_modified_time":"2023-07-23T15:22:18+00:00","og_image":[{"width":800,"height":600,"url":"https:\/\/fuentesfidedignas.com.mx\/wp-content\/uploads\/2023\/07\/2981748.jpg","type":"image\/jpeg"}],"author":"Exc\u00e9lsior","twitter_card":"summary_large_image","twitter_creator":"@fidedignas","twitter_site":"@fidedignas","twitter_misc":{"Escrito por":"Exc\u00e9lsior","Tiempo de lectura":"2 minutos"},"schema":{"@context":"https:\/\/schema.org","@graph":[{"@type":"Article","@id":"https:\/\/fuentesfidedignas.com.mx\/index.php\/2023\/07\/23\/ganan-lucha-ambiental-contra-muro-de-trump-activistas-y-gobiernos-logran-acuerdo-en-eu\/#article","isPartOf":{"@id":"https:\/\/fuentesfidedignas.com.mx\/index.php\/2023\/07\/23\/ganan-lucha-ambiental-contra-muro-de-trump-activistas-y-gobiernos-logran-acuerdo-en-eu\/"},"author":{"name":"Exc\u00e9lsior","@id":"https:\/\/fuentesfidedignas.com.mx\/#\/schema\/person\/ec4edd1fbf5efa3e44fce34fe2787780"},"headline":"Ganan lucha ambiental contra muro de Trump; activistas y gobiernos logran acuerdo en EU","datePublished":"2023-07-23T15:21:40+00:00","dateModified":"2023-07-23T15:22:18+00:00","mainEntityOfPage":{"@id":"https:\/\/fuentesfidedignas.com.mx\/index.php\/2023\/07\/23\/ganan-lucha-ambiental-contra-muro-de-trump-activistas-y-gobiernos-logran-acuerdo-en-eu\/"},"wordCount":323,"commentCount":0,"publisher":{"@id":"https:\/\/fuentesfidedignas.com.mx\/#organization"},"image":{"@id":"https:\/\/fuentesfidedignas.com.mx\/index.php\/2023\/07\/23\/ganan-lucha-ambiental-contra-muro-de-trump-activistas-y-gobiernos-logran-acuerdo-en-eu\/#primaryimage"},"thumbnailUrl":"https:\/\/fuentesfidedignas.com.mx\/wp-content\/uploads\/2023\/07\/2981748.jpg","articleSection":["NOTICIAS NACIONALES"],"inLanguage":"es","potentialAction":[{"@type":"CommentAction","name":"Comment","target":["https:\/\/fuentesfidedignas.com.mx\/index.php\/2023\/07\/23\/ganan-lucha-ambiental-contra-muro-de-trump-activistas-y-gobiernos-logran-acuerdo-en-eu\/#respond"]}]},{"@type":"WebPage","@id":"https:\/\/fuentesfidedignas.com.mx\/index.php\/2023\/07\/23\/ganan-lucha-ambiental-contra-muro-de-trump-activistas-y-gobiernos-logran-acuerdo-en-eu\/","url":"https:\/\/fuentesfidedignas.com.mx\/index.php\/2023\/07\/23\/ganan-lucha-ambiental-contra-muro-de-trump-activistas-y-gobiernos-logran-acuerdo-en-eu\/","name":"Ganan lucha ambiental contra muro de Trump; activistas y gobiernos logran acuerdo en EU - Fuentes Fidedignas","isPartOf":{"@id":"https:\/\/fuentesfidedignas.com.mx\/#website"},"primaryImageOfPage":{"@id":"https:\/\/fuentesfidedignas.com.mx\/index.php\/2023\/07\/23\/ganan-lucha-ambiental-contra-muro-de-trump-activistas-y-gobiernos-logran-acuerdo-en-eu\/#primaryimage"},"image":{"@id":"https:\/\/fuentesfidedignas.com.mx\/index.php\/2023\/07\/23\/ganan-lucha-ambiental-contra-muro-de-trump-activistas-y-gobiernos-logran-acuerdo-en-eu\/#primaryimage"},"thumbnailUrl":"https:\/\/fuentesfidedignas.com.mx\/wp-content\/uploads\/2023\/07\/2981748.jpg","datePublished":"2023-07-23T15:21:40+00:00","dateModified":"2023-07-23T15:22:18+00:00","breadcrumb":{"@id":"https:\/\/fuentesfidedignas.com.mx\/index.php\/2023\/07\/23\/ganan-lucha-ambiental-contra-muro-de-trump-activistas-y-gobiernos-logran-acuerdo-en-eu\/#breadcrumb"},"inLanguage":"es","potentialAction":[{"@type":"ReadAction","target":["https:\/\/fuentesfidedignas.com.mx\/index.php\/2023\/07\/23\/ganan-lucha-ambiental-contra-muro-de-trump-activistas-y-gobiernos-logran-acuerdo-en-eu\/"]}]},{"@type":"ImageObject","inLanguage":"es","@id":"https:\/\/fuentesfidedignas.com.mx\/index.php\/2023\/07\/23\/ganan-lucha-ambiental-contra-muro-de-trump-activistas-y-gobiernos-logran-acuerdo-en-eu\/#primaryimage","url":"https:\/\/fuentesfidedignas.com.mx\/wp-content\/uploads\/2023\/07\/2981748.jpg","contentUrl":"https:\/\/fuentesfidedignas.com.mx\/wp-content\/uploads\/2023\/07\/2981748.jpg","width":800,"height":600},{"@type":"BreadcrumbList","@id":"https:\/\/fuentesfidedignas.com.mx\/index.php\/2023\/07\/23\/ganan-lucha-ambiental-contra-muro-de-trump-activistas-y-gobiernos-logran-acuerdo-en-eu\/#breadcrumb","itemListElement":[{"@type":"ListItem","position":1,"name":"Inicio","item":"https:\/\/fuentesfidedignas.com.mx\/"},{"@type":"ListItem","position":2,"name":"Ganan lucha ambiental contra muro de Trump; activistas y gobiernos logran acuerdo en EU"}]},{"@type":"WebSite","@id":"https:\/\/fuentesfidedignas.com.mx\/#website","url":"https:\/\/fuentesfidedignas.com.mx\/","name":"Fuentes Fidedignas","description":"Otro sitio realizado con WordPress","publisher":{"@id":"https:\/\/fuentesfidedignas.com.mx\/#organization"},"potentialAction":[{"@type":"SearchAction","target":{"@type":"EntryPoint","urlTemplate":"https:\/\/fuentesfidedignas.com.mx\/?s={search_term_string}"},"query-input":{"@type":"PropertyValueSpecification","valueRequired":true,"valueName":"search_term_string"}}],"inLanguage":"es"},{"@type":"Organization","@id":"https:\/\/fuentesfidedignas.com.mx\/#organization","name":"Fuentes Fidedignas","url":"https:\/\/fuentesfidedignas.com.mx\/","logo":{"@type":"ImageObject","inLanguage":"es","@id":"https:\/\/fuentesfidedignas.com.mx\/#\/schema\/logo\/image\/","url":"https:\/\/fuentesfidedignas.com.mx\/wp-content\/uploads\/2021\/04\/logo-retina.png","contentUrl":"https:\/\/fuentesfidedignas.com.mx\/wp-content\/uploads\/2021\/04\/logo-retina.png","width":280,"height":51,"caption":"Fuentes Fidedignas"},"image":{"@id":"https:\/\/fuentesfidedignas.com.mx\/#\/schema\/logo\/image\/"},"sameAs":["https:\/\/www.facebook.com\/Fuentes-Fidedignas-368234489921644","https:\/\/x.com\/fidedignas"]},{"@type":"Person","@id":"https:\/\/fuentesfidedignas.com.mx\/#\/schema\/person\/ec4edd1fbf5efa3e44fce34fe2787780","name":"Exc\u00e9lsior","image":{"@type":"ImageObject","inLanguage":"es","@id":"https:\/\/secure.gravatar.com\/avatar\/4b7ee9206b48be08447852b3f0814dbc7c0f3b51541b164f1464a2725614020b?s=96&d=mm&r=g","url":"https:\/\/secure.gravatar.com\/avatar\/4b7ee9206b48be08447852b3f0814dbc7c0f3b51541b164f1464a2725614020b?s=96&d=mm&r=g","contentUrl":"https:\/\/secure.gravatar.com\/avatar\/4b7ee9206b48be08447852b3f0814dbc7c0f3b51541b164f1464a2725614020b?s=96&d=mm&r=g","caption":"Exc\u00e9lsior"},"url":"https:\/\/fuentesfidedignas.com.mx\/index.php\/author\/excelsior\/"}]}},"_links":{"self":[{"href":"https:\/\/fuentesfidedignas.com.mx\/index.php\/wp-json\/wp\/v2\/posts\/53439","targetHints":{"allow":["GET"]}}],"collection":[{"href":"https:\/\/fuentesfidedignas.com.mx\/index.php\/wp-json\/wp\/v2\/posts"}],"about":[{"href":"https:\/\/fuentesfidedignas.com.mx\/index.php\/wp-json\/wp\/v2\/types\/post"}],"author":[{"embeddable":true,"href":"https:\/\/fuentesfidedignas.com.mx\/index.php\/wp-json\/wp\/v2\/users\/7"}],"replies":[{"embeddable":true,"href":"https:\/\/fuentesfidedignas.com.mx\/index.php\/wp-json\/wp\/v2\/comments?post=53439"}],"version-history":[{"count":1,"href":"https:\/\/fuentesfidedignas.com.mx\/index.php\/wp-json\/wp\/v2\/posts\/53439\/revisions"}],"predecessor-version":[{"id":53440,"href":"https:\/\/fuentesfidedignas.com.mx\/index.php\/wp-json\/wp\/v2\/posts\/53439\/revisions\/53440"}],"wp:featuredmedia":[{"embeddable":true,"href":"https:\/\/fuentesfidedignas.com.mx\/index.php\/wp-json\/wp\/v2\/media\/53441"}],"wp:attachment":[{"href":"https:\/\/fuentesfidedignas.com.mx\/index.php\/wp-json\/wp\/v2\/media?parent=53439"}],"wp:term":[{"taxonomy":"category","embeddable":true,"href":"https:\/\/fuentesfidedignas.com.mx\/index.php\/wp-json\/wp\/v2\/categories?post=53439"},{"taxonomy":"post_tag","embeddable":true,"href":"https:\/\/fuentesfidedignas.com.mx\/index.php\/wp-json\/wp\/v2\/tags?post=53439"}],"curies":[{"name":"wp","href":"https:\/\/api.w.org\/{rel}","templated":true}]}}