{"id":53432,"date":"2023-07-22T23:20:18","date_gmt":"2023-07-23T06:20:18","guid":{"rendered":"https:\/\/fuentesfidedignas.com.mx\/?p=53432"},"modified":"2023-07-23T08:45:15","modified_gmt":"2023-07-23T15:45:15","slug":"mazatlan-presenta-afectaciones-por-fuertes-lluvias-hay-embarcaciones-varadas","status":"publish","type":"post","link":"https:\/\/fuentesfidedignas.com.mx\/index.php\/2023\/07\/22\/mazatlan-presenta-afectaciones-por-fuertes-lluvias-hay-embarcaciones-varadas\/","title":{"rendered":"Mazatl\u00e1n presenta afectaciones por fuertes lluvias; hay embarcaciones varadas"},"content":{"rendered":"\n<p><em><strong>No se afecta la operatividad de las instalaciones consideradas como estrategicas (hospitales, terminales de camiones for\u00e1neos)<\/strong><\/em><\/p>\n\n\n\n<p>Culiac\u00e1n, Sin.- Como parte del monitoreo de fen\u00f3menos atmosf\u00e9ricos instruidos por el Gobernador Rub\u00e9n Rocha Moya, el Instituto Estatal de Protecci\u00f3n Civil de Sinaloa que dirige Aurelio Roy Navarrete Cuevas, solicita a la poblaci\u00f3n sinaloense mantener sus precauciones ante las lluvias fuertes y actividad el\u00e9ctrica en la zona sur y centro del estado, debido a la formaci\u00f3n de tormentas r\u00e1pidas por inestabilidad atmosf\u00e9rica.<\/p>\n\n\n\n<p>En base al pron\u00f3stico que emiti\u00f3 el meteor\u00f3logo el Mtro. Juan Pablo Cer\u00f3n el cual pertenece al instituto estatal de protecci\u00f3n civil, donde indic\u00f3 que se presentar\u00edan fuertes lluvias en la zona sur y centro del estado de Sinaloa, siendo la ciudad de Mazatl\u00e1n afectada por estas.<\/p>\n\n\n\n<figure class=\"wp-block-image size-large\"><img decoding=\"async\" width=\"768\" height=\"1024\" src=\"https:\/\/fuentesfidedignas.com.mx\/wp-content\/uploads\/2023\/07\/1000096807-768x1024.jpg\" alt=\"\" class=\"wp-image-53433\" srcset=\"https:\/\/fuentesfidedignas.com.mx\/wp-content\/uploads\/2023\/07\/1000096807-768x1024.jpg 768w, https:\/\/fuentesfidedignas.com.mx\/wp-content\/uploads\/2023\/07\/1000096807-225x300.jpg 225w, https:\/\/fuentesfidedignas.com.mx\/wp-content\/uploads\/2023\/07\/1000096807-1152x1536.jpg 1152w, https:\/\/fuentesfidedignas.com.mx\/wp-content\/uploads\/2023\/07\/1000096807.jpg 1200w\" sizes=\"(max-width: 768px) 100vw, 768px\" \/><\/figure>\n\n\n\n<p>Por efecto de afectaciones se ingresaron al sistema de alerta web 40 reportes de apoyo de a la ciudadan\u00eda de los cuales 2 son de embarcaciones varadas, una de ellas un catamar\u00e1n que regres\u00f3 sin novedad al muelle marina, el otro un kayak con dos personas de la cual a\u00fan se desconoce en qu\u00e9 termino, un reporte de una estructura colapsada en El Venadillo en el cual se atendi\u00f3 a una persona por parte de bomberos veteranos sin necesidad de traslado, un reporte de dos personas atrapadas en elevador del hotel Costa Bonita las cuales salieron con apoyo de personal de bomberos Mazatl\u00e1n, 9 reportes de \u00e1rboles ca\u00eddos, y los dem\u00e1s de personas sin luz y cables sobre la vialidad, ya est\u00e1n enteradas las corporaciones, se atienden a la brevedad.&#8221;, inform\u00f3 el Director del Instituto.<\/p>\n\n\n\n<figure class=\"wp-block-image size-large\"><img decoding=\"async\" width=\"1024\" height=\"768\" src=\"https:\/\/fuentesfidedignas.com.mx\/wp-content\/uploads\/2023\/07\/1000096809-1024x768.jpg\" alt=\"\" class=\"wp-image-53434\" srcset=\"https:\/\/fuentesfidedignas.com.mx\/wp-content\/uploads\/2023\/07\/1000096809-1024x768.jpg 1024w, https:\/\/fuentesfidedignas.com.mx\/wp-content\/uploads\/2023\/07\/1000096809-300x225.jpg 300w, https:\/\/fuentesfidedignas.com.mx\/wp-content\/uploads\/2023\/07\/1000096809-768x576.jpg 768w, https:\/\/fuentesfidedignas.com.mx\/wp-content\/uploads\/2023\/07\/1000096809-1536x1152.jpg 1536w, https:\/\/fuentesfidedignas.com.mx\/wp-content\/uploads\/2023\/07\/1000096809.jpg 1600w\" sizes=\"(max-width: 1024px) 100vw, 1024px\" \/><\/figure>\n\n\n\n<p>Por otra parte, elementos del instituto estatal de protecci\u00f3n civil, realizaron labores de apoyo a la ciudadan\u00eda que se vio afectada al igual que recorridos preventivos en diferentes sectores de la ciudad de Mazatl\u00e1n as\u00ed mismo se inform\u00f3 que no se afecta la operatividad de las instalaciones consideradas como estrat\u00e9gicas (hospitales, terminales de camiones for\u00e1neos).<\/p>\n\n\n\n<p>Finalmente, invit\u00f3 a estar atentos a las fuentes oficiales, enfatizando que se informar\u00e1 cualquier situaci\u00f3n que as\u00ed lo amerite, as\u00ed como el evitar la difusi\u00f3n de informaci\u00f3n falsa que no sea emitida por el instituto.<\/p>\n","protected":false},"excerpt":{"rendered":"<p>No se afecta la operatividad de las instalaciones consideradas como estrategicas (hospitales, terminales de camiones for\u00e1neos) Culiac\u00e1n, Sin.- Como parte del monitoreo de fen\u00f3menos atmosf\u00e9ricos instruidos por el Gobernador Rub\u00e9n Rocha Moya, el Instituto Estatal de Protecci\u00f3n Civil de Sinaloa que dirige Aurelio Roy Navarrete Cuevas, solicita a la poblaci\u00f3n sinaloense mantener sus precauciones ante [&hellip;]<\/p>\n","protected":false},"author":4,"featured_media":53438,"comment_status":"open","ping_status":"open","sticky":false,"template":"","format":"standard","meta":{"tdm_status":"","tdm_grid_status":"","footnotes":""},"categories":[38,1],"tags":[],"class_list":{"0":"post-53432","1":"post","2":"type-post","3":"status-publish","4":"format-standard","5":"has-post-thumbnail","7":"category-noticias-locales","8":"category-sin-categoria"},"yoast_head":"<!-- This site is optimized with the Yoast SEO plugin v27.5 - https:\/\/yoast.com\/product\/yoast-seo-wordpress\/ -->\n<title>Mazatl\u00e1n presenta afectaciones por fuertes lluvias; hay embarcaciones varadas - Fuentes Fidedignas<\/title>\n<meta name=\"robots\" content=\"index, follow, max-snippet:-1, max-image-preview:large, max-video-preview:-1\" \/>\n<link rel=\"canonical\" href=\"https:\/\/fuentesfidedignas.com.mx\/index.php\/2023\/07\/22\/mazatlan-presenta-afectaciones-por-fuertes-lluvias-hay-embarcaciones-varadas\/\" \/>\n<meta property=\"og:locale\" content=\"es_MX\" \/>\n<meta property=\"og:type\" content=\"article\" \/>\n<meta property=\"og:title\" content=\"Mazatl\u00e1n presenta afectaciones por fuertes lluvias; hay embarcaciones varadas - Fuentes Fidedignas\" \/>\n<meta property=\"og:description\" content=\"No se afecta la operatividad de las instalaciones consideradas como estrategicas (hospitales, terminales de camiones for\u00e1neos) Culiac\u00e1n, Sin.- Como parte del monitoreo de fen\u00f3menos atmosf\u00e9ricos instruidos por el Gobernador Rub\u00e9n Rocha Moya, el Instituto Estatal de Protecci\u00f3n Civil de Sinaloa que dirige Aurelio Roy Navarrete Cuevas, solicita a la poblaci\u00f3n sinaloense mantener sus precauciones ante [&hellip;]\" \/>\n<meta property=\"og:url\" content=\"https:\/\/fuentesfidedignas.com.mx\/index.php\/2023\/07\/22\/mazatlan-presenta-afectaciones-por-fuertes-lluvias-hay-embarcaciones-varadas\/\" \/>\n<meta property=\"og:site_name\" content=\"Fuentes Fidedignas\" \/>\n<meta property=\"article:publisher\" content=\"https:\/\/www.facebook.com\/Fuentes-Fidedignas-368234489921644\" \/>\n<meta property=\"article:published_time\" content=\"2023-07-23T06:20:18+00:00\" \/>\n<meta property=\"article:modified_time\" content=\"2023-07-23T15:45:15+00:00\" \/>\n<meta property=\"og:image\" content=\"https:\/\/fuentesfidedignas.com.mx\/wp-content\/uploads\/2023\/07\/IMG-20230722-WA0043.jpg\" \/>\n\t<meta property=\"og:image:width\" content=\"1599\" \/>\n\t<meta property=\"og:image:height\" content=\"899\" \/>\n\t<meta property=\"og:image:type\" content=\"image\/jpeg\" \/>\n<meta name=\"author\" content=\"Redacci\u00f3n\" \/>\n<meta name=\"twitter:card\" content=\"summary_large_image\" \/>\n<meta name=\"twitter:creator\" content=\"@fidedignas\" \/>\n<meta name=\"twitter:site\" content=\"@fidedignas\" \/>\n<meta name=\"twitter:label1\" content=\"Escrito por\" \/>\n\t<meta name=\"twitter:data1\" content=\"Redacci\u00f3n\" \/>\n\t<meta name=\"twitter:label2\" content=\"Tiempo de lectura\" \/>\n\t<meta name=\"twitter:data2\" content=\"3 minutos\" \/>\n<script type=\"application\/ld+json\" class=\"yoast-schema-graph\">{\"@context\":\"https:\\\/\\\/schema.org\",\"@graph\":[{\"@type\":\"Article\",\"@id\":\"https:\\\/\\\/fuentesfidedignas.com.mx\\\/index.php\\\/2023\\\/07\\\/22\\\/mazatlan-presenta-afectaciones-por-fuertes-lluvias-hay-embarcaciones-varadas\\\/#article\",\"isPartOf\":{\"@id\":\"https:\\\/\\\/fuentesfidedignas.com.mx\\\/index.php\\\/2023\\\/07\\\/22\\\/mazatlan-presenta-afectaciones-por-fuertes-lluvias-hay-embarcaciones-varadas\\\/\"},\"author\":{\"name\":\"Redacci\u00f3n\",\"@id\":\"https:\\\/\\\/fuentesfidedignas.com.mx\\\/#\\\/schema\\\/person\\\/331be9283d37198e2acd5750279085b0\"},\"headline\":\"Mazatl\u00e1n presenta afectaciones por fuertes lluvias; hay embarcaciones varadas\",\"datePublished\":\"2023-07-23T06:20:18+00:00\",\"dateModified\":\"2023-07-23T15:45:15+00:00\",\"mainEntityOfPage\":{\"@id\":\"https:\\\/\\\/fuentesfidedignas.com.mx\\\/index.php\\\/2023\\\/07\\\/22\\\/mazatlan-presenta-afectaciones-por-fuertes-lluvias-hay-embarcaciones-varadas\\\/\"},\"wordCount\":391,\"commentCount\":0,\"publisher\":{\"@id\":\"https:\\\/\\\/fuentesfidedignas.com.mx\\\/#organization\"},\"image\":{\"@id\":\"https:\\\/\\\/fuentesfidedignas.com.mx\\\/index.php\\\/2023\\\/07\\\/22\\\/mazatlan-presenta-afectaciones-por-fuertes-lluvias-hay-embarcaciones-varadas\\\/#primaryimage\"},\"thumbnailUrl\":\"https:\\\/\\\/fuentesfidedignas.com.mx\\\/wp-content\\\/uploads\\\/2023\\\/07\\\/IMG-20230722-WA0043.jpg\",\"articleSection\":[\"NOTICIAS LOCALES\"],\"inLanguage\":\"es\",\"potentialAction\":[{\"@type\":\"CommentAction\",\"name\":\"Comment\",\"target\":[\"https:\\\/\\\/fuentesfidedignas.com.mx\\\/index.php\\\/2023\\\/07\\\/22\\\/mazatlan-presenta-afectaciones-por-fuertes-lluvias-hay-embarcaciones-varadas\\\/#respond\"]}]},{\"@type\":\"WebPage\",\"@id\":\"https:\\\/\\\/fuentesfidedignas.com.mx\\\/index.php\\\/2023\\\/07\\\/22\\\/mazatlan-presenta-afectaciones-por-fuertes-lluvias-hay-embarcaciones-varadas\\\/\",\"url\":\"https:\\\/\\\/fuentesfidedignas.com.mx\\\/index.php\\\/2023\\\/07\\\/22\\\/mazatlan-presenta-afectaciones-por-fuertes-lluvias-hay-embarcaciones-varadas\\\/\",\"name\":\"Mazatl\u00e1n presenta afectaciones por fuertes lluvias; hay embarcaciones varadas - Fuentes Fidedignas\",\"isPartOf\":{\"@id\":\"https:\\\/\\\/fuentesfidedignas.com.mx\\\/#website\"},\"primaryImageOfPage\":{\"@id\":\"https:\\\/\\\/fuentesfidedignas.com.mx\\\/index.php\\\/2023\\\/07\\\/22\\\/mazatlan-presenta-afectaciones-por-fuertes-lluvias-hay-embarcaciones-varadas\\\/#primaryimage\"},\"image\":{\"@id\":\"https:\\\/\\\/fuentesfidedignas.com.mx\\\/index.php\\\/2023\\\/07\\\/22\\\/mazatlan-presenta-afectaciones-por-fuertes-lluvias-hay-embarcaciones-varadas\\\/#primaryimage\"},\"thumbnailUrl\":\"https:\\\/\\\/fuentesfidedignas.com.mx\\\/wp-content\\\/uploads\\\/2023\\\/07\\\/IMG-20230722-WA0043.jpg\",\"datePublished\":\"2023-07-23T06:20:18+00:00\",\"dateModified\":\"2023-07-23T15:45:15+00:00\",\"breadcrumb\":{\"@id\":\"https:\\\/\\\/fuentesfidedignas.com.mx\\\/index.php\\\/2023\\\/07\\\/22\\\/mazatlan-presenta-afectaciones-por-fuertes-lluvias-hay-embarcaciones-varadas\\\/#breadcrumb\"},\"inLanguage\":\"es\",\"potentialAction\":[{\"@type\":\"ReadAction\",\"target\":[\"https:\\\/\\\/fuentesfidedignas.com.mx\\\/index.php\\\/2023\\\/07\\\/22\\\/mazatlan-presenta-afectaciones-por-fuertes-lluvias-hay-embarcaciones-varadas\\\/\"]}]},{\"@type\":\"ImageObject\",\"inLanguage\":\"es\",\"@id\":\"https:\\\/\\\/fuentesfidedignas.com.mx\\\/index.php\\\/2023\\\/07\\\/22\\\/mazatlan-presenta-afectaciones-por-fuertes-lluvias-hay-embarcaciones-varadas\\\/#primaryimage\",\"url\":\"https:\\\/\\\/fuentesfidedignas.com.mx\\\/wp-content\\\/uploads\\\/2023\\\/07\\\/IMG-20230722-WA0043.jpg\",\"contentUrl\":\"https:\\\/\\\/fuentesfidedignas.com.mx\\\/wp-content\\\/uploads\\\/2023\\\/07\\\/IMG-20230722-WA0043.jpg\",\"width\":1599,\"height\":899},{\"@type\":\"BreadcrumbList\",\"@id\":\"https:\\\/\\\/fuentesfidedignas.com.mx\\\/index.php\\\/2023\\\/07\\\/22\\\/mazatlan-presenta-afectaciones-por-fuertes-lluvias-hay-embarcaciones-varadas\\\/#breadcrumb\",\"itemListElement\":[{\"@type\":\"ListItem\",\"position\":1,\"name\":\"Inicio\",\"item\":\"https:\\\/\\\/fuentesfidedignas.com.mx\\\/\"},{\"@type\":\"ListItem\",\"position\":2,\"name\":\"Mazatl\u00e1n presenta afectaciones por fuertes lluvias; hay embarcaciones varadas\"}]},{\"@type\":\"WebSite\",\"@id\":\"https:\\\/\\\/fuentesfidedignas.com.mx\\\/#website\",\"url\":\"https:\\\/\\\/fuentesfidedignas.com.mx\\\/\",\"name\":\"Fuentes Fidedignas\",\"description\":\"Otro sitio realizado con WordPress\",\"publisher\":{\"@id\":\"https:\\\/\\\/fuentesfidedignas.com.mx\\\/#organization\"},\"potentialAction\":[{\"@type\":\"SearchAction\",\"target\":{\"@type\":\"EntryPoint\",\"urlTemplate\":\"https:\\\/\\\/fuentesfidedignas.com.mx\\\/?s={search_term_string}\"},\"query-input\":{\"@type\":\"PropertyValueSpecification\",\"valueRequired\":true,\"valueName\":\"search_term_string\"}}],\"inLanguage\":\"es\"},{\"@type\":\"Organization\",\"@id\":\"https:\\\/\\\/fuentesfidedignas.com.mx\\\/#organization\",\"name\":\"Fuentes Fidedignas\",\"url\":\"https:\\\/\\\/fuentesfidedignas.com.mx\\\/\",\"logo\":{\"@type\":\"ImageObject\",\"inLanguage\":\"es\",\"@id\":\"https:\\\/\\\/fuentesfidedignas.com.mx\\\/#\\\/schema\\\/logo\\\/image\\\/\",\"url\":\"https:\\\/\\\/fuentesfidedignas.com.mx\\\/wp-content\\\/uploads\\\/2021\\\/04\\\/logo-retina.png\",\"contentUrl\":\"https:\\\/\\\/fuentesfidedignas.com.mx\\\/wp-content\\\/uploads\\\/2021\\\/04\\\/logo-retina.png\",\"width\":280,\"height\":51,\"caption\":\"Fuentes Fidedignas\"},\"image\":{\"@id\":\"https:\\\/\\\/fuentesfidedignas.com.mx\\\/#\\\/schema\\\/logo\\\/image\\\/\"},\"sameAs\":[\"https:\\\/\\\/www.facebook.com\\\/Fuentes-Fidedignas-368234489921644\",\"https:\\\/\\\/x.com\\\/fidedignas\"]},{\"@type\":\"Person\",\"@id\":\"https:\\\/\\\/fuentesfidedignas.com.mx\\\/#\\\/schema\\\/person\\\/331be9283d37198e2acd5750279085b0\",\"name\":\"Redacci\u00f3n\",\"image\":{\"@type\":\"ImageObject\",\"inLanguage\":\"es\",\"@id\":\"https:\\\/\\\/secure.gravatar.com\\\/avatar\\\/f6d8782c11d12b2d4ad3fbb6931aeab5309937a4d6cd2fc9cfaa28a6396a5aec?s=96&d=mm&r=g\",\"url\":\"https:\\\/\\\/secure.gravatar.com\\\/avatar\\\/f6d8782c11d12b2d4ad3fbb6931aeab5309937a4d6cd2fc9cfaa28a6396a5aec?s=96&d=mm&r=g\",\"contentUrl\":\"https:\\\/\\\/secure.gravatar.com\\\/avatar\\\/f6d8782c11d12b2d4ad3fbb6931aeab5309937a4d6cd2fc9cfaa28a6396a5aec?s=96&d=mm&r=g\",\"caption\":\"Redacci\u00f3n\"},\"url\":\"https:\\\/\\\/fuentesfidedignas.com.mx\\\/index.php\\\/author\\\/redaccion\\\/\"}]}<\/script>\n<!-- \/ Yoast SEO plugin. -->","yoast_head_json":{"title":"Mazatl\u00e1n presenta afectaciones por fuertes lluvias; hay embarcaciones varadas - Fuentes Fidedignas","robots":{"index":"index","follow":"follow","max-snippet":"max-snippet:-1","max-image-preview":"max-image-preview:large","max-video-preview":"max-video-preview:-1"},"canonical":"https:\/\/fuentesfidedignas.com.mx\/index.php\/2023\/07\/22\/mazatlan-presenta-afectaciones-por-fuertes-lluvias-hay-embarcaciones-varadas\/","og_locale":"es_MX","og_type":"article","og_title":"Mazatl\u00e1n presenta afectaciones por fuertes lluvias; hay embarcaciones varadas - Fuentes Fidedignas","og_description":"No se afecta la operatividad de las instalaciones consideradas como estrategicas (hospitales, terminales de camiones for\u00e1neos) Culiac\u00e1n, Sin.- Como parte del monitoreo de fen\u00f3menos atmosf\u00e9ricos instruidos por el Gobernador Rub\u00e9n Rocha Moya, el Instituto Estatal de Protecci\u00f3n Civil de Sinaloa que dirige Aurelio Roy Navarrete Cuevas, solicita a la poblaci\u00f3n sinaloense mantener sus precauciones ante [&hellip;]","og_url":"https:\/\/fuentesfidedignas.com.mx\/index.php\/2023\/07\/22\/mazatlan-presenta-afectaciones-por-fuertes-lluvias-hay-embarcaciones-varadas\/","og_site_name":"Fuentes Fidedignas","article_publisher":"https:\/\/www.facebook.com\/Fuentes-Fidedignas-368234489921644","article_published_time":"2023-07-23T06:20:18+00:00","article_modified_time":"2023-07-23T15:45:15+00:00","og_image":[{"width":1599,"height":899,"url":"https:\/\/fuentesfidedignas.com.mx\/wp-content\/uploads\/2023\/07\/IMG-20230722-WA0043.jpg","type":"image\/jpeg"}],"author":"Redacci\u00f3n","twitter_card":"summary_large_image","twitter_creator":"@fidedignas","twitter_site":"@fidedignas","twitter_misc":{"Escrito por":"Redacci\u00f3n","Tiempo de lectura":"3 minutos"},"schema":{"@context":"https:\/\/schema.org","@graph":[{"@type":"Article","@id":"https:\/\/fuentesfidedignas.com.mx\/index.php\/2023\/07\/22\/mazatlan-presenta-afectaciones-por-fuertes-lluvias-hay-embarcaciones-varadas\/#article","isPartOf":{"@id":"https:\/\/fuentesfidedignas.com.mx\/index.php\/2023\/07\/22\/mazatlan-presenta-afectaciones-por-fuertes-lluvias-hay-embarcaciones-varadas\/"},"author":{"name":"Redacci\u00f3n","@id":"https:\/\/fuentesfidedignas.com.mx\/#\/schema\/person\/331be9283d37198e2acd5750279085b0"},"headline":"Mazatl\u00e1n presenta afectaciones por fuertes lluvias; hay embarcaciones varadas","datePublished":"2023-07-23T06:20:18+00:00","dateModified":"2023-07-23T15:45:15+00:00","mainEntityOfPage":{"@id":"https:\/\/fuentesfidedignas.com.mx\/index.php\/2023\/07\/22\/mazatlan-presenta-afectaciones-por-fuertes-lluvias-hay-embarcaciones-varadas\/"},"wordCount":391,"commentCount":0,"publisher":{"@id":"https:\/\/fuentesfidedignas.com.mx\/#organization"},"image":{"@id":"https:\/\/fuentesfidedignas.com.mx\/index.php\/2023\/07\/22\/mazatlan-presenta-afectaciones-por-fuertes-lluvias-hay-embarcaciones-varadas\/#primaryimage"},"thumbnailUrl":"https:\/\/fuentesfidedignas.com.mx\/wp-content\/uploads\/2023\/07\/IMG-20230722-WA0043.jpg","articleSection":["NOTICIAS LOCALES"],"inLanguage":"es","potentialAction":[{"@type":"CommentAction","name":"Comment","target":["https:\/\/fuentesfidedignas.com.mx\/index.php\/2023\/07\/22\/mazatlan-presenta-afectaciones-por-fuertes-lluvias-hay-embarcaciones-varadas\/#respond"]}]},{"@type":"WebPage","@id":"https:\/\/fuentesfidedignas.com.mx\/index.php\/2023\/07\/22\/mazatlan-presenta-afectaciones-por-fuertes-lluvias-hay-embarcaciones-varadas\/","url":"https:\/\/fuentesfidedignas.com.mx\/index.php\/2023\/07\/22\/mazatlan-presenta-afectaciones-por-fuertes-lluvias-hay-embarcaciones-varadas\/","name":"Mazatl\u00e1n presenta afectaciones por fuertes lluvias; hay embarcaciones varadas - Fuentes Fidedignas","isPartOf":{"@id":"https:\/\/fuentesfidedignas.com.mx\/#website"},"primaryImageOfPage":{"@id":"https:\/\/fuentesfidedignas.com.mx\/index.php\/2023\/07\/22\/mazatlan-presenta-afectaciones-por-fuertes-lluvias-hay-embarcaciones-varadas\/#primaryimage"},"image":{"@id":"https:\/\/fuentesfidedignas.com.mx\/index.php\/2023\/07\/22\/mazatlan-presenta-afectaciones-por-fuertes-lluvias-hay-embarcaciones-varadas\/#primaryimage"},"thumbnailUrl":"https:\/\/fuentesfidedignas.com.mx\/wp-content\/uploads\/2023\/07\/IMG-20230722-WA0043.jpg","datePublished":"2023-07-23T06:20:18+00:00","dateModified":"2023-07-23T15:45:15+00:00","breadcrumb":{"@id":"https:\/\/fuentesfidedignas.com.mx\/index.php\/2023\/07\/22\/mazatlan-presenta-afectaciones-por-fuertes-lluvias-hay-embarcaciones-varadas\/#breadcrumb"},"inLanguage":"es","potentialAction":[{"@type":"ReadAction","target":["https:\/\/fuentesfidedignas.com.mx\/index.php\/2023\/07\/22\/mazatlan-presenta-afectaciones-por-fuertes-lluvias-hay-embarcaciones-varadas\/"]}]},{"@type":"ImageObject","inLanguage":"es","@id":"https:\/\/fuentesfidedignas.com.mx\/index.php\/2023\/07\/22\/mazatlan-presenta-afectaciones-por-fuertes-lluvias-hay-embarcaciones-varadas\/#primaryimage","url":"https:\/\/fuentesfidedignas.com.mx\/wp-content\/uploads\/2023\/07\/IMG-20230722-WA0043.jpg","contentUrl":"https:\/\/fuentesfidedignas.com.mx\/wp-content\/uploads\/2023\/07\/IMG-20230722-WA0043.jpg","width":1599,"height":899},{"@type":"BreadcrumbList","@id":"https:\/\/fuentesfidedignas.com.mx\/index.php\/2023\/07\/22\/mazatlan-presenta-afectaciones-por-fuertes-lluvias-hay-embarcaciones-varadas\/#breadcrumb","itemListElement":[{"@type":"ListItem","position":1,"name":"Inicio","item":"https:\/\/fuentesfidedignas.com.mx\/"},{"@type":"ListItem","position":2,"name":"Mazatl\u00e1n presenta afectaciones por fuertes lluvias; hay embarcaciones varadas"}]},{"@type":"WebSite","@id":"https:\/\/fuentesfidedignas.com.mx\/#website","url":"https:\/\/fuentesfidedignas.com.mx\/","name":"Fuentes Fidedignas","description":"Otro sitio realizado con WordPress","publisher":{"@id":"https:\/\/fuentesfidedignas.com.mx\/#organization"},"potentialAction":[{"@type":"SearchAction","target":{"@type":"EntryPoint","urlTemplate":"https:\/\/fuentesfidedignas.com.mx\/?s={search_term_string}"},"query-input":{"@type":"PropertyValueSpecification","valueRequired":true,"valueName":"search_term_string"}}],"inLanguage":"es"},{"@type":"Organization","@id":"https:\/\/fuentesfidedignas.com.mx\/#organization","name":"Fuentes Fidedignas","url":"https:\/\/fuentesfidedignas.com.mx\/","logo":{"@type":"ImageObject","inLanguage":"es","@id":"https:\/\/fuentesfidedignas.com.mx\/#\/schema\/logo\/image\/","url":"https:\/\/fuentesfidedignas.com.mx\/wp-content\/uploads\/2021\/04\/logo-retina.png","contentUrl":"https:\/\/fuentesfidedignas.com.mx\/wp-content\/uploads\/2021\/04\/logo-retina.png","width":280,"height":51,"caption":"Fuentes Fidedignas"},"image":{"@id":"https:\/\/fuentesfidedignas.com.mx\/#\/schema\/logo\/image\/"},"sameAs":["https:\/\/www.facebook.com\/Fuentes-Fidedignas-368234489921644","https:\/\/x.com\/fidedignas"]},{"@type":"Person","@id":"https:\/\/fuentesfidedignas.com.mx\/#\/schema\/person\/331be9283d37198e2acd5750279085b0","name":"Redacci\u00f3n","image":{"@type":"ImageObject","inLanguage":"es","@id":"https:\/\/secure.gravatar.com\/avatar\/f6d8782c11d12b2d4ad3fbb6931aeab5309937a4d6cd2fc9cfaa28a6396a5aec?s=96&d=mm&r=g","url":"https:\/\/secure.gravatar.com\/avatar\/f6d8782c11d12b2d4ad3fbb6931aeab5309937a4d6cd2fc9cfaa28a6396a5aec?s=96&d=mm&r=g","contentUrl":"https:\/\/secure.gravatar.com\/avatar\/f6d8782c11d12b2d4ad3fbb6931aeab5309937a4d6cd2fc9cfaa28a6396a5aec?s=96&d=mm&r=g","caption":"Redacci\u00f3n"},"url":"https:\/\/fuentesfidedignas.com.mx\/index.php\/author\/redaccion\/"}]}},"_links":{"self":[{"href":"https:\/\/fuentesfidedignas.com.mx\/index.php\/wp-json\/wp\/v2\/posts\/53432","targetHints":{"allow":["GET"]}}],"collection":[{"href":"https:\/\/fuentesfidedignas.com.mx\/index.php\/wp-json\/wp\/v2\/posts"}],"about":[{"href":"https:\/\/fuentesfidedignas.com.mx\/index.php\/wp-json\/wp\/v2\/types\/post"}],"author":[{"embeddable":true,"href":"https:\/\/fuentesfidedignas.com.mx\/index.php\/wp-json\/wp\/v2\/users\/4"}],"replies":[{"embeddable":true,"href":"https:\/\/fuentesfidedignas.com.mx\/index.php\/wp-json\/wp\/v2\/comments?post=53432"}],"version-history":[{"count":2,"href":"https:\/\/fuentesfidedignas.com.mx\/index.php\/wp-json\/wp\/v2\/posts\/53432\/revisions"}],"predecessor-version":[{"id":53437,"href":"https:\/\/fuentesfidedignas.com.mx\/index.php\/wp-json\/wp\/v2\/posts\/53432\/revisions\/53437"}],"wp:featuredmedia":[{"embeddable":true,"href":"https:\/\/fuentesfidedignas.com.mx\/index.php\/wp-json\/wp\/v2\/media\/53438"}],"wp:attachment":[{"href":"https:\/\/fuentesfidedignas.com.mx\/index.php\/wp-json\/wp\/v2\/media?parent=53432"}],"wp:term":[{"taxonomy":"category","embeddable":true,"href":"https:\/\/fuentesfidedignas.com.mx\/index.php\/wp-json\/wp\/v2\/categories?post=53432"},{"taxonomy":"post_tag","embeddable":true,"href":"https:\/\/fuentesfidedignas.com.mx\/index.php\/wp-json\/wp\/v2\/tags?post=53432"}],"curies":[{"name":"wp","href":"https:\/\/api.w.org\/{rel}","templated":true}]}}