{"id":53429,"date":"2023-07-22T16:36:21","date_gmt":"2023-07-22T23:36:21","guid":{"rendered":"https:\/\/fuentesfidedignas.com.mx\/?p=53429"},"modified":"2023-07-22T16:37:42","modified_gmt":"2023-07-22T23:37:42","slug":"incendio-en-bar-de-sonora-cae-sujeto-senalado-por-aventar-la-bomba","status":"publish","type":"post","link":"https:\/\/fuentesfidedignas.com.mx\/index.php\/2023\/07\/22\/incendio-en-bar-de-sonora-cae-sujeto-senalado-por-aventar-la-bomba\/","title":{"rendered":"Incendio en bar de Sonora: Cae sujeto se\u00f1alado por aventar la bomba"},"content":{"rendered":"\n<p><strong><em>El alcalde de San Luis R\u00edo Colorado, donde ocurri\u00f3 el incendio del bar, dijo que el sujeto presuntamente fue tenido por polic\u00edas municipales<\/em><\/strong><\/p>\n\n\n\n<p>Sonora. El sujeto que lanz\u00f3 lo que parec\u00eda una bomba molotov en un bar en San Luis R\u00edo Colorado, Sonora, ha sido detenido este s\u00e1bado por la tarde, seg\u00fan inform\u00f3 el alcalde Santos Gonz\u00e1lez Yescas. La persona fue arrestada cuando intentaba huir hacia Sonoyta.<\/p>\n\n\n\n<p><strong>\u201cLes informo que en estos momentos fue detenido por Polic\u00edas Municipales el presunto responsable del incendio al antro Beer House<\/strong>\u201d, public\u00f3 en sus redes sociales.<\/p>\n\n\n\n<figure class=\"wp-block-embed is-type-rich is-provider-twitter wp-block-embed-twitter\"><div class=\"wp-block-embed__wrapper\">\n<blockquote class=\"twitter-tweet\" data-width=\"550\" data-dnt=\"true\"><p lang=\"es\" dir=\"ltr\">Les informo que en estos momentos fue detenido por Polic\u00edas Municipales el presunto responsable del incendio al antro Beer House. En unos momentos m\u00e1s informaci\u00f3n.<a href=\"https:\/\/twitter.com\/hashtag\/SLRC?src=hash&amp;ref_src=twsrc%5Etfw\">#SLRC<\/a><\/p>&mdash; Santos Gonz\u00e1lez Yescas (@SantosGonzalezY) <a href=\"https:\/\/twitter.com\/SantosGonzalezY\/status\/1682854427164540930?ref_src=twsrc%5Etfw\">July 22, 2023<\/a><\/blockquote><script async src=\"https:\/\/platform.twitter.com\/widgets.js\" charset=\"utf-8\"><\/script>\n<\/div><\/figure>\n\n\n\n<p>La madrugada del s\u00e1bado,&nbsp;<strong>un sujeto que fue sacado de Beer House provoc\u00f3 un incendio en el lugar<\/strong>, donde&nbsp;<strong>murieron al menos 11 personas: siete mujeres y cuatro hombres.&nbsp;<\/strong>Tambi\u00e9n hay personas heridas.<\/p>\n\n\n\n<p>Las primeras investigaciones relatan que el sujeto, quien aparentemente estaba con un grado alto de embriaguez, fue expulsado del bar ya que se encontraba falt\u00e1ndole el respeto a las mujeres presentes en el establecimiento. Despu\u00e9s volvi\u00f3 para arrojar lo que se considera que era una bomba molotov.<\/p>\n","protected":false},"excerpt":{"rendered":"<p>El alcalde de San Luis R\u00edo Colorado, donde ocurri\u00f3 el incendio del bar, dijo que el sujeto presuntamente fue tenido por polic\u00edas municipales Sonora. El sujeto que lanz\u00f3 lo que parec\u00eda una bomba molotov en un bar en San Luis R\u00edo Colorado, Sonora, ha sido detenido este s\u00e1bado por la tarde, seg\u00fan inform\u00f3 el alcalde [&hellip;]<\/p>\n","protected":false},"author":21,"featured_media":53431,"comment_status":"open","ping_status":"open","sticky":false,"template":"","format":"standard","meta":{"tdm_status":"","tdm_grid_status":"","footnotes":""},"categories":[39,1],"tags":[],"class_list":{"0":"post-53429","1":"post","2":"type-post","3":"status-publish","4":"format-standard","5":"has-post-thumbnail","7":"category-noticias-nacionales","8":"category-sin-categoria"},"yoast_head":"<!-- This site is optimized with the Yoast SEO plugin v27.5 - https:\/\/yoast.com\/product\/yoast-seo-wordpress\/ -->\n<title>Incendio en bar de Sonora: Cae sujeto se\u00f1alado por aventar la bomba - Fuentes Fidedignas<\/title>\n<meta name=\"robots\" content=\"index, follow, max-snippet:-1, max-image-preview:large, max-video-preview:-1\" \/>\n<link rel=\"canonical\" href=\"https:\/\/fuentesfidedignas.com.mx\/index.php\/2023\/07\/22\/incendio-en-bar-de-sonora-cae-sujeto-senalado-por-aventar-la-bomba\/\" \/>\n<meta property=\"og:locale\" content=\"es_MX\" \/>\n<meta property=\"og:type\" content=\"article\" \/>\n<meta property=\"og:title\" content=\"Incendio en bar de Sonora: Cae sujeto se\u00f1alado por aventar la bomba - Fuentes Fidedignas\" \/>\n<meta property=\"og:description\" content=\"El alcalde de San Luis R\u00edo Colorado, donde ocurri\u00f3 el incendio del bar, dijo que el sujeto presuntamente fue tenido por polic\u00edas municipales Sonora. El sujeto que lanz\u00f3 lo que parec\u00eda una bomba molotov en un bar en San Luis R\u00edo Colorado, Sonora, ha sido detenido este s\u00e1bado por la tarde, seg\u00fan inform\u00f3 el alcalde [&hellip;]\" \/>\n<meta property=\"og:url\" content=\"https:\/\/fuentesfidedignas.com.mx\/index.php\/2023\/07\/22\/incendio-en-bar-de-sonora-cae-sujeto-senalado-por-aventar-la-bomba\/\" \/>\n<meta property=\"og:site_name\" content=\"Fuentes Fidedignas\" \/>\n<meta property=\"article:publisher\" content=\"https:\/\/www.facebook.com\/Fuentes-Fidedignas-368234489921644\" \/>\n<meta property=\"article:published_time\" content=\"2023-07-22T23:36:21+00:00\" \/>\n<meta property=\"article:modified_time\" content=\"2023-07-22T23:37:42+00:00\" \/>\n<meta property=\"og:image\" content=\"https:\/\/fuentesfidedignas.com.mx\/wp-content\/uploads\/2023\/07\/Screenshot_20230722_163726_Chrome.jpg\" \/>\n\t<meta property=\"og:image:width\" content=\"1079\" \/>\n\t<meta property=\"og:image:height\" content=\"606\" \/>\n\t<meta property=\"og:image:type\" content=\"image\/jpeg\" \/>\n<meta name=\"author\" content=\"El Financiero\" \/>\n<meta name=\"twitter:card\" content=\"summary_large_image\" \/>\n<meta name=\"twitter:creator\" content=\"@fidedignas\" \/>\n<meta name=\"twitter:site\" content=\"@fidedignas\" \/>\n<meta name=\"twitter:label1\" content=\"Escrito por\" \/>\n\t<meta name=\"twitter:data1\" content=\"El Financiero\" \/>\n\t<meta name=\"twitter:label2\" content=\"Tiempo de lectura\" \/>\n\t<meta name=\"twitter:data2\" content=\"1 minuto\" \/>\n<script type=\"application\/ld+json\" class=\"yoast-schema-graph\">{\"@context\":\"https:\\\/\\\/schema.org\",\"@graph\":[{\"@type\":\"Article\",\"@id\":\"https:\\\/\\\/fuentesfidedignas.com.mx\\\/index.php\\\/2023\\\/07\\\/22\\\/incendio-en-bar-de-sonora-cae-sujeto-senalado-por-aventar-la-bomba\\\/#article\",\"isPartOf\":{\"@id\":\"https:\\\/\\\/fuentesfidedignas.com.mx\\\/index.php\\\/2023\\\/07\\\/22\\\/incendio-en-bar-de-sonora-cae-sujeto-senalado-por-aventar-la-bomba\\\/\"},\"author\":{\"name\":\"El Financiero\",\"@id\":\"https:\\\/\\\/fuentesfidedignas.com.mx\\\/#\\\/schema\\\/person\\\/494f7e0dce8dfaaec5b64f16615b78e9\"},\"headline\":\"Incendio en bar de Sonora: Cae sujeto se\u00f1alado por aventar la bomba\",\"datePublished\":\"2023-07-22T23:36:21+00:00\",\"dateModified\":\"2023-07-22T23:37:42+00:00\",\"mainEntityOfPage\":{\"@id\":\"https:\\\/\\\/fuentesfidedignas.com.mx\\\/index.php\\\/2023\\\/07\\\/22\\\/incendio-en-bar-de-sonora-cae-sujeto-senalado-por-aventar-la-bomba\\\/\"},\"wordCount\":210,\"commentCount\":0,\"publisher\":{\"@id\":\"https:\\\/\\\/fuentesfidedignas.com.mx\\\/#organization\"},\"image\":{\"@id\":\"https:\\\/\\\/fuentesfidedignas.com.mx\\\/index.php\\\/2023\\\/07\\\/22\\\/incendio-en-bar-de-sonora-cae-sujeto-senalado-por-aventar-la-bomba\\\/#primaryimage\"},\"thumbnailUrl\":\"https:\\\/\\\/fuentesfidedignas.com.mx\\\/wp-content\\\/uploads\\\/2023\\\/07\\\/Screenshot_20230722_163726_Chrome.jpg\",\"articleSection\":[\"NOTICIAS NACIONALES\"],\"inLanguage\":\"es\",\"potentialAction\":[{\"@type\":\"CommentAction\",\"name\":\"Comment\",\"target\":[\"https:\\\/\\\/fuentesfidedignas.com.mx\\\/index.php\\\/2023\\\/07\\\/22\\\/incendio-en-bar-de-sonora-cae-sujeto-senalado-por-aventar-la-bomba\\\/#respond\"]}]},{\"@type\":\"WebPage\",\"@id\":\"https:\\\/\\\/fuentesfidedignas.com.mx\\\/index.php\\\/2023\\\/07\\\/22\\\/incendio-en-bar-de-sonora-cae-sujeto-senalado-por-aventar-la-bomba\\\/\",\"url\":\"https:\\\/\\\/fuentesfidedignas.com.mx\\\/index.php\\\/2023\\\/07\\\/22\\\/incendio-en-bar-de-sonora-cae-sujeto-senalado-por-aventar-la-bomba\\\/\",\"name\":\"Incendio en bar de Sonora: Cae sujeto se\u00f1alado por aventar la bomba - Fuentes Fidedignas\",\"isPartOf\":{\"@id\":\"https:\\\/\\\/fuentesfidedignas.com.mx\\\/#website\"},\"primaryImageOfPage\":{\"@id\":\"https:\\\/\\\/fuentesfidedignas.com.mx\\\/index.php\\\/2023\\\/07\\\/22\\\/incendio-en-bar-de-sonora-cae-sujeto-senalado-por-aventar-la-bomba\\\/#primaryimage\"},\"image\":{\"@id\":\"https:\\\/\\\/fuentesfidedignas.com.mx\\\/index.php\\\/2023\\\/07\\\/22\\\/incendio-en-bar-de-sonora-cae-sujeto-senalado-por-aventar-la-bomba\\\/#primaryimage\"},\"thumbnailUrl\":\"https:\\\/\\\/fuentesfidedignas.com.mx\\\/wp-content\\\/uploads\\\/2023\\\/07\\\/Screenshot_20230722_163726_Chrome.jpg\",\"datePublished\":\"2023-07-22T23:36:21+00:00\",\"dateModified\":\"2023-07-22T23:37:42+00:00\",\"breadcrumb\":{\"@id\":\"https:\\\/\\\/fuentesfidedignas.com.mx\\\/index.php\\\/2023\\\/07\\\/22\\\/incendio-en-bar-de-sonora-cae-sujeto-senalado-por-aventar-la-bomba\\\/#breadcrumb\"},\"inLanguage\":\"es\",\"potentialAction\":[{\"@type\":\"ReadAction\",\"target\":[\"https:\\\/\\\/fuentesfidedignas.com.mx\\\/index.php\\\/2023\\\/07\\\/22\\\/incendio-en-bar-de-sonora-cae-sujeto-senalado-por-aventar-la-bomba\\\/\"]}]},{\"@type\":\"ImageObject\",\"inLanguage\":\"es\",\"@id\":\"https:\\\/\\\/fuentesfidedignas.com.mx\\\/index.php\\\/2023\\\/07\\\/22\\\/incendio-en-bar-de-sonora-cae-sujeto-senalado-por-aventar-la-bomba\\\/#primaryimage\",\"url\":\"https:\\\/\\\/fuentesfidedignas.com.mx\\\/wp-content\\\/uploads\\\/2023\\\/07\\\/Screenshot_20230722_163726_Chrome.jpg\",\"contentUrl\":\"https:\\\/\\\/fuentesfidedignas.com.mx\\\/wp-content\\\/uploads\\\/2023\\\/07\\\/Screenshot_20230722_163726_Chrome.jpg\",\"width\":1079,\"height\":606},{\"@type\":\"BreadcrumbList\",\"@id\":\"https:\\\/\\\/fuentesfidedignas.com.mx\\\/index.php\\\/2023\\\/07\\\/22\\\/incendio-en-bar-de-sonora-cae-sujeto-senalado-por-aventar-la-bomba\\\/#breadcrumb\",\"itemListElement\":[{\"@type\":\"ListItem\",\"position\":1,\"name\":\"Inicio\",\"item\":\"https:\\\/\\\/fuentesfidedignas.com.mx\\\/\"},{\"@type\":\"ListItem\",\"position\":2,\"name\":\"Incendio en bar de Sonora: Cae sujeto se\u00f1alado por aventar la bomba\"}]},{\"@type\":\"WebSite\",\"@id\":\"https:\\\/\\\/fuentesfidedignas.com.mx\\\/#website\",\"url\":\"https:\\\/\\\/fuentesfidedignas.com.mx\\\/\",\"name\":\"Fuentes Fidedignas\",\"description\":\"Otro sitio realizado con WordPress\",\"publisher\":{\"@id\":\"https:\\\/\\\/fuentesfidedignas.com.mx\\\/#organization\"},\"potentialAction\":[{\"@type\":\"SearchAction\",\"target\":{\"@type\":\"EntryPoint\",\"urlTemplate\":\"https:\\\/\\\/fuentesfidedignas.com.mx\\\/?s={search_term_string}\"},\"query-input\":{\"@type\":\"PropertyValueSpecification\",\"valueRequired\":true,\"valueName\":\"search_term_string\"}}],\"inLanguage\":\"es\"},{\"@type\":\"Organization\",\"@id\":\"https:\\\/\\\/fuentesfidedignas.com.mx\\\/#organization\",\"name\":\"Fuentes Fidedignas\",\"url\":\"https:\\\/\\\/fuentesfidedignas.com.mx\\\/\",\"logo\":{\"@type\":\"ImageObject\",\"inLanguage\":\"es\",\"@id\":\"https:\\\/\\\/fuentesfidedignas.com.mx\\\/#\\\/schema\\\/logo\\\/image\\\/\",\"url\":\"https:\\\/\\\/fuentesfidedignas.com.mx\\\/wp-content\\\/uploads\\\/2021\\\/04\\\/logo-retina.png\",\"contentUrl\":\"https:\\\/\\\/fuentesfidedignas.com.mx\\\/wp-content\\\/uploads\\\/2021\\\/04\\\/logo-retina.png\",\"width\":280,\"height\":51,\"caption\":\"Fuentes Fidedignas\"},\"image\":{\"@id\":\"https:\\\/\\\/fuentesfidedignas.com.mx\\\/#\\\/schema\\\/logo\\\/image\\\/\"},\"sameAs\":[\"https:\\\/\\\/www.facebook.com\\\/Fuentes-Fidedignas-368234489921644\",\"https:\\\/\\\/x.com\\\/fidedignas\"]},{\"@type\":\"Person\",\"@id\":\"https:\\\/\\\/fuentesfidedignas.com.mx\\\/#\\\/schema\\\/person\\\/494f7e0dce8dfaaec5b64f16615b78e9\",\"name\":\"El Financiero\",\"image\":{\"@type\":\"ImageObject\",\"inLanguage\":\"es\",\"@id\":\"https:\\\/\\\/secure.gravatar.com\\\/avatar\\\/88c0f3f2079389318ef8dd35c22cb997212aa89646e357ba59b318db26ed91a9?s=96&d=mm&r=g\",\"url\":\"https:\\\/\\\/secure.gravatar.com\\\/avatar\\\/88c0f3f2079389318ef8dd35c22cb997212aa89646e357ba59b318db26ed91a9?s=96&d=mm&r=g\",\"contentUrl\":\"https:\\\/\\\/secure.gravatar.com\\\/avatar\\\/88c0f3f2079389318ef8dd35c22cb997212aa89646e357ba59b318db26ed91a9?s=96&d=mm&r=g\",\"caption\":\"El Financiero\"},\"url\":\"https:\\\/\\\/fuentesfidedignas.com.mx\\\/index.php\\\/author\\\/financiero\\\/\"}]}<\/script>\n<!-- \/ Yoast SEO plugin. -->","yoast_head_json":{"title":"Incendio en bar de Sonora: Cae sujeto se\u00f1alado por aventar la bomba - Fuentes Fidedignas","robots":{"index":"index","follow":"follow","max-snippet":"max-snippet:-1","max-image-preview":"max-image-preview:large","max-video-preview":"max-video-preview:-1"},"canonical":"https:\/\/fuentesfidedignas.com.mx\/index.php\/2023\/07\/22\/incendio-en-bar-de-sonora-cae-sujeto-senalado-por-aventar-la-bomba\/","og_locale":"es_MX","og_type":"article","og_title":"Incendio en bar de Sonora: Cae sujeto se\u00f1alado por aventar la bomba - Fuentes Fidedignas","og_description":"El alcalde de San Luis R\u00edo Colorado, donde ocurri\u00f3 el incendio del bar, dijo que el sujeto presuntamente fue tenido por polic\u00edas municipales Sonora. El sujeto que lanz\u00f3 lo que parec\u00eda una bomba molotov en un bar en San Luis R\u00edo Colorado, Sonora, ha sido detenido este s\u00e1bado por la tarde, seg\u00fan inform\u00f3 el alcalde [&hellip;]","og_url":"https:\/\/fuentesfidedignas.com.mx\/index.php\/2023\/07\/22\/incendio-en-bar-de-sonora-cae-sujeto-senalado-por-aventar-la-bomba\/","og_site_name":"Fuentes Fidedignas","article_publisher":"https:\/\/www.facebook.com\/Fuentes-Fidedignas-368234489921644","article_published_time":"2023-07-22T23:36:21+00:00","article_modified_time":"2023-07-22T23:37:42+00:00","og_image":[{"width":1079,"height":606,"url":"https:\/\/fuentesfidedignas.com.mx\/wp-content\/uploads\/2023\/07\/Screenshot_20230722_163726_Chrome.jpg","type":"image\/jpeg"}],"author":"El Financiero","twitter_card":"summary_large_image","twitter_creator":"@fidedignas","twitter_site":"@fidedignas","twitter_misc":{"Escrito por":"El Financiero","Tiempo de lectura":"1 minuto"},"schema":{"@context":"https:\/\/schema.org","@graph":[{"@type":"Article","@id":"https:\/\/fuentesfidedignas.com.mx\/index.php\/2023\/07\/22\/incendio-en-bar-de-sonora-cae-sujeto-senalado-por-aventar-la-bomba\/#article","isPartOf":{"@id":"https:\/\/fuentesfidedignas.com.mx\/index.php\/2023\/07\/22\/incendio-en-bar-de-sonora-cae-sujeto-senalado-por-aventar-la-bomba\/"},"author":{"name":"El Financiero","@id":"https:\/\/fuentesfidedignas.com.mx\/#\/schema\/person\/494f7e0dce8dfaaec5b64f16615b78e9"},"headline":"Incendio en bar de Sonora: Cae sujeto se\u00f1alado por aventar la bomba","datePublished":"2023-07-22T23:36:21+00:00","dateModified":"2023-07-22T23:37:42+00:00","mainEntityOfPage":{"@id":"https:\/\/fuentesfidedignas.com.mx\/index.php\/2023\/07\/22\/incendio-en-bar-de-sonora-cae-sujeto-senalado-por-aventar-la-bomba\/"},"wordCount":210,"commentCount":0,"publisher":{"@id":"https:\/\/fuentesfidedignas.com.mx\/#organization"},"image":{"@id":"https:\/\/fuentesfidedignas.com.mx\/index.php\/2023\/07\/22\/incendio-en-bar-de-sonora-cae-sujeto-senalado-por-aventar-la-bomba\/#primaryimage"},"thumbnailUrl":"https:\/\/fuentesfidedignas.com.mx\/wp-content\/uploads\/2023\/07\/Screenshot_20230722_163726_Chrome.jpg","articleSection":["NOTICIAS NACIONALES"],"inLanguage":"es","potentialAction":[{"@type":"CommentAction","name":"Comment","target":["https:\/\/fuentesfidedignas.com.mx\/index.php\/2023\/07\/22\/incendio-en-bar-de-sonora-cae-sujeto-senalado-por-aventar-la-bomba\/#respond"]}]},{"@type":"WebPage","@id":"https:\/\/fuentesfidedignas.com.mx\/index.php\/2023\/07\/22\/incendio-en-bar-de-sonora-cae-sujeto-senalado-por-aventar-la-bomba\/","url":"https:\/\/fuentesfidedignas.com.mx\/index.php\/2023\/07\/22\/incendio-en-bar-de-sonora-cae-sujeto-senalado-por-aventar-la-bomba\/","name":"Incendio en bar de Sonora: Cae sujeto se\u00f1alado por aventar la bomba - Fuentes Fidedignas","isPartOf":{"@id":"https:\/\/fuentesfidedignas.com.mx\/#website"},"primaryImageOfPage":{"@id":"https:\/\/fuentesfidedignas.com.mx\/index.php\/2023\/07\/22\/incendio-en-bar-de-sonora-cae-sujeto-senalado-por-aventar-la-bomba\/#primaryimage"},"image":{"@id":"https:\/\/fuentesfidedignas.com.mx\/index.php\/2023\/07\/22\/incendio-en-bar-de-sonora-cae-sujeto-senalado-por-aventar-la-bomba\/#primaryimage"},"thumbnailUrl":"https:\/\/fuentesfidedignas.com.mx\/wp-content\/uploads\/2023\/07\/Screenshot_20230722_163726_Chrome.jpg","datePublished":"2023-07-22T23:36:21+00:00","dateModified":"2023-07-22T23:37:42+00:00","breadcrumb":{"@id":"https:\/\/fuentesfidedignas.com.mx\/index.php\/2023\/07\/22\/incendio-en-bar-de-sonora-cae-sujeto-senalado-por-aventar-la-bomba\/#breadcrumb"},"inLanguage":"es","potentialAction":[{"@type":"ReadAction","target":["https:\/\/fuentesfidedignas.com.mx\/index.php\/2023\/07\/22\/incendio-en-bar-de-sonora-cae-sujeto-senalado-por-aventar-la-bomba\/"]}]},{"@type":"ImageObject","inLanguage":"es","@id":"https:\/\/fuentesfidedignas.com.mx\/index.php\/2023\/07\/22\/incendio-en-bar-de-sonora-cae-sujeto-senalado-por-aventar-la-bomba\/#primaryimage","url":"https:\/\/fuentesfidedignas.com.mx\/wp-content\/uploads\/2023\/07\/Screenshot_20230722_163726_Chrome.jpg","contentUrl":"https:\/\/fuentesfidedignas.com.mx\/wp-content\/uploads\/2023\/07\/Screenshot_20230722_163726_Chrome.jpg","width":1079,"height":606},{"@type":"BreadcrumbList","@id":"https:\/\/fuentesfidedignas.com.mx\/index.php\/2023\/07\/22\/incendio-en-bar-de-sonora-cae-sujeto-senalado-por-aventar-la-bomba\/#breadcrumb","itemListElement":[{"@type":"ListItem","position":1,"name":"Inicio","item":"https:\/\/fuentesfidedignas.com.mx\/"},{"@type":"ListItem","position":2,"name":"Incendio en bar de Sonora: Cae sujeto se\u00f1alado por aventar la bomba"}]},{"@type":"WebSite","@id":"https:\/\/fuentesfidedignas.com.mx\/#website","url":"https:\/\/fuentesfidedignas.com.mx\/","name":"Fuentes Fidedignas","description":"Otro sitio realizado con WordPress","publisher":{"@id":"https:\/\/fuentesfidedignas.com.mx\/#organization"},"potentialAction":[{"@type":"SearchAction","target":{"@type":"EntryPoint","urlTemplate":"https:\/\/fuentesfidedignas.com.mx\/?s={search_term_string}"},"query-input":{"@type":"PropertyValueSpecification","valueRequired":true,"valueName":"search_term_string"}}],"inLanguage":"es"},{"@type":"Organization","@id":"https:\/\/fuentesfidedignas.com.mx\/#organization","name":"Fuentes Fidedignas","url":"https:\/\/fuentesfidedignas.com.mx\/","logo":{"@type":"ImageObject","inLanguage":"es","@id":"https:\/\/fuentesfidedignas.com.mx\/#\/schema\/logo\/image\/","url":"https:\/\/fuentesfidedignas.com.mx\/wp-content\/uploads\/2021\/04\/logo-retina.png","contentUrl":"https:\/\/fuentesfidedignas.com.mx\/wp-content\/uploads\/2021\/04\/logo-retina.png","width":280,"height":51,"caption":"Fuentes Fidedignas"},"image":{"@id":"https:\/\/fuentesfidedignas.com.mx\/#\/schema\/logo\/image\/"},"sameAs":["https:\/\/www.facebook.com\/Fuentes-Fidedignas-368234489921644","https:\/\/x.com\/fidedignas"]},{"@type":"Person","@id":"https:\/\/fuentesfidedignas.com.mx\/#\/schema\/person\/494f7e0dce8dfaaec5b64f16615b78e9","name":"El Financiero","image":{"@type":"ImageObject","inLanguage":"es","@id":"https:\/\/secure.gravatar.com\/avatar\/88c0f3f2079389318ef8dd35c22cb997212aa89646e357ba59b318db26ed91a9?s=96&d=mm&r=g","url":"https:\/\/secure.gravatar.com\/avatar\/88c0f3f2079389318ef8dd35c22cb997212aa89646e357ba59b318db26ed91a9?s=96&d=mm&r=g","contentUrl":"https:\/\/secure.gravatar.com\/avatar\/88c0f3f2079389318ef8dd35c22cb997212aa89646e357ba59b318db26ed91a9?s=96&d=mm&r=g","caption":"El Financiero"},"url":"https:\/\/fuentesfidedignas.com.mx\/index.php\/author\/financiero\/"}]}},"_links":{"self":[{"href":"https:\/\/fuentesfidedignas.com.mx\/index.php\/wp-json\/wp\/v2\/posts\/53429","targetHints":{"allow":["GET"]}}],"collection":[{"href":"https:\/\/fuentesfidedignas.com.mx\/index.php\/wp-json\/wp\/v2\/posts"}],"about":[{"href":"https:\/\/fuentesfidedignas.com.mx\/index.php\/wp-json\/wp\/v2\/types\/post"}],"author":[{"embeddable":true,"href":"https:\/\/fuentesfidedignas.com.mx\/index.php\/wp-json\/wp\/v2\/users\/21"}],"replies":[{"embeddable":true,"href":"https:\/\/fuentesfidedignas.com.mx\/index.php\/wp-json\/wp\/v2\/comments?post=53429"}],"version-history":[{"count":1,"href":"https:\/\/fuentesfidedignas.com.mx\/index.php\/wp-json\/wp\/v2\/posts\/53429\/revisions"}],"predecessor-version":[{"id":53430,"href":"https:\/\/fuentesfidedignas.com.mx\/index.php\/wp-json\/wp\/v2\/posts\/53429\/revisions\/53430"}],"wp:featuredmedia":[{"embeddable":true,"href":"https:\/\/fuentesfidedignas.com.mx\/index.php\/wp-json\/wp\/v2\/media\/53431"}],"wp:attachment":[{"href":"https:\/\/fuentesfidedignas.com.mx\/index.php\/wp-json\/wp\/v2\/media?parent=53429"}],"wp:term":[{"taxonomy":"category","embeddable":true,"href":"https:\/\/fuentesfidedignas.com.mx\/index.php\/wp-json\/wp\/v2\/categories?post=53429"},{"taxonomy":"post_tag","embeddable":true,"href":"https:\/\/fuentesfidedignas.com.mx\/index.php\/wp-json\/wp\/v2\/tags?post=53429"}],"curies":[{"name":"wp","href":"https:\/\/api.w.org\/{rel}","templated":true}]}}