{"id":53413,"date":"2023-07-22T11:15:16","date_gmt":"2023-07-22T18:15:16","guid":{"rendered":"https:\/\/fuentesfidedignas.com.mx\/?p=53413"},"modified":"2023-07-22T12:41:13","modified_gmt":"2023-07-22T19:41:13","slug":"todo-cae-por-su-propio-peso-y-los-medios-tendran-que-discuparse-cuen","status":"publish","type":"post","link":"https:\/\/fuentesfidedignas.com.mx\/index.php\/2023\/07\/22\/todo-cae-por-su-propio-peso-y-los-medios-tendran-que-discuparse-cuen\/","title":{"rendered":"Todo cae por su propio peso y los medios tendr\u00e1n que discuparse: Cu\u00e9n"},"content":{"rendered":"\n<p><strong><em>Nosotros no mentimos todo lo presentamos con pruebas, la difamaci\u00f3n y persecuci\u00f3n pol\u00edtica tambi\u00e9n es delito y nosotros tambi\u00e9n podemos denunciarlos, asegur\u00f3 Cu\u00e9n Ojeda<\/em><\/strong><\/p>\n\n\n\n<p>Culiac\u00e1n, Sin.- Con circo, maroma y teatro est\u00e1n tratando todo el proceso en contra de la <strong>Universidad Aut\u00f3noma de Sinaloa<\/strong>, as\u00ed lo dijo el presidente del<strong> Partido Sinaloense<\/strong>, H\u00e9ctor Melesio Cu\u00e9n Ojeda, quien lament\u00f3 que los medios de comunicaci\u00f3n sigan manejando de manera tan medi\u00e1tica las acusaciones en contra de su hijo H\u00e9ctor Cu\u00e9n D\u00edaz y del propio exrector de la UAS, Juan Eulogio Guerra Liera.<\/p>\n\n\n\n<p>Esto, despu\u00e9s de que la audiencia se pospusiera debido que hasta el momento la<strong> Fiscal\u00eda General del Estado<\/strong>, a\u00fan no tiene preparadas las carpetas de investigaci\u00f3n.<\/p>\n\n\n\n<p>El tambi\u00e9n exrector de la Universidad Aut\u00f3noma de Sinaloa, Cu\u00e9n Ojeda, se\u00f1al\u00f3 la sa\u00f1a con la que algunos medios de comunicaci\u00f3n se refieren a \u00e9l y su familia, se\u00f1alando en este caso a una reportera, quien se refiri\u00f3 de manera despectiva hacia su persona y, <em>\u201cLuego, luego me pregunt\u00f3, y se me fue a la yugular\u2026 No, yo solo vengo a solidarizarme con mi familia\u201d,<\/em> dijo el l\u00edder Pasista.<\/p>\n\n\n\n<p>Asegur\u00f3 que al acercarse a \u00e9l, solo buscan amarrar navajas, con la finalidad de crear un conflicto, del mismo modo se acercan al gobernador, <strong>Rub\u00e9n Rocha Moya<\/strong>, buscando sacar provecho a cualquier comentario y de este modo poder cobrar m\u00e1s.<\/p>\n\n\n\n<p><em>\u201dDonde pr\u00e1cticamente hubo una situaci\u00f3n donde no hab\u00eda ni siquiera las carpetas de investigaci\u00f3n y yo lo he dicho, que todo lo que se ha dado es un juicio medi\u00e1tico es una infamia\u201d,<\/em> coment\u00f3 Cu\u00e9n Ojeda.<\/p>\n\n\n\n<p>Es por ello que el Presidente del PAS, Cu\u00e9n Ojeda, exhort\u00f3 a las autoridades y a los propios medios de comunicaci\u00f3n a que no sigan difamando a su familia, quienes han crecido con valores de respeto, dignidad y prueba de ello fue que, todos estaban presentes en la audiencia, como la familia unida que siempre han sido.<\/p>\n","protected":false},"excerpt":{"rendered":"<p>Nosotros no mentimos todo lo presentamos con pruebas, la difamaci\u00f3n y persecuci\u00f3n pol\u00edtica tambi\u00e9n es delito y nosotros tambi\u00e9n podemos denunciarlos, asegur\u00f3 Cu\u00e9n Ojeda Culiac\u00e1n, Sin.- Con circo, maroma y teatro est\u00e1n tratando todo el proceso en contra de la Universidad Aut\u00f3noma de Sinaloa, as\u00ed lo dijo el presidente del Partido Sinaloense, H\u00e9ctor Melesio Cu\u00e9n [&hellip;]<\/p>\n","protected":false},"author":4,"featured_media":53415,"comment_status":"open","ping_status":"open","sticky":false,"template":"","format":"standard","meta":{"tdm_status":"","tdm_grid_status":"","footnotes":""},"categories":[37,1],"tags":[],"class_list":{"0":"post-53413","1":"post","2":"type-post","3":"status-publish","4":"format-standard","5":"has-post-thumbnail","7":"category-nota-principal","8":"category-sin-categoria"},"yoast_head":"<!-- This site is optimized with the Yoast SEO plugin v27.5 - https:\/\/yoast.com\/product\/yoast-seo-wordpress\/ -->\n<title>Todo cae por su propio peso y los medios tendr\u00e1n que discuparse: Cu\u00e9n - Fuentes Fidedignas<\/title>\n<meta name=\"robots\" content=\"index, follow, max-snippet:-1, max-image-preview:large, max-video-preview:-1\" \/>\n<link rel=\"canonical\" href=\"https:\/\/fuentesfidedignas.com.mx\/index.php\/2023\/07\/22\/todo-cae-por-su-propio-peso-y-los-medios-tendran-que-discuparse-cuen\/\" \/>\n<meta property=\"og:locale\" content=\"es_MX\" \/>\n<meta property=\"og:type\" content=\"article\" \/>\n<meta property=\"og:title\" content=\"Todo cae por su propio peso y los medios tendr\u00e1n que discuparse: Cu\u00e9n - Fuentes Fidedignas\" \/>\n<meta property=\"og:description\" content=\"Nosotros no mentimos todo lo presentamos con pruebas, la difamaci\u00f3n y persecuci\u00f3n pol\u00edtica tambi\u00e9n es delito y nosotros tambi\u00e9n podemos denunciarlos, asegur\u00f3 Cu\u00e9n Ojeda Culiac\u00e1n, Sin.- Con circo, maroma y teatro est\u00e1n tratando todo el proceso en contra de la Universidad Aut\u00f3noma de Sinaloa, as\u00ed lo dijo el presidente del Partido Sinaloense, H\u00e9ctor Melesio Cu\u00e9n [&hellip;]\" \/>\n<meta property=\"og:url\" content=\"https:\/\/fuentesfidedignas.com.mx\/index.php\/2023\/07\/22\/todo-cae-por-su-propio-peso-y-los-medios-tendran-que-discuparse-cuen\/\" \/>\n<meta property=\"og:site_name\" content=\"Fuentes Fidedignas\" \/>\n<meta property=\"article:publisher\" content=\"https:\/\/www.facebook.com\/Fuentes-Fidedignas-368234489921644\" \/>\n<meta property=\"article:published_time\" content=\"2023-07-22T18:15:16+00:00\" \/>\n<meta property=\"article:modified_time\" content=\"2023-07-22T19:41:13+00:00\" \/>\n<meta property=\"og:image\" content=\"https:\/\/fuentesfidedignas.com.mx\/wp-content\/uploads\/2023\/07\/IMG-20230722-WA0010.jpg\" \/>\n\t<meta property=\"og:image:width\" content=\"1560\" \/>\n\t<meta property=\"og:image:height\" content=\"1040\" \/>\n\t<meta property=\"og:image:type\" content=\"image\/jpeg\" \/>\n<meta name=\"author\" content=\"Redacci\u00f3n\" \/>\n<meta name=\"twitter:card\" content=\"summary_large_image\" \/>\n<meta name=\"twitter:creator\" content=\"@fidedignas\" \/>\n<meta name=\"twitter:site\" content=\"@fidedignas\" \/>\n<meta name=\"twitter:label1\" content=\"Escrito por\" \/>\n\t<meta name=\"twitter:data1\" content=\"Redacci\u00f3n\" \/>\n\t<meta name=\"twitter:label2\" content=\"Tiempo de lectura\" \/>\n\t<meta name=\"twitter:data2\" content=\"2 minutos\" \/>\n<script type=\"application\/ld+json\" class=\"yoast-schema-graph\">{\"@context\":\"https:\\\/\\\/schema.org\",\"@graph\":[{\"@type\":\"Article\",\"@id\":\"https:\\\/\\\/fuentesfidedignas.com.mx\\\/index.php\\\/2023\\\/07\\\/22\\\/todo-cae-por-su-propio-peso-y-los-medios-tendran-que-discuparse-cuen\\\/#article\",\"isPartOf\":{\"@id\":\"https:\\\/\\\/fuentesfidedignas.com.mx\\\/index.php\\\/2023\\\/07\\\/22\\\/todo-cae-por-su-propio-peso-y-los-medios-tendran-que-discuparse-cuen\\\/\"},\"author\":{\"name\":\"Redacci\u00f3n\",\"@id\":\"https:\\\/\\\/fuentesfidedignas.com.mx\\\/#\\\/schema\\\/person\\\/331be9283d37198e2acd5750279085b0\"},\"headline\":\"Todo cae por su propio peso y los medios tendr\u00e1n que discuparse: Cu\u00e9n\",\"datePublished\":\"2023-07-22T18:15:16+00:00\",\"dateModified\":\"2023-07-22T19:41:13+00:00\",\"mainEntityOfPage\":{\"@id\":\"https:\\\/\\\/fuentesfidedignas.com.mx\\\/index.php\\\/2023\\\/07\\\/22\\\/todo-cae-por-su-propio-peso-y-los-medios-tendran-que-discuparse-cuen\\\/\"},\"wordCount\":372,\"commentCount\":0,\"publisher\":{\"@id\":\"https:\\\/\\\/fuentesfidedignas.com.mx\\\/#organization\"},\"image\":{\"@id\":\"https:\\\/\\\/fuentesfidedignas.com.mx\\\/index.php\\\/2023\\\/07\\\/22\\\/todo-cae-por-su-propio-peso-y-los-medios-tendran-que-discuparse-cuen\\\/#primaryimage\"},\"thumbnailUrl\":\"https:\\\/\\\/fuentesfidedignas.com.mx\\\/wp-content\\\/uploads\\\/2023\\\/07\\\/IMG-20230722-WA0010.jpg\",\"articleSection\":[\"NOTA PRINCIPAL\"],\"inLanguage\":\"es\",\"potentialAction\":[{\"@type\":\"CommentAction\",\"name\":\"Comment\",\"target\":[\"https:\\\/\\\/fuentesfidedignas.com.mx\\\/index.php\\\/2023\\\/07\\\/22\\\/todo-cae-por-su-propio-peso-y-los-medios-tendran-que-discuparse-cuen\\\/#respond\"]}]},{\"@type\":\"WebPage\",\"@id\":\"https:\\\/\\\/fuentesfidedignas.com.mx\\\/index.php\\\/2023\\\/07\\\/22\\\/todo-cae-por-su-propio-peso-y-los-medios-tendran-que-discuparse-cuen\\\/\",\"url\":\"https:\\\/\\\/fuentesfidedignas.com.mx\\\/index.php\\\/2023\\\/07\\\/22\\\/todo-cae-por-su-propio-peso-y-los-medios-tendran-que-discuparse-cuen\\\/\",\"name\":\"Todo cae por su propio peso y los medios tendr\u00e1n que discuparse: Cu\u00e9n - Fuentes Fidedignas\",\"isPartOf\":{\"@id\":\"https:\\\/\\\/fuentesfidedignas.com.mx\\\/#website\"},\"primaryImageOfPage\":{\"@id\":\"https:\\\/\\\/fuentesfidedignas.com.mx\\\/index.php\\\/2023\\\/07\\\/22\\\/todo-cae-por-su-propio-peso-y-los-medios-tendran-que-discuparse-cuen\\\/#primaryimage\"},\"image\":{\"@id\":\"https:\\\/\\\/fuentesfidedignas.com.mx\\\/index.php\\\/2023\\\/07\\\/22\\\/todo-cae-por-su-propio-peso-y-los-medios-tendran-que-discuparse-cuen\\\/#primaryimage\"},\"thumbnailUrl\":\"https:\\\/\\\/fuentesfidedignas.com.mx\\\/wp-content\\\/uploads\\\/2023\\\/07\\\/IMG-20230722-WA0010.jpg\",\"datePublished\":\"2023-07-22T18:15:16+00:00\",\"dateModified\":\"2023-07-22T19:41:13+00:00\",\"breadcrumb\":{\"@id\":\"https:\\\/\\\/fuentesfidedignas.com.mx\\\/index.php\\\/2023\\\/07\\\/22\\\/todo-cae-por-su-propio-peso-y-los-medios-tendran-que-discuparse-cuen\\\/#breadcrumb\"},\"inLanguage\":\"es\",\"potentialAction\":[{\"@type\":\"ReadAction\",\"target\":[\"https:\\\/\\\/fuentesfidedignas.com.mx\\\/index.php\\\/2023\\\/07\\\/22\\\/todo-cae-por-su-propio-peso-y-los-medios-tendran-que-discuparse-cuen\\\/\"]}]},{\"@type\":\"ImageObject\",\"inLanguage\":\"es\",\"@id\":\"https:\\\/\\\/fuentesfidedignas.com.mx\\\/index.php\\\/2023\\\/07\\\/22\\\/todo-cae-por-su-propio-peso-y-los-medios-tendran-que-discuparse-cuen\\\/#primaryimage\",\"url\":\"https:\\\/\\\/fuentesfidedignas.com.mx\\\/wp-content\\\/uploads\\\/2023\\\/07\\\/IMG-20230722-WA0010.jpg\",\"contentUrl\":\"https:\\\/\\\/fuentesfidedignas.com.mx\\\/wp-content\\\/uploads\\\/2023\\\/07\\\/IMG-20230722-WA0010.jpg\",\"width\":1560,\"height\":1040},{\"@type\":\"BreadcrumbList\",\"@id\":\"https:\\\/\\\/fuentesfidedignas.com.mx\\\/index.php\\\/2023\\\/07\\\/22\\\/todo-cae-por-su-propio-peso-y-los-medios-tendran-que-discuparse-cuen\\\/#breadcrumb\",\"itemListElement\":[{\"@type\":\"ListItem\",\"position\":1,\"name\":\"Inicio\",\"item\":\"https:\\\/\\\/fuentesfidedignas.com.mx\\\/\"},{\"@type\":\"ListItem\",\"position\":2,\"name\":\"Todo cae por su propio peso y los medios tendr\u00e1n que discuparse: Cu\u00e9n\"}]},{\"@type\":\"WebSite\",\"@id\":\"https:\\\/\\\/fuentesfidedignas.com.mx\\\/#website\",\"url\":\"https:\\\/\\\/fuentesfidedignas.com.mx\\\/\",\"name\":\"Fuentes Fidedignas\",\"description\":\"Otro sitio realizado con WordPress\",\"publisher\":{\"@id\":\"https:\\\/\\\/fuentesfidedignas.com.mx\\\/#organization\"},\"potentialAction\":[{\"@type\":\"SearchAction\",\"target\":{\"@type\":\"EntryPoint\",\"urlTemplate\":\"https:\\\/\\\/fuentesfidedignas.com.mx\\\/?s={search_term_string}\"},\"query-input\":{\"@type\":\"PropertyValueSpecification\",\"valueRequired\":true,\"valueName\":\"search_term_string\"}}],\"inLanguage\":\"es\"},{\"@type\":\"Organization\",\"@id\":\"https:\\\/\\\/fuentesfidedignas.com.mx\\\/#organization\",\"name\":\"Fuentes Fidedignas\",\"url\":\"https:\\\/\\\/fuentesfidedignas.com.mx\\\/\",\"logo\":{\"@type\":\"ImageObject\",\"inLanguage\":\"es\",\"@id\":\"https:\\\/\\\/fuentesfidedignas.com.mx\\\/#\\\/schema\\\/logo\\\/image\\\/\",\"url\":\"https:\\\/\\\/fuentesfidedignas.com.mx\\\/wp-content\\\/uploads\\\/2021\\\/04\\\/logo-retina.png\",\"contentUrl\":\"https:\\\/\\\/fuentesfidedignas.com.mx\\\/wp-content\\\/uploads\\\/2021\\\/04\\\/logo-retina.png\",\"width\":280,\"height\":51,\"caption\":\"Fuentes Fidedignas\"},\"image\":{\"@id\":\"https:\\\/\\\/fuentesfidedignas.com.mx\\\/#\\\/schema\\\/logo\\\/image\\\/\"},\"sameAs\":[\"https:\\\/\\\/www.facebook.com\\\/Fuentes-Fidedignas-368234489921644\",\"https:\\\/\\\/x.com\\\/fidedignas\"]},{\"@type\":\"Person\",\"@id\":\"https:\\\/\\\/fuentesfidedignas.com.mx\\\/#\\\/schema\\\/person\\\/331be9283d37198e2acd5750279085b0\",\"name\":\"Redacci\u00f3n\",\"image\":{\"@type\":\"ImageObject\",\"inLanguage\":\"es\",\"@id\":\"https:\\\/\\\/secure.gravatar.com\\\/avatar\\\/f6d8782c11d12b2d4ad3fbb6931aeab5309937a4d6cd2fc9cfaa28a6396a5aec?s=96&d=mm&r=g\",\"url\":\"https:\\\/\\\/secure.gravatar.com\\\/avatar\\\/f6d8782c11d12b2d4ad3fbb6931aeab5309937a4d6cd2fc9cfaa28a6396a5aec?s=96&d=mm&r=g\",\"contentUrl\":\"https:\\\/\\\/secure.gravatar.com\\\/avatar\\\/f6d8782c11d12b2d4ad3fbb6931aeab5309937a4d6cd2fc9cfaa28a6396a5aec?s=96&d=mm&r=g\",\"caption\":\"Redacci\u00f3n\"},\"url\":\"https:\\\/\\\/fuentesfidedignas.com.mx\\\/index.php\\\/author\\\/redaccion\\\/\"}]}<\/script>\n<!-- \/ Yoast SEO plugin. -->","yoast_head_json":{"title":"Todo cae por su propio peso y los medios tendr\u00e1n que discuparse: Cu\u00e9n - Fuentes Fidedignas","robots":{"index":"index","follow":"follow","max-snippet":"max-snippet:-1","max-image-preview":"max-image-preview:large","max-video-preview":"max-video-preview:-1"},"canonical":"https:\/\/fuentesfidedignas.com.mx\/index.php\/2023\/07\/22\/todo-cae-por-su-propio-peso-y-los-medios-tendran-que-discuparse-cuen\/","og_locale":"es_MX","og_type":"article","og_title":"Todo cae por su propio peso y los medios tendr\u00e1n que discuparse: Cu\u00e9n - Fuentes Fidedignas","og_description":"Nosotros no mentimos todo lo presentamos con pruebas, la difamaci\u00f3n y persecuci\u00f3n pol\u00edtica tambi\u00e9n es delito y nosotros tambi\u00e9n podemos denunciarlos, asegur\u00f3 Cu\u00e9n Ojeda Culiac\u00e1n, Sin.- Con circo, maroma y teatro est\u00e1n tratando todo el proceso en contra de la Universidad Aut\u00f3noma de Sinaloa, as\u00ed lo dijo el presidente del Partido Sinaloense, H\u00e9ctor Melesio Cu\u00e9n [&hellip;]","og_url":"https:\/\/fuentesfidedignas.com.mx\/index.php\/2023\/07\/22\/todo-cae-por-su-propio-peso-y-los-medios-tendran-que-discuparse-cuen\/","og_site_name":"Fuentes Fidedignas","article_publisher":"https:\/\/www.facebook.com\/Fuentes-Fidedignas-368234489921644","article_published_time":"2023-07-22T18:15:16+00:00","article_modified_time":"2023-07-22T19:41:13+00:00","og_image":[{"width":1560,"height":1040,"url":"https:\/\/fuentesfidedignas.com.mx\/wp-content\/uploads\/2023\/07\/IMG-20230722-WA0010.jpg","type":"image\/jpeg"}],"author":"Redacci\u00f3n","twitter_card":"summary_large_image","twitter_creator":"@fidedignas","twitter_site":"@fidedignas","twitter_misc":{"Escrito por":"Redacci\u00f3n","Tiempo de lectura":"2 minutos"},"schema":{"@context":"https:\/\/schema.org","@graph":[{"@type":"Article","@id":"https:\/\/fuentesfidedignas.com.mx\/index.php\/2023\/07\/22\/todo-cae-por-su-propio-peso-y-los-medios-tendran-que-discuparse-cuen\/#article","isPartOf":{"@id":"https:\/\/fuentesfidedignas.com.mx\/index.php\/2023\/07\/22\/todo-cae-por-su-propio-peso-y-los-medios-tendran-que-discuparse-cuen\/"},"author":{"name":"Redacci\u00f3n","@id":"https:\/\/fuentesfidedignas.com.mx\/#\/schema\/person\/331be9283d37198e2acd5750279085b0"},"headline":"Todo cae por su propio peso y los medios tendr\u00e1n que discuparse: Cu\u00e9n","datePublished":"2023-07-22T18:15:16+00:00","dateModified":"2023-07-22T19:41:13+00:00","mainEntityOfPage":{"@id":"https:\/\/fuentesfidedignas.com.mx\/index.php\/2023\/07\/22\/todo-cae-por-su-propio-peso-y-los-medios-tendran-que-discuparse-cuen\/"},"wordCount":372,"commentCount":0,"publisher":{"@id":"https:\/\/fuentesfidedignas.com.mx\/#organization"},"image":{"@id":"https:\/\/fuentesfidedignas.com.mx\/index.php\/2023\/07\/22\/todo-cae-por-su-propio-peso-y-los-medios-tendran-que-discuparse-cuen\/#primaryimage"},"thumbnailUrl":"https:\/\/fuentesfidedignas.com.mx\/wp-content\/uploads\/2023\/07\/IMG-20230722-WA0010.jpg","articleSection":["NOTA PRINCIPAL"],"inLanguage":"es","potentialAction":[{"@type":"CommentAction","name":"Comment","target":["https:\/\/fuentesfidedignas.com.mx\/index.php\/2023\/07\/22\/todo-cae-por-su-propio-peso-y-los-medios-tendran-que-discuparse-cuen\/#respond"]}]},{"@type":"WebPage","@id":"https:\/\/fuentesfidedignas.com.mx\/index.php\/2023\/07\/22\/todo-cae-por-su-propio-peso-y-los-medios-tendran-que-discuparse-cuen\/","url":"https:\/\/fuentesfidedignas.com.mx\/index.php\/2023\/07\/22\/todo-cae-por-su-propio-peso-y-los-medios-tendran-que-discuparse-cuen\/","name":"Todo cae por su propio peso y los medios tendr\u00e1n que discuparse: Cu\u00e9n - Fuentes Fidedignas","isPartOf":{"@id":"https:\/\/fuentesfidedignas.com.mx\/#website"},"primaryImageOfPage":{"@id":"https:\/\/fuentesfidedignas.com.mx\/index.php\/2023\/07\/22\/todo-cae-por-su-propio-peso-y-los-medios-tendran-que-discuparse-cuen\/#primaryimage"},"image":{"@id":"https:\/\/fuentesfidedignas.com.mx\/index.php\/2023\/07\/22\/todo-cae-por-su-propio-peso-y-los-medios-tendran-que-discuparse-cuen\/#primaryimage"},"thumbnailUrl":"https:\/\/fuentesfidedignas.com.mx\/wp-content\/uploads\/2023\/07\/IMG-20230722-WA0010.jpg","datePublished":"2023-07-22T18:15:16+00:00","dateModified":"2023-07-22T19:41:13+00:00","breadcrumb":{"@id":"https:\/\/fuentesfidedignas.com.mx\/index.php\/2023\/07\/22\/todo-cae-por-su-propio-peso-y-los-medios-tendran-que-discuparse-cuen\/#breadcrumb"},"inLanguage":"es","potentialAction":[{"@type":"ReadAction","target":["https:\/\/fuentesfidedignas.com.mx\/index.php\/2023\/07\/22\/todo-cae-por-su-propio-peso-y-los-medios-tendran-que-discuparse-cuen\/"]}]},{"@type":"ImageObject","inLanguage":"es","@id":"https:\/\/fuentesfidedignas.com.mx\/index.php\/2023\/07\/22\/todo-cae-por-su-propio-peso-y-los-medios-tendran-que-discuparse-cuen\/#primaryimage","url":"https:\/\/fuentesfidedignas.com.mx\/wp-content\/uploads\/2023\/07\/IMG-20230722-WA0010.jpg","contentUrl":"https:\/\/fuentesfidedignas.com.mx\/wp-content\/uploads\/2023\/07\/IMG-20230722-WA0010.jpg","width":1560,"height":1040},{"@type":"BreadcrumbList","@id":"https:\/\/fuentesfidedignas.com.mx\/index.php\/2023\/07\/22\/todo-cae-por-su-propio-peso-y-los-medios-tendran-que-discuparse-cuen\/#breadcrumb","itemListElement":[{"@type":"ListItem","position":1,"name":"Inicio","item":"https:\/\/fuentesfidedignas.com.mx\/"},{"@type":"ListItem","position":2,"name":"Todo cae por su propio peso y los medios tendr\u00e1n que discuparse: Cu\u00e9n"}]},{"@type":"WebSite","@id":"https:\/\/fuentesfidedignas.com.mx\/#website","url":"https:\/\/fuentesfidedignas.com.mx\/","name":"Fuentes Fidedignas","description":"Otro sitio realizado con WordPress","publisher":{"@id":"https:\/\/fuentesfidedignas.com.mx\/#organization"},"potentialAction":[{"@type":"SearchAction","target":{"@type":"EntryPoint","urlTemplate":"https:\/\/fuentesfidedignas.com.mx\/?s={search_term_string}"},"query-input":{"@type":"PropertyValueSpecification","valueRequired":true,"valueName":"search_term_string"}}],"inLanguage":"es"},{"@type":"Organization","@id":"https:\/\/fuentesfidedignas.com.mx\/#organization","name":"Fuentes Fidedignas","url":"https:\/\/fuentesfidedignas.com.mx\/","logo":{"@type":"ImageObject","inLanguage":"es","@id":"https:\/\/fuentesfidedignas.com.mx\/#\/schema\/logo\/image\/","url":"https:\/\/fuentesfidedignas.com.mx\/wp-content\/uploads\/2021\/04\/logo-retina.png","contentUrl":"https:\/\/fuentesfidedignas.com.mx\/wp-content\/uploads\/2021\/04\/logo-retina.png","width":280,"height":51,"caption":"Fuentes Fidedignas"},"image":{"@id":"https:\/\/fuentesfidedignas.com.mx\/#\/schema\/logo\/image\/"},"sameAs":["https:\/\/www.facebook.com\/Fuentes-Fidedignas-368234489921644","https:\/\/x.com\/fidedignas"]},{"@type":"Person","@id":"https:\/\/fuentesfidedignas.com.mx\/#\/schema\/person\/331be9283d37198e2acd5750279085b0","name":"Redacci\u00f3n","image":{"@type":"ImageObject","inLanguage":"es","@id":"https:\/\/secure.gravatar.com\/avatar\/f6d8782c11d12b2d4ad3fbb6931aeab5309937a4d6cd2fc9cfaa28a6396a5aec?s=96&d=mm&r=g","url":"https:\/\/secure.gravatar.com\/avatar\/f6d8782c11d12b2d4ad3fbb6931aeab5309937a4d6cd2fc9cfaa28a6396a5aec?s=96&d=mm&r=g","contentUrl":"https:\/\/secure.gravatar.com\/avatar\/f6d8782c11d12b2d4ad3fbb6931aeab5309937a4d6cd2fc9cfaa28a6396a5aec?s=96&d=mm&r=g","caption":"Redacci\u00f3n"},"url":"https:\/\/fuentesfidedignas.com.mx\/index.php\/author\/redaccion\/"}]}},"_links":{"self":[{"href":"https:\/\/fuentesfidedignas.com.mx\/index.php\/wp-json\/wp\/v2\/posts\/53413","targetHints":{"allow":["GET"]}}],"collection":[{"href":"https:\/\/fuentesfidedignas.com.mx\/index.php\/wp-json\/wp\/v2\/posts"}],"about":[{"href":"https:\/\/fuentesfidedignas.com.mx\/index.php\/wp-json\/wp\/v2\/types\/post"}],"author":[{"embeddable":true,"href":"https:\/\/fuentesfidedignas.com.mx\/index.php\/wp-json\/wp\/v2\/users\/4"}],"replies":[{"embeddable":true,"href":"https:\/\/fuentesfidedignas.com.mx\/index.php\/wp-json\/wp\/v2\/comments?post=53413"}],"version-history":[{"count":2,"href":"https:\/\/fuentesfidedignas.com.mx\/index.php\/wp-json\/wp\/v2\/posts\/53413\/revisions"}],"predecessor-version":[{"id":53417,"href":"https:\/\/fuentesfidedignas.com.mx\/index.php\/wp-json\/wp\/v2\/posts\/53413\/revisions\/53417"}],"wp:featuredmedia":[{"embeddable":true,"href":"https:\/\/fuentesfidedignas.com.mx\/index.php\/wp-json\/wp\/v2\/media\/53415"}],"wp:attachment":[{"href":"https:\/\/fuentesfidedignas.com.mx\/index.php\/wp-json\/wp\/v2\/media?parent=53413"}],"wp:term":[{"taxonomy":"category","embeddable":true,"href":"https:\/\/fuentesfidedignas.com.mx\/index.php\/wp-json\/wp\/v2\/categories?post=53413"},{"taxonomy":"post_tag","embeddable":true,"href":"https:\/\/fuentesfidedignas.com.mx\/index.php\/wp-json\/wp\/v2\/tags?post=53413"}],"curies":[{"name":"wp","href":"https:\/\/api.w.org\/{rel}","templated":true}]}}