{"id":53409,"date":"2023-07-22T10:59:33","date_gmt":"2023-07-22T17:59:33","guid":{"rendered":"https:\/\/fuentesfidedignas.com.mx\/?p=53409"},"modified":"2023-07-22T11:02:13","modified_gmt":"2023-07-22T18:02:13","slug":"sentencian-homicidas-de-un-adolescente-lo-asesinaron-en-un-centro-de-rehabilitacion-de-la-palma","status":"publish","type":"post","link":"https:\/\/fuentesfidedignas.com.mx\/index.php\/2023\/07\/22\/sentencian-homicidas-de-un-adolescente-lo-asesinaron-en-un-centro-de-rehabilitacion-de-la-palma\/","title":{"rendered":"Sentencian a homicidas de un adolescente; lo mataron en un centro de rehabilitaci\u00f3n de La Palma"},"content":{"rendered":"\n<p><strong><em>Los hechos ocurrieron dentro de un centro de rehabilitaci\u00f3n en La Palma, Navolato en junio de 2021<\/em><\/strong><\/p>\n\n\n\n<p>Navolato, Sin.- Por el delito de homicidio calificado en agravio de la vida de Jaime Horacio \u201cE\u201d, la Fiscal\u00eda General del Estado logr\u00f3 que Abraham Josu\u00e9 \u201cS\u201d fuera sentenciado a 15 a\u00f1os 22 d\u00edas de prisi\u00f3n y 11 a\u00f1os para Jes\u00fas Crist\u00f3bal \u201cM\u201d.<\/p>\n\n\n\n<p>Los hechos ocurrieron el d\u00eda 25 hasta el 27 de junio de 2021, cuando los hoy sentenciados acompa\u00f1ados de un adolescente; aprovech\u00e1ndose de la ventaja que imposibilitaban la defensa de la v\u00edctima, realizaron movimientos f\u00edsicos que privaron de la vida a Jaime Horacio \u201cE\u201d.<\/p>\n\n\n\n<p>La v\u00edctima hab\u00eda ingresado en calidad de interno para el tratamiento de adicciones, en el Centro Terap\u00e9utico integral para Personas con Problemas de Adicciones ubicado en la sindicatura de La Palma, Navolato.<\/p>\n\n\n\n<p>Fue a trav\u00e9s de la Agencia del Ministerio P\u00fablico de lo Penal, Especializada en Homicidio Doloso, Regi\u00f3n Centro, quien acredit\u00f3 ante el Juez de Control, las pruebas presentadas en la causa penal 927\/2021.<\/p>\n\n\n\n<p>El 13 de marzo de 2023, inici\u00f3 juicio oral y el 16 de junio del 2023 que se emiti\u00f3 el fallo condenatorio y el 23 del mismo mes y a\u00f1o se individualizaron sanciones y reparaci\u00f3n del da\u00f1o.<\/p>\n\n\n\n<p>El Juez de Control, sentencio a Abraham Josu\u00e9 \u201cS\u201d a 15 a\u00f1os 2 meses y 22 d\u00edas de prisi\u00f3n, mientras que a Jes\u00fas Crist\u00f3bal \u201cM\u201d, a una pena de 11 a\u00f1os de prisi\u00f3n, as\u00ed como de la reparaci\u00f3n del da\u00f1o solidario, por la cantidad de 453 mil 470 pesos con 20 centavos.<\/p>\n","protected":false},"excerpt":{"rendered":"<p>Los hechos ocurrieron dentro de un centro de rehabilitaci\u00f3n en La Palma, Navolato en junio de 2021 Navolato, Sin.- Por el delito de homicidio calificado en agravio de la vida de Jaime Horacio \u201cE\u201d, la Fiscal\u00eda General del Estado logr\u00f3 que Abraham Josu\u00e9 \u201cS\u201d fuera sentenciado a 15 a\u00f1os 22 d\u00edas de prisi\u00f3n y 11 [&hellip;]<\/p>\n","protected":false},"author":4,"featured_media":53412,"comment_status":"open","ping_status":"open","sticky":false,"template":"","format":"standard","meta":{"tdm_status":"","tdm_grid_status":"","footnotes":""},"categories":[38,1],"tags":[],"class_list":{"0":"post-53409","1":"post","2":"type-post","3":"status-publish","4":"format-standard","5":"has-post-thumbnail","7":"category-noticias-locales","8":"category-sin-categoria"},"yoast_head":"<!-- This site is optimized with the Yoast SEO plugin v27.5 - https:\/\/yoast.com\/product\/yoast-seo-wordpress\/ -->\n<title>Sentencian a homicidas de un adolescente; lo mataron en un centro de rehabilitaci\u00f3n de La Palma - Fuentes Fidedignas<\/title>\n<meta name=\"robots\" content=\"index, follow, max-snippet:-1, max-image-preview:large, max-video-preview:-1\" \/>\n<link rel=\"canonical\" href=\"https:\/\/fuentesfidedignas.com.mx\/index.php\/2023\/07\/22\/sentencian-homicidas-de-un-adolescente-lo-asesinaron-en-un-centro-de-rehabilitacion-de-la-palma\/\" \/>\n<meta property=\"og:locale\" content=\"es_MX\" \/>\n<meta property=\"og:type\" content=\"article\" \/>\n<meta property=\"og:title\" content=\"Sentencian a homicidas de un adolescente; lo mataron en un centro de rehabilitaci\u00f3n de La Palma - Fuentes Fidedignas\" \/>\n<meta property=\"og:description\" content=\"Los hechos ocurrieron dentro de un centro de rehabilitaci\u00f3n en La Palma, Navolato en junio de 2021 Navolato, Sin.- Por el delito de homicidio calificado en agravio de la vida de Jaime Horacio \u201cE\u201d, la Fiscal\u00eda General del Estado logr\u00f3 que Abraham Josu\u00e9 \u201cS\u201d fuera sentenciado a 15 a\u00f1os 22 d\u00edas de prisi\u00f3n y 11 [&hellip;]\" \/>\n<meta property=\"og:url\" content=\"https:\/\/fuentesfidedignas.com.mx\/index.php\/2023\/07\/22\/sentencian-homicidas-de-un-adolescente-lo-asesinaron-en-un-centro-de-rehabilitacion-de-la-palma\/\" \/>\n<meta property=\"og:site_name\" content=\"Fuentes Fidedignas\" \/>\n<meta property=\"article:publisher\" content=\"https:\/\/www.facebook.com\/Fuentes-Fidedignas-368234489921644\" \/>\n<meta property=\"article:published_time\" content=\"2023-07-22T17:59:33+00:00\" \/>\n<meta property=\"article:modified_time\" content=\"2023-07-22T18:02:13+00:00\" \/>\n<meta property=\"og:image\" content=\"https:\/\/fuentesfidedignas.com.mx\/wp-content\/uploads\/2023\/07\/images-4-1.jpeg\" \/>\n\t<meta property=\"og:image:width\" content=\"701\" \/>\n\t<meta property=\"og:image:height\" content=\"438\" \/>\n\t<meta property=\"og:image:type\" content=\"image\/jpeg\" \/>\n<meta name=\"author\" content=\"Redacci\u00f3n\" \/>\n<meta name=\"twitter:card\" content=\"summary_large_image\" \/>\n<meta name=\"twitter:creator\" content=\"@fidedignas\" \/>\n<meta name=\"twitter:site\" content=\"@fidedignas\" \/>\n<meta name=\"twitter:label1\" content=\"Escrito por\" \/>\n\t<meta name=\"twitter:data1\" content=\"Redacci\u00f3n\" \/>\n\t<meta name=\"twitter:label2\" content=\"Tiempo de lectura\" \/>\n\t<meta name=\"twitter:data2\" content=\"2 minutos\" \/>\n<script type=\"application\/ld+json\" class=\"yoast-schema-graph\">{\"@context\":\"https:\\\/\\\/schema.org\",\"@graph\":[{\"@type\":\"Article\",\"@id\":\"https:\\\/\\\/fuentesfidedignas.com.mx\\\/index.php\\\/2023\\\/07\\\/22\\\/sentencian-homicidas-de-un-adolescente-lo-asesinaron-en-un-centro-de-rehabilitacion-de-la-palma\\\/#article\",\"isPartOf\":{\"@id\":\"https:\\\/\\\/fuentesfidedignas.com.mx\\\/index.php\\\/2023\\\/07\\\/22\\\/sentencian-homicidas-de-un-adolescente-lo-asesinaron-en-un-centro-de-rehabilitacion-de-la-palma\\\/\"},\"author\":{\"name\":\"Redacci\u00f3n\",\"@id\":\"https:\\\/\\\/fuentesfidedignas.com.mx\\\/#\\\/schema\\\/person\\\/331be9283d37198e2acd5750279085b0\"},\"headline\":\"Sentencian a homicidas de un adolescente; lo mataron en un centro de rehabilitaci\u00f3n de La Palma\",\"datePublished\":\"2023-07-22T17:59:33+00:00\",\"dateModified\":\"2023-07-22T18:02:13+00:00\",\"mainEntityOfPage\":{\"@id\":\"https:\\\/\\\/fuentesfidedignas.com.mx\\\/index.php\\\/2023\\\/07\\\/22\\\/sentencian-homicidas-de-un-adolescente-lo-asesinaron-en-un-centro-de-rehabilitacion-de-la-palma\\\/\"},\"wordCount\":287,\"commentCount\":0,\"publisher\":{\"@id\":\"https:\\\/\\\/fuentesfidedignas.com.mx\\\/#organization\"},\"image\":{\"@id\":\"https:\\\/\\\/fuentesfidedignas.com.mx\\\/index.php\\\/2023\\\/07\\\/22\\\/sentencian-homicidas-de-un-adolescente-lo-asesinaron-en-un-centro-de-rehabilitacion-de-la-palma\\\/#primaryimage\"},\"thumbnailUrl\":\"https:\\\/\\\/fuentesfidedignas.com.mx\\\/wp-content\\\/uploads\\\/2023\\\/07\\\/images-4-1.jpeg\",\"articleSection\":[\"NOTICIAS LOCALES\"],\"inLanguage\":\"es\",\"potentialAction\":[{\"@type\":\"CommentAction\",\"name\":\"Comment\",\"target\":[\"https:\\\/\\\/fuentesfidedignas.com.mx\\\/index.php\\\/2023\\\/07\\\/22\\\/sentencian-homicidas-de-un-adolescente-lo-asesinaron-en-un-centro-de-rehabilitacion-de-la-palma\\\/#respond\"]}]},{\"@type\":\"WebPage\",\"@id\":\"https:\\\/\\\/fuentesfidedignas.com.mx\\\/index.php\\\/2023\\\/07\\\/22\\\/sentencian-homicidas-de-un-adolescente-lo-asesinaron-en-un-centro-de-rehabilitacion-de-la-palma\\\/\",\"url\":\"https:\\\/\\\/fuentesfidedignas.com.mx\\\/index.php\\\/2023\\\/07\\\/22\\\/sentencian-homicidas-de-un-adolescente-lo-asesinaron-en-un-centro-de-rehabilitacion-de-la-palma\\\/\",\"name\":\"Sentencian a homicidas de un adolescente; lo mataron en un centro de rehabilitaci\u00f3n de La Palma - Fuentes Fidedignas\",\"isPartOf\":{\"@id\":\"https:\\\/\\\/fuentesfidedignas.com.mx\\\/#website\"},\"primaryImageOfPage\":{\"@id\":\"https:\\\/\\\/fuentesfidedignas.com.mx\\\/index.php\\\/2023\\\/07\\\/22\\\/sentencian-homicidas-de-un-adolescente-lo-asesinaron-en-un-centro-de-rehabilitacion-de-la-palma\\\/#primaryimage\"},\"image\":{\"@id\":\"https:\\\/\\\/fuentesfidedignas.com.mx\\\/index.php\\\/2023\\\/07\\\/22\\\/sentencian-homicidas-de-un-adolescente-lo-asesinaron-en-un-centro-de-rehabilitacion-de-la-palma\\\/#primaryimage\"},\"thumbnailUrl\":\"https:\\\/\\\/fuentesfidedignas.com.mx\\\/wp-content\\\/uploads\\\/2023\\\/07\\\/images-4-1.jpeg\",\"datePublished\":\"2023-07-22T17:59:33+00:00\",\"dateModified\":\"2023-07-22T18:02:13+00:00\",\"breadcrumb\":{\"@id\":\"https:\\\/\\\/fuentesfidedignas.com.mx\\\/index.php\\\/2023\\\/07\\\/22\\\/sentencian-homicidas-de-un-adolescente-lo-asesinaron-en-un-centro-de-rehabilitacion-de-la-palma\\\/#breadcrumb\"},\"inLanguage\":\"es\",\"potentialAction\":[{\"@type\":\"ReadAction\",\"target\":[\"https:\\\/\\\/fuentesfidedignas.com.mx\\\/index.php\\\/2023\\\/07\\\/22\\\/sentencian-homicidas-de-un-adolescente-lo-asesinaron-en-un-centro-de-rehabilitacion-de-la-palma\\\/\"]}]},{\"@type\":\"ImageObject\",\"inLanguage\":\"es\",\"@id\":\"https:\\\/\\\/fuentesfidedignas.com.mx\\\/index.php\\\/2023\\\/07\\\/22\\\/sentencian-homicidas-de-un-adolescente-lo-asesinaron-en-un-centro-de-rehabilitacion-de-la-palma\\\/#primaryimage\",\"url\":\"https:\\\/\\\/fuentesfidedignas.com.mx\\\/wp-content\\\/uploads\\\/2023\\\/07\\\/images-4-1.jpeg\",\"contentUrl\":\"https:\\\/\\\/fuentesfidedignas.com.mx\\\/wp-content\\\/uploads\\\/2023\\\/07\\\/images-4-1.jpeg\",\"width\":701,\"height\":438},{\"@type\":\"BreadcrumbList\",\"@id\":\"https:\\\/\\\/fuentesfidedignas.com.mx\\\/index.php\\\/2023\\\/07\\\/22\\\/sentencian-homicidas-de-un-adolescente-lo-asesinaron-en-un-centro-de-rehabilitacion-de-la-palma\\\/#breadcrumb\",\"itemListElement\":[{\"@type\":\"ListItem\",\"position\":1,\"name\":\"Inicio\",\"item\":\"https:\\\/\\\/fuentesfidedignas.com.mx\\\/\"},{\"@type\":\"ListItem\",\"position\":2,\"name\":\"Sentencian a homicidas de un adolescente; lo mataron en un centro de rehabilitaci\u00f3n de La Palma\"}]},{\"@type\":\"WebSite\",\"@id\":\"https:\\\/\\\/fuentesfidedignas.com.mx\\\/#website\",\"url\":\"https:\\\/\\\/fuentesfidedignas.com.mx\\\/\",\"name\":\"Fuentes Fidedignas\",\"description\":\"Otro sitio realizado con WordPress\",\"publisher\":{\"@id\":\"https:\\\/\\\/fuentesfidedignas.com.mx\\\/#organization\"},\"potentialAction\":[{\"@type\":\"SearchAction\",\"target\":{\"@type\":\"EntryPoint\",\"urlTemplate\":\"https:\\\/\\\/fuentesfidedignas.com.mx\\\/?s={search_term_string}\"},\"query-input\":{\"@type\":\"PropertyValueSpecification\",\"valueRequired\":true,\"valueName\":\"search_term_string\"}}],\"inLanguage\":\"es\"},{\"@type\":\"Organization\",\"@id\":\"https:\\\/\\\/fuentesfidedignas.com.mx\\\/#organization\",\"name\":\"Fuentes Fidedignas\",\"url\":\"https:\\\/\\\/fuentesfidedignas.com.mx\\\/\",\"logo\":{\"@type\":\"ImageObject\",\"inLanguage\":\"es\",\"@id\":\"https:\\\/\\\/fuentesfidedignas.com.mx\\\/#\\\/schema\\\/logo\\\/image\\\/\",\"url\":\"https:\\\/\\\/fuentesfidedignas.com.mx\\\/wp-content\\\/uploads\\\/2021\\\/04\\\/logo-retina.png\",\"contentUrl\":\"https:\\\/\\\/fuentesfidedignas.com.mx\\\/wp-content\\\/uploads\\\/2021\\\/04\\\/logo-retina.png\",\"width\":280,\"height\":51,\"caption\":\"Fuentes Fidedignas\"},\"image\":{\"@id\":\"https:\\\/\\\/fuentesfidedignas.com.mx\\\/#\\\/schema\\\/logo\\\/image\\\/\"},\"sameAs\":[\"https:\\\/\\\/www.facebook.com\\\/Fuentes-Fidedignas-368234489921644\",\"https:\\\/\\\/x.com\\\/fidedignas\"]},{\"@type\":\"Person\",\"@id\":\"https:\\\/\\\/fuentesfidedignas.com.mx\\\/#\\\/schema\\\/person\\\/331be9283d37198e2acd5750279085b0\",\"name\":\"Redacci\u00f3n\",\"image\":{\"@type\":\"ImageObject\",\"inLanguage\":\"es\",\"@id\":\"https:\\\/\\\/secure.gravatar.com\\\/avatar\\\/f6d8782c11d12b2d4ad3fbb6931aeab5309937a4d6cd2fc9cfaa28a6396a5aec?s=96&d=mm&r=g\",\"url\":\"https:\\\/\\\/secure.gravatar.com\\\/avatar\\\/f6d8782c11d12b2d4ad3fbb6931aeab5309937a4d6cd2fc9cfaa28a6396a5aec?s=96&d=mm&r=g\",\"contentUrl\":\"https:\\\/\\\/secure.gravatar.com\\\/avatar\\\/f6d8782c11d12b2d4ad3fbb6931aeab5309937a4d6cd2fc9cfaa28a6396a5aec?s=96&d=mm&r=g\",\"caption\":\"Redacci\u00f3n\"},\"url\":\"https:\\\/\\\/fuentesfidedignas.com.mx\\\/index.php\\\/author\\\/redaccion\\\/\"}]}<\/script>\n<!-- \/ Yoast SEO plugin. -->","yoast_head_json":{"title":"Sentencian a homicidas de un adolescente; lo mataron en un centro de rehabilitaci\u00f3n de La Palma - Fuentes Fidedignas","robots":{"index":"index","follow":"follow","max-snippet":"max-snippet:-1","max-image-preview":"max-image-preview:large","max-video-preview":"max-video-preview:-1"},"canonical":"https:\/\/fuentesfidedignas.com.mx\/index.php\/2023\/07\/22\/sentencian-homicidas-de-un-adolescente-lo-asesinaron-en-un-centro-de-rehabilitacion-de-la-palma\/","og_locale":"es_MX","og_type":"article","og_title":"Sentencian a homicidas de un adolescente; lo mataron en un centro de rehabilitaci\u00f3n de La Palma - Fuentes Fidedignas","og_description":"Los hechos ocurrieron dentro de un centro de rehabilitaci\u00f3n en La Palma, Navolato en junio de 2021 Navolato, Sin.- Por el delito de homicidio calificado en agravio de la vida de Jaime Horacio \u201cE\u201d, la Fiscal\u00eda General del Estado logr\u00f3 que Abraham Josu\u00e9 \u201cS\u201d fuera sentenciado a 15 a\u00f1os 22 d\u00edas de prisi\u00f3n y 11 [&hellip;]","og_url":"https:\/\/fuentesfidedignas.com.mx\/index.php\/2023\/07\/22\/sentencian-homicidas-de-un-adolescente-lo-asesinaron-en-un-centro-de-rehabilitacion-de-la-palma\/","og_site_name":"Fuentes Fidedignas","article_publisher":"https:\/\/www.facebook.com\/Fuentes-Fidedignas-368234489921644","article_published_time":"2023-07-22T17:59:33+00:00","article_modified_time":"2023-07-22T18:02:13+00:00","og_image":[{"width":701,"height":438,"url":"https:\/\/fuentesfidedignas.com.mx\/wp-content\/uploads\/2023\/07\/images-4-1.jpeg","type":"image\/jpeg"}],"author":"Redacci\u00f3n","twitter_card":"summary_large_image","twitter_creator":"@fidedignas","twitter_site":"@fidedignas","twitter_misc":{"Escrito por":"Redacci\u00f3n","Tiempo de lectura":"2 minutos"},"schema":{"@context":"https:\/\/schema.org","@graph":[{"@type":"Article","@id":"https:\/\/fuentesfidedignas.com.mx\/index.php\/2023\/07\/22\/sentencian-homicidas-de-un-adolescente-lo-asesinaron-en-un-centro-de-rehabilitacion-de-la-palma\/#article","isPartOf":{"@id":"https:\/\/fuentesfidedignas.com.mx\/index.php\/2023\/07\/22\/sentencian-homicidas-de-un-adolescente-lo-asesinaron-en-un-centro-de-rehabilitacion-de-la-palma\/"},"author":{"name":"Redacci\u00f3n","@id":"https:\/\/fuentesfidedignas.com.mx\/#\/schema\/person\/331be9283d37198e2acd5750279085b0"},"headline":"Sentencian a homicidas de un adolescente; lo mataron en un centro de rehabilitaci\u00f3n de La Palma","datePublished":"2023-07-22T17:59:33+00:00","dateModified":"2023-07-22T18:02:13+00:00","mainEntityOfPage":{"@id":"https:\/\/fuentesfidedignas.com.mx\/index.php\/2023\/07\/22\/sentencian-homicidas-de-un-adolescente-lo-asesinaron-en-un-centro-de-rehabilitacion-de-la-palma\/"},"wordCount":287,"commentCount":0,"publisher":{"@id":"https:\/\/fuentesfidedignas.com.mx\/#organization"},"image":{"@id":"https:\/\/fuentesfidedignas.com.mx\/index.php\/2023\/07\/22\/sentencian-homicidas-de-un-adolescente-lo-asesinaron-en-un-centro-de-rehabilitacion-de-la-palma\/#primaryimage"},"thumbnailUrl":"https:\/\/fuentesfidedignas.com.mx\/wp-content\/uploads\/2023\/07\/images-4-1.jpeg","articleSection":["NOTICIAS LOCALES"],"inLanguage":"es","potentialAction":[{"@type":"CommentAction","name":"Comment","target":["https:\/\/fuentesfidedignas.com.mx\/index.php\/2023\/07\/22\/sentencian-homicidas-de-un-adolescente-lo-asesinaron-en-un-centro-de-rehabilitacion-de-la-palma\/#respond"]}]},{"@type":"WebPage","@id":"https:\/\/fuentesfidedignas.com.mx\/index.php\/2023\/07\/22\/sentencian-homicidas-de-un-adolescente-lo-asesinaron-en-un-centro-de-rehabilitacion-de-la-palma\/","url":"https:\/\/fuentesfidedignas.com.mx\/index.php\/2023\/07\/22\/sentencian-homicidas-de-un-adolescente-lo-asesinaron-en-un-centro-de-rehabilitacion-de-la-palma\/","name":"Sentencian a homicidas de un adolescente; lo mataron en un centro de rehabilitaci\u00f3n de La Palma - Fuentes Fidedignas","isPartOf":{"@id":"https:\/\/fuentesfidedignas.com.mx\/#website"},"primaryImageOfPage":{"@id":"https:\/\/fuentesfidedignas.com.mx\/index.php\/2023\/07\/22\/sentencian-homicidas-de-un-adolescente-lo-asesinaron-en-un-centro-de-rehabilitacion-de-la-palma\/#primaryimage"},"image":{"@id":"https:\/\/fuentesfidedignas.com.mx\/index.php\/2023\/07\/22\/sentencian-homicidas-de-un-adolescente-lo-asesinaron-en-un-centro-de-rehabilitacion-de-la-palma\/#primaryimage"},"thumbnailUrl":"https:\/\/fuentesfidedignas.com.mx\/wp-content\/uploads\/2023\/07\/images-4-1.jpeg","datePublished":"2023-07-22T17:59:33+00:00","dateModified":"2023-07-22T18:02:13+00:00","breadcrumb":{"@id":"https:\/\/fuentesfidedignas.com.mx\/index.php\/2023\/07\/22\/sentencian-homicidas-de-un-adolescente-lo-asesinaron-en-un-centro-de-rehabilitacion-de-la-palma\/#breadcrumb"},"inLanguage":"es","potentialAction":[{"@type":"ReadAction","target":["https:\/\/fuentesfidedignas.com.mx\/index.php\/2023\/07\/22\/sentencian-homicidas-de-un-adolescente-lo-asesinaron-en-un-centro-de-rehabilitacion-de-la-palma\/"]}]},{"@type":"ImageObject","inLanguage":"es","@id":"https:\/\/fuentesfidedignas.com.mx\/index.php\/2023\/07\/22\/sentencian-homicidas-de-un-adolescente-lo-asesinaron-en-un-centro-de-rehabilitacion-de-la-palma\/#primaryimage","url":"https:\/\/fuentesfidedignas.com.mx\/wp-content\/uploads\/2023\/07\/images-4-1.jpeg","contentUrl":"https:\/\/fuentesfidedignas.com.mx\/wp-content\/uploads\/2023\/07\/images-4-1.jpeg","width":701,"height":438},{"@type":"BreadcrumbList","@id":"https:\/\/fuentesfidedignas.com.mx\/index.php\/2023\/07\/22\/sentencian-homicidas-de-un-adolescente-lo-asesinaron-en-un-centro-de-rehabilitacion-de-la-palma\/#breadcrumb","itemListElement":[{"@type":"ListItem","position":1,"name":"Inicio","item":"https:\/\/fuentesfidedignas.com.mx\/"},{"@type":"ListItem","position":2,"name":"Sentencian a homicidas de un adolescente; lo mataron en un centro de rehabilitaci\u00f3n de La Palma"}]},{"@type":"WebSite","@id":"https:\/\/fuentesfidedignas.com.mx\/#website","url":"https:\/\/fuentesfidedignas.com.mx\/","name":"Fuentes Fidedignas","description":"Otro sitio realizado con WordPress","publisher":{"@id":"https:\/\/fuentesfidedignas.com.mx\/#organization"},"potentialAction":[{"@type":"SearchAction","target":{"@type":"EntryPoint","urlTemplate":"https:\/\/fuentesfidedignas.com.mx\/?s={search_term_string}"},"query-input":{"@type":"PropertyValueSpecification","valueRequired":true,"valueName":"search_term_string"}}],"inLanguage":"es"},{"@type":"Organization","@id":"https:\/\/fuentesfidedignas.com.mx\/#organization","name":"Fuentes Fidedignas","url":"https:\/\/fuentesfidedignas.com.mx\/","logo":{"@type":"ImageObject","inLanguage":"es","@id":"https:\/\/fuentesfidedignas.com.mx\/#\/schema\/logo\/image\/","url":"https:\/\/fuentesfidedignas.com.mx\/wp-content\/uploads\/2021\/04\/logo-retina.png","contentUrl":"https:\/\/fuentesfidedignas.com.mx\/wp-content\/uploads\/2021\/04\/logo-retina.png","width":280,"height":51,"caption":"Fuentes Fidedignas"},"image":{"@id":"https:\/\/fuentesfidedignas.com.mx\/#\/schema\/logo\/image\/"},"sameAs":["https:\/\/www.facebook.com\/Fuentes-Fidedignas-368234489921644","https:\/\/x.com\/fidedignas"]},{"@type":"Person","@id":"https:\/\/fuentesfidedignas.com.mx\/#\/schema\/person\/331be9283d37198e2acd5750279085b0","name":"Redacci\u00f3n","image":{"@type":"ImageObject","inLanguage":"es","@id":"https:\/\/secure.gravatar.com\/avatar\/f6d8782c11d12b2d4ad3fbb6931aeab5309937a4d6cd2fc9cfaa28a6396a5aec?s=96&d=mm&r=g","url":"https:\/\/secure.gravatar.com\/avatar\/f6d8782c11d12b2d4ad3fbb6931aeab5309937a4d6cd2fc9cfaa28a6396a5aec?s=96&d=mm&r=g","contentUrl":"https:\/\/secure.gravatar.com\/avatar\/f6d8782c11d12b2d4ad3fbb6931aeab5309937a4d6cd2fc9cfaa28a6396a5aec?s=96&d=mm&r=g","caption":"Redacci\u00f3n"},"url":"https:\/\/fuentesfidedignas.com.mx\/index.php\/author\/redaccion\/"}]}},"_links":{"self":[{"href":"https:\/\/fuentesfidedignas.com.mx\/index.php\/wp-json\/wp\/v2\/posts\/53409","targetHints":{"allow":["GET"]}}],"collection":[{"href":"https:\/\/fuentesfidedignas.com.mx\/index.php\/wp-json\/wp\/v2\/posts"}],"about":[{"href":"https:\/\/fuentesfidedignas.com.mx\/index.php\/wp-json\/wp\/v2\/types\/post"}],"author":[{"embeddable":true,"href":"https:\/\/fuentesfidedignas.com.mx\/index.php\/wp-json\/wp\/v2\/users\/4"}],"replies":[{"embeddable":true,"href":"https:\/\/fuentesfidedignas.com.mx\/index.php\/wp-json\/wp\/v2\/comments?post=53409"}],"version-history":[{"count":2,"href":"https:\/\/fuentesfidedignas.com.mx\/index.php\/wp-json\/wp\/v2\/posts\/53409\/revisions"}],"predecessor-version":[{"id":53411,"href":"https:\/\/fuentesfidedignas.com.mx\/index.php\/wp-json\/wp\/v2\/posts\/53409\/revisions\/53411"}],"wp:featuredmedia":[{"embeddable":true,"href":"https:\/\/fuentesfidedignas.com.mx\/index.php\/wp-json\/wp\/v2\/media\/53412"}],"wp:attachment":[{"href":"https:\/\/fuentesfidedignas.com.mx\/index.php\/wp-json\/wp\/v2\/media?parent=53409"}],"wp:term":[{"taxonomy":"category","embeddable":true,"href":"https:\/\/fuentesfidedignas.com.mx\/index.php\/wp-json\/wp\/v2\/categories?post=53409"},{"taxonomy":"post_tag","embeddable":true,"href":"https:\/\/fuentesfidedignas.com.mx\/index.php\/wp-json\/wp\/v2\/tags?post=53409"}],"curies":[{"name":"wp","href":"https:\/\/api.w.org\/{rel}","templated":true}]}}