{"id":53406,"date":"2023-07-22T10:49:17","date_gmt":"2023-07-22T17:49:17","guid":{"rendered":"https:\/\/fuentesfidedignas.com.mx\/?p=53406"},"modified":"2023-07-22T10:50:20","modified_gmt":"2023-07-22T17:50:20","slug":"dio-la-vida-por-mi-rompe-en-llanto-dueno-de-perrito-que-lo-defendio-de-asalto","status":"publish","type":"post","link":"https:\/\/fuentesfidedignas.com.mx\/index.php\/2023\/07\/22\/dio-la-vida-por-mi-rompe-en-llanto-dueno-de-perrito-que-lo-defendio-de-asalto\/","title":{"rendered":"\u2018Dio la vida por m\u00ed\u2019, rompe en llanto due\u00f1o de perrito que lo defendi\u00f3 de asalto"},"content":{"rendered":"\n<p><br><strong><em>El due\u00f1o del perrito que lo defendi\u00f3 de un asalto en la CDMX cont\u00f3 que Zeus era su mejor amigo y que le doli\u00f3 que diera la vida por \u00e9l<\/em><\/strong><\/p>\n\n\n\n<p>Ciudas de M\u00e9xico. El due\u00f1o del perrito que lo defendi\u00f3 de un asalto en la Ciudad de M\u00e9xico (CDMX) rompi\u00f3 en llanto durante una entrevista y asegur\u00f3 que el can de raza pitbull y de nombre Zeus era su mejor amigo y hac\u00eda todo con \u00e9l.<\/p>\n\n\n\n<p>La tarde de este viernes 21 de julio, el titular de la Secretar\u00eda de Seguridad Ciudadana (SSC), Omar Garc\u00eda Harfuch, dio a conocer sobre la detenci\u00f3n de un sujeto tras presuntamente intentar asaltar a un hombre que vive en situaci\u00f3n de calle y matar a un perrito que intent\u00f3 defender a su due\u00f1o del atraco.<\/p>\n\n\n\n<figure class=\"wp-block-embed is-type-rich is-provider-twitter wp-block-embed-twitter\"><div class=\"wp-block-embed__wrapper\">\n<blockquote class=\"twitter-tweet\" data-width=\"550\" data-dnt=\"true\"><p lang=\"es\" dir=\"ltr\">Hoy en el <a href=\"https:\/\/twitter.com\/hashtag\/D%C3%ADaDelPerro?src=hash&amp;ref_src=twsrc%5Etfw\">#D\u00edaDelPerro<\/a> un HDP mat\u00f3 a Zeus, cuando intent\u00f3 defender a su due\u00f1o en la col. Ex Hip\u00f3dromo de Peralvillo. <br><br>QEPD <a href=\"https:\/\/twitter.com\/hashtag\/Video?src=hash&amp;ref_src=twsrc%5Etfw\">#Video<\/a> \ud83c\udfa5\ud83d\udc47\ud83c\udffd <a href=\"https:\/\/t.co\/U97QNtjGKL\">pic.twitter.com\/U97QNtjGKL<\/a><\/p>&mdash; JORGE BECERRIL JB\/8 (@MrElDiablo8) <a href=\"https:\/\/twitter.com\/MrElDiablo8\/status\/1682460329941389318?ref_src=twsrc%5Etfw\">July 21, 2023<\/a><\/blockquote><script async src=\"https:\/\/platform.twitter.com\/widgets.js\" charset=\"utf-8\"><\/script>\n<\/div><\/figure>\n\n\n\n<p>En una entrevista con el periodista Jorge Becerril,&nbsp;<strong>\u2018Pepe\u2019, quien vive en situaci\u00f3n de calle, cont\u00f3 que su perro dio la vida por \u00e9l y rompi\u00f3 en llanto al relatar lo que sucedi\u00f3<\/strong>&nbsp;cuando un presunto delincuente lo intent\u00f3 asaltar y Zeus lo defendi\u00f3.&nbsp;<\/p>\n\n\n\n<figure class=\"wp-block-image\"><img decoding=\"async\" src=\"https:\/\/cdn2.excelsior.com.mx\/media\/inside-the-note\/pictures\/2023\/07\/22\/dueno_perrito_defendio_asalto_cdmx_2.jpg\" alt=\"Perrito defendi\u00f3 a su due\u00f1o de asalto en CDMX.\" title=\"\"\/><\/figure>\n\n\n\n<h2 class=\"wp-block-heading\"><strong>Zeus, perrito que muri\u00f3 por defender a su due\u00f1o en CDMX<\/strong><\/h2>\n\n\n\n<p>En la entrevista el hombre cont\u00f3 que un sujeto lo quiso robar y lo amenaz\u00f3 luego de que&nbsp;<strong>su perro lo defendi\u00f3 del atraco del que iba a ser v\u00edctima.<\/strong>&nbsp;\u2018Pepe\u2019 vive con sus perros en un estacionamiento abandonado.&nbsp;<\/p>\n\n\n\n<blockquote class=\"wp-block-quote is-layout-flow wp-block-quote-is-layout-flow\">\n<p>Me quiso robar, me sac\u00f3 un pica hielos y me dijo \u2018ya chingo a su m\u2026 Me amenaz\u00f3 y el perro se avent\u00f3 a defenderme, pero el chavo se fue y regres\u00f3 con otros cuatro\u201d, declar\u00f3.&nbsp;<\/p>\n<\/blockquote>\n\n\n\n<p>Asimismo, relat\u00f3 que u<strong>no de los sujetos que llegaron lo golpe\u00f3 y otro le dispar\u00f3 en tres ocasiones a su perrito de nombre Zeus,<\/strong>&nbsp;despu\u00e9s de ello, dur\u00f3 alrededor de tres minutos.<\/p>\n\n\n\n<blockquote class=\"wp-block-quote is-layout-flow wp-block-quote-is-layout-flow\">\n<p>El perro vino hacia a m\u00ed, herido, vino a que le diera auxilio y yo ya no pude hacer nada. Me siento mal, no s\u00e9 c\u00f3mo explicar, com\u00edamos del mismo plato, de la misma cuchara, \u00edbamos al ba\u00f1o juntos, dominamos juntos, la comida aqu\u00ed siempre primero para ellos. Me demostr\u00f3 mucho m\u00e1s el cari\u00f1o que yo, dio la vida por m\u00ed, es algo que no se puede explicar, no s\u00e9 ni como decirlo, duele, duele donde duele, en el mero coraz\u00f3n\u201d, relat\u00f3.<\/p>\n<\/blockquote>\n\n\n\n<p>Asimismo, enfatiz\u00f3 que&nbsp;<strong>Zeus era muy juguet\u00f3n y ten\u00eda muchos amigos,<\/strong>&nbsp;adem\u00e1s de que era querido por todo el barrio.&nbsp;<\/p>\n","protected":false},"excerpt":{"rendered":"<p>El due\u00f1o del perrito que lo defendi\u00f3 de un asalto en la CDMX cont\u00f3 que Zeus era su mejor amigo y que le doli\u00f3 que diera la vida por \u00e9l Ciudas de M\u00e9xico. El due\u00f1o del perrito que lo defendi\u00f3 de un asalto en la Ciudad de M\u00e9xico (CDMX) rompi\u00f3 en llanto durante una entrevista [&hellip;]<\/p>\n","protected":false},"author":7,"featured_media":53408,"comment_status":"open","ping_status":"open","sticky":false,"template":"","format":"standard","meta":{"tdm_status":"","tdm_grid_status":"","footnotes":""},"categories":[39,1],"tags":[],"class_list":{"0":"post-53406","1":"post","2":"type-post","3":"status-publish","4":"format-standard","5":"has-post-thumbnail","7":"category-noticias-nacionales","8":"category-sin-categoria"},"yoast_head":"<!-- This site is optimized with the Yoast SEO plugin v27.5 - https:\/\/yoast.com\/product\/yoast-seo-wordpress\/ -->\n<title>\u2018Dio la vida por m\u00ed\u2019, rompe en llanto due\u00f1o de perrito que lo defendi\u00f3 de asalto - Fuentes Fidedignas<\/title>\n<meta name=\"robots\" content=\"index, follow, max-snippet:-1, max-image-preview:large, max-video-preview:-1\" \/>\n<link rel=\"canonical\" href=\"https:\/\/fuentesfidedignas.com.mx\/index.php\/2023\/07\/22\/dio-la-vida-por-mi-rompe-en-llanto-dueno-de-perrito-que-lo-defendio-de-asalto\/\" \/>\n<meta property=\"og:locale\" content=\"es_MX\" \/>\n<meta property=\"og:type\" content=\"article\" \/>\n<meta property=\"og:title\" content=\"\u2018Dio la vida por m\u00ed\u2019, rompe en llanto due\u00f1o de perrito que lo defendi\u00f3 de asalto - Fuentes Fidedignas\" \/>\n<meta property=\"og:description\" content=\"El due\u00f1o del perrito que lo defendi\u00f3 de un asalto en la CDMX cont\u00f3 que Zeus era su mejor amigo y que le doli\u00f3 que diera la vida por \u00e9l Ciudas de M\u00e9xico. El due\u00f1o del perrito que lo defendi\u00f3 de un asalto en la Ciudad de M\u00e9xico (CDMX) rompi\u00f3 en llanto durante una entrevista [&hellip;]\" \/>\n<meta property=\"og:url\" content=\"https:\/\/fuentesfidedignas.com.mx\/index.php\/2023\/07\/22\/dio-la-vida-por-mi-rompe-en-llanto-dueno-de-perrito-que-lo-defendio-de-asalto\/\" \/>\n<meta property=\"og:site_name\" content=\"Fuentes Fidedignas\" \/>\n<meta property=\"article:publisher\" content=\"https:\/\/www.facebook.com\/Fuentes-Fidedignas-368234489921644\" \/>\n<meta property=\"article:published_time\" content=\"2023-07-22T17:49:17+00:00\" \/>\n<meta property=\"article:modified_time\" content=\"2023-07-22T17:50:20+00:00\" \/>\n<meta property=\"og:image\" content=\"https:\/\/fuentesfidedignas.com.mx\/wp-content\/uploads\/2023\/07\/2981583.jpg\" \/>\n\t<meta property=\"og:image:width\" content=\"800\" \/>\n\t<meta property=\"og:image:height\" content=\"600\" \/>\n\t<meta property=\"og:image:type\" content=\"image\/jpeg\" \/>\n<meta name=\"author\" content=\"Exc\u00e9lsior\" \/>\n<meta name=\"twitter:card\" content=\"summary_large_image\" \/>\n<meta name=\"twitter:creator\" content=\"@fidedignas\" \/>\n<meta name=\"twitter:site\" content=\"@fidedignas\" \/>\n<meta name=\"twitter:label1\" content=\"Escrito por\" \/>\n\t<meta name=\"twitter:data1\" content=\"Exc\u00e9lsior\" \/>\n\t<meta name=\"twitter:label2\" content=\"Tiempo de lectura\" \/>\n\t<meta name=\"twitter:data2\" content=\"2 minutos\" \/>\n<script type=\"application\/ld+json\" class=\"yoast-schema-graph\">{\"@context\":\"https:\\\/\\\/schema.org\",\"@graph\":[{\"@type\":\"Article\",\"@id\":\"https:\\\/\\\/fuentesfidedignas.com.mx\\\/index.php\\\/2023\\\/07\\\/22\\\/dio-la-vida-por-mi-rompe-en-llanto-dueno-de-perrito-que-lo-defendio-de-asalto\\\/#article\",\"isPartOf\":{\"@id\":\"https:\\\/\\\/fuentesfidedignas.com.mx\\\/index.php\\\/2023\\\/07\\\/22\\\/dio-la-vida-por-mi-rompe-en-llanto-dueno-de-perrito-que-lo-defendio-de-asalto\\\/\"},\"author\":{\"name\":\"Exc\u00e9lsior\",\"@id\":\"https:\\\/\\\/fuentesfidedignas.com.mx\\\/#\\\/schema\\\/person\\\/ec4edd1fbf5efa3e44fce34fe2787780\"},\"headline\":\"\u2018Dio la vida por m\u00ed\u2019, rompe en llanto due\u00f1o de perrito que lo defendi\u00f3 de asalto\",\"datePublished\":\"2023-07-22T17:49:17+00:00\",\"dateModified\":\"2023-07-22T17:50:20+00:00\",\"mainEntityOfPage\":{\"@id\":\"https:\\\/\\\/fuentesfidedignas.com.mx\\\/index.php\\\/2023\\\/07\\\/22\\\/dio-la-vida-por-mi-rompe-en-llanto-dueno-de-perrito-que-lo-defendio-de-asalto\\\/\"},\"wordCount\":457,\"commentCount\":0,\"publisher\":{\"@id\":\"https:\\\/\\\/fuentesfidedignas.com.mx\\\/#organization\"},\"image\":{\"@id\":\"https:\\\/\\\/fuentesfidedignas.com.mx\\\/index.php\\\/2023\\\/07\\\/22\\\/dio-la-vida-por-mi-rompe-en-llanto-dueno-de-perrito-que-lo-defendio-de-asalto\\\/#primaryimage\"},\"thumbnailUrl\":\"https:\\\/\\\/fuentesfidedignas.com.mx\\\/wp-content\\\/uploads\\\/2023\\\/07\\\/2981583.jpg\",\"articleSection\":[\"NOTICIAS NACIONALES\"],\"inLanguage\":\"es\",\"potentialAction\":[{\"@type\":\"CommentAction\",\"name\":\"Comment\",\"target\":[\"https:\\\/\\\/fuentesfidedignas.com.mx\\\/index.php\\\/2023\\\/07\\\/22\\\/dio-la-vida-por-mi-rompe-en-llanto-dueno-de-perrito-que-lo-defendio-de-asalto\\\/#respond\"]}]},{\"@type\":\"WebPage\",\"@id\":\"https:\\\/\\\/fuentesfidedignas.com.mx\\\/index.php\\\/2023\\\/07\\\/22\\\/dio-la-vida-por-mi-rompe-en-llanto-dueno-de-perrito-que-lo-defendio-de-asalto\\\/\",\"url\":\"https:\\\/\\\/fuentesfidedignas.com.mx\\\/index.php\\\/2023\\\/07\\\/22\\\/dio-la-vida-por-mi-rompe-en-llanto-dueno-de-perrito-que-lo-defendio-de-asalto\\\/\",\"name\":\"\u2018Dio la vida por m\u00ed\u2019, rompe en llanto due\u00f1o de perrito que lo defendi\u00f3 de asalto - Fuentes Fidedignas\",\"isPartOf\":{\"@id\":\"https:\\\/\\\/fuentesfidedignas.com.mx\\\/#website\"},\"primaryImageOfPage\":{\"@id\":\"https:\\\/\\\/fuentesfidedignas.com.mx\\\/index.php\\\/2023\\\/07\\\/22\\\/dio-la-vida-por-mi-rompe-en-llanto-dueno-de-perrito-que-lo-defendio-de-asalto\\\/#primaryimage\"},\"image\":{\"@id\":\"https:\\\/\\\/fuentesfidedignas.com.mx\\\/index.php\\\/2023\\\/07\\\/22\\\/dio-la-vida-por-mi-rompe-en-llanto-dueno-de-perrito-que-lo-defendio-de-asalto\\\/#primaryimage\"},\"thumbnailUrl\":\"https:\\\/\\\/fuentesfidedignas.com.mx\\\/wp-content\\\/uploads\\\/2023\\\/07\\\/2981583.jpg\",\"datePublished\":\"2023-07-22T17:49:17+00:00\",\"dateModified\":\"2023-07-22T17:50:20+00:00\",\"breadcrumb\":{\"@id\":\"https:\\\/\\\/fuentesfidedignas.com.mx\\\/index.php\\\/2023\\\/07\\\/22\\\/dio-la-vida-por-mi-rompe-en-llanto-dueno-de-perrito-que-lo-defendio-de-asalto\\\/#breadcrumb\"},\"inLanguage\":\"es\",\"potentialAction\":[{\"@type\":\"ReadAction\",\"target\":[\"https:\\\/\\\/fuentesfidedignas.com.mx\\\/index.php\\\/2023\\\/07\\\/22\\\/dio-la-vida-por-mi-rompe-en-llanto-dueno-de-perrito-que-lo-defendio-de-asalto\\\/\"]}]},{\"@type\":\"ImageObject\",\"inLanguage\":\"es\",\"@id\":\"https:\\\/\\\/fuentesfidedignas.com.mx\\\/index.php\\\/2023\\\/07\\\/22\\\/dio-la-vida-por-mi-rompe-en-llanto-dueno-de-perrito-que-lo-defendio-de-asalto\\\/#primaryimage\",\"url\":\"https:\\\/\\\/fuentesfidedignas.com.mx\\\/wp-content\\\/uploads\\\/2023\\\/07\\\/2981583.jpg\",\"contentUrl\":\"https:\\\/\\\/fuentesfidedignas.com.mx\\\/wp-content\\\/uploads\\\/2023\\\/07\\\/2981583.jpg\",\"width\":800,\"height\":600},{\"@type\":\"BreadcrumbList\",\"@id\":\"https:\\\/\\\/fuentesfidedignas.com.mx\\\/index.php\\\/2023\\\/07\\\/22\\\/dio-la-vida-por-mi-rompe-en-llanto-dueno-de-perrito-que-lo-defendio-de-asalto\\\/#breadcrumb\",\"itemListElement\":[{\"@type\":\"ListItem\",\"position\":1,\"name\":\"Inicio\",\"item\":\"https:\\\/\\\/fuentesfidedignas.com.mx\\\/\"},{\"@type\":\"ListItem\",\"position\":2,\"name\":\"\u2018Dio la vida por m\u00ed\u2019, rompe en llanto due\u00f1o de perrito que lo defendi\u00f3 de asalto\"}]},{\"@type\":\"WebSite\",\"@id\":\"https:\\\/\\\/fuentesfidedignas.com.mx\\\/#website\",\"url\":\"https:\\\/\\\/fuentesfidedignas.com.mx\\\/\",\"name\":\"Fuentes Fidedignas\",\"description\":\"Otro sitio realizado con WordPress\",\"publisher\":{\"@id\":\"https:\\\/\\\/fuentesfidedignas.com.mx\\\/#organization\"},\"potentialAction\":[{\"@type\":\"SearchAction\",\"target\":{\"@type\":\"EntryPoint\",\"urlTemplate\":\"https:\\\/\\\/fuentesfidedignas.com.mx\\\/?s={search_term_string}\"},\"query-input\":{\"@type\":\"PropertyValueSpecification\",\"valueRequired\":true,\"valueName\":\"search_term_string\"}}],\"inLanguage\":\"es\"},{\"@type\":\"Organization\",\"@id\":\"https:\\\/\\\/fuentesfidedignas.com.mx\\\/#organization\",\"name\":\"Fuentes Fidedignas\",\"url\":\"https:\\\/\\\/fuentesfidedignas.com.mx\\\/\",\"logo\":{\"@type\":\"ImageObject\",\"inLanguage\":\"es\",\"@id\":\"https:\\\/\\\/fuentesfidedignas.com.mx\\\/#\\\/schema\\\/logo\\\/image\\\/\",\"url\":\"https:\\\/\\\/fuentesfidedignas.com.mx\\\/wp-content\\\/uploads\\\/2021\\\/04\\\/logo-retina.png\",\"contentUrl\":\"https:\\\/\\\/fuentesfidedignas.com.mx\\\/wp-content\\\/uploads\\\/2021\\\/04\\\/logo-retina.png\",\"width\":280,\"height\":51,\"caption\":\"Fuentes Fidedignas\"},\"image\":{\"@id\":\"https:\\\/\\\/fuentesfidedignas.com.mx\\\/#\\\/schema\\\/logo\\\/image\\\/\"},\"sameAs\":[\"https:\\\/\\\/www.facebook.com\\\/Fuentes-Fidedignas-368234489921644\",\"https:\\\/\\\/x.com\\\/fidedignas\"]},{\"@type\":\"Person\",\"@id\":\"https:\\\/\\\/fuentesfidedignas.com.mx\\\/#\\\/schema\\\/person\\\/ec4edd1fbf5efa3e44fce34fe2787780\",\"name\":\"Exc\u00e9lsior\",\"image\":{\"@type\":\"ImageObject\",\"inLanguage\":\"es\",\"@id\":\"https:\\\/\\\/secure.gravatar.com\\\/avatar\\\/4b7ee9206b48be08447852b3f0814dbc7c0f3b51541b164f1464a2725614020b?s=96&d=mm&r=g\",\"url\":\"https:\\\/\\\/secure.gravatar.com\\\/avatar\\\/4b7ee9206b48be08447852b3f0814dbc7c0f3b51541b164f1464a2725614020b?s=96&d=mm&r=g\",\"contentUrl\":\"https:\\\/\\\/secure.gravatar.com\\\/avatar\\\/4b7ee9206b48be08447852b3f0814dbc7c0f3b51541b164f1464a2725614020b?s=96&d=mm&r=g\",\"caption\":\"Exc\u00e9lsior\"},\"url\":\"https:\\\/\\\/fuentesfidedignas.com.mx\\\/index.php\\\/author\\\/excelsior\\\/\"}]}<\/script>\n<!-- \/ Yoast SEO plugin. -->","yoast_head_json":{"title":"\u2018Dio la vida por m\u00ed\u2019, rompe en llanto due\u00f1o de perrito que lo defendi\u00f3 de asalto - Fuentes Fidedignas","robots":{"index":"index","follow":"follow","max-snippet":"max-snippet:-1","max-image-preview":"max-image-preview:large","max-video-preview":"max-video-preview:-1"},"canonical":"https:\/\/fuentesfidedignas.com.mx\/index.php\/2023\/07\/22\/dio-la-vida-por-mi-rompe-en-llanto-dueno-de-perrito-que-lo-defendio-de-asalto\/","og_locale":"es_MX","og_type":"article","og_title":"\u2018Dio la vida por m\u00ed\u2019, rompe en llanto due\u00f1o de perrito que lo defendi\u00f3 de asalto - Fuentes Fidedignas","og_description":"El due\u00f1o del perrito que lo defendi\u00f3 de un asalto en la CDMX cont\u00f3 que Zeus era su mejor amigo y que le doli\u00f3 que diera la vida por \u00e9l Ciudas de M\u00e9xico. El due\u00f1o del perrito que lo defendi\u00f3 de un asalto en la Ciudad de M\u00e9xico (CDMX) rompi\u00f3 en llanto durante una entrevista [&hellip;]","og_url":"https:\/\/fuentesfidedignas.com.mx\/index.php\/2023\/07\/22\/dio-la-vida-por-mi-rompe-en-llanto-dueno-de-perrito-que-lo-defendio-de-asalto\/","og_site_name":"Fuentes Fidedignas","article_publisher":"https:\/\/www.facebook.com\/Fuentes-Fidedignas-368234489921644","article_published_time":"2023-07-22T17:49:17+00:00","article_modified_time":"2023-07-22T17:50:20+00:00","og_image":[{"width":800,"height":600,"url":"https:\/\/fuentesfidedignas.com.mx\/wp-content\/uploads\/2023\/07\/2981583.jpg","type":"image\/jpeg"}],"author":"Exc\u00e9lsior","twitter_card":"summary_large_image","twitter_creator":"@fidedignas","twitter_site":"@fidedignas","twitter_misc":{"Escrito por":"Exc\u00e9lsior","Tiempo de lectura":"2 minutos"},"schema":{"@context":"https:\/\/schema.org","@graph":[{"@type":"Article","@id":"https:\/\/fuentesfidedignas.com.mx\/index.php\/2023\/07\/22\/dio-la-vida-por-mi-rompe-en-llanto-dueno-de-perrito-que-lo-defendio-de-asalto\/#article","isPartOf":{"@id":"https:\/\/fuentesfidedignas.com.mx\/index.php\/2023\/07\/22\/dio-la-vida-por-mi-rompe-en-llanto-dueno-de-perrito-que-lo-defendio-de-asalto\/"},"author":{"name":"Exc\u00e9lsior","@id":"https:\/\/fuentesfidedignas.com.mx\/#\/schema\/person\/ec4edd1fbf5efa3e44fce34fe2787780"},"headline":"\u2018Dio la vida por m\u00ed\u2019, rompe en llanto due\u00f1o de perrito que lo defendi\u00f3 de asalto","datePublished":"2023-07-22T17:49:17+00:00","dateModified":"2023-07-22T17:50:20+00:00","mainEntityOfPage":{"@id":"https:\/\/fuentesfidedignas.com.mx\/index.php\/2023\/07\/22\/dio-la-vida-por-mi-rompe-en-llanto-dueno-de-perrito-que-lo-defendio-de-asalto\/"},"wordCount":457,"commentCount":0,"publisher":{"@id":"https:\/\/fuentesfidedignas.com.mx\/#organization"},"image":{"@id":"https:\/\/fuentesfidedignas.com.mx\/index.php\/2023\/07\/22\/dio-la-vida-por-mi-rompe-en-llanto-dueno-de-perrito-que-lo-defendio-de-asalto\/#primaryimage"},"thumbnailUrl":"https:\/\/fuentesfidedignas.com.mx\/wp-content\/uploads\/2023\/07\/2981583.jpg","articleSection":["NOTICIAS NACIONALES"],"inLanguage":"es","potentialAction":[{"@type":"CommentAction","name":"Comment","target":["https:\/\/fuentesfidedignas.com.mx\/index.php\/2023\/07\/22\/dio-la-vida-por-mi-rompe-en-llanto-dueno-de-perrito-que-lo-defendio-de-asalto\/#respond"]}]},{"@type":"WebPage","@id":"https:\/\/fuentesfidedignas.com.mx\/index.php\/2023\/07\/22\/dio-la-vida-por-mi-rompe-en-llanto-dueno-de-perrito-que-lo-defendio-de-asalto\/","url":"https:\/\/fuentesfidedignas.com.mx\/index.php\/2023\/07\/22\/dio-la-vida-por-mi-rompe-en-llanto-dueno-de-perrito-que-lo-defendio-de-asalto\/","name":"\u2018Dio la vida por m\u00ed\u2019, rompe en llanto due\u00f1o de perrito que lo defendi\u00f3 de asalto - Fuentes Fidedignas","isPartOf":{"@id":"https:\/\/fuentesfidedignas.com.mx\/#website"},"primaryImageOfPage":{"@id":"https:\/\/fuentesfidedignas.com.mx\/index.php\/2023\/07\/22\/dio-la-vida-por-mi-rompe-en-llanto-dueno-de-perrito-que-lo-defendio-de-asalto\/#primaryimage"},"image":{"@id":"https:\/\/fuentesfidedignas.com.mx\/index.php\/2023\/07\/22\/dio-la-vida-por-mi-rompe-en-llanto-dueno-de-perrito-que-lo-defendio-de-asalto\/#primaryimage"},"thumbnailUrl":"https:\/\/fuentesfidedignas.com.mx\/wp-content\/uploads\/2023\/07\/2981583.jpg","datePublished":"2023-07-22T17:49:17+00:00","dateModified":"2023-07-22T17:50:20+00:00","breadcrumb":{"@id":"https:\/\/fuentesfidedignas.com.mx\/index.php\/2023\/07\/22\/dio-la-vida-por-mi-rompe-en-llanto-dueno-de-perrito-que-lo-defendio-de-asalto\/#breadcrumb"},"inLanguage":"es","potentialAction":[{"@type":"ReadAction","target":["https:\/\/fuentesfidedignas.com.mx\/index.php\/2023\/07\/22\/dio-la-vida-por-mi-rompe-en-llanto-dueno-de-perrito-que-lo-defendio-de-asalto\/"]}]},{"@type":"ImageObject","inLanguage":"es","@id":"https:\/\/fuentesfidedignas.com.mx\/index.php\/2023\/07\/22\/dio-la-vida-por-mi-rompe-en-llanto-dueno-de-perrito-que-lo-defendio-de-asalto\/#primaryimage","url":"https:\/\/fuentesfidedignas.com.mx\/wp-content\/uploads\/2023\/07\/2981583.jpg","contentUrl":"https:\/\/fuentesfidedignas.com.mx\/wp-content\/uploads\/2023\/07\/2981583.jpg","width":800,"height":600},{"@type":"BreadcrumbList","@id":"https:\/\/fuentesfidedignas.com.mx\/index.php\/2023\/07\/22\/dio-la-vida-por-mi-rompe-en-llanto-dueno-de-perrito-que-lo-defendio-de-asalto\/#breadcrumb","itemListElement":[{"@type":"ListItem","position":1,"name":"Inicio","item":"https:\/\/fuentesfidedignas.com.mx\/"},{"@type":"ListItem","position":2,"name":"\u2018Dio la vida por m\u00ed\u2019, rompe en llanto due\u00f1o de perrito que lo defendi\u00f3 de asalto"}]},{"@type":"WebSite","@id":"https:\/\/fuentesfidedignas.com.mx\/#website","url":"https:\/\/fuentesfidedignas.com.mx\/","name":"Fuentes Fidedignas","description":"Otro sitio realizado con WordPress","publisher":{"@id":"https:\/\/fuentesfidedignas.com.mx\/#organization"},"potentialAction":[{"@type":"SearchAction","target":{"@type":"EntryPoint","urlTemplate":"https:\/\/fuentesfidedignas.com.mx\/?s={search_term_string}"},"query-input":{"@type":"PropertyValueSpecification","valueRequired":true,"valueName":"search_term_string"}}],"inLanguage":"es"},{"@type":"Organization","@id":"https:\/\/fuentesfidedignas.com.mx\/#organization","name":"Fuentes Fidedignas","url":"https:\/\/fuentesfidedignas.com.mx\/","logo":{"@type":"ImageObject","inLanguage":"es","@id":"https:\/\/fuentesfidedignas.com.mx\/#\/schema\/logo\/image\/","url":"https:\/\/fuentesfidedignas.com.mx\/wp-content\/uploads\/2021\/04\/logo-retina.png","contentUrl":"https:\/\/fuentesfidedignas.com.mx\/wp-content\/uploads\/2021\/04\/logo-retina.png","width":280,"height":51,"caption":"Fuentes Fidedignas"},"image":{"@id":"https:\/\/fuentesfidedignas.com.mx\/#\/schema\/logo\/image\/"},"sameAs":["https:\/\/www.facebook.com\/Fuentes-Fidedignas-368234489921644","https:\/\/x.com\/fidedignas"]},{"@type":"Person","@id":"https:\/\/fuentesfidedignas.com.mx\/#\/schema\/person\/ec4edd1fbf5efa3e44fce34fe2787780","name":"Exc\u00e9lsior","image":{"@type":"ImageObject","inLanguage":"es","@id":"https:\/\/secure.gravatar.com\/avatar\/4b7ee9206b48be08447852b3f0814dbc7c0f3b51541b164f1464a2725614020b?s=96&d=mm&r=g","url":"https:\/\/secure.gravatar.com\/avatar\/4b7ee9206b48be08447852b3f0814dbc7c0f3b51541b164f1464a2725614020b?s=96&d=mm&r=g","contentUrl":"https:\/\/secure.gravatar.com\/avatar\/4b7ee9206b48be08447852b3f0814dbc7c0f3b51541b164f1464a2725614020b?s=96&d=mm&r=g","caption":"Exc\u00e9lsior"},"url":"https:\/\/fuentesfidedignas.com.mx\/index.php\/author\/excelsior\/"}]}},"_links":{"self":[{"href":"https:\/\/fuentesfidedignas.com.mx\/index.php\/wp-json\/wp\/v2\/posts\/53406","targetHints":{"allow":["GET"]}}],"collection":[{"href":"https:\/\/fuentesfidedignas.com.mx\/index.php\/wp-json\/wp\/v2\/posts"}],"about":[{"href":"https:\/\/fuentesfidedignas.com.mx\/index.php\/wp-json\/wp\/v2\/types\/post"}],"author":[{"embeddable":true,"href":"https:\/\/fuentesfidedignas.com.mx\/index.php\/wp-json\/wp\/v2\/users\/7"}],"replies":[{"embeddable":true,"href":"https:\/\/fuentesfidedignas.com.mx\/index.php\/wp-json\/wp\/v2\/comments?post=53406"}],"version-history":[{"count":1,"href":"https:\/\/fuentesfidedignas.com.mx\/index.php\/wp-json\/wp\/v2\/posts\/53406\/revisions"}],"predecessor-version":[{"id":53407,"href":"https:\/\/fuentesfidedignas.com.mx\/index.php\/wp-json\/wp\/v2\/posts\/53406\/revisions\/53407"}],"wp:featuredmedia":[{"embeddable":true,"href":"https:\/\/fuentesfidedignas.com.mx\/index.php\/wp-json\/wp\/v2\/media\/53408"}],"wp:attachment":[{"href":"https:\/\/fuentesfidedignas.com.mx\/index.php\/wp-json\/wp\/v2\/media?parent=53406"}],"wp:term":[{"taxonomy":"category","embeddable":true,"href":"https:\/\/fuentesfidedignas.com.mx\/index.php\/wp-json\/wp\/v2\/categories?post=53406"},{"taxonomy":"post_tag","embeddable":true,"href":"https:\/\/fuentesfidedignas.com.mx\/index.php\/wp-json\/wp\/v2\/tags?post=53406"}],"curies":[{"name":"wp","href":"https:\/\/api.w.org\/{rel}","templated":true}]}}