{"id":53392,"date":"2023-07-22T08:14:06","date_gmt":"2023-07-22T15:14:06","guid":{"rendered":"https:\/\/fuentesfidedignas.com.mx\/?p=53392"},"modified":"2023-07-22T08:52:03","modified_gmt":"2023-07-22T15:52:03","slug":"incendio-provocado-en-bar-deja-al-menos-11-muertos-en-sonora","status":"publish","type":"post","link":"https:\/\/fuentesfidedignas.com.mx\/index.php\/2023\/07\/22\/incendio-provocado-en-bar-deja-al-menos-11-muertos-en-sonora\/","title":{"rendered":"Incendio provocado en bar deja al menos 11 muertos en Sonora"},"content":{"rendered":"\n<p><strong><em>Un sujeto, quien habr\u00eda sido retirado del bar, arroj\u00f3 un una especie de bomba molotov, lo que origin\u00f3 el siniestro en San Luis R\u00edo Colorado, Sonora<\/em><\/strong><\/p>\n\n\n\n<p>Sonora. La&nbsp;<strong>Fiscal\u00eda General de Justicia de Sonora<\/strong>&nbsp;dio a conocer que realiza las investigaciones para localizar a un sujeto que incendi\u00f3, de manera intencional, en un bar de la colonia&nbsp;<strong>Comercial<\/strong>&nbsp;de&nbsp;<strong>San Luis R\u00edo Colorado<\/strong>, que dej\u00f3 como saldo&nbsp;<strong>11 personas<\/strong>&nbsp;muertas.<\/p>\n\n\n\n<figure class=\"wp-block-embed is-type-rich is-provider-twitter wp-block-embed-twitter\"><div class=\"wp-block-embed__wrapper\">\n<blockquote class=\"twitter-tweet\" data-width=\"550\" data-dnt=\"true\"><p lang=\"es\" dir=\"ltr\">Y salen a la luz en las redes las primeras im\u00e1genes del incendio en el bar de San Luis R\u00edo Colorado, Sonora, donde murieron once personas. <br><br>Im\u00e1genes sensibles. Se recomienda discreci\u00f3n.<a href=\"https:\/\/t.co\/IqUB4auWUB\">https:\/\/t.co\/IqUB4auWUB<\/a> <a href=\"https:\/\/t.co\/j25PKxnAJF\">pic.twitter.com\/j25PKxnAJF<\/a><\/p>&mdash; Joaqu\u00edn L\u00f3pez-D\u00f3riga (@lopezdoriga) <a href=\"https:\/\/twitter.com\/lopezdoriga\/status\/1682761626569588737?ref_src=twsrc%5Etfw\">July 22, 2023<\/a><\/blockquote><script async src=\"https:\/\/platform.twitter.com\/widgets.js\" charset=\"utf-8\"><\/script>\n<\/div><\/figure>\n\n\n\n<p>La dependencia detall\u00f3 que, en informaci\u00f3n generada de manera\u00a0<strong>preliminar<\/strong>, el incendio se origin\u00f3 a la 01:33 h de este s\u00e1bado despu\u00e9s de que el sujeto, presuntamente en estado de ebriedad, arroj\u00f3 un objeto con fuego a las puertas del establecimiento, luego de ser expulsado por elementos del mismo.<\/p>\n\n\n\n<p>Seg\u00fan versiones de testigos, la\u00a0<strong>persona<\/strong>\u00a0de aspecto joven, masculino, se encontraba falt\u00e1ndole al respeto a mujeres de ese bar, por lo que fue retirado del mismo, para despu\u00e9s regresar y arrojar a las puertas del inmueble al parecer una especie de bomba molotov, lo que origin\u00f3 el siniestro.<\/p>\n\n\n\n<figure class=\"wp-block-embed is-type-rich is-provider-twitter wp-block-embed-twitter\"><div class=\"wp-block-embed__wrapper\">\n<blockquote class=\"twitter-tweet\" data-width=\"550\" data-dnt=\"true\"><p lang=\"es\" dir=\"ltr\">\u26a0\ufe0fTRAGEDIA en <a href=\"https:\/\/twitter.com\/hashtag\/Sonora?src=hash&amp;ref_src=twsrc%5Etfw\">#Sonora<\/a>\u26a0\ufe0f 11 personas murieron en el interior de un bar de San Luis R\u00edo Colorado luego de que un sujeto incendiara de manera intencional la puerta. La <a href=\"https:\/\/twitter.com\/fgjesonora?ref_src=twsrc%5Etfw\">@fgjesonora<\/a> confirma muertos a 7 hombres, 4 mujeres y hay 4 lesionados. No hay detenidos <br><br>En breve m\u00e1s informaci\u00f3n <a href=\"https:\/\/t.co\/Rlb8ZqPvoP\">pic.twitter.com\/Rlb8ZqPvoP<\/a><\/p>&mdash; Michelle Rivera (@michelleriveraa) <a href=\"https:\/\/twitter.com\/michelleriveraa\/status\/1682752712612405248?ref_src=twsrc%5Etfw\">July 22, 2023<\/a><\/blockquote><script async src=\"https:\/\/platform.twitter.com\/widgets.js\" charset=\"utf-8\"><\/script>\n<\/div><\/figure>\n\n\n\n<p>Hasta el momento se reportan\u00a0<strong>11 personas muertas<\/strong>,\u00a0<strong>siete<\/strong>\u00a0hombres y\u00a0<strong>cuatro<\/strong>\u00a0mujeres, adem\u00e1s de\u00a0<strong>cuatro<\/strong>\u00a0lesionadas, quienes se atienden en hospitales de\u00a0<strong>San Luis R\u00edo Colorado<\/strong>, Sonora y de Estados Unidos.<\/p>\n\n\n\n<figure class=\"wp-block-embed is-type-rich is-provider-twitter wp-block-embed-twitter\"><div class=\"wp-block-embed__wrapper\">\n<blockquote class=\"twitter-tweet\" data-width=\"550\" data-dnt=\"true\"><p lang=\"es\" dir=\"ltr\">\u26a0\ufe0fTRAGEDIA en <a href=\"https:\/\/twitter.com\/hashtag\/Sonora?src=hash&amp;ref_src=twsrc%5Etfw\">#Sonora<\/a>\u26a0\ufe0f<br><br>As\u00ed fueron sacados los cuerpos de las 11 personas que murieron calcinadas en el bar <a href=\"https:\/\/twitter.com\/hashtag\/BeerHouse?src=hash&amp;ref_src=twsrc%5Etfw\">#BeerHouse<\/a> de SLRC en <a href=\"https:\/\/twitter.com\/hashtag\/Sonora?src=hash&amp;ref_src=twsrc%5Etfw\">#Sonora<\/a>.  un sujeto se habr\u00eda molestado porque lo sacaron de este bar y regres\u00f3 a quemarlo provocando luto a varias familias. <a href=\"https:\/\/twitter.com\/fgjesonora?ref_src=twsrc%5Etfw\">@fgjesonora<\/a> investiga <a href=\"https:\/\/t.co\/UBCyQkhc1Z\">pic.twitter.com\/UBCyQkhc1Z<\/a><\/p>&mdash; Michelle Rivera (@michelleriveraa) <a href=\"https:\/\/twitter.com\/michelleriveraa\/status\/1682757928422461446?ref_src=twsrc%5Etfw\">July 22, 2023<\/a><\/blockquote><script async src=\"https:\/\/platform.twitter.com\/widgets.js\" charset=\"utf-8\"><\/script>\n<\/div><\/figure>\n","protected":false},"excerpt":{"rendered":"<p>Un sujeto, quien habr\u00eda sido retirado del bar, arroj\u00f3 un una especie de bomba molotov, lo que origin\u00f3 el siniestro en San Luis R\u00edo Colorado, Sonora Sonora. La&nbsp;Fiscal\u00eda General de Justicia de Sonora&nbsp;dio a conocer que realiza las investigaciones para localizar a un sujeto que incendi\u00f3, de manera intencional, en un bar de la colonia&nbsp;Comercial&nbsp;de&nbsp;San [&hellip;]<\/p>\n","protected":false},"author":47,"featured_media":53394,"comment_status":"open","ping_status":"open","sticky":false,"template":"","format":"standard","meta":{"tdm_status":"","tdm_grid_status":"","footnotes":""},"categories":[37,1],"tags":[],"class_list":{"0":"post-53392","1":"post","2":"type-post","3":"status-publish","4":"format-standard","5":"has-post-thumbnail","7":"category-nota-principal","8":"category-sin-categoria"},"yoast_head":"<!-- This site is optimized with the Yoast SEO plugin v27.5 - https:\/\/yoast.com\/product\/yoast-seo-wordpress\/ -->\n<title>Incendio provocado en bar deja al menos 11 muertos en Sonora - Fuentes Fidedignas<\/title>\n<meta name=\"robots\" content=\"index, follow, max-snippet:-1, max-image-preview:large, max-video-preview:-1\" \/>\n<link rel=\"canonical\" href=\"https:\/\/fuentesfidedignas.com.mx\/index.php\/2023\/07\/22\/incendio-provocado-en-bar-deja-al-menos-11-muertos-en-sonora\/\" \/>\n<meta property=\"og:locale\" content=\"es_MX\" \/>\n<meta property=\"og:type\" content=\"article\" \/>\n<meta property=\"og:title\" content=\"Incendio provocado en bar deja al menos 11 muertos en Sonora - Fuentes Fidedignas\" \/>\n<meta property=\"og:description\" content=\"Un sujeto, quien habr\u00eda sido retirado del bar, arroj\u00f3 un una especie de bomba molotov, lo que origin\u00f3 el siniestro en San Luis R\u00edo Colorado, Sonora Sonora. La&nbsp;Fiscal\u00eda General de Justicia de Sonora&nbsp;dio a conocer que realiza las investigaciones para localizar a un sujeto que incendi\u00f3, de manera intencional, en un bar de la colonia&nbsp;Comercial&nbsp;de&nbsp;San [&hellip;]\" \/>\n<meta property=\"og:url\" content=\"https:\/\/fuentesfidedignas.com.mx\/index.php\/2023\/07\/22\/incendio-provocado-en-bar-deja-al-menos-11-muertos-en-sonora\/\" \/>\n<meta property=\"og:site_name\" content=\"Fuentes Fidedignas\" \/>\n<meta property=\"article:publisher\" content=\"https:\/\/www.facebook.com\/Fuentes-Fidedignas-368234489921644\" \/>\n<meta property=\"article:published_time\" content=\"2023-07-22T15:14:06+00:00\" \/>\n<meta property=\"article:modified_time\" content=\"2023-07-22T15:52:03+00:00\" \/>\n<meta property=\"og:image\" content=\"https:\/\/fuentesfidedignas.com.mx\/wp-content\/uploads\/2023\/07\/bar-sonora.jpeg\" \/>\n\t<meta property=\"og:image:width\" content=\"1036\" \/>\n\t<meta property=\"og:image:height\" content=\"688\" \/>\n\t<meta property=\"og:image:type\" content=\"image\/jpeg\" \/>\n<meta name=\"author\" content=\"L\u00f3pez D\u00f3riga\" \/>\n<meta name=\"twitter:card\" content=\"summary_large_image\" \/>\n<meta name=\"twitter:creator\" content=\"@fidedignas\" \/>\n<meta name=\"twitter:site\" content=\"@fidedignas\" \/>\n<meta name=\"twitter:label1\" content=\"Escrito por\" \/>\n\t<meta name=\"twitter:data1\" content=\"L\u00f3pez D\u00f3riga\" \/>\n\t<meta name=\"twitter:label2\" content=\"Tiempo de lectura\" \/>\n\t<meta name=\"twitter:data2\" content=\"1 minuto\" \/>\n<script type=\"application\/ld+json\" class=\"yoast-schema-graph\">{\"@context\":\"https:\\\/\\\/schema.org\",\"@graph\":[{\"@type\":\"Article\",\"@id\":\"https:\\\/\\\/fuentesfidedignas.com.mx\\\/index.php\\\/2023\\\/07\\\/22\\\/incendio-provocado-en-bar-deja-al-menos-11-muertos-en-sonora\\\/#article\",\"isPartOf\":{\"@id\":\"https:\\\/\\\/fuentesfidedignas.com.mx\\\/index.php\\\/2023\\\/07\\\/22\\\/incendio-provocado-en-bar-deja-al-menos-11-muertos-en-sonora\\\/\"},\"author\":{\"name\":\"L\u00f3pez D\u00f3riga\",\"@id\":\"https:\\\/\\\/fuentesfidedignas.com.mx\\\/#\\\/schema\\\/person\\\/67d852f0557c8509146a4b9ddebd543a\"},\"headline\":\"Incendio provocado en bar deja al menos 11 muertos en Sonora\",\"datePublished\":\"2023-07-22T15:14:06+00:00\",\"dateModified\":\"2023-07-22T15:52:03+00:00\",\"mainEntityOfPage\":{\"@id\":\"https:\\\/\\\/fuentesfidedignas.com.mx\\\/index.php\\\/2023\\\/07\\\/22\\\/incendio-provocado-en-bar-deja-al-menos-11-muertos-en-sonora\\\/\"},\"wordCount\":262,\"commentCount\":0,\"publisher\":{\"@id\":\"https:\\\/\\\/fuentesfidedignas.com.mx\\\/#organization\"},\"image\":{\"@id\":\"https:\\\/\\\/fuentesfidedignas.com.mx\\\/index.php\\\/2023\\\/07\\\/22\\\/incendio-provocado-en-bar-deja-al-menos-11-muertos-en-sonora\\\/#primaryimage\"},\"thumbnailUrl\":\"https:\\\/\\\/fuentesfidedignas.com.mx\\\/wp-content\\\/uploads\\\/2023\\\/07\\\/bar-sonora.jpeg\",\"articleSection\":[\"NOTA PRINCIPAL\"],\"inLanguage\":\"es\",\"potentialAction\":[{\"@type\":\"CommentAction\",\"name\":\"Comment\",\"target\":[\"https:\\\/\\\/fuentesfidedignas.com.mx\\\/index.php\\\/2023\\\/07\\\/22\\\/incendio-provocado-en-bar-deja-al-menos-11-muertos-en-sonora\\\/#respond\"]}]},{\"@type\":\"WebPage\",\"@id\":\"https:\\\/\\\/fuentesfidedignas.com.mx\\\/index.php\\\/2023\\\/07\\\/22\\\/incendio-provocado-en-bar-deja-al-menos-11-muertos-en-sonora\\\/\",\"url\":\"https:\\\/\\\/fuentesfidedignas.com.mx\\\/index.php\\\/2023\\\/07\\\/22\\\/incendio-provocado-en-bar-deja-al-menos-11-muertos-en-sonora\\\/\",\"name\":\"Incendio provocado en bar deja al menos 11 muertos en Sonora - Fuentes Fidedignas\",\"isPartOf\":{\"@id\":\"https:\\\/\\\/fuentesfidedignas.com.mx\\\/#website\"},\"primaryImageOfPage\":{\"@id\":\"https:\\\/\\\/fuentesfidedignas.com.mx\\\/index.php\\\/2023\\\/07\\\/22\\\/incendio-provocado-en-bar-deja-al-menos-11-muertos-en-sonora\\\/#primaryimage\"},\"image\":{\"@id\":\"https:\\\/\\\/fuentesfidedignas.com.mx\\\/index.php\\\/2023\\\/07\\\/22\\\/incendio-provocado-en-bar-deja-al-menos-11-muertos-en-sonora\\\/#primaryimage\"},\"thumbnailUrl\":\"https:\\\/\\\/fuentesfidedignas.com.mx\\\/wp-content\\\/uploads\\\/2023\\\/07\\\/bar-sonora.jpeg\",\"datePublished\":\"2023-07-22T15:14:06+00:00\",\"dateModified\":\"2023-07-22T15:52:03+00:00\",\"breadcrumb\":{\"@id\":\"https:\\\/\\\/fuentesfidedignas.com.mx\\\/index.php\\\/2023\\\/07\\\/22\\\/incendio-provocado-en-bar-deja-al-menos-11-muertos-en-sonora\\\/#breadcrumb\"},\"inLanguage\":\"es\",\"potentialAction\":[{\"@type\":\"ReadAction\",\"target\":[\"https:\\\/\\\/fuentesfidedignas.com.mx\\\/index.php\\\/2023\\\/07\\\/22\\\/incendio-provocado-en-bar-deja-al-menos-11-muertos-en-sonora\\\/\"]}]},{\"@type\":\"ImageObject\",\"inLanguage\":\"es\",\"@id\":\"https:\\\/\\\/fuentesfidedignas.com.mx\\\/index.php\\\/2023\\\/07\\\/22\\\/incendio-provocado-en-bar-deja-al-menos-11-muertos-en-sonora\\\/#primaryimage\",\"url\":\"https:\\\/\\\/fuentesfidedignas.com.mx\\\/wp-content\\\/uploads\\\/2023\\\/07\\\/bar-sonora.jpeg\",\"contentUrl\":\"https:\\\/\\\/fuentesfidedignas.com.mx\\\/wp-content\\\/uploads\\\/2023\\\/07\\\/bar-sonora.jpeg\",\"width\":1036,\"height\":688},{\"@type\":\"BreadcrumbList\",\"@id\":\"https:\\\/\\\/fuentesfidedignas.com.mx\\\/index.php\\\/2023\\\/07\\\/22\\\/incendio-provocado-en-bar-deja-al-menos-11-muertos-en-sonora\\\/#breadcrumb\",\"itemListElement\":[{\"@type\":\"ListItem\",\"position\":1,\"name\":\"Inicio\",\"item\":\"https:\\\/\\\/fuentesfidedignas.com.mx\\\/\"},{\"@type\":\"ListItem\",\"position\":2,\"name\":\"Incendio provocado en bar deja al menos 11 muertos en Sonora\"}]},{\"@type\":\"WebSite\",\"@id\":\"https:\\\/\\\/fuentesfidedignas.com.mx\\\/#website\",\"url\":\"https:\\\/\\\/fuentesfidedignas.com.mx\\\/\",\"name\":\"Fuentes Fidedignas\",\"description\":\"Otro sitio realizado con WordPress\",\"publisher\":{\"@id\":\"https:\\\/\\\/fuentesfidedignas.com.mx\\\/#organization\"},\"potentialAction\":[{\"@type\":\"SearchAction\",\"target\":{\"@type\":\"EntryPoint\",\"urlTemplate\":\"https:\\\/\\\/fuentesfidedignas.com.mx\\\/?s={search_term_string}\"},\"query-input\":{\"@type\":\"PropertyValueSpecification\",\"valueRequired\":true,\"valueName\":\"search_term_string\"}}],\"inLanguage\":\"es\"},{\"@type\":\"Organization\",\"@id\":\"https:\\\/\\\/fuentesfidedignas.com.mx\\\/#organization\",\"name\":\"Fuentes Fidedignas\",\"url\":\"https:\\\/\\\/fuentesfidedignas.com.mx\\\/\",\"logo\":{\"@type\":\"ImageObject\",\"inLanguage\":\"es\",\"@id\":\"https:\\\/\\\/fuentesfidedignas.com.mx\\\/#\\\/schema\\\/logo\\\/image\\\/\",\"url\":\"https:\\\/\\\/fuentesfidedignas.com.mx\\\/wp-content\\\/uploads\\\/2021\\\/04\\\/logo-retina.png\",\"contentUrl\":\"https:\\\/\\\/fuentesfidedignas.com.mx\\\/wp-content\\\/uploads\\\/2021\\\/04\\\/logo-retina.png\",\"width\":280,\"height\":51,\"caption\":\"Fuentes Fidedignas\"},\"image\":{\"@id\":\"https:\\\/\\\/fuentesfidedignas.com.mx\\\/#\\\/schema\\\/logo\\\/image\\\/\"},\"sameAs\":[\"https:\\\/\\\/www.facebook.com\\\/Fuentes-Fidedignas-368234489921644\",\"https:\\\/\\\/x.com\\\/fidedignas\"]},{\"@type\":\"Person\",\"@id\":\"https:\\\/\\\/fuentesfidedignas.com.mx\\\/#\\\/schema\\\/person\\\/67d852f0557c8509146a4b9ddebd543a\",\"name\":\"L\u00f3pez D\u00f3riga\",\"image\":{\"@type\":\"ImageObject\",\"inLanguage\":\"es\",\"@id\":\"https:\\\/\\\/secure.gravatar.com\\\/avatar\\\/e525b06574ca18b33cded59dfe5778d6c823b9513154eff47da551b0551bdd1e?s=96&d=mm&r=g\",\"url\":\"https:\\\/\\\/secure.gravatar.com\\\/avatar\\\/e525b06574ca18b33cded59dfe5778d6c823b9513154eff47da551b0551bdd1e?s=96&d=mm&r=g\",\"contentUrl\":\"https:\\\/\\\/secure.gravatar.com\\\/avatar\\\/e525b06574ca18b33cded59dfe5778d6c823b9513154eff47da551b0551bdd1e?s=96&d=mm&r=g\",\"caption\":\"L\u00f3pez D\u00f3riga\"},\"url\":\"https:\\\/\\\/fuentesfidedignas.com.mx\\\/index.php\\\/author\\\/doriga\\\/\"}]}<\/script>\n<!-- \/ Yoast SEO plugin. -->","yoast_head_json":{"title":"Incendio provocado en bar deja al menos 11 muertos en Sonora - Fuentes Fidedignas","robots":{"index":"index","follow":"follow","max-snippet":"max-snippet:-1","max-image-preview":"max-image-preview:large","max-video-preview":"max-video-preview:-1"},"canonical":"https:\/\/fuentesfidedignas.com.mx\/index.php\/2023\/07\/22\/incendio-provocado-en-bar-deja-al-menos-11-muertos-en-sonora\/","og_locale":"es_MX","og_type":"article","og_title":"Incendio provocado en bar deja al menos 11 muertos en Sonora - Fuentes Fidedignas","og_description":"Un sujeto, quien habr\u00eda sido retirado del bar, arroj\u00f3 un una especie de bomba molotov, lo que origin\u00f3 el siniestro en San Luis R\u00edo Colorado, Sonora Sonora. La&nbsp;Fiscal\u00eda General de Justicia de Sonora&nbsp;dio a conocer que realiza las investigaciones para localizar a un sujeto que incendi\u00f3, de manera intencional, en un bar de la colonia&nbsp;Comercial&nbsp;de&nbsp;San [&hellip;]","og_url":"https:\/\/fuentesfidedignas.com.mx\/index.php\/2023\/07\/22\/incendio-provocado-en-bar-deja-al-menos-11-muertos-en-sonora\/","og_site_name":"Fuentes Fidedignas","article_publisher":"https:\/\/www.facebook.com\/Fuentes-Fidedignas-368234489921644","article_published_time":"2023-07-22T15:14:06+00:00","article_modified_time":"2023-07-22T15:52:03+00:00","og_image":[{"width":1036,"height":688,"url":"https:\/\/fuentesfidedignas.com.mx\/wp-content\/uploads\/2023\/07\/bar-sonora.jpeg","type":"image\/jpeg"}],"author":"L\u00f3pez D\u00f3riga","twitter_card":"summary_large_image","twitter_creator":"@fidedignas","twitter_site":"@fidedignas","twitter_misc":{"Escrito por":"L\u00f3pez D\u00f3riga","Tiempo de lectura":"1 minuto"},"schema":{"@context":"https:\/\/schema.org","@graph":[{"@type":"Article","@id":"https:\/\/fuentesfidedignas.com.mx\/index.php\/2023\/07\/22\/incendio-provocado-en-bar-deja-al-menos-11-muertos-en-sonora\/#article","isPartOf":{"@id":"https:\/\/fuentesfidedignas.com.mx\/index.php\/2023\/07\/22\/incendio-provocado-en-bar-deja-al-menos-11-muertos-en-sonora\/"},"author":{"name":"L\u00f3pez D\u00f3riga","@id":"https:\/\/fuentesfidedignas.com.mx\/#\/schema\/person\/67d852f0557c8509146a4b9ddebd543a"},"headline":"Incendio provocado en bar deja al menos 11 muertos en Sonora","datePublished":"2023-07-22T15:14:06+00:00","dateModified":"2023-07-22T15:52:03+00:00","mainEntityOfPage":{"@id":"https:\/\/fuentesfidedignas.com.mx\/index.php\/2023\/07\/22\/incendio-provocado-en-bar-deja-al-menos-11-muertos-en-sonora\/"},"wordCount":262,"commentCount":0,"publisher":{"@id":"https:\/\/fuentesfidedignas.com.mx\/#organization"},"image":{"@id":"https:\/\/fuentesfidedignas.com.mx\/index.php\/2023\/07\/22\/incendio-provocado-en-bar-deja-al-menos-11-muertos-en-sonora\/#primaryimage"},"thumbnailUrl":"https:\/\/fuentesfidedignas.com.mx\/wp-content\/uploads\/2023\/07\/bar-sonora.jpeg","articleSection":["NOTA PRINCIPAL"],"inLanguage":"es","potentialAction":[{"@type":"CommentAction","name":"Comment","target":["https:\/\/fuentesfidedignas.com.mx\/index.php\/2023\/07\/22\/incendio-provocado-en-bar-deja-al-menos-11-muertos-en-sonora\/#respond"]}]},{"@type":"WebPage","@id":"https:\/\/fuentesfidedignas.com.mx\/index.php\/2023\/07\/22\/incendio-provocado-en-bar-deja-al-menos-11-muertos-en-sonora\/","url":"https:\/\/fuentesfidedignas.com.mx\/index.php\/2023\/07\/22\/incendio-provocado-en-bar-deja-al-menos-11-muertos-en-sonora\/","name":"Incendio provocado en bar deja al menos 11 muertos en Sonora - Fuentes Fidedignas","isPartOf":{"@id":"https:\/\/fuentesfidedignas.com.mx\/#website"},"primaryImageOfPage":{"@id":"https:\/\/fuentesfidedignas.com.mx\/index.php\/2023\/07\/22\/incendio-provocado-en-bar-deja-al-menos-11-muertos-en-sonora\/#primaryimage"},"image":{"@id":"https:\/\/fuentesfidedignas.com.mx\/index.php\/2023\/07\/22\/incendio-provocado-en-bar-deja-al-menos-11-muertos-en-sonora\/#primaryimage"},"thumbnailUrl":"https:\/\/fuentesfidedignas.com.mx\/wp-content\/uploads\/2023\/07\/bar-sonora.jpeg","datePublished":"2023-07-22T15:14:06+00:00","dateModified":"2023-07-22T15:52:03+00:00","breadcrumb":{"@id":"https:\/\/fuentesfidedignas.com.mx\/index.php\/2023\/07\/22\/incendio-provocado-en-bar-deja-al-menos-11-muertos-en-sonora\/#breadcrumb"},"inLanguage":"es","potentialAction":[{"@type":"ReadAction","target":["https:\/\/fuentesfidedignas.com.mx\/index.php\/2023\/07\/22\/incendio-provocado-en-bar-deja-al-menos-11-muertos-en-sonora\/"]}]},{"@type":"ImageObject","inLanguage":"es","@id":"https:\/\/fuentesfidedignas.com.mx\/index.php\/2023\/07\/22\/incendio-provocado-en-bar-deja-al-menos-11-muertos-en-sonora\/#primaryimage","url":"https:\/\/fuentesfidedignas.com.mx\/wp-content\/uploads\/2023\/07\/bar-sonora.jpeg","contentUrl":"https:\/\/fuentesfidedignas.com.mx\/wp-content\/uploads\/2023\/07\/bar-sonora.jpeg","width":1036,"height":688},{"@type":"BreadcrumbList","@id":"https:\/\/fuentesfidedignas.com.mx\/index.php\/2023\/07\/22\/incendio-provocado-en-bar-deja-al-menos-11-muertos-en-sonora\/#breadcrumb","itemListElement":[{"@type":"ListItem","position":1,"name":"Inicio","item":"https:\/\/fuentesfidedignas.com.mx\/"},{"@type":"ListItem","position":2,"name":"Incendio provocado en bar deja al menos 11 muertos en Sonora"}]},{"@type":"WebSite","@id":"https:\/\/fuentesfidedignas.com.mx\/#website","url":"https:\/\/fuentesfidedignas.com.mx\/","name":"Fuentes Fidedignas","description":"Otro sitio realizado con WordPress","publisher":{"@id":"https:\/\/fuentesfidedignas.com.mx\/#organization"},"potentialAction":[{"@type":"SearchAction","target":{"@type":"EntryPoint","urlTemplate":"https:\/\/fuentesfidedignas.com.mx\/?s={search_term_string}"},"query-input":{"@type":"PropertyValueSpecification","valueRequired":true,"valueName":"search_term_string"}}],"inLanguage":"es"},{"@type":"Organization","@id":"https:\/\/fuentesfidedignas.com.mx\/#organization","name":"Fuentes Fidedignas","url":"https:\/\/fuentesfidedignas.com.mx\/","logo":{"@type":"ImageObject","inLanguage":"es","@id":"https:\/\/fuentesfidedignas.com.mx\/#\/schema\/logo\/image\/","url":"https:\/\/fuentesfidedignas.com.mx\/wp-content\/uploads\/2021\/04\/logo-retina.png","contentUrl":"https:\/\/fuentesfidedignas.com.mx\/wp-content\/uploads\/2021\/04\/logo-retina.png","width":280,"height":51,"caption":"Fuentes Fidedignas"},"image":{"@id":"https:\/\/fuentesfidedignas.com.mx\/#\/schema\/logo\/image\/"},"sameAs":["https:\/\/www.facebook.com\/Fuentes-Fidedignas-368234489921644","https:\/\/x.com\/fidedignas"]},{"@type":"Person","@id":"https:\/\/fuentesfidedignas.com.mx\/#\/schema\/person\/67d852f0557c8509146a4b9ddebd543a","name":"L\u00f3pez D\u00f3riga","image":{"@type":"ImageObject","inLanguage":"es","@id":"https:\/\/secure.gravatar.com\/avatar\/e525b06574ca18b33cded59dfe5778d6c823b9513154eff47da551b0551bdd1e?s=96&d=mm&r=g","url":"https:\/\/secure.gravatar.com\/avatar\/e525b06574ca18b33cded59dfe5778d6c823b9513154eff47da551b0551bdd1e?s=96&d=mm&r=g","contentUrl":"https:\/\/secure.gravatar.com\/avatar\/e525b06574ca18b33cded59dfe5778d6c823b9513154eff47da551b0551bdd1e?s=96&d=mm&r=g","caption":"L\u00f3pez D\u00f3riga"},"url":"https:\/\/fuentesfidedignas.com.mx\/index.php\/author\/doriga\/"}]}},"_links":{"self":[{"href":"https:\/\/fuentesfidedignas.com.mx\/index.php\/wp-json\/wp\/v2\/posts\/53392","targetHints":{"allow":["GET"]}}],"collection":[{"href":"https:\/\/fuentesfidedignas.com.mx\/index.php\/wp-json\/wp\/v2\/posts"}],"about":[{"href":"https:\/\/fuentesfidedignas.com.mx\/index.php\/wp-json\/wp\/v2\/types\/post"}],"author":[{"embeddable":true,"href":"https:\/\/fuentesfidedignas.com.mx\/index.php\/wp-json\/wp\/v2\/users\/47"}],"replies":[{"embeddable":true,"href":"https:\/\/fuentesfidedignas.com.mx\/index.php\/wp-json\/wp\/v2\/comments?post=53392"}],"version-history":[{"count":1,"href":"https:\/\/fuentesfidedignas.com.mx\/index.php\/wp-json\/wp\/v2\/posts\/53392\/revisions"}],"predecessor-version":[{"id":53393,"href":"https:\/\/fuentesfidedignas.com.mx\/index.php\/wp-json\/wp\/v2\/posts\/53392\/revisions\/53393"}],"wp:featuredmedia":[{"embeddable":true,"href":"https:\/\/fuentesfidedignas.com.mx\/index.php\/wp-json\/wp\/v2\/media\/53394"}],"wp:attachment":[{"href":"https:\/\/fuentesfidedignas.com.mx\/index.php\/wp-json\/wp\/v2\/media?parent=53392"}],"wp:term":[{"taxonomy":"category","embeddable":true,"href":"https:\/\/fuentesfidedignas.com.mx\/index.php\/wp-json\/wp\/v2\/categories?post=53392"},{"taxonomy":"post_tag","embeddable":true,"href":"https:\/\/fuentesfidedignas.com.mx\/index.php\/wp-json\/wp\/v2\/tags?post=53392"}],"curies":[{"name":"wp","href":"https:\/\/api.w.org\/{rel}","templated":true}]}}