{"id":53371,"date":"2023-07-25T04:05:00","date_gmt":"2023-07-25T11:05:00","guid":{"rendered":"https:\/\/fuentesfidedignas.com.mx\/?p=53371"},"modified":"2023-07-24T15:20:54","modified_gmt":"2023-07-24T22:20:54","slug":"perros-tendran-derechos-constitucionales-seran-declarados-seres-sintientes","status":"publish","type":"post","link":"https:\/\/fuentesfidedignas.com.mx\/index.php\/2023\/07\/25\/perros-tendran-derechos-constitucionales-seran-declarados-seres-sintientes\/","title":{"rendered":"Perros tendr\u00e1n derechos constitucionales; ser\u00e1n declarados &#8220;seres sintientes&#8221;"},"content":{"rendered":"\n<p><br><strong><em>Legisladores de diversos partidos alistan una reforma a la Constituci\u00f3n para proteger a los lomitos del maltrato animal<\/em><\/strong><\/p>\n\n\n\n<p>Ciudad de M\u00e9xico. Los&nbsp;<strong>perritos tendr\u00e1n&nbsp;derechos garantizados en la Constituci\u00f3n<\/strong>&nbsp;ya que ser\u00e1n declarados&nbsp;<strong>&#8220;seres sintientes&#8221;<\/strong>, as\u00ed lo propondr\u00e1n diversos grupos parlamentarios en el Senado, los cuales impulsar\u00e1n una iniciativa de reforma en septiembre pr\u00f3ximo, cuando inicie el nuevo periodo ordinario de sesiones, con lo que&nbsp;se podr\u00e1&nbsp;<strong>legislar para aumentar a las penas a quienes maltraten o atenten contra los caninos<\/strong>.<\/p>\n\n\n\n<p>Actualmente la&nbsp;<strong>pena por maltrato animal es hasta de 10 a\u00f1os de prisi\u00f3n y 150 d\u00edas de salario<\/strong>&nbsp;y se buscar\u00eda que las sanciones hacia los depredadores de animales aumenten a ra\u00edz de la reforma constitucional.<\/p>\n\n\n\n<p>En el marco del&nbsp;<strong>D\u00eda Mundial del Perro<\/strong>, y de reconocimiento a los binomios caninos en Senado, el presidente de la Junta de Coordinaci\u00f3n Pol\u00edtica, Eduardo Ram\u00edrez Aguilar, se\u00f1al\u00f3 que a ra\u00edz de los repudiables hechos de maltrato animal, entre ellos, en donde el&nbsp;<strong><a href=\"https:\/\/www.excelsior.com.mx\/comunidad\/ya-cayo-sujeto-que-mato-a-perrito-al-arrojarlo-a-cazo-con-aceite-hirviendo\/1589610\" target=\"_blank\" rel=\"noreferrer noopener\">perrito&nbsp;<em>Scooby<\/em>&nbsp;fue aventado a un cazo de aceite<\/a><\/strong>, es necesario proteger a estos animales desde la Carta Magna.<\/p>\n\n\n\n<blockquote class=\"wp-block-quote is-layout-flow wp-block-quote-is-layout-flow\">\n<p>\u201cVamos a trabajar en una iniciativa que seguramente vamos a discutir iniciando el primero de septiembre, derivado de estos acontecimientos que laceran la dignidad humana.<\/p>\n<\/blockquote>\n\n\n\n<blockquote class=\"wp-block-quote is-layout-flow wp-block-quote-is-layout-flow\">\n<p>\u201cUstedes fueron testigos a trav\u00e9s de las noticias c\u00f3mo han agredido y matado a nuestros perritos y perritas que est\u00e1n y los han aventado y arrojado al rojo vivo al aceite, y otras cosas que han acontecido.<\/p>\n<\/blockquote>\n\n\n\n<blockquote class=\"wp-block-quote is-layout-flow wp-block-quote-is-layout-flow\">\n<p>\u201cPor eso vamos a establecer en el Art\u00edculo 4to. la figura en los animales de seres sintientes, seres sintientes, y esto le va a dar una connotaci\u00f3n jur\u00eddica y legal para este tipo de conductas humanas\u201d, dijo Ram\u00edrez Aguilar.<\/p>\n<\/blockquote>\n\n\n\n<p>Con motivo del D\u00eda Mundial del Perro, en el Senado&nbsp;se otorg\u00f3 un<strong>&nbsp;reconocimiento a los Binomios Caninos&nbsp;<\/strong>de la Secretar\u00eda de la Defensa Nacional<strong>&nbsp;<\/strong>(Sedena); de la Secretar\u00eda de Marina (Semar); de la Fiscal\u00eda General de la Rep\u00fablica (FGR) y del Gobierno de la Ciudad de M\u00e9xico; y tambi\u00e9n se clausur\u00f3 un \u201cCroquet\u00f3n\u201d.<\/p>\n\n\n\n<figure class=\"wp-block-embed is-type-rich is-provider-twitter wp-block-embed-twitter\"><div class=\"wp-block-embed__wrapper\">\n<blockquote class=\"twitter-tweet\" data-width=\"550\" data-dnt=\"true\"><p lang=\"es\" dir=\"ltr\">\ud83d\udcf7 \u00a1Gracias por participar! <a href=\"https:\/\/twitter.com\/hashtag\/HoyEnElSenado?src=hash&amp;ref_src=twsrc%5Etfw\">#HoyEnElSenado<\/a> concluy\u00f3 el Croquet\u00f3n 2023. Con tu donativo perritos en refugios podr\u00e1n tener alimento mientras esperan ser adoptados. \u00a1Feliz <a href=\"https:\/\/twitter.com\/hashtag\/D%C3%ADaMundialDelPerro?src=hash&amp;ref_src=twsrc%5Etfw\">#D\u00edaMundialDelPerro<\/a>! <a href=\"https:\/\/twitter.com\/hashtag\/DejemosHuella?src=hash&amp;ref_src=twsrc%5Etfw\">#DejemosHuella<\/a>. \ud83d\udc36\ud83d\udc15\ud83d\udc29\ud83d\udc15\u200d\ud83e\uddba\ud83e\uddae<a href=\"https:\/\/t.co\/uO9ccc7RDC\">https:\/\/t.co\/uO9ccc7RDC<\/a> <a href=\"https:\/\/t.co\/J0lEetZao3\">pic.twitter.com\/J0lEetZao3<\/a><\/p>&mdash; Senado de M\u00e9xico (@senadomexicano) <a href=\"https:\/\/twitter.com\/senadomexicano\/status\/1682501645475758082?ref_src=twsrc%5Etfw\">July 21, 2023<\/a><\/blockquote><script async src=\"https:\/\/platform.twitter.com\/widgets.js\" charset=\"utf-8\"><\/script>\n<\/div><\/figure>\n\n\n\n<h2 class=\"wp-block-heading\">Reconocen a perritos rescatistas<\/h2>\n\n\n\n<p>Entre los caninos galardonados estuvieron los&nbsp;<strong>perritos rescatistas&nbsp;<em>Moly<\/em>&nbsp;y&nbsp;<em>Arkadas<\/em><\/strong>, el cachorro donado por el gobierno de Turqu\u00eda a nuestro pa\u00eds por la ayuda prestada para rescatar ciudadanos de aquel pa\u00eds, tras el terremoto del pasado mes de febrero; tambi\u00e9n se reconoci\u00f3 con&nbsp;<strong>diplomas a perros de la Polic\u00eda Bancaria e Industrial&nbsp;<\/strong>(PBI).<\/p>\n\n\n\n<p>Menci\u00f3n especial mereci\u00f3 el&nbsp;<strong>minuto de aplausos al perro&nbsp;<em>Proteo<\/em><\/strong>, quien falleci\u00f3 en Turqu\u00eda durante las labores de rescate, por lo cual fue galardonado con un diploma p\u00f3stumo, el cual fue entregado al general Jos\u00e9 Luis Cruz Pi\u00f1\u00f3n.<\/p>\n\n\n\n<p><\/p>\n","protected":false},"excerpt":{"rendered":"<p>Legisladores de diversos partidos alistan una reforma a la Constituci\u00f3n para proteger a los lomitos del maltrato animal Ciudad de M\u00e9xico. Los&nbsp;perritos tendr\u00e1n&nbsp;derechos garantizados en la Constituci\u00f3n&nbsp;ya que ser\u00e1n declarados&nbsp;&#8220;seres sintientes&#8221;, as\u00ed lo propondr\u00e1n diversos grupos parlamentarios en el Senado, los cuales impulsar\u00e1n una iniciativa de reforma en septiembre pr\u00f3ximo, cuando inicie el nuevo periodo [&hellip;]<\/p>\n","protected":false},"author":7,"featured_media":53373,"comment_status":"open","ping_status":"open","sticky":false,"template":"","format":"standard","meta":{"tdm_status":"","tdm_grid_status":"","footnotes":""},"categories":[32,36],"tags":[],"class_list":{"0":"post-53371","1":"post","2":"type-post","3":"status-publish","4":"format-standard","5":"has-post-thumbnail","7":"category-derechos-animales","8":"category-semanales"},"yoast_head":"<!-- This site is optimized with the Yoast SEO plugin v27.5 - https:\/\/yoast.com\/product\/yoast-seo-wordpress\/ -->\n<title>Perros tendr\u00e1n derechos constitucionales; ser\u00e1n declarados &quot;seres sintientes&quot; - Fuentes Fidedignas<\/title>\n<meta name=\"robots\" content=\"index, follow, max-snippet:-1, max-image-preview:large, max-video-preview:-1\" \/>\n<link rel=\"canonical\" href=\"https:\/\/fuentesfidedignas.com.mx\/index.php\/2023\/07\/25\/perros-tendran-derechos-constitucionales-seran-declarados-seres-sintientes\/\" \/>\n<meta property=\"og:locale\" content=\"es_MX\" \/>\n<meta property=\"og:type\" content=\"article\" \/>\n<meta property=\"og:title\" content=\"Perros tendr\u00e1n derechos constitucionales; ser\u00e1n declarados &quot;seres sintientes&quot; - Fuentes Fidedignas\" \/>\n<meta property=\"og:description\" content=\"Legisladores de diversos partidos alistan una reforma a la Constituci\u00f3n para proteger a los lomitos del maltrato animal Ciudad de M\u00e9xico. Los&nbsp;perritos tendr\u00e1n&nbsp;derechos garantizados en la Constituci\u00f3n&nbsp;ya que ser\u00e1n declarados&nbsp;&#8220;seres sintientes&#8221;, as\u00ed lo propondr\u00e1n diversos grupos parlamentarios en el Senado, los cuales impulsar\u00e1n una iniciativa de reforma en septiembre pr\u00f3ximo, cuando inicie el nuevo periodo [&hellip;]\" \/>\n<meta property=\"og:url\" content=\"https:\/\/fuentesfidedignas.com.mx\/index.php\/2023\/07\/25\/perros-tendran-derechos-constitucionales-seran-declarados-seres-sintientes\/\" \/>\n<meta property=\"og:site_name\" content=\"Fuentes Fidedignas\" \/>\n<meta property=\"article:publisher\" content=\"https:\/\/www.facebook.com\/Fuentes-Fidedignas-368234489921644\" \/>\n<meta property=\"article:published_time\" content=\"2023-07-25T11:05:00+00:00\" \/>\n<meta property=\"og:image\" content=\"https:\/\/fuentesfidedignas.com.mx\/wp-content\/uploads\/2023\/07\/2981344.jpg\" \/>\n\t<meta property=\"og:image:width\" content=\"800\" \/>\n\t<meta property=\"og:image:height\" content=\"600\" \/>\n\t<meta property=\"og:image:type\" content=\"image\/jpeg\" \/>\n<meta name=\"author\" content=\"Exc\u00e9lsior\" \/>\n<meta name=\"twitter:card\" content=\"summary_large_image\" \/>\n<meta name=\"twitter:creator\" content=\"@fidedignas\" \/>\n<meta name=\"twitter:site\" content=\"@fidedignas\" \/>\n<meta name=\"twitter:label1\" content=\"Escrito por\" \/>\n\t<meta name=\"twitter:data1\" content=\"Exc\u00e9lsior\" \/>\n\t<meta name=\"twitter:label2\" content=\"Tiempo de lectura\" \/>\n\t<meta name=\"twitter:data2\" content=\"2 minutos\" \/>\n<script type=\"application\/ld+json\" class=\"yoast-schema-graph\">{\"@context\":\"https:\\\/\\\/schema.org\",\"@graph\":[{\"@type\":\"Article\",\"@id\":\"https:\\\/\\\/fuentesfidedignas.com.mx\\\/index.php\\\/2023\\\/07\\\/25\\\/perros-tendran-derechos-constitucionales-seran-declarados-seres-sintientes\\\/#article\",\"isPartOf\":{\"@id\":\"https:\\\/\\\/fuentesfidedignas.com.mx\\\/index.php\\\/2023\\\/07\\\/25\\\/perros-tendran-derechos-constitucionales-seran-declarados-seres-sintientes\\\/\"},\"author\":{\"name\":\"Exc\u00e9lsior\",\"@id\":\"https:\\\/\\\/fuentesfidedignas.com.mx\\\/#\\\/schema\\\/person\\\/ec4edd1fbf5efa3e44fce34fe2787780\"},\"headline\":\"Perros tendr\u00e1n derechos constitucionales; ser\u00e1n declarados &#8220;seres sintientes&#8221;\",\"datePublished\":\"2023-07-25T11:05:00+00:00\",\"mainEntityOfPage\":{\"@id\":\"https:\\\/\\\/fuentesfidedignas.com.mx\\\/index.php\\\/2023\\\/07\\\/25\\\/perros-tendran-derechos-constitucionales-seran-declarados-seres-sintientes\\\/\"},\"wordCount\":517,\"commentCount\":0,\"publisher\":{\"@id\":\"https:\\\/\\\/fuentesfidedignas.com.mx\\\/#organization\"},\"image\":{\"@id\":\"https:\\\/\\\/fuentesfidedignas.com.mx\\\/index.php\\\/2023\\\/07\\\/25\\\/perros-tendran-derechos-constitucionales-seran-declarados-seres-sintientes\\\/#primaryimage\"},\"thumbnailUrl\":\"https:\\\/\\\/fuentesfidedignas.com.mx\\\/wp-content\\\/uploads\\\/2023\\\/07\\\/2981344.jpg\",\"articleSection\":[\"DERECHOS ANIMALES\",\"SEMANALES\"],\"inLanguage\":\"es\",\"potentialAction\":[{\"@type\":\"CommentAction\",\"name\":\"Comment\",\"target\":[\"https:\\\/\\\/fuentesfidedignas.com.mx\\\/index.php\\\/2023\\\/07\\\/25\\\/perros-tendran-derechos-constitucionales-seran-declarados-seres-sintientes\\\/#respond\"]}]},{\"@type\":\"WebPage\",\"@id\":\"https:\\\/\\\/fuentesfidedignas.com.mx\\\/index.php\\\/2023\\\/07\\\/25\\\/perros-tendran-derechos-constitucionales-seran-declarados-seres-sintientes\\\/\",\"url\":\"https:\\\/\\\/fuentesfidedignas.com.mx\\\/index.php\\\/2023\\\/07\\\/25\\\/perros-tendran-derechos-constitucionales-seran-declarados-seres-sintientes\\\/\",\"name\":\"Perros tendr\u00e1n derechos constitucionales; ser\u00e1n declarados \\\"seres sintientes\\\" - Fuentes Fidedignas\",\"isPartOf\":{\"@id\":\"https:\\\/\\\/fuentesfidedignas.com.mx\\\/#website\"},\"primaryImageOfPage\":{\"@id\":\"https:\\\/\\\/fuentesfidedignas.com.mx\\\/index.php\\\/2023\\\/07\\\/25\\\/perros-tendran-derechos-constitucionales-seran-declarados-seres-sintientes\\\/#primaryimage\"},\"image\":{\"@id\":\"https:\\\/\\\/fuentesfidedignas.com.mx\\\/index.php\\\/2023\\\/07\\\/25\\\/perros-tendran-derechos-constitucionales-seran-declarados-seres-sintientes\\\/#primaryimage\"},\"thumbnailUrl\":\"https:\\\/\\\/fuentesfidedignas.com.mx\\\/wp-content\\\/uploads\\\/2023\\\/07\\\/2981344.jpg\",\"datePublished\":\"2023-07-25T11:05:00+00:00\",\"breadcrumb\":{\"@id\":\"https:\\\/\\\/fuentesfidedignas.com.mx\\\/index.php\\\/2023\\\/07\\\/25\\\/perros-tendran-derechos-constitucionales-seran-declarados-seres-sintientes\\\/#breadcrumb\"},\"inLanguage\":\"es\",\"potentialAction\":[{\"@type\":\"ReadAction\",\"target\":[\"https:\\\/\\\/fuentesfidedignas.com.mx\\\/index.php\\\/2023\\\/07\\\/25\\\/perros-tendran-derechos-constitucionales-seran-declarados-seres-sintientes\\\/\"]}]},{\"@type\":\"ImageObject\",\"inLanguage\":\"es\",\"@id\":\"https:\\\/\\\/fuentesfidedignas.com.mx\\\/index.php\\\/2023\\\/07\\\/25\\\/perros-tendran-derechos-constitucionales-seran-declarados-seres-sintientes\\\/#primaryimage\",\"url\":\"https:\\\/\\\/fuentesfidedignas.com.mx\\\/wp-content\\\/uploads\\\/2023\\\/07\\\/2981344.jpg\",\"contentUrl\":\"https:\\\/\\\/fuentesfidedignas.com.mx\\\/wp-content\\\/uploads\\\/2023\\\/07\\\/2981344.jpg\",\"width\":800,\"height\":600},{\"@type\":\"BreadcrumbList\",\"@id\":\"https:\\\/\\\/fuentesfidedignas.com.mx\\\/index.php\\\/2023\\\/07\\\/25\\\/perros-tendran-derechos-constitucionales-seran-declarados-seres-sintientes\\\/#breadcrumb\",\"itemListElement\":[{\"@type\":\"ListItem\",\"position\":1,\"name\":\"Inicio\",\"item\":\"https:\\\/\\\/fuentesfidedignas.com.mx\\\/\"},{\"@type\":\"ListItem\",\"position\":2,\"name\":\"Perros tendr\u00e1n derechos constitucionales; ser\u00e1n declarados &#8220;seres sintientes&#8221;\"}]},{\"@type\":\"WebSite\",\"@id\":\"https:\\\/\\\/fuentesfidedignas.com.mx\\\/#website\",\"url\":\"https:\\\/\\\/fuentesfidedignas.com.mx\\\/\",\"name\":\"Fuentes Fidedignas\",\"description\":\"Otro sitio realizado con WordPress\",\"publisher\":{\"@id\":\"https:\\\/\\\/fuentesfidedignas.com.mx\\\/#organization\"},\"potentialAction\":[{\"@type\":\"SearchAction\",\"target\":{\"@type\":\"EntryPoint\",\"urlTemplate\":\"https:\\\/\\\/fuentesfidedignas.com.mx\\\/?s={search_term_string}\"},\"query-input\":{\"@type\":\"PropertyValueSpecification\",\"valueRequired\":true,\"valueName\":\"search_term_string\"}}],\"inLanguage\":\"es\"},{\"@type\":\"Organization\",\"@id\":\"https:\\\/\\\/fuentesfidedignas.com.mx\\\/#organization\",\"name\":\"Fuentes Fidedignas\",\"url\":\"https:\\\/\\\/fuentesfidedignas.com.mx\\\/\",\"logo\":{\"@type\":\"ImageObject\",\"inLanguage\":\"es\",\"@id\":\"https:\\\/\\\/fuentesfidedignas.com.mx\\\/#\\\/schema\\\/logo\\\/image\\\/\",\"url\":\"https:\\\/\\\/fuentesfidedignas.com.mx\\\/wp-content\\\/uploads\\\/2021\\\/04\\\/logo-retina.png\",\"contentUrl\":\"https:\\\/\\\/fuentesfidedignas.com.mx\\\/wp-content\\\/uploads\\\/2021\\\/04\\\/logo-retina.png\",\"width\":280,\"height\":51,\"caption\":\"Fuentes Fidedignas\"},\"image\":{\"@id\":\"https:\\\/\\\/fuentesfidedignas.com.mx\\\/#\\\/schema\\\/logo\\\/image\\\/\"},\"sameAs\":[\"https:\\\/\\\/www.facebook.com\\\/Fuentes-Fidedignas-368234489921644\",\"https:\\\/\\\/x.com\\\/fidedignas\"]},{\"@type\":\"Person\",\"@id\":\"https:\\\/\\\/fuentesfidedignas.com.mx\\\/#\\\/schema\\\/person\\\/ec4edd1fbf5efa3e44fce34fe2787780\",\"name\":\"Exc\u00e9lsior\",\"image\":{\"@type\":\"ImageObject\",\"inLanguage\":\"es\",\"@id\":\"https:\\\/\\\/secure.gravatar.com\\\/avatar\\\/4b7ee9206b48be08447852b3f0814dbc7c0f3b51541b164f1464a2725614020b?s=96&d=mm&r=g\",\"url\":\"https:\\\/\\\/secure.gravatar.com\\\/avatar\\\/4b7ee9206b48be08447852b3f0814dbc7c0f3b51541b164f1464a2725614020b?s=96&d=mm&r=g\",\"contentUrl\":\"https:\\\/\\\/secure.gravatar.com\\\/avatar\\\/4b7ee9206b48be08447852b3f0814dbc7c0f3b51541b164f1464a2725614020b?s=96&d=mm&r=g\",\"caption\":\"Exc\u00e9lsior\"},\"url\":\"https:\\\/\\\/fuentesfidedignas.com.mx\\\/index.php\\\/author\\\/excelsior\\\/\"}]}<\/script>\n<!-- \/ Yoast SEO plugin. -->","yoast_head_json":{"title":"Perros tendr\u00e1n derechos constitucionales; ser\u00e1n declarados \"seres sintientes\" - Fuentes Fidedignas","robots":{"index":"index","follow":"follow","max-snippet":"max-snippet:-1","max-image-preview":"max-image-preview:large","max-video-preview":"max-video-preview:-1"},"canonical":"https:\/\/fuentesfidedignas.com.mx\/index.php\/2023\/07\/25\/perros-tendran-derechos-constitucionales-seran-declarados-seres-sintientes\/","og_locale":"es_MX","og_type":"article","og_title":"Perros tendr\u00e1n derechos constitucionales; ser\u00e1n declarados \"seres sintientes\" - Fuentes Fidedignas","og_description":"Legisladores de diversos partidos alistan una reforma a la Constituci\u00f3n para proteger a los lomitos del maltrato animal Ciudad de M\u00e9xico. Los&nbsp;perritos tendr\u00e1n&nbsp;derechos garantizados en la Constituci\u00f3n&nbsp;ya que ser\u00e1n declarados&nbsp;&#8220;seres sintientes&#8221;, as\u00ed lo propondr\u00e1n diversos grupos parlamentarios en el Senado, los cuales impulsar\u00e1n una iniciativa de reforma en septiembre pr\u00f3ximo, cuando inicie el nuevo periodo [&hellip;]","og_url":"https:\/\/fuentesfidedignas.com.mx\/index.php\/2023\/07\/25\/perros-tendran-derechos-constitucionales-seran-declarados-seres-sintientes\/","og_site_name":"Fuentes Fidedignas","article_publisher":"https:\/\/www.facebook.com\/Fuentes-Fidedignas-368234489921644","article_published_time":"2023-07-25T11:05:00+00:00","og_image":[{"width":800,"height":600,"url":"https:\/\/fuentesfidedignas.com.mx\/wp-content\/uploads\/2023\/07\/2981344.jpg","type":"image\/jpeg"}],"author":"Exc\u00e9lsior","twitter_card":"summary_large_image","twitter_creator":"@fidedignas","twitter_site":"@fidedignas","twitter_misc":{"Escrito por":"Exc\u00e9lsior","Tiempo de lectura":"2 minutos"},"schema":{"@context":"https:\/\/schema.org","@graph":[{"@type":"Article","@id":"https:\/\/fuentesfidedignas.com.mx\/index.php\/2023\/07\/25\/perros-tendran-derechos-constitucionales-seran-declarados-seres-sintientes\/#article","isPartOf":{"@id":"https:\/\/fuentesfidedignas.com.mx\/index.php\/2023\/07\/25\/perros-tendran-derechos-constitucionales-seran-declarados-seres-sintientes\/"},"author":{"name":"Exc\u00e9lsior","@id":"https:\/\/fuentesfidedignas.com.mx\/#\/schema\/person\/ec4edd1fbf5efa3e44fce34fe2787780"},"headline":"Perros tendr\u00e1n derechos constitucionales; ser\u00e1n declarados &#8220;seres sintientes&#8221;","datePublished":"2023-07-25T11:05:00+00:00","mainEntityOfPage":{"@id":"https:\/\/fuentesfidedignas.com.mx\/index.php\/2023\/07\/25\/perros-tendran-derechos-constitucionales-seran-declarados-seres-sintientes\/"},"wordCount":517,"commentCount":0,"publisher":{"@id":"https:\/\/fuentesfidedignas.com.mx\/#organization"},"image":{"@id":"https:\/\/fuentesfidedignas.com.mx\/index.php\/2023\/07\/25\/perros-tendran-derechos-constitucionales-seran-declarados-seres-sintientes\/#primaryimage"},"thumbnailUrl":"https:\/\/fuentesfidedignas.com.mx\/wp-content\/uploads\/2023\/07\/2981344.jpg","articleSection":["DERECHOS ANIMALES","SEMANALES"],"inLanguage":"es","potentialAction":[{"@type":"CommentAction","name":"Comment","target":["https:\/\/fuentesfidedignas.com.mx\/index.php\/2023\/07\/25\/perros-tendran-derechos-constitucionales-seran-declarados-seres-sintientes\/#respond"]}]},{"@type":"WebPage","@id":"https:\/\/fuentesfidedignas.com.mx\/index.php\/2023\/07\/25\/perros-tendran-derechos-constitucionales-seran-declarados-seres-sintientes\/","url":"https:\/\/fuentesfidedignas.com.mx\/index.php\/2023\/07\/25\/perros-tendran-derechos-constitucionales-seran-declarados-seres-sintientes\/","name":"Perros tendr\u00e1n derechos constitucionales; ser\u00e1n declarados \"seres sintientes\" - Fuentes Fidedignas","isPartOf":{"@id":"https:\/\/fuentesfidedignas.com.mx\/#website"},"primaryImageOfPage":{"@id":"https:\/\/fuentesfidedignas.com.mx\/index.php\/2023\/07\/25\/perros-tendran-derechos-constitucionales-seran-declarados-seres-sintientes\/#primaryimage"},"image":{"@id":"https:\/\/fuentesfidedignas.com.mx\/index.php\/2023\/07\/25\/perros-tendran-derechos-constitucionales-seran-declarados-seres-sintientes\/#primaryimage"},"thumbnailUrl":"https:\/\/fuentesfidedignas.com.mx\/wp-content\/uploads\/2023\/07\/2981344.jpg","datePublished":"2023-07-25T11:05:00+00:00","breadcrumb":{"@id":"https:\/\/fuentesfidedignas.com.mx\/index.php\/2023\/07\/25\/perros-tendran-derechos-constitucionales-seran-declarados-seres-sintientes\/#breadcrumb"},"inLanguage":"es","potentialAction":[{"@type":"ReadAction","target":["https:\/\/fuentesfidedignas.com.mx\/index.php\/2023\/07\/25\/perros-tendran-derechos-constitucionales-seran-declarados-seres-sintientes\/"]}]},{"@type":"ImageObject","inLanguage":"es","@id":"https:\/\/fuentesfidedignas.com.mx\/index.php\/2023\/07\/25\/perros-tendran-derechos-constitucionales-seran-declarados-seres-sintientes\/#primaryimage","url":"https:\/\/fuentesfidedignas.com.mx\/wp-content\/uploads\/2023\/07\/2981344.jpg","contentUrl":"https:\/\/fuentesfidedignas.com.mx\/wp-content\/uploads\/2023\/07\/2981344.jpg","width":800,"height":600},{"@type":"BreadcrumbList","@id":"https:\/\/fuentesfidedignas.com.mx\/index.php\/2023\/07\/25\/perros-tendran-derechos-constitucionales-seran-declarados-seres-sintientes\/#breadcrumb","itemListElement":[{"@type":"ListItem","position":1,"name":"Inicio","item":"https:\/\/fuentesfidedignas.com.mx\/"},{"@type":"ListItem","position":2,"name":"Perros tendr\u00e1n derechos constitucionales; ser\u00e1n declarados &#8220;seres sintientes&#8221;"}]},{"@type":"WebSite","@id":"https:\/\/fuentesfidedignas.com.mx\/#website","url":"https:\/\/fuentesfidedignas.com.mx\/","name":"Fuentes Fidedignas","description":"Otro sitio realizado con WordPress","publisher":{"@id":"https:\/\/fuentesfidedignas.com.mx\/#organization"},"potentialAction":[{"@type":"SearchAction","target":{"@type":"EntryPoint","urlTemplate":"https:\/\/fuentesfidedignas.com.mx\/?s={search_term_string}"},"query-input":{"@type":"PropertyValueSpecification","valueRequired":true,"valueName":"search_term_string"}}],"inLanguage":"es"},{"@type":"Organization","@id":"https:\/\/fuentesfidedignas.com.mx\/#organization","name":"Fuentes Fidedignas","url":"https:\/\/fuentesfidedignas.com.mx\/","logo":{"@type":"ImageObject","inLanguage":"es","@id":"https:\/\/fuentesfidedignas.com.mx\/#\/schema\/logo\/image\/","url":"https:\/\/fuentesfidedignas.com.mx\/wp-content\/uploads\/2021\/04\/logo-retina.png","contentUrl":"https:\/\/fuentesfidedignas.com.mx\/wp-content\/uploads\/2021\/04\/logo-retina.png","width":280,"height":51,"caption":"Fuentes Fidedignas"},"image":{"@id":"https:\/\/fuentesfidedignas.com.mx\/#\/schema\/logo\/image\/"},"sameAs":["https:\/\/www.facebook.com\/Fuentes-Fidedignas-368234489921644","https:\/\/x.com\/fidedignas"]},{"@type":"Person","@id":"https:\/\/fuentesfidedignas.com.mx\/#\/schema\/person\/ec4edd1fbf5efa3e44fce34fe2787780","name":"Exc\u00e9lsior","image":{"@type":"ImageObject","inLanguage":"es","@id":"https:\/\/secure.gravatar.com\/avatar\/4b7ee9206b48be08447852b3f0814dbc7c0f3b51541b164f1464a2725614020b?s=96&d=mm&r=g","url":"https:\/\/secure.gravatar.com\/avatar\/4b7ee9206b48be08447852b3f0814dbc7c0f3b51541b164f1464a2725614020b?s=96&d=mm&r=g","contentUrl":"https:\/\/secure.gravatar.com\/avatar\/4b7ee9206b48be08447852b3f0814dbc7c0f3b51541b164f1464a2725614020b?s=96&d=mm&r=g","caption":"Exc\u00e9lsior"},"url":"https:\/\/fuentesfidedignas.com.mx\/index.php\/author\/excelsior\/"}]}},"_links":{"self":[{"href":"https:\/\/fuentesfidedignas.com.mx\/index.php\/wp-json\/wp\/v2\/posts\/53371","targetHints":{"allow":["GET"]}}],"collection":[{"href":"https:\/\/fuentesfidedignas.com.mx\/index.php\/wp-json\/wp\/v2\/posts"}],"about":[{"href":"https:\/\/fuentesfidedignas.com.mx\/index.php\/wp-json\/wp\/v2\/types\/post"}],"author":[{"embeddable":true,"href":"https:\/\/fuentesfidedignas.com.mx\/index.php\/wp-json\/wp\/v2\/users\/7"}],"replies":[{"embeddable":true,"href":"https:\/\/fuentesfidedignas.com.mx\/index.php\/wp-json\/wp\/v2\/comments?post=53371"}],"version-history":[{"count":2,"href":"https:\/\/fuentesfidedignas.com.mx\/index.php\/wp-json\/wp\/v2\/posts\/53371\/revisions"}],"predecessor-version":[{"id":53536,"href":"https:\/\/fuentesfidedignas.com.mx\/index.php\/wp-json\/wp\/v2\/posts\/53371\/revisions\/53536"}],"wp:featuredmedia":[{"embeddable":true,"href":"https:\/\/fuentesfidedignas.com.mx\/index.php\/wp-json\/wp\/v2\/media\/53373"}],"wp:attachment":[{"href":"https:\/\/fuentesfidedignas.com.mx\/index.php\/wp-json\/wp\/v2\/media?parent=53371"}],"wp:term":[{"taxonomy":"category","embeddable":true,"href":"https:\/\/fuentesfidedignas.com.mx\/index.php\/wp-json\/wp\/v2\/categories?post=53371"},{"taxonomy":"post_tag","embeddable":true,"href":"https:\/\/fuentesfidedignas.com.mx\/index.php\/wp-json\/wp\/v2\/tags?post=53371"}],"curies":[{"name":"wp","href":"https:\/\/api.w.org\/{rel}","templated":true}]}}