{"id":53366,"date":"2023-07-21T11:42:23","date_gmt":"2023-07-21T18:42:23","guid":{"rendered":"https:\/\/fuentesfidedignas.com.mx\/?p=53366"},"modified":"2023-07-21T14:44:47","modified_gmt":"2023-07-21T21:44:47","slug":"de-nueva-cuenta-difieren-audiencia-de-jesus-maduena-sera-el-31-de-agosto","status":"publish","type":"post","link":"https:\/\/fuentesfidedignas.com.mx\/index.php\/2023\/07\/21\/de-nueva-cuenta-difieren-audiencia-de-jesus-maduena-sera-el-31-de-agosto\/","title":{"rendered":"De nueva cuenta difieren  audiencia de Jes\u00fas Madue\u00f1a; ser\u00e1 el 31 de agosto"},"content":{"rendered":"\n<p><strong><em>Difiri\u00f3 la audiencia para el pr\u00f3ximo 31 de agosto a las 9:00 horas en la misma Sala A donde se encontraba la audiencia por la causa penal 00836\/23<\/em><\/strong><\/p>\n\n\n\n<p>Culiac\u00e1n, Sin.- Una evidente parcialidad por parte del Juez de Primera Instancia qued\u00f3 demostrada en la audiencia inicial para formulaci\u00f3n de imputaci\u00f3n al Rector de la <strong>Universidad Aut\u00f3noma de Sinaloa<\/strong> (UAS), doctor Jes\u00fas Madue\u00f1a Molina e integrantes del Comit\u00e9 de Adquisiciones de la instituci\u00f3n, donde una vez m\u00e1s la <strong>Fiscal\u00eda General del Estado<\/strong> llega al Juzgado sin haber entregado la carpeta de investigaci\u00f3n a los imputados.<\/p>\n\n\n\n<p>Por no contarse con las carpetas para cada uno de los imputados el Juez, Ad\u00e1n Alberto Salazar Gast\u00e9lum, <strong>difiri\u00f3 la audiencia para el pr\u00f3ximo 31 de agosto a las 9:00 horas en la misma Sala A donde se encontraba la audiencia por la causa penal 00836\/23 <\/strong>por desempe\u00f1o irregular de la funci\u00f3n p\u00fablica y ejercicio indebido del servicio p\u00fablico, argumentando que mes y medio era \u201cprudente\u201d y \u201cdentro del margen razonable\u201d para que los abogados defensores cumplieran con sus representados.<\/p>\n\n\n\n<figure class=\"wp-block-image size-full\"><img decoding=\"async\" width=\"1024\" height=\"683\" src=\"https:\/\/fuentesfidedignas.com.mx\/wp-content\/uploads\/2023\/07\/1000096255.jpg\" alt=\"\" class=\"wp-image-53367\" srcset=\"https:\/\/fuentesfidedignas.com.mx\/wp-content\/uploads\/2023\/07\/1000096255.jpg 1024w, https:\/\/fuentesfidedignas.com.mx\/wp-content\/uploads\/2023\/07\/1000096255-300x200.jpg 300w, https:\/\/fuentesfidedignas.com.mx\/wp-content\/uploads\/2023\/07\/1000096255-768x512.jpg 768w\" sizes=\"(max-width: 1024px) 100vw, 1024px\" \/><\/figure>\n\n\n\n<p>El Juez no atendi\u00f3 la solicitud del abogado Milton Ayala Vega, defensor personal del Rector Madue\u00f1a Molina, de dar m\u00e1s tiempo para revisar la carpeta y que considerara el volumen de la misma que est\u00e1 compuesta de 24 tomos y tambi\u00e9n el tiempo que tard\u00f3 la Fiscal\u00eda en entregarla, lo \u00fanico que concedi\u00f3 el Juez fue que fueran foliadas las m\u00e1s de 16 mil hojas de cada carpeta, y a petici\u00f3n de la Fiscal\u00eda que se entregaran a la defensa en las oficinas de \u00e9sta \u00faltima para que ah\u00ed hicieran el cotejo de los folios con la carpeta original, lo cual se har\u00e1 a las 10:00 horas este s\u00e1bado, el lunes y el martes pr\u00f3ximos ya que son muchos los imputados.<\/p>\n\n\n\n<p>Aun cuando el abogado Carlos Alfonso Ontiveros Salas, defensor personal del arquitecto Jorge P\u00e9rez Rubio, pidi\u00f3 que cada hoja fuera foliada y certificada el Juez s\u00f3lo pidi\u00f3 el folio. Adicionalmente el representante legal de la UAS, doctor Ram\u00f3n Bonilla Rojas solicit\u00f3 al Juez pidiera a la Fiscal\u00eda le entregara la carpeta y tambi\u00e9n se neg\u00f3 porque la Fiscal\u00eda dijo que hab\u00eda \u201cconflicto de intereses\u201d y resolvi\u00f3 que ese tema se tocar\u00eda cuando se apertura la audiencia.<\/p>\n\n\n\n<p>\u201c<strong>Una vez m\u00e1s comprobamos el poder absoluto que se tiene en el estado de Sinaloa en donde el Juez todo lo que la Fiscal\u00eda le solicita es lo que hacen hoy se vio muy parcial porque la defensa solicitaba, como no tenemos la carpeta y apenas nos la van a entregar, a unos ma\u00f1ana a otro compa\u00f1eros el lunes y el martes, hay que denunciar que ni siquiera la Fiscal\u00eda ten\u00eda la carpeta, ni siquiera ellos la tienen integrada, ni siquiera la trajeron<\/strong>\u201d, dijo el Rector al salir a la explanada del Centro de Justicia Penal donde lo esperaron miles de universitarios con muestras de apoyo que llegaron desde temprana hora.<\/p>\n\n\n\n<figure class=\"wp-block-image size-full\"><img decoding=\"async\" width=\"1024\" height=\"683\" src=\"https:\/\/fuentesfidedignas.com.mx\/wp-content\/uploads\/2023\/07\/1000096256.jpg\" alt=\"\" class=\"wp-image-53368\" srcset=\"https:\/\/fuentesfidedignas.com.mx\/wp-content\/uploads\/2023\/07\/1000096256.jpg 1024w, https:\/\/fuentesfidedignas.com.mx\/wp-content\/uploads\/2023\/07\/1000096256-300x200.jpg 300w, https:\/\/fuentesfidedignas.com.mx\/wp-content\/uploads\/2023\/07\/1000096256-768x512.jpg 768w\" sizes=\"(max-width: 1024px) 100vw, 1024px\" \/><\/figure>\n\n\n\n<p>Denunci\u00f3 que el Juez est\u00e1 a modo y a la orden del Secretario de Gobierno, Enrique Inzunza C\u00e1zares, que a eso se enfrenta la Universidad y los universitarios y que se debe denunciar p\u00fablicamente, sin embargo no los van a amedrentar y agreg\u00f3 que con el empuje que le dan los miles de universitarios seguir\u00e1 adelante en esta defensa.<\/p>\n\n\n\n<p>\u00a0\u201c<strong>No vamos a ponernos de rodillas ante un Gobierno represor como es este Gobierno del doctor Rub\u00e9n Rocha Moya<\/strong>\u201d, dijo, mientras que el Abogado General de la UAS, doctor Robespierre Liz\u00e1rraga Otero expres\u00f3 que se evidenci\u00f3 en la audiencia el actuar parcial, infame e ilegal de parte del Ministerio P\u00fabico en coparticipaci\u00f3n con el Poder Judicial y lament\u00f3 que se perfila un juicio donde la Justicia no ser\u00e1 el referente y donde la balanza de la Justicia est\u00e1 \u201ccargada\u201d.<\/p>\n\n\n\n<p>Por su parte el Abogado Carlos Ontiveros Salas agreg\u00f3 que ante la parcialidad de los tribunales locales de la entidad se acudir\u00e1 a los tribunales judiciales.<\/p>\n\n\n\n<p>Cabe destacar que nuevamente m\u00e1s de 20 mil universitarios llegaron a las instalaciones de la Sede Regional de Justicia Penal Acusatoria y Oral Centro para apoyar a las autoridades universitarias, pero en esta ocasi\u00f3n a pie desde la entrada del Complejo de Seguridad P\u00fablica porque elementos de la Polic\u00eda Estatal impidieron el acceso de autos desde antes de las 7:00 de la ma\u00f1ana en una clara violaci\u00f3n al libre tr\u00e1nsito de los universitarios.<\/p>\n","protected":false},"excerpt":{"rendered":"<p>Difiri\u00f3 la audiencia para el pr\u00f3ximo 31 de agosto a las 9:00 horas en la misma Sala A donde se encontraba la audiencia por la causa penal 00836\/23 Culiac\u00e1n, Sin.- Una evidente parcialidad por parte del Juez de Primera Instancia qued\u00f3 demostrada en la audiencia inicial para formulaci\u00f3n de imputaci\u00f3n al Rector de la Universidad [&hellip;]<\/p>\n","protected":false},"author":4,"featured_media":53370,"comment_status":"open","ping_status":"open","sticky":false,"template":"","format":"standard","meta":{"tdm_status":"","tdm_grid_status":"","footnotes":""},"categories":[37,1],"tags":[],"class_list":{"0":"post-53366","1":"post","2":"type-post","3":"status-publish","4":"format-standard","5":"has-post-thumbnail","7":"category-nota-principal","8":"category-sin-categoria"},"yoast_head":"<!-- This site is optimized with the Yoast SEO plugin v27.5 - https:\/\/yoast.com\/product\/yoast-seo-wordpress\/ -->\n<title>De nueva cuenta difieren audiencia de Jes\u00fas Madue\u00f1a; ser\u00e1 el 31 de agosto - Fuentes Fidedignas<\/title>\n<meta name=\"robots\" content=\"index, follow, max-snippet:-1, max-image-preview:large, max-video-preview:-1\" \/>\n<link rel=\"canonical\" href=\"https:\/\/fuentesfidedignas.com.mx\/index.php\/2023\/07\/21\/de-nueva-cuenta-difieren-audiencia-de-jesus-maduena-sera-el-31-de-agosto\/\" \/>\n<meta property=\"og:locale\" content=\"es_MX\" \/>\n<meta property=\"og:type\" content=\"article\" \/>\n<meta property=\"og:title\" content=\"De nueva cuenta difieren audiencia de Jes\u00fas Madue\u00f1a; ser\u00e1 el 31 de agosto - Fuentes Fidedignas\" \/>\n<meta property=\"og:description\" content=\"Difiri\u00f3 la audiencia para el pr\u00f3ximo 31 de agosto a las 9:00 horas en la misma Sala A donde se encontraba la audiencia por la causa penal 00836\/23 Culiac\u00e1n, Sin.- Una evidente parcialidad por parte del Juez de Primera Instancia qued\u00f3 demostrada en la audiencia inicial para formulaci\u00f3n de imputaci\u00f3n al Rector de la Universidad [&hellip;]\" \/>\n<meta property=\"og:url\" content=\"https:\/\/fuentesfidedignas.com.mx\/index.php\/2023\/07\/21\/de-nueva-cuenta-difieren-audiencia-de-jesus-maduena-sera-el-31-de-agosto\/\" \/>\n<meta property=\"og:site_name\" content=\"Fuentes Fidedignas\" \/>\n<meta property=\"article:publisher\" content=\"https:\/\/www.facebook.com\/Fuentes-Fidedignas-368234489921644\" \/>\n<meta property=\"article:published_time\" content=\"2023-07-21T18:42:23+00:00\" \/>\n<meta property=\"article:modified_time\" content=\"2023-07-21T21:44:47+00:00\" \/>\n<meta property=\"og:image\" content=\"https:\/\/fuentesfidedignas.com.mx\/wp-content\/uploads\/2023\/07\/AUDIENCIA-RECTOR-1.jpeg\" \/>\n\t<meta property=\"og:image:width\" content=\"1024\" \/>\n\t<meta property=\"og:image:height\" content=\"683\" \/>\n\t<meta property=\"og:image:type\" content=\"image\/jpeg\" \/>\n<meta name=\"author\" content=\"Redacci\u00f3n\" \/>\n<meta name=\"twitter:card\" content=\"summary_large_image\" \/>\n<meta name=\"twitter:creator\" content=\"@fidedignas\" \/>\n<meta name=\"twitter:site\" content=\"@fidedignas\" \/>\n<meta name=\"twitter:label1\" content=\"Escrito por\" \/>\n\t<meta name=\"twitter:data1\" content=\"Redacci\u00f3n\" \/>\n\t<meta name=\"twitter:label2\" content=\"Tiempo de lectura\" \/>\n\t<meta name=\"twitter:data2\" content=\"4 minutos\" \/>\n<script type=\"application\/ld+json\" class=\"yoast-schema-graph\">{\"@context\":\"https:\\\/\\\/schema.org\",\"@graph\":[{\"@type\":\"Article\",\"@id\":\"https:\\\/\\\/fuentesfidedignas.com.mx\\\/index.php\\\/2023\\\/07\\\/21\\\/de-nueva-cuenta-difieren-audiencia-de-jesus-maduena-sera-el-31-de-agosto\\\/#article\",\"isPartOf\":{\"@id\":\"https:\\\/\\\/fuentesfidedignas.com.mx\\\/index.php\\\/2023\\\/07\\\/21\\\/de-nueva-cuenta-difieren-audiencia-de-jesus-maduena-sera-el-31-de-agosto\\\/\"},\"author\":{\"name\":\"Redacci\u00f3n\",\"@id\":\"https:\\\/\\\/fuentesfidedignas.com.mx\\\/#\\\/schema\\\/person\\\/331be9283d37198e2acd5750279085b0\"},\"headline\":\"De nueva cuenta difieren audiencia de Jes\u00fas Madue\u00f1a; ser\u00e1 el 31 de agosto\",\"datePublished\":\"2023-07-21T18:42:23+00:00\",\"dateModified\":\"2023-07-21T21:44:47+00:00\",\"mainEntityOfPage\":{\"@id\":\"https:\\\/\\\/fuentesfidedignas.com.mx\\\/index.php\\\/2023\\\/07\\\/21\\\/de-nueva-cuenta-difieren-audiencia-de-jesus-maduena-sera-el-31-de-agosto\\\/\"},\"wordCount\":777,\"commentCount\":0,\"publisher\":{\"@id\":\"https:\\\/\\\/fuentesfidedignas.com.mx\\\/#organization\"},\"image\":{\"@id\":\"https:\\\/\\\/fuentesfidedignas.com.mx\\\/index.php\\\/2023\\\/07\\\/21\\\/de-nueva-cuenta-difieren-audiencia-de-jesus-maduena-sera-el-31-de-agosto\\\/#primaryimage\"},\"thumbnailUrl\":\"https:\\\/\\\/fuentesfidedignas.com.mx\\\/wp-content\\\/uploads\\\/2023\\\/07\\\/AUDIENCIA-RECTOR-1.jpeg\",\"articleSection\":[\"NOTA PRINCIPAL\"],\"inLanguage\":\"es\",\"potentialAction\":[{\"@type\":\"CommentAction\",\"name\":\"Comment\",\"target\":[\"https:\\\/\\\/fuentesfidedignas.com.mx\\\/index.php\\\/2023\\\/07\\\/21\\\/de-nueva-cuenta-difieren-audiencia-de-jesus-maduena-sera-el-31-de-agosto\\\/#respond\"]}]},{\"@type\":\"WebPage\",\"@id\":\"https:\\\/\\\/fuentesfidedignas.com.mx\\\/index.php\\\/2023\\\/07\\\/21\\\/de-nueva-cuenta-difieren-audiencia-de-jesus-maduena-sera-el-31-de-agosto\\\/\",\"url\":\"https:\\\/\\\/fuentesfidedignas.com.mx\\\/index.php\\\/2023\\\/07\\\/21\\\/de-nueva-cuenta-difieren-audiencia-de-jesus-maduena-sera-el-31-de-agosto\\\/\",\"name\":\"De nueva cuenta difieren audiencia de Jes\u00fas Madue\u00f1a; ser\u00e1 el 31 de agosto - Fuentes Fidedignas\",\"isPartOf\":{\"@id\":\"https:\\\/\\\/fuentesfidedignas.com.mx\\\/#website\"},\"primaryImageOfPage\":{\"@id\":\"https:\\\/\\\/fuentesfidedignas.com.mx\\\/index.php\\\/2023\\\/07\\\/21\\\/de-nueva-cuenta-difieren-audiencia-de-jesus-maduena-sera-el-31-de-agosto\\\/#primaryimage\"},\"image\":{\"@id\":\"https:\\\/\\\/fuentesfidedignas.com.mx\\\/index.php\\\/2023\\\/07\\\/21\\\/de-nueva-cuenta-difieren-audiencia-de-jesus-maduena-sera-el-31-de-agosto\\\/#primaryimage\"},\"thumbnailUrl\":\"https:\\\/\\\/fuentesfidedignas.com.mx\\\/wp-content\\\/uploads\\\/2023\\\/07\\\/AUDIENCIA-RECTOR-1.jpeg\",\"datePublished\":\"2023-07-21T18:42:23+00:00\",\"dateModified\":\"2023-07-21T21:44:47+00:00\",\"breadcrumb\":{\"@id\":\"https:\\\/\\\/fuentesfidedignas.com.mx\\\/index.php\\\/2023\\\/07\\\/21\\\/de-nueva-cuenta-difieren-audiencia-de-jesus-maduena-sera-el-31-de-agosto\\\/#breadcrumb\"},\"inLanguage\":\"es\",\"potentialAction\":[{\"@type\":\"ReadAction\",\"target\":[\"https:\\\/\\\/fuentesfidedignas.com.mx\\\/index.php\\\/2023\\\/07\\\/21\\\/de-nueva-cuenta-difieren-audiencia-de-jesus-maduena-sera-el-31-de-agosto\\\/\"]}]},{\"@type\":\"ImageObject\",\"inLanguage\":\"es\",\"@id\":\"https:\\\/\\\/fuentesfidedignas.com.mx\\\/index.php\\\/2023\\\/07\\\/21\\\/de-nueva-cuenta-difieren-audiencia-de-jesus-maduena-sera-el-31-de-agosto\\\/#primaryimage\",\"url\":\"https:\\\/\\\/fuentesfidedignas.com.mx\\\/wp-content\\\/uploads\\\/2023\\\/07\\\/AUDIENCIA-RECTOR-1.jpeg\",\"contentUrl\":\"https:\\\/\\\/fuentesfidedignas.com.mx\\\/wp-content\\\/uploads\\\/2023\\\/07\\\/AUDIENCIA-RECTOR-1.jpeg\",\"width\":1024,\"height\":683},{\"@type\":\"BreadcrumbList\",\"@id\":\"https:\\\/\\\/fuentesfidedignas.com.mx\\\/index.php\\\/2023\\\/07\\\/21\\\/de-nueva-cuenta-difieren-audiencia-de-jesus-maduena-sera-el-31-de-agosto\\\/#breadcrumb\",\"itemListElement\":[{\"@type\":\"ListItem\",\"position\":1,\"name\":\"Inicio\",\"item\":\"https:\\\/\\\/fuentesfidedignas.com.mx\\\/\"},{\"@type\":\"ListItem\",\"position\":2,\"name\":\"De nueva cuenta difieren audiencia de Jes\u00fas Madue\u00f1a; ser\u00e1 el 31 de agosto\"}]},{\"@type\":\"WebSite\",\"@id\":\"https:\\\/\\\/fuentesfidedignas.com.mx\\\/#website\",\"url\":\"https:\\\/\\\/fuentesfidedignas.com.mx\\\/\",\"name\":\"Fuentes Fidedignas\",\"description\":\"Otro sitio realizado con WordPress\",\"publisher\":{\"@id\":\"https:\\\/\\\/fuentesfidedignas.com.mx\\\/#organization\"},\"potentialAction\":[{\"@type\":\"SearchAction\",\"target\":{\"@type\":\"EntryPoint\",\"urlTemplate\":\"https:\\\/\\\/fuentesfidedignas.com.mx\\\/?s={search_term_string}\"},\"query-input\":{\"@type\":\"PropertyValueSpecification\",\"valueRequired\":true,\"valueName\":\"search_term_string\"}}],\"inLanguage\":\"es\"},{\"@type\":\"Organization\",\"@id\":\"https:\\\/\\\/fuentesfidedignas.com.mx\\\/#organization\",\"name\":\"Fuentes Fidedignas\",\"url\":\"https:\\\/\\\/fuentesfidedignas.com.mx\\\/\",\"logo\":{\"@type\":\"ImageObject\",\"inLanguage\":\"es\",\"@id\":\"https:\\\/\\\/fuentesfidedignas.com.mx\\\/#\\\/schema\\\/logo\\\/image\\\/\",\"url\":\"https:\\\/\\\/fuentesfidedignas.com.mx\\\/wp-content\\\/uploads\\\/2021\\\/04\\\/logo-retina.png\",\"contentUrl\":\"https:\\\/\\\/fuentesfidedignas.com.mx\\\/wp-content\\\/uploads\\\/2021\\\/04\\\/logo-retina.png\",\"width\":280,\"height\":51,\"caption\":\"Fuentes Fidedignas\"},\"image\":{\"@id\":\"https:\\\/\\\/fuentesfidedignas.com.mx\\\/#\\\/schema\\\/logo\\\/image\\\/\"},\"sameAs\":[\"https:\\\/\\\/www.facebook.com\\\/Fuentes-Fidedignas-368234489921644\",\"https:\\\/\\\/x.com\\\/fidedignas\"]},{\"@type\":\"Person\",\"@id\":\"https:\\\/\\\/fuentesfidedignas.com.mx\\\/#\\\/schema\\\/person\\\/331be9283d37198e2acd5750279085b0\",\"name\":\"Redacci\u00f3n\",\"image\":{\"@type\":\"ImageObject\",\"inLanguage\":\"es\",\"@id\":\"https:\\\/\\\/secure.gravatar.com\\\/avatar\\\/f6d8782c11d12b2d4ad3fbb6931aeab5309937a4d6cd2fc9cfaa28a6396a5aec?s=96&d=mm&r=g\",\"url\":\"https:\\\/\\\/secure.gravatar.com\\\/avatar\\\/f6d8782c11d12b2d4ad3fbb6931aeab5309937a4d6cd2fc9cfaa28a6396a5aec?s=96&d=mm&r=g\",\"contentUrl\":\"https:\\\/\\\/secure.gravatar.com\\\/avatar\\\/f6d8782c11d12b2d4ad3fbb6931aeab5309937a4d6cd2fc9cfaa28a6396a5aec?s=96&d=mm&r=g\",\"caption\":\"Redacci\u00f3n\"},\"url\":\"https:\\\/\\\/fuentesfidedignas.com.mx\\\/index.php\\\/author\\\/redaccion\\\/\"}]}<\/script>\n<!-- \/ Yoast SEO plugin. -->","yoast_head_json":{"title":"De nueva cuenta difieren audiencia de Jes\u00fas Madue\u00f1a; ser\u00e1 el 31 de agosto - Fuentes Fidedignas","robots":{"index":"index","follow":"follow","max-snippet":"max-snippet:-1","max-image-preview":"max-image-preview:large","max-video-preview":"max-video-preview:-1"},"canonical":"https:\/\/fuentesfidedignas.com.mx\/index.php\/2023\/07\/21\/de-nueva-cuenta-difieren-audiencia-de-jesus-maduena-sera-el-31-de-agosto\/","og_locale":"es_MX","og_type":"article","og_title":"De nueva cuenta difieren audiencia de Jes\u00fas Madue\u00f1a; ser\u00e1 el 31 de agosto - Fuentes Fidedignas","og_description":"Difiri\u00f3 la audiencia para el pr\u00f3ximo 31 de agosto a las 9:00 horas en la misma Sala A donde se encontraba la audiencia por la causa penal 00836\/23 Culiac\u00e1n, Sin.- Una evidente parcialidad por parte del Juez de Primera Instancia qued\u00f3 demostrada en la audiencia inicial para formulaci\u00f3n de imputaci\u00f3n al Rector de la Universidad [&hellip;]","og_url":"https:\/\/fuentesfidedignas.com.mx\/index.php\/2023\/07\/21\/de-nueva-cuenta-difieren-audiencia-de-jesus-maduena-sera-el-31-de-agosto\/","og_site_name":"Fuentes Fidedignas","article_publisher":"https:\/\/www.facebook.com\/Fuentes-Fidedignas-368234489921644","article_published_time":"2023-07-21T18:42:23+00:00","article_modified_time":"2023-07-21T21:44:47+00:00","og_image":[{"width":1024,"height":683,"url":"https:\/\/fuentesfidedignas.com.mx\/wp-content\/uploads\/2023\/07\/AUDIENCIA-RECTOR-1.jpeg","type":"image\/jpeg"}],"author":"Redacci\u00f3n","twitter_card":"summary_large_image","twitter_creator":"@fidedignas","twitter_site":"@fidedignas","twitter_misc":{"Escrito por":"Redacci\u00f3n","Tiempo de lectura":"4 minutos"},"schema":{"@context":"https:\/\/schema.org","@graph":[{"@type":"Article","@id":"https:\/\/fuentesfidedignas.com.mx\/index.php\/2023\/07\/21\/de-nueva-cuenta-difieren-audiencia-de-jesus-maduena-sera-el-31-de-agosto\/#article","isPartOf":{"@id":"https:\/\/fuentesfidedignas.com.mx\/index.php\/2023\/07\/21\/de-nueva-cuenta-difieren-audiencia-de-jesus-maduena-sera-el-31-de-agosto\/"},"author":{"name":"Redacci\u00f3n","@id":"https:\/\/fuentesfidedignas.com.mx\/#\/schema\/person\/331be9283d37198e2acd5750279085b0"},"headline":"De nueva cuenta difieren audiencia de Jes\u00fas Madue\u00f1a; ser\u00e1 el 31 de agosto","datePublished":"2023-07-21T18:42:23+00:00","dateModified":"2023-07-21T21:44:47+00:00","mainEntityOfPage":{"@id":"https:\/\/fuentesfidedignas.com.mx\/index.php\/2023\/07\/21\/de-nueva-cuenta-difieren-audiencia-de-jesus-maduena-sera-el-31-de-agosto\/"},"wordCount":777,"commentCount":0,"publisher":{"@id":"https:\/\/fuentesfidedignas.com.mx\/#organization"},"image":{"@id":"https:\/\/fuentesfidedignas.com.mx\/index.php\/2023\/07\/21\/de-nueva-cuenta-difieren-audiencia-de-jesus-maduena-sera-el-31-de-agosto\/#primaryimage"},"thumbnailUrl":"https:\/\/fuentesfidedignas.com.mx\/wp-content\/uploads\/2023\/07\/AUDIENCIA-RECTOR-1.jpeg","articleSection":["NOTA PRINCIPAL"],"inLanguage":"es","potentialAction":[{"@type":"CommentAction","name":"Comment","target":["https:\/\/fuentesfidedignas.com.mx\/index.php\/2023\/07\/21\/de-nueva-cuenta-difieren-audiencia-de-jesus-maduena-sera-el-31-de-agosto\/#respond"]}]},{"@type":"WebPage","@id":"https:\/\/fuentesfidedignas.com.mx\/index.php\/2023\/07\/21\/de-nueva-cuenta-difieren-audiencia-de-jesus-maduena-sera-el-31-de-agosto\/","url":"https:\/\/fuentesfidedignas.com.mx\/index.php\/2023\/07\/21\/de-nueva-cuenta-difieren-audiencia-de-jesus-maduena-sera-el-31-de-agosto\/","name":"De nueva cuenta difieren audiencia de Jes\u00fas Madue\u00f1a; ser\u00e1 el 31 de agosto - Fuentes Fidedignas","isPartOf":{"@id":"https:\/\/fuentesfidedignas.com.mx\/#website"},"primaryImageOfPage":{"@id":"https:\/\/fuentesfidedignas.com.mx\/index.php\/2023\/07\/21\/de-nueva-cuenta-difieren-audiencia-de-jesus-maduena-sera-el-31-de-agosto\/#primaryimage"},"image":{"@id":"https:\/\/fuentesfidedignas.com.mx\/index.php\/2023\/07\/21\/de-nueva-cuenta-difieren-audiencia-de-jesus-maduena-sera-el-31-de-agosto\/#primaryimage"},"thumbnailUrl":"https:\/\/fuentesfidedignas.com.mx\/wp-content\/uploads\/2023\/07\/AUDIENCIA-RECTOR-1.jpeg","datePublished":"2023-07-21T18:42:23+00:00","dateModified":"2023-07-21T21:44:47+00:00","breadcrumb":{"@id":"https:\/\/fuentesfidedignas.com.mx\/index.php\/2023\/07\/21\/de-nueva-cuenta-difieren-audiencia-de-jesus-maduena-sera-el-31-de-agosto\/#breadcrumb"},"inLanguage":"es","potentialAction":[{"@type":"ReadAction","target":["https:\/\/fuentesfidedignas.com.mx\/index.php\/2023\/07\/21\/de-nueva-cuenta-difieren-audiencia-de-jesus-maduena-sera-el-31-de-agosto\/"]}]},{"@type":"ImageObject","inLanguage":"es","@id":"https:\/\/fuentesfidedignas.com.mx\/index.php\/2023\/07\/21\/de-nueva-cuenta-difieren-audiencia-de-jesus-maduena-sera-el-31-de-agosto\/#primaryimage","url":"https:\/\/fuentesfidedignas.com.mx\/wp-content\/uploads\/2023\/07\/AUDIENCIA-RECTOR-1.jpeg","contentUrl":"https:\/\/fuentesfidedignas.com.mx\/wp-content\/uploads\/2023\/07\/AUDIENCIA-RECTOR-1.jpeg","width":1024,"height":683},{"@type":"BreadcrumbList","@id":"https:\/\/fuentesfidedignas.com.mx\/index.php\/2023\/07\/21\/de-nueva-cuenta-difieren-audiencia-de-jesus-maduena-sera-el-31-de-agosto\/#breadcrumb","itemListElement":[{"@type":"ListItem","position":1,"name":"Inicio","item":"https:\/\/fuentesfidedignas.com.mx\/"},{"@type":"ListItem","position":2,"name":"De nueva cuenta difieren audiencia de Jes\u00fas Madue\u00f1a; ser\u00e1 el 31 de agosto"}]},{"@type":"WebSite","@id":"https:\/\/fuentesfidedignas.com.mx\/#website","url":"https:\/\/fuentesfidedignas.com.mx\/","name":"Fuentes Fidedignas","description":"Otro sitio realizado con WordPress","publisher":{"@id":"https:\/\/fuentesfidedignas.com.mx\/#organization"},"potentialAction":[{"@type":"SearchAction","target":{"@type":"EntryPoint","urlTemplate":"https:\/\/fuentesfidedignas.com.mx\/?s={search_term_string}"},"query-input":{"@type":"PropertyValueSpecification","valueRequired":true,"valueName":"search_term_string"}}],"inLanguage":"es"},{"@type":"Organization","@id":"https:\/\/fuentesfidedignas.com.mx\/#organization","name":"Fuentes Fidedignas","url":"https:\/\/fuentesfidedignas.com.mx\/","logo":{"@type":"ImageObject","inLanguage":"es","@id":"https:\/\/fuentesfidedignas.com.mx\/#\/schema\/logo\/image\/","url":"https:\/\/fuentesfidedignas.com.mx\/wp-content\/uploads\/2021\/04\/logo-retina.png","contentUrl":"https:\/\/fuentesfidedignas.com.mx\/wp-content\/uploads\/2021\/04\/logo-retina.png","width":280,"height":51,"caption":"Fuentes Fidedignas"},"image":{"@id":"https:\/\/fuentesfidedignas.com.mx\/#\/schema\/logo\/image\/"},"sameAs":["https:\/\/www.facebook.com\/Fuentes-Fidedignas-368234489921644","https:\/\/x.com\/fidedignas"]},{"@type":"Person","@id":"https:\/\/fuentesfidedignas.com.mx\/#\/schema\/person\/331be9283d37198e2acd5750279085b0","name":"Redacci\u00f3n","image":{"@type":"ImageObject","inLanguage":"es","@id":"https:\/\/secure.gravatar.com\/avatar\/f6d8782c11d12b2d4ad3fbb6931aeab5309937a4d6cd2fc9cfaa28a6396a5aec?s=96&d=mm&r=g","url":"https:\/\/secure.gravatar.com\/avatar\/f6d8782c11d12b2d4ad3fbb6931aeab5309937a4d6cd2fc9cfaa28a6396a5aec?s=96&d=mm&r=g","contentUrl":"https:\/\/secure.gravatar.com\/avatar\/f6d8782c11d12b2d4ad3fbb6931aeab5309937a4d6cd2fc9cfaa28a6396a5aec?s=96&d=mm&r=g","caption":"Redacci\u00f3n"},"url":"https:\/\/fuentesfidedignas.com.mx\/index.php\/author\/redaccion\/"}]}},"_links":{"self":[{"href":"https:\/\/fuentesfidedignas.com.mx\/index.php\/wp-json\/wp\/v2\/posts\/53366","targetHints":{"allow":["GET"]}}],"collection":[{"href":"https:\/\/fuentesfidedignas.com.mx\/index.php\/wp-json\/wp\/v2\/posts"}],"about":[{"href":"https:\/\/fuentesfidedignas.com.mx\/index.php\/wp-json\/wp\/v2\/types\/post"}],"author":[{"embeddable":true,"href":"https:\/\/fuentesfidedignas.com.mx\/index.php\/wp-json\/wp\/v2\/users\/4"}],"replies":[{"embeddable":true,"href":"https:\/\/fuentesfidedignas.com.mx\/index.php\/wp-json\/wp\/v2\/comments?post=53366"}],"version-history":[{"count":1,"href":"https:\/\/fuentesfidedignas.com.mx\/index.php\/wp-json\/wp\/v2\/posts\/53366\/revisions"}],"predecessor-version":[{"id":53369,"href":"https:\/\/fuentesfidedignas.com.mx\/index.php\/wp-json\/wp\/v2\/posts\/53366\/revisions\/53369"}],"wp:featuredmedia":[{"embeddable":true,"href":"https:\/\/fuentesfidedignas.com.mx\/index.php\/wp-json\/wp\/v2\/media\/53370"}],"wp:attachment":[{"href":"https:\/\/fuentesfidedignas.com.mx\/index.php\/wp-json\/wp\/v2\/media?parent=53366"}],"wp:term":[{"taxonomy":"category","embeddable":true,"href":"https:\/\/fuentesfidedignas.com.mx\/index.php\/wp-json\/wp\/v2\/categories?post=53366"},{"taxonomy":"post_tag","embeddable":true,"href":"https:\/\/fuentesfidedignas.com.mx\/index.php\/wp-json\/wp\/v2\/tags?post=53366"}],"curies":[{"name":"wp","href":"https:\/\/api.w.org\/{rel}","templated":true}]}}