{"id":53364,"date":"2023-07-21T13:57:46","date_gmt":"2023-07-21T20:57:46","guid":{"rendered":"https:\/\/fuentesfidedignas.com.mx\/?p=53364"},"modified":"2023-07-21T13:59:27","modified_gmt":"2023-07-21T20:59:27","slug":"indiciados-de-la-uas-no-acudieron-a-recoger-las-carpetas-fiscalia","status":"publish","type":"post","link":"https:\/\/fuentesfidedignas.com.mx\/index.php\/2023\/07\/21\/indiciados-de-la-uas-no-acudieron-a-recoger-las-carpetas-fiscalia\/","title":{"rendered":"Indiciados de la UAS no acudieron a recoger las carpetas: Fiscal\u00eda"},"content":{"rendered":"\n<p><strong><em>La Fiscal General del Estado, Sara Bruna Qui\u00f1\u00f3nez sostuvo que se hizo conocimiento de los indiciados y sus abogados en tiempo y forma de la disponibilidad de las carpetas, pero estos no acudieron a recogerlas<\/em><\/strong><\/p>\n\n\n\n<p>Culiac\u00e1n, Sin.- La Fiscal\u00eda General del Estado inform\u00f3 de manera oportuna a los funcionarios de la UAS, indiciados en los delitos de desempe\u00f1o irregular de la funci\u00f3n p\u00fablica y ejercicio indebido del servicio p\u00fablico de la disponibilidad de las carpetas para que las recogieran, pero solamente el exrector Juan Eulogio \u201cG\u201d, acudi\u00f3 por ellas.<\/p>\n\n\n\n<p>La titular de la FGE, Sara Bruna Qui\u00f1\u00f3nez Estrada, dijo que por dicho motivo no es atribuible a la instituci\u00f3n que dirige el que la audiencia inicial de la causa penal 836\/2023 se haya diferido, ya que adem\u00e1s de que son los propios indiciados del actual y del anterior comit\u00e9 de adquisiciones, y el actual rector los que no recogieron documentos a pesar de haber sido notificados en tiempo y forma.<\/p>\n\n\n\n<p>Adem\u00e1s, a la audiencia inicial que se celebrar\u00eda este 21 de julio de 2023, los indiciados Norma Alicia \u201cA\u201d e Ismael \u201cG\u201d no se presentaron y tampoco recogieron las carpetas que est\u00e1n a su disposici\u00f3n.<\/p>\n\n\n\n<p>\u201cLo anterior evidencia que no quisieron recogerlas para alegar en la audiencia que esta difiriera porque no se hab\u00edan impuesto las mismas; recurso que es com\u00fan entre los abogados cuando pretenden retardar un proceso. Afortunadamente el Juez no les concedi\u00f3 los tres meses que ped\u00edan, fijando finalmente el d\u00eda 31 de agosto a las 9 horas para que tenga verificativo dicha audiencia inicial para imputaci\u00f3n\u201d, expuso.<\/p>\n\n\n\n<p>El Juez de la causa determin\u00f3 diferir la audiencia 40 d\u00edas, el cual es un t\u00e9rmino medio, ya que FGE ped\u00eda se otorgara un mes para imponerse, mientras que los indiciados solicitaban el plazo extremo de tres meses.<\/p>\n\n\n\n<p>La Fiscal Qui\u00f1\u00f3nez advirti\u00f3 que dicho proceso, no se sigue en contra de la Universidad Aut\u00f3noma de Sinaloa, como lo pretenden manejar algunos de los indiciados y sus abogados, pues en todo caso, es la universidad la parte ofendida, sino en contra de algunos funcionarios del comit\u00e9 de adquisiciones, as\u00ed como de Juan Eulogio \u201cN\u201d, exrector y de Jes\u00fas \u201cN\u201d, rector.<\/p>\n\n\n\n<p>Esto se precisa en virtud de que, p\u00fablicamente se hacen llamados al pueblo para que acudan a defender dicha instituci\u00f3n, cuando esta tiene el car\u00e1cter de v\u00edctima en relaci\u00f3n a las conductas atribuidas a los funcionarios imputados, recalc\u00f3 la Fiscal General del Estado de Sinaloa.<\/p>\n","protected":false},"excerpt":{"rendered":"<p>La Fiscal General del Estado, Sara Bruna Qui\u00f1\u00f3nez sostuvo que se hizo conocimiento de los indiciados y sus abogados en tiempo y forma de la disponibilidad de las carpetas, pero estos no acudieron a recogerlas Culiac\u00e1n, Sin.- La Fiscal\u00eda General del Estado inform\u00f3 de manera oportuna a los funcionarios de la UAS, indiciados en los [&hellip;]<\/p>\n","protected":false},"author":4,"featured_media":53361,"comment_status":"open","ping_status":"open","sticky":false,"template":"","format":"standard","meta":{"tdm_status":"","tdm_grid_status":"","footnotes":""},"categories":[37,1],"tags":[],"class_list":{"0":"post-53364","1":"post","2":"type-post","3":"status-publish","4":"format-standard","5":"has-post-thumbnail","7":"category-nota-principal","8":"category-sin-categoria"},"yoast_head":"<!-- This site is optimized with the Yoast SEO plugin v27.5 - https:\/\/yoast.com\/product\/yoast-seo-wordpress\/ -->\n<title>Indiciados de la UAS no acudieron a recoger las carpetas: Fiscal\u00eda - Fuentes Fidedignas<\/title>\n<meta name=\"robots\" content=\"index, follow, max-snippet:-1, max-image-preview:large, max-video-preview:-1\" \/>\n<link rel=\"canonical\" href=\"https:\/\/fuentesfidedignas.com.mx\/index.php\/2023\/07\/21\/indiciados-de-la-uas-no-acudieron-a-recoger-las-carpetas-fiscalia\/\" \/>\n<meta property=\"og:locale\" content=\"es_MX\" \/>\n<meta property=\"og:type\" content=\"article\" \/>\n<meta property=\"og:title\" content=\"Indiciados de la UAS no acudieron a recoger las carpetas: Fiscal\u00eda - Fuentes Fidedignas\" \/>\n<meta property=\"og:description\" content=\"La Fiscal General del Estado, Sara Bruna Qui\u00f1\u00f3nez sostuvo que se hizo conocimiento de los indiciados y sus abogados en tiempo y forma de la disponibilidad de las carpetas, pero estos no acudieron a recogerlas Culiac\u00e1n, Sin.- La Fiscal\u00eda General del Estado inform\u00f3 de manera oportuna a los funcionarios de la UAS, indiciados en los [&hellip;]\" \/>\n<meta property=\"og:url\" content=\"https:\/\/fuentesfidedignas.com.mx\/index.php\/2023\/07\/21\/indiciados-de-la-uas-no-acudieron-a-recoger-las-carpetas-fiscalia\/\" \/>\n<meta property=\"og:site_name\" content=\"Fuentes Fidedignas\" \/>\n<meta property=\"article:publisher\" content=\"https:\/\/www.facebook.com\/Fuentes-Fidedignas-368234489921644\" \/>\n<meta property=\"article:published_time\" content=\"2023-07-21T20:57:46+00:00\" \/>\n<meta property=\"article:modified_time\" content=\"2023-07-21T20:59:27+00:00\" \/>\n<meta property=\"og:image\" content=\"https:\/\/fuentesfidedignas.com.mx\/wp-content\/uploads\/2023\/07\/IMG-20230721-WA0013.jpg\" \/>\n\t<meta property=\"og:image:width\" content=\"1600\" \/>\n\t<meta property=\"og:image:height\" content=\"900\" \/>\n\t<meta property=\"og:image:type\" content=\"image\/jpeg\" \/>\n<meta name=\"author\" content=\"Redacci\u00f3n\" \/>\n<meta name=\"twitter:card\" content=\"summary_large_image\" \/>\n<meta name=\"twitter:creator\" content=\"@fidedignas\" \/>\n<meta name=\"twitter:site\" content=\"@fidedignas\" \/>\n<meta name=\"twitter:label1\" content=\"Escrito por\" \/>\n\t<meta name=\"twitter:data1\" content=\"Redacci\u00f3n\" \/>\n\t<meta name=\"twitter:label2\" content=\"Tiempo de lectura\" \/>\n\t<meta name=\"twitter:data2\" content=\"2 minutos\" \/>\n<script type=\"application\/ld+json\" class=\"yoast-schema-graph\">{\"@context\":\"https:\\\/\\\/schema.org\",\"@graph\":[{\"@type\":\"Article\",\"@id\":\"https:\\\/\\\/fuentesfidedignas.com.mx\\\/index.php\\\/2023\\\/07\\\/21\\\/indiciados-de-la-uas-no-acudieron-a-recoger-las-carpetas-fiscalia\\\/#article\",\"isPartOf\":{\"@id\":\"https:\\\/\\\/fuentesfidedignas.com.mx\\\/index.php\\\/2023\\\/07\\\/21\\\/indiciados-de-la-uas-no-acudieron-a-recoger-las-carpetas-fiscalia\\\/\"},\"author\":{\"name\":\"Redacci\u00f3n\",\"@id\":\"https:\\\/\\\/fuentesfidedignas.com.mx\\\/#\\\/schema\\\/person\\\/331be9283d37198e2acd5750279085b0\"},\"headline\":\"Indiciados de la UAS no acudieron a recoger las carpetas: Fiscal\u00eda\",\"datePublished\":\"2023-07-21T20:57:46+00:00\",\"dateModified\":\"2023-07-21T20:59:27+00:00\",\"mainEntityOfPage\":{\"@id\":\"https:\\\/\\\/fuentesfidedignas.com.mx\\\/index.php\\\/2023\\\/07\\\/21\\\/indiciados-de-la-uas-no-acudieron-a-recoger-las-carpetas-fiscalia\\\/\"},\"wordCount\":442,\"commentCount\":0,\"publisher\":{\"@id\":\"https:\\\/\\\/fuentesfidedignas.com.mx\\\/#organization\"},\"image\":{\"@id\":\"https:\\\/\\\/fuentesfidedignas.com.mx\\\/index.php\\\/2023\\\/07\\\/21\\\/indiciados-de-la-uas-no-acudieron-a-recoger-las-carpetas-fiscalia\\\/#primaryimage\"},\"thumbnailUrl\":\"https:\\\/\\\/fuentesfidedignas.com.mx\\\/wp-content\\\/uploads\\\/2023\\\/07\\\/IMG-20230721-WA0013.jpg\",\"articleSection\":[\"NOTA PRINCIPAL\"],\"inLanguage\":\"es\",\"potentialAction\":[{\"@type\":\"CommentAction\",\"name\":\"Comment\",\"target\":[\"https:\\\/\\\/fuentesfidedignas.com.mx\\\/index.php\\\/2023\\\/07\\\/21\\\/indiciados-de-la-uas-no-acudieron-a-recoger-las-carpetas-fiscalia\\\/#respond\"]}]},{\"@type\":\"WebPage\",\"@id\":\"https:\\\/\\\/fuentesfidedignas.com.mx\\\/index.php\\\/2023\\\/07\\\/21\\\/indiciados-de-la-uas-no-acudieron-a-recoger-las-carpetas-fiscalia\\\/\",\"url\":\"https:\\\/\\\/fuentesfidedignas.com.mx\\\/index.php\\\/2023\\\/07\\\/21\\\/indiciados-de-la-uas-no-acudieron-a-recoger-las-carpetas-fiscalia\\\/\",\"name\":\"Indiciados de la UAS no acudieron a recoger las carpetas: Fiscal\u00eda - Fuentes Fidedignas\",\"isPartOf\":{\"@id\":\"https:\\\/\\\/fuentesfidedignas.com.mx\\\/#website\"},\"primaryImageOfPage\":{\"@id\":\"https:\\\/\\\/fuentesfidedignas.com.mx\\\/index.php\\\/2023\\\/07\\\/21\\\/indiciados-de-la-uas-no-acudieron-a-recoger-las-carpetas-fiscalia\\\/#primaryimage\"},\"image\":{\"@id\":\"https:\\\/\\\/fuentesfidedignas.com.mx\\\/index.php\\\/2023\\\/07\\\/21\\\/indiciados-de-la-uas-no-acudieron-a-recoger-las-carpetas-fiscalia\\\/#primaryimage\"},\"thumbnailUrl\":\"https:\\\/\\\/fuentesfidedignas.com.mx\\\/wp-content\\\/uploads\\\/2023\\\/07\\\/IMG-20230721-WA0013.jpg\",\"datePublished\":\"2023-07-21T20:57:46+00:00\",\"dateModified\":\"2023-07-21T20:59:27+00:00\",\"breadcrumb\":{\"@id\":\"https:\\\/\\\/fuentesfidedignas.com.mx\\\/index.php\\\/2023\\\/07\\\/21\\\/indiciados-de-la-uas-no-acudieron-a-recoger-las-carpetas-fiscalia\\\/#breadcrumb\"},\"inLanguage\":\"es\",\"potentialAction\":[{\"@type\":\"ReadAction\",\"target\":[\"https:\\\/\\\/fuentesfidedignas.com.mx\\\/index.php\\\/2023\\\/07\\\/21\\\/indiciados-de-la-uas-no-acudieron-a-recoger-las-carpetas-fiscalia\\\/\"]}]},{\"@type\":\"ImageObject\",\"inLanguage\":\"es\",\"@id\":\"https:\\\/\\\/fuentesfidedignas.com.mx\\\/index.php\\\/2023\\\/07\\\/21\\\/indiciados-de-la-uas-no-acudieron-a-recoger-las-carpetas-fiscalia\\\/#primaryimage\",\"url\":\"https:\\\/\\\/fuentesfidedignas.com.mx\\\/wp-content\\\/uploads\\\/2023\\\/07\\\/IMG-20230721-WA0013.jpg\",\"contentUrl\":\"https:\\\/\\\/fuentesfidedignas.com.mx\\\/wp-content\\\/uploads\\\/2023\\\/07\\\/IMG-20230721-WA0013.jpg\",\"width\":1600,\"height\":900},{\"@type\":\"BreadcrumbList\",\"@id\":\"https:\\\/\\\/fuentesfidedignas.com.mx\\\/index.php\\\/2023\\\/07\\\/21\\\/indiciados-de-la-uas-no-acudieron-a-recoger-las-carpetas-fiscalia\\\/#breadcrumb\",\"itemListElement\":[{\"@type\":\"ListItem\",\"position\":1,\"name\":\"Inicio\",\"item\":\"https:\\\/\\\/fuentesfidedignas.com.mx\\\/\"},{\"@type\":\"ListItem\",\"position\":2,\"name\":\"Indiciados de la UAS no acudieron a recoger las carpetas: Fiscal\u00eda\"}]},{\"@type\":\"WebSite\",\"@id\":\"https:\\\/\\\/fuentesfidedignas.com.mx\\\/#website\",\"url\":\"https:\\\/\\\/fuentesfidedignas.com.mx\\\/\",\"name\":\"Fuentes Fidedignas\",\"description\":\"Otro sitio realizado con WordPress\",\"publisher\":{\"@id\":\"https:\\\/\\\/fuentesfidedignas.com.mx\\\/#organization\"},\"potentialAction\":[{\"@type\":\"SearchAction\",\"target\":{\"@type\":\"EntryPoint\",\"urlTemplate\":\"https:\\\/\\\/fuentesfidedignas.com.mx\\\/?s={search_term_string}\"},\"query-input\":{\"@type\":\"PropertyValueSpecification\",\"valueRequired\":true,\"valueName\":\"search_term_string\"}}],\"inLanguage\":\"es\"},{\"@type\":\"Organization\",\"@id\":\"https:\\\/\\\/fuentesfidedignas.com.mx\\\/#organization\",\"name\":\"Fuentes Fidedignas\",\"url\":\"https:\\\/\\\/fuentesfidedignas.com.mx\\\/\",\"logo\":{\"@type\":\"ImageObject\",\"inLanguage\":\"es\",\"@id\":\"https:\\\/\\\/fuentesfidedignas.com.mx\\\/#\\\/schema\\\/logo\\\/image\\\/\",\"url\":\"https:\\\/\\\/fuentesfidedignas.com.mx\\\/wp-content\\\/uploads\\\/2021\\\/04\\\/logo-retina.png\",\"contentUrl\":\"https:\\\/\\\/fuentesfidedignas.com.mx\\\/wp-content\\\/uploads\\\/2021\\\/04\\\/logo-retina.png\",\"width\":280,\"height\":51,\"caption\":\"Fuentes Fidedignas\"},\"image\":{\"@id\":\"https:\\\/\\\/fuentesfidedignas.com.mx\\\/#\\\/schema\\\/logo\\\/image\\\/\"},\"sameAs\":[\"https:\\\/\\\/www.facebook.com\\\/Fuentes-Fidedignas-368234489921644\",\"https:\\\/\\\/x.com\\\/fidedignas\"]},{\"@type\":\"Person\",\"@id\":\"https:\\\/\\\/fuentesfidedignas.com.mx\\\/#\\\/schema\\\/person\\\/331be9283d37198e2acd5750279085b0\",\"name\":\"Redacci\u00f3n\",\"image\":{\"@type\":\"ImageObject\",\"inLanguage\":\"es\",\"@id\":\"https:\\\/\\\/secure.gravatar.com\\\/avatar\\\/f6d8782c11d12b2d4ad3fbb6931aeab5309937a4d6cd2fc9cfaa28a6396a5aec?s=96&d=mm&r=g\",\"url\":\"https:\\\/\\\/secure.gravatar.com\\\/avatar\\\/f6d8782c11d12b2d4ad3fbb6931aeab5309937a4d6cd2fc9cfaa28a6396a5aec?s=96&d=mm&r=g\",\"contentUrl\":\"https:\\\/\\\/secure.gravatar.com\\\/avatar\\\/f6d8782c11d12b2d4ad3fbb6931aeab5309937a4d6cd2fc9cfaa28a6396a5aec?s=96&d=mm&r=g\",\"caption\":\"Redacci\u00f3n\"},\"url\":\"https:\\\/\\\/fuentesfidedignas.com.mx\\\/index.php\\\/author\\\/redaccion\\\/\"}]}<\/script>\n<!-- \/ Yoast SEO plugin. -->","yoast_head_json":{"title":"Indiciados de la UAS no acudieron a recoger las carpetas: Fiscal\u00eda - Fuentes Fidedignas","robots":{"index":"index","follow":"follow","max-snippet":"max-snippet:-1","max-image-preview":"max-image-preview:large","max-video-preview":"max-video-preview:-1"},"canonical":"https:\/\/fuentesfidedignas.com.mx\/index.php\/2023\/07\/21\/indiciados-de-la-uas-no-acudieron-a-recoger-las-carpetas-fiscalia\/","og_locale":"es_MX","og_type":"article","og_title":"Indiciados de la UAS no acudieron a recoger las carpetas: Fiscal\u00eda - Fuentes Fidedignas","og_description":"La Fiscal General del Estado, Sara Bruna Qui\u00f1\u00f3nez sostuvo que se hizo conocimiento de los indiciados y sus abogados en tiempo y forma de la disponibilidad de las carpetas, pero estos no acudieron a recogerlas Culiac\u00e1n, Sin.- La Fiscal\u00eda General del Estado inform\u00f3 de manera oportuna a los funcionarios de la UAS, indiciados en los [&hellip;]","og_url":"https:\/\/fuentesfidedignas.com.mx\/index.php\/2023\/07\/21\/indiciados-de-la-uas-no-acudieron-a-recoger-las-carpetas-fiscalia\/","og_site_name":"Fuentes Fidedignas","article_publisher":"https:\/\/www.facebook.com\/Fuentes-Fidedignas-368234489921644","article_published_time":"2023-07-21T20:57:46+00:00","article_modified_time":"2023-07-21T20:59:27+00:00","og_image":[{"width":1600,"height":900,"url":"https:\/\/fuentesfidedignas.com.mx\/wp-content\/uploads\/2023\/07\/IMG-20230721-WA0013.jpg","type":"image\/jpeg"}],"author":"Redacci\u00f3n","twitter_card":"summary_large_image","twitter_creator":"@fidedignas","twitter_site":"@fidedignas","twitter_misc":{"Escrito por":"Redacci\u00f3n","Tiempo de lectura":"2 minutos"},"schema":{"@context":"https:\/\/schema.org","@graph":[{"@type":"Article","@id":"https:\/\/fuentesfidedignas.com.mx\/index.php\/2023\/07\/21\/indiciados-de-la-uas-no-acudieron-a-recoger-las-carpetas-fiscalia\/#article","isPartOf":{"@id":"https:\/\/fuentesfidedignas.com.mx\/index.php\/2023\/07\/21\/indiciados-de-la-uas-no-acudieron-a-recoger-las-carpetas-fiscalia\/"},"author":{"name":"Redacci\u00f3n","@id":"https:\/\/fuentesfidedignas.com.mx\/#\/schema\/person\/331be9283d37198e2acd5750279085b0"},"headline":"Indiciados de la UAS no acudieron a recoger las carpetas: Fiscal\u00eda","datePublished":"2023-07-21T20:57:46+00:00","dateModified":"2023-07-21T20:59:27+00:00","mainEntityOfPage":{"@id":"https:\/\/fuentesfidedignas.com.mx\/index.php\/2023\/07\/21\/indiciados-de-la-uas-no-acudieron-a-recoger-las-carpetas-fiscalia\/"},"wordCount":442,"commentCount":0,"publisher":{"@id":"https:\/\/fuentesfidedignas.com.mx\/#organization"},"image":{"@id":"https:\/\/fuentesfidedignas.com.mx\/index.php\/2023\/07\/21\/indiciados-de-la-uas-no-acudieron-a-recoger-las-carpetas-fiscalia\/#primaryimage"},"thumbnailUrl":"https:\/\/fuentesfidedignas.com.mx\/wp-content\/uploads\/2023\/07\/IMG-20230721-WA0013.jpg","articleSection":["NOTA PRINCIPAL"],"inLanguage":"es","potentialAction":[{"@type":"CommentAction","name":"Comment","target":["https:\/\/fuentesfidedignas.com.mx\/index.php\/2023\/07\/21\/indiciados-de-la-uas-no-acudieron-a-recoger-las-carpetas-fiscalia\/#respond"]}]},{"@type":"WebPage","@id":"https:\/\/fuentesfidedignas.com.mx\/index.php\/2023\/07\/21\/indiciados-de-la-uas-no-acudieron-a-recoger-las-carpetas-fiscalia\/","url":"https:\/\/fuentesfidedignas.com.mx\/index.php\/2023\/07\/21\/indiciados-de-la-uas-no-acudieron-a-recoger-las-carpetas-fiscalia\/","name":"Indiciados de la UAS no acudieron a recoger las carpetas: Fiscal\u00eda - Fuentes Fidedignas","isPartOf":{"@id":"https:\/\/fuentesfidedignas.com.mx\/#website"},"primaryImageOfPage":{"@id":"https:\/\/fuentesfidedignas.com.mx\/index.php\/2023\/07\/21\/indiciados-de-la-uas-no-acudieron-a-recoger-las-carpetas-fiscalia\/#primaryimage"},"image":{"@id":"https:\/\/fuentesfidedignas.com.mx\/index.php\/2023\/07\/21\/indiciados-de-la-uas-no-acudieron-a-recoger-las-carpetas-fiscalia\/#primaryimage"},"thumbnailUrl":"https:\/\/fuentesfidedignas.com.mx\/wp-content\/uploads\/2023\/07\/IMG-20230721-WA0013.jpg","datePublished":"2023-07-21T20:57:46+00:00","dateModified":"2023-07-21T20:59:27+00:00","breadcrumb":{"@id":"https:\/\/fuentesfidedignas.com.mx\/index.php\/2023\/07\/21\/indiciados-de-la-uas-no-acudieron-a-recoger-las-carpetas-fiscalia\/#breadcrumb"},"inLanguage":"es","potentialAction":[{"@type":"ReadAction","target":["https:\/\/fuentesfidedignas.com.mx\/index.php\/2023\/07\/21\/indiciados-de-la-uas-no-acudieron-a-recoger-las-carpetas-fiscalia\/"]}]},{"@type":"ImageObject","inLanguage":"es","@id":"https:\/\/fuentesfidedignas.com.mx\/index.php\/2023\/07\/21\/indiciados-de-la-uas-no-acudieron-a-recoger-las-carpetas-fiscalia\/#primaryimage","url":"https:\/\/fuentesfidedignas.com.mx\/wp-content\/uploads\/2023\/07\/IMG-20230721-WA0013.jpg","contentUrl":"https:\/\/fuentesfidedignas.com.mx\/wp-content\/uploads\/2023\/07\/IMG-20230721-WA0013.jpg","width":1600,"height":900},{"@type":"BreadcrumbList","@id":"https:\/\/fuentesfidedignas.com.mx\/index.php\/2023\/07\/21\/indiciados-de-la-uas-no-acudieron-a-recoger-las-carpetas-fiscalia\/#breadcrumb","itemListElement":[{"@type":"ListItem","position":1,"name":"Inicio","item":"https:\/\/fuentesfidedignas.com.mx\/"},{"@type":"ListItem","position":2,"name":"Indiciados de la UAS no acudieron a recoger las carpetas: Fiscal\u00eda"}]},{"@type":"WebSite","@id":"https:\/\/fuentesfidedignas.com.mx\/#website","url":"https:\/\/fuentesfidedignas.com.mx\/","name":"Fuentes Fidedignas","description":"Otro sitio realizado con WordPress","publisher":{"@id":"https:\/\/fuentesfidedignas.com.mx\/#organization"},"potentialAction":[{"@type":"SearchAction","target":{"@type":"EntryPoint","urlTemplate":"https:\/\/fuentesfidedignas.com.mx\/?s={search_term_string}"},"query-input":{"@type":"PropertyValueSpecification","valueRequired":true,"valueName":"search_term_string"}}],"inLanguage":"es"},{"@type":"Organization","@id":"https:\/\/fuentesfidedignas.com.mx\/#organization","name":"Fuentes Fidedignas","url":"https:\/\/fuentesfidedignas.com.mx\/","logo":{"@type":"ImageObject","inLanguage":"es","@id":"https:\/\/fuentesfidedignas.com.mx\/#\/schema\/logo\/image\/","url":"https:\/\/fuentesfidedignas.com.mx\/wp-content\/uploads\/2021\/04\/logo-retina.png","contentUrl":"https:\/\/fuentesfidedignas.com.mx\/wp-content\/uploads\/2021\/04\/logo-retina.png","width":280,"height":51,"caption":"Fuentes Fidedignas"},"image":{"@id":"https:\/\/fuentesfidedignas.com.mx\/#\/schema\/logo\/image\/"},"sameAs":["https:\/\/www.facebook.com\/Fuentes-Fidedignas-368234489921644","https:\/\/x.com\/fidedignas"]},{"@type":"Person","@id":"https:\/\/fuentesfidedignas.com.mx\/#\/schema\/person\/331be9283d37198e2acd5750279085b0","name":"Redacci\u00f3n","image":{"@type":"ImageObject","inLanguage":"es","@id":"https:\/\/secure.gravatar.com\/avatar\/f6d8782c11d12b2d4ad3fbb6931aeab5309937a4d6cd2fc9cfaa28a6396a5aec?s=96&d=mm&r=g","url":"https:\/\/secure.gravatar.com\/avatar\/f6d8782c11d12b2d4ad3fbb6931aeab5309937a4d6cd2fc9cfaa28a6396a5aec?s=96&d=mm&r=g","contentUrl":"https:\/\/secure.gravatar.com\/avatar\/f6d8782c11d12b2d4ad3fbb6931aeab5309937a4d6cd2fc9cfaa28a6396a5aec?s=96&d=mm&r=g","caption":"Redacci\u00f3n"},"url":"https:\/\/fuentesfidedignas.com.mx\/index.php\/author\/redaccion\/"}]}},"_links":{"self":[{"href":"https:\/\/fuentesfidedignas.com.mx\/index.php\/wp-json\/wp\/v2\/posts\/53364","targetHints":{"allow":["GET"]}}],"collection":[{"href":"https:\/\/fuentesfidedignas.com.mx\/index.php\/wp-json\/wp\/v2\/posts"}],"about":[{"href":"https:\/\/fuentesfidedignas.com.mx\/index.php\/wp-json\/wp\/v2\/types\/post"}],"author":[{"embeddable":true,"href":"https:\/\/fuentesfidedignas.com.mx\/index.php\/wp-json\/wp\/v2\/users\/4"}],"replies":[{"embeddable":true,"href":"https:\/\/fuentesfidedignas.com.mx\/index.php\/wp-json\/wp\/v2\/comments?post=53364"}],"version-history":[{"count":1,"href":"https:\/\/fuentesfidedignas.com.mx\/index.php\/wp-json\/wp\/v2\/posts\/53364\/revisions"}],"predecessor-version":[{"id":53365,"href":"https:\/\/fuentesfidedignas.com.mx\/index.php\/wp-json\/wp\/v2\/posts\/53364\/revisions\/53365"}],"wp:featuredmedia":[{"embeddable":true,"href":"https:\/\/fuentesfidedignas.com.mx\/index.php\/wp-json\/wp\/v2\/media\/53361"}],"wp:attachment":[{"href":"https:\/\/fuentesfidedignas.com.mx\/index.php\/wp-json\/wp\/v2\/media?parent=53364"}],"wp:term":[{"taxonomy":"category","embeddable":true,"href":"https:\/\/fuentesfidedignas.com.mx\/index.php\/wp-json\/wp\/v2\/categories?post=53364"},{"taxonomy":"post_tag","embeddable":true,"href":"https:\/\/fuentesfidedignas.com.mx\/index.php\/wp-json\/wp\/v2\/tags?post=53364"}],"curies":[{"name":"wp","href":"https:\/\/api.w.org\/{rel}","templated":true}]}}