{"id":53359,"date":"2023-07-21T13:48:16","date_gmt":"2023-07-21T20:48:16","guid":{"rendered":"https:\/\/fuentesfidedignas.com.mx\/?p=53359"},"modified":"2023-07-21T13:53:47","modified_gmt":"2023-07-21T20:53:47","slug":"propone-feliciano-castro-que-salon-de-sesiones-del-congreso-se-llame-francisco-villa","status":"publish","type":"post","link":"https:\/\/fuentesfidedignas.com.mx\/index.php\/2023\/07\/21\/propone-feliciano-castro-que-salon-de-sesiones-del-congreso-se-llame-francisco-villa\/","title":{"rendered":"Propone Feliciano Castro que Sal\u00f3n de Sesiones del Congreso se llame Francisco Villa"},"content":{"rendered":"\n<p><strong><em>Sustent\u00f3 su propuesta porque muchos sinaloenses estuvieron con \u00e9l durante el movimiento armado que encabez\u00f3<\/em><\/strong><\/p>\n\n\n\n<p>Culiac\u00e1n, Sin.- El presidente de la Junta de Coordinaci\u00f3n Pol\u00edtica del Congreso del Estado de Sinaloa, Feliciano Castro Mel\u00e9ndrez, inform\u00f3 que impulsar\u00e1 que el Sal\u00f3n de Sesiones lleve el nombre de Francisco Villa.<\/p>\n\n\n\n<p>Al participar en la Mesa Redonda \u201cPacho Villa. Evocaciones de un Revolucionario\u201d, celebrada por el 100 aniversario de su muerte y que organiz\u00f3 el Instituto de Investigaciones Parlamentarias del Congreso, tambi\u00e9n se pronunci\u00f3 por que el nombre de la principal vialidad de Culiac\u00e1n, que es \u00c1lvaro Obreg\u00f3n, lleve el nombre de otro general hist\u00f3rico de Sinaloa, como es Rafael Buelna.<\/p>\n\n\n\n<p>Estas propuestas, dijo, son una convocatoria a transformar la realidad para alcanzar el M\u00e9xico que concibieron Pancho Villa y Emiliano Zapata.<\/p>\n\n\n\n<p>Sustent\u00f3 su propuesta de que el Sal\u00f3n de Sesiones del Congreso lleve el nombre de Francisco Villa porque muchos sinaloenses estuvieron con \u00e9l durante el movimiento armado que encabez\u00f3.<\/p>\n\n\n\n<p>Incluso precis\u00f3 que apenas este jueves el Pleno del Congreso aprob\u00f3 inscribir con letras doradas en el Muro de Honor del Sal\u00f3n de Sesiones el nombre del general villista Felipe Bachomo, quien fue un reconocido militar que surgi\u00f3 de la comunidad mayo-yoreme de Sinaloa.<\/p>\n\n\n\n<p>El diputado Feliciano Castro asegur\u00f3 que Francisco Villa fue de cuna rural y fue gente buena y no era un ignorante, pues ten\u00eda mucha claridad de lo que se deb\u00eda hacer en el M\u00e9xico de aquella \u00e9poca.<\/p>\n\n\n\n<p>Asegur\u00f3 que fue asesinado porque su proyecto pol\u00edtico era una amenaza a la clase pol\u00edtica emergente.<\/p>\n\n\n\n<p>En la mesa redonda \u201cPacho Villa. Evocaciones de un Revolucionario\u201d, que tuvo lugar en el vest\u00edbulo del Sal\u00f3n de Sesiones, participaron como ponentes los historiadores Sa\u00fal Armando Alarc\u00f3n Am\u00e9zquita, Samuel Ojeda Gast\u00e9lum, y Elizabeth Moreno Rojas.<\/p>\n\n\n\n<p>En su intervenci\u00f3n, Sa\u00fal Armando Alarc\u00f3n resalt\u00f3 la manifiesta formaci\u00f3n social de Pancho Villa, pues como gobernador de Chihuahua, en 1913 present\u00f3 su proyecto de naci\u00f3n, con una pol\u00edtica que reduc\u00eda los precio de la carne, pan y leche, para que estuvieran al alcance de la gente humilde, y promovi\u00f3 la repartici\u00f3n de tierras entre campesinos, as\u00ed como tambi\u00e9n defendi\u00f3 la autonom\u00eda municipal.<\/p>\n\n\n\n<p>Elizabeth Moreno expuso que la figura de Francisco Villa fue muy atractiva para la literatura mexicana y gener\u00f3 un nuevo g\u00e9nero narrativo con distintos recursos y valoraciones.<\/p>\n\n\n\n<p>En esa narrativa, dijo, se cre\u00f3 una imagen compleja del general entre lo positivo y negativo de sus rasgos; se celebran sus haza\u00f1as militares, pero tambi\u00e9n se le tilda como un vulgar delincuente y un criminal vengativo que comet\u00eda atroces actos.<\/p>\n\n\n\n<p>Samuel Ojeda afirm\u00f3 que Francisco Villa dej\u00f3 huella en la historia nacional, y se distingue por su osad\u00eda, haza\u00f1as y su legado pol\u00edtico-social.<\/p>\n\n\n\n<p>Hace 100 a\u00f1os, record\u00f3, se estaba velando un cuerpo, hab\u00eda sido asesinado uno de los m\u00e1s grandes exponentes de la Revoluci\u00f3n Mexicana, pero con su muerte traspas\u00f3 los umbrales de la vida terrenal y todav\u00eda vive entre los mexicanos, sobre todo en el norte del pa\u00eds.<\/p>\n\n\n\n<p>Pancho Villa, afirm\u00f3, es un personaje vivo &#8211;m\u00edticamente hablando&#8211; en el imaginario popular mexicano. Es como Perseo, h\u00e9roe valiente que enfrentaba monstruos y que est\u00e1 muy anidado en la mitolog\u00eda griega. Villa es el Perseo mexicano, y regresa para darle un valor simb\u00f3lico a lo que fuimos y a lo que somos.<\/p>\n","protected":false},"excerpt":{"rendered":"<p>Sustent\u00f3 su propuesta porque muchos sinaloenses estuvieron con \u00e9l durante el movimiento armado que encabez\u00f3 Culiac\u00e1n, Sin.- El presidente de la Junta de Coordinaci\u00f3n Pol\u00edtica del Congreso del Estado de Sinaloa, Feliciano Castro Mel\u00e9ndrez, inform\u00f3 que impulsar\u00e1 que el Sal\u00f3n de Sesiones lleve el nombre de Francisco Villa. Al participar en la Mesa Redonda \u201cPacho [&hellip;]<\/p>\n","protected":false},"author":4,"featured_media":53362,"comment_status":"open","ping_status":"open","sticky":false,"template":"","format":"standard","meta":{"tdm_status":"","tdm_grid_status":"","footnotes":""},"categories":[38,1],"tags":[],"class_list":{"0":"post-53359","1":"post","2":"type-post","3":"status-publish","4":"format-standard","5":"has-post-thumbnail","7":"category-noticias-locales","8":"category-sin-categoria"},"yoast_head":"<!-- This site is optimized with the Yoast SEO plugin v27.5 - https:\/\/yoast.com\/product\/yoast-seo-wordpress\/ -->\n<title>Propone Feliciano Castro que Sal\u00f3n de Sesiones del Congreso se llame Francisco Villa - Fuentes Fidedignas<\/title>\n<meta name=\"robots\" content=\"index, follow, max-snippet:-1, max-image-preview:large, max-video-preview:-1\" \/>\n<link rel=\"canonical\" href=\"https:\/\/fuentesfidedignas.com.mx\/index.php\/2023\/07\/21\/propone-feliciano-castro-que-salon-de-sesiones-del-congreso-se-llame-francisco-villa\/\" \/>\n<meta property=\"og:locale\" content=\"es_MX\" \/>\n<meta property=\"og:type\" content=\"article\" \/>\n<meta property=\"og:title\" content=\"Propone Feliciano Castro que Sal\u00f3n de Sesiones del Congreso se llame Francisco Villa - Fuentes Fidedignas\" \/>\n<meta property=\"og:description\" content=\"Sustent\u00f3 su propuesta porque muchos sinaloenses estuvieron con \u00e9l durante el movimiento armado que encabez\u00f3 Culiac\u00e1n, Sin.- El presidente de la Junta de Coordinaci\u00f3n Pol\u00edtica del Congreso del Estado de Sinaloa, Feliciano Castro Mel\u00e9ndrez, inform\u00f3 que impulsar\u00e1 que el Sal\u00f3n de Sesiones lleve el nombre de Francisco Villa. Al participar en la Mesa Redonda \u201cPacho [&hellip;]\" \/>\n<meta property=\"og:url\" content=\"https:\/\/fuentesfidedignas.com.mx\/index.php\/2023\/07\/21\/propone-feliciano-castro-que-salon-de-sesiones-del-congreso-se-llame-francisco-villa\/\" \/>\n<meta property=\"og:site_name\" content=\"Fuentes Fidedignas\" \/>\n<meta property=\"article:publisher\" content=\"https:\/\/www.facebook.com\/Fuentes-Fidedignas-368234489921644\" \/>\n<meta property=\"article:published_time\" content=\"2023-07-21T20:48:16+00:00\" \/>\n<meta property=\"article:modified_time\" content=\"2023-07-21T20:53:47+00:00\" \/>\n<meta property=\"og:image\" content=\"https:\/\/fuentesfidedignas.com.mx\/wp-content\/uploads\/2023\/07\/IMG-20230721-WA0012.jpg\" \/>\n\t<meta property=\"og:image:width\" content=\"1600\" \/>\n\t<meta property=\"og:image:height\" content=\"1066\" \/>\n\t<meta property=\"og:image:type\" content=\"image\/jpeg\" \/>\n<meta name=\"author\" content=\"Redacci\u00f3n\" \/>\n<meta name=\"twitter:card\" content=\"summary_large_image\" \/>\n<meta name=\"twitter:creator\" content=\"@fidedignas\" \/>\n<meta name=\"twitter:site\" content=\"@fidedignas\" \/>\n<meta name=\"twitter:label1\" content=\"Escrito por\" \/>\n\t<meta name=\"twitter:data1\" content=\"Redacci\u00f3n\" \/>\n\t<meta name=\"twitter:label2\" content=\"Tiempo de lectura\" \/>\n\t<meta name=\"twitter:data2\" content=\"3 minutos\" \/>\n<script type=\"application\/ld+json\" class=\"yoast-schema-graph\">{\"@context\":\"https:\\\/\\\/schema.org\",\"@graph\":[{\"@type\":\"Article\",\"@id\":\"https:\\\/\\\/fuentesfidedignas.com.mx\\\/index.php\\\/2023\\\/07\\\/21\\\/propone-feliciano-castro-que-salon-de-sesiones-del-congreso-se-llame-francisco-villa\\\/#article\",\"isPartOf\":{\"@id\":\"https:\\\/\\\/fuentesfidedignas.com.mx\\\/index.php\\\/2023\\\/07\\\/21\\\/propone-feliciano-castro-que-salon-de-sesiones-del-congreso-se-llame-francisco-villa\\\/\"},\"author\":{\"name\":\"Redacci\u00f3n\",\"@id\":\"https:\\\/\\\/fuentesfidedignas.com.mx\\\/#\\\/schema\\\/person\\\/331be9283d37198e2acd5750279085b0\"},\"headline\":\"Propone Feliciano Castro que Sal\u00f3n de Sesiones del Congreso se llame Francisco Villa\",\"datePublished\":\"2023-07-21T20:48:16+00:00\",\"dateModified\":\"2023-07-21T20:53:47+00:00\",\"mainEntityOfPage\":{\"@id\":\"https:\\\/\\\/fuentesfidedignas.com.mx\\\/index.php\\\/2023\\\/07\\\/21\\\/propone-feliciano-castro-que-salon-de-sesiones-del-congreso-se-llame-francisco-villa\\\/\"},\"wordCount\":605,\"commentCount\":0,\"publisher\":{\"@id\":\"https:\\\/\\\/fuentesfidedignas.com.mx\\\/#organization\"},\"image\":{\"@id\":\"https:\\\/\\\/fuentesfidedignas.com.mx\\\/index.php\\\/2023\\\/07\\\/21\\\/propone-feliciano-castro-que-salon-de-sesiones-del-congreso-se-llame-francisco-villa\\\/#primaryimage\"},\"thumbnailUrl\":\"https:\\\/\\\/fuentesfidedignas.com.mx\\\/wp-content\\\/uploads\\\/2023\\\/07\\\/IMG-20230721-WA0012.jpg\",\"articleSection\":[\"NOTICIAS LOCALES\"],\"inLanguage\":\"es\",\"potentialAction\":[{\"@type\":\"CommentAction\",\"name\":\"Comment\",\"target\":[\"https:\\\/\\\/fuentesfidedignas.com.mx\\\/index.php\\\/2023\\\/07\\\/21\\\/propone-feliciano-castro-que-salon-de-sesiones-del-congreso-se-llame-francisco-villa\\\/#respond\"]}]},{\"@type\":\"WebPage\",\"@id\":\"https:\\\/\\\/fuentesfidedignas.com.mx\\\/index.php\\\/2023\\\/07\\\/21\\\/propone-feliciano-castro-que-salon-de-sesiones-del-congreso-se-llame-francisco-villa\\\/\",\"url\":\"https:\\\/\\\/fuentesfidedignas.com.mx\\\/index.php\\\/2023\\\/07\\\/21\\\/propone-feliciano-castro-que-salon-de-sesiones-del-congreso-se-llame-francisco-villa\\\/\",\"name\":\"Propone Feliciano Castro que Sal\u00f3n de Sesiones del Congreso se llame Francisco Villa - Fuentes Fidedignas\",\"isPartOf\":{\"@id\":\"https:\\\/\\\/fuentesfidedignas.com.mx\\\/#website\"},\"primaryImageOfPage\":{\"@id\":\"https:\\\/\\\/fuentesfidedignas.com.mx\\\/index.php\\\/2023\\\/07\\\/21\\\/propone-feliciano-castro-que-salon-de-sesiones-del-congreso-se-llame-francisco-villa\\\/#primaryimage\"},\"image\":{\"@id\":\"https:\\\/\\\/fuentesfidedignas.com.mx\\\/index.php\\\/2023\\\/07\\\/21\\\/propone-feliciano-castro-que-salon-de-sesiones-del-congreso-se-llame-francisco-villa\\\/#primaryimage\"},\"thumbnailUrl\":\"https:\\\/\\\/fuentesfidedignas.com.mx\\\/wp-content\\\/uploads\\\/2023\\\/07\\\/IMG-20230721-WA0012.jpg\",\"datePublished\":\"2023-07-21T20:48:16+00:00\",\"dateModified\":\"2023-07-21T20:53:47+00:00\",\"breadcrumb\":{\"@id\":\"https:\\\/\\\/fuentesfidedignas.com.mx\\\/index.php\\\/2023\\\/07\\\/21\\\/propone-feliciano-castro-que-salon-de-sesiones-del-congreso-se-llame-francisco-villa\\\/#breadcrumb\"},\"inLanguage\":\"es\",\"potentialAction\":[{\"@type\":\"ReadAction\",\"target\":[\"https:\\\/\\\/fuentesfidedignas.com.mx\\\/index.php\\\/2023\\\/07\\\/21\\\/propone-feliciano-castro-que-salon-de-sesiones-del-congreso-se-llame-francisco-villa\\\/\"]}]},{\"@type\":\"ImageObject\",\"inLanguage\":\"es\",\"@id\":\"https:\\\/\\\/fuentesfidedignas.com.mx\\\/index.php\\\/2023\\\/07\\\/21\\\/propone-feliciano-castro-que-salon-de-sesiones-del-congreso-se-llame-francisco-villa\\\/#primaryimage\",\"url\":\"https:\\\/\\\/fuentesfidedignas.com.mx\\\/wp-content\\\/uploads\\\/2023\\\/07\\\/IMG-20230721-WA0012.jpg\",\"contentUrl\":\"https:\\\/\\\/fuentesfidedignas.com.mx\\\/wp-content\\\/uploads\\\/2023\\\/07\\\/IMG-20230721-WA0012.jpg\",\"width\":1600,\"height\":1066},{\"@type\":\"BreadcrumbList\",\"@id\":\"https:\\\/\\\/fuentesfidedignas.com.mx\\\/index.php\\\/2023\\\/07\\\/21\\\/propone-feliciano-castro-que-salon-de-sesiones-del-congreso-se-llame-francisco-villa\\\/#breadcrumb\",\"itemListElement\":[{\"@type\":\"ListItem\",\"position\":1,\"name\":\"Inicio\",\"item\":\"https:\\\/\\\/fuentesfidedignas.com.mx\\\/\"},{\"@type\":\"ListItem\",\"position\":2,\"name\":\"Propone Feliciano Castro que Sal\u00f3n de Sesiones del Congreso se llame Francisco Villa\"}]},{\"@type\":\"WebSite\",\"@id\":\"https:\\\/\\\/fuentesfidedignas.com.mx\\\/#website\",\"url\":\"https:\\\/\\\/fuentesfidedignas.com.mx\\\/\",\"name\":\"Fuentes Fidedignas\",\"description\":\"Otro sitio realizado con WordPress\",\"publisher\":{\"@id\":\"https:\\\/\\\/fuentesfidedignas.com.mx\\\/#organization\"},\"potentialAction\":[{\"@type\":\"SearchAction\",\"target\":{\"@type\":\"EntryPoint\",\"urlTemplate\":\"https:\\\/\\\/fuentesfidedignas.com.mx\\\/?s={search_term_string}\"},\"query-input\":{\"@type\":\"PropertyValueSpecification\",\"valueRequired\":true,\"valueName\":\"search_term_string\"}}],\"inLanguage\":\"es\"},{\"@type\":\"Organization\",\"@id\":\"https:\\\/\\\/fuentesfidedignas.com.mx\\\/#organization\",\"name\":\"Fuentes Fidedignas\",\"url\":\"https:\\\/\\\/fuentesfidedignas.com.mx\\\/\",\"logo\":{\"@type\":\"ImageObject\",\"inLanguage\":\"es\",\"@id\":\"https:\\\/\\\/fuentesfidedignas.com.mx\\\/#\\\/schema\\\/logo\\\/image\\\/\",\"url\":\"https:\\\/\\\/fuentesfidedignas.com.mx\\\/wp-content\\\/uploads\\\/2021\\\/04\\\/logo-retina.png\",\"contentUrl\":\"https:\\\/\\\/fuentesfidedignas.com.mx\\\/wp-content\\\/uploads\\\/2021\\\/04\\\/logo-retina.png\",\"width\":280,\"height\":51,\"caption\":\"Fuentes Fidedignas\"},\"image\":{\"@id\":\"https:\\\/\\\/fuentesfidedignas.com.mx\\\/#\\\/schema\\\/logo\\\/image\\\/\"},\"sameAs\":[\"https:\\\/\\\/www.facebook.com\\\/Fuentes-Fidedignas-368234489921644\",\"https:\\\/\\\/x.com\\\/fidedignas\"]},{\"@type\":\"Person\",\"@id\":\"https:\\\/\\\/fuentesfidedignas.com.mx\\\/#\\\/schema\\\/person\\\/331be9283d37198e2acd5750279085b0\",\"name\":\"Redacci\u00f3n\",\"image\":{\"@type\":\"ImageObject\",\"inLanguage\":\"es\",\"@id\":\"https:\\\/\\\/secure.gravatar.com\\\/avatar\\\/f6d8782c11d12b2d4ad3fbb6931aeab5309937a4d6cd2fc9cfaa28a6396a5aec?s=96&d=mm&r=g\",\"url\":\"https:\\\/\\\/secure.gravatar.com\\\/avatar\\\/f6d8782c11d12b2d4ad3fbb6931aeab5309937a4d6cd2fc9cfaa28a6396a5aec?s=96&d=mm&r=g\",\"contentUrl\":\"https:\\\/\\\/secure.gravatar.com\\\/avatar\\\/f6d8782c11d12b2d4ad3fbb6931aeab5309937a4d6cd2fc9cfaa28a6396a5aec?s=96&d=mm&r=g\",\"caption\":\"Redacci\u00f3n\"},\"url\":\"https:\\\/\\\/fuentesfidedignas.com.mx\\\/index.php\\\/author\\\/redaccion\\\/\"}]}<\/script>\n<!-- \/ Yoast SEO plugin. -->","yoast_head_json":{"title":"Propone Feliciano Castro que Sal\u00f3n de Sesiones del Congreso se llame Francisco Villa - Fuentes Fidedignas","robots":{"index":"index","follow":"follow","max-snippet":"max-snippet:-1","max-image-preview":"max-image-preview:large","max-video-preview":"max-video-preview:-1"},"canonical":"https:\/\/fuentesfidedignas.com.mx\/index.php\/2023\/07\/21\/propone-feliciano-castro-que-salon-de-sesiones-del-congreso-se-llame-francisco-villa\/","og_locale":"es_MX","og_type":"article","og_title":"Propone Feliciano Castro que Sal\u00f3n de Sesiones del Congreso se llame Francisco Villa - Fuentes Fidedignas","og_description":"Sustent\u00f3 su propuesta porque muchos sinaloenses estuvieron con \u00e9l durante el movimiento armado que encabez\u00f3 Culiac\u00e1n, Sin.- El presidente de la Junta de Coordinaci\u00f3n Pol\u00edtica del Congreso del Estado de Sinaloa, Feliciano Castro Mel\u00e9ndrez, inform\u00f3 que impulsar\u00e1 que el Sal\u00f3n de Sesiones lleve el nombre de Francisco Villa. Al participar en la Mesa Redonda \u201cPacho [&hellip;]","og_url":"https:\/\/fuentesfidedignas.com.mx\/index.php\/2023\/07\/21\/propone-feliciano-castro-que-salon-de-sesiones-del-congreso-se-llame-francisco-villa\/","og_site_name":"Fuentes Fidedignas","article_publisher":"https:\/\/www.facebook.com\/Fuentes-Fidedignas-368234489921644","article_published_time":"2023-07-21T20:48:16+00:00","article_modified_time":"2023-07-21T20:53:47+00:00","og_image":[{"width":1600,"height":1066,"url":"https:\/\/fuentesfidedignas.com.mx\/wp-content\/uploads\/2023\/07\/IMG-20230721-WA0012.jpg","type":"image\/jpeg"}],"author":"Redacci\u00f3n","twitter_card":"summary_large_image","twitter_creator":"@fidedignas","twitter_site":"@fidedignas","twitter_misc":{"Escrito por":"Redacci\u00f3n","Tiempo de lectura":"3 minutos"},"schema":{"@context":"https:\/\/schema.org","@graph":[{"@type":"Article","@id":"https:\/\/fuentesfidedignas.com.mx\/index.php\/2023\/07\/21\/propone-feliciano-castro-que-salon-de-sesiones-del-congreso-se-llame-francisco-villa\/#article","isPartOf":{"@id":"https:\/\/fuentesfidedignas.com.mx\/index.php\/2023\/07\/21\/propone-feliciano-castro-que-salon-de-sesiones-del-congreso-se-llame-francisco-villa\/"},"author":{"name":"Redacci\u00f3n","@id":"https:\/\/fuentesfidedignas.com.mx\/#\/schema\/person\/331be9283d37198e2acd5750279085b0"},"headline":"Propone Feliciano Castro que Sal\u00f3n de Sesiones del Congreso se llame Francisco Villa","datePublished":"2023-07-21T20:48:16+00:00","dateModified":"2023-07-21T20:53:47+00:00","mainEntityOfPage":{"@id":"https:\/\/fuentesfidedignas.com.mx\/index.php\/2023\/07\/21\/propone-feliciano-castro-que-salon-de-sesiones-del-congreso-se-llame-francisco-villa\/"},"wordCount":605,"commentCount":0,"publisher":{"@id":"https:\/\/fuentesfidedignas.com.mx\/#organization"},"image":{"@id":"https:\/\/fuentesfidedignas.com.mx\/index.php\/2023\/07\/21\/propone-feliciano-castro-que-salon-de-sesiones-del-congreso-se-llame-francisco-villa\/#primaryimage"},"thumbnailUrl":"https:\/\/fuentesfidedignas.com.mx\/wp-content\/uploads\/2023\/07\/IMG-20230721-WA0012.jpg","articleSection":["NOTICIAS LOCALES"],"inLanguage":"es","potentialAction":[{"@type":"CommentAction","name":"Comment","target":["https:\/\/fuentesfidedignas.com.mx\/index.php\/2023\/07\/21\/propone-feliciano-castro-que-salon-de-sesiones-del-congreso-se-llame-francisco-villa\/#respond"]}]},{"@type":"WebPage","@id":"https:\/\/fuentesfidedignas.com.mx\/index.php\/2023\/07\/21\/propone-feliciano-castro-que-salon-de-sesiones-del-congreso-se-llame-francisco-villa\/","url":"https:\/\/fuentesfidedignas.com.mx\/index.php\/2023\/07\/21\/propone-feliciano-castro-que-salon-de-sesiones-del-congreso-se-llame-francisco-villa\/","name":"Propone Feliciano Castro que Sal\u00f3n de Sesiones del Congreso se llame Francisco Villa - Fuentes Fidedignas","isPartOf":{"@id":"https:\/\/fuentesfidedignas.com.mx\/#website"},"primaryImageOfPage":{"@id":"https:\/\/fuentesfidedignas.com.mx\/index.php\/2023\/07\/21\/propone-feliciano-castro-que-salon-de-sesiones-del-congreso-se-llame-francisco-villa\/#primaryimage"},"image":{"@id":"https:\/\/fuentesfidedignas.com.mx\/index.php\/2023\/07\/21\/propone-feliciano-castro-que-salon-de-sesiones-del-congreso-se-llame-francisco-villa\/#primaryimage"},"thumbnailUrl":"https:\/\/fuentesfidedignas.com.mx\/wp-content\/uploads\/2023\/07\/IMG-20230721-WA0012.jpg","datePublished":"2023-07-21T20:48:16+00:00","dateModified":"2023-07-21T20:53:47+00:00","breadcrumb":{"@id":"https:\/\/fuentesfidedignas.com.mx\/index.php\/2023\/07\/21\/propone-feliciano-castro-que-salon-de-sesiones-del-congreso-se-llame-francisco-villa\/#breadcrumb"},"inLanguage":"es","potentialAction":[{"@type":"ReadAction","target":["https:\/\/fuentesfidedignas.com.mx\/index.php\/2023\/07\/21\/propone-feliciano-castro-que-salon-de-sesiones-del-congreso-se-llame-francisco-villa\/"]}]},{"@type":"ImageObject","inLanguage":"es","@id":"https:\/\/fuentesfidedignas.com.mx\/index.php\/2023\/07\/21\/propone-feliciano-castro-que-salon-de-sesiones-del-congreso-se-llame-francisco-villa\/#primaryimage","url":"https:\/\/fuentesfidedignas.com.mx\/wp-content\/uploads\/2023\/07\/IMG-20230721-WA0012.jpg","contentUrl":"https:\/\/fuentesfidedignas.com.mx\/wp-content\/uploads\/2023\/07\/IMG-20230721-WA0012.jpg","width":1600,"height":1066},{"@type":"BreadcrumbList","@id":"https:\/\/fuentesfidedignas.com.mx\/index.php\/2023\/07\/21\/propone-feliciano-castro-que-salon-de-sesiones-del-congreso-se-llame-francisco-villa\/#breadcrumb","itemListElement":[{"@type":"ListItem","position":1,"name":"Inicio","item":"https:\/\/fuentesfidedignas.com.mx\/"},{"@type":"ListItem","position":2,"name":"Propone Feliciano Castro que Sal\u00f3n de Sesiones del Congreso se llame Francisco Villa"}]},{"@type":"WebSite","@id":"https:\/\/fuentesfidedignas.com.mx\/#website","url":"https:\/\/fuentesfidedignas.com.mx\/","name":"Fuentes Fidedignas","description":"Otro sitio realizado con WordPress","publisher":{"@id":"https:\/\/fuentesfidedignas.com.mx\/#organization"},"potentialAction":[{"@type":"SearchAction","target":{"@type":"EntryPoint","urlTemplate":"https:\/\/fuentesfidedignas.com.mx\/?s={search_term_string}"},"query-input":{"@type":"PropertyValueSpecification","valueRequired":true,"valueName":"search_term_string"}}],"inLanguage":"es"},{"@type":"Organization","@id":"https:\/\/fuentesfidedignas.com.mx\/#organization","name":"Fuentes Fidedignas","url":"https:\/\/fuentesfidedignas.com.mx\/","logo":{"@type":"ImageObject","inLanguage":"es","@id":"https:\/\/fuentesfidedignas.com.mx\/#\/schema\/logo\/image\/","url":"https:\/\/fuentesfidedignas.com.mx\/wp-content\/uploads\/2021\/04\/logo-retina.png","contentUrl":"https:\/\/fuentesfidedignas.com.mx\/wp-content\/uploads\/2021\/04\/logo-retina.png","width":280,"height":51,"caption":"Fuentes Fidedignas"},"image":{"@id":"https:\/\/fuentesfidedignas.com.mx\/#\/schema\/logo\/image\/"},"sameAs":["https:\/\/www.facebook.com\/Fuentes-Fidedignas-368234489921644","https:\/\/x.com\/fidedignas"]},{"@type":"Person","@id":"https:\/\/fuentesfidedignas.com.mx\/#\/schema\/person\/331be9283d37198e2acd5750279085b0","name":"Redacci\u00f3n","image":{"@type":"ImageObject","inLanguage":"es","@id":"https:\/\/secure.gravatar.com\/avatar\/f6d8782c11d12b2d4ad3fbb6931aeab5309937a4d6cd2fc9cfaa28a6396a5aec?s=96&d=mm&r=g","url":"https:\/\/secure.gravatar.com\/avatar\/f6d8782c11d12b2d4ad3fbb6931aeab5309937a4d6cd2fc9cfaa28a6396a5aec?s=96&d=mm&r=g","contentUrl":"https:\/\/secure.gravatar.com\/avatar\/f6d8782c11d12b2d4ad3fbb6931aeab5309937a4d6cd2fc9cfaa28a6396a5aec?s=96&d=mm&r=g","caption":"Redacci\u00f3n"},"url":"https:\/\/fuentesfidedignas.com.mx\/index.php\/author\/redaccion\/"}]}},"_links":{"self":[{"href":"https:\/\/fuentesfidedignas.com.mx\/index.php\/wp-json\/wp\/v2\/posts\/53359","targetHints":{"allow":["GET"]}}],"collection":[{"href":"https:\/\/fuentesfidedignas.com.mx\/index.php\/wp-json\/wp\/v2\/posts"}],"about":[{"href":"https:\/\/fuentesfidedignas.com.mx\/index.php\/wp-json\/wp\/v2\/types\/post"}],"author":[{"embeddable":true,"href":"https:\/\/fuentesfidedignas.com.mx\/index.php\/wp-json\/wp\/v2\/users\/4"}],"replies":[{"embeddable":true,"href":"https:\/\/fuentesfidedignas.com.mx\/index.php\/wp-json\/wp\/v2\/comments?post=53359"}],"version-history":[{"count":2,"href":"https:\/\/fuentesfidedignas.com.mx\/index.php\/wp-json\/wp\/v2\/posts\/53359\/revisions"}],"predecessor-version":[{"id":53363,"href":"https:\/\/fuentesfidedignas.com.mx\/index.php\/wp-json\/wp\/v2\/posts\/53359\/revisions\/53363"}],"wp:featuredmedia":[{"embeddable":true,"href":"https:\/\/fuentesfidedignas.com.mx\/index.php\/wp-json\/wp\/v2\/media\/53362"}],"wp:attachment":[{"href":"https:\/\/fuentesfidedignas.com.mx\/index.php\/wp-json\/wp\/v2\/media?parent=53359"}],"wp:term":[{"taxonomy":"category","embeddable":true,"href":"https:\/\/fuentesfidedignas.com.mx\/index.php\/wp-json\/wp\/v2\/categories?post=53359"},{"taxonomy":"post_tag","embeddable":true,"href":"https:\/\/fuentesfidedignas.com.mx\/index.php\/wp-json\/wp\/v2\/tags?post=53359"}],"curies":[{"name":"wp","href":"https:\/\/api.w.org\/{rel}","templated":true}]}}