{"id":53349,"date":"2023-07-21T11:28:56","date_gmt":"2023-07-21T18:28:56","guid":{"rendered":"https:\/\/fuentesfidedignas.com.mx\/?p=53349"},"modified":"2023-07-21T11:29:44","modified_gmt":"2023-07-21T18:29:44","slug":"asesinatos-secuestros-robos-delitos-aumentaron-en-sinaloa-la-primera-mitad-del-ano","status":"publish","type":"post","link":"https:\/\/fuentesfidedignas.com.mx\/index.php\/2023\/07\/21\/asesinatos-secuestros-robos-delitos-aumentaron-en-sinaloa-la-primera-mitad-del-ano\/","title":{"rendered":"Asesinatos, secuestros, robos&#8230; delitos aumentaron en Sinaloa la primera mitad del a\u00f1o"},"content":{"rendered":"\n<p><strong><em>Al cierre del periodo enero a junio de este a\u00f1o, los delitos de violencia familiar, feminicidio, homicidio, robo, secuestro y narcomenudeo registraron aumentos considerables<\/em><\/strong><\/p>\n\n\n\n<p><strong><em>Culiac\u00e1n, Ahome y Mazatl\u00e1n concentran el 80% de las denuncias <\/em><\/strong><\/p>\n\n\n\n<p>Culiac\u00e1n, Sin. Dentro del Diagn\u00f3stico semestral elaborado por la Coordinaci\u00f3n General del Consejo Estatal de Seguridad P\u00fablica se destaca que 12 de los 14 delitos a los que da seguimiento este observatorio ciudadano registraron aumentos en el n\u00famero de denuncias en comparaci\u00f3n con el primer semestre del 2022.<\/p>\n\n\n\n<p>Al cierre del periodo enero a junio de este a\u00f1o, los delitos de violencia familiar, feminicidio, homicidio culposo, privaci\u00f3n, homicidio doloso, robo de veh\u00edculo, robo a comercio, robo a casa, robo a transportista, secuestro, narcomenudeo y lesiones dolosas registraron aumentos considerables.<\/p>\n\n\n\n<figure class=\"wp-block-image size-large\"><img decoding=\"async\" width=\"1024\" height=\"896\" src=\"https:\/\/fuentesfidedignas.com.mx\/wp-content\/uploads\/2023\/07\/1000096060-1024x896.jpg\" alt=\"\" class=\"wp-image-53350\" srcset=\"https:\/\/fuentesfidedignas.com.mx\/wp-content\/uploads\/2023\/07\/1000096060-1024x896.jpg 1024w, https:\/\/fuentesfidedignas.com.mx\/wp-content\/uploads\/2023\/07\/1000096060-300x262.jpg 300w, https:\/\/fuentesfidedignas.com.mx\/wp-content\/uploads\/2023\/07\/1000096060-768x672.jpg 768w, https:\/\/fuentesfidedignas.com.mx\/wp-content\/uploads\/2023\/07\/1000096060-1536x1344.jpg 1536w, https:\/\/fuentesfidedignas.com.mx\/wp-content\/uploads\/2023\/07\/1000096060-2048x1792.jpg 2048w\" sizes=\"(max-width: 1024px) 100vw, 1024px\" \/><\/figure>\n\n\n\n<p>Mientras que el robo a banco no present\u00f3 ninguna variaci\u00f3n en el n\u00famero de denuncias y el delito de violaci\u00f3n registr\u00f3 una disminuci\u00f3n del 1%.<\/p>\n\n\n\n<p>Ante esto, la Coordinaci\u00f3n General del CESP indic\u00f3 que estos comportamientos en la incidencia delictiva deben ser considerados para el an\u00e1lisis en la toma de decisiones, lo que podr\u00eda convertirse en acciones y estrategias efectivas para contener los aumentos durante el segundo semestre del 2023.<\/p>\n\n\n\n<p><strong>Hallazgos de la incidencia delictiva<\/strong><\/p>\n\n\n\n<figure class=\"wp-block-image size-large\"><img decoding=\"async\" width=\"1024\" height=\"576\" src=\"https:\/\/fuentesfidedignas.com.mx\/wp-content\/uploads\/2023\/07\/1000096059-1024x576.jpg\" alt=\"\" class=\"wp-image-53351\" srcset=\"https:\/\/fuentesfidedignas.com.mx\/wp-content\/uploads\/2023\/07\/1000096059-1024x576.jpg 1024w, https:\/\/fuentesfidedignas.com.mx\/wp-content\/uploads\/2023\/07\/1000096059-300x169.jpg 300w, https:\/\/fuentesfidedignas.com.mx\/wp-content\/uploads\/2023\/07\/1000096059-768x432.jpg 768w, https:\/\/fuentesfidedignas.com.mx\/wp-content\/uploads\/2023\/07\/1000096059-1536x864.jpg 1536w, https:\/\/fuentesfidedignas.com.mx\/wp-content\/uploads\/2023\/07\/1000096059.jpg 1600w\" sizes=\"(max-width: 1024px) 100vw, 1024px\" \/><\/figure>\n\n\n\n<p><strong>Homicidio doloso<\/strong><\/p>\n\n\n\n<p>De enero a junio de 2023 se presentaron 273 denuncias por lo que se increment\u00f3 en 11% respecto al mismo periodo del 2022 cuando se registraron 247.<\/p>\n\n\n\n<p>Las 273 denuncias por homicidio doloso por municipios.<\/p>\n\n\n\n<p>Culiac\u00e1n (166)<\/p>\n\n\n\n<p>Guasave (26)<\/p>\n\n\n\n<p>Mazatl\u00e1n (19)<\/p>\n\n\n\n<p>Ahome (13)<\/p>\n\n\n\n<p>Navolato (10)<\/p>\n\n\n\n<p>Mocorito (7)<\/p>\n\n\n\n<p>Salvador Alvarado (7)<\/p>\n\n\n\n<p>Escuinapa (5)<\/p>\n\n\n\n<p>Sinaloa (5)<\/p>\n\n\n\n<p>Angostura (3)<\/p>\n\n\n\n<p>Choix (3)<\/p>\n\n\n\n<p>Badiraguato (2)<\/p>\n\n\n\n<p>Elota (2)<\/p>\n\n\n\n<p>San Ignacio (2)<\/p>\n\n\n\n<p>Concordia (1)<\/p>\n\n\n\n<p>El Fuerte (1)<\/p>\n\n\n\n<p>El Rosario (1)<\/p>\n\n\n\n<p>Cosal\u00e1 (0)<\/p>\n\n\n\n<p>El mes de marzo registr\u00f3 la cifra m\u00e1s alta con 57 denuncias. Y dentro del acumulado al mes de junio, Culiac\u00e1n concentra el 60% de las denuncias de todo el estado.<\/p>\n\n\n\n<p><strong>Robo a veh\u00edculo<\/strong><\/p>\n\n\n\n<figure class=\"wp-block-image size-large\"><img decoding=\"async\" width=\"1024\" height=\"576\" src=\"https:\/\/fuentesfidedignas.com.mx\/wp-content\/uploads\/2023\/07\/1000096058-1024x576.jpg\" alt=\"\" class=\"wp-image-53352\" srcset=\"https:\/\/fuentesfidedignas.com.mx\/wp-content\/uploads\/2023\/07\/1000096058-1024x576.jpg 1024w, https:\/\/fuentesfidedignas.com.mx\/wp-content\/uploads\/2023\/07\/1000096058-300x169.jpg 300w, https:\/\/fuentesfidedignas.com.mx\/wp-content\/uploads\/2023\/07\/1000096058-768x432.jpg 768w, https:\/\/fuentesfidedignas.com.mx\/wp-content\/uploads\/2023\/07\/1000096058-1536x864.jpg 1536w, https:\/\/fuentesfidedignas.com.mx\/wp-content\/uploads\/2023\/07\/1000096058.jpg 1600w\" sizes=\"(max-width: 1024px) 100vw, 1024px\" \/><\/figure>\n\n\n\n<p>En lo acumulado del primer semestre de 2023 se contabilizaron 2,287 denuncias, con un alza de 26% sobre las 1,813 del mismo periodo de 2022.<\/p>\n\n\n\n<p>Las 2,287 denuncias de robo de veh\u00edculo por municipios.<\/p>\n\n\n\n<p>Culiac\u00e1n (1,131)<\/p>\n\n\n\n<p>Mazatl\u00e1n (401)<\/p>\n\n\n\n<p>Ahome (194)<\/p>\n\n\n\n<p>Guasave (111)<\/p>\n\n\n\n<p>Escuinapa (76)<\/p>\n\n\n\n<p>Angostura (55)<\/p>\n\n\n\n<p>Mocorito (52)<\/p>\n\n\n\n<p>El Rosario (47)<\/p>\n\n\n\n<p>Concordia (41)<\/p>\n\n\n\n<p>Navolato (37)<\/p>\n\n\n\n<p>El Fuerte (37)<\/p>\n\n\n\n<p>Choix (31)<\/p>\n\n\n\n<p>Salvador Alvarado (30)<\/p>\n\n\n\n<p>Elota (25)<\/p>\n\n\n\n<p>San Ignacio (10)<\/p>\n\n\n\n<p>Badiraguato (7)<\/p>\n\n\n\n<p>Cosal\u00e1 (1)<\/p>\n\n\n\n<p>Sinaloa (1)<br><\/p>\n\n\n\n<p>Dentro del an\u00e1lisis de este delito se indica que la cifra m\u00e1s alta fue en el mes de enero con 869 denuncias, derivado de los acontecimientos de violencia. Situaci\u00f3n que coloca a Culiac\u00e1n como el foco rojo de este delito debido a que concentra el 49% del total de las denuncias de todo el estado.<\/p>\n\n\n\n<p><strong>Privaci\u00f3n<\/strong><\/p>\n\n\n\n<figure class=\"wp-block-image size-large\"><img decoding=\"async\" width=\"1024\" height=\"576\" src=\"https:\/\/fuentesfidedignas.com.mx\/wp-content\/uploads\/2023\/07\/1000096057-1024x576.jpg\" alt=\"\" class=\"wp-image-53353\" srcset=\"https:\/\/fuentesfidedignas.com.mx\/wp-content\/uploads\/2023\/07\/1000096057-1024x576.jpg 1024w, https:\/\/fuentesfidedignas.com.mx\/wp-content\/uploads\/2023\/07\/1000096057-300x169.jpg 300w, https:\/\/fuentesfidedignas.com.mx\/wp-content\/uploads\/2023\/07\/1000096057-768x432.jpg 768w, https:\/\/fuentesfidedignas.com.mx\/wp-content\/uploads\/2023\/07\/1000096057-1536x864.jpg 1536w, https:\/\/fuentesfidedignas.com.mx\/wp-content\/uploads\/2023\/07\/1000096057.jpg 1600w\" sizes=\"(max-width: 1024px) 100vw, 1024px\" \/><\/figure>\n\n\n\n<p>En enero a junio de 2023 se presentaron 501 denuncias por privaci\u00f3n (Desaparici\u00f3n Forzada de Personas), con un crecimiento de 9% contra el mismo lapso de 2022 con 460 denuncias. En el an\u00e1lisis de este delito se indic\u00f3 que los meses de marzo con 101 y junio con 100 registraron las cifras m\u00e1s altas de denuncias.<\/p>\n\n\n\n<p>Las 501 denuncias de privaci\u00f3n por municipios.<\/p>\n\n\n\n<p>Culiac\u00e1n (249)&nbsp;&nbsp;&nbsp;&nbsp;&nbsp;&nbsp;&nbsp;&nbsp;&nbsp;&nbsp;&nbsp;&nbsp;&nbsp;&nbsp;&nbsp;&nbsp;&nbsp;<\/p>\n\n\n\n<p>Ahome (88)<\/p>\n\n\n\n<p>Mazatl\u00e1n (64)<\/p>\n\n\n\n<p>Guasave (43)<\/p>\n\n\n\n<p>Navolato (16)<\/p>\n\n\n\n<p>El Fuerte (13)<\/p>\n\n\n\n<p>Salvador Alvarado (6)<\/p>\n\n\n\n<p>Mocorito (5)<\/p>\n\n\n\n<p>Escuinapa (3)<\/p>\n\n\n\n<p>Angostura (3)<\/p>\n\n\n\n<p>Sinaloa (3)<\/p>\n\n\n\n<p>Choix (2)<\/p>\n\n\n\n<p>Concordia (2)<\/p>\n\n\n\n<p>Cosal\u00e1 (1)<\/p>\n\n\n\n<p>Elota (1)<\/p>\n\n\n\n<p>Rosario (1)<\/p>\n\n\n\n<p>San Ignacio (1)<\/p>\n\n\n\n<p>Culiac\u00e1n, Ahome y Mazatl\u00e1n concentran el 80% de las denuncias en el primer semestre de 2023.<\/p>\n\n\n\n<p>Conoce m\u00e1s sobre el Diagn\u00f3stico del primer semestre del 2023 aqu\u00ed:<\/p>\n\n\n\n<p><a href=\"https:\/\/coordinaciongeneralcesp.org.mx\/wp-content\/uploads\/2023\/07\/CG_CESP_Diagn%C3%B3stico_Semestral_enero_junio_2023.pdf\">https:\/\/coordinaciongeneralcesp.org.mx\/wp-content\/uploads\/2023\/07\/CG_CESP_Diagn%C3%B3stico_Semestral_enero_junio_2023.pdf<\/a><\/p>\n","protected":false},"excerpt":{"rendered":"<p>Al cierre del periodo enero a junio de este a\u00f1o, los delitos de violencia familiar, feminicidio, homicidio, robo, secuestro y narcomenudeo registraron aumentos considerables Culiac\u00e1n, Ahome y Mazatl\u00e1n concentran el 80% de las denuncias Culiac\u00e1n, Sin. Dentro del Diagn\u00f3stico semestral elaborado por la Coordinaci\u00f3n General del Consejo Estatal de Seguridad P\u00fablica se destaca que 12 [&hellip;]<\/p>\n","protected":false},"author":4,"featured_media":53355,"comment_status":"open","ping_status":"open","sticky":false,"template":"","format":"standard","meta":{"tdm_status":"","tdm_grid_status":"","footnotes":""},"categories":[37,1],"tags":[],"class_list":{"0":"post-53349","1":"post","2":"type-post","3":"status-publish","4":"format-standard","5":"has-post-thumbnail","7":"category-nota-principal","8":"category-sin-categoria"},"yoast_head":"<!-- This site is optimized with the Yoast SEO plugin v27.5 - https:\/\/yoast.com\/product\/yoast-seo-wordpress\/ -->\n<title>Asesinatos, secuestros, robos... delitos aumentaron en Sinaloa la primera mitad del a\u00f1o - Fuentes Fidedignas<\/title>\n<meta name=\"robots\" content=\"index, follow, max-snippet:-1, max-image-preview:large, max-video-preview:-1\" \/>\n<link rel=\"canonical\" href=\"https:\/\/fuentesfidedignas.com.mx\/index.php\/2023\/07\/21\/asesinatos-secuestros-robos-delitos-aumentaron-en-sinaloa-la-primera-mitad-del-ano\/\" \/>\n<meta property=\"og:locale\" content=\"es_MX\" \/>\n<meta property=\"og:type\" content=\"article\" \/>\n<meta property=\"og:title\" content=\"Asesinatos, secuestros, robos... delitos aumentaron en Sinaloa la primera mitad del a\u00f1o - Fuentes Fidedignas\" \/>\n<meta property=\"og:description\" content=\"Al cierre del periodo enero a junio de este a\u00f1o, los delitos de violencia familiar, feminicidio, homicidio, robo, secuestro y narcomenudeo registraron aumentos considerables Culiac\u00e1n, Ahome y Mazatl\u00e1n concentran el 80% de las denuncias Culiac\u00e1n, Sin. Dentro del Diagn\u00f3stico semestral elaborado por la Coordinaci\u00f3n General del Consejo Estatal de Seguridad P\u00fablica se destaca que 12 [&hellip;]\" \/>\n<meta property=\"og:url\" content=\"https:\/\/fuentesfidedignas.com.mx\/index.php\/2023\/07\/21\/asesinatos-secuestros-robos-delitos-aumentaron-en-sinaloa-la-primera-mitad-del-ano\/\" \/>\n<meta property=\"og:site_name\" content=\"Fuentes Fidedignas\" \/>\n<meta property=\"article:publisher\" content=\"https:\/\/www.facebook.com\/Fuentes-Fidedignas-368234489921644\" \/>\n<meta property=\"article:published_time\" content=\"2023-07-21T18:28:56+00:00\" \/>\n<meta property=\"article:modified_time\" content=\"2023-07-21T18:29:44+00:00\" \/>\n<meta property=\"og:image\" content=\"https:\/\/fuentesfidedignas.com.mx\/wp-content\/uploads\/2023\/07\/images-2-1.jpeg\" \/>\n\t<meta property=\"og:image:width\" content=\"534\" \/>\n\t<meta property=\"og:image:height\" content=\"332\" \/>\n\t<meta property=\"og:image:type\" content=\"image\/jpeg\" \/>\n<meta name=\"author\" content=\"Redacci\u00f3n\" \/>\n<meta name=\"twitter:card\" content=\"summary_large_image\" \/>\n<meta name=\"twitter:creator\" content=\"@fidedignas\" \/>\n<meta name=\"twitter:site\" content=\"@fidedignas\" \/>\n<meta name=\"twitter:label1\" content=\"Escrito por\" \/>\n\t<meta name=\"twitter:data1\" content=\"Redacci\u00f3n\" \/>\n\t<meta name=\"twitter:label2\" content=\"Tiempo de lectura\" \/>\n\t<meta name=\"twitter:data2\" content=\"4 minutos\" \/>\n<script type=\"application\/ld+json\" class=\"yoast-schema-graph\">{\"@context\":\"https:\\\/\\\/schema.org\",\"@graph\":[{\"@type\":\"Article\",\"@id\":\"https:\\\/\\\/fuentesfidedignas.com.mx\\\/index.php\\\/2023\\\/07\\\/21\\\/asesinatos-secuestros-robos-delitos-aumentaron-en-sinaloa-la-primera-mitad-del-ano\\\/#article\",\"isPartOf\":{\"@id\":\"https:\\\/\\\/fuentesfidedignas.com.mx\\\/index.php\\\/2023\\\/07\\\/21\\\/asesinatos-secuestros-robos-delitos-aumentaron-en-sinaloa-la-primera-mitad-del-ano\\\/\"},\"author\":{\"name\":\"Redacci\u00f3n\",\"@id\":\"https:\\\/\\\/fuentesfidedignas.com.mx\\\/#\\\/schema\\\/person\\\/331be9283d37198e2acd5750279085b0\"},\"headline\":\"Asesinatos, secuestros, robos&#8230; delitos aumentaron en Sinaloa la primera mitad del a\u00f1o\",\"datePublished\":\"2023-07-21T18:28:56+00:00\",\"dateModified\":\"2023-07-21T18:29:44+00:00\",\"mainEntityOfPage\":{\"@id\":\"https:\\\/\\\/fuentesfidedignas.com.mx\\\/index.php\\\/2023\\\/07\\\/21\\\/asesinatos-secuestros-robos-delitos-aumentaron-en-sinaloa-la-primera-mitad-del-ano\\\/\"},\"wordCount\":569,\"commentCount\":0,\"publisher\":{\"@id\":\"https:\\\/\\\/fuentesfidedignas.com.mx\\\/#organization\"},\"image\":{\"@id\":\"https:\\\/\\\/fuentesfidedignas.com.mx\\\/index.php\\\/2023\\\/07\\\/21\\\/asesinatos-secuestros-robos-delitos-aumentaron-en-sinaloa-la-primera-mitad-del-ano\\\/#primaryimage\"},\"thumbnailUrl\":\"https:\\\/\\\/fuentesfidedignas.com.mx\\\/wp-content\\\/uploads\\\/2023\\\/07\\\/images-2-1.jpeg\",\"articleSection\":[\"NOTA PRINCIPAL\"],\"inLanguage\":\"es\",\"potentialAction\":[{\"@type\":\"CommentAction\",\"name\":\"Comment\",\"target\":[\"https:\\\/\\\/fuentesfidedignas.com.mx\\\/index.php\\\/2023\\\/07\\\/21\\\/asesinatos-secuestros-robos-delitos-aumentaron-en-sinaloa-la-primera-mitad-del-ano\\\/#respond\"]}]},{\"@type\":\"WebPage\",\"@id\":\"https:\\\/\\\/fuentesfidedignas.com.mx\\\/index.php\\\/2023\\\/07\\\/21\\\/asesinatos-secuestros-robos-delitos-aumentaron-en-sinaloa-la-primera-mitad-del-ano\\\/\",\"url\":\"https:\\\/\\\/fuentesfidedignas.com.mx\\\/index.php\\\/2023\\\/07\\\/21\\\/asesinatos-secuestros-robos-delitos-aumentaron-en-sinaloa-la-primera-mitad-del-ano\\\/\",\"name\":\"Asesinatos, secuestros, robos... delitos aumentaron en Sinaloa la primera mitad del a\u00f1o - Fuentes Fidedignas\",\"isPartOf\":{\"@id\":\"https:\\\/\\\/fuentesfidedignas.com.mx\\\/#website\"},\"primaryImageOfPage\":{\"@id\":\"https:\\\/\\\/fuentesfidedignas.com.mx\\\/index.php\\\/2023\\\/07\\\/21\\\/asesinatos-secuestros-robos-delitos-aumentaron-en-sinaloa-la-primera-mitad-del-ano\\\/#primaryimage\"},\"image\":{\"@id\":\"https:\\\/\\\/fuentesfidedignas.com.mx\\\/index.php\\\/2023\\\/07\\\/21\\\/asesinatos-secuestros-robos-delitos-aumentaron-en-sinaloa-la-primera-mitad-del-ano\\\/#primaryimage\"},\"thumbnailUrl\":\"https:\\\/\\\/fuentesfidedignas.com.mx\\\/wp-content\\\/uploads\\\/2023\\\/07\\\/images-2-1.jpeg\",\"datePublished\":\"2023-07-21T18:28:56+00:00\",\"dateModified\":\"2023-07-21T18:29:44+00:00\",\"breadcrumb\":{\"@id\":\"https:\\\/\\\/fuentesfidedignas.com.mx\\\/index.php\\\/2023\\\/07\\\/21\\\/asesinatos-secuestros-robos-delitos-aumentaron-en-sinaloa-la-primera-mitad-del-ano\\\/#breadcrumb\"},\"inLanguage\":\"es\",\"potentialAction\":[{\"@type\":\"ReadAction\",\"target\":[\"https:\\\/\\\/fuentesfidedignas.com.mx\\\/index.php\\\/2023\\\/07\\\/21\\\/asesinatos-secuestros-robos-delitos-aumentaron-en-sinaloa-la-primera-mitad-del-ano\\\/\"]}]},{\"@type\":\"ImageObject\",\"inLanguage\":\"es\",\"@id\":\"https:\\\/\\\/fuentesfidedignas.com.mx\\\/index.php\\\/2023\\\/07\\\/21\\\/asesinatos-secuestros-robos-delitos-aumentaron-en-sinaloa-la-primera-mitad-del-ano\\\/#primaryimage\",\"url\":\"https:\\\/\\\/fuentesfidedignas.com.mx\\\/wp-content\\\/uploads\\\/2023\\\/07\\\/images-2-1.jpeg\",\"contentUrl\":\"https:\\\/\\\/fuentesfidedignas.com.mx\\\/wp-content\\\/uploads\\\/2023\\\/07\\\/images-2-1.jpeg\",\"width\":534,\"height\":332},{\"@type\":\"BreadcrumbList\",\"@id\":\"https:\\\/\\\/fuentesfidedignas.com.mx\\\/index.php\\\/2023\\\/07\\\/21\\\/asesinatos-secuestros-robos-delitos-aumentaron-en-sinaloa-la-primera-mitad-del-ano\\\/#breadcrumb\",\"itemListElement\":[{\"@type\":\"ListItem\",\"position\":1,\"name\":\"Inicio\",\"item\":\"https:\\\/\\\/fuentesfidedignas.com.mx\\\/\"},{\"@type\":\"ListItem\",\"position\":2,\"name\":\"Asesinatos, secuestros, robos&#8230; delitos aumentaron en Sinaloa la primera mitad del a\u00f1o\"}]},{\"@type\":\"WebSite\",\"@id\":\"https:\\\/\\\/fuentesfidedignas.com.mx\\\/#website\",\"url\":\"https:\\\/\\\/fuentesfidedignas.com.mx\\\/\",\"name\":\"Fuentes Fidedignas\",\"description\":\"Otro sitio realizado con WordPress\",\"publisher\":{\"@id\":\"https:\\\/\\\/fuentesfidedignas.com.mx\\\/#organization\"},\"potentialAction\":[{\"@type\":\"SearchAction\",\"target\":{\"@type\":\"EntryPoint\",\"urlTemplate\":\"https:\\\/\\\/fuentesfidedignas.com.mx\\\/?s={search_term_string}\"},\"query-input\":{\"@type\":\"PropertyValueSpecification\",\"valueRequired\":true,\"valueName\":\"search_term_string\"}}],\"inLanguage\":\"es\"},{\"@type\":\"Organization\",\"@id\":\"https:\\\/\\\/fuentesfidedignas.com.mx\\\/#organization\",\"name\":\"Fuentes Fidedignas\",\"url\":\"https:\\\/\\\/fuentesfidedignas.com.mx\\\/\",\"logo\":{\"@type\":\"ImageObject\",\"inLanguage\":\"es\",\"@id\":\"https:\\\/\\\/fuentesfidedignas.com.mx\\\/#\\\/schema\\\/logo\\\/image\\\/\",\"url\":\"https:\\\/\\\/fuentesfidedignas.com.mx\\\/wp-content\\\/uploads\\\/2021\\\/04\\\/logo-retina.png\",\"contentUrl\":\"https:\\\/\\\/fuentesfidedignas.com.mx\\\/wp-content\\\/uploads\\\/2021\\\/04\\\/logo-retina.png\",\"width\":280,\"height\":51,\"caption\":\"Fuentes Fidedignas\"},\"image\":{\"@id\":\"https:\\\/\\\/fuentesfidedignas.com.mx\\\/#\\\/schema\\\/logo\\\/image\\\/\"},\"sameAs\":[\"https:\\\/\\\/www.facebook.com\\\/Fuentes-Fidedignas-368234489921644\",\"https:\\\/\\\/x.com\\\/fidedignas\"]},{\"@type\":\"Person\",\"@id\":\"https:\\\/\\\/fuentesfidedignas.com.mx\\\/#\\\/schema\\\/person\\\/331be9283d37198e2acd5750279085b0\",\"name\":\"Redacci\u00f3n\",\"image\":{\"@type\":\"ImageObject\",\"inLanguage\":\"es\",\"@id\":\"https:\\\/\\\/secure.gravatar.com\\\/avatar\\\/f6d8782c11d12b2d4ad3fbb6931aeab5309937a4d6cd2fc9cfaa28a6396a5aec?s=96&d=mm&r=g\",\"url\":\"https:\\\/\\\/secure.gravatar.com\\\/avatar\\\/f6d8782c11d12b2d4ad3fbb6931aeab5309937a4d6cd2fc9cfaa28a6396a5aec?s=96&d=mm&r=g\",\"contentUrl\":\"https:\\\/\\\/secure.gravatar.com\\\/avatar\\\/f6d8782c11d12b2d4ad3fbb6931aeab5309937a4d6cd2fc9cfaa28a6396a5aec?s=96&d=mm&r=g\",\"caption\":\"Redacci\u00f3n\"},\"url\":\"https:\\\/\\\/fuentesfidedignas.com.mx\\\/index.php\\\/author\\\/redaccion\\\/\"}]}<\/script>\n<!-- \/ Yoast SEO plugin. -->","yoast_head_json":{"title":"Asesinatos, secuestros, robos... delitos aumentaron en Sinaloa la primera mitad del a\u00f1o - Fuentes Fidedignas","robots":{"index":"index","follow":"follow","max-snippet":"max-snippet:-1","max-image-preview":"max-image-preview:large","max-video-preview":"max-video-preview:-1"},"canonical":"https:\/\/fuentesfidedignas.com.mx\/index.php\/2023\/07\/21\/asesinatos-secuestros-robos-delitos-aumentaron-en-sinaloa-la-primera-mitad-del-ano\/","og_locale":"es_MX","og_type":"article","og_title":"Asesinatos, secuestros, robos... delitos aumentaron en Sinaloa la primera mitad del a\u00f1o - Fuentes Fidedignas","og_description":"Al cierre del periodo enero a junio de este a\u00f1o, los delitos de violencia familiar, feminicidio, homicidio, robo, secuestro y narcomenudeo registraron aumentos considerables Culiac\u00e1n, Ahome y Mazatl\u00e1n concentran el 80% de las denuncias Culiac\u00e1n, Sin. Dentro del Diagn\u00f3stico semestral elaborado por la Coordinaci\u00f3n General del Consejo Estatal de Seguridad P\u00fablica se destaca que 12 [&hellip;]","og_url":"https:\/\/fuentesfidedignas.com.mx\/index.php\/2023\/07\/21\/asesinatos-secuestros-robos-delitos-aumentaron-en-sinaloa-la-primera-mitad-del-ano\/","og_site_name":"Fuentes Fidedignas","article_publisher":"https:\/\/www.facebook.com\/Fuentes-Fidedignas-368234489921644","article_published_time":"2023-07-21T18:28:56+00:00","article_modified_time":"2023-07-21T18:29:44+00:00","og_image":[{"width":534,"height":332,"url":"https:\/\/fuentesfidedignas.com.mx\/wp-content\/uploads\/2023\/07\/images-2-1.jpeg","type":"image\/jpeg"}],"author":"Redacci\u00f3n","twitter_card":"summary_large_image","twitter_creator":"@fidedignas","twitter_site":"@fidedignas","twitter_misc":{"Escrito por":"Redacci\u00f3n","Tiempo de lectura":"4 minutos"},"schema":{"@context":"https:\/\/schema.org","@graph":[{"@type":"Article","@id":"https:\/\/fuentesfidedignas.com.mx\/index.php\/2023\/07\/21\/asesinatos-secuestros-robos-delitos-aumentaron-en-sinaloa-la-primera-mitad-del-ano\/#article","isPartOf":{"@id":"https:\/\/fuentesfidedignas.com.mx\/index.php\/2023\/07\/21\/asesinatos-secuestros-robos-delitos-aumentaron-en-sinaloa-la-primera-mitad-del-ano\/"},"author":{"name":"Redacci\u00f3n","@id":"https:\/\/fuentesfidedignas.com.mx\/#\/schema\/person\/331be9283d37198e2acd5750279085b0"},"headline":"Asesinatos, secuestros, robos&#8230; delitos aumentaron en Sinaloa la primera mitad del a\u00f1o","datePublished":"2023-07-21T18:28:56+00:00","dateModified":"2023-07-21T18:29:44+00:00","mainEntityOfPage":{"@id":"https:\/\/fuentesfidedignas.com.mx\/index.php\/2023\/07\/21\/asesinatos-secuestros-robos-delitos-aumentaron-en-sinaloa-la-primera-mitad-del-ano\/"},"wordCount":569,"commentCount":0,"publisher":{"@id":"https:\/\/fuentesfidedignas.com.mx\/#organization"},"image":{"@id":"https:\/\/fuentesfidedignas.com.mx\/index.php\/2023\/07\/21\/asesinatos-secuestros-robos-delitos-aumentaron-en-sinaloa-la-primera-mitad-del-ano\/#primaryimage"},"thumbnailUrl":"https:\/\/fuentesfidedignas.com.mx\/wp-content\/uploads\/2023\/07\/images-2-1.jpeg","articleSection":["NOTA PRINCIPAL"],"inLanguage":"es","potentialAction":[{"@type":"CommentAction","name":"Comment","target":["https:\/\/fuentesfidedignas.com.mx\/index.php\/2023\/07\/21\/asesinatos-secuestros-robos-delitos-aumentaron-en-sinaloa-la-primera-mitad-del-ano\/#respond"]}]},{"@type":"WebPage","@id":"https:\/\/fuentesfidedignas.com.mx\/index.php\/2023\/07\/21\/asesinatos-secuestros-robos-delitos-aumentaron-en-sinaloa-la-primera-mitad-del-ano\/","url":"https:\/\/fuentesfidedignas.com.mx\/index.php\/2023\/07\/21\/asesinatos-secuestros-robos-delitos-aumentaron-en-sinaloa-la-primera-mitad-del-ano\/","name":"Asesinatos, secuestros, robos... delitos aumentaron en Sinaloa la primera mitad del a\u00f1o - Fuentes Fidedignas","isPartOf":{"@id":"https:\/\/fuentesfidedignas.com.mx\/#website"},"primaryImageOfPage":{"@id":"https:\/\/fuentesfidedignas.com.mx\/index.php\/2023\/07\/21\/asesinatos-secuestros-robos-delitos-aumentaron-en-sinaloa-la-primera-mitad-del-ano\/#primaryimage"},"image":{"@id":"https:\/\/fuentesfidedignas.com.mx\/index.php\/2023\/07\/21\/asesinatos-secuestros-robos-delitos-aumentaron-en-sinaloa-la-primera-mitad-del-ano\/#primaryimage"},"thumbnailUrl":"https:\/\/fuentesfidedignas.com.mx\/wp-content\/uploads\/2023\/07\/images-2-1.jpeg","datePublished":"2023-07-21T18:28:56+00:00","dateModified":"2023-07-21T18:29:44+00:00","breadcrumb":{"@id":"https:\/\/fuentesfidedignas.com.mx\/index.php\/2023\/07\/21\/asesinatos-secuestros-robos-delitos-aumentaron-en-sinaloa-la-primera-mitad-del-ano\/#breadcrumb"},"inLanguage":"es","potentialAction":[{"@type":"ReadAction","target":["https:\/\/fuentesfidedignas.com.mx\/index.php\/2023\/07\/21\/asesinatos-secuestros-robos-delitos-aumentaron-en-sinaloa-la-primera-mitad-del-ano\/"]}]},{"@type":"ImageObject","inLanguage":"es","@id":"https:\/\/fuentesfidedignas.com.mx\/index.php\/2023\/07\/21\/asesinatos-secuestros-robos-delitos-aumentaron-en-sinaloa-la-primera-mitad-del-ano\/#primaryimage","url":"https:\/\/fuentesfidedignas.com.mx\/wp-content\/uploads\/2023\/07\/images-2-1.jpeg","contentUrl":"https:\/\/fuentesfidedignas.com.mx\/wp-content\/uploads\/2023\/07\/images-2-1.jpeg","width":534,"height":332},{"@type":"BreadcrumbList","@id":"https:\/\/fuentesfidedignas.com.mx\/index.php\/2023\/07\/21\/asesinatos-secuestros-robos-delitos-aumentaron-en-sinaloa-la-primera-mitad-del-ano\/#breadcrumb","itemListElement":[{"@type":"ListItem","position":1,"name":"Inicio","item":"https:\/\/fuentesfidedignas.com.mx\/"},{"@type":"ListItem","position":2,"name":"Asesinatos, secuestros, robos&#8230; delitos aumentaron en Sinaloa la primera mitad del a\u00f1o"}]},{"@type":"WebSite","@id":"https:\/\/fuentesfidedignas.com.mx\/#website","url":"https:\/\/fuentesfidedignas.com.mx\/","name":"Fuentes Fidedignas","description":"Otro sitio realizado con WordPress","publisher":{"@id":"https:\/\/fuentesfidedignas.com.mx\/#organization"},"potentialAction":[{"@type":"SearchAction","target":{"@type":"EntryPoint","urlTemplate":"https:\/\/fuentesfidedignas.com.mx\/?s={search_term_string}"},"query-input":{"@type":"PropertyValueSpecification","valueRequired":true,"valueName":"search_term_string"}}],"inLanguage":"es"},{"@type":"Organization","@id":"https:\/\/fuentesfidedignas.com.mx\/#organization","name":"Fuentes Fidedignas","url":"https:\/\/fuentesfidedignas.com.mx\/","logo":{"@type":"ImageObject","inLanguage":"es","@id":"https:\/\/fuentesfidedignas.com.mx\/#\/schema\/logo\/image\/","url":"https:\/\/fuentesfidedignas.com.mx\/wp-content\/uploads\/2021\/04\/logo-retina.png","contentUrl":"https:\/\/fuentesfidedignas.com.mx\/wp-content\/uploads\/2021\/04\/logo-retina.png","width":280,"height":51,"caption":"Fuentes Fidedignas"},"image":{"@id":"https:\/\/fuentesfidedignas.com.mx\/#\/schema\/logo\/image\/"},"sameAs":["https:\/\/www.facebook.com\/Fuentes-Fidedignas-368234489921644","https:\/\/x.com\/fidedignas"]},{"@type":"Person","@id":"https:\/\/fuentesfidedignas.com.mx\/#\/schema\/person\/331be9283d37198e2acd5750279085b0","name":"Redacci\u00f3n","image":{"@type":"ImageObject","inLanguage":"es","@id":"https:\/\/secure.gravatar.com\/avatar\/f6d8782c11d12b2d4ad3fbb6931aeab5309937a4d6cd2fc9cfaa28a6396a5aec?s=96&d=mm&r=g","url":"https:\/\/secure.gravatar.com\/avatar\/f6d8782c11d12b2d4ad3fbb6931aeab5309937a4d6cd2fc9cfaa28a6396a5aec?s=96&d=mm&r=g","contentUrl":"https:\/\/secure.gravatar.com\/avatar\/f6d8782c11d12b2d4ad3fbb6931aeab5309937a4d6cd2fc9cfaa28a6396a5aec?s=96&d=mm&r=g","caption":"Redacci\u00f3n"},"url":"https:\/\/fuentesfidedignas.com.mx\/index.php\/author\/redaccion\/"}]}},"_links":{"self":[{"href":"https:\/\/fuentesfidedignas.com.mx\/index.php\/wp-json\/wp\/v2\/posts\/53349","targetHints":{"allow":["GET"]}}],"collection":[{"href":"https:\/\/fuentesfidedignas.com.mx\/index.php\/wp-json\/wp\/v2\/posts"}],"about":[{"href":"https:\/\/fuentesfidedignas.com.mx\/index.php\/wp-json\/wp\/v2\/types\/post"}],"author":[{"embeddable":true,"href":"https:\/\/fuentesfidedignas.com.mx\/index.php\/wp-json\/wp\/v2\/users\/4"}],"replies":[{"embeddable":true,"href":"https:\/\/fuentesfidedignas.com.mx\/index.php\/wp-json\/wp\/v2\/comments?post=53349"}],"version-history":[{"count":1,"href":"https:\/\/fuentesfidedignas.com.mx\/index.php\/wp-json\/wp\/v2\/posts\/53349\/revisions"}],"predecessor-version":[{"id":53354,"href":"https:\/\/fuentesfidedignas.com.mx\/index.php\/wp-json\/wp\/v2\/posts\/53349\/revisions\/53354"}],"wp:featuredmedia":[{"embeddable":true,"href":"https:\/\/fuentesfidedignas.com.mx\/index.php\/wp-json\/wp\/v2\/media\/53355"}],"wp:attachment":[{"href":"https:\/\/fuentesfidedignas.com.mx\/index.php\/wp-json\/wp\/v2\/media?parent=53349"}],"wp:term":[{"taxonomy":"category","embeddable":true,"href":"https:\/\/fuentesfidedignas.com.mx\/index.php\/wp-json\/wp\/v2\/categories?post=53349"},{"taxonomy":"post_tag","embeddable":true,"href":"https:\/\/fuentesfidedignas.com.mx\/index.php\/wp-json\/wp\/v2\/tags?post=53349"}],"curies":[{"name":"wp","href":"https:\/\/api.w.org\/{rel}","templated":true}]}}