{"id":53331,"date":"2023-07-21T10:50:49","date_gmt":"2023-07-21T17:50:49","guid":{"rendered":"https:\/\/fuentesfidedignas.com.mx\/?p=53331"},"modified":"2023-07-21T10:56:02","modified_gmt":"2023-07-21T17:56:02","slug":"ine-determina-que-amlo-no-cometio-violencia-politica-de-genero-contra-xochitl-galvez","status":"publish","type":"post","link":"https:\/\/fuentesfidedignas.com.mx\/index.php\/2023\/07\/21\/ine-determina-que-amlo-no-cometio-violencia-politica-de-genero-contra-xochitl-galvez\/","title":{"rendered":"INE determina que AMLO no cometi\u00f3 violencia pol\u00edtica de g\u00e9nero contra X\u00f3chitl G\u00e1lvez"},"content":{"rendered":"\n<p><strong><em>La Comisi\u00f3n de Quejas y Denuncias del INE rechaz\u00f3 las medidas cautelares contra AMLO, al se\u00f1alar que los dichos del presidente contra X\u00f3chitl G\u00e1lvez son parte del debate pol\u00edtico<\/em><\/strong><\/p>\n\n\n\n<p>Ciudad de M\u00e9xico. El Instituto Nacional Electoral (INE) determin\u00f3 que el presidente Andr\u00e9s Manuel L\u00f3pez Obrador no ejerci\u00f3 violencia pol\u00edtica de g\u00e9nero contra X\u00f3chitl G\u00e1lvez, aspirante a la presidencia 2024 bajo las siglas del PAN, PRI y PRD.<\/p>\n\n\n\n<p>En atenci\u00f3n a un oficio ingresado por la senadora, la Comisi\u00f3n de Quejas y Denuncias rechaz\u00f3 dictar las medidas cautelares, pues las expresiones del Presidente, realizadas en sus conferencias, de forma preliminar, s\u00f3lo son \u201cuna cr\u00edtica dura propia del debate pol\u00edtico\u201d que no derivan de ser mujer, seg\u00fan se estableci\u00f3 en el acuerdo que propuso la Unidad T\u00e9cnica de lo Contencioso a la comisi\u00f3n.<\/p>\n\n\n\n<p>El proyecto fue votado a favor por los consejeros&nbsp;<strong>Rita Bell P\u00e9rez y Jorge Monta\u00f1o<\/strong>, afines a Morena.<\/p>\n\n\n\n<p>En reiteradas ocasiones, el mandatario se refiri\u00f3 a la aspirante como \u201ccandidata de la oligarqu\u00eda, de la mafia del poder\u201d, pues a su consideraci\u00f3n fue elegida por dedazo de los expresidentes Carlos Salinas de Gortari y Vicente Fox, as\u00ed como el empresario Claudio X. Gonz\u00e1lez.<\/p>\n\n\n\n<p>Adem\u00e1s, ha destacado que es un \u201cglobo\u201d que \u201cinflan pero no despega\u201d, y de ganar fungir\u00eda como \u201cpelele y t\u00edtere\u201d, y \u201cempleada de la oligarqu\u00eda\u201d, que s\u00f3lo es considerada porque naci\u00f3 en un pueblo de Hidalgo.<\/p>\n\n\n\n<p><strong>La consejera Claudia Zavala,<\/strong>&nbsp;presidenta de la comisi\u00f3n, vot\u00f3 en contra, pues las expresiones del Presidente minimizan su capacidad.<\/p>\n\n\n\n<p>\u201cInvalida la trayectoria y carrera profesional de quien denuncia, invisibiliza su toma de decisiones para abanderar un proyecto\u2026 Perpetua una idea de que las mujeres somos incapaces de decidir sobre nuestra vida y proyectos\u201d.<\/p>\n\n\n\n<p>Adem\u00e1s, resalt\u00f3 que&nbsp;<a href=\"https:\/\/www.elfinanciero.com.mx\/nacional\/2023\/07\/17\/amlo-mananera-temas-hoy-17-julio-2023-en-vivo\/\">el mandatario raya en discriminaci\u00f3n,<\/a>&nbsp;pues ha dicho que la senadora y representa una \u201cfarsa\u201d porque de vender gelatinas logr\u00f3 superarse.<\/p>\n\n\n\n<p><strong>La consejera Dania Ravel<\/strong>, quien acudi\u00f3 con voz pero no voto en la comisi\u00f3n por no ser integrante, se pronunci\u00f3 en contra del proyecto, pues con sus expresiones, el Ejecutivo federal \u201cquiere hacer aparentar que una mujer no puede crecer por s\u00ed misma, y necesita ser impulsada por un hombre. Hay una palabra que es bastante grave, hablar de una persona como t\u00edtere\u201d.<\/p>\n","protected":false},"excerpt":{"rendered":"<p>La Comisi\u00f3n de Quejas y Denuncias del INE rechaz\u00f3 las medidas cautelares contra AMLO, al se\u00f1alar que los dichos del presidente contra X\u00f3chitl G\u00e1lvez son parte del debate pol\u00edtico Ciudad de M\u00e9xico. El Instituto Nacional Electoral (INE) determin\u00f3 que el presidente Andr\u00e9s Manuel L\u00f3pez Obrador no ejerci\u00f3 violencia pol\u00edtica de g\u00e9nero contra X\u00f3chitl G\u00e1lvez, aspirante [&hellip;]<\/p>\n","protected":false},"author":21,"featured_media":53334,"comment_status":"open","ping_status":"open","sticky":false,"template":"","format":"standard","meta":{"tdm_status":"","tdm_grid_status":"","footnotes":""},"categories":[1],"tags":[],"class_list":{"0":"post-53331","1":"post","2":"type-post","3":"status-publish","4":"format-standard","5":"has-post-thumbnail","7":"category-sin-categoria"},"yoast_head":"<!-- This site is optimized with the Yoast SEO plugin v27.5 - https:\/\/yoast.com\/product\/yoast-seo-wordpress\/ -->\n<title>INE determina que AMLO no cometi\u00f3 violencia pol\u00edtica de g\u00e9nero contra X\u00f3chitl G\u00e1lvez - Fuentes Fidedignas<\/title>\n<meta name=\"robots\" content=\"index, follow, max-snippet:-1, max-image-preview:large, max-video-preview:-1\" \/>\n<link rel=\"canonical\" href=\"https:\/\/fuentesfidedignas.com.mx\/index.php\/2023\/07\/21\/ine-determina-que-amlo-no-cometio-violencia-politica-de-genero-contra-xochitl-galvez\/\" \/>\n<meta property=\"og:locale\" content=\"es_MX\" \/>\n<meta property=\"og:type\" content=\"article\" \/>\n<meta property=\"og:title\" content=\"INE determina que AMLO no cometi\u00f3 violencia pol\u00edtica de g\u00e9nero contra X\u00f3chitl G\u00e1lvez - Fuentes Fidedignas\" \/>\n<meta property=\"og:description\" content=\"La Comisi\u00f3n de Quejas y Denuncias del INE rechaz\u00f3 las medidas cautelares contra AMLO, al se\u00f1alar que los dichos del presidente contra X\u00f3chitl G\u00e1lvez son parte del debate pol\u00edtico Ciudad de M\u00e9xico. El Instituto Nacional Electoral (INE) determin\u00f3 que el presidente Andr\u00e9s Manuel L\u00f3pez Obrador no ejerci\u00f3 violencia pol\u00edtica de g\u00e9nero contra X\u00f3chitl G\u00e1lvez, aspirante [&hellip;]\" \/>\n<meta property=\"og:url\" content=\"https:\/\/fuentesfidedignas.com.mx\/index.php\/2023\/07\/21\/ine-determina-que-amlo-no-cometio-violencia-politica-de-genero-contra-xochitl-galvez\/\" \/>\n<meta property=\"og:site_name\" content=\"Fuentes Fidedignas\" \/>\n<meta property=\"article:publisher\" content=\"https:\/\/www.facebook.com\/Fuentes-Fidedignas-368234489921644\" \/>\n<meta property=\"article:published_time\" content=\"2023-07-21T17:50:49+00:00\" \/>\n<meta property=\"article:modified_time\" content=\"2023-07-21T17:56:02+00:00\" \/>\n<meta property=\"og:image\" content=\"https:\/\/fuentesfidedignas.com.mx\/wp-content\/uploads\/2023\/07\/Screenshot_20230721_105458_Chrome-1.jpg\" \/>\n\t<meta property=\"og:image:width\" content=\"1079\" \/>\n\t<meta property=\"og:image:height\" content=\"618\" \/>\n\t<meta property=\"og:image:type\" content=\"image\/jpeg\" \/>\n<meta name=\"author\" content=\"El Financiero\" \/>\n<meta name=\"twitter:card\" content=\"summary_large_image\" \/>\n<meta name=\"twitter:creator\" content=\"@fidedignas\" \/>\n<meta name=\"twitter:site\" content=\"@fidedignas\" \/>\n<meta name=\"twitter:label1\" content=\"Escrito por\" \/>\n\t<meta name=\"twitter:data1\" content=\"El Financiero\" \/>\n\t<meta name=\"twitter:label2\" content=\"Tiempo de lectura\" \/>\n\t<meta name=\"twitter:data2\" content=\"2 minutos\" \/>\n<script type=\"application\/ld+json\" class=\"yoast-schema-graph\">{\"@context\":\"https:\\\/\\\/schema.org\",\"@graph\":[{\"@type\":\"Article\",\"@id\":\"https:\\\/\\\/fuentesfidedignas.com.mx\\\/index.php\\\/2023\\\/07\\\/21\\\/ine-determina-que-amlo-no-cometio-violencia-politica-de-genero-contra-xochitl-galvez\\\/#article\",\"isPartOf\":{\"@id\":\"https:\\\/\\\/fuentesfidedignas.com.mx\\\/index.php\\\/2023\\\/07\\\/21\\\/ine-determina-que-amlo-no-cometio-violencia-politica-de-genero-contra-xochitl-galvez\\\/\"},\"author\":{\"name\":\"El Financiero\",\"@id\":\"https:\\\/\\\/fuentesfidedignas.com.mx\\\/#\\\/schema\\\/person\\\/494f7e0dce8dfaaec5b64f16615b78e9\"},\"headline\":\"INE determina que AMLO no cometi\u00f3 violencia pol\u00edtica de g\u00e9nero contra X\u00f3chitl G\u00e1lvez\",\"datePublished\":\"2023-07-21T17:50:49+00:00\",\"dateModified\":\"2023-07-21T17:56:02+00:00\",\"mainEntityOfPage\":{\"@id\":\"https:\\\/\\\/fuentesfidedignas.com.mx\\\/index.php\\\/2023\\\/07\\\/21\\\/ine-determina-que-amlo-no-cometio-violencia-politica-de-genero-contra-xochitl-galvez\\\/\"},\"wordCount\":425,\"commentCount\":0,\"publisher\":{\"@id\":\"https:\\\/\\\/fuentesfidedignas.com.mx\\\/#organization\"},\"image\":{\"@id\":\"https:\\\/\\\/fuentesfidedignas.com.mx\\\/index.php\\\/2023\\\/07\\\/21\\\/ine-determina-que-amlo-no-cometio-violencia-politica-de-genero-contra-xochitl-galvez\\\/#primaryimage\"},\"thumbnailUrl\":\"https:\\\/\\\/fuentesfidedignas.com.mx\\\/wp-content\\\/uploads\\\/2023\\\/07\\\/Screenshot_20230721_105458_Chrome-1.jpg\",\"inLanguage\":\"es\",\"potentialAction\":[{\"@type\":\"CommentAction\",\"name\":\"Comment\",\"target\":[\"https:\\\/\\\/fuentesfidedignas.com.mx\\\/index.php\\\/2023\\\/07\\\/21\\\/ine-determina-que-amlo-no-cometio-violencia-politica-de-genero-contra-xochitl-galvez\\\/#respond\"]}]},{\"@type\":\"WebPage\",\"@id\":\"https:\\\/\\\/fuentesfidedignas.com.mx\\\/index.php\\\/2023\\\/07\\\/21\\\/ine-determina-que-amlo-no-cometio-violencia-politica-de-genero-contra-xochitl-galvez\\\/\",\"url\":\"https:\\\/\\\/fuentesfidedignas.com.mx\\\/index.php\\\/2023\\\/07\\\/21\\\/ine-determina-que-amlo-no-cometio-violencia-politica-de-genero-contra-xochitl-galvez\\\/\",\"name\":\"INE determina que AMLO no cometi\u00f3 violencia pol\u00edtica de g\u00e9nero contra X\u00f3chitl G\u00e1lvez - Fuentes Fidedignas\",\"isPartOf\":{\"@id\":\"https:\\\/\\\/fuentesfidedignas.com.mx\\\/#website\"},\"primaryImageOfPage\":{\"@id\":\"https:\\\/\\\/fuentesfidedignas.com.mx\\\/index.php\\\/2023\\\/07\\\/21\\\/ine-determina-que-amlo-no-cometio-violencia-politica-de-genero-contra-xochitl-galvez\\\/#primaryimage\"},\"image\":{\"@id\":\"https:\\\/\\\/fuentesfidedignas.com.mx\\\/index.php\\\/2023\\\/07\\\/21\\\/ine-determina-que-amlo-no-cometio-violencia-politica-de-genero-contra-xochitl-galvez\\\/#primaryimage\"},\"thumbnailUrl\":\"https:\\\/\\\/fuentesfidedignas.com.mx\\\/wp-content\\\/uploads\\\/2023\\\/07\\\/Screenshot_20230721_105458_Chrome-1.jpg\",\"datePublished\":\"2023-07-21T17:50:49+00:00\",\"dateModified\":\"2023-07-21T17:56:02+00:00\",\"breadcrumb\":{\"@id\":\"https:\\\/\\\/fuentesfidedignas.com.mx\\\/index.php\\\/2023\\\/07\\\/21\\\/ine-determina-que-amlo-no-cometio-violencia-politica-de-genero-contra-xochitl-galvez\\\/#breadcrumb\"},\"inLanguage\":\"es\",\"potentialAction\":[{\"@type\":\"ReadAction\",\"target\":[\"https:\\\/\\\/fuentesfidedignas.com.mx\\\/index.php\\\/2023\\\/07\\\/21\\\/ine-determina-que-amlo-no-cometio-violencia-politica-de-genero-contra-xochitl-galvez\\\/\"]}]},{\"@type\":\"ImageObject\",\"inLanguage\":\"es\",\"@id\":\"https:\\\/\\\/fuentesfidedignas.com.mx\\\/index.php\\\/2023\\\/07\\\/21\\\/ine-determina-que-amlo-no-cometio-violencia-politica-de-genero-contra-xochitl-galvez\\\/#primaryimage\",\"url\":\"https:\\\/\\\/fuentesfidedignas.com.mx\\\/wp-content\\\/uploads\\\/2023\\\/07\\\/Screenshot_20230721_105458_Chrome-1.jpg\",\"contentUrl\":\"https:\\\/\\\/fuentesfidedignas.com.mx\\\/wp-content\\\/uploads\\\/2023\\\/07\\\/Screenshot_20230721_105458_Chrome-1.jpg\",\"width\":1079,\"height\":618},{\"@type\":\"BreadcrumbList\",\"@id\":\"https:\\\/\\\/fuentesfidedignas.com.mx\\\/index.php\\\/2023\\\/07\\\/21\\\/ine-determina-que-amlo-no-cometio-violencia-politica-de-genero-contra-xochitl-galvez\\\/#breadcrumb\",\"itemListElement\":[{\"@type\":\"ListItem\",\"position\":1,\"name\":\"Inicio\",\"item\":\"https:\\\/\\\/fuentesfidedignas.com.mx\\\/\"},{\"@type\":\"ListItem\",\"position\":2,\"name\":\"INE determina que AMLO no cometi\u00f3 violencia pol\u00edtica de g\u00e9nero contra X\u00f3chitl G\u00e1lvez\"}]},{\"@type\":\"WebSite\",\"@id\":\"https:\\\/\\\/fuentesfidedignas.com.mx\\\/#website\",\"url\":\"https:\\\/\\\/fuentesfidedignas.com.mx\\\/\",\"name\":\"Fuentes Fidedignas\",\"description\":\"Otro sitio realizado con WordPress\",\"publisher\":{\"@id\":\"https:\\\/\\\/fuentesfidedignas.com.mx\\\/#organization\"},\"potentialAction\":[{\"@type\":\"SearchAction\",\"target\":{\"@type\":\"EntryPoint\",\"urlTemplate\":\"https:\\\/\\\/fuentesfidedignas.com.mx\\\/?s={search_term_string}\"},\"query-input\":{\"@type\":\"PropertyValueSpecification\",\"valueRequired\":true,\"valueName\":\"search_term_string\"}}],\"inLanguage\":\"es\"},{\"@type\":\"Organization\",\"@id\":\"https:\\\/\\\/fuentesfidedignas.com.mx\\\/#organization\",\"name\":\"Fuentes Fidedignas\",\"url\":\"https:\\\/\\\/fuentesfidedignas.com.mx\\\/\",\"logo\":{\"@type\":\"ImageObject\",\"inLanguage\":\"es\",\"@id\":\"https:\\\/\\\/fuentesfidedignas.com.mx\\\/#\\\/schema\\\/logo\\\/image\\\/\",\"url\":\"https:\\\/\\\/fuentesfidedignas.com.mx\\\/wp-content\\\/uploads\\\/2021\\\/04\\\/logo-retina.png\",\"contentUrl\":\"https:\\\/\\\/fuentesfidedignas.com.mx\\\/wp-content\\\/uploads\\\/2021\\\/04\\\/logo-retina.png\",\"width\":280,\"height\":51,\"caption\":\"Fuentes Fidedignas\"},\"image\":{\"@id\":\"https:\\\/\\\/fuentesfidedignas.com.mx\\\/#\\\/schema\\\/logo\\\/image\\\/\"},\"sameAs\":[\"https:\\\/\\\/www.facebook.com\\\/Fuentes-Fidedignas-368234489921644\",\"https:\\\/\\\/x.com\\\/fidedignas\"]},{\"@type\":\"Person\",\"@id\":\"https:\\\/\\\/fuentesfidedignas.com.mx\\\/#\\\/schema\\\/person\\\/494f7e0dce8dfaaec5b64f16615b78e9\",\"name\":\"El Financiero\",\"image\":{\"@type\":\"ImageObject\",\"inLanguage\":\"es\",\"@id\":\"https:\\\/\\\/secure.gravatar.com\\\/avatar\\\/88c0f3f2079389318ef8dd35c22cb997212aa89646e357ba59b318db26ed91a9?s=96&d=mm&r=g\",\"url\":\"https:\\\/\\\/secure.gravatar.com\\\/avatar\\\/88c0f3f2079389318ef8dd35c22cb997212aa89646e357ba59b318db26ed91a9?s=96&d=mm&r=g\",\"contentUrl\":\"https:\\\/\\\/secure.gravatar.com\\\/avatar\\\/88c0f3f2079389318ef8dd35c22cb997212aa89646e357ba59b318db26ed91a9?s=96&d=mm&r=g\",\"caption\":\"El Financiero\"},\"url\":\"https:\\\/\\\/fuentesfidedignas.com.mx\\\/index.php\\\/author\\\/financiero\\\/\"}]}<\/script>\n<!-- \/ Yoast SEO plugin. -->","yoast_head_json":{"title":"INE determina que AMLO no cometi\u00f3 violencia pol\u00edtica de g\u00e9nero contra X\u00f3chitl G\u00e1lvez - Fuentes Fidedignas","robots":{"index":"index","follow":"follow","max-snippet":"max-snippet:-1","max-image-preview":"max-image-preview:large","max-video-preview":"max-video-preview:-1"},"canonical":"https:\/\/fuentesfidedignas.com.mx\/index.php\/2023\/07\/21\/ine-determina-que-amlo-no-cometio-violencia-politica-de-genero-contra-xochitl-galvez\/","og_locale":"es_MX","og_type":"article","og_title":"INE determina que AMLO no cometi\u00f3 violencia pol\u00edtica de g\u00e9nero contra X\u00f3chitl G\u00e1lvez - Fuentes Fidedignas","og_description":"La Comisi\u00f3n de Quejas y Denuncias del INE rechaz\u00f3 las medidas cautelares contra AMLO, al se\u00f1alar que los dichos del presidente contra X\u00f3chitl G\u00e1lvez son parte del debate pol\u00edtico Ciudad de M\u00e9xico. El Instituto Nacional Electoral (INE) determin\u00f3 que el presidente Andr\u00e9s Manuel L\u00f3pez Obrador no ejerci\u00f3 violencia pol\u00edtica de g\u00e9nero contra X\u00f3chitl G\u00e1lvez, aspirante [&hellip;]","og_url":"https:\/\/fuentesfidedignas.com.mx\/index.php\/2023\/07\/21\/ine-determina-que-amlo-no-cometio-violencia-politica-de-genero-contra-xochitl-galvez\/","og_site_name":"Fuentes Fidedignas","article_publisher":"https:\/\/www.facebook.com\/Fuentes-Fidedignas-368234489921644","article_published_time":"2023-07-21T17:50:49+00:00","article_modified_time":"2023-07-21T17:56:02+00:00","og_image":[{"width":1079,"height":618,"url":"https:\/\/fuentesfidedignas.com.mx\/wp-content\/uploads\/2023\/07\/Screenshot_20230721_105458_Chrome-1.jpg","type":"image\/jpeg"}],"author":"El Financiero","twitter_card":"summary_large_image","twitter_creator":"@fidedignas","twitter_site":"@fidedignas","twitter_misc":{"Escrito por":"El Financiero","Tiempo de lectura":"2 minutos"},"schema":{"@context":"https:\/\/schema.org","@graph":[{"@type":"Article","@id":"https:\/\/fuentesfidedignas.com.mx\/index.php\/2023\/07\/21\/ine-determina-que-amlo-no-cometio-violencia-politica-de-genero-contra-xochitl-galvez\/#article","isPartOf":{"@id":"https:\/\/fuentesfidedignas.com.mx\/index.php\/2023\/07\/21\/ine-determina-que-amlo-no-cometio-violencia-politica-de-genero-contra-xochitl-galvez\/"},"author":{"name":"El Financiero","@id":"https:\/\/fuentesfidedignas.com.mx\/#\/schema\/person\/494f7e0dce8dfaaec5b64f16615b78e9"},"headline":"INE determina que AMLO no cometi\u00f3 violencia pol\u00edtica de g\u00e9nero contra X\u00f3chitl G\u00e1lvez","datePublished":"2023-07-21T17:50:49+00:00","dateModified":"2023-07-21T17:56:02+00:00","mainEntityOfPage":{"@id":"https:\/\/fuentesfidedignas.com.mx\/index.php\/2023\/07\/21\/ine-determina-que-amlo-no-cometio-violencia-politica-de-genero-contra-xochitl-galvez\/"},"wordCount":425,"commentCount":0,"publisher":{"@id":"https:\/\/fuentesfidedignas.com.mx\/#organization"},"image":{"@id":"https:\/\/fuentesfidedignas.com.mx\/index.php\/2023\/07\/21\/ine-determina-que-amlo-no-cometio-violencia-politica-de-genero-contra-xochitl-galvez\/#primaryimage"},"thumbnailUrl":"https:\/\/fuentesfidedignas.com.mx\/wp-content\/uploads\/2023\/07\/Screenshot_20230721_105458_Chrome-1.jpg","inLanguage":"es","potentialAction":[{"@type":"CommentAction","name":"Comment","target":["https:\/\/fuentesfidedignas.com.mx\/index.php\/2023\/07\/21\/ine-determina-que-amlo-no-cometio-violencia-politica-de-genero-contra-xochitl-galvez\/#respond"]}]},{"@type":"WebPage","@id":"https:\/\/fuentesfidedignas.com.mx\/index.php\/2023\/07\/21\/ine-determina-que-amlo-no-cometio-violencia-politica-de-genero-contra-xochitl-galvez\/","url":"https:\/\/fuentesfidedignas.com.mx\/index.php\/2023\/07\/21\/ine-determina-que-amlo-no-cometio-violencia-politica-de-genero-contra-xochitl-galvez\/","name":"INE determina que AMLO no cometi\u00f3 violencia pol\u00edtica de g\u00e9nero contra X\u00f3chitl G\u00e1lvez - Fuentes Fidedignas","isPartOf":{"@id":"https:\/\/fuentesfidedignas.com.mx\/#website"},"primaryImageOfPage":{"@id":"https:\/\/fuentesfidedignas.com.mx\/index.php\/2023\/07\/21\/ine-determina-que-amlo-no-cometio-violencia-politica-de-genero-contra-xochitl-galvez\/#primaryimage"},"image":{"@id":"https:\/\/fuentesfidedignas.com.mx\/index.php\/2023\/07\/21\/ine-determina-que-amlo-no-cometio-violencia-politica-de-genero-contra-xochitl-galvez\/#primaryimage"},"thumbnailUrl":"https:\/\/fuentesfidedignas.com.mx\/wp-content\/uploads\/2023\/07\/Screenshot_20230721_105458_Chrome-1.jpg","datePublished":"2023-07-21T17:50:49+00:00","dateModified":"2023-07-21T17:56:02+00:00","breadcrumb":{"@id":"https:\/\/fuentesfidedignas.com.mx\/index.php\/2023\/07\/21\/ine-determina-que-amlo-no-cometio-violencia-politica-de-genero-contra-xochitl-galvez\/#breadcrumb"},"inLanguage":"es","potentialAction":[{"@type":"ReadAction","target":["https:\/\/fuentesfidedignas.com.mx\/index.php\/2023\/07\/21\/ine-determina-que-amlo-no-cometio-violencia-politica-de-genero-contra-xochitl-galvez\/"]}]},{"@type":"ImageObject","inLanguage":"es","@id":"https:\/\/fuentesfidedignas.com.mx\/index.php\/2023\/07\/21\/ine-determina-que-amlo-no-cometio-violencia-politica-de-genero-contra-xochitl-galvez\/#primaryimage","url":"https:\/\/fuentesfidedignas.com.mx\/wp-content\/uploads\/2023\/07\/Screenshot_20230721_105458_Chrome-1.jpg","contentUrl":"https:\/\/fuentesfidedignas.com.mx\/wp-content\/uploads\/2023\/07\/Screenshot_20230721_105458_Chrome-1.jpg","width":1079,"height":618},{"@type":"BreadcrumbList","@id":"https:\/\/fuentesfidedignas.com.mx\/index.php\/2023\/07\/21\/ine-determina-que-amlo-no-cometio-violencia-politica-de-genero-contra-xochitl-galvez\/#breadcrumb","itemListElement":[{"@type":"ListItem","position":1,"name":"Inicio","item":"https:\/\/fuentesfidedignas.com.mx\/"},{"@type":"ListItem","position":2,"name":"INE determina que AMLO no cometi\u00f3 violencia pol\u00edtica de g\u00e9nero contra X\u00f3chitl G\u00e1lvez"}]},{"@type":"WebSite","@id":"https:\/\/fuentesfidedignas.com.mx\/#website","url":"https:\/\/fuentesfidedignas.com.mx\/","name":"Fuentes Fidedignas","description":"Otro sitio realizado con WordPress","publisher":{"@id":"https:\/\/fuentesfidedignas.com.mx\/#organization"},"potentialAction":[{"@type":"SearchAction","target":{"@type":"EntryPoint","urlTemplate":"https:\/\/fuentesfidedignas.com.mx\/?s={search_term_string}"},"query-input":{"@type":"PropertyValueSpecification","valueRequired":true,"valueName":"search_term_string"}}],"inLanguage":"es"},{"@type":"Organization","@id":"https:\/\/fuentesfidedignas.com.mx\/#organization","name":"Fuentes Fidedignas","url":"https:\/\/fuentesfidedignas.com.mx\/","logo":{"@type":"ImageObject","inLanguage":"es","@id":"https:\/\/fuentesfidedignas.com.mx\/#\/schema\/logo\/image\/","url":"https:\/\/fuentesfidedignas.com.mx\/wp-content\/uploads\/2021\/04\/logo-retina.png","contentUrl":"https:\/\/fuentesfidedignas.com.mx\/wp-content\/uploads\/2021\/04\/logo-retina.png","width":280,"height":51,"caption":"Fuentes Fidedignas"},"image":{"@id":"https:\/\/fuentesfidedignas.com.mx\/#\/schema\/logo\/image\/"},"sameAs":["https:\/\/www.facebook.com\/Fuentes-Fidedignas-368234489921644","https:\/\/x.com\/fidedignas"]},{"@type":"Person","@id":"https:\/\/fuentesfidedignas.com.mx\/#\/schema\/person\/494f7e0dce8dfaaec5b64f16615b78e9","name":"El Financiero","image":{"@type":"ImageObject","inLanguage":"es","@id":"https:\/\/secure.gravatar.com\/avatar\/88c0f3f2079389318ef8dd35c22cb997212aa89646e357ba59b318db26ed91a9?s=96&d=mm&r=g","url":"https:\/\/secure.gravatar.com\/avatar\/88c0f3f2079389318ef8dd35c22cb997212aa89646e357ba59b318db26ed91a9?s=96&d=mm&r=g","contentUrl":"https:\/\/secure.gravatar.com\/avatar\/88c0f3f2079389318ef8dd35c22cb997212aa89646e357ba59b318db26ed91a9?s=96&d=mm&r=g","caption":"El Financiero"},"url":"https:\/\/fuentesfidedignas.com.mx\/index.php\/author\/financiero\/"}]}},"_links":{"self":[{"href":"https:\/\/fuentesfidedignas.com.mx\/index.php\/wp-json\/wp\/v2\/posts\/53331","targetHints":{"allow":["GET"]}}],"collection":[{"href":"https:\/\/fuentesfidedignas.com.mx\/index.php\/wp-json\/wp\/v2\/posts"}],"about":[{"href":"https:\/\/fuentesfidedignas.com.mx\/index.php\/wp-json\/wp\/v2\/types\/post"}],"author":[{"embeddable":true,"href":"https:\/\/fuentesfidedignas.com.mx\/index.php\/wp-json\/wp\/v2\/users\/21"}],"replies":[{"embeddable":true,"href":"https:\/\/fuentesfidedignas.com.mx\/index.php\/wp-json\/wp\/v2\/comments?post=53331"}],"version-history":[{"count":1,"href":"https:\/\/fuentesfidedignas.com.mx\/index.php\/wp-json\/wp\/v2\/posts\/53331\/revisions"}],"predecessor-version":[{"id":53332,"href":"https:\/\/fuentesfidedignas.com.mx\/index.php\/wp-json\/wp\/v2\/posts\/53331\/revisions\/53332"}],"wp:featuredmedia":[{"embeddable":true,"href":"https:\/\/fuentesfidedignas.com.mx\/index.php\/wp-json\/wp\/v2\/media\/53334"}],"wp:attachment":[{"href":"https:\/\/fuentesfidedignas.com.mx\/index.php\/wp-json\/wp\/v2\/media?parent=53331"}],"wp:term":[{"taxonomy":"category","embeddable":true,"href":"https:\/\/fuentesfidedignas.com.mx\/index.php\/wp-json\/wp\/v2\/categories?post=53331"},{"taxonomy":"post_tag","embeddable":true,"href":"https:\/\/fuentesfidedignas.com.mx\/index.php\/wp-json\/wp\/v2\/tags?post=53331"}],"curies":[{"name":"wp","href":"https:\/\/api.w.org\/{rel}","templated":true}]}}