{"id":53324,"date":"2023-07-21T07:52:11","date_gmt":"2023-07-21T14:52:11","guid":{"rendered":"https:\/\/fuentesfidedignas.com.mx\/?p=53324"},"modified":"2023-07-21T08:55:15","modified_gmt":"2023-07-21T15:55:15","slug":"5754cantante-tony-bennett-una-de-las-mas-grandes-voces-estadounidense","status":"publish","type":"post","link":"https:\/\/fuentesfidedignas.com.mx\/index.php\/2023\/07\/21\/5754cantante-tony-bennett-una-de-las-mas-grandes-voces-estadounidense\/","title":{"rendered":"Muere el cantante Tony Bennett, una de las m\u00e1s grandes voces estadounidense"},"content":{"rendered":"\n<p><strong><em>Tony Bennett, una de las m\u00e1s grandes voces de la m\u00fasica en ingl\u00e9s, muri\u00f3 a los 96 a\u00f1os de edad<\/em><\/strong><\/p>\n\n\n\n<p>Estados Unidos. El cantante y compositor\u00a0<strong>Tony Bennett<\/strong>\u00a0que tuvo una carrera musical de 8 d\u00e9cadas y consigui\u00f3 la fama con \u201cI Left My Heart in San Francisco\u201d\u00a0<strong>muri\u00f3<\/strong>\u00a0a los 96 a\u00f1os, inform\u00f3 su publicista Sylvia Weiner.<\/p>\n\n\n\n<figure class=\"wp-block-embed is-type-rich is-provider-twitter wp-block-embed-twitter\"><div class=\"wp-block-embed__wrapper\">\n<blockquote class=\"twitter-tweet\" data-width=\"550\" data-dnt=\"true\"><p lang=\"en\" dir=\"ltr\">Sharing a special memory from 2015 &#8211; serenading New York with the remarkable Bill Charlap, performing &quot;The Way You Look Tonight.&quot; A night to remember! \ud83c\udfb9\ud83c\udfa4 <a href=\"https:\/\/t.co\/FTOoiZTgXY\">pic.twitter.com\/FTOoiZTgXY<\/a><\/p>&mdash; Tony Bennett (@itstonybennett) <a href=\"https:\/\/twitter.com\/itstonybennett\/status\/1682118090446843910?ref_src=twsrc%5Etfw\">July 20, 2023<\/a><\/blockquote><script async src=\"https:\/\/platform.twitter.com\/widgets.js\" charset=\"utf-8\"><\/script>\n<\/div><\/figure>\n\n\n\n<p>Bennett fue diagnosticado con Alzheimer en 2016, pero continu\u00f3 actuando y grabando hasta 2021.<\/p>\n\n\n\n<p>Su \u00faltima actuaci\u00f3n fue en agosto de 2021, cuando apareci\u00f3 junto a Lady Gaga -con quien public\u00f3 dos discos- en el Radio City Music Hall de Nueva York en un espect\u00e1culo titulado \u201cOne Last Time\u201d.<\/p>\n\n\n\n<p>Columbia Records, fich\u00f3 a Bennett en 1950 y el cantante alcanz\u00f3 el estrellato en 1962 con el lanzamiento de su canci\u00f3n \u201cI Left My Heart in San Francisco\u201d.<\/p>\n\n\n\n<p>Frank Sinatra describi\u00f3 a Bennett como el cantante popular m\u00e1s grande del mundo.<\/p>\n\n\n\n<p>Bennett tambi\u00e9n dej\u00f3 marca en el cine, debut\u00f3 en la gran pantalla de en 1966 con \u201cEl Oscar\u201d y en 1999 en se interpret\u00f3 a s\u00ed mismo en la comedia \u201cAnalyze This\u201d\u201d (Una terapia peligrosa o Anal\u00edzame) en la que los protagonistas eran Robert De Niro y Billy Crystal.<\/p>\n\n\n\n<p>Volvi\u00f3 a interpretar una versi\u00f3n de s\u00ed mismo, pero esta vez animada, en \u201cThe Simpson\u201d.<\/p>\n","protected":false},"excerpt":{"rendered":"<p>Tony Bennett, una de las m\u00e1s grandes voces de la m\u00fasica en ingl\u00e9s, muri\u00f3 a los 96 a\u00f1os de edad Estados Unidos. El cantante y compositor\u00a0Tony Bennett\u00a0que tuvo una carrera musical de 8 d\u00e9cadas y consigui\u00f3 la fama con \u201cI Left My Heart in San Francisco\u201d\u00a0muri\u00f3\u00a0a los 96 a\u00f1os, inform\u00f3 su publicista Sylvia Weiner. Bennett [&hellip;]<\/p>\n","protected":false},"author":47,"featured_media":53327,"comment_status":"open","ping_status":"open","sticky":false,"template":"","format":"standard","meta":{"tdm_status":"","tdm_grid_status":"","footnotes":""},"categories":[39,1],"tags":[],"class_list":{"0":"post-53324","1":"post","2":"type-post","3":"status-publish","4":"format-standard","5":"has-post-thumbnail","7":"category-noticias-nacionales","8":"category-sin-categoria"},"yoast_head":"<!-- This site is optimized with the Yoast SEO plugin v27.5 - https:\/\/yoast.com\/product\/yoast-seo-wordpress\/ -->\n<title>Muere el cantante Tony Bennett, una de las m\u00e1s grandes voces estadounidense - Fuentes Fidedignas<\/title>\n<meta name=\"robots\" content=\"index, follow, max-snippet:-1, max-image-preview:large, max-video-preview:-1\" \/>\n<link rel=\"canonical\" href=\"https:\/\/fuentesfidedignas.com.mx\/index.php\/2023\/07\/21\/5754cantante-tony-bennett-una-de-las-mas-grandes-voces-estadounidense\/\" \/>\n<meta property=\"og:locale\" content=\"es_MX\" \/>\n<meta property=\"og:type\" content=\"article\" \/>\n<meta property=\"og:title\" content=\"Muere el cantante Tony Bennett, una de las m\u00e1s grandes voces estadounidense - Fuentes Fidedignas\" \/>\n<meta property=\"og:description\" content=\"Tony Bennett, una de las m\u00e1s grandes voces de la m\u00fasica en ingl\u00e9s, muri\u00f3 a los 96 a\u00f1os de edad Estados Unidos. El cantante y compositor\u00a0Tony Bennett\u00a0que tuvo una carrera musical de 8 d\u00e9cadas y consigui\u00f3 la fama con \u201cI Left My Heart in San Francisco\u201d\u00a0muri\u00f3\u00a0a los 96 a\u00f1os, inform\u00f3 su publicista Sylvia Weiner. Bennett [&hellip;]\" \/>\n<meta property=\"og:url\" content=\"https:\/\/fuentesfidedignas.com.mx\/index.php\/2023\/07\/21\/5754cantante-tony-bennett-una-de-las-mas-grandes-voces-estadounidense\/\" \/>\n<meta property=\"og:site_name\" content=\"Fuentes Fidedignas\" \/>\n<meta property=\"article:publisher\" content=\"https:\/\/www.facebook.com\/Fuentes-Fidedignas-368234489921644\" \/>\n<meta property=\"article:published_time\" content=\"2023-07-21T14:52:11+00:00\" \/>\n<meta property=\"article:modified_time\" content=\"2023-07-21T15:55:15+00:00\" \/>\n<meta property=\"og:image\" content=\"https:\/\/fuentesfidedignas.com.mx\/wp-content\/uploads\/2023\/07\/tony-bennett.jpg\" \/>\n\t<meta property=\"og:image:width\" content=\"1200\" \/>\n\t<meta property=\"og:image:height\" content=\"675\" \/>\n\t<meta property=\"og:image:type\" content=\"image\/jpeg\" \/>\n<meta name=\"author\" content=\"L\u00f3pez D\u00f3riga\" \/>\n<meta name=\"twitter:card\" content=\"summary_large_image\" \/>\n<meta name=\"twitter:creator\" content=\"@fidedignas\" \/>\n<meta name=\"twitter:site\" content=\"@fidedignas\" \/>\n<meta name=\"twitter:label1\" content=\"Escrito por\" \/>\n\t<meta name=\"twitter:data1\" content=\"L\u00f3pez D\u00f3riga\" \/>\n\t<meta name=\"twitter:label2\" content=\"Tiempo de lectura\" \/>\n\t<meta name=\"twitter:data2\" content=\"1 minuto\" \/>\n<script type=\"application\/ld+json\" class=\"yoast-schema-graph\">{\"@context\":\"https:\\\/\\\/schema.org\",\"@graph\":[{\"@type\":\"Article\",\"@id\":\"https:\\\/\\\/fuentesfidedignas.com.mx\\\/index.php\\\/2023\\\/07\\\/21\\\/5754cantante-tony-bennett-una-de-las-mas-grandes-voces-estadounidense\\\/#article\",\"isPartOf\":{\"@id\":\"https:\\\/\\\/fuentesfidedignas.com.mx\\\/index.php\\\/2023\\\/07\\\/21\\\/5754cantante-tony-bennett-una-de-las-mas-grandes-voces-estadounidense\\\/\"},\"author\":{\"name\":\"L\u00f3pez D\u00f3riga\",\"@id\":\"https:\\\/\\\/fuentesfidedignas.com.mx\\\/#\\\/schema\\\/person\\\/67d852f0557c8509146a4b9ddebd543a\"},\"headline\":\"Muere el cantante Tony Bennett, una de las m\u00e1s grandes voces estadounidense\",\"datePublished\":\"2023-07-21T14:52:11+00:00\",\"dateModified\":\"2023-07-21T15:55:15+00:00\",\"mainEntityOfPage\":{\"@id\":\"https:\\\/\\\/fuentesfidedignas.com.mx\\\/index.php\\\/2023\\\/07\\\/21\\\/5754cantante-tony-bennett-una-de-las-mas-grandes-voces-estadounidense\\\/\"},\"wordCount\":240,\"commentCount\":0,\"publisher\":{\"@id\":\"https:\\\/\\\/fuentesfidedignas.com.mx\\\/#organization\"},\"image\":{\"@id\":\"https:\\\/\\\/fuentesfidedignas.com.mx\\\/index.php\\\/2023\\\/07\\\/21\\\/5754cantante-tony-bennett-una-de-las-mas-grandes-voces-estadounidense\\\/#primaryimage\"},\"thumbnailUrl\":\"https:\\\/\\\/fuentesfidedignas.com.mx\\\/wp-content\\\/uploads\\\/2023\\\/07\\\/tony-bennett.jpg\",\"articleSection\":[\"NOTICIAS NACIONALES\"],\"inLanguage\":\"es\",\"potentialAction\":[{\"@type\":\"CommentAction\",\"name\":\"Comment\",\"target\":[\"https:\\\/\\\/fuentesfidedignas.com.mx\\\/index.php\\\/2023\\\/07\\\/21\\\/5754cantante-tony-bennett-una-de-las-mas-grandes-voces-estadounidense\\\/#respond\"]}]},{\"@type\":\"WebPage\",\"@id\":\"https:\\\/\\\/fuentesfidedignas.com.mx\\\/index.php\\\/2023\\\/07\\\/21\\\/5754cantante-tony-bennett-una-de-las-mas-grandes-voces-estadounidense\\\/\",\"url\":\"https:\\\/\\\/fuentesfidedignas.com.mx\\\/index.php\\\/2023\\\/07\\\/21\\\/5754cantante-tony-bennett-una-de-las-mas-grandes-voces-estadounidense\\\/\",\"name\":\"Muere el cantante Tony Bennett, una de las m\u00e1s grandes voces estadounidense - Fuentes Fidedignas\",\"isPartOf\":{\"@id\":\"https:\\\/\\\/fuentesfidedignas.com.mx\\\/#website\"},\"primaryImageOfPage\":{\"@id\":\"https:\\\/\\\/fuentesfidedignas.com.mx\\\/index.php\\\/2023\\\/07\\\/21\\\/5754cantante-tony-bennett-una-de-las-mas-grandes-voces-estadounidense\\\/#primaryimage\"},\"image\":{\"@id\":\"https:\\\/\\\/fuentesfidedignas.com.mx\\\/index.php\\\/2023\\\/07\\\/21\\\/5754cantante-tony-bennett-una-de-las-mas-grandes-voces-estadounidense\\\/#primaryimage\"},\"thumbnailUrl\":\"https:\\\/\\\/fuentesfidedignas.com.mx\\\/wp-content\\\/uploads\\\/2023\\\/07\\\/tony-bennett.jpg\",\"datePublished\":\"2023-07-21T14:52:11+00:00\",\"dateModified\":\"2023-07-21T15:55:15+00:00\",\"breadcrumb\":{\"@id\":\"https:\\\/\\\/fuentesfidedignas.com.mx\\\/index.php\\\/2023\\\/07\\\/21\\\/5754cantante-tony-bennett-una-de-las-mas-grandes-voces-estadounidense\\\/#breadcrumb\"},\"inLanguage\":\"es\",\"potentialAction\":[{\"@type\":\"ReadAction\",\"target\":[\"https:\\\/\\\/fuentesfidedignas.com.mx\\\/index.php\\\/2023\\\/07\\\/21\\\/5754cantante-tony-bennett-una-de-las-mas-grandes-voces-estadounidense\\\/\"]}]},{\"@type\":\"ImageObject\",\"inLanguage\":\"es\",\"@id\":\"https:\\\/\\\/fuentesfidedignas.com.mx\\\/index.php\\\/2023\\\/07\\\/21\\\/5754cantante-tony-bennett-una-de-las-mas-grandes-voces-estadounidense\\\/#primaryimage\",\"url\":\"https:\\\/\\\/fuentesfidedignas.com.mx\\\/wp-content\\\/uploads\\\/2023\\\/07\\\/tony-bennett.jpg\",\"contentUrl\":\"https:\\\/\\\/fuentesfidedignas.com.mx\\\/wp-content\\\/uploads\\\/2023\\\/07\\\/tony-bennett.jpg\",\"width\":1200,\"height\":675},{\"@type\":\"BreadcrumbList\",\"@id\":\"https:\\\/\\\/fuentesfidedignas.com.mx\\\/index.php\\\/2023\\\/07\\\/21\\\/5754cantante-tony-bennett-una-de-las-mas-grandes-voces-estadounidense\\\/#breadcrumb\",\"itemListElement\":[{\"@type\":\"ListItem\",\"position\":1,\"name\":\"Inicio\",\"item\":\"https:\\\/\\\/fuentesfidedignas.com.mx\\\/\"},{\"@type\":\"ListItem\",\"position\":2,\"name\":\"Muere el cantante Tony Bennett, una de las m\u00e1s grandes voces estadounidense\"}]},{\"@type\":\"WebSite\",\"@id\":\"https:\\\/\\\/fuentesfidedignas.com.mx\\\/#website\",\"url\":\"https:\\\/\\\/fuentesfidedignas.com.mx\\\/\",\"name\":\"Fuentes Fidedignas\",\"description\":\"Otro sitio realizado con WordPress\",\"publisher\":{\"@id\":\"https:\\\/\\\/fuentesfidedignas.com.mx\\\/#organization\"},\"potentialAction\":[{\"@type\":\"SearchAction\",\"target\":{\"@type\":\"EntryPoint\",\"urlTemplate\":\"https:\\\/\\\/fuentesfidedignas.com.mx\\\/?s={search_term_string}\"},\"query-input\":{\"@type\":\"PropertyValueSpecification\",\"valueRequired\":true,\"valueName\":\"search_term_string\"}}],\"inLanguage\":\"es\"},{\"@type\":\"Organization\",\"@id\":\"https:\\\/\\\/fuentesfidedignas.com.mx\\\/#organization\",\"name\":\"Fuentes Fidedignas\",\"url\":\"https:\\\/\\\/fuentesfidedignas.com.mx\\\/\",\"logo\":{\"@type\":\"ImageObject\",\"inLanguage\":\"es\",\"@id\":\"https:\\\/\\\/fuentesfidedignas.com.mx\\\/#\\\/schema\\\/logo\\\/image\\\/\",\"url\":\"https:\\\/\\\/fuentesfidedignas.com.mx\\\/wp-content\\\/uploads\\\/2021\\\/04\\\/logo-retina.png\",\"contentUrl\":\"https:\\\/\\\/fuentesfidedignas.com.mx\\\/wp-content\\\/uploads\\\/2021\\\/04\\\/logo-retina.png\",\"width\":280,\"height\":51,\"caption\":\"Fuentes Fidedignas\"},\"image\":{\"@id\":\"https:\\\/\\\/fuentesfidedignas.com.mx\\\/#\\\/schema\\\/logo\\\/image\\\/\"},\"sameAs\":[\"https:\\\/\\\/www.facebook.com\\\/Fuentes-Fidedignas-368234489921644\",\"https:\\\/\\\/x.com\\\/fidedignas\"]},{\"@type\":\"Person\",\"@id\":\"https:\\\/\\\/fuentesfidedignas.com.mx\\\/#\\\/schema\\\/person\\\/67d852f0557c8509146a4b9ddebd543a\",\"name\":\"L\u00f3pez D\u00f3riga\",\"image\":{\"@type\":\"ImageObject\",\"inLanguage\":\"es\",\"@id\":\"https:\\\/\\\/secure.gravatar.com\\\/avatar\\\/e525b06574ca18b33cded59dfe5778d6c823b9513154eff47da551b0551bdd1e?s=96&d=mm&r=g\",\"url\":\"https:\\\/\\\/secure.gravatar.com\\\/avatar\\\/e525b06574ca18b33cded59dfe5778d6c823b9513154eff47da551b0551bdd1e?s=96&d=mm&r=g\",\"contentUrl\":\"https:\\\/\\\/secure.gravatar.com\\\/avatar\\\/e525b06574ca18b33cded59dfe5778d6c823b9513154eff47da551b0551bdd1e?s=96&d=mm&r=g\",\"caption\":\"L\u00f3pez D\u00f3riga\"},\"url\":\"https:\\\/\\\/fuentesfidedignas.com.mx\\\/index.php\\\/author\\\/doriga\\\/\"}]}<\/script>\n<!-- \/ Yoast SEO plugin. -->","yoast_head_json":{"title":"Muere el cantante Tony Bennett, una de las m\u00e1s grandes voces estadounidense - Fuentes Fidedignas","robots":{"index":"index","follow":"follow","max-snippet":"max-snippet:-1","max-image-preview":"max-image-preview:large","max-video-preview":"max-video-preview:-1"},"canonical":"https:\/\/fuentesfidedignas.com.mx\/index.php\/2023\/07\/21\/5754cantante-tony-bennett-una-de-las-mas-grandes-voces-estadounidense\/","og_locale":"es_MX","og_type":"article","og_title":"Muere el cantante Tony Bennett, una de las m\u00e1s grandes voces estadounidense - Fuentes Fidedignas","og_description":"Tony Bennett, una de las m\u00e1s grandes voces de la m\u00fasica en ingl\u00e9s, muri\u00f3 a los 96 a\u00f1os de edad Estados Unidos. El cantante y compositor\u00a0Tony Bennett\u00a0que tuvo una carrera musical de 8 d\u00e9cadas y consigui\u00f3 la fama con \u201cI Left My Heart in San Francisco\u201d\u00a0muri\u00f3\u00a0a los 96 a\u00f1os, inform\u00f3 su publicista Sylvia Weiner. Bennett [&hellip;]","og_url":"https:\/\/fuentesfidedignas.com.mx\/index.php\/2023\/07\/21\/5754cantante-tony-bennett-una-de-las-mas-grandes-voces-estadounidense\/","og_site_name":"Fuentes Fidedignas","article_publisher":"https:\/\/www.facebook.com\/Fuentes-Fidedignas-368234489921644","article_published_time":"2023-07-21T14:52:11+00:00","article_modified_time":"2023-07-21T15:55:15+00:00","og_image":[{"width":1200,"height":675,"url":"https:\/\/fuentesfidedignas.com.mx\/wp-content\/uploads\/2023\/07\/tony-bennett.jpg","type":"image\/jpeg"}],"author":"L\u00f3pez D\u00f3riga","twitter_card":"summary_large_image","twitter_creator":"@fidedignas","twitter_site":"@fidedignas","twitter_misc":{"Escrito por":"L\u00f3pez D\u00f3riga","Tiempo de lectura":"1 minuto"},"schema":{"@context":"https:\/\/schema.org","@graph":[{"@type":"Article","@id":"https:\/\/fuentesfidedignas.com.mx\/index.php\/2023\/07\/21\/5754cantante-tony-bennett-una-de-las-mas-grandes-voces-estadounidense\/#article","isPartOf":{"@id":"https:\/\/fuentesfidedignas.com.mx\/index.php\/2023\/07\/21\/5754cantante-tony-bennett-una-de-las-mas-grandes-voces-estadounidense\/"},"author":{"name":"L\u00f3pez D\u00f3riga","@id":"https:\/\/fuentesfidedignas.com.mx\/#\/schema\/person\/67d852f0557c8509146a4b9ddebd543a"},"headline":"Muere el cantante Tony Bennett, una de las m\u00e1s grandes voces estadounidense","datePublished":"2023-07-21T14:52:11+00:00","dateModified":"2023-07-21T15:55:15+00:00","mainEntityOfPage":{"@id":"https:\/\/fuentesfidedignas.com.mx\/index.php\/2023\/07\/21\/5754cantante-tony-bennett-una-de-las-mas-grandes-voces-estadounidense\/"},"wordCount":240,"commentCount":0,"publisher":{"@id":"https:\/\/fuentesfidedignas.com.mx\/#organization"},"image":{"@id":"https:\/\/fuentesfidedignas.com.mx\/index.php\/2023\/07\/21\/5754cantante-tony-bennett-una-de-las-mas-grandes-voces-estadounidense\/#primaryimage"},"thumbnailUrl":"https:\/\/fuentesfidedignas.com.mx\/wp-content\/uploads\/2023\/07\/tony-bennett.jpg","articleSection":["NOTICIAS NACIONALES"],"inLanguage":"es","potentialAction":[{"@type":"CommentAction","name":"Comment","target":["https:\/\/fuentesfidedignas.com.mx\/index.php\/2023\/07\/21\/5754cantante-tony-bennett-una-de-las-mas-grandes-voces-estadounidense\/#respond"]}]},{"@type":"WebPage","@id":"https:\/\/fuentesfidedignas.com.mx\/index.php\/2023\/07\/21\/5754cantante-tony-bennett-una-de-las-mas-grandes-voces-estadounidense\/","url":"https:\/\/fuentesfidedignas.com.mx\/index.php\/2023\/07\/21\/5754cantante-tony-bennett-una-de-las-mas-grandes-voces-estadounidense\/","name":"Muere el cantante Tony Bennett, una de las m\u00e1s grandes voces estadounidense - Fuentes Fidedignas","isPartOf":{"@id":"https:\/\/fuentesfidedignas.com.mx\/#website"},"primaryImageOfPage":{"@id":"https:\/\/fuentesfidedignas.com.mx\/index.php\/2023\/07\/21\/5754cantante-tony-bennett-una-de-las-mas-grandes-voces-estadounidense\/#primaryimage"},"image":{"@id":"https:\/\/fuentesfidedignas.com.mx\/index.php\/2023\/07\/21\/5754cantante-tony-bennett-una-de-las-mas-grandes-voces-estadounidense\/#primaryimage"},"thumbnailUrl":"https:\/\/fuentesfidedignas.com.mx\/wp-content\/uploads\/2023\/07\/tony-bennett.jpg","datePublished":"2023-07-21T14:52:11+00:00","dateModified":"2023-07-21T15:55:15+00:00","breadcrumb":{"@id":"https:\/\/fuentesfidedignas.com.mx\/index.php\/2023\/07\/21\/5754cantante-tony-bennett-una-de-las-mas-grandes-voces-estadounidense\/#breadcrumb"},"inLanguage":"es","potentialAction":[{"@type":"ReadAction","target":["https:\/\/fuentesfidedignas.com.mx\/index.php\/2023\/07\/21\/5754cantante-tony-bennett-una-de-las-mas-grandes-voces-estadounidense\/"]}]},{"@type":"ImageObject","inLanguage":"es","@id":"https:\/\/fuentesfidedignas.com.mx\/index.php\/2023\/07\/21\/5754cantante-tony-bennett-una-de-las-mas-grandes-voces-estadounidense\/#primaryimage","url":"https:\/\/fuentesfidedignas.com.mx\/wp-content\/uploads\/2023\/07\/tony-bennett.jpg","contentUrl":"https:\/\/fuentesfidedignas.com.mx\/wp-content\/uploads\/2023\/07\/tony-bennett.jpg","width":1200,"height":675},{"@type":"BreadcrumbList","@id":"https:\/\/fuentesfidedignas.com.mx\/index.php\/2023\/07\/21\/5754cantante-tony-bennett-una-de-las-mas-grandes-voces-estadounidense\/#breadcrumb","itemListElement":[{"@type":"ListItem","position":1,"name":"Inicio","item":"https:\/\/fuentesfidedignas.com.mx\/"},{"@type":"ListItem","position":2,"name":"Muere el cantante Tony Bennett, una de las m\u00e1s grandes voces estadounidense"}]},{"@type":"WebSite","@id":"https:\/\/fuentesfidedignas.com.mx\/#website","url":"https:\/\/fuentesfidedignas.com.mx\/","name":"Fuentes Fidedignas","description":"Otro sitio realizado con WordPress","publisher":{"@id":"https:\/\/fuentesfidedignas.com.mx\/#organization"},"potentialAction":[{"@type":"SearchAction","target":{"@type":"EntryPoint","urlTemplate":"https:\/\/fuentesfidedignas.com.mx\/?s={search_term_string}"},"query-input":{"@type":"PropertyValueSpecification","valueRequired":true,"valueName":"search_term_string"}}],"inLanguage":"es"},{"@type":"Organization","@id":"https:\/\/fuentesfidedignas.com.mx\/#organization","name":"Fuentes Fidedignas","url":"https:\/\/fuentesfidedignas.com.mx\/","logo":{"@type":"ImageObject","inLanguage":"es","@id":"https:\/\/fuentesfidedignas.com.mx\/#\/schema\/logo\/image\/","url":"https:\/\/fuentesfidedignas.com.mx\/wp-content\/uploads\/2021\/04\/logo-retina.png","contentUrl":"https:\/\/fuentesfidedignas.com.mx\/wp-content\/uploads\/2021\/04\/logo-retina.png","width":280,"height":51,"caption":"Fuentes Fidedignas"},"image":{"@id":"https:\/\/fuentesfidedignas.com.mx\/#\/schema\/logo\/image\/"},"sameAs":["https:\/\/www.facebook.com\/Fuentes-Fidedignas-368234489921644","https:\/\/x.com\/fidedignas"]},{"@type":"Person","@id":"https:\/\/fuentesfidedignas.com.mx\/#\/schema\/person\/67d852f0557c8509146a4b9ddebd543a","name":"L\u00f3pez D\u00f3riga","image":{"@type":"ImageObject","inLanguage":"es","@id":"https:\/\/secure.gravatar.com\/avatar\/e525b06574ca18b33cded59dfe5778d6c823b9513154eff47da551b0551bdd1e?s=96&d=mm&r=g","url":"https:\/\/secure.gravatar.com\/avatar\/e525b06574ca18b33cded59dfe5778d6c823b9513154eff47da551b0551bdd1e?s=96&d=mm&r=g","contentUrl":"https:\/\/secure.gravatar.com\/avatar\/e525b06574ca18b33cded59dfe5778d6c823b9513154eff47da551b0551bdd1e?s=96&d=mm&r=g","caption":"L\u00f3pez D\u00f3riga"},"url":"https:\/\/fuentesfidedignas.com.mx\/index.php\/author\/doriga\/"}]}},"_links":{"self":[{"href":"https:\/\/fuentesfidedignas.com.mx\/index.php\/wp-json\/wp\/v2\/posts\/53324","targetHints":{"allow":["GET"]}}],"collection":[{"href":"https:\/\/fuentesfidedignas.com.mx\/index.php\/wp-json\/wp\/v2\/posts"}],"about":[{"href":"https:\/\/fuentesfidedignas.com.mx\/index.php\/wp-json\/wp\/v2\/types\/post"}],"author":[{"embeddable":true,"href":"https:\/\/fuentesfidedignas.com.mx\/index.php\/wp-json\/wp\/v2\/users\/47"}],"replies":[{"embeddable":true,"href":"https:\/\/fuentesfidedignas.com.mx\/index.php\/wp-json\/wp\/v2\/comments?post=53324"}],"version-history":[{"count":2,"href":"https:\/\/fuentesfidedignas.com.mx\/index.php\/wp-json\/wp\/v2\/posts\/53324\/revisions"}],"predecessor-version":[{"id":53326,"href":"https:\/\/fuentesfidedignas.com.mx\/index.php\/wp-json\/wp\/v2\/posts\/53324\/revisions\/53326"}],"wp:featuredmedia":[{"embeddable":true,"href":"https:\/\/fuentesfidedignas.com.mx\/index.php\/wp-json\/wp\/v2\/media\/53327"}],"wp:attachment":[{"href":"https:\/\/fuentesfidedignas.com.mx\/index.php\/wp-json\/wp\/v2\/media?parent=53324"}],"wp:term":[{"taxonomy":"category","embeddable":true,"href":"https:\/\/fuentesfidedignas.com.mx\/index.php\/wp-json\/wp\/v2\/categories?post=53324"},{"taxonomy":"post_tag","embeddable":true,"href":"https:\/\/fuentesfidedignas.com.mx\/index.php\/wp-json\/wp\/v2\/tags?post=53324"}],"curies":[{"name":"wp","href":"https:\/\/api.w.org\/{rel}","templated":true}]}}