{"id":53312,"date":"2023-07-20T18:16:40","date_gmt":"2023-07-21T01:16:40","guid":{"rendered":"https:\/\/fuentesfidedignas.com.mx\/?p=53312"},"modified":"2023-07-20T18:17:32","modified_gmt":"2023-07-21T01:17:32","slug":"no-habra-mas-desvio-de-cuotas-del-ipes-sera-falta-grave-no-enterar-aportaciones","status":"publish","type":"post","link":"https:\/\/fuentesfidedignas.com.mx\/index.php\/2023\/07\/20\/no-habra-mas-desvio-de-cuotas-del-ipes-sera-falta-grave-no-enterar-aportaciones\/","title":{"rendered":"No habr\u00e1 m\u00e1s desv\u00edo de cuotas del IPES; ser\u00e1 falta grave no enterar aportaciones"},"content":{"rendered":"\n<p>Culiac\u00e1n, Sin.- El Congreso del Estado aprob\u00f3 reformas a la Ley de Responsabilidades Administrativas que establecen la austeridad, fortalecen la transparencia, combaten la corrupci\u00f3n y cataloga como falta admininistrativa grave, la omisi\u00f3n de enterar las cuotas y aportaciones, ante el Instituto de Pensiones del Estado de Sinaloa.<\/p>\n\n\n\n<p>Los servidores p\u00fablicos no podr\u00e1n disponer del servicio de miembros de alguna corporaci\u00f3n policiaca, seguridad p\u00fablica o de las fuerzas armadas, en el ejercicio de sus funciones, para otorgar seguridad personal, salvo en los casos en que la normativa que regule su actividad lo contemple o por las circunstancias se considere necesario proveer de dicha seguridad, siempre que se encuentre debidamente justificada a juicio del titular de las propias corporaciones de seguridad y previo informe al \u00d3rgano Interno de Control respectivo o a la Secretar\u00eda.<\/p>\n\n\n\n<p>Comete simulaci\u00f3n de acto jur\u00eddico el servidor p\u00fablico que utilice personalidad jur\u00eddica distinta a la suya para obtener, en beneficio propio o de alg\u00fan familiar hasta el cuarto grado por consanguinidad o afinidad, recursos p\u00fablicos en forma contraria a la ley.<\/p>\n\n\n\n<p>Esta falta administrativa se sancionar\u00e1 con inhabilitaci\u00f3n de cinco a diez a\u00f1os.<\/p>\n\n\n\n<p>Cometer\u00e1 nepotismo el servidor p\u00fablico que, vali\u00e9ndose de las atribuciones o facultades\u00b7 de su empleo, cargo o comisi\u00f3n, directa o indirectamente, designe, nombre o intervenga para que se contrate como personal de confianza, de estructura, de base o por honorarios en el ente p\u00fablico en que ejerza sus funciones, a personas con las que tenga lazos de parentesco por consanguinidad hasta el cuarto grado, de afinidad hasta el segundo grado, o v\u00ednculo de matrimonio o concubinato.<\/p>\n\n\n\n<p>Se considerar\u00e1 desv\u00edo de recursos p\u00fablicos, el otorgamiento o autorizaci\u00f3n, para s\u00ed o para otros, del pago de una remuneraci\u00f3n en contravenci\u00f3n con los tabuladores que al efecto resulten aplicables, as\u00ed como el otorgamiento o autorizaci\u00f3n, para s\u00ed o para otros, de pagos de jubilaciones, pensiones o haberes de retiro, liquidaciones por servicios prestados, pr\u00e9stamos o cr\u00e9ditos que no est\u00e9n previstos en ley, decreto legislativo, contrato colectivo, contrato ley o condiciones generales de trabajo.<\/p>\n\n\n\n<p>Los servidores p\u00fablicos observar\u00e1n en el desempe\u00f1o de su empleo, cargo o comisi\u00f3n, administrar\u00e1n los recursos p\u00fablicos con austeridad.<\/p>\n\n\n\n<p>Deber\u00e1n abstenerse de intervenir o promover, por s\u00ed o por interp\u00f3sita persona, en la selecci\u00f3n, nombramiento o designaci\u00f3n para el servicio p\u00fablico de personas con quienes tenga parentesco por filiaci\u00f3n hasta el cuarto grado o por afinidad hasta el segundo grado.<\/p>\n\n\n\n<p>Incurrir\u00e1 en responsabilidad, el servidor p\u00fablico que intervenga o promueva, por s\u00ed o por interp\u00f3sita persona, en la selecci\u00f3n, nombramiento o designaci\u00f3n de personas para el servicio p\u00fablico en funci\u00f3n de intereses de negocios.<\/p>\n\n\n\n<p>Incurrir\u00e1 en cohecho, el servidor p\u00fablico que se abstenga de devolver el pago en demas\u00eda de su leg\u00edtima remuneraci\u00f3n de acuerdo a los tabuladores que al efecto resulten aplicables, dentro de los 30 d\u00edas naturales siguientes a su recepci\u00f3n.<\/p>\n\n\n\n<p>El Pleno aprob\u00f3 iniciativas, dos presentada por el diputado del PRI, Sergio Mario Arredondo Salas, otra por el ciudadano H\u00e9ctor Javier Garc\u00eda Laija, una m\u00e1s por Alba Virgen Montes \u00c1lvarez, Viridiana Camacho Mill\u00e1n, Mar\u00eda del Rosario Osuna Guti\u00e9rrez, Elizabeth Chia Galaviz y Gene Ren\u00e9 Boj\u00f3rquez Ruiz, del Grupo Parlamentario del PAS, y por la ciudadana Jes\u00fas Ang\u00e9lica D\u00edaz Qui\u00f1\u00f3nez.<\/p>\n\n\n\n<p>Y la quinta iniciativa fue presentada por los ciudadanos sinaloenses Abner Joel Zavala Luna y Jos\u00e9 Angel Amillano Montoya y por la ciudadana Edith Teresa Ponce de Le\u00f3n Castro.<\/p>\n","protected":false},"excerpt":{"rendered":"<p>Culiac\u00e1n, Sin.- El Congreso del Estado aprob\u00f3 reformas a la Ley de Responsabilidades Administrativas que establecen la austeridad, fortalecen la transparencia, combaten la corrupci\u00f3n y cataloga como falta admininistrativa grave, la omisi\u00f3n de enterar las cuotas y aportaciones, ante el Instituto de Pensiones del Estado de Sinaloa. Los servidores p\u00fablicos no podr\u00e1n disponer del servicio [&hellip;]<\/p>\n","protected":false},"author":4,"featured_media":53314,"comment_status":"open","ping_status":"open","sticky":false,"template":"","format":"standard","meta":{"tdm_status":"","tdm_grid_status":"","footnotes":""},"categories":[38,1],"tags":[],"class_list":{"0":"post-53312","1":"post","2":"type-post","3":"status-publish","4":"format-standard","5":"has-post-thumbnail","7":"category-noticias-locales","8":"category-sin-categoria"},"yoast_head":"<!-- This site is optimized with the Yoast SEO plugin v27.5 - https:\/\/yoast.com\/product\/yoast-seo-wordpress\/ -->\n<title>No habr\u00e1 m\u00e1s desv\u00edo de cuotas del IPES; ser\u00e1 falta grave no enterar aportaciones - Fuentes Fidedignas<\/title>\n<meta name=\"robots\" content=\"index, follow, max-snippet:-1, max-image-preview:large, max-video-preview:-1\" \/>\n<link rel=\"canonical\" href=\"https:\/\/fuentesfidedignas.com.mx\/index.php\/2023\/07\/20\/no-habra-mas-desvio-de-cuotas-del-ipes-sera-falta-grave-no-enterar-aportaciones\/\" \/>\n<meta property=\"og:locale\" content=\"es_MX\" \/>\n<meta property=\"og:type\" content=\"article\" \/>\n<meta property=\"og:title\" content=\"No habr\u00e1 m\u00e1s desv\u00edo de cuotas del IPES; ser\u00e1 falta grave no enterar aportaciones - Fuentes Fidedignas\" \/>\n<meta property=\"og:description\" content=\"Culiac\u00e1n, Sin.- El Congreso del Estado aprob\u00f3 reformas a la Ley de Responsabilidades Administrativas que establecen la austeridad, fortalecen la transparencia, combaten la corrupci\u00f3n y cataloga como falta admininistrativa grave, la omisi\u00f3n de enterar las cuotas y aportaciones, ante el Instituto de Pensiones del Estado de Sinaloa. Los servidores p\u00fablicos no podr\u00e1n disponer del servicio [&hellip;]\" \/>\n<meta property=\"og:url\" content=\"https:\/\/fuentesfidedignas.com.mx\/index.php\/2023\/07\/20\/no-habra-mas-desvio-de-cuotas-del-ipes-sera-falta-grave-no-enterar-aportaciones\/\" \/>\n<meta property=\"og:site_name\" content=\"Fuentes Fidedignas\" \/>\n<meta property=\"article:publisher\" content=\"https:\/\/www.facebook.com\/Fuentes-Fidedignas-368234489921644\" \/>\n<meta property=\"article:published_time\" content=\"2023-07-21T01:16:40+00:00\" \/>\n<meta property=\"article:modified_time\" content=\"2023-07-21T01:17:32+00:00\" \/>\n<meta property=\"og:image\" content=\"https:\/\/fuentesfidedignas.com.mx\/wp-content\/uploads\/2023\/07\/IMG-20230720-WA0034.jpg\" \/>\n\t<meta property=\"og:image:width\" content=\"1024\" \/>\n\t<meta property=\"og:image:height\" content=\"684\" \/>\n\t<meta property=\"og:image:type\" content=\"image\/jpeg\" \/>\n<meta name=\"author\" content=\"Redacci\u00f3n\" \/>\n<meta name=\"twitter:card\" content=\"summary_large_image\" \/>\n<meta name=\"twitter:creator\" content=\"@fidedignas\" \/>\n<meta name=\"twitter:site\" content=\"@fidedignas\" \/>\n<meta name=\"twitter:label1\" content=\"Escrito por\" \/>\n\t<meta name=\"twitter:data1\" content=\"Redacci\u00f3n\" \/>\n\t<meta name=\"twitter:label2\" content=\"Tiempo de lectura\" \/>\n\t<meta name=\"twitter:data2\" content=\"3 minutos\" \/>\n<script type=\"application\/ld+json\" class=\"yoast-schema-graph\">{\"@context\":\"https:\\\/\\\/schema.org\",\"@graph\":[{\"@type\":\"Article\",\"@id\":\"https:\\\/\\\/fuentesfidedignas.com.mx\\\/index.php\\\/2023\\\/07\\\/20\\\/no-habra-mas-desvio-de-cuotas-del-ipes-sera-falta-grave-no-enterar-aportaciones\\\/#article\",\"isPartOf\":{\"@id\":\"https:\\\/\\\/fuentesfidedignas.com.mx\\\/index.php\\\/2023\\\/07\\\/20\\\/no-habra-mas-desvio-de-cuotas-del-ipes-sera-falta-grave-no-enterar-aportaciones\\\/\"},\"author\":{\"name\":\"Redacci\u00f3n\",\"@id\":\"https:\\\/\\\/fuentesfidedignas.com.mx\\\/#\\\/schema\\\/person\\\/331be9283d37198e2acd5750279085b0\"},\"headline\":\"No habr\u00e1 m\u00e1s desv\u00edo de cuotas del IPES; ser\u00e1 falta grave no enterar aportaciones\",\"datePublished\":\"2023-07-21T01:16:40+00:00\",\"dateModified\":\"2023-07-21T01:17:32+00:00\",\"mainEntityOfPage\":{\"@id\":\"https:\\\/\\\/fuentesfidedignas.com.mx\\\/index.php\\\/2023\\\/07\\\/20\\\/no-habra-mas-desvio-de-cuotas-del-ipes-sera-falta-grave-no-enterar-aportaciones\\\/\"},\"wordCount\":638,\"commentCount\":0,\"publisher\":{\"@id\":\"https:\\\/\\\/fuentesfidedignas.com.mx\\\/#organization\"},\"image\":{\"@id\":\"https:\\\/\\\/fuentesfidedignas.com.mx\\\/index.php\\\/2023\\\/07\\\/20\\\/no-habra-mas-desvio-de-cuotas-del-ipes-sera-falta-grave-no-enterar-aportaciones\\\/#primaryimage\"},\"thumbnailUrl\":\"https:\\\/\\\/fuentesfidedignas.com.mx\\\/wp-content\\\/uploads\\\/2023\\\/07\\\/IMG-20230720-WA0034.jpg\",\"articleSection\":[\"NOTICIAS LOCALES\"],\"inLanguage\":\"es\",\"potentialAction\":[{\"@type\":\"CommentAction\",\"name\":\"Comment\",\"target\":[\"https:\\\/\\\/fuentesfidedignas.com.mx\\\/index.php\\\/2023\\\/07\\\/20\\\/no-habra-mas-desvio-de-cuotas-del-ipes-sera-falta-grave-no-enterar-aportaciones\\\/#respond\"]}]},{\"@type\":\"WebPage\",\"@id\":\"https:\\\/\\\/fuentesfidedignas.com.mx\\\/index.php\\\/2023\\\/07\\\/20\\\/no-habra-mas-desvio-de-cuotas-del-ipes-sera-falta-grave-no-enterar-aportaciones\\\/\",\"url\":\"https:\\\/\\\/fuentesfidedignas.com.mx\\\/index.php\\\/2023\\\/07\\\/20\\\/no-habra-mas-desvio-de-cuotas-del-ipes-sera-falta-grave-no-enterar-aportaciones\\\/\",\"name\":\"No habr\u00e1 m\u00e1s desv\u00edo de cuotas del IPES; ser\u00e1 falta grave no enterar aportaciones - Fuentes Fidedignas\",\"isPartOf\":{\"@id\":\"https:\\\/\\\/fuentesfidedignas.com.mx\\\/#website\"},\"primaryImageOfPage\":{\"@id\":\"https:\\\/\\\/fuentesfidedignas.com.mx\\\/index.php\\\/2023\\\/07\\\/20\\\/no-habra-mas-desvio-de-cuotas-del-ipes-sera-falta-grave-no-enterar-aportaciones\\\/#primaryimage\"},\"image\":{\"@id\":\"https:\\\/\\\/fuentesfidedignas.com.mx\\\/index.php\\\/2023\\\/07\\\/20\\\/no-habra-mas-desvio-de-cuotas-del-ipes-sera-falta-grave-no-enterar-aportaciones\\\/#primaryimage\"},\"thumbnailUrl\":\"https:\\\/\\\/fuentesfidedignas.com.mx\\\/wp-content\\\/uploads\\\/2023\\\/07\\\/IMG-20230720-WA0034.jpg\",\"datePublished\":\"2023-07-21T01:16:40+00:00\",\"dateModified\":\"2023-07-21T01:17:32+00:00\",\"breadcrumb\":{\"@id\":\"https:\\\/\\\/fuentesfidedignas.com.mx\\\/index.php\\\/2023\\\/07\\\/20\\\/no-habra-mas-desvio-de-cuotas-del-ipes-sera-falta-grave-no-enterar-aportaciones\\\/#breadcrumb\"},\"inLanguage\":\"es\",\"potentialAction\":[{\"@type\":\"ReadAction\",\"target\":[\"https:\\\/\\\/fuentesfidedignas.com.mx\\\/index.php\\\/2023\\\/07\\\/20\\\/no-habra-mas-desvio-de-cuotas-del-ipes-sera-falta-grave-no-enterar-aportaciones\\\/\"]}]},{\"@type\":\"ImageObject\",\"inLanguage\":\"es\",\"@id\":\"https:\\\/\\\/fuentesfidedignas.com.mx\\\/index.php\\\/2023\\\/07\\\/20\\\/no-habra-mas-desvio-de-cuotas-del-ipes-sera-falta-grave-no-enterar-aportaciones\\\/#primaryimage\",\"url\":\"https:\\\/\\\/fuentesfidedignas.com.mx\\\/wp-content\\\/uploads\\\/2023\\\/07\\\/IMG-20230720-WA0034.jpg\",\"contentUrl\":\"https:\\\/\\\/fuentesfidedignas.com.mx\\\/wp-content\\\/uploads\\\/2023\\\/07\\\/IMG-20230720-WA0034.jpg\",\"width\":1024,\"height\":684},{\"@type\":\"BreadcrumbList\",\"@id\":\"https:\\\/\\\/fuentesfidedignas.com.mx\\\/index.php\\\/2023\\\/07\\\/20\\\/no-habra-mas-desvio-de-cuotas-del-ipes-sera-falta-grave-no-enterar-aportaciones\\\/#breadcrumb\",\"itemListElement\":[{\"@type\":\"ListItem\",\"position\":1,\"name\":\"Inicio\",\"item\":\"https:\\\/\\\/fuentesfidedignas.com.mx\\\/\"},{\"@type\":\"ListItem\",\"position\":2,\"name\":\"No habr\u00e1 m\u00e1s desv\u00edo de cuotas del IPES; ser\u00e1 falta grave no enterar aportaciones\"}]},{\"@type\":\"WebSite\",\"@id\":\"https:\\\/\\\/fuentesfidedignas.com.mx\\\/#website\",\"url\":\"https:\\\/\\\/fuentesfidedignas.com.mx\\\/\",\"name\":\"Fuentes Fidedignas\",\"description\":\"Otro sitio realizado con WordPress\",\"publisher\":{\"@id\":\"https:\\\/\\\/fuentesfidedignas.com.mx\\\/#organization\"},\"potentialAction\":[{\"@type\":\"SearchAction\",\"target\":{\"@type\":\"EntryPoint\",\"urlTemplate\":\"https:\\\/\\\/fuentesfidedignas.com.mx\\\/?s={search_term_string}\"},\"query-input\":{\"@type\":\"PropertyValueSpecification\",\"valueRequired\":true,\"valueName\":\"search_term_string\"}}],\"inLanguage\":\"es\"},{\"@type\":\"Organization\",\"@id\":\"https:\\\/\\\/fuentesfidedignas.com.mx\\\/#organization\",\"name\":\"Fuentes Fidedignas\",\"url\":\"https:\\\/\\\/fuentesfidedignas.com.mx\\\/\",\"logo\":{\"@type\":\"ImageObject\",\"inLanguage\":\"es\",\"@id\":\"https:\\\/\\\/fuentesfidedignas.com.mx\\\/#\\\/schema\\\/logo\\\/image\\\/\",\"url\":\"https:\\\/\\\/fuentesfidedignas.com.mx\\\/wp-content\\\/uploads\\\/2021\\\/04\\\/logo-retina.png\",\"contentUrl\":\"https:\\\/\\\/fuentesfidedignas.com.mx\\\/wp-content\\\/uploads\\\/2021\\\/04\\\/logo-retina.png\",\"width\":280,\"height\":51,\"caption\":\"Fuentes Fidedignas\"},\"image\":{\"@id\":\"https:\\\/\\\/fuentesfidedignas.com.mx\\\/#\\\/schema\\\/logo\\\/image\\\/\"},\"sameAs\":[\"https:\\\/\\\/www.facebook.com\\\/Fuentes-Fidedignas-368234489921644\",\"https:\\\/\\\/x.com\\\/fidedignas\"]},{\"@type\":\"Person\",\"@id\":\"https:\\\/\\\/fuentesfidedignas.com.mx\\\/#\\\/schema\\\/person\\\/331be9283d37198e2acd5750279085b0\",\"name\":\"Redacci\u00f3n\",\"image\":{\"@type\":\"ImageObject\",\"inLanguage\":\"es\",\"@id\":\"https:\\\/\\\/secure.gravatar.com\\\/avatar\\\/f6d8782c11d12b2d4ad3fbb6931aeab5309937a4d6cd2fc9cfaa28a6396a5aec?s=96&d=mm&r=g\",\"url\":\"https:\\\/\\\/secure.gravatar.com\\\/avatar\\\/f6d8782c11d12b2d4ad3fbb6931aeab5309937a4d6cd2fc9cfaa28a6396a5aec?s=96&d=mm&r=g\",\"contentUrl\":\"https:\\\/\\\/secure.gravatar.com\\\/avatar\\\/f6d8782c11d12b2d4ad3fbb6931aeab5309937a4d6cd2fc9cfaa28a6396a5aec?s=96&d=mm&r=g\",\"caption\":\"Redacci\u00f3n\"},\"url\":\"https:\\\/\\\/fuentesfidedignas.com.mx\\\/index.php\\\/author\\\/redaccion\\\/\"}]}<\/script>\n<!-- \/ Yoast SEO plugin. -->","yoast_head_json":{"title":"No habr\u00e1 m\u00e1s desv\u00edo de cuotas del IPES; ser\u00e1 falta grave no enterar aportaciones - Fuentes Fidedignas","robots":{"index":"index","follow":"follow","max-snippet":"max-snippet:-1","max-image-preview":"max-image-preview:large","max-video-preview":"max-video-preview:-1"},"canonical":"https:\/\/fuentesfidedignas.com.mx\/index.php\/2023\/07\/20\/no-habra-mas-desvio-de-cuotas-del-ipes-sera-falta-grave-no-enterar-aportaciones\/","og_locale":"es_MX","og_type":"article","og_title":"No habr\u00e1 m\u00e1s desv\u00edo de cuotas del IPES; ser\u00e1 falta grave no enterar aportaciones - Fuentes Fidedignas","og_description":"Culiac\u00e1n, Sin.- El Congreso del Estado aprob\u00f3 reformas a la Ley de Responsabilidades Administrativas que establecen la austeridad, fortalecen la transparencia, combaten la corrupci\u00f3n y cataloga como falta admininistrativa grave, la omisi\u00f3n de enterar las cuotas y aportaciones, ante el Instituto de Pensiones del Estado de Sinaloa. Los servidores p\u00fablicos no podr\u00e1n disponer del servicio [&hellip;]","og_url":"https:\/\/fuentesfidedignas.com.mx\/index.php\/2023\/07\/20\/no-habra-mas-desvio-de-cuotas-del-ipes-sera-falta-grave-no-enterar-aportaciones\/","og_site_name":"Fuentes Fidedignas","article_publisher":"https:\/\/www.facebook.com\/Fuentes-Fidedignas-368234489921644","article_published_time":"2023-07-21T01:16:40+00:00","article_modified_time":"2023-07-21T01:17:32+00:00","og_image":[{"width":1024,"height":684,"url":"https:\/\/fuentesfidedignas.com.mx\/wp-content\/uploads\/2023\/07\/IMG-20230720-WA0034.jpg","type":"image\/jpeg"}],"author":"Redacci\u00f3n","twitter_card":"summary_large_image","twitter_creator":"@fidedignas","twitter_site":"@fidedignas","twitter_misc":{"Escrito por":"Redacci\u00f3n","Tiempo de lectura":"3 minutos"},"schema":{"@context":"https:\/\/schema.org","@graph":[{"@type":"Article","@id":"https:\/\/fuentesfidedignas.com.mx\/index.php\/2023\/07\/20\/no-habra-mas-desvio-de-cuotas-del-ipes-sera-falta-grave-no-enterar-aportaciones\/#article","isPartOf":{"@id":"https:\/\/fuentesfidedignas.com.mx\/index.php\/2023\/07\/20\/no-habra-mas-desvio-de-cuotas-del-ipes-sera-falta-grave-no-enterar-aportaciones\/"},"author":{"name":"Redacci\u00f3n","@id":"https:\/\/fuentesfidedignas.com.mx\/#\/schema\/person\/331be9283d37198e2acd5750279085b0"},"headline":"No habr\u00e1 m\u00e1s desv\u00edo de cuotas del IPES; ser\u00e1 falta grave no enterar aportaciones","datePublished":"2023-07-21T01:16:40+00:00","dateModified":"2023-07-21T01:17:32+00:00","mainEntityOfPage":{"@id":"https:\/\/fuentesfidedignas.com.mx\/index.php\/2023\/07\/20\/no-habra-mas-desvio-de-cuotas-del-ipes-sera-falta-grave-no-enterar-aportaciones\/"},"wordCount":638,"commentCount":0,"publisher":{"@id":"https:\/\/fuentesfidedignas.com.mx\/#organization"},"image":{"@id":"https:\/\/fuentesfidedignas.com.mx\/index.php\/2023\/07\/20\/no-habra-mas-desvio-de-cuotas-del-ipes-sera-falta-grave-no-enterar-aportaciones\/#primaryimage"},"thumbnailUrl":"https:\/\/fuentesfidedignas.com.mx\/wp-content\/uploads\/2023\/07\/IMG-20230720-WA0034.jpg","articleSection":["NOTICIAS LOCALES"],"inLanguage":"es","potentialAction":[{"@type":"CommentAction","name":"Comment","target":["https:\/\/fuentesfidedignas.com.mx\/index.php\/2023\/07\/20\/no-habra-mas-desvio-de-cuotas-del-ipes-sera-falta-grave-no-enterar-aportaciones\/#respond"]}]},{"@type":"WebPage","@id":"https:\/\/fuentesfidedignas.com.mx\/index.php\/2023\/07\/20\/no-habra-mas-desvio-de-cuotas-del-ipes-sera-falta-grave-no-enterar-aportaciones\/","url":"https:\/\/fuentesfidedignas.com.mx\/index.php\/2023\/07\/20\/no-habra-mas-desvio-de-cuotas-del-ipes-sera-falta-grave-no-enterar-aportaciones\/","name":"No habr\u00e1 m\u00e1s desv\u00edo de cuotas del IPES; ser\u00e1 falta grave no enterar aportaciones - Fuentes Fidedignas","isPartOf":{"@id":"https:\/\/fuentesfidedignas.com.mx\/#website"},"primaryImageOfPage":{"@id":"https:\/\/fuentesfidedignas.com.mx\/index.php\/2023\/07\/20\/no-habra-mas-desvio-de-cuotas-del-ipes-sera-falta-grave-no-enterar-aportaciones\/#primaryimage"},"image":{"@id":"https:\/\/fuentesfidedignas.com.mx\/index.php\/2023\/07\/20\/no-habra-mas-desvio-de-cuotas-del-ipes-sera-falta-grave-no-enterar-aportaciones\/#primaryimage"},"thumbnailUrl":"https:\/\/fuentesfidedignas.com.mx\/wp-content\/uploads\/2023\/07\/IMG-20230720-WA0034.jpg","datePublished":"2023-07-21T01:16:40+00:00","dateModified":"2023-07-21T01:17:32+00:00","breadcrumb":{"@id":"https:\/\/fuentesfidedignas.com.mx\/index.php\/2023\/07\/20\/no-habra-mas-desvio-de-cuotas-del-ipes-sera-falta-grave-no-enterar-aportaciones\/#breadcrumb"},"inLanguage":"es","potentialAction":[{"@type":"ReadAction","target":["https:\/\/fuentesfidedignas.com.mx\/index.php\/2023\/07\/20\/no-habra-mas-desvio-de-cuotas-del-ipes-sera-falta-grave-no-enterar-aportaciones\/"]}]},{"@type":"ImageObject","inLanguage":"es","@id":"https:\/\/fuentesfidedignas.com.mx\/index.php\/2023\/07\/20\/no-habra-mas-desvio-de-cuotas-del-ipes-sera-falta-grave-no-enterar-aportaciones\/#primaryimage","url":"https:\/\/fuentesfidedignas.com.mx\/wp-content\/uploads\/2023\/07\/IMG-20230720-WA0034.jpg","contentUrl":"https:\/\/fuentesfidedignas.com.mx\/wp-content\/uploads\/2023\/07\/IMG-20230720-WA0034.jpg","width":1024,"height":684},{"@type":"BreadcrumbList","@id":"https:\/\/fuentesfidedignas.com.mx\/index.php\/2023\/07\/20\/no-habra-mas-desvio-de-cuotas-del-ipes-sera-falta-grave-no-enterar-aportaciones\/#breadcrumb","itemListElement":[{"@type":"ListItem","position":1,"name":"Inicio","item":"https:\/\/fuentesfidedignas.com.mx\/"},{"@type":"ListItem","position":2,"name":"No habr\u00e1 m\u00e1s desv\u00edo de cuotas del IPES; ser\u00e1 falta grave no enterar aportaciones"}]},{"@type":"WebSite","@id":"https:\/\/fuentesfidedignas.com.mx\/#website","url":"https:\/\/fuentesfidedignas.com.mx\/","name":"Fuentes Fidedignas","description":"Otro sitio realizado con WordPress","publisher":{"@id":"https:\/\/fuentesfidedignas.com.mx\/#organization"},"potentialAction":[{"@type":"SearchAction","target":{"@type":"EntryPoint","urlTemplate":"https:\/\/fuentesfidedignas.com.mx\/?s={search_term_string}"},"query-input":{"@type":"PropertyValueSpecification","valueRequired":true,"valueName":"search_term_string"}}],"inLanguage":"es"},{"@type":"Organization","@id":"https:\/\/fuentesfidedignas.com.mx\/#organization","name":"Fuentes Fidedignas","url":"https:\/\/fuentesfidedignas.com.mx\/","logo":{"@type":"ImageObject","inLanguage":"es","@id":"https:\/\/fuentesfidedignas.com.mx\/#\/schema\/logo\/image\/","url":"https:\/\/fuentesfidedignas.com.mx\/wp-content\/uploads\/2021\/04\/logo-retina.png","contentUrl":"https:\/\/fuentesfidedignas.com.mx\/wp-content\/uploads\/2021\/04\/logo-retina.png","width":280,"height":51,"caption":"Fuentes Fidedignas"},"image":{"@id":"https:\/\/fuentesfidedignas.com.mx\/#\/schema\/logo\/image\/"},"sameAs":["https:\/\/www.facebook.com\/Fuentes-Fidedignas-368234489921644","https:\/\/x.com\/fidedignas"]},{"@type":"Person","@id":"https:\/\/fuentesfidedignas.com.mx\/#\/schema\/person\/331be9283d37198e2acd5750279085b0","name":"Redacci\u00f3n","image":{"@type":"ImageObject","inLanguage":"es","@id":"https:\/\/secure.gravatar.com\/avatar\/f6d8782c11d12b2d4ad3fbb6931aeab5309937a4d6cd2fc9cfaa28a6396a5aec?s=96&d=mm&r=g","url":"https:\/\/secure.gravatar.com\/avatar\/f6d8782c11d12b2d4ad3fbb6931aeab5309937a4d6cd2fc9cfaa28a6396a5aec?s=96&d=mm&r=g","contentUrl":"https:\/\/secure.gravatar.com\/avatar\/f6d8782c11d12b2d4ad3fbb6931aeab5309937a4d6cd2fc9cfaa28a6396a5aec?s=96&d=mm&r=g","caption":"Redacci\u00f3n"},"url":"https:\/\/fuentesfidedignas.com.mx\/index.php\/author\/redaccion\/"}]}},"_links":{"self":[{"href":"https:\/\/fuentesfidedignas.com.mx\/index.php\/wp-json\/wp\/v2\/posts\/53312","targetHints":{"allow":["GET"]}}],"collection":[{"href":"https:\/\/fuentesfidedignas.com.mx\/index.php\/wp-json\/wp\/v2\/posts"}],"about":[{"href":"https:\/\/fuentesfidedignas.com.mx\/index.php\/wp-json\/wp\/v2\/types\/post"}],"author":[{"embeddable":true,"href":"https:\/\/fuentesfidedignas.com.mx\/index.php\/wp-json\/wp\/v2\/users\/4"}],"replies":[{"embeddable":true,"href":"https:\/\/fuentesfidedignas.com.mx\/index.php\/wp-json\/wp\/v2\/comments?post=53312"}],"version-history":[{"count":1,"href":"https:\/\/fuentesfidedignas.com.mx\/index.php\/wp-json\/wp\/v2\/posts\/53312\/revisions"}],"predecessor-version":[{"id":53313,"href":"https:\/\/fuentesfidedignas.com.mx\/index.php\/wp-json\/wp\/v2\/posts\/53312\/revisions\/53313"}],"wp:featuredmedia":[{"embeddable":true,"href":"https:\/\/fuentesfidedignas.com.mx\/index.php\/wp-json\/wp\/v2\/media\/53314"}],"wp:attachment":[{"href":"https:\/\/fuentesfidedignas.com.mx\/index.php\/wp-json\/wp\/v2\/media?parent=53312"}],"wp:term":[{"taxonomy":"category","embeddable":true,"href":"https:\/\/fuentesfidedignas.com.mx\/index.php\/wp-json\/wp\/v2\/categories?post=53312"},{"taxonomy":"post_tag","embeddable":true,"href":"https:\/\/fuentesfidedignas.com.mx\/index.php\/wp-json\/wp\/v2\/tags?post=53312"}],"curies":[{"name":"wp","href":"https:\/\/api.w.org\/{rel}","templated":true}]}}