{"id":53307,"date":"2023-07-20T15:43:44","date_gmt":"2023-07-20T22:43:44","guid":{"rendered":"https:\/\/fuentesfidedignas.com.mx\/?p=53307"},"modified":"2023-07-21T11:17:45","modified_gmt":"2023-07-21T18:17:45","slug":"adan-augusto-lopez-regresa-a-sinaloa-este-fin-de-semana","status":"publish","type":"post","link":"https:\/\/fuentesfidedignas.com.mx\/index.php\/2023\/07\/20\/adan-augusto-lopez-regresa-a-sinaloa-este-fin-de-semana\/","title":{"rendered":"Ad\u00e1n Augusto L\u00f3pez regresa a Sinaloa este fin de semana"},"content":{"rendered":"\n<p><strong><em>Una de las &#8220;corcholatas&#8221; de Morena volver\u00e1 para visitar el sur del estado este s\u00e1bado 22 de julio<\/em><\/strong><\/p>\n\n\n\n<p>Culiac\u00e1n, Sin.- El aspirante a la presidencia de la Rep\u00fablica por Morena, Ad\u00e1n Augusto L\u00f3pez Hern\u00e1ndez, encabezar\u00e1 una gira de promoci\u00f3n en diversos municipios del Sur de Sinaloa el pr\u00f3ximo s\u00e1bado, inform\u00f3 el coordinador de su movimiento en el estado, Ambrocio Ch\u00e1vez.<\/p>\n\n\n\n<p>Al respecto, inform\u00f3 que estar\u00e1 <strong>este s\u00e1bado 22 de julio frente al Palacio Municipal de El Rosario a las 11:00 de la ma\u00f1ana, mientras que a las 12:00 horas en la Plaza Corona de Escuinapa.<\/strong><\/p>\n\n\n\n<figure class=\"wp-block-image size-large\"><img decoding=\"async\" width=\"749\" height=\"1024\" src=\"https:\/\/fuentesfidedignas.com.mx\/wp-content\/uploads\/2023\/07\/1000096056-749x1024.jpg\" alt=\"\" class=\"wp-image-53343\" srcset=\"https:\/\/fuentesfidedignas.com.mx\/wp-content\/uploads\/2023\/07\/1000096056-749x1024.jpg 749w, https:\/\/fuentesfidedignas.com.mx\/wp-content\/uploads\/2023\/07\/1000096056-220x300.jpg 220w, https:\/\/fuentesfidedignas.com.mx\/wp-content\/uploads\/2023\/07\/1000096056-768x1049.jpg 768w, https:\/\/fuentesfidedignas.com.mx\/wp-content\/uploads\/2023\/07\/1000096056.jpg 1062w\" sizes=\"(max-width: 749px) 100vw, 749px\" \/><\/figure>\n\n\n\n<p>Ambrocio Ch\u00e1vez se\u00f1al\u00f3 que su visita es con el objetivo de continuar llevando su mensaje a todos los rincones del pa\u00eds con el prop\u00f3sito de afianzar su posicionamiento rumbo a las encuestas internas del partido con las que se habr\u00e1 de definir al candidato oficial.<\/p>\n\n\n\n<p>El.coordinador estatal, afirm\u00f3 que el movimiento en apoyo a<strong> Ad\u00e1n Augusto L\u00f3pez <\/strong>ha ido tomando m\u00e1s relevancia a lo largo del estado de Sinaloa, lo que se ha visto reflejado en su avance en las encuestas. Por lo que se continuar\u00e1 con el trabajo de brigadeo de m\u00e1s de mil 500 voluntarios para informar a la poblaci\u00f3n para que conozca al aspirante y logre ser el elegido en la encuesta a desarrollarse 28 de agosto al 3 de septiembre.<\/p>\n","protected":false},"excerpt":{"rendered":"<p>Una de las &#8220;corcholatas&#8221; de Morena volver\u00e1 para visitar el sur del estado este s\u00e1bado 22 de julio Culiac\u00e1n, Sin.- El aspirante a la presidencia de la Rep\u00fablica por Morena, Ad\u00e1n Augusto L\u00f3pez Hern\u00e1ndez, encabezar\u00e1 una gira de promoci\u00f3n en diversos municipios del Sur de Sinaloa el pr\u00f3ximo s\u00e1bado, inform\u00f3 el coordinador de su movimiento [&hellip;]<\/p>\n","protected":false},"author":11,"featured_media":53310,"comment_status":"open","ping_status":"open","sticky":false,"template":"","format":"standard","meta":{"tdm_status":"","tdm_grid_status":"","footnotes":""},"categories":[37,1],"tags":[],"class_list":{"0":"post-53307","1":"post","2":"type-post","3":"status-publish","4":"format-standard","5":"has-post-thumbnail","7":"category-nota-principal","8":"category-sin-categoria"},"yoast_head":"<!-- This site is optimized with the Yoast SEO plugin v27.4 - https:\/\/yoast.com\/product\/yoast-seo-wordpress\/ -->\n<title>Ad\u00e1n Augusto L\u00f3pez regresa a Sinaloa este fin de semana - Fuentes Fidedignas<\/title>\n<meta name=\"robots\" content=\"index, follow, max-snippet:-1, max-image-preview:large, max-video-preview:-1\" \/>\n<link rel=\"canonical\" href=\"https:\/\/fuentesfidedignas.com.mx\/index.php\/2023\/07\/20\/adan-augusto-lopez-regresa-a-sinaloa-este-fin-de-semana\/\" \/>\n<meta property=\"og:locale\" content=\"es_MX\" \/>\n<meta property=\"og:type\" content=\"article\" \/>\n<meta property=\"og:title\" content=\"Ad\u00e1n Augusto L\u00f3pez regresa a Sinaloa este fin de semana - Fuentes Fidedignas\" \/>\n<meta property=\"og:description\" content=\"Una de las &#8220;corcholatas&#8221; de Morena volver\u00e1 para visitar el sur del estado este s\u00e1bado 22 de julio Culiac\u00e1n, Sin.- El aspirante a la presidencia de la Rep\u00fablica por Morena, Ad\u00e1n Augusto L\u00f3pez Hern\u00e1ndez, encabezar\u00e1 una gira de promoci\u00f3n en diversos municipios del Sur de Sinaloa el pr\u00f3ximo s\u00e1bado, inform\u00f3 el coordinador de su movimiento [&hellip;]\" \/>\n<meta property=\"og:url\" content=\"https:\/\/fuentesfidedignas.com.mx\/index.php\/2023\/07\/20\/adan-augusto-lopez-regresa-a-sinaloa-este-fin-de-semana\/\" \/>\n<meta property=\"og:site_name\" content=\"Fuentes Fidedignas\" \/>\n<meta property=\"article:publisher\" content=\"https:\/\/www.facebook.com\/Fuentes-Fidedignas-368234489921644\" \/>\n<meta property=\"article:published_time\" content=\"2023-07-20T22:43:44+00:00\" \/>\n<meta property=\"article:modified_time\" content=\"2023-07-21T18:17:45+00:00\" \/>\n<meta property=\"og:image\" content=\"https:\/\/fuentesfidedignas.com.mx\/wp-content\/uploads\/2023\/07\/adan-e1689892572742.jpg\" \/>\n\t<meta property=\"og:image:width\" content=\"600\" \/>\n\t<meta property=\"og:image:height\" content=\"400\" \/>\n\t<meta property=\"og:image:type\" content=\"image\/jpeg\" \/>\n<meta name=\"author\" content=\"Marissa Palafox\" \/>\n<meta name=\"twitter:card\" content=\"summary_large_image\" \/>\n<meta name=\"twitter:creator\" content=\"@fidedignas\" \/>\n<meta name=\"twitter:site\" content=\"@fidedignas\" \/>\n<meta name=\"twitter:label1\" content=\"Escrito por\" \/>\n\t<meta name=\"twitter:data1\" content=\"Marissa Palafox\" \/>\n\t<meta name=\"twitter:label2\" content=\"Tiempo de lectura\" \/>\n\t<meta name=\"twitter:data2\" content=\"2 minutos\" \/>\n<script type=\"application\/ld+json\" class=\"yoast-schema-graph\">{\"@context\":\"https:\\\/\\\/schema.org\",\"@graph\":[{\"@type\":\"Article\",\"@id\":\"https:\\\/\\\/fuentesfidedignas.com.mx\\\/index.php\\\/2023\\\/07\\\/20\\\/adan-augusto-lopez-regresa-a-sinaloa-este-fin-de-semana\\\/#article\",\"isPartOf\":{\"@id\":\"https:\\\/\\\/fuentesfidedignas.com.mx\\\/index.php\\\/2023\\\/07\\\/20\\\/adan-augusto-lopez-regresa-a-sinaloa-este-fin-de-semana\\\/\"},\"author\":{\"name\":\"Marissa Palafox\",\"@id\":\"https:\\\/\\\/fuentesfidedignas.com.mx\\\/#\\\/schema\\\/person\\\/2c10028b4a30078c05a056a215342ab9\"},\"headline\":\"Ad\u00e1n Augusto L\u00f3pez regresa a Sinaloa este fin de semana\",\"datePublished\":\"2023-07-20T22:43:44+00:00\",\"dateModified\":\"2023-07-21T18:17:45+00:00\",\"mainEntityOfPage\":{\"@id\":\"https:\\\/\\\/fuentesfidedignas.com.mx\\\/index.php\\\/2023\\\/07\\\/20\\\/adan-augusto-lopez-regresa-a-sinaloa-este-fin-de-semana\\\/\"},\"wordCount\":247,\"commentCount\":0,\"publisher\":{\"@id\":\"https:\\\/\\\/fuentesfidedignas.com.mx\\\/#organization\"},\"image\":{\"@id\":\"https:\\\/\\\/fuentesfidedignas.com.mx\\\/index.php\\\/2023\\\/07\\\/20\\\/adan-augusto-lopez-regresa-a-sinaloa-este-fin-de-semana\\\/#primaryimage\"},\"thumbnailUrl\":\"https:\\\/\\\/fuentesfidedignas.com.mx\\\/wp-content\\\/uploads\\\/2023\\\/07\\\/adan-e1689892572742.jpg\",\"articleSection\":[\"NOTA PRINCIPAL\"],\"inLanguage\":\"es\",\"potentialAction\":[{\"@type\":\"CommentAction\",\"name\":\"Comment\",\"target\":[\"https:\\\/\\\/fuentesfidedignas.com.mx\\\/index.php\\\/2023\\\/07\\\/20\\\/adan-augusto-lopez-regresa-a-sinaloa-este-fin-de-semana\\\/#respond\"]}]},{\"@type\":\"WebPage\",\"@id\":\"https:\\\/\\\/fuentesfidedignas.com.mx\\\/index.php\\\/2023\\\/07\\\/20\\\/adan-augusto-lopez-regresa-a-sinaloa-este-fin-de-semana\\\/\",\"url\":\"https:\\\/\\\/fuentesfidedignas.com.mx\\\/index.php\\\/2023\\\/07\\\/20\\\/adan-augusto-lopez-regresa-a-sinaloa-este-fin-de-semana\\\/\",\"name\":\"Ad\u00e1n Augusto L\u00f3pez regresa a Sinaloa este fin de semana - Fuentes Fidedignas\",\"isPartOf\":{\"@id\":\"https:\\\/\\\/fuentesfidedignas.com.mx\\\/#website\"},\"primaryImageOfPage\":{\"@id\":\"https:\\\/\\\/fuentesfidedignas.com.mx\\\/index.php\\\/2023\\\/07\\\/20\\\/adan-augusto-lopez-regresa-a-sinaloa-este-fin-de-semana\\\/#primaryimage\"},\"image\":{\"@id\":\"https:\\\/\\\/fuentesfidedignas.com.mx\\\/index.php\\\/2023\\\/07\\\/20\\\/adan-augusto-lopez-regresa-a-sinaloa-este-fin-de-semana\\\/#primaryimage\"},\"thumbnailUrl\":\"https:\\\/\\\/fuentesfidedignas.com.mx\\\/wp-content\\\/uploads\\\/2023\\\/07\\\/adan-e1689892572742.jpg\",\"datePublished\":\"2023-07-20T22:43:44+00:00\",\"dateModified\":\"2023-07-21T18:17:45+00:00\",\"breadcrumb\":{\"@id\":\"https:\\\/\\\/fuentesfidedignas.com.mx\\\/index.php\\\/2023\\\/07\\\/20\\\/adan-augusto-lopez-regresa-a-sinaloa-este-fin-de-semana\\\/#breadcrumb\"},\"inLanguage\":\"es\",\"potentialAction\":[{\"@type\":\"ReadAction\",\"target\":[\"https:\\\/\\\/fuentesfidedignas.com.mx\\\/index.php\\\/2023\\\/07\\\/20\\\/adan-augusto-lopez-regresa-a-sinaloa-este-fin-de-semana\\\/\"]}]},{\"@type\":\"ImageObject\",\"inLanguage\":\"es\",\"@id\":\"https:\\\/\\\/fuentesfidedignas.com.mx\\\/index.php\\\/2023\\\/07\\\/20\\\/adan-augusto-lopez-regresa-a-sinaloa-este-fin-de-semana\\\/#primaryimage\",\"url\":\"https:\\\/\\\/fuentesfidedignas.com.mx\\\/wp-content\\\/uploads\\\/2023\\\/07\\\/adan-e1689892572742.jpg\",\"contentUrl\":\"https:\\\/\\\/fuentesfidedignas.com.mx\\\/wp-content\\\/uploads\\\/2023\\\/07\\\/adan-e1689892572742.jpg\",\"width\":600,\"height\":400},{\"@type\":\"BreadcrumbList\",\"@id\":\"https:\\\/\\\/fuentesfidedignas.com.mx\\\/index.php\\\/2023\\\/07\\\/20\\\/adan-augusto-lopez-regresa-a-sinaloa-este-fin-de-semana\\\/#breadcrumb\",\"itemListElement\":[{\"@type\":\"ListItem\",\"position\":1,\"name\":\"Inicio\",\"item\":\"https:\\\/\\\/fuentesfidedignas.com.mx\\\/\"},{\"@type\":\"ListItem\",\"position\":2,\"name\":\"Ad\u00e1n Augusto L\u00f3pez regresa a Sinaloa este fin de semana\"}]},{\"@type\":\"WebSite\",\"@id\":\"https:\\\/\\\/fuentesfidedignas.com.mx\\\/#website\",\"url\":\"https:\\\/\\\/fuentesfidedignas.com.mx\\\/\",\"name\":\"Fuentes Fidedignas\",\"description\":\"Otro sitio realizado con WordPress\",\"publisher\":{\"@id\":\"https:\\\/\\\/fuentesfidedignas.com.mx\\\/#organization\"},\"potentialAction\":[{\"@type\":\"SearchAction\",\"target\":{\"@type\":\"EntryPoint\",\"urlTemplate\":\"https:\\\/\\\/fuentesfidedignas.com.mx\\\/?s={search_term_string}\"},\"query-input\":{\"@type\":\"PropertyValueSpecification\",\"valueRequired\":true,\"valueName\":\"search_term_string\"}}],\"inLanguage\":\"es\"},{\"@type\":\"Organization\",\"@id\":\"https:\\\/\\\/fuentesfidedignas.com.mx\\\/#organization\",\"name\":\"Fuentes Fidedignas\",\"url\":\"https:\\\/\\\/fuentesfidedignas.com.mx\\\/\",\"logo\":{\"@type\":\"ImageObject\",\"inLanguage\":\"es\",\"@id\":\"https:\\\/\\\/fuentesfidedignas.com.mx\\\/#\\\/schema\\\/logo\\\/image\\\/\",\"url\":\"https:\\\/\\\/fuentesfidedignas.com.mx\\\/wp-content\\\/uploads\\\/2021\\\/04\\\/logo-retina.png\",\"contentUrl\":\"https:\\\/\\\/fuentesfidedignas.com.mx\\\/wp-content\\\/uploads\\\/2021\\\/04\\\/logo-retina.png\",\"width\":280,\"height\":51,\"caption\":\"Fuentes Fidedignas\"},\"image\":{\"@id\":\"https:\\\/\\\/fuentesfidedignas.com.mx\\\/#\\\/schema\\\/logo\\\/image\\\/\"},\"sameAs\":[\"https:\\\/\\\/www.facebook.com\\\/Fuentes-Fidedignas-368234489921644\",\"https:\\\/\\\/x.com\\\/fidedignas\"]},{\"@type\":\"Person\",\"@id\":\"https:\\\/\\\/fuentesfidedignas.com.mx\\\/#\\\/schema\\\/person\\\/2c10028b4a30078c05a056a215342ab9\",\"name\":\"Marissa Palafox\",\"image\":{\"@type\":\"ImageObject\",\"inLanguage\":\"es\",\"@id\":\"https:\\\/\\\/secure.gravatar.com\\\/avatar\\\/20a43bdb2f2db10f20b22d4e98b96eb027faf98f7f76d29854dc5fab46d1cf71?s=96&d=mm&r=g\",\"url\":\"https:\\\/\\\/secure.gravatar.com\\\/avatar\\\/20a43bdb2f2db10f20b22d4e98b96eb027faf98f7f76d29854dc5fab46d1cf71?s=96&d=mm&r=g\",\"contentUrl\":\"https:\\\/\\\/secure.gravatar.com\\\/avatar\\\/20a43bdb2f2db10f20b22d4e98b96eb027faf98f7f76d29854dc5fab46d1cf71?s=96&d=mm&r=g\",\"caption\":\"Marissa Palafox\"},\"url\":\"https:\\\/\\\/fuentesfidedignas.com.mx\\\/index.php\\\/author\\\/marissa\\\/\"}]}<\/script>\n<!-- \/ Yoast SEO plugin. -->","yoast_head_json":{"title":"Ad\u00e1n Augusto L\u00f3pez regresa a Sinaloa este fin de semana - Fuentes Fidedignas","robots":{"index":"index","follow":"follow","max-snippet":"max-snippet:-1","max-image-preview":"max-image-preview:large","max-video-preview":"max-video-preview:-1"},"canonical":"https:\/\/fuentesfidedignas.com.mx\/index.php\/2023\/07\/20\/adan-augusto-lopez-regresa-a-sinaloa-este-fin-de-semana\/","og_locale":"es_MX","og_type":"article","og_title":"Ad\u00e1n Augusto L\u00f3pez regresa a Sinaloa este fin de semana - Fuentes Fidedignas","og_description":"Una de las &#8220;corcholatas&#8221; de Morena volver\u00e1 para visitar el sur del estado este s\u00e1bado 22 de julio Culiac\u00e1n, Sin.- El aspirante a la presidencia de la Rep\u00fablica por Morena, Ad\u00e1n Augusto L\u00f3pez Hern\u00e1ndez, encabezar\u00e1 una gira de promoci\u00f3n en diversos municipios del Sur de Sinaloa el pr\u00f3ximo s\u00e1bado, inform\u00f3 el coordinador de su movimiento [&hellip;]","og_url":"https:\/\/fuentesfidedignas.com.mx\/index.php\/2023\/07\/20\/adan-augusto-lopez-regresa-a-sinaloa-este-fin-de-semana\/","og_site_name":"Fuentes Fidedignas","article_publisher":"https:\/\/www.facebook.com\/Fuentes-Fidedignas-368234489921644","article_published_time":"2023-07-20T22:43:44+00:00","article_modified_time":"2023-07-21T18:17:45+00:00","og_image":[{"width":600,"height":400,"url":"https:\/\/fuentesfidedignas.com.mx\/wp-content\/uploads\/2023\/07\/adan-e1689892572742.jpg","type":"image\/jpeg"}],"author":"Marissa Palafox","twitter_card":"summary_large_image","twitter_creator":"@fidedignas","twitter_site":"@fidedignas","twitter_misc":{"Escrito por":"Marissa Palafox","Tiempo de lectura":"2 minutos"},"schema":{"@context":"https:\/\/schema.org","@graph":[{"@type":"Article","@id":"https:\/\/fuentesfidedignas.com.mx\/index.php\/2023\/07\/20\/adan-augusto-lopez-regresa-a-sinaloa-este-fin-de-semana\/#article","isPartOf":{"@id":"https:\/\/fuentesfidedignas.com.mx\/index.php\/2023\/07\/20\/adan-augusto-lopez-regresa-a-sinaloa-este-fin-de-semana\/"},"author":{"name":"Marissa Palafox","@id":"https:\/\/fuentesfidedignas.com.mx\/#\/schema\/person\/2c10028b4a30078c05a056a215342ab9"},"headline":"Ad\u00e1n Augusto L\u00f3pez regresa a Sinaloa este fin de semana","datePublished":"2023-07-20T22:43:44+00:00","dateModified":"2023-07-21T18:17:45+00:00","mainEntityOfPage":{"@id":"https:\/\/fuentesfidedignas.com.mx\/index.php\/2023\/07\/20\/adan-augusto-lopez-regresa-a-sinaloa-este-fin-de-semana\/"},"wordCount":247,"commentCount":0,"publisher":{"@id":"https:\/\/fuentesfidedignas.com.mx\/#organization"},"image":{"@id":"https:\/\/fuentesfidedignas.com.mx\/index.php\/2023\/07\/20\/adan-augusto-lopez-regresa-a-sinaloa-este-fin-de-semana\/#primaryimage"},"thumbnailUrl":"https:\/\/fuentesfidedignas.com.mx\/wp-content\/uploads\/2023\/07\/adan-e1689892572742.jpg","articleSection":["NOTA PRINCIPAL"],"inLanguage":"es","potentialAction":[{"@type":"CommentAction","name":"Comment","target":["https:\/\/fuentesfidedignas.com.mx\/index.php\/2023\/07\/20\/adan-augusto-lopez-regresa-a-sinaloa-este-fin-de-semana\/#respond"]}]},{"@type":"WebPage","@id":"https:\/\/fuentesfidedignas.com.mx\/index.php\/2023\/07\/20\/adan-augusto-lopez-regresa-a-sinaloa-este-fin-de-semana\/","url":"https:\/\/fuentesfidedignas.com.mx\/index.php\/2023\/07\/20\/adan-augusto-lopez-regresa-a-sinaloa-este-fin-de-semana\/","name":"Ad\u00e1n Augusto L\u00f3pez regresa a Sinaloa este fin de semana - Fuentes Fidedignas","isPartOf":{"@id":"https:\/\/fuentesfidedignas.com.mx\/#website"},"primaryImageOfPage":{"@id":"https:\/\/fuentesfidedignas.com.mx\/index.php\/2023\/07\/20\/adan-augusto-lopez-regresa-a-sinaloa-este-fin-de-semana\/#primaryimage"},"image":{"@id":"https:\/\/fuentesfidedignas.com.mx\/index.php\/2023\/07\/20\/adan-augusto-lopez-regresa-a-sinaloa-este-fin-de-semana\/#primaryimage"},"thumbnailUrl":"https:\/\/fuentesfidedignas.com.mx\/wp-content\/uploads\/2023\/07\/adan-e1689892572742.jpg","datePublished":"2023-07-20T22:43:44+00:00","dateModified":"2023-07-21T18:17:45+00:00","breadcrumb":{"@id":"https:\/\/fuentesfidedignas.com.mx\/index.php\/2023\/07\/20\/adan-augusto-lopez-regresa-a-sinaloa-este-fin-de-semana\/#breadcrumb"},"inLanguage":"es","potentialAction":[{"@type":"ReadAction","target":["https:\/\/fuentesfidedignas.com.mx\/index.php\/2023\/07\/20\/adan-augusto-lopez-regresa-a-sinaloa-este-fin-de-semana\/"]}]},{"@type":"ImageObject","inLanguage":"es","@id":"https:\/\/fuentesfidedignas.com.mx\/index.php\/2023\/07\/20\/adan-augusto-lopez-regresa-a-sinaloa-este-fin-de-semana\/#primaryimage","url":"https:\/\/fuentesfidedignas.com.mx\/wp-content\/uploads\/2023\/07\/adan-e1689892572742.jpg","contentUrl":"https:\/\/fuentesfidedignas.com.mx\/wp-content\/uploads\/2023\/07\/adan-e1689892572742.jpg","width":600,"height":400},{"@type":"BreadcrumbList","@id":"https:\/\/fuentesfidedignas.com.mx\/index.php\/2023\/07\/20\/adan-augusto-lopez-regresa-a-sinaloa-este-fin-de-semana\/#breadcrumb","itemListElement":[{"@type":"ListItem","position":1,"name":"Inicio","item":"https:\/\/fuentesfidedignas.com.mx\/"},{"@type":"ListItem","position":2,"name":"Ad\u00e1n Augusto L\u00f3pez regresa a Sinaloa este fin de semana"}]},{"@type":"WebSite","@id":"https:\/\/fuentesfidedignas.com.mx\/#website","url":"https:\/\/fuentesfidedignas.com.mx\/","name":"Fuentes Fidedignas","description":"Otro sitio realizado con WordPress","publisher":{"@id":"https:\/\/fuentesfidedignas.com.mx\/#organization"},"potentialAction":[{"@type":"SearchAction","target":{"@type":"EntryPoint","urlTemplate":"https:\/\/fuentesfidedignas.com.mx\/?s={search_term_string}"},"query-input":{"@type":"PropertyValueSpecification","valueRequired":true,"valueName":"search_term_string"}}],"inLanguage":"es"},{"@type":"Organization","@id":"https:\/\/fuentesfidedignas.com.mx\/#organization","name":"Fuentes Fidedignas","url":"https:\/\/fuentesfidedignas.com.mx\/","logo":{"@type":"ImageObject","inLanguage":"es","@id":"https:\/\/fuentesfidedignas.com.mx\/#\/schema\/logo\/image\/","url":"https:\/\/fuentesfidedignas.com.mx\/wp-content\/uploads\/2021\/04\/logo-retina.png","contentUrl":"https:\/\/fuentesfidedignas.com.mx\/wp-content\/uploads\/2021\/04\/logo-retina.png","width":280,"height":51,"caption":"Fuentes Fidedignas"},"image":{"@id":"https:\/\/fuentesfidedignas.com.mx\/#\/schema\/logo\/image\/"},"sameAs":["https:\/\/www.facebook.com\/Fuentes-Fidedignas-368234489921644","https:\/\/x.com\/fidedignas"]},{"@type":"Person","@id":"https:\/\/fuentesfidedignas.com.mx\/#\/schema\/person\/2c10028b4a30078c05a056a215342ab9","name":"Marissa Palafox","image":{"@type":"ImageObject","inLanguage":"es","@id":"https:\/\/secure.gravatar.com\/avatar\/20a43bdb2f2db10f20b22d4e98b96eb027faf98f7f76d29854dc5fab46d1cf71?s=96&d=mm&r=g","url":"https:\/\/secure.gravatar.com\/avatar\/20a43bdb2f2db10f20b22d4e98b96eb027faf98f7f76d29854dc5fab46d1cf71?s=96&d=mm&r=g","contentUrl":"https:\/\/secure.gravatar.com\/avatar\/20a43bdb2f2db10f20b22d4e98b96eb027faf98f7f76d29854dc5fab46d1cf71?s=96&d=mm&r=g","caption":"Marissa Palafox"},"url":"https:\/\/fuentesfidedignas.com.mx\/index.php\/author\/marissa\/"}]}},"_links":{"self":[{"href":"https:\/\/fuentesfidedignas.com.mx\/index.php\/wp-json\/wp\/v2\/posts\/53307","targetHints":{"allow":["GET"]}}],"collection":[{"href":"https:\/\/fuentesfidedignas.com.mx\/index.php\/wp-json\/wp\/v2\/posts"}],"about":[{"href":"https:\/\/fuentesfidedignas.com.mx\/index.php\/wp-json\/wp\/v2\/types\/post"}],"author":[{"embeddable":true,"href":"https:\/\/fuentesfidedignas.com.mx\/index.php\/wp-json\/wp\/v2\/users\/11"}],"replies":[{"embeddable":true,"href":"https:\/\/fuentesfidedignas.com.mx\/index.php\/wp-json\/wp\/v2\/comments?post=53307"}],"version-history":[{"count":4,"href":"https:\/\/fuentesfidedignas.com.mx\/index.php\/wp-json\/wp\/v2\/posts\/53307\/revisions"}],"predecessor-version":[{"id":53348,"href":"https:\/\/fuentesfidedignas.com.mx\/index.php\/wp-json\/wp\/v2\/posts\/53307\/revisions\/53348"}],"wp:featuredmedia":[{"embeddable":true,"href":"https:\/\/fuentesfidedignas.com.mx\/index.php\/wp-json\/wp\/v2\/media\/53310"}],"wp:attachment":[{"href":"https:\/\/fuentesfidedignas.com.mx\/index.php\/wp-json\/wp\/v2\/media?parent=53307"}],"wp:term":[{"taxonomy":"category","embeddable":true,"href":"https:\/\/fuentesfidedignas.com.mx\/index.php\/wp-json\/wp\/v2\/categories?post=53307"},{"taxonomy":"post_tag","embeddable":true,"href":"https:\/\/fuentesfidedignas.com.mx\/index.php\/wp-json\/wp\/v2\/tags?post=53307"}],"curies":[{"name":"wp","href":"https:\/\/api.w.org\/{rel}","templated":true}]}}