{"id":53303,"date":"2023-07-20T15:27:55","date_gmt":"2023-07-20T22:27:55","guid":{"rendered":"https:\/\/fuentesfidedignas.com.mx\/?p=53303"},"modified":"2023-07-20T15:35:11","modified_gmt":"2023-07-20T22:35:11","slug":"quieren-reformar-ley-organica-del-congreso-en-lo-oscurito","status":"publish","type":"post","link":"https:\/\/fuentesfidedignas.com.mx\/index.php\/2023\/07\/20\/quieren-reformar-ley-organica-del-congreso-en-lo-oscurito\/","title":{"rendered":"Quieren reformar Ley Org\u00e1nica del Congreso &#8220;en lo oscurito&#8221;: PAS"},"content":{"rendered":"\n<p><strong><em>El partido propuso un Parlamento Abierto y consultas para analizar y debatir las diversas iniciativas que conformar\u00e1n el dictamen de la reforma la Ley Org\u00e1nica<\/em><\/strong><\/p>\n\n\n\n<p>Culiac\u00e1n, Sin.- Se quiere reformar la <strong>Ley Org\u00e1nica del Congreso del Estado <\/strong>en &#8220;fast track y en lo oscurito&#8221;, ya que ni siquiera se ha hecho llegar el dictamen a la Comisi\u00f3n de Protocolo y no se realizaron consultas, acus\u00f3 el Grupo Parlamentario del Partido Sinaloense (PAS). <\/p>\n\n\n\n<p>La diputada<strong> Alba Virgen Montes \u00c1lvarez<\/strong> record\u00f3 que el presidente de la Junta de Coordinaci\u00f3n Pol\u00edtica, Feliciano Castro Mel\u00e9ndrez, ha dado a conocer en medio de comunicaci\u00f3n que se estar\u00e1 votando a final de este mismo mes el dictamen de reforma.<\/p>\n\n\n\n<p>Al respecto, la coordinadora de los legisladores del PAS, se\u00f1al\u00f3 que su partido propuso una serie de foros de consulta o reuniones para analizar y debatir las diversas iniciativas que conformar\u00e1n el dictamen de la reforma la Ley Org\u00e1nica; sin embargo, no han obtenido respuesta por parte de la JUCOPO para llevarlos a cabo.<\/p>\n\n\n\n<p>&#8220;<strong>Hasta ahorita, en la Comisi\u00f3n de Protocolo que es donde se va a discutir lo de la Ley Org\u00e1nica del Congreso, la diputada presidenta no tiene el dictamen todav\u00eda, no lo conoces. \u00bfLa est\u00e1n haciendo en lo oscurito, entonces?. Porque nosotros estamos proponiendo un Parlamento Abierto o mesas de trabajo donde estemos involucradas todas las fuerzas pol\u00edticas que tenemos iniciativas y adem\u00e1s los ciudadanos o colegios de abogados que vengan a nutrir y enriquecer esta Ley Org\u00e1nica obsoleta<\/strong>&#8220;, asever\u00f3 Montes \u00c1lvarez.  <\/p>\n\n\n\n<iframe loading=\"lazy\" src=\"https:\/\/www.facebook.com\/plugins\/video.php?height=314&#038;href=https%3A%2F%2Fwww.facebook.com%2F100050497569358%2Fvideos%2F630566575693734%2F&#038;show_text=false&#038;width=560&#038;t=0\" width=\"560\" height=\"314\" style=\"border:none;overflow:hidden\" scrolling=\"no\" frameborder=\"0\" allowfullscreen=\"true\" allow=\"autoplay; clipboard-write; encrypted-media; picture-in-picture; web-share\" allowFullScreen=\"true\"><\/iframe>\n","protected":false},"excerpt":{"rendered":"<p>El partido propuso un Parlamento Abierto y consultas para analizar y debatir las diversas iniciativas que conformar\u00e1n el dictamen de la reforma la Ley Org\u00e1nica Culiac\u00e1n, Sin.- Se quiere reformar la Ley Org\u00e1nica del Congreso del Estado en &#8220;fast track y en lo oscurito&#8221;, ya que ni siquiera se ha hecho llegar el dictamen a [&hellip;]<\/p>\n","protected":false},"author":11,"featured_media":53305,"comment_status":"open","ping_status":"open","sticky":false,"template":"","format":"standard","meta":{"tdm_status":"","tdm_grid_status":"","footnotes":""},"categories":[37],"tags":[],"class_list":{"0":"post-53303","1":"post","2":"type-post","3":"status-publish","4":"format-standard","5":"has-post-thumbnail","7":"category-nota-principal"},"yoast_head":"<!-- This site is optimized with the Yoast SEO plugin v27.4 - https:\/\/yoast.com\/product\/yoast-seo-wordpress\/ -->\n<title>Quieren reformar Ley Org\u00e1nica del Congreso &quot;en lo oscurito&quot;: PAS - Fuentes Fidedignas<\/title>\n<meta name=\"robots\" content=\"index, follow, max-snippet:-1, max-image-preview:large, max-video-preview:-1\" \/>\n<link rel=\"canonical\" href=\"https:\/\/fuentesfidedignas.com.mx\/index.php\/2023\/07\/20\/quieren-reformar-ley-organica-del-congreso-en-lo-oscurito\/\" \/>\n<meta property=\"og:locale\" content=\"es_MX\" \/>\n<meta property=\"og:type\" content=\"article\" \/>\n<meta property=\"og:title\" content=\"Quieren reformar Ley Org\u00e1nica del Congreso &quot;en lo oscurito&quot;: PAS - Fuentes Fidedignas\" \/>\n<meta property=\"og:description\" content=\"El partido propuso un Parlamento Abierto y consultas para analizar y debatir las diversas iniciativas que conformar\u00e1n el dictamen de la reforma la Ley Org\u00e1nica Culiac\u00e1n, Sin.- Se quiere reformar la Ley Org\u00e1nica del Congreso del Estado en &#8220;fast track y en lo oscurito&#8221;, ya que ni siquiera se ha hecho llegar el dictamen a [&hellip;]\" \/>\n<meta property=\"og:url\" content=\"https:\/\/fuentesfidedignas.com.mx\/index.php\/2023\/07\/20\/quieren-reformar-ley-organica-del-congreso-en-lo-oscurito\/\" \/>\n<meta property=\"og:site_name\" content=\"Fuentes Fidedignas\" \/>\n<meta property=\"article:publisher\" content=\"https:\/\/www.facebook.com\/Fuentes-Fidedignas-368234489921644\" \/>\n<meta property=\"article:published_time\" content=\"2023-07-20T22:27:55+00:00\" \/>\n<meta property=\"article:modified_time\" content=\"2023-07-20T22:35:11+00:00\" \/>\n<meta property=\"og:image\" content=\"https:\/\/fuentesfidedignas.com.mx\/wp-content\/uploads\/2023\/07\/PAS-2007223-e1689892032473.jpg\" \/>\n\t<meta property=\"og:image:width\" content=\"600\" \/>\n\t<meta property=\"og:image:height\" content=\"414\" \/>\n\t<meta property=\"og:image:type\" content=\"image\/jpeg\" \/>\n<meta name=\"author\" content=\"Marissa Palafox\" \/>\n<meta name=\"twitter:card\" content=\"summary_large_image\" \/>\n<meta name=\"twitter:creator\" content=\"@fidedignas\" \/>\n<meta name=\"twitter:site\" content=\"@fidedignas\" \/>\n<meta name=\"twitter:label1\" content=\"Escrito por\" \/>\n\t<meta name=\"twitter:data1\" content=\"Marissa Palafox\" \/>\n\t<meta name=\"twitter:label2\" content=\"Tiempo de lectura\" \/>\n\t<meta name=\"twitter:data2\" content=\"2 minutos\" \/>\n<script type=\"application\/ld+json\" class=\"yoast-schema-graph\">{\"@context\":\"https:\\\/\\\/schema.org\",\"@graph\":[{\"@type\":\"Article\",\"@id\":\"https:\\\/\\\/fuentesfidedignas.com.mx\\\/index.php\\\/2023\\\/07\\\/20\\\/quieren-reformar-ley-organica-del-congreso-en-lo-oscurito\\\/#article\",\"isPartOf\":{\"@id\":\"https:\\\/\\\/fuentesfidedignas.com.mx\\\/index.php\\\/2023\\\/07\\\/20\\\/quieren-reformar-ley-organica-del-congreso-en-lo-oscurito\\\/\"},\"author\":{\"name\":\"Marissa Palafox\",\"@id\":\"https:\\\/\\\/fuentesfidedignas.com.mx\\\/#\\\/schema\\\/person\\\/2c10028b4a30078c05a056a215342ab9\"},\"headline\":\"Quieren reformar Ley Org\u00e1nica del Congreso &#8220;en lo oscurito&#8221;: PAS\",\"datePublished\":\"2023-07-20T22:27:55+00:00\",\"dateModified\":\"2023-07-20T22:35:11+00:00\",\"mainEntityOfPage\":{\"@id\":\"https:\\\/\\\/fuentesfidedignas.com.mx\\\/index.php\\\/2023\\\/07\\\/20\\\/quieren-reformar-ley-organica-del-congreso-en-lo-oscurito\\\/\"},\"wordCount\":279,\"commentCount\":0,\"publisher\":{\"@id\":\"https:\\\/\\\/fuentesfidedignas.com.mx\\\/#organization\"},\"image\":{\"@id\":\"https:\\\/\\\/fuentesfidedignas.com.mx\\\/index.php\\\/2023\\\/07\\\/20\\\/quieren-reformar-ley-organica-del-congreso-en-lo-oscurito\\\/#primaryimage\"},\"thumbnailUrl\":\"https:\\\/\\\/fuentesfidedignas.com.mx\\\/wp-content\\\/uploads\\\/2023\\\/07\\\/PAS-2007223-e1689892032473.jpg\",\"articleSection\":[\"NOTA PRINCIPAL\"],\"inLanguage\":\"es\",\"potentialAction\":[{\"@type\":\"CommentAction\",\"name\":\"Comment\",\"target\":[\"https:\\\/\\\/fuentesfidedignas.com.mx\\\/index.php\\\/2023\\\/07\\\/20\\\/quieren-reformar-ley-organica-del-congreso-en-lo-oscurito\\\/#respond\"]}]},{\"@type\":\"WebPage\",\"@id\":\"https:\\\/\\\/fuentesfidedignas.com.mx\\\/index.php\\\/2023\\\/07\\\/20\\\/quieren-reformar-ley-organica-del-congreso-en-lo-oscurito\\\/\",\"url\":\"https:\\\/\\\/fuentesfidedignas.com.mx\\\/index.php\\\/2023\\\/07\\\/20\\\/quieren-reformar-ley-organica-del-congreso-en-lo-oscurito\\\/\",\"name\":\"Quieren reformar Ley Org\u00e1nica del Congreso \\\"en lo oscurito\\\": PAS - Fuentes Fidedignas\",\"isPartOf\":{\"@id\":\"https:\\\/\\\/fuentesfidedignas.com.mx\\\/#website\"},\"primaryImageOfPage\":{\"@id\":\"https:\\\/\\\/fuentesfidedignas.com.mx\\\/index.php\\\/2023\\\/07\\\/20\\\/quieren-reformar-ley-organica-del-congreso-en-lo-oscurito\\\/#primaryimage\"},\"image\":{\"@id\":\"https:\\\/\\\/fuentesfidedignas.com.mx\\\/index.php\\\/2023\\\/07\\\/20\\\/quieren-reformar-ley-organica-del-congreso-en-lo-oscurito\\\/#primaryimage\"},\"thumbnailUrl\":\"https:\\\/\\\/fuentesfidedignas.com.mx\\\/wp-content\\\/uploads\\\/2023\\\/07\\\/PAS-2007223-e1689892032473.jpg\",\"datePublished\":\"2023-07-20T22:27:55+00:00\",\"dateModified\":\"2023-07-20T22:35:11+00:00\",\"breadcrumb\":{\"@id\":\"https:\\\/\\\/fuentesfidedignas.com.mx\\\/index.php\\\/2023\\\/07\\\/20\\\/quieren-reformar-ley-organica-del-congreso-en-lo-oscurito\\\/#breadcrumb\"},\"inLanguage\":\"es\",\"potentialAction\":[{\"@type\":\"ReadAction\",\"target\":[\"https:\\\/\\\/fuentesfidedignas.com.mx\\\/index.php\\\/2023\\\/07\\\/20\\\/quieren-reformar-ley-organica-del-congreso-en-lo-oscurito\\\/\"]}]},{\"@type\":\"ImageObject\",\"inLanguage\":\"es\",\"@id\":\"https:\\\/\\\/fuentesfidedignas.com.mx\\\/index.php\\\/2023\\\/07\\\/20\\\/quieren-reformar-ley-organica-del-congreso-en-lo-oscurito\\\/#primaryimage\",\"url\":\"https:\\\/\\\/fuentesfidedignas.com.mx\\\/wp-content\\\/uploads\\\/2023\\\/07\\\/PAS-2007223-e1689892032473.jpg\",\"contentUrl\":\"https:\\\/\\\/fuentesfidedignas.com.mx\\\/wp-content\\\/uploads\\\/2023\\\/07\\\/PAS-2007223-e1689892032473.jpg\",\"width\":600,\"height\":414},{\"@type\":\"BreadcrumbList\",\"@id\":\"https:\\\/\\\/fuentesfidedignas.com.mx\\\/index.php\\\/2023\\\/07\\\/20\\\/quieren-reformar-ley-organica-del-congreso-en-lo-oscurito\\\/#breadcrumb\",\"itemListElement\":[{\"@type\":\"ListItem\",\"position\":1,\"name\":\"Inicio\",\"item\":\"https:\\\/\\\/fuentesfidedignas.com.mx\\\/\"},{\"@type\":\"ListItem\",\"position\":2,\"name\":\"Quieren reformar Ley Org\u00e1nica del Congreso &#8220;en lo oscurito&#8221;: PAS\"}]},{\"@type\":\"WebSite\",\"@id\":\"https:\\\/\\\/fuentesfidedignas.com.mx\\\/#website\",\"url\":\"https:\\\/\\\/fuentesfidedignas.com.mx\\\/\",\"name\":\"Fuentes Fidedignas\",\"description\":\"Otro sitio realizado con WordPress\",\"publisher\":{\"@id\":\"https:\\\/\\\/fuentesfidedignas.com.mx\\\/#organization\"},\"potentialAction\":[{\"@type\":\"SearchAction\",\"target\":{\"@type\":\"EntryPoint\",\"urlTemplate\":\"https:\\\/\\\/fuentesfidedignas.com.mx\\\/?s={search_term_string}\"},\"query-input\":{\"@type\":\"PropertyValueSpecification\",\"valueRequired\":true,\"valueName\":\"search_term_string\"}}],\"inLanguage\":\"es\"},{\"@type\":\"Organization\",\"@id\":\"https:\\\/\\\/fuentesfidedignas.com.mx\\\/#organization\",\"name\":\"Fuentes Fidedignas\",\"url\":\"https:\\\/\\\/fuentesfidedignas.com.mx\\\/\",\"logo\":{\"@type\":\"ImageObject\",\"inLanguage\":\"es\",\"@id\":\"https:\\\/\\\/fuentesfidedignas.com.mx\\\/#\\\/schema\\\/logo\\\/image\\\/\",\"url\":\"https:\\\/\\\/fuentesfidedignas.com.mx\\\/wp-content\\\/uploads\\\/2021\\\/04\\\/logo-retina.png\",\"contentUrl\":\"https:\\\/\\\/fuentesfidedignas.com.mx\\\/wp-content\\\/uploads\\\/2021\\\/04\\\/logo-retina.png\",\"width\":280,\"height\":51,\"caption\":\"Fuentes Fidedignas\"},\"image\":{\"@id\":\"https:\\\/\\\/fuentesfidedignas.com.mx\\\/#\\\/schema\\\/logo\\\/image\\\/\"},\"sameAs\":[\"https:\\\/\\\/www.facebook.com\\\/Fuentes-Fidedignas-368234489921644\",\"https:\\\/\\\/x.com\\\/fidedignas\"]},{\"@type\":\"Person\",\"@id\":\"https:\\\/\\\/fuentesfidedignas.com.mx\\\/#\\\/schema\\\/person\\\/2c10028b4a30078c05a056a215342ab9\",\"name\":\"Marissa Palafox\",\"image\":{\"@type\":\"ImageObject\",\"inLanguage\":\"es\",\"@id\":\"https:\\\/\\\/secure.gravatar.com\\\/avatar\\\/20a43bdb2f2db10f20b22d4e98b96eb027faf98f7f76d29854dc5fab46d1cf71?s=96&d=mm&r=g\",\"url\":\"https:\\\/\\\/secure.gravatar.com\\\/avatar\\\/20a43bdb2f2db10f20b22d4e98b96eb027faf98f7f76d29854dc5fab46d1cf71?s=96&d=mm&r=g\",\"contentUrl\":\"https:\\\/\\\/secure.gravatar.com\\\/avatar\\\/20a43bdb2f2db10f20b22d4e98b96eb027faf98f7f76d29854dc5fab46d1cf71?s=96&d=mm&r=g\",\"caption\":\"Marissa Palafox\"},\"url\":\"https:\\\/\\\/fuentesfidedignas.com.mx\\\/index.php\\\/author\\\/marissa\\\/\"}]}<\/script>\n<!-- \/ Yoast SEO plugin. -->","yoast_head_json":{"title":"Quieren reformar Ley Org\u00e1nica del Congreso \"en lo oscurito\": PAS - Fuentes Fidedignas","robots":{"index":"index","follow":"follow","max-snippet":"max-snippet:-1","max-image-preview":"max-image-preview:large","max-video-preview":"max-video-preview:-1"},"canonical":"https:\/\/fuentesfidedignas.com.mx\/index.php\/2023\/07\/20\/quieren-reformar-ley-organica-del-congreso-en-lo-oscurito\/","og_locale":"es_MX","og_type":"article","og_title":"Quieren reformar Ley Org\u00e1nica del Congreso \"en lo oscurito\": PAS - Fuentes Fidedignas","og_description":"El partido propuso un Parlamento Abierto y consultas para analizar y debatir las diversas iniciativas que conformar\u00e1n el dictamen de la reforma la Ley Org\u00e1nica Culiac\u00e1n, Sin.- Se quiere reformar la Ley Org\u00e1nica del Congreso del Estado en &#8220;fast track y en lo oscurito&#8221;, ya que ni siquiera se ha hecho llegar el dictamen a [&hellip;]","og_url":"https:\/\/fuentesfidedignas.com.mx\/index.php\/2023\/07\/20\/quieren-reformar-ley-organica-del-congreso-en-lo-oscurito\/","og_site_name":"Fuentes Fidedignas","article_publisher":"https:\/\/www.facebook.com\/Fuentes-Fidedignas-368234489921644","article_published_time":"2023-07-20T22:27:55+00:00","article_modified_time":"2023-07-20T22:35:11+00:00","og_image":[{"width":600,"height":414,"url":"https:\/\/fuentesfidedignas.com.mx\/wp-content\/uploads\/2023\/07\/PAS-2007223-e1689892032473.jpg","type":"image\/jpeg"}],"author":"Marissa Palafox","twitter_card":"summary_large_image","twitter_creator":"@fidedignas","twitter_site":"@fidedignas","twitter_misc":{"Escrito por":"Marissa Palafox","Tiempo de lectura":"2 minutos"},"schema":{"@context":"https:\/\/schema.org","@graph":[{"@type":"Article","@id":"https:\/\/fuentesfidedignas.com.mx\/index.php\/2023\/07\/20\/quieren-reformar-ley-organica-del-congreso-en-lo-oscurito\/#article","isPartOf":{"@id":"https:\/\/fuentesfidedignas.com.mx\/index.php\/2023\/07\/20\/quieren-reformar-ley-organica-del-congreso-en-lo-oscurito\/"},"author":{"name":"Marissa Palafox","@id":"https:\/\/fuentesfidedignas.com.mx\/#\/schema\/person\/2c10028b4a30078c05a056a215342ab9"},"headline":"Quieren reformar Ley Org\u00e1nica del Congreso &#8220;en lo oscurito&#8221;: PAS","datePublished":"2023-07-20T22:27:55+00:00","dateModified":"2023-07-20T22:35:11+00:00","mainEntityOfPage":{"@id":"https:\/\/fuentesfidedignas.com.mx\/index.php\/2023\/07\/20\/quieren-reformar-ley-organica-del-congreso-en-lo-oscurito\/"},"wordCount":279,"commentCount":0,"publisher":{"@id":"https:\/\/fuentesfidedignas.com.mx\/#organization"},"image":{"@id":"https:\/\/fuentesfidedignas.com.mx\/index.php\/2023\/07\/20\/quieren-reformar-ley-organica-del-congreso-en-lo-oscurito\/#primaryimage"},"thumbnailUrl":"https:\/\/fuentesfidedignas.com.mx\/wp-content\/uploads\/2023\/07\/PAS-2007223-e1689892032473.jpg","articleSection":["NOTA PRINCIPAL"],"inLanguage":"es","potentialAction":[{"@type":"CommentAction","name":"Comment","target":["https:\/\/fuentesfidedignas.com.mx\/index.php\/2023\/07\/20\/quieren-reformar-ley-organica-del-congreso-en-lo-oscurito\/#respond"]}]},{"@type":"WebPage","@id":"https:\/\/fuentesfidedignas.com.mx\/index.php\/2023\/07\/20\/quieren-reformar-ley-organica-del-congreso-en-lo-oscurito\/","url":"https:\/\/fuentesfidedignas.com.mx\/index.php\/2023\/07\/20\/quieren-reformar-ley-organica-del-congreso-en-lo-oscurito\/","name":"Quieren reformar Ley Org\u00e1nica del Congreso \"en lo oscurito\": PAS - Fuentes Fidedignas","isPartOf":{"@id":"https:\/\/fuentesfidedignas.com.mx\/#website"},"primaryImageOfPage":{"@id":"https:\/\/fuentesfidedignas.com.mx\/index.php\/2023\/07\/20\/quieren-reformar-ley-organica-del-congreso-en-lo-oscurito\/#primaryimage"},"image":{"@id":"https:\/\/fuentesfidedignas.com.mx\/index.php\/2023\/07\/20\/quieren-reformar-ley-organica-del-congreso-en-lo-oscurito\/#primaryimage"},"thumbnailUrl":"https:\/\/fuentesfidedignas.com.mx\/wp-content\/uploads\/2023\/07\/PAS-2007223-e1689892032473.jpg","datePublished":"2023-07-20T22:27:55+00:00","dateModified":"2023-07-20T22:35:11+00:00","breadcrumb":{"@id":"https:\/\/fuentesfidedignas.com.mx\/index.php\/2023\/07\/20\/quieren-reformar-ley-organica-del-congreso-en-lo-oscurito\/#breadcrumb"},"inLanguage":"es","potentialAction":[{"@type":"ReadAction","target":["https:\/\/fuentesfidedignas.com.mx\/index.php\/2023\/07\/20\/quieren-reformar-ley-organica-del-congreso-en-lo-oscurito\/"]}]},{"@type":"ImageObject","inLanguage":"es","@id":"https:\/\/fuentesfidedignas.com.mx\/index.php\/2023\/07\/20\/quieren-reformar-ley-organica-del-congreso-en-lo-oscurito\/#primaryimage","url":"https:\/\/fuentesfidedignas.com.mx\/wp-content\/uploads\/2023\/07\/PAS-2007223-e1689892032473.jpg","contentUrl":"https:\/\/fuentesfidedignas.com.mx\/wp-content\/uploads\/2023\/07\/PAS-2007223-e1689892032473.jpg","width":600,"height":414},{"@type":"BreadcrumbList","@id":"https:\/\/fuentesfidedignas.com.mx\/index.php\/2023\/07\/20\/quieren-reformar-ley-organica-del-congreso-en-lo-oscurito\/#breadcrumb","itemListElement":[{"@type":"ListItem","position":1,"name":"Inicio","item":"https:\/\/fuentesfidedignas.com.mx\/"},{"@type":"ListItem","position":2,"name":"Quieren reformar Ley Org\u00e1nica del Congreso &#8220;en lo oscurito&#8221;: PAS"}]},{"@type":"WebSite","@id":"https:\/\/fuentesfidedignas.com.mx\/#website","url":"https:\/\/fuentesfidedignas.com.mx\/","name":"Fuentes Fidedignas","description":"Otro sitio realizado con WordPress","publisher":{"@id":"https:\/\/fuentesfidedignas.com.mx\/#organization"},"potentialAction":[{"@type":"SearchAction","target":{"@type":"EntryPoint","urlTemplate":"https:\/\/fuentesfidedignas.com.mx\/?s={search_term_string}"},"query-input":{"@type":"PropertyValueSpecification","valueRequired":true,"valueName":"search_term_string"}}],"inLanguage":"es"},{"@type":"Organization","@id":"https:\/\/fuentesfidedignas.com.mx\/#organization","name":"Fuentes Fidedignas","url":"https:\/\/fuentesfidedignas.com.mx\/","logo":{"@type":"ImageObject","inLanguage":"es","@id":"https:\/\/fuentesfidedignas.com.mx\/#\/schema\/logo\/image\/","url":"https:\/\/fuentesfidedignas.com.mx\/wp-content\/uploads\/2021\/04\/logo-retina.png","contentUrl":"https:\/\/fuentesfidedignas.com.mx\/wp-content\/uploads\/2021\/04\/logo-retina.png","width":280,"height":51,"caption":"Fuentes Fidedignas"},"image":{"@id":"https:\/\/fuentesfidedignas.com.mx\/#\/schema\/logo\/image\/"},"sameAs":["https:\/\/www.facebook.com\/Fuentes-Fidedignas-368234489921644","https:\/\/x.com\/fidedignas"]},{"@type":"Person","@id":"https:\/\/fuentesfidedignas.com.mx\/#\/schema\/person\/2c10028b4a30078c05a056a215342ab9","name":"Marissa Palafox","image":{"@type":"ImageObject","inLanguage":"es","@id":"https:\/\/secure.gravatar.com\/avatar\/20a43bdb2f2db10f20b22d4e98b96eb027faf98f7f76d29854dc5fab46d1cf71?s=96&d=mm&r=g","url":"https:\/\/secure.gravatar.com\/avatar\/20a43bdb2f2db10f20b22d4e98b96eb027faf98f7f76d29854dc5fab46d1cf71?s=96&d=mm&r=g","contentUrl":"https:\/\/secure.gravatar.com\/avatar\/20a43bdb2f2db10f20b22d4e98b96eb027faf98f7f76d29854dc5fab46d1cf71?s=96&d=mm&r=g","caption":"Marissa Palafox"},"url":"https:\/\/fuentesfidedignas.com.mx\/index.php\/author\/marissa\/"}]}},"_links":{"self":[{"href":"https:\/\/fuentesfidedignas.com.mx\/index.php\/wp-json\/wp\/v2\/posts\/53303","targetHints":{"allow":["GET"]}}],"collection":[{"href":"https:\/\/fuentesfidedignas.com.mx\/index.php\/wp-json\/wp\/v2\/posts"}],"about":[{"href":"https:\/\/fuentesfidedignas.com.mx\/index.php\/wp-json\/wp\/v2\/types\/post"}],"author":[{"embeddable":true,"href":"https:\/\/fuentesfidedignas.com.mx\/index.php\/wp-json\/wp\/v2\/users\/11"}],"replies":[{"embeddable":true,"href":"https:\/\/fuentesfidedignas.com.mx\/index.php\/wp-json\/wp\/v2\/comments?post=53303"}],"version-history":[{"count":4,"href":"https:\/\/fuentesfidedignas.com.mx\/index.php\/wp-json\/wp\/v2\/posts\/53303\/revisions"}],"predecessor-version":[{"id":53309,"href":"https:\/\/fuentesfidedignas.com.mx\/index.php\/wp-json\/wp\/v2\/posts\/53303\/revisions\/53309"}],"wp:featuredmedia":[{"embeddable":true,"href":"https:\/\/fuentesfidedignas.com.mx\/index.php\/wp-json\/wp\/v2\/media\/53305"}],"wp:attachment":[{"href":"https:\/\/fuentesfidedignas.com.mx\/index.php\/wp-json\/wp\/v2\/media?parent=53303"}],"wp:term":[{"taxonomy":"category","embeddable":true,"href":"https:\/\/fuentesfidedignas.com.mx\/index.php\/wp-json\/wp\/v2\/categories?post=53303"},{"taxonomy":"post_tag","embeddable":true,"href":"https:\/\/fuentesfidedignas.com.mx\/index.php\/wp-json\/wp\/v2\/tags?post=53303"}],"curies":[{"name":"wp","href":"https:\/\/api.w.org\/{rel}","templated":true}]}}