{"id":53299,"date":"2023-07-20T14:58:17","date_gmt":"2023-07-20T21:58:17","guid":{"rendered":"https:\/\/fuentesfidedignas.com.mx\/?p=53299"},"modified":"2023-07-20T14:59:15","modified_gmt":"2023-07-20T21:59:15","slug":"no-rechazamos-iniciativas-por-sesgo-politico-son-improcedentes-responde-feliciano-castro-al-pas","status":"publish","type":"post","link":"https:\/\/fuentesfidedignas.com.mx\/index.php\/2023\/07\/20\/no-rechazamos-iniciativas-por-sesgo-politico-son-improcedentes-responde-feliciano-castro-al-pas\/","title":{"rendered":"No rechazamos sus iniciativas por sesgo pol\u00edtico, son improcedentes, responde Feliciano Castro al PAS"},"content":{"rendered":"\n<p><em><strong>&#8220;Se han desechado iniciativas, se han emitido dict\u00e1menes en negativo porque estamos aplicando justamente los criterios constitucionales&#8221;, se\u00f1al\u00f3 el presidente de la JUCOPO<\/strong><\/em><\/p>\n\n\n\n<p>Culiac\u00e1n, Sin.- El Grupo Parlamentario del Partido Sinaloense hace se\u00f1alamientos infundados sobre el proceso legislativo dentro del Congreso del Estado de Sinaloa. Ya que diversas iniciativas del PAS y exdiputados del mismo partido que han sido rechazadas, es derivado de una invalidez legal para que puedan ser dictaminadas a favor.<\/p>\n\n\n\n<p>As\u00ed lo asegur\u00f3 el presidente de la Junta de Coordinaci\u00f3n Pol\u00edtica (JUCOPO), Feliciano Castro Mel\u00e9ndrez: &#8220;<strong>Se han desechado iniciativas, se han emitido dict\u00e1menes en negativo porque estamos aplicando justamente los criterios constitucionales&#8221;<\/strong>.<\/p>\n\n\n\n<p>En dado caso, se\u00f1al\u00f3, el dictamen negativo por el que se quejan los legisladores pasistas fue de iniciativas de dos ciudadanos, Ang\u00e9lica D\u00edaz Qui\u00f1\u00f3nez y V\u00edctor Antonio Corrales Burgue\u00f1o, quienes a pesar de haber formado parte de ese Grupo Parlamentario la presentaron en calidad de civiles.<\/p>\n\n\n\n<p>&#8220;<strong>Todo aquel dictamen o iniciativa que no corresponda a las disposiciones y al sentido que marca la Constituci\u00f3n, ser\u00e1 votado en sentido negativo. Toda aquella iniciativa o dictamen cuya competencia sea de los \u00e1mbitos federales, lo vamos a desechar como negativo. As\u00ed como lo que no corresponda a los convenios signados por M\u00e9xico en tratados internacionales<\/strong>&#8220;, se\u00f1al\u00f3 el presidente de JUCOPO. <\/p>\n\n\n\n<iframe loading=\"lazy\" src=\"https:\/\/www.facebook.com\/plugins\/video.php?height=314&#038;href=https%3A%2F%2Fwww.facebook.com%2F100050497569358%2Fvideos%2F1057599031878124%2F&#038;show_text=false&#038;width=560&#038;t=0\" width=\"560\" height=\"314\" style=\"border:none;overflow:hidden\" scrolling=\"no\" frameborder=\"0\" allowfullscreen=\"true\" allow=\"autoplay; clipboard-write; encrypted-media; picture-in-picture; web-share\" allowFullScreen=\"true\"><\/iframe>\n","protected":false},"excerpt":{"rendered":"<p>&#8220;Se han desechado iniciativas, se han emitido dict\u00e1menes en negativo porque estamos aplicando justamente los criterios constitucionales&#8221;, se\u00f1al\u00f3 el presidente de la JUCOPO Culiac\u00e1n, Sin.- El Grupo Parlamentario del Partido Sinaloense hace se\u00f1alamientos infundados sobre el proceso legislativo dentro del Congreso del Estado de Sinaloa. Ya que diversas iniciativas del PAS y exdiputados del mismo [&hellip;]<\/p>\n","protected":false},"author":11,"featured_media":53300,"comment_status":"open","ping_status":"open","sticky":false,"template":"","format":"standard","meta":{"tdm_status":"","tdm_grid_status":"","footnotes":""},"categories":[38],"tags":[],"class_list":{"0":"post-53299","1":"post","2":"type-post","3":"status-publish","4":"format-standard","5":"has-post-thumbnail","7":"category-noticias-locales"},"yoast_head":"<!-- This site is optimized with the Yoast SEO plugin v27.4 - https:\/\/yoast.com\/product\/yoast-seo-wordpress\/ -->\n<title>No rechazamos sus iniciativas por sesgo pol\u00edtico, son improcedentes, responde Feliciano Castro al PAS - Fuentes Fidedignas<\/title>\n<meta name=\"robots\" content=\"index, follow, max-snippet:-1, max-image-preview:large, max-video-preview:-1\" \/>\n<link rel=\"canonical\" href=\"https:\/\/fuentesfidedignas.com.mx\/index.php\/2023\/07\/20\/no-rechazamos-iniciativas-por-sesgo-politico-son-improcedentes-responde-feliciano-castro-al-pas\/\" \/>\n<meta property=\"og:locale\" content=\"es_MX\" \/>\n<meta property=\"og:type\" content=\"article\" \/>\n<meta property=\"og:title\" content=\"No rechazamos sus iniciativas por sesgo pol\u00edtico, son improcedentes, responde Feliciano Castro al PAS - Fuentes Fidedignas\" \/>\n<meta property=\"og:description\" content=\"&#8220;Se han desechado iniciativas, se han emitido dict\u00e1menes en negativo porque estamos aplicando justamente los criterios constitucionales&#8221;, se\u00f1al\u00f3 el presidente de la JUCOPO Culiac\u00e1n, Sin.- El Grupo Parlamentario del Partido Sinaloense hace se\u00f1alamientos infundados sobre el proceso legislativo dentro del Congreso del Estado de Sinaloa. Ya que diversas iniciativas del PAS y exdiputados del mismo [&hellip;]\" \/>\n<meta property=\"og:url\" content=\"https:\/\/fuentesfidedignas.com.mx\/index.php\/2023\/07\/20\/no-rechazamos-iniciativas-por-sesgo-politico-son-improcedentes-responde-feliciano-castro-al-pas\/\" \/>\n<meta property=\"og:site_name\" content=\"Fuentes Fidedignas\" \/>\n<meta property=\"article:publisher\" content=\"https:\/\/www.facebook.com\/Fuentes-Fidedignas-368234489921644\" \/>\n<meta property=\"article:published_time\" content=\"2023-07-20T21:58:17+00:00\" \/>\n<meta property=\"article:modified_time\" content=\"2023-07-20T21:59:15+00:00\" \/>\n<meta property=\"og:image\" content=\"https:\/\/fuentesfidedignas.com.mx\/wp-content\/uploads\/2023\/07\/feliciano-200723-e1689890287999.jpg\" \/>\n\t<meta property=\"og:image:width\" content=\"600\" \/>\n\t<meta property=\"og:image:height\" content=\"383\" \/>\n\t<meta property=\"og:image:type\" content=\"image\/jpeg\" \/>\n<meta name=\"author\" content=\"Marissa Palafox\" \/>\n<meta name=\"twitter:card\" content=\"summary_large_image\" \/>\n<meta name=\"twitter:creator\" content=\"@fidedignas\" \/>\n<meta name=\"twitter:site\" content=\"@fidedignas\" \/>\n<meta name=\"twitter:label1\" content=\"Escrito por\" \/>\n\t<meta name=\"twitter:data1\" content=\"Marissa Palafox\" \/>\n\t<meta name=\"twitter:label2\" content=\"Tiempo de lectura\" \/>\n\t<meta name=\"twitter:data2\" content=\"1 minuto\" \/>\n<script type=\"application\/ld+json\" class=\"yoast-schema-graph\">{\"@context\":\"https:\\\/\\\/schema.org\",\"@graph\":[{\"@type\":\"Article\",\"@id\":\"https:\\\/\\\/fuentesfidedignas.com.mx\\\/index.php\\\/2023\\\/07\\\/20\\\/no-rechazamos-iniciativas-por-sesgo-politico-son-improcedentes-responde-feliciano-castro-al-pas\\\/#article\",\"isPartOf\":{\"@id\":\"https:\\\/\\\/fuentesfidedignas.com.mx\\\/index.php\\\/2023\\\/07\\\/20\\\/no-rechazamos-iniciativas-por-sesgo-politico-son-improcedentes-responde-feliciano-castro-al-pas\\\/\"},\"author\":{\"name\":\"Marissa Palafox\",\"@id\":\"https:\\\/\\\/fuentesfidedignas.com.mx\\\/#\\\/schema\\\/person\\\/2c10028b4a30078c05a056a215342ab9\"},\"headline\":\"No rechazamos sus iniciativas por sesgo pol\u00edtico, son improcedentes, responde Feliciano Castro al PAS\",\"datePublished\":\"2023-07-20T21:58:17+00:00\",\"dateModified\":\"2023-07-20T21:59:15+00:00\",\"mainEntityOfPage\":{\"@id\":\"https:\\\/\\\/fuentesfidedignas.com.mx\\\/index.php\\\/2023\\\/07\\\/20\\\/no-rechazamos-iniciativas-por-sesgo-politico-son-improcedentes-responde-feliciano-castro-al-pas\\\/\"},\"wordCount\":245,\"commentCount\":0,\"publisher\":{\"@id\":\"https:\\\/\\\/fuentesfidedignas.com.mx\\\/#organization\"},\"image\":{\"@id\":\"https:\\\/\\\/fuentesfidedignas.com.mx\\\/index.php\\\/2023\\\/07\\\/20\\\/no-rechazamos-iniciativas-por-sesgo-politico-son-improcedentes-responde-feliciano-castro-al-pas\\\/#primaryimage\"},\"thumbnailUrl\":\"https:\\\/\\\/fuentesfidedignas.com.mx\\\/wp-content\\\/uploads\\\/2023\\\/07\\\/feliciano-200723-e1689890287999.jpg\",\"articleSection\":[\"NOTICIAS LOCALES\"],\"inLanguage\":\"es\",\"potentialAction\":[{\"@type\":\"CommentAction\",\"name\":\"Comment\",\"target\":[\"https:\\\/\\\/fuentesfidedignas.com.mx\\\/index.php\\\/2023\\\/07\\\/20\\\/no-rechazamos-iniciativas-por-sesgo-politico-son-improcedentes-responde-feliciano-castro-al-pas\\\/#respond\"]}]},{\"@type\":\"WebPage\",\"@id\":\"https:\\\/\\\/fuentesfidedignas.com.mx\\\/index.php\\\/2023\\\/07\\\/20\\\/no-rechazamos-iniciativas-por-sesgo-politico-son-improcedentes-responde-feliciano-castro-al-pas\\\/\",\"url\":\"https:\\\/\\\/fuentesfidedignas.com.mx\\\/index.php\\\/2023\\\/07\\\/20\\\/no-rechazamos-iniciativas-por-sesgo-politico-son-improcedentes-responde-feliciano-castro-al-pas\\\/\",\"name\":\"No rechazamos sus iniciativas por sesgo pol\u00edtico, son improcedentes, responde Feliciano Castro al PAS - Fuentes Fidedignas\",\"isPartOf\":{\"@id\":\"https:\\\/\\\/fuentesfidedignas.com.mx\\\/#website\"},\"primaryImageOfPage\":{\"@id\":\"https:\\\/\\\/fuentesfidedignas.com.mx\\\/index.php\\\/2023\\\/07\\\/20\\\/no-rechazamos-iniciativas-por-sesgo-politico-son-improcedentes-responde-feliciano-castro-al-pas\\\/#primaryimage\"},\"image\":{\"@id\":\"https:\\\/\\\/fuentesfidedignas.com.mx\\\/index.php\\\/2023\\\/07\\\/20\\\/no-rechazamos-iniciativas-por-sesgo-politico-son-improcedentes-responde-feliciano-castro-al-pas\\\/#primaryimage\"},\"thumbnailUrl\":\"https:\\\/\\\/fuentesfidedignas.com.mx\\\/wp-content\\\/uploads\\\/2023\\\/07\\\/feliciano-200723-e1689890287999.jpg\",\"datePublished\":\"2023-07-20T21:58:17+00:00\",\"dateModified\":\"2023-07-20T21:59:15+00:00\",\"breadcrumb\":{\"@id\":\"https:\\\/\\\/fuentesfidedignas.com.mx\\\/index.php\\\/2023\\\/07\\\/20\\\/no-rechazamos-iniciativas-por-sesgo-politico-son-improcedentes-responde-feliciano-castro-al-pas\\\/#breadcrumb\"},\"inLanguage\":\"es\",\"potentialAction\":[{\"@type\":\"ReadAction\",\"target\":[\"https:\\\/\\\/fuentesfidedignas.com.mx\\\/index.php\\\/2023\\\/07\\\/20\\\/no-rechazamos-iniciativas-por-sesgo-politico-son-improcedentes-responde-feliciano-castro-al-pas\\\/\"]}]},{\"@type\":\"ImageObject\",\"inLanguage\":\"es\",\"@id\":\"https:\\\/\\\/fuentesfidedignas.com.mx\\\/index.php\\\/2023\\\/07\\\/20\\\/no-rechazamos-iniciativas-por-sesgo-politico-son-improcedentes-responde-feliciano-castro-al-pas\\\/#primaryimage\",\"url\":\"https:\\\/\\\/fuentesfidedignas.com.mx\\\/wp-content\\\/uploads\\\/2023\\\/07\\\/feliciano-200723-e1689890287999.jpg\",\"contentUrl\":\"https:\\\/\\\/fuentesfidedignas.com.mx\\\/wp-content\\\/uploads\\\/2023\\\/07\\\/feliciano-200723-e1689890287999.jpg\",\"width\":600,\"height\":383},{\"@type\":\"BreadcrumbList\",\"@id\":\"https:\\\/\\\/fuentesfidedignas.com.mx\\\/index.php\\\/2023\\\/07\\\/20\\\/no-rechazamos-iniciativas-por-sesgo-politico-son-improcedentes-responde-feliciano-castro-al-pas\\\/#breadcrumb\",\"itemListElement\":[{\"@type\":\"ListItem\",\"position\":1,\"name\":\"Inicio\",\"item\":\"https:\\\/\\\/fuentesfidedignas.com.mx\\\/\"},{\"@type\":\"ListItem\",\"position\":2,\"name\":\"No rechazamos sus iniciativas por sesgo pol\u00edtico, son improcedentes, responde Feliciano Castro al PAS\"}]},{\"@type\":\"WebSite\",\"@id\":\"https:\\\/\\\/fuentesfidedignas.com.mx\\\/#website\",\"url\":\"https:\\\/\\\/fuentesfidedignas.com.mx\\\/\",\"name\":\"Fuentes Fidedignas\",\"description\":\"Otro sitio realizado con WordPress\",\"publisher\":{\"@id\":\"https:\\\/\\\/fuentesfidedignas.com.mx\\\/#organization\"},\"potentialAction\":[{\"@type\":\"SearchAction\",\"target\":{\"@type\":\"EntryPoint\",\"urlTemplate\":\"https:\\\/\\\/fuentesfidedignas.com.mx\\\/?s={search_term_string}\"},\"query-input\":{\"@type\":\"PropertyValueSpecification\",\"valueRequired\":true,\"valueName\":\"search_term_string\"}}],\"inLanguage\":\"es\"},{\"@type\":\"Organization\",\"@id\":\"https:\\\/\\\/fuentesfidedignas.com.mx\\\/#organization\",\"name\":\"Fuentes Fidedignas\",\"url\":\"https:\\\/\\\/fuentesfidedignas.com.mx\\\/\",\"logo\":{\"@type\":\"ImageObject\",\"inLanguage\":\"es\",\"@id\":\"https:\\\/\\\/fuentesfidedignas.com.mx\\\/#\\\/schema\\\/logo\\\/image\\\/\",\"url\":\"https:\\\/\\\/fuentesfidedignas.com.mx\\\/wp-content\\\/uploads\\\/2021\\\/04\\\/logo-retina.png\",\"contentUrl\":\"https:\\\/\\\/fuentesfidedignas.com.mx\\\/wp-content\\\/uploads\\\/2021\\\/04\\\/logo-retina.png\",\"width\":280,\"height\":51,\"caption\":\"Fuentes Fidedignas\"},\"image\":{\"@id\":\"https:\\\/\\\/fuentesfidedignas.com.mx\\\/#\\\/schema\\\/logo\\\/image\\\/\"},\"sameAs\":[\"https:\\\/\\\/www.facebook.com\\\/Fuentes-Fidedignas-368234489921644\",\"https:\\\/\\\/x.com\\\/fidedignas\"]},{\"@type\":\"Person\",\"@id\":\"https:\\\/\\\/fuentesfidedignas.com.mx\\\/#\\\/schema\\\/person\\\/2c10028b4a30078c05a056a215342ab9\",\"name\":\"Marissa Palafox\",\"image\":{\"@type\":\"ImageObject\",\"inLanguage\":\"es\",\"@id\":\"https:\\\/\\\/secure.gravatar.com\\\/avatar\\\/20a43bdb2f2db10f20b22d4e98b96eb027faf98f7f76d29854dc5fab46d1cf71?s=96&d=mm&r=g\",\"url\":\"https:\\\/\\\/secure.gravatar.com\\\/avatar\\\/20a43bdb2f2db10f20b22d4e98b96eb027faf98f7f76d29854dc5fab46d1cf71?s=96&d=mm&r=g\",\"contentUrl\":\"https:\\\/\\\/secure.gravatar.com\\\/avatar\\\/20a43bdb2f2db10f20b22d4e98b96eb027faf98f7f76d29854dc5fab46d1cf71?s=96&d=mm&r=g\",\"caption\":\"Marissa Palafox\"},\"url\":\"https:\\\/\\\/fuentesfidedignas.com.mx\\\/index.php\\\/author\\\/marissa\\\/\"}]}<\/script>\n<!-- \/ Yoast SEO plugin. -->","yoast_head_json":{"title":"No rechazamos sus iniciativas por sesgo pol\u00edtico, son improcedentes, responde Feliciano Castro al PAS - Fuentes Fidedignas","robots":{"index":"index","follow":"follow","max-snippet":"max-snippet:-1","max-image-preview":"max-image-preview:large","max-video-preview":"max-video-preview:-1"},"canonical":"https:\/\/fuentesfidedignas.com.mx\/index.php\/2023\/07\/20\/no-rechazamos-iniciativas-por-sesgo-politico-son-improcedentes-responde-feliciano-castro-al-pas\/","og_locale":"es_MX","og_type":"article","og_title":"No rechazamos sus iniciativas por sesgo pol\u00edtico, son improcedentes, responde Feliciano Castro al PAS - Fuentes Fidedignas","og_description":"&#8220;Se han desechado iniciativas, se han emitido dict\u00e1menes en negativo porque estamos aplicando justamente los criterios constitucionales&#8221;, se\u00f1al\u00f3 el presidente de la JUCOPO Culiac\u00e1n, Sin.- El Grupo Parlamentario del Partido Sinaloense hace se\u00f1alamientos infundados sobre el proceso legislativo dentro del Congreso del Estado de Sinaloa. Ya que diversas iniciativas del PAS y exdiputados del mismo [&hellip;]","og_url":"https:\/\/fuentesfidedignas.com.mx\/index.php\/2023\/07\/20\/no-rechazamos-iniciativas-por-sesgo-politico-son-improcedentes-responde-feliciano-castro-al-pas\/","og_site_name":"Fuentes Fidedignas","article_publisher":"https:\/\/www.facebook.com\/Fuentes-Fidedignas-368234489921644","article_published_time":"2023-07-20T21:58:17+00:00","article_modified_time":"2023-07-20T21:59:15+00:00","og_image":[{"width":600,"height":383,"url":"https:\/\/fuentesfidedignas.com.mx\/wp-content\/uploads\/2023\/07\/feliciano-200723-e1689890287999.jpg","type":"image\/jpeg"}],"author":"Marissa Palafox","twitter_card":"summary_large_image","twitter_creator":"@fidedignas","twitter_site":"@fidedignas","twitter_misc":{"Escrito por":"Marissa Palafox","Tiempo de lectura":"1 minuto"},"schema":{"@context":"https:\/\/schema.org","@graph":[{"@type":"Article","@id":"https:\/\/fuentesfidedignas.com.mx\/index.php\/2023\/07\/20\/no-rechazamos-iniciativas-por-sesgo-politico-son-improcedentes-responde-feliciano-castro-al-pas\/#article","isPartOf":{"@id":"https:\/\/fuentesfidedignas.com.mx\/index.php\/2023\/07\/20\/no-rechazamos-iniciativas-por-sesgo-politico-son-improcedentes-responde-feliciano-castro-al-pas\/"},"author":{"name":"Marissa Palafox","@id":"https:\/\/fuentesfidedignas.com.mx\/#\/schema\/person\/2c10028b4a30078c05a056a215342ab9"},"headline":"No rechazamos sus iniciativas por sesgo pol\u00edtico, son improcedentes, responde Feliciano Castro al PAS","datePublished":"2023-07-20T21:58:17+00:00","dateModified":"2023-07-20T21:59:15+00:00","mainEntityOfPage":{"@id":"https:\/\/fuentesfidedignas.com.mx\/index.php\/2023\/07\/20\/no-rechazamos-iniciativas-por-sesgo-politico-son-improcedentes-responde-feliciano-castro-al-pas\/"},"wordCount":245,"commentCount":0,"publisher":{"@id":"https:\/\/fuentesfidedignas.com.mx\/#organization"},"image":{"@id":"https:\/\/fuentesfidedignas.com.mx\/index.php\/2023\/07\/20\/no-rechazamos-iniciativas-por-sesgo-politico-son-improcedentes-responde-feliciano-castro-al-pas\/#primaryimage"},"thumbnailUrl":"https:\/\/fuentesfidedignas.com.mx\/wp-content\/uploads\/2023\/07\/feliciano-200723-e1689890287999.jpg","articleSection":["NOTICIAS LOCALES"],"inLanguage":"es","potentialAction":[{"@type":"CommentAction","name":"Comment","target":["https:\/\/fuentesfidedignas.com.mx\/index.php\/2023\/07\/20\/no-rechazamos-iniciativas-por-sesgo-politico-son-improcedentes-responde-feliciano-castro-al-pas\/#respond"]}]},{"@type":"WebPage","@id":"https:\/\/fuentesfidedignas.com.mx\/index.php\/2023\/07\/20\/no-rechazamos-iniciativas-por-sesgo-politico-son-improcedentes-responde-feliciano-castro-al-pas\/","url":"https:\/\/fuentesfidedignas.com.mx\/index.php\/2023\/07\/20\/no-rechazamos-iniciativas-por-sesgo-politico-son-improcedentes-responde-feliciano-castro-al-pas\/","name":"No rechazamos sus iniciativas por sesgo pol\u00edtico, son improcedentes, responde Feliciano Castro al PAS - Fuentes Fidedignas","isPartOf":{"@id":"https:\/\/fuentesfidedignas.com.mx\/#website"},"primaryImageOfPage":{"@id":"https:\/\/fuentesfidedignas.com.mx\/index.php\/2023\/07\/20\/no-rechazamos-iniciativas-por-sesgo-politico-son-improcedentes-responde-feliciano-castro-al-pas\/#primaryimage"},"image":{"@id":"https:\/\/fuentesfidedignas.com.mx\/index.php\/2023\/07\/20\/no-rechazamos-iniciativas-por-sesgo-politico-son-improcedentes-responde-feliciano-castro-al-pas\/#primaryimage"},"thumbnailUrl":"https:\/\/fuentesfidedignas.com.mx\/wp-content\/uploads\/2023\/07\/feliciano-200723-e1689890287999.jpg","datePublished":"2023-07-20T21:58:17+00:00","dateModified":"2023-07-20T21:59:15+00:00","breadcrumb":{"@id":"https:\/\/fuentesfidedignas.com.mx\/index.php\/2023\/07\/20\/no-rechazamos-iniciativas-por-sesgo-politico-son-improcedentes-responde-feliciano-castro-al-pas\/#breadcrumb"},"inLanguage":"es","potentialAction":[{"@type":"ReadAction","target":["https:\/\/fuentesfidedignas.com.mx\/index.php\/2023\/07\/20\/no-rechazamos-iniciativas-por-sesgo-politico-son-improcedentes-responde-feliciano-castro-al-pas\/"]}]},{"@type":"ImageObject","inLanguage":"es","@id":"https:\/\/fuentesfidedignas.com.mx\/index.php\/2023\/07\/20\/no-rechazamos-iniciativas-por-sesgo-politico-son-improcedentes-responde-feliciano-castro-al-pas\/#primaryimage","url":"https:\/\/fuentesfidedignas.com.mx\/wp-content\/uploads\/2023\/07\/feliciano-200723-e1689890287999.jpg","contentUrl":"https:\/\/fuentesfidedignas.com.mx\/wp-content\/uploads\/2023\/07\/feliciano-200723-e1689890287999.jpg","width":600,"height":383},{"@type":"BreadcrumbList","@id":"https:\/\/fuentesfidedignas.com.mx\/index.php\/2023\/07\/20\/no-rechazamos-iniciativas-por-sesgo-politico-son-improcedentes-responde-feliciano-castro-al-pas\/#breadcrumb","itemListElement":[{"@type":"ListItem","position":1,"name":"Inicio","item":"https:\/\/fuentesfidedignas.com.mx\/"},{"@type":"ListItem","position":2,"name":"No rechazamos sus iniciativas por sesgo pol\u00edtico, son improcedentes, responde Feliciano Castro al PAS"}]},{"@type":"WebSite","@id":"https:\/\/fuentesfidedignas.com.mx\/#website","url":"https:\/\/fuentesfidedignas.com.mx\/","name":"Fuentes Fidedignas","description":"Otro sitio realizado con WordPress","publisher":{"@id":"https:\/\/fuentesfidedignas.com.mx\/#organization"},"potentialAction":[{"@type":"SearchAction","target":{"@type":"EntryPoint","urlTemplate":"https:\/\/fuentesfidedignas.com.mx\/?s={search_term_string}"},"query-input":{"@type":"PropertyValueSpecification","valueRequired":true,"valueName":"search_term_string"}}],"inLanguage":"es"},{"@type":"Organization","@id":"https:\/\/fuentesfidedignas.com.mx\/#organization","name":"Fuentes Fidedignas","url":"https:\/\/fuentesfidedignas.com.mx\/","logo":{"@type":"ImageObject","inLanguage":"es","@id":"https:\/\/fuentesfidedignas.com.mx\/#\/schema\/logo\/image\/","url":"https:\/\/fuentesfidedignas.com.mx\/wp-content\/uploads\/2021\/04\/logo-retina.png","contentUrl":"https:\/\/fuentesfidedignas.com.mx\/wp-content\/uploads\/2021\/04\/logo-retina.png","width":280,"height":51,"caption":"Fuentes Fidedignas"},"image":{"@id":"https:\/\/fuentesfidedignas.com.mx\/#\/schema\/logo\/image\/"},"sameAs":["https:\/\/www.facebook.com\/Fuentes-Fidedignas-368234489921644","https:\/\/x.com\/fidedignas"]},{"@type":"Person","@id":"https:\/\/fuentesfidedignas.com.mx\/#\/schema\/person\/2c10028b4a30078c05a056a215342ab9","name":"Marissa Palafox","image":{"@type":"ImageObject","inLanguage":"es","@id":"https:\/\/secure.gravatar.com\/avatar\/20a43bdb2f2db10f20b22d4e98b96eb027faf98f7f76d29854dc5fab46d1cf71?s=96&d=mm&r=g","url":"https:\/\/secure.gravatar.com\/avatar\/20a43bdb2f2db10f20b22d4e98b96eb027faf98f7f76d29854dc5fab46d1cf71?s=96&d=mm&r=g","contentUrl":"https:\/\/secure.gravatar.com\/avatar\/20a43bdb2f2db10f20b22d4e98b96eb027faf98f7f76d29854dc5fab46d1cf71?s=96&d=mm&r=g","caption":"Marissa Palafox"},"url":"https:\/\/fuentesfidedignas.com.mx\/index.php\/author\/marissa\/"}]}},"_links":{"self":[{"href":"https:\/\/fuentesfidedignas.com.mx\/index.php\/wp-json\/wp\/v2\/posts\/53299","targetHints":{"allow":["GET"]}}],"collection":[{"href":"https:\/\/fuentesfidedignas.com.mx\/index.php\/wp-json\/wp\/v2\/posts"}],"about":[{"href":"https:\/\/fuentesfidedignas.com.mx\/index.php\/wp-json\/wp\/v2\/types\/post"}],"author":[{"embeddable":true,"href":"https:\/\/fuentesfidedignas.com.mx\/index.php\/wp-json\/wp\/v2\/users\/11"}],"replies":[{"embeddable":true,"href":"https:\/\/fuentesfidedignas.com.mx\/index.php\/wp-json\/wp\/v2\/comments?post=53299"}],"version-history":[{"count":2,"href":"https:\/\/fuentesfidedignas.com.mx\/index.php\/wp-json\/wp\/v2\/posts\/53299\/revisions"}],"predecessor-version":[{"id":53302,"href":"https:\/\/fuentesfidedignas.com.mx\/index.php\/wp-json\/wp\/v2\/posts\/53299\/revisions\/53302"}],"wp:featuredmedia":[{"embeddable":true,"href":"https:\/\/fuentesfidedignas.com.mx\/index.php\/wp-json\/wp\/v2\/media\/53300"}],"wp:attachment":[{"href":"https:\/\/fuentesfidedignas.com.mx\/index.php\/wp-json\/wp\/v2\/media?parent=53299"}],"wp:term":[{"taxonomy":"category","embeddable":true,"href":"https:\/\/fuentesfidedignas.com.mx\/index.php\/wp-json\/wp\/v2\/categories?post=53299"},{"taxonomy":"post_tag","embeddable":true,"href":"https:\/\/fuentesfidedignas.com.mx\/index.php\/wp-json\/wp\/v2\/tags?post=53299"}],"curies":[{"name":"wp","href":"https:\/\/api.w.org\/{rel}","templated":true}]}}