{"id":5329,"date":"2021-06-18T10:01:14","date_gmt":"2021-06-18T17:01:14","guid":{"rendered":"https:\/\/fuentesfidedignas.com.mx\/?p=5329"},"modified":"2021-06-18T12:08:12","modified_gmt":"2021-06-18T19:08:12","slug":"gestiona-rocha-moya-apoyos-en-segalmex-para-agricultores-y-ganaderos","status":"publish","type":"post","link":"https:\/\/fuentesfidedignas.com.mx\/index.php\/2021\/06\/18\/gestiona-rocha-moya-apoyos-en-segalmex-para-agricultores-y-ganaderos\/","title":{"rendered":"Gestiona Rocha Moya apoyos en Segalmex para agricultores y ganaderos"},"content":{"rendered":"\n<p><strong><em>El gobernador electo de Sinaloa se reuni\u00f3 con el titular Ignacio Ovalle, en busca de opciones que mejoren la productividad y comercializaci\u00f3n del sector agroalimentario sinaloense.<\/em><\/strong><\/p>\n\n\n\n<p>Ciudad de M\u00e9xico. \u2013 Con la finalidad de favorecer la productividad y comercializaci\u00f3n del sector agroalimentario de Sinaloa, el gobernador electo Rub\u00e9n Rocha Moya, se reuni\u00f3 con el director general de Seguridad Alimentaria Mexicana (SEGALMEX), Ignacio Ovalle Fern\u00e1ndez, en el marco de una gira de trabajo que realiza por la Ciudad de M\u00e9xico.<\/p>\n\n\n\n<p>En la reuni\u00f3n con el titular de este organismo descentralizado de la Secretar\u00eda de Agricultura y Desarrollo Rural, Rocha Moya trat\u00f3 temas trascendentales para el estado, como los apoyos para comercializar productos derivados de los sectores agr\u00edcola y ganadero.<\/p>\n\n\n\n<p>&#8220;Tal como lo hice siendo Senador de la Rep\u00fablica y con el compromiso que establec\u00ed durante mi campa\u00f1a para gobernador, seguir\u00e9 en coordinaci\u00f3n con las instancias clave del gobierno federal para concretar proyectos estrat\u00e9gicos y, gestionar apoyos que se traduzcan en beneficios para el campo y la ganader\u00eda sinaloense\u201d, dijo quien ser\u00e1 el mandatario estatal a partir del 1 de noviembre.<\/p>\n\n\n\n<p>Fue un compromiso reiterado durante su campa\u00f1a a la gubernatura del estado, el apoyo que se le dar\u00e1 a los sectores primarios. En esa voluntad pol\u00edtica destaca la creaci\u00f3n de un sistema de financiamiento, que ponga a disposici\u00f3n del sector agroalimentario cr\u00e9ditos oportunos, suficientes y baratos.<\/p>\n\n\n\n<p>En ese mismo sentido, Rocha Moya en su di\u00e1logo con el titular de Segalmex, coment\u00f3 que se comprometi\u00f3 a crear un fondo de comercializaci\u00f3n mediante una bolsa presupuestal proveniente del estado, que permita garantizar precios piso a los productores agr\u00edcolas, adem\u00e1s, de que desaparecer\u00e1 la llamada \u201ccuota liga\u201d, misma que actualmente se les descuenta a los bodegueros, del pago de sus cosechas a los productores agr\u00edcolas.<\/p>\n\n\n\n<p>Reiter\u00f3 que se impulsar\u00e1 el desarrollo econ\u00f3mico del sur-sur de Sinaloa con la conclusi\u00f3n de las obras hidr\u00e1ulicas de la presa Picachos y Santa Mar\u00eda, &#8220;se realizar\u00e1n las diligencias necesarias para que queden listos los sistemas de riego, y con ello se beneficiar\u00eda 22 mil 500 hect\u00e1reas y se abastecer\u00e1n de agua a los ganaderos&#8221;, a\u00f1adi\u00f3.<\/p>\n\n\n\n<p>Para apoyar al sector pecuario, el pr\u00f3ximo gobernador sinaloense dijo que tiene toda la voluntad de tocar puertas y realizar las gestiones conducentes para que se recupere el estatus ganadero de la entidad, y para que se mejore el precio de la leche, el sur de Sinaloa es considerada una las cuencas lecheras importantes de nuestro pa\u00eds.<\/p>\n","protected":false},"excerpt":{"rendered":"<p>El gobernador electo de Sinaloa se reuni\u00f3 con el titular Ignacio Ovalle, en busca de opciones que mejoren la productividad y comercializaci\u00f3n del sector agroalimentario sinaloense. Ciudad de M\u00e9xico. \u2013 Con la finalidad de favorecer la productividad y comercializaci\u00f3n del sector agroalimentario de Sinaloa, el gobernador electo Rub\u00e9n Rocha Moya, se reuni\u00f3 con el director [&hellip;]<\/p>\n","protected":false},"author":4,"featured_media":5352,"comment_status":"open","ping_status":"open","sticky":false,"template":"","format":"standard","meta":{"tdm_status":"","tdm_grid_status":"","footnotes":""},"categories":[37],"tags":[728,948,52,947,946],"class_list":{"0":"post-5329","1":"post","2":"type-post","3":"status-publish","4":"format-standard","5":"has-post-thumbnail","7":"category-nota-principal","8":"tag-agricultura","9":"tag-ganaderia","10":"tag-ruben-rocha-moya","11":"tag-segalmex","12":"tag-seguridad-alimentaria-mexicana"},"yoast_head":"<!-- This site is optimized with the Yoast SEO plugin v27.5 - https:\/\/yoast.com\/product\/yoast-seo-wordpress\/ -->\n<title>Gestiona Rocha Moya apoyos en Segalmex para agricultores y ganaderos - Fuentes Fidedignas<\/title>\n<meta name=\"robots\" content=\"index, follow, max-snippet:-1, max-image-preview:large, max-video-preview:-1\" \/>\n<link rel=\"canonical\" href=\"https:\/\/fuentesfidedignas.com.mx\/index.php\/2021\/06\/18\/gestiona-rocha-moya-apoyos-en-segalmex-para-agricultores-y-ganaderos\/\" \/>\n<meta property=\"og:locale\" content=\"es_MX\" \/>\n<meta property=\"og:type\" content=\"article\" \/>\n<meta property=\"og:title\" content=\"Gestiona Rocha Moya apoyos en Segalmex para agricultores y ganaderos - Fuentes Fidedignas\" \/>\n<meta property=\"og:description\" content=\"El gobernador electo de Sinaloa se reuni\u00f3 con el titular Ignacio Ovalle, en busca de opciones que mejoren la productividad y comercializaci\u00f3n del sector agroalimentario sinaloense. Ciudad de M\u00e9xico. \u2013 Con la finalidad de favorecer la productividad y comercializaci\u00f3n del sector agroalimentario de Sinaloa, el gobernador electo Rub\u00e9n Rocha Moya, se reuni\u00f3 con el director [&hellip;]\" \/>\n<meta property=\"og:url\" content=\"https:\/\/fuentesfidedignas.com.mx\/index.php\/2021\/06\/18\/gestiona-rocha-moya-apoyos-en-segalmex-para-agricultores-y-ganaderos\/\" \/>\n<meta property=\"og:site_name\" content=\"Fuentes Fidedignas\" \/>\n<meta property=\"article:publisher\" content=\"https:\/\/www.facebook.com\/Fuentes-Fidedignas-368234489921644\" \/>\n<meta property=\"article:published_time\" content=\"2021-06-18T17:01:14+00:00\" \/>\n<meta property=\"article:modified_time\" content=\"2021-06-18T19:08:12+00:00\" \/>\n<meta property=\"og:image\" content=\"https:\/\/fuentesfidedignas.com.mx\/wp-content\/uploads\/2021\/06\/WhatsApp-Image-2021-06-18-at-12.58.36-PM.jpeg\" \/>\n\t<meta property=\"og:image:width\" content=\"1600\" \/>\n\t<meta property=\"og:image:height\" content=\"1200\" \/>\n\t<meta property=\"og:image:type\" content=\"image\/jpeg\" \/>\n<meta name=\"author\" content=\"Redacci\u00f3n\" \/>\n<meta name=\"twitter:card\" content=\"summary_large_image\" \/>\n<meta name=\"twitter:creator\" content=\"@fidedignas\" \/>\n<meta name=\"twitter:site\" content=\"@fidedignas\" \/>\n<meta name=\"twitter:label1\" content=\"Escrito por\" \/>\n\t<meta name=\"twitter:data1\" content=\"Redacci\u00f3n\" \/>\n\t<meta name=\"twitter:label2\" content=\"Tiempo de lectura\" \/>\n\t<meta name=\"twitter:data2\" content=\"2 minutos\" \/>\n<script type=\"application\/ld+json\" class=\"yoast-schema-graph\">{\"@context\":\"https:\\\/\\\/schema.org\",\"@graph\":[{\"@type\":\"Article\",\"@id\":\"https:\\\/\\\/fuentesfidedignas.com.mx\\\/index.php\\\/2021\\\/06\\\/18\\\/gestiona-rocha-moya-apoyos-en-segalmex-para-agricultores-y-ganaderos\\\/#article\",\"isPartOf\":{\"@id\":\"https:\\\/\\\/fuentesfidedignas.com.mx\\\/index.php\\\/2021\\\/06\\\/18\\\/gestiona-rocha-moya-apoyos-en-segalmex-para-agricultores-y-ganaderos\\\/\"},\"author\":{\"name\":\"Redacci\u00f3n\",\"@id\":\"https:\\\/\\\/fuentesfidedignas.com.mx\\\/#\\\/schema\\\/person\\\/331be9283d37198e2acd5750279085b0\"},\"headline\":\"Gestiona Rocha Moya apoyos en Segalmex para agricultores y ganaderos\",\"datePublished\":\"2021-06-18T17:01:14+00:00\",\"dateModified\":\"2021-06-18T19:08:12+00:00\",\"mainEntityOfPage\":{\"@id\":\"https:\\\/\\\/fuentesfidedignas.com.mx\\\/index.php\\\/2021\\\/06\\\/18\\\/gestiona-rocha-moya-apoyos-en-segalmex-para-agricultores-y-ganaderos\\\/\"},\"wordCount\":445,\"commentCount\":0,\"publisher\":{\"@id\":\"https:\\\/\\\/fuentesfidedignas.com.mx\\\/#organization\"},\"image\":{\"@id\":\"https:\\\/\\\/fuentesfidedignas.com.mx\\\/index.php\\\/2021\\\/06\\\/18\\\/gestiona-rocha-moya-apoyos-en-segalmex-para-agricultores-y-ganaderos\\\/#primaryimage\"},\"thumbnailUrl\":\"https:\\\/\\\/fuentesfidedignas.com.mx\\\/wp-content\\\/uploads\\\/2021\\\/06\\\/WhatsApp-Image-2021-06-18-at-12.58.36-PM.jpeg\",\"keywords\":[\"Agricultura\",\"Ganader\u00eda\",\"Rub\u00e9n Rocha Moya\",\"Segalmex\",\"Seguridad Alimentaria Mexicana\"],\"articleSection\":[\"NOTA PRINCIPAL\"],\"inLanguage\":\"es\",\"potentialAction\":[{\"@type\":\"CommentAction\",\"name\":\"Comment\",\"target\":[\"https:\\\/\\\/fuentesfidedignas.com.mx\\\/index.php\\\/2021\\\/06\\\/18\\\/gestiona-rocha-moya-apoyos-en-segalmex-para-agricultores-y-ganaderos\\\/#respond\"]}]},{\"@type\":\"WebPage\",\"@id\":\"https:\\\/\\\/fuentesfidedignas.com.mx\\\/index.php\\\/2021\\\/06\\\/18\\\/gestiona-rocha-moya-apoyos-en-segalmex-para-agricultores-y-ganaderos\\\/\",\"url\":\"https:\\\/\\\/fuentesfidedignas.com.mx\\\/index.php\\\/2021\\\/06\\\/18\\\/gestiona-rocha-moya-apoyos-en-segalmex-para-agricultores-y-ganaderos\\\/\",\"name\":\"Gestiona Rocha Moya apoyos en Segalmex para agricultores y ganaderos - Fuentes Fidedignas\",\"isPartOf\":{\"@id\":\"https:\\\/\\\/fuentesfidedignas.com.mx\\\/#website\"},\"primaryImageOfPage\":{\"@id\":\"https:\\\/\\\/fuentesfidedignas.com.mx\\\/index.php\\\/2021\\\/06\\\/18\\\/gestiona-rocha-moya-apoyos-en-segalmex-para-agricultores-y-ganaderos\\\/#primaryimage\"},\"image\":{\"@id\":\"https:\\\/\\\/fuentesfidedignas.com.mx\\\/index.php\\\/2021\\\/06\\\/18\\\/gestiona-rocha-moya-apoyos-en-segalmex-para-agricultores-y-ganaderos\\\/#primaryimage\"},\"thumbnailUrl\":\"https:\\\/\\\/fuentesfidedignas.com.mx\\\/wp-content\\\/uploads\\\/2021\\\/06\\\/WhatsApp-Image-2021-06-18-at-12.58.36-PM.jpeg\",\"datePublished\":\"2021-06-18T17:01:14+00:00\",\"dateModified\":\"2021-06-18T19:08:12+00:00\",\"breadcrumb\":{\"@id\":\"https:\\\/\\\/fuentesfidedignas.com.mx\\\/index.php\\\/2021\\\/06\\\/18\\\/gestiona-rocha-moya-apoyos-en-segalmex-para-agricultores-y-ganaderos\\\/#breadcrumb\"},\"inLanguage\":\"es\",\"potentialAction\":[{\"@type\":\"ReadAction\",\"target\":[\"https:\\\/\\\/fuentesfidedignas.com.mx\\\/index.php\\\/2021\\\/06\\\/18\\\/gestiona-rocha-moya-apoyos-en-segalmex-para-agricultores-y-ganaderos\\\/\"]}]},{\"@type\":\"ImageObject\",\"inLanguage\":\"es\",\"@id\":\"https:\\\/\\\/fuentesfidedignas.com.mx\\\/index.php\\\/2021\\\/06\\\/18\\\/gestiona-rocha-moya-apoyos-en-segalmex-para-agricultores-y-ganaderos\\\/#primaryimage\",\"url\":\"https:\\\/\\\/fuentesfidedignas.com.mx\\\/wp-content\\\/uploads\\\/2021\\\/06\\\/WhatsApp-Image-2021-06-18-at-12.58.36-PM.jpeg\",\"contentUrl\":\"https:\\\/\\\/fuentesfidedignas.com.mx\\\/wp-content\\\/uploads\\\/2021\\\/06\\\/WhatsApp-Image-2021-06-18-at-12.58.36-PM.jpeg\",\"width\":1600,\"height\":1200},{\"@type\":\"BreadcrumbList\",\"@id\":\"https:\\\/\\\/fuentesfidedignas.com.mx\\\/index.php\\\/2021\\\/06\\\/18\\\/gestiona-rocha-moya-apoyos-en-segalmex-para-agricultores-y-ganaderos\\\/#breadcrumb\",\"itemListElement\":[{\"@type\":\"ListItem\",\"position\":1,\"name\":\"Inicio\",\"item\":\"https:\\\/\\\/fuentesfidedignas.com.mx\\\/\"},{\"@type\":\"ListItem\",\"position\":2,\"name\":\"Gestiona Rocha Moya apoyos en Segalmex para agricultores y ganaderos\"}]},{\"@type\":\"WebSite\",\"@id\":\"https:\\\/\\\/fuentesfidedignas.com.mx\\\/#website\",\"url\":\"https:\\\/\\\/fuentesfidedignas.com.mx\\\/\",\"name\":\"Fuentes Fidedignas\",\"description\":\"Otro sitio realizado con WordPress\",\"publisher\":{\"@id\":\"https:\\\/\\\/fuentesfidedignas.com.mx\\\/#organization\"},\"potentialAction\":[{\"@type\":\"SearchAction\",\"target\":{\"@type\":\"EntryPoint\",\"urlTemplate\":\"https:\\\/\\\/fuentesfidedignas.com.mx\\\/?s={search_term_string}\"},\"query-input\":{\"@type\":\"PropertyValueSpecification\",\"valueRequired\":true,\"valueName\":\"search_term_string\"}}],\"inLanguage\":\"es\"},{\"@type\":\"Organization\",\"@id\":\"https:\\\/\\\/fuentesfidedignas.com.mx\\\/#organization\",\"name\":\"Fuentes Fidedignas\",\"url\":\"https:\\\/\\\/fuentesfidedignas.com.mx\\\/\",\"logo\":{\"@type\":\"ImageObject\",\"inLanguage\":\"es\",\"@id\":\"https:\\\/\\\/fuentesfidedignas.com.mx\\\/#\\\/schema\\\/logo\\\/image\\\/\",\"url\":\"https:\\\/\\\/fuentesfidedignas.com.mx\\\/wp-content\\\/uploads\\\/2021\\\/04\\\/logo-retina.png\",\"contentUrl\":\"https:\\\/\\\/fuentesfidedignas.com.mx\\\/wp-content\\\/uploads\\\/2021\\\/04\\\/logo-retina.png\",\"width\":280,\"height\":51,\"caption\":\"Fuentes Fidedignas\"},\"image\":{\"@id\":\"https:\\\/\\\/fuentesfidedignas.com.mx\\\/#\\\/schema\\\/logo\\\/image\\\/\"},\"sameAs\":[\"https:\\\/\\\/www.facebook.com\\\/Fuentes-Fidedignas-368234489921644\",\"https:\\\/\\\/x.com\\\/fidedignas\"]},{\"@type\":\"Person\",\"@id\":\"https:\\\/\\\/fuentesfidedignas.com.mx\\\/#\\\/schema\\\/person\\\/331be9283d37198e2acd5750279085b0\",\"name\":\"Redacci\u00f3n\",\"image\":{\"@type\":\"ImageObject\",\"inLanguage\":\"es\",\"@id\":\"https:\\\/\\\/secure.gravatar.com\\\/avatar\\\/f6d8782c11d12b2d4ad3fbb6931aeab5309937a4d6cd2fc9cfaa28a6396a5aec?s=96&d=mm&r=g\",\"url\":\"https:\\\/\\\/secure.gravatar.com\\\/avatar\\\/f6d8782c11d12b2d4ad3fbb6931aeab5309937a4d6cd2fc9cfaa28a6396a5aec?s=96&d=mm&r=g\",\"contentUrl\":\"https:\\\/\\\/secure.gravatar.com\\\/avatar\\\/f6d8782c11d12b2d4ad3fbb6931aeab5309937a4d6cd2fc9cfaa28a6396a5aec?s=96&d=mm&r=g\",\"caption\":\"Redacci\u00f3n\"},\"url\":\"https:\\\/\\\/fuentesfidedignas.com.mx\\\/index.php\\\/author\\\/redaccion\\\/\"}]}<\/script>\n<!-- \/ Yoast SEO plugin. -->","yoast_head_json":{"title":"Gestiona Rocha Moya apoyos en Segalmex para agricultores y ganaderos - Fuentes Fidedignas","robots":{"index":"index","follow":"follow","max-snippet":"max-snippet:-1","max-image-preview":"max-image-preview:large","max-video-preview":"max-video-preview:-1"},"canonical":"https:\/\/fuentesfidedignas.com.mx\/index.php\/2021\/06\/18\/gestiona-rocha-moya-apoyos-en-segalmex-para-agricultores-y-ganaderos\/","og_locale":"es_MX","og_type":"article","og_title":"Gestiona Rocha Moya apoyos en Segalmex para agricultores y ganaderos - Fuentes Fidedignas","og_description":"El gobernador electo de Sinaloa se reuni\u00f3 con el titular Ignacio Ovalle, en busca de opciones que mejoren la productividad y comercializaci\u00f3n del sector agroalimentario sinaloense. Ciudad de M\u00e9xico. \u2013 Con la finalidad de favorecer la productividad y comercializaci\u00f3n del sector agroalimentario de Sinaloa, el gobernador electo Rub\u00e9n Rocha Moya, se reuni\u00f3 con el director [&hellip;]","og_url":"https:\/\/fuentesfidedignas.com.mx\/index.php\/2021\/06\/18\/gestiona-rocha-moya-apoyos-en-segalmex-para-agricultores-y-ganaderos\/","og_site_name":"Fuentes Fidedignas","article_publisher":"https:\/\/www.facebook.com\/Fuentes-Fidedignas-368234489921644","article_published_time":"2021-06-18T17:01:14+00:00","article_modified_time":"2021-06-18T19:08:12+00:00","og_image":[{"width":1600,"height":1200,"url":"https:\/\/fuentesfidedignas.com.mx\/wp-content\/uploads\/2021\/06\/WhatsApp-Image-2021-06-18-at-12.58.36-PM.jpeg","type":"image\/jpeg"}],"author":"Redacci\u00f3n","twitter_card":"summary_large_image","twitter_creator":"@fidedignas","twitter_site":"@fidedignas","twitter_misc":{"Escrito por":"Redacci\u00f3n","Tiempo de lectura":"2 minutos"},"schema":{"@context":"https:\/\/schema.org","@graph":[{"@type":"Article","@id":"https:\/\/fuentesfidedignas.com.mx\/index.php\/2021\/06\/18\/gestiona-rocha-moya-apoyos-en-segalmex-para-agricultores-y-ganaderos\/#article","isPartOf":{"@id":"https:\/\/fuentesfidedignas.com.mx\/index.php\/2021\/06\/18\/gestiona-rocha-moya-apoyos-en-segalmex-para-agricultores-y-ganaderos\/"},"author":{"name":"Redacci\u00f3n","@id":"https:\/\/fuentesfidedignas.com.mx\/#\/schema\/person\/331be9283d37198e2acd5750279085b0"},"headline":"Gestiona Rocha Moya apoyos en Segalmex para agricultores y ganaderos","datePublished":"2021-06-18T17:01:14+00:00","dateModified":"2021-06-18T19:08:12+00:00","mainEntityOfPage":{"@id":"https:\/\/fuentesfidedignas.com.mx\/index.php\/2021\/06\/18\/gestiona-rocha-moya-apoyos-en-segalmex-para-agricultores-y-ganaderos\/"},"wordCount":445,"commentCount":0,"publisher":{"@id":"https:\/\/fuentesfidedignas.com.mx\/#organization"},"image":{"@id":"https:\/\/fuentesfidedignas.com.mx\/index.php\/2021\/06\/18\/gestiona-rocha-moya-apoyos-en-segalmex-para-agricultores-y-ganaderos\/#primaryimage"},"thumbnailUrl":"https:\/\/fuentesfidedignas.com.mx\/wp-content\/uploads\/2021\/06\/WhatsApp-Image-2021-06-18-at-12.58.36-PM.jpeg","keywords":["Agricultura","Ganader\u00eda","Rub\u00e9n Rocha Moya","Segalmex","Seguridad Alimentaria Mexicana"],"articleSection":["NOTA PRINCIPAL"],"inLanguage":"es","potentialAction":[{"@type":"CommentAction","name":"Comment","target":["https:\/\/fuentesfidedignas.com.mx\/index.php\/2021\/06\/18\/gestiona-rocha-moya-apoyos-en-segalmex-para-agricultores-y-ganaderos\/#respond"]}]},{"@type":"WebPage","@id":"https:\/\/fuentesfidedignas.com.mx\/index.php\/2021\/06\/18\/gestiona-rocha-moya-apoyos-en-segalmex-para-agricultores-y-ganaderos\/","url":"https:\/\/fuentesfidedignas.com.mx\/index.php\/2021\/06\/18\/gestiona-rocha-moya-apoyos-en-segalmex-para-agricultores-y-ganaderos\/","name":"Gestiona Rocha Moya apoyos en Segalmex para agricultores y ganaderos - Fuentes Fidedignas","isPartOf":{"@id":"https:\/\/fuentesfidedignas.com.mx\/#website"},"primaryImageOfPage":{"@id":"https:\/\/fuentesfidedignas.com.mx\/index.php\/2021\/06\/18\/gestiona-rocha-moya-apoyos-en-segalmex-para-agricultores-y-ganaderos\/#primaryimage"},"image":{"@id":"https:\/\/fuentesfidedignas.com.mx\/index.php\/2021\/06\/18\/gestiona-rocha-moya-apoyos-en-segalmex-para-agricultores-y-ganaderos\/#primaryimage"},"thumbnailUrl":"https:\/\/fuentesfidedignas.com.mx\/wp-content\/uploads\/2021\/06\/WhatsApp-Image-2021-06-18-at-12.58.36-PM.jpeg","datePublished":"2021-06-18T17:01:14+00:00","dateModified":"2021-06-18T19:08:12+00:00","breadcrumb":{"@id":"https:\/\/fuentesfidedignas.com.mx\/index.php\/2021\/06\/18\/gestiona-rocha-moya-apoyos-en-segalmex-para-agricultores-y-ganaderos\/#breadcrumb"},"inLanguage":"es","potentialAction":[{"@type":"ReadAction","target":["https:\/\/fuentesfidedignas.com.mx\/index.php\/2021\/06\/18\/gestiona-rocha-moya-apoyos-en-segalmex-para-agricultores-y-ganaderos\/"]}]},{"@type":"ImageObject","inLanguage":"es","@id":"https:\/\/fuentesfidedignas.com.mx\/index.php\/2021\/06\/18\/gestiona-rocha-moya-apoyos-en-segalmex-para-agricultores-y-ganaderos\/#primaryimage","url":"https:\/\/fuentesfidedignas.com.mx\/wp-content\/uploads\/2021\/06\/WhatsApp-Image-2021-06-18-at-12.58.36-PM.jpeg","contentUrl":"https:\/\/fuentesfidedignas.com.mx\/wp-content\/uploads\/2021\/06\/WhatsApp-Image-2021-06-18-at-12.58.36-PM.jpeg","width":1600,"height":1200},{"@type":"BreadcrumbList","@id":"https:\/\/fuentesfidedignas.com.mx\/index.php\/2021\/06\/18\/gestiona-rocha-moya-apoyos-en-segalmex-para-agricultores-y-ganaderos\/#breadcrumb","itemListElement":[{"@type":"ListItem","position":1,"name":"Inicio","item":"https:\/\/fuentesfidedignas.com.mx\/"},{"@type":"ListItem","position":2,"name":"Gestiona Rocha Moya apoyos en Segalmex para agricultores y ganaderos"}]},{"@type":"WebSite","@id":"https:\/\/fuentesfidedignas.com.mx\/#website","url":"https:\/\/fuentesfidedignas.com.mx\/","name":"Fuentes Fidedignas","description":"Otro sitio realizado con WordPress","publisher":{"@id":"https:\/\/fuentesfidedignas.com.mx\/#organization"},"potentialAction":[{"@type":"SearchAction","target":{"@type":"EntryPoint","urlTemplate":"https:\/\/fuentesfidedignas.com.mx\/?s={search_term_string}"},"query-input":{"@type":"PropertyValueSpecification","valueRequired":true,"valueName":"search_term_string"}}],"inLanguage":"es"},{"@type":"Organization","@id":"https:\/\/fuentesfidedignas.com.mx\/#organization","name":"Fuentes Fidedignas","url":"https:\/\/fuentesfidedignas.com.mx\/","logo":{"@type":"ImageObject","inLanguage":"es","@id":"https:\/\/fuentesfidedignas.com.mx\/#\/schema\/logo\/image\/","url":"https:\/\/fuentesfidedignas.com.mx\/wp-content\/uploads\/2021\/04\/logo-retina.png","contentUrl":"https:\/\/fuentesfidedignas.com.mx\/wp-content\/uploads\/2021\/04\/logo-retina.png","width":280,"height":51,"caption":"Fuentes Fidedignas"},"image":{"@id":"https:\/\/fuentesfidedignas.com.mx\/#\/schema\/logo\/image\/"},"sameAs":["https:\/\/www.facebook.com\/Fuentes-Fidedignas-368234489921644","https:\/\/x.com\/fidedignas"]},{"@type":"Person","@id":"https:\/\/fuentesfidedignas.com.mx\/#\/schema\/person\/331be9283d37198e2acd5750279085b0","name":"Redacci\u00f3n","image":{"@type":"ImageObject","inLanguage":"es","@id":"https:\/\/secure.gravatar.com\/avatar\/f6d8782c11d12b2d4ad3fbb6931aeab5309937a4d6cd2fc9cfaa28a6396a5aec?s=96&d=mm&r=g","url":"https:\/\/secure.gravatar.com\/avatar\/f6d8782c11d12b2d4ad3fbb6931aeab5309937a4d6cd2fc9cfaa28a6396a5aec?s=96&d=mm&r=g","contentUrl":"https:\/\/secure.gravatar.com\/avatar\/f6d8782c11d12b2d4ad3fbb6931aeab5309937a4d6cd2fc9cfaa28a6396a5aec?s=96&d=mm&r=g","caption":"Redacci\u00f3n"},"url":"https:\/\/fuentesfidedignas.com.mx\/index.php\/author\/redaccion\/"}]}},"_links":{"self":[{"href":"https:\/\/fuentesfidedignas.com.mx\/index.php\/wp-json\/wp\/v2\/posts\/5329","targetHints":{"allow":["GET"]}}],"collection":[{"href":"https:\/\/fuentesfidedignas.com.mx\/index.php\/wp-json\/wp\/v2\/posts"}],"about":[{"href":"https:\/\/fuentesfidedignas.com.mx\/index.php\/wp-json\/wp\/v2\/types\/post"}],"author":[{"embeddable":true,"href":"https:\/\/fuentesfidedignas.com.mx\/index.php\/wp-json\/wp\/v2\/users\/4"}],"replies":[{"embeddable":true,"href":"https:\/\/fuentesfidedignas.com.mx\/index.php\/wp-json\/wp\/v2\/comments?post=5329"}],"version-history":[{"count":1,"href":"https:\/\/fuentesfidedignas.com.mx\/index.php\/wp-json\/wp\/v2\/posts\/5329\/revisions"}],"predecessor-version":[{"id":5331,"href":"https:\/\/fuentesfidedignas.com.mx\/index.php\/wp-json\/wp\/v2\/posts\/5329\/revisions\/5331"}],"wp:featuredmedia":[{"embeddable":true,"href":"https:\/\/fuentesfidedignas.com.mx\/index.php\/wp-json\/wp\/v2\/media\/5352"}],"wp:attachment":[{"href":"https:\/\/fuentesfidedignas.com.mx\/index.php\/wp-json\/wp\/v2\/media?parent=5329"}],"wp:term":[{"taxonomy":"category","embeddable":true,"href":"https:\/\/fuentesfidedignas.com.mx\/index.php\/wp-json\/wp\/v2\/categories?post=5329"},{"taxonomy":"post_tag","embeddable":true,"href":"https:\/\/fuentesfidedignas.com.mx\/index.php\/wp-json\/wp\/v2\/tags?post=5329"}],"curies":[{"name":"wp","href":"https:\/\/api.w.org\/{rel}","templated":true}]}}