{"id":53288,"date":"2023-07-20T14:22:07","date_gmt":"2023-07-20T21:22:07","guid":{"rendered":"https:\/\/fuentesfidedignas.com.mx\/?p=53288"},"modified":"2023-07-20T14:25:46","modified_gmt":"2023-07-20T21:25:46","slug":"rehabilitacion-de-planta-potabilizadora-en-la-brecha-garantizara-abasto-para-san-jose-y-bellavista","status":"publish","type":"post","link":"https:\/\/fuentesfidedignas.com.mx\/index.php\/2023\/07\/20\/rehabilitacion-de-planta-potabilizadora-en-la-brecha-garantizara-abasto-para-san-jose-y-bellavista\/","title":{"rendered":"Rehabilitaci\u00f3n de planta potabilizadora en La Brecha garantizar\u00e1 abasto para San Jos\u00e9 y Bellavista"},"content":{"rendered":"\n<p><em><strong>Al inaugurar esta obra hidr\u00e1ulica en el municipio de Guasave, el gobernador Rub\u00e9n Rocha aprovech\u00f3 para anunciar la pr\u00f3xima construcci\u00f3n de un puente entre Bellavista y Las Glorias<\/strong><\/em><\/p>\n\n\n\n<p>Guasave, Sin.- Con plena convicci\u00f3n de que la inversi\u00f3n en infraestructura reduce el nivel de desigualdad al brindar a la poblaci\u00f3n el acceso a servicios b\u00e1sicos que les ayudan a satisfacer sus necesidades m\u00e1s apremiantes, mejorando as\u00ed la calidad de vida de los ciudadanos, el Gobernador Rub\u00e9n Rocha Moya inaugur\u00f3 hoy la rehabilitaci\u00f3n de la Planta Potabilizadora de 30 litros por segundo del Sistema de Agua Potable de la comunidad de La Brecha, en el municipio de Guasave, acompa\u00f1ado por el Alcalde Mart\u00edn Ahumada Quintero y Jos\u00e9 Luis Zavala Cabanillas, Secretario de Obras P\u00fablicas.<\/p>\n\n\n\n<figure class=\"wp-block-gallery has-nested-images columns-default is-cropped wp-block-gallery-1 is-layout-flex wp-block-gallery-is-layout-flex\">\n<figure class=\"wp-block-image size-large\"><img decoding=\"async\" width=\"1024\" height=\"682\" data-id=\"53293\" src=\"https:\/\/fuentesfidedignas.com.mx\/wp-content\/uploads\/2023\/07\/IMG-20230720-WA0020-1024x682.jpg\" alt=\"\" class=\"wp-image-53293\" srcset=\"https:\/\/fuentesfidedignas.com.mx\/wp-content\/uploads\/2023\/07\/IMG-20230720-WA0020-1024x682.jpg 1024w, https:\/\/fuentesfidedignas.com.mx\/wp-content\/uploads\/2023\/07\/IMG-20230720-WA0020-300x200.jpg 300w, https:\/\/fuentesfidedignas.com.mx\/wp-content\/uploads\/2023\/07\/IMG-20230720-WA0020-768x512.jpg 768w, https:\/\/fuentesfidedignas.com.mx\/wp-content\/uploads\/2023\/07\/IMG-20230720-WA0020-1536x1023.jpg 1536w, https:\/\/fuentesfidedignas.com.mx\/wp-content\/uploads\/2023\/07\/IMG-20230720-WA0020.jpg 1600w\" sizes=\"(max-width: 1024px) 100vw, 1024px\" \/><\/figure>\n\n\n\n<figure class=\"wp-block-image size-large\"><img decoding=\"async\" width=\"1024\" height=\"682\" data-id=\"53295\" src=\"https:\/\/fuentesfidedignas.com.mx\/wp-content\/uploads\/2023\/07\/IMG-20230720-WA0022-1024x682.jpg\" alt=\"\" class=\"wp-image-53295\" srcset=\"https:\/\/fuentesfidedignas.com.mx\/wp-content\/uploads\/2023\/07\/IMG-20230720-WA0022-1024x682.jpg 1024w, https:\/\/fuentesfidedignas.com.mx\/wp-content\/uploads\/2023\/07\/IMG-20230720-WA0022-300x200.jpg 300w, https:\/\/fuentesfidedignas.com.mx\/wp-content\/uploads\/2023\/07\/IMG-20230720-WA0022-768x512.jpg 768w, https:\/\/fuentesfidedignas.com.mx\/wp-content\/uploads\/2023\/07\/IMG-20230720-WA0022-1536x1023.jpg 1536w, https:\/\/fuentesfidedignas.com.mx\/wp-content\/uploads\/2023\/07\/IMG-20230720-WA0022.jpg 1600w\" sizes=\"(max-width: 1024px) 100vw, 1024px\" \/><\/figure>\n\n\n\n<figure class=\"wp-block-image size-large\"><img decoding=\"async\" width=\"1024\" height=\"682\" data-id=\"53294\" src=\"https:\/\/fuentesfidedignas.com.mx\/wp-content\/uploads\/2023\/07\/IMG-20230720-WA0018-1024x682.jpg\" alt=\"\" class=\"wp-image-53294\" srcset=\"https:\/\/fuentesfidedignas.com.mx\/wp-content\/uploads\/2023\/07\/IMG-20230720-WA0018-1024x682.jpg 1024w, https:\/\/fuentesfidedignas.com.mx\/wp-content\/uploads\/2023\/07\/IMG-20230720-WA0018-300x200.jpg 300w, https:\/\/fuentesfidedignas.com.mx\/wp-content\/uploads\/2023\/07\/IMG-20230720-WA0018-768x512.jpg 768w, https:\/\/fuentesfidedignas.com.mx\/wp-content\/uploads\/2023\/07\/IMG-20230720-WA0018-1536x1023.jpg 1536w, https:\/\/fuentesfidedignas.com.mx\/wp-content\/uploads\/2023\/07\/IMG-20230720-WA0018.jpg 1600w\" sizes=\"(max-width: 1024px) 100vw, 1024px\" \/><\/figure>\n\n\n\n<figure class=\"wp-block-image size-large\"><img decoding=\"async\" width=\"1024\" height=\"682\" data-id=\"53292\" src=\"https:\/\/fuentesfidedignas.com.mx\/wp-content\/uploads\/2023\/07\/IMG-20230720-WA0021-1024x682.jpg\" alt=\"\" class=\"wp-image-53292\" srcset=\"https:\/\/fuentesfidedignas.com.mx\/wp-content\/uploads\/2023\/07\/IMG-20230720-WA0021-1024x682.jpg 1024w, https:\/\/fuentesfidedignas.com.mx\/wp-content\/uploads\/2023\/07\/IMG-20230720-WA0021-300x200.jpg 300w, https:\/\/fuentesfidedignas.com.mx\/wp-content\/uploads\/2023\/07\/IMG-20230720-WA0021-768x512.jpg 768w, https:\/\/fuentesfidedignas.com.mx\/wp-content\/uploads\/2023\/07\/IMG-20230720-WA0021-1536x1023.jpg 1536w, https:\/\/fuentesfidedignas.com.mx\/wp-content\/uploads\/2023\/07\/IMG-20230720-WA0021.jpg 1600w\" sizes=\"(max-width: 1024px) 100vw, 1024px\" \/><\/figure>\n\n\n\n<figure class=\"wp-block-image size-large\"><img decoding=\"async\" width=\"1024\" height=\"682\" data-id=\"53291\" src=\"https:\/\/fuentesfidedignas.com.mx\/wp-content\/uploads\/2023\/07\/IMG-20230720-WA0019-1024x682.jpg\" alt=\"\" class=\"wp-image-53291\" srcset=\"https:\/\/fuentesfidedignas.com.mx\/wp-content\/uploads\/2023\/07\/IMG-20230720-WA0019-1024x682.jpg 1024w, https:\/\/fuentesfidedignas.com.mx\/wp-content\/uploads\/2023\/07\/IMG-20230720-WA0019-300x200.jpg 300w, https:\/\/fuentesfidedignas.com.mx\/wp-content\/uploads\/2023\/07\/IMG-20230720-WA0019-768x512.jpg 768w, https:\/\/fuentesfidedignas.com.mx\/wp-content\/uploads\/2023\/07\/IMG-20230720-WA0019-1536x1023.jpg 1536w, https:\/\/fuentesfidedignas.com.mx\/wp-content\/uploads\/2023\/07\/IMG-20230720-WA0019.jpg 1600w\" sizes=\"(max-width: 1024px) 100vw, 1024px\" \/><\/figure>\n\n\n\n<figure class=\"wp-block-image size-large\"><img decoding=\"async\" width=\"1024\" height=\"682\" data-id=\"53296\" src=\"https:\/\/fuentesfidedignas.com.mx\/wp-content\/uploads\/2023\/07\/IMG-20230720-WA0023-1024x682.jpg\" alt=\"\" class=\"wp-image-53296\" srcset=\"https:\/\/fuentesfidedignas.com.mx\/wp-content\/uploads\/2023\/07\/IMG-20230720-WA0023-1024x682.jpg 1024w, https:\/\/fuentesfidedignas.com.mx\/wp-content\/uploads\/2023\/07\/IMG-20230720-WA0023-300x200.jpg 300w, https:\/\/fuentesfidedignas.com.mx\/wp-content\/uploads\/2023\/07\/IMG-20230720-WA0023-768x512.jpg 768w, https:\/\/fuentesfidedignas.com.mx\/wp-content\/uploads\/2023\/07\/IMG-20230720-WA0023-1536x1023.jpg 1536w, https:\/\/fuentesfidedignas.com.mx\/wp-content\/uploads\/2023\/07\/IMG-20230720-WA0023.jpg 1600w\" sizes=\"(max-width: 1024px) 100vw, 1024px\" \/><\/figure>\n<\/figure>\n\n\n\n<p>Ejecutada con recursos del Fondo de Infraestructura Social para las Entidades (FISE), esta obra ubicada en calle Macario Gaxiola y Vicente Guerrero, tuvo una inversi\u00f3n total de 13 millones 634 mil pesos y fue realizada con fondos bipartitos de 9 millones 337 mil pesos aportados por Gobierno del Estado y 4 millones 297 mil pesos de parte del municipio.<\/p>\n\n\n\n<p>Durante su intervenci\u00f3n, el mandatario estatal enfatiz\u00f3 la importancia de esta obra, dado que resulta fundamental para atender las necesidades de agua potable de las comunidades cercanas.<\/p>\n\n\n\n<p>&#8220;<strong>Me compromet\u00ed con Bellavista que van a tener agua potable. No la pod\u00edan tener si no hac\u00edamos la obra de La Brecha, luego aumentar el abasto de agua para San Jos\u00e9, que los dos San Jos\u00e9 y La Brecha tengan el abasto suficiente, de esto se trata esta obra. Ya le dije a Jos\u00e9 Luis, si vienes en el camino da indicaciones para que liciten la obra que es llevar el tubo de la l\u00ednea conductora, nos cuesta 20 millones de pesos. Esta planeado y sobre todo esta planeado para atender a los grupos vulnerables<\/strong>&#8220;, se\u00f1al\u00f3 el Gobernador.<\/p>\n\n\n\n<p>Por otra parte, Rocha Moya reiter\u00f3 la importancia de cuidar los recursos p\u00fablicos para aplicarlos donde realmente se requieren, aprovechando para anunciar la realizaci\u00f3n de otro proyecto muy anhelado en Guasave.<\/p>\n\n\n\n<p>&#8220;<strong>El dinero del pueblo hay que cuidarlo, por eso es que les digo, que vamos a hacer aqu\u00ed, ah\u00ed esta, porque yo me compromet\u00ed al agua y les dije; vamos a ver lo del puente, quiero hacer el puente entre Bellavista y Las Glorias, pues como dice el Presidente \u00a1Me canso ganso que lo vamos a hacer!<\/strong>&#8220;, extern\u00f3 el Gobernador en medio de aplausos por parte de los asistentes.<\/p>\n\n\n\n<p>Por su parte, Ahumada Quintero agradeci\u00f3 el apoyo de Gobierno del Estado, para concretar esta obra que incluy\u00f3 adem\u00e1s del equipamiento electromec\u00e1nico, la rehabilitaci\u00f3n del c\u00e1rcamo de distribuci\u00f3n, caseta de cloraci\u00f3n, as\u00ed como la reparaci\u00f3n del clarificador, filtraci\u00f3n, centro de protecci\u00f3n de motores, automatizaci\u00f3n, entre otros.<\/p>\n\n\n\n<p>&#8220;<strong>Es un sue\u00f1o este, hecho realidad. Esta planta se\u00f1or Gobernador, se construy\u00f3 en el 2004 y desde el 2004 a la fecha no hab\u00eda tenido una rehabilitaci\u00f3n. Programada para una producci\u00f3n de 30 litros por segundo, actualmente estaba funcionando en fechas recientes a poco menos de la mitad, sin embargo, con el trabajo y la eficiencia que esta otorgando, es posible que llegue hasta los 33 litros por segundo<\/strong>&#8220;, indic\u00f3 el Alcalde.<\/p>\n\n\n\n<p>En este evento destac\u00f3 la presencia de Omar L\u00f3pez Campos, Delegado de Programas para el Bienestar en Sinaloa, Francisco Javier L\u00f3pez Cervantes, Vocal Ejecutivo del CEAPAS, Gilberto de Jes\u00fas Leyva Cervantes, Gerente General de Jumapag, Ra\u00fal Camacho Contreras, S\u00edndico Municipal de La Brecha y Jorge Escalante Sotelo, representante de los beneficiados, as\u00ed como Regidores y funcionarios municipales.<\/p>\n","protected":false},"excerpt":{"rendered":"<p>Al inaugurar esta obra hidr\u00e1ulica en el municipio de Guasave, el gobernador Rub\u00e9n Rocha aprovech\u00f3 para anunciar la pr\u00f3xima construcci\u00f3n de un puente entre Bellavista y Las Glorias Guasave, Sin.- Con plena convicci\u00f3n de que la inversi\u00f3n en infraestructura reduce el nivel de desigualdad al brindar a la poblaci\u00f3n el acceso a servicios b\u00e1sicos que [&hellip;]<\/p>\n","protected":false},"author":4,"featured_media":53290,"comment_status":"open","ping_status":"open","sticky":false,"template":"","format":"standard","meta":{"tdm_status":"","tdm_grid_status":"","footnotes":""},"categories":[38,1],"tags":[],"class_list":{"0":"post-53288","1":"post","2":"type-post","3":"status-publish","4":"format-standard","5":"has-post-thumbnail","7":"category-noticias-locales","8":"category-sin-categoria"},"yoast_head":"<!-- This site is optimized with the Yoast SEO plugin v27.5 - https:\/\/yoast.com\/product\/yoast-seo-wordpress\/ -->\n<title>Rehabilitaci\u00f3n de planta potabilizadora en La Brecha garantizar\u00e1 abasto para San Jos\u00e9 y Bellavista - Fuentes Fidedignas<\/title>\n<meta name=\"robots\" content=\"index, follow, max-snippet:-1, max-image-preview:large, max-video-preview:-1\" \/>\n<link rel=\"canonical\" href=\"https:\/\/fuentesfidedignas.com.mx\/index.php\/2023\/07\/20\/rehabilitacion-de-planta-potabilizadora-en-la-brecha-garantizara-abasto-para-san-jose-y-bellavista\/\" \/>\n<meta property=\"og:locale\" content=\"es_MX\" \/>\n<meta property=\"og:type\" content=\"article\" \/>\n<meta property=\"og:title\" content=\"Rehabilitaci\u00f3n de planta potabilizadora en La Brecha garantizar\u00e1 abasto para San Jos\u00e9 y Bellavista - Fuentes Fidedignas\" \/>\n<meta property=\"og:description\" content=\"Al inaugurar esta obra hidr\u00e1ulica en el municipio de Guasave, el gobernador Rub\u00e9n Rocha aprovech\u00f3 para anunciar la pr\u00f3xima construcci\u00f3n de un puente entre Bellavista y Las Glorias Guasave, Sin.- Con plena convicci\u00f3n de que la inversi\u00f3n en infraestructura reduce el nivel de desigualdad al brindar a la poblaci\u00f3n el acceso a servicios b\u00e1sicos que [&hellip;]\" \/>\n<meta property=\"og:url\" content=\"https:\/\/fuentesfidedignas.com.mx\/index.php\/2023\/07\/20\/rehabilitacion-de-planta-potabilizadora-en-la-brecha-garantizara-abasto-para-san-jose-y-bellavista\/\" \/>\n<meta property=\"og:site_name\" content=\"Fuentes Fidedignas\" \/>\n<meta property=\"article:publisher\" content=\"https:\/\/www.facebook.com\/Fuentes-Fidedignas-368234489921644\" \/>\n<meta property=\"article:published_time\" content=\"2023-07-20T21:22:07+00:00\" \/>\n<meta property=\"article:modified_time\" content=\"2023-07-20T21:25:46+00:00\" \/>\n<meta property=\"og:image\" content=\"https:\/\/fuentesfidedignas.com.mx\/wp-content\/uploads\/2023\/07\/IMG-20230720-WA0017.jpg\" \/>\n\t<meta property=\"og:image:width\" content=\"1600\" \/>\n\t<meta property=\"og:image:height\" content=\"1066\" \/>\n\t<meta property=\"og:image:type\" content=\"image\/jpeg\" \/>\n<meta name=\"author\" content=\"Redacci\u00f3n\" \/>\n<meta name=\"twitter:card\" content=\"summary_large_image\" \/>\n<meta name=\"twitter:creator\" content=\"@fidedignas\" \/>\n<meta name=\"twitter:site\" content=\"@fidedignas\" \/>\n<meta name=\"twitter:label1\" content=\"Escrito por\" \/>\n\t<meta name=\"twitter:data1\" content=\"Redacci\u00f3n\" \/>\n\t<meta name=\"twitter:label2\" content=\"Tiempo de lectura\" \/>\n\t<meta name=\"twitter:data2\" content=\"3 minutos\" \/>\n<script type=\"application\/ld+json\" class=\"yoast-schema-graph\">{\"@context\":\"https:\\\/\\\/schema.org\",\"@graph\":[{\"@type\":\"Article\",\"@id\":\"https:\\\/\\\/fuentesfidedignas.com.mx\\\/index.php\\\/2023\\\/07\\\/20\\\/rehabilitacion-de-planta-potabilizadora-en-la-brecha-garantizara-abasto-para-san-jose-y-bellavista\\\/#article\",\"isPartOf\":{\"@id\":\"https:\\\/\\\/fuentesfidedignas.com.mx\\\/index.php\\\/2023\\\/07\\\/20\\\/rehabilitacion-de-planta-potabilizadora-en-la-brecha-garantizara-abasto-para-san-jose-y-bellavista\\\/\"},\"author\":{\"name\":\"Redacci\u00f3n\",\"@id\":\"https:\\\/\\\/fuentesfidedignas.com.mx\\\/#\\\/schema\\\/person\\\/331be9283d37198e2acd5750279085b0\"},\"headline\":\"Rehabilitaci\u00f3n de planta potabilizadora en La Brecha garantizar\u00e1 abasto para San Jos\u00e9 y Bellavista\",\"datePublished\":\"2023-07-20T21:22:07+00:00\",\"dateModified\":\"2023-07-20T21:25:46+00:00\",\"mainEntityOfPage\":{\"@id\":\"https:\\\/\\\/fuentesfidedignas.com.mx\\\/index.php\\\/2023\\\/07\\\/20\\\/rehabilitacion-de-planta-potabilizadora-en-la-brecha-garantizara-abasto-para-san-jose-y-bellavista\\\/\"},\"wordCount\":627,\"commentCount\":0,\"publisher\":{\"@id\":\"https:\\\/\\\/fuentesfidedignas.com.mx\\\/#organization\"},\"image\":{\"@id\":\"https:\\\/\\\/fuentesfidedignas.com.mx\\\/index.php\\\/2023\\\/07\\\/20\\\/rehabilitacion-de-planta-potabilizadora-en-la-brecha-garantizara-abasto-para-san-jose-y-bellavista\\\/#primaryimage\"},\"thumbnailUrl\":\"https:\\\/\\\/fuentesfidedignas.com.mx\\\/wp-content\\\/uploads\\\/2023\\\/07\\\/IMG-20230720-WA0017.jpg\",\"articleSection\":[\"NOTICIAS LOCALES\"],\"inLanguage\":\"es\",\"potentialAction\":[{\"@type\":\"CommentAction\",\"name\":\"Comment\",\"target\":[\"https:\\\/\\\/fuentesfidedignas.com.mx\\\/index.php\\\/2023\\\/07\\\/20\\\/rehabilitacion-de-planta-potabilizadora-en-la-brecha-garantizara-abasto-para-san-jose-y-bellavista\\\/#respond\"]}]},{\"@type\":\"WebPage\",\"@id\":\"https:\\\/\\\/fuentesfidedignas.com.mx\\\/index.php\\\/2023\\\/07\\\/20\\\/rehabilitacion-de-planta-potabilizadora-en-la-brecha-garantizara-abasto-para-san-jose-y-bellavista\\\/\",\"url\":\"https:\\\/\\\/fuentesfidedignas.com.mx\\\/index.php\\\/2023\\\/07\\\/20\\\/rehabilitacion-de-planta-potabilizadora-en-la-brecha-garantizara-abasto-para-san-jose-y-bellavista\\\/\",\"name\":\"Rehabilitaci\u00f3n de planta potabilizadora en La Brecha garantizar\u00e1 abasto para San Jos\u00e9 y Bellavista - Fuentes Fidedignas\",\"isPartOf\":{\"@id\":\"https:\\\/\\\/fuentesfidedignas.com.mx\\\/#website\"},\"primaryImageOfPage\":{\"@id\":\"https:\\\/\\\/fuentesfidedignas.com.mx\\\/index.php\\\/2023\\\/07\\\/20\\\/rehabilitacion-de-planta-potabilizadora-en-la-brecha-garantizara-abasto-para-san-jose-y-bellavista\\\/#primaryimage\"},\"image\":{\"@id\":\"https:\\\/\\\/fuentesfidedignas.com.mx\\\/index.php\\\/2023\\\/07\\\/20\\\/rehabilitacion-de-planta-potabilizadora-en-la-brecha-garantizara-abasto-para-san-jose-y-bellavista\\\/#primaryimage\"},\"thumbnailUrl\":\"https:\\\/\\\/fuentesfidedignas.com.mx\\\/wp-content\\\/uploads\\\/2023\\\/07\\\/IMG-20230720-WA0017.jpg\",\"datePublished\":\"2023-07-20T21:22:07+00:00\",\"dateModified\":\"2023-07-20T21:25:46+00:00\",\"breadcrumb\":{\"@id\":\"https:\\\/\\\/fuentesfidedignas.com.mx\\\/index.php\\\/2023\\\/07\\\/20\\\/rehabilitacion-de-planta-potabilizadora-en-la-brecha-garantizara-abasto-para-san-jose-y-bellavista\\\/#breadcrumb\"},\"inLanguage\":\"es\",\"potentialAction\":[{\"@type\":\"ReadAction\",\"target\":[\"https:\\\/\\\/fuentesfidedignas.com.mx\\\/index.php\\\/2023\\\/07\\\/20\\\/rehabilitacion-de-planta-potabilizadora-en-la-brecha-garantizara-abasto-para-san-jose-y-bellavista\\\/\"]}]},{\"@type\":\"ImageObject\",\"inLanguage\":\"es\",\"@id\":\"https:\\\/\\\/fuentesfidedignas.com.mx\\\/index.php\\\/2023\\\/07\\\/20\\\/rehabilitacion-de-planta-potabilizadora-en-la-brecha-garantizara-abasto-para-san-jose-y-bellavista\\\/#primaryimage\",\"url\":\"https:\\\/\\\/fuentesfidedignas.com.mx\\\/wp-content\\\/uploads\\\/2023\\\/07\\\/IMG-20230720-WA0017.jpg\",\"contentUrl\":\"https:\\\/\\\/fuentesfidedignas.com.mx\\\/wp-content\\\/uploads\\\/2023\\\/07\\\/IMG-20230720-WA0017.jpg\",\"width\":1600,\"height\":1066},{\"@type\":\"BreadcrumbList\",\"@id\":\"https:\\\/\\\/fuentesfidedignas.com.mx\\\/index.php\\\/2023\\\/07\\\/20\\\/rehabilitacion-de-planta-potabilizadora-en-la-brecha-garantizara-abasto-para-san-jose-y-bellavista\\\/#breadcrumb\",\"itemListElement\":[{\"@type\":\"ListItem\",\"position\":1,\"name\":\"Inicio\",\"item\":\"https:\\\/\\\/fuentesfidedignas.com.mx\\\/\"},{\"@type\":\"ListItem\",\"position\":2,\"name\":\"Rehabilitaci\u00f3n de planta potabilizadora en La Brecha garantizar\u00e1 abasto para San Jos\u00e9 y Bellavista\"}]},{\"@type\":\"WebSite\",\"@id\":\"https:\\\/\\\/fuentesfidedignas.com.mx\\\/#website\",\"url\":\"https:\\\/\\\/fuentesfidedignas.com.mx\\\/\",\"name\":\"Fuentes Fidedignas\",\"description\":\"Otro sitio realizado con WordPress\",\"publisher\":{\"@id\":\"https:\\\/\\\/fuentesfidedignas.com.mx\\\/#organization\"},\"potentialAction\":[{\"@type\":\"SearchAction\",\"target\":{\"@type\":\"EntryPoint\",\"urlTemplate\":\"https:\\\/\\\/fuentesfidedignas.com.mx\\\/?s={search_term_string}\"},\"query-input\":{\"@type\":\"PropertyValueSpecification\",\"valueRequired\":true,\"valueName\":\"search_term_string\"}}],\"inLanguage\":\"es\"},{\"@type\":\"Organization\",\"@id\":\"https:\\\/\\\/fuentesfidedignas.com.mx\\\/#organization\",\"name\":\"Fuentes Fidedignas\",\"url\":\"https:\\\/\\\/fuentesfidedignas.com.mx\\\/\",\"logo\":{\"@type\":\"ImageObject\",\"inLanguage\":\"es\",\"@id\":\"https:\\\/\\\/fuentesfidedignas.com.mx\\\/#\\\/schema\\\/logo\\\/image\\\/\",\"url\":\"https:\\\/\\\/fuentesfidedignas.com.mx\\\/wp-content\\\/uploads\\\/2021\\\/04\\\/logo-retina.png\",\"contentUrl\":\"https:\\\/\\\/fuentesfidedignas.com.mx\\\/wp-content\\\/uploads\\\/2021\\\/04\\\/logo-retina.png\",\"width\":280,\"height\":51,\"caption\":\"Fuentes Fidedignas\"},\"image\":{\"@id\":\"https:\\\/\\\/fuentesfidedignas.com.mx\\\/#\\\/schema\\\/logo\\\/image\\\/\"},\"sameAs\":[\"https:\\\/\\\/www.facebook.com\\\/Fuentes-Fidedignas-368234489921644\",\"https:\\\/\\\/x.com\\\/fidedignas\"]},{\"@type\":\"Person\",\"@id\":\"https:\\\/\\\/fuentesfidedignas.com.mx\\\/#\\\/schema\\\/person\\\/331be9283d37198e2acd5750279085b0\",\"name\":\"Redacci\u00f3n\",\"image\":{\"@type\":\"ImageObject\",\"inLanguage\":\"es\",\"@id\":\"https:\\\/\\\/secure.gravatar.com\\\/avatar\\\/f6d8782c11d12b2d4ad3fbb6931aeab5309937a4d6cd2fc9cfaa28a6396a5aec?s=96&d=mm&r=g\",\"url\":\"https:\\\/\\\/secure.gravatar.com\\\/avatar\\\/f6d8782c11d12b2d4ad3fbb6931aeab5309937a4d6cd2fc9cfaa28a6396a5aec?s=96&d=mm&r=g\",\"contentUrl\":\"https:\\\/\\\/secure.gravatar.com\\\/avatar\\\/f6d8782c11d12b2d4ad3fbb6931aeab5309937a4d6cd2fc9cfaa28a6396a5aec?s=96&d=mm&r=g\",\"caption\":\"Redacci\u00f3n\"},\"url\":\"https:\\\/\\\/fuentesfidedignas.com.mx\\\/index.php\\\/author\\\/redaccion\\\/\"}]}<\/script>\n<!-- \/ Yoast SEO plugin. -->","yoast_head_json":{"title":"Rehabilitaci\u00f3n de planta potabilizadora en La Brecha garantizar\u00e1 abasto para San Jos\u00e9 y Bellavista - Fuentes Fidedignas","robots":{"index":"index","follow":"follow","max-snippet":"max-snippet:-1","max-image-preview":"max-image-preview:large","max-video-preview":"max-video-preview:-1"},"canonical":"https:\/\/fuentesfidedignas.com.mx\/index.php\/2023\/07\/20\/rehabilitacion-de-planta-potabilizadora-en-la-brecha-garantizara-abasto-para-san-jose-y-bellavista\/","og_locale":"es_MX","og_type":"article","og_title":"Rehabilitaci\u00f3n de planta potabilizadora en La Brecha garantizar\u00e1 abasto para San Jos\u00e9 y Bellavista - Fuentes Fidedignas","og_description":"Al inaugurar esta obra hidr\u00e1ulica en el municipio de Guasave, el gobernador Rub\u00e9n Rocha aprovech\u00f3 para anunciar la pr\u00f3xima construcci\u00f3n de un puente entre Bellavista y Las Glorias Guasave, Sin.- Con plena convicci\u00f3n de que la inversi\u00f3n en infraestructura reduce el nivel de desigualdad al brindar a la poblaci\u00f3n el acceso a servicios b\u00e1sicos que [&hellip;]","og_url":"https:\/\/fuentesfidedignas.com.mx\/index.php\/2023\/07\/20\/rehabilitacion-de-planta-potabilizadora-en-la-brecha-garantizara-abasto-para-san-jose-y-bellavista\/","og_site_name":"Fuentes Fidedignas","article_publisher":"https:\/\/www.facebook.com\/Fuentes-Fidedignas-368234489921644","article_published_time":"2023-07-20T21:22:07+00:00","article_modified_time":"2023-07-20T21:25:46+00:00","og_image":[{"width":1600,"height":1066,"url":"https:\/\/fuentesfidedignas.com.mx\/wp-content\/uploads\/2023\/07\/IMG-20230720-WA0017.jpg","type":"image\/jpeg"}],"author":"Redacci\u00f3n","twitter_card":"summary_large_image","twitter_creator":"@fidedignas","twitter_site":"@fidedignas","twitter_misc":{"Escrito por":"Redacci\u00f3n","Tiempo de lectura":"3 minutos"},"schema":{"@context":"https:\/\/schema.org","@graph":[{"@type":"Article","@id":"https:\/\/fuentesfidedignas.com.mx\/index.php\/2023\/07\/20\/rehabilitacion-de-planta-potabilizadora-en-la-brecha-garantizara-abasto-para-san-jose-y-bellavista\/#article","isPartOf":{"@id":"https:\/\/fuentesfidedignas.com.mx\/index.php\/2023\/07\/20\/rehabilitacion-de-planta-potabilizadora-en-la-brecha-garantizara-abasto-para-san-jose-y-bellavista\/"},"author":{"name":"Redacci\u00f3n","@id":"https:\/\/fuentesfidedignas.com.mx\/#\/schema\/person\/331be9283d37198e2acd5750279085b0"},"headline":"Rehabilitaci\u00f3n de planta potabilizadora en La Brecha garantizar\u00e1 abasto para San Jos\u00e9 y Bellavista","datePublished":"2023-07-20T21:22:07+00:00","dateModified":"2023-07-20T21:25:46+00:00","mainEntityOfPage":{"@id":"https:\/\/fuentesfidedignas.com.mx\/index.php\/2023\/07\/20\/rehabilitacion-de-planta-potabilizadora-en-la-brecha-garantizara-abasto-para-san-jose-y-bellavista\/"},"wordCount":627,"commentCount":0,"publisher":{"@id":"https:\/\/fuentesfidedignas.com.mx\/#organization"},"image":{"@id":"https:\/\/fuentesfidedignas.com.mx\/index.php\/2023\/07\/20\/rehabilitacion-de-planta-potabilizadora-en-la-brecha-garantizara-abasto-para-san-jose-y-bellavista\/#primaryimage"},"thumbnailUrl":"https:\/\/fuentesfidedignas.com.mx\/wp-content\/uploads\/2023\/07\/IMG-20230720-WA0017.jpg","articleSection":["NOTICIAS LOCALES"],"inLanguage":"es","potentialAction":[{"@type":"CommentAction","name":"Comment","target":["https:\/\/fuentesfidedignas.com.mx\/index.php\/2023\/07\/20\/rehabilitacion-de-planta-potabilizadora-en-la-brecha-garantizara-abasto-para-san-jose-y-bellavista\/#respond"]}]},{"@type":"WebPage","@id":"https:\/\/fuentesfidedignas.com.mx\/index.php\/2023\/07\/20\/rehabilitacion-de-planta-potabilizadora-en-la-brecha-garantizara-abasto-para-san-jose-y-bellavista\/","url":"https:\/\/fuentesfidedignas.com.mx\/index.php\/2023\/07\/20\/rehabilitacion-de-planta-potabilizadora-en-la-brecha-garantizara-abasto-para-san-jose-y-bellavista\/","name":"Rehabilitaci\u00f3n de planta potabilizadora en La Brecha garantizar\u00e1 abasto para San Jos\u00e9 y Bellavista - Fuentes Fidedignas","isPartOf":{"@id":"https:\/\/fuentesfidedignas.com.mx\/#website"},"primaryImageOfPage":{"@id":"https:\/\/fuentesfidedignas.com.mx\/index.php\/2023\/07\/20\/rehabilitacion-de-planta-potabilizadora-en-la-brecha-garantizara-abasto-para-san-jose-y-bellavista\/#primaryimage"},"image":{"@id":"https:\/\/fuentesfidedignas.com.mx\/index.php\/2023\/07\/20\/rehabilitacion-de-planta-potabilizadora-en-la-brecha-garantizara-abasto-para-san-jose-y-bellavista\/#primaryimage"},"thumbnailUrl":"https:\/\/fuentesfidedignas.com.mx\/wp-content\/uploads\/2023\/07\/IMG-20230720-WA0017.jpg","datePublished":"2023-07-20T21:22:07+00:00","dateModified":"2023-07-20T21:25:46+00:00","breadcrumb":{"@id":"https:\/\/fuentesfidedignas.com.mx\/index.php\/2023\/07\/20\/rehabilitacion-de-planta-potabilizadora-en-la-brecha-garantizara-abasto-para-san-jose-y-bellavista\/#breadcrumb"},"inLanguage":"es","potentialAction":[{"@type":"ReadAction","target":["https:\/\/fuentesfidedignas.com.mx\/index.php\/2023\/07\/20\/rehabilitacion-de-planta-potabilizadora-en-la-brecha-garantizara-abasto-para-san-jose-y-bellavista\/"]}]},{"@type":"ImageObject","inLanguage":"es","@id":"https:\/\/fuentesfidedignas.com.mx\/index.php\/2023\/07\/20\/rehabilitacion-de-planta-potabilizadora-en-la-brecha-garantizara-abasto-para-san-jose-y-bellavista\/#primaryimage","url":"https:\/\/fuentesfidedignas.com.mx\/wp-content\/uploads\/2023\/07\/IMG-20230720-WA0017.jpg","contentUrl":"https:\/\/fuentesfidedignas.com.mx\/wp-content\/uploads\/2023\/07\/IMG-20230720-WA0017.jpg","width":1600,"height":1066},{"@type":"BreadcrumbList","@id":"https:\/\/fuentesfidedignas.com.mx\/index.php\/2023\/07\/20\/rehabilitacion-de-planta-potabilizadora-en-la-brecha-garantizara-abasto-para-san-jose-y-bellavista\/#breadcrumb","itemListElement":[{"@type":"ListItem","position":1,"name":"Inicio","item":"https:\/\/fuentesfidedignas.com.mx\/"},{"@type":"ListItem","position":2,"name":"Rehabilitaci\u00f3n de planta potabilizadora en La Brecha garantizar\u00e1 abasto para San Jos\u00e9 y Bellavista"}]},{"@type":"WebSite","@id":"https:\/\/fuentesfidedignas.com.mx\/#website","url":"https:\/\/fuentesfidedignas.com.mx\/","name":"Fuentes Fidedignas","description":"Otro sitio realizado con WordPress","publisher":{"@id":"https:\/\/fuentesfidedignas.com.mx\/#organization"},"potentialAction":[{"@type":"SearchAction","target":{"@type":"EntryPoint","urlTemplate":"https:\/\/fuentesfidedignas.com.mx\/?s={search_term_string}"},"query-input":{"@type":"PropertyValueSpecification","valueRequired":true,"valueName":"search_term_string"}}],"inLanguage":"es"},{"@type":"Organization","@id":"https:\/\/fuentesfidedignas.com.mx\/#organization","name":"Fuentes Fidedignas","url":"https:\/\/fuentesfidedignas.com.mx\/","logo":{"@type":"ImageObject","inLanguage":"es","@id":"https:\/\/fuentesfidedignas.com.mx\/#\/schema\/logo\/image\/","url":"https:\/\/fuentesfidedignas.com.mx\/wp-content\/uploads\/2021\/04\/logo-retina.png","contentUrl":"https:\/\/fuentesfidedignas.com.mx\/wp-content\/uploads\/2021\/04\/logo-retina.png","width":280,"height":51,"caption":"Fuentes Fidedignas"},"image":{"@id":"https:\/\/fuentesfidedignas.com.mx\/#\/schema\/logo\/image\/"},"sameAs":["https:\/\/www.facebook.com\/Fuentes-Fidedignas-368234489921644","https:\/\/x.com\/fidedignas"]},{"@type":"Person","@id":"https:\/\/fuentesfidedignas.com.mx\/#\/schema\/person\/331be9283d37198e2acd5750279085b0","name":"Redacci\u00f3n","image":{"@type":"ImageObject","inLanguage":"es","@id":"https:\/\/secure.gravatar.com\/avatar\/f6d8782c11d12b2d4ad3fbb6931aeab5309937a4d6cd2fc9cfaa28a6396a5aec?s=96&d=mm&r=g","url":"https:\/\/secure.gravatar.com\/avatar\/f6d8782c11d12b2d4ad3fbb6931aeab5309937a4d6cd2fc9cfaa28a6396a5aec?s=96&d=mm&r=g","contentUrl":"https:\/\/secure.gravatar.com\/avatar\/f6d8782c11d12b2d4ad3fbb6931aeab5309937a4d6cd2fc9cfaa28a6396a5aec?s=96&d=mm&r=g","caption":"Redacci\u00f3n"},"url":"https:\/\/fuentesfidedignas.com.mx\/index.php\/author\/redaccion\/"}]}},"_links":{"self":[{"href":"https:\/\/fuentesfidedignas.com.mx\/index.php\/wp-json\/wp\/v2\/posts\/53288","targetHints":{"allow":["GET"]}}],"collection":[{"href":"https:\/\/fuentesfidedignas.com.mx\/index.php\/wp-json\/wp\/v2\/posts"}],"about":[{"href":"https:\/\/fuentesfidedignas.com.mx\/index.php\/wp-json\/wp\/v2\/types\/post"}],"author":[{"embeddable":true,"href":"https:\/\/fuentesfidedignas.com.mx\/index.php\/wp-json\/wp\/v2\/users\/4"}],"replies":[{"embeddable":true,"href":"https:\/\/fuentesfidedignas.com.mx\/index.php\/wp-json\/wp\/v2\/comments?post=53288"}],"version-history":[{"count":2,"href":"https:\/\/fuentesfidedignas.com.mx\/index.php\/wp-json\/wp\/v2\/posts\/53288\/revisions"}],"predecessor-version":[{"id":53297,"href":"https:\/\/fuentesfidedignas.com.mx\/index.php\/wp-json\/wp\/v2\/posts\/53288\/revisions\/53297"}],"wp:featuredmedia":[{"embeddable":true,"href":"https:\/\/fuentesfidedignas.com.mx\/index.php\/wp-json\/wp\/v2\/media\/53290"}],"wp:attachment":[{"href":"https:\/\/fuentesfidedignas.com.mx\/index.php\/wp-json\/wp\/v2\/media?parent=53288"}],"wp:term":[{"taxonomy":"category","embeddable":true,"href":"https:\/\/fuentesfidedignas.com.mx\/index.php\/wp-json\/wp\/v2\/categories?post=53288"},{"taxonomy":"post_tag","embeddable":true,"href":"https:\/\/fuentesfidedignas.com.mx\/index.php\/wp-json\/wp\/v2\/tags?post=53288"}],"curies":[{"name":"wp","href":"https:\/\/api.w.org\/{rel}","templated":true}]}}