{"id":53195,"date":"2023-07-19T12:34:45","date_gmt":"2023-07-19T19:34:45","guid":{"rendered":"https:\/\/fuentesfidedignas.com.mx\/?p=53195"},"modified":"2023-07-19T13:16:28","modified_gmt":"2023-07-19T20:16:28","slug":"fiscalia-planto-un-gps-en-su-vehiculo-cuen-denuncia-espionaje8557","status":"publish","type":"post","link":"https:\/\/fuentesfidedignas.com.mx\/index.php\/2023\/07\/19\/fiscalia-planto-un-gps-en-su-vehiculo-cuen-denuncia-espionaje8557\/","title":{"rendered":"Fiscal\u00eda plant\u00f3 un GPS en mi carro: Cu\u00e9n denuncia espionaje"},"content":{"rendered":"\n<p><strong><em>Encuentra GPS plantado por elementos de la Fiscal\u00eda del Estado<\/em><\/strong><\/p>\n\n\n\n<p>Culiac\u00e1n, Sin.- El Presidente Estatal del Partido Sinaloense, H\u00e9ctor Melesio Cu\u00e9n Ojeda denunci\u00f3 que el d\u00eda de ayer mientras se encontraba grabando la edici\u00f3n n\u00famero 17 de su Podcast \u201cCuentas Claras\u201d, un elemento de la Fiscal\u00eda General del Estado, se meti\u00f3 por debajo de su carro, lo que llam\u00f3 la atenci\u00f3n del personal que acompa\u00f1aba a Cu\u00e9n Ojeda.<\/p>\n\n\n\n<p>\u201c<strong>Nos dimos cuenta que era gente de la ministerial, personal de la Fiscal\u00eda General del Estado de Sinaloa, posteriormente dijimos ojal\u00e1 no sea un explosivo, nos subimos al carro, lo encendimos y nos fuimos a casa<\/strong>\u201d, detall\u00f3.<\/p>\n\n\n\n<iframe loading=\"lazy\" src=\"https:\/\/www.facebook.com\/plugins\/video.php?height=314&#038;href=https%3A%2F%2Fweb.facebook.com%2Fhectormelesiocuen%2Fvideos%2F625141659656748%2F&#038;show_text=false&#038;width=560&#038;t=0\" width=\"560\" height=\"314\" style=\"border:none;overflow:hidden\" scrolling=\"no\" frameborder=\"0\" allowfullscreen=\"true\" allow=\"autoplay; clipboard-write; encrypted-media; picture-in-picture; web-share\" allowFullScreen=\"true\"><\/iframe>\n\n\n\n<p>En ese sentido el L\u00edder del PAS mencion\u00f3 que una vez ya encontr\u00e1ndose en su casa revisaron minuciosamente el carro, llev\u00e1ndose la sorpresa de que le instalaron un rastreador, siendo esto una violaci\u00f3n a su privacidad trat\u00e1ndose de un espionaje por parte de Gobierno del Estado.<\/p>\n\n\n\n<p><strong>\u201cYo le digo al Gobierno del Estado de Sinaloa, a la Fiscal\u00eda, que el buen juez por su casa empieza \u00bfC\u00f3mo ustedes quieren tener un Sinaloa tranquilo?, \u00bfC\u00f3mo quieren tener un Sinaloa donde exista un Estado de Derecho, cu\u00e1ndo sus autoridades ni siquiera lo impulsan?\u201d<\/strong>, cuestion\u00f3 Cu\u00e9n Ojeda.<\/p>\n\n\n\n<p>Finalmente hizo un llamado al Gobernador a poner orden en el Estado y dejar de estar espiando a las personas, reiterando que est\u00e1 dispuesto a que se revise el GPS que tiene en su poder.<\/p>\n","protected":false},"excerpt":{"rendered":"<p>Encuentra GPS plantado por elementos de la Fiscal\u00eda del Estado Culiac\u00e1n, Sin.- El Presidente Estatal del Partido Sinaloense, H\u00e9ctor Melesio Cu\u00e9n Ojeda denunci\u00f3 que el d\u00eda de ayer mientras se encontraba grabando la edici\u00f3n n\u00famero 17 de su Podcast \u201cCuentas Claras\u201d, un elemento de la Fiscal\u00eda General del Estado, se meti\u00f3 por debajo de su [&hellip;]<\/p>\n","protected":false},"author":4,"featured_media":53197,"comment_status":"open","ping_status":"open","sticky":false,"template":"","format":"standard","meta":{"tdm_status":"","tdm_grid_status":"","footnotes":""},"categories":[37,1],"tags":[],"class_list":{"0":"post-53195","1":"post","2":"type-post","3":"status-publish","4":"format-standard","5":"has-post-thumbnail","7":"category-nota-principal","8":"category-sin-categoria"},"yoast_head":"<!-- This site is optimized with the Yoast SEO plugin v27.5 - https:\/\/yoast.com\/product\/yoast-seo-wordpress\/ -->\n<title>Fiscal\u00eda plant\u00f3 un GPS en mi carro: Cu\u00e9n denuncia espionaje - Fuentes Fidedignas<\/title>\n<meta name=\"robots\" content=\"index, follow, max-snippet:-1, max-image-preview:large, max-video-preview:-1\" \/>\n<link rel=\"canonical\" href=\"https:\/\/fuentesfidedignas.com.mx\/index.php\/2023\/07\/19\/fiscalia-planto-un-gps-en-su-vehiculo-cuen-denuncia-espionaje8557\/\" \/>\n<meta property=\"og:locale\" content=\"es_MX\" \/>\n<meta property=\"og:type\" content=\"article\" \/>\n<meta property=\"og:title\" content=\"Fiscal\u00eda plant\u00f3 un GPS en mi carro: Cu\u00e9n denuncia espionaje - Fuentes Fidedignas\" \/>\n<meta property=\"og:description\" content=\"Encuentra GPS plantado por elementos de la Fiscal\u00eda del Estado Culiac\u00e1n, Sin.- El Presidente Estatal del Partido Sinaloense, H\u00e9ctor Melesio Cu\u00e9n Ojeda denunci\u00f3 que el d\u00eda de ayer mientras se encontraba grabando la edici\u00f3n n\u00famero 17 de su Podcast \u201cCuentas Claras\u201d, un elemento de la Fiscal\u00eda General del Estado, se meti\u00f3 por debajo de su [&hellip;]\" \/>\n<meta property=\"og:url\" content=\"https:\/\/fuentesfidedignas.com.mx\/index.php\/2023\/07\/19\/fiscalia-planto-un-gps-en-su-vehiculo-cuen-denuncia-espionaje8557\/\" \/>\n<meta property=\"og:site_name\" content=\"Fuentes Fidedignas\" \/>\n<meta property=\"article:publisher\" content=\"https:\/\/www.facebook.com\/Fuentes-Fidedignas-368234489921644\" \/>\n<meta property=\"article:published_time\" content=\"2023-07-19T19:34:45+00:00\" \/>\n<meta property=\"article:modified_time\" content=\"2023-07-19T20:16:28+00:00\" \/>\n<meta property=\"og:image\" content=\"https:\/\/fuentesfidedignas.com.mx\/wp-content\/uploads\/2023\/07\/images-1-1.jpeg\" \/>\n\t<meta property=\"og:image:width\" content=\"777\" \/>\n\t<meta property=\"og:image:height\" content=\"395\" \/>\n\t<meta property=\"og:image:type\" content=\"image\/jpeg\" \/>\n<meta name=\"author\" content=\"Redacci\u00f3n\" \/>\n<meta name=\"twitter:card\" content=\"summary_large_image\" \/>\n<meta name=\"twitter:creator\" content=\"@fidedignas\" \/>\n<meta name=\"twitter:site\" content=\"@fidedignas\" \/>\n<meta name=\"twitter:label1\" content=\"Escrito por\" \/>\n\t<meta name=\"twitter:data1\" content=\"Redacci\u00f3n\" \/>\n\t<meta name=\"twitter:label2\" content=\"Tiempo de lectura\" \/>\n\t<meta name=\"twitter:data2\" content=\"2 minutos\" \/>\n<script type=\"application\/ld+json\" class=\"yoast-schema-graph\">{\"@context\":\"https:\\\/\\\/schema.org\",\"@graph\":[{\"@type\":\"Article\",\"@id\":\"https:\\\/\\\/fuentesfidedignas.com.mx\\\/index.php\\\/2023\\\/07\\\/19\\\/fiscalia-planto-un-gps-en-su-vehiculo-cuen-denuncia-espionaje8557\\\/#article\",\"isPartOf\":{\"@id\":\"https:\\\/\\\/fuentesfidedignas.com.mx\\\/index.php\\\/2023\\\/07\\\/19\\\/fiscalia-planto-un-gps-en-su-vehiculo-cuen-denuncia-espionaje8557\\\/\"},\"author\":{\"name\":\"Redacci\u00f3n\",\"@id\":\"https:\\\/\\\/fuentesfidedignas.com.mx\\\/#\\\/schema\\\/person\\\/331be9283d37198e2acd5750279085b0\"},\"headline\":\"Fiscal\u00eda plant\u00f3 un GPS en mi carro: Cu\u00e9n denuncia espionaje\",\"datePublished\":\"2023-07-19T19:34:45+00:00\",\"dateModified\":\"2023-07-19T20:16:28+00:00\",\"mainEntityOfPage\":{\"@id\":\"https:\\\/\\\/fuentesfidedignas.com.mx\\\/index.php\\\/2023\\\/07\\\/19\\\/fiscalia-planto-un-gps-en-su-vehiculo-cuen-denuncia-espionaje8557\\\/\"},\"wordCount\":268,\"commentCount\":0,\"publisher\":{\"@id\":\"https:\\\/\\\/fuentesfidedignas.com.mx\\\/#organization\"},\"image\":{\"@id\":\"https:\\\/\\\/fuentesfidedignas.com.mx\\\/index.php\\\/2023\\\/07\\\/19\\\/fiscalia-planto-un-gps-en-su-vehiculo-cuen-denuncia-espionaje8557\\\/#primaryimage\"},\"thumbnailUrl\":\"https:\\\/\\\/fuentesfidedignas.com.mx\\\/wp-content\\\/uploads\\\/2023\\\/07\\\/images-1-1.jpeg\",\"articleSection\":[\"NOTA PRINCIPAL\"],\"inLanguage\":\"es\",\"potentialAction\":[{\"@type\":\"CommentAction\",\"name\":\"Comment\",\"target\":[\"https:\\\/\\\/fuentesfidedignas.com.mx\\\/index.php\\\/2023\\\/07\\\/19\\\/fiscalia-planto-un-gps-en-su-vehiculo-cuen-denuncia-espionaje8557\\\/#respond\"]}]},{\"@type\":\"WebPage\",\"@id\":\"https:\\\/\\\/fuentesfidedignas.com.mx\\\/index.php\\\/2023\\\/07\\\/19\\\/fiscalia-planto-un-gps-en-su-vehiculo-cuen-denuncia-espionaje8557\\\/\",\"url\":\"https:\\\/\\\/fuentesfidedignas.com.mx\\\/index.php\\\/2023\\\/07\\\/19\\\/fiscalia-planto-un-gps-en-su-vehiculo-cuen-denuncia-espionaje8557\\\/\",\"name\":\"Fiscal\u00eda plant\u00f3 un GPS en mi carro: Cu\u00e9n denuncia espionaje - Fuentes Fidedignas\",\"isPartOf\":{\"@id\":\"https:\\\/\\\/fuentesfidedignas.com.mx\\\/#website\"},\"primaryImageOfPage\":{\"@id\":\"https:\\\/\\\/fuentesfidedignas.com.mx\\\/index.php\\\/2023\\\/07\\\/19\\\/fiscalia-planto-un-gps-en-su-vehiculo-cuen-denuncia-espionaje8557\\\/#primaryimage\"},\"image\":{\"@id\":\"https:\\\/\\\/fuentesfidedignas.com.mx\\\/index.php\\\/2023\\\/07\\\/19\\\/fiscalia-planto-un-gps-en-su-vehiculo-cuen-denuncia-espionaje8557\\\/#primaryimage\"},\"thumbnailUrl\":\"https:\\\/\\\/fuentesfidedignas.com.mx\\\/wp-content\\\/uploads\\\/2023\\\/07\\\/images-1-1.jpeg\",\"datePublished\":\"2023-07-19T19:34:45+00:00\",\"dateModified\":\"2023-07-19T20:16:28+00:00\",\"breadcrumb\":{\"@id\":\"https:\\\/\\\/fuentesfidedignas.com.mx\\\/index.php\\\/2023\\\/07\\\/19\\\/fiscalia-planto-un-gps-en-su-vehiculo-cuen-denuncia-espionaje8557\\\/#breadcrumb\"},\"inLanguage\":\"es\",\"potentialAction\":[{\"@type\":\"ReadAction\",\"target\":[\"https:\\\/\\\/fuentesfidedignas.com.mx\\\/index.php\\\/2023\\\/07\\\/19\\\/fiscalia-planto-un-gps-en-su-vehiculo-cuen-denuncia-espionaje8557\\\/\"]}]},{\"@type\":\"ImageObject\",\"inLanguage\":\"es\",\"@id\":\"https:\\\/\\\/fuentesfidedignas.com.mx\\\/index.php\\\/2023\\\/07\\\/19\\\/fiscalia-planto-un-gps-en-su-vehiculo-cuen-denuncia-espionaje8557\\\/#primaryimage\",\"url\":\"https:\\\/\\\/fuentesfidedignas.com.mx\\\/wp-content\\\/uploads\\\/2023\\\/07\\\/images-1-1.jpeg\",\"contentUrl\":\"https:\\\/\\\/fuentesfidedignas.com.mx\\\/wp-content\\\/uploads\\\/2023\\\/07\\\/images-1-1.jpeg\",\"width\":777,\"height\":395},{\"@type\":\"BreadcrumbList\",\"@id\":\"https:\\\/\\\/fuentesfidedignas.com.mx\\\/index.php\\\/2023\\\/07\\\/19\\\/fiscalia-planto-un-gps-en-su-vehiculo-cuen-denuncia-espionaje8557\\\/#breadcrumb\",\"itemListElement\":[{\"@type\":\"ListItem\",\"position\":1,\"name\":\"Inicio\",\"item\":\"https:\\\/\\\/fuentesfidedignas.com.mx\\\/\"},{\"@type\":\"ListItem\",\"position\":2,\"name\":\"Fiscal\u00eda plant\u00f3 un GPS en mi carro: Cu\u00e9n denuncia espionaje\"}]},{\"@type\":\"WebSite\",\"@id\":\"https:\\\/\\\/fuentesfidedignas.com.mx\\\/#website\",\"url\":\"https:\\\/\\\/fuentesfidedignas.com.mx\\\/\",\"name\":\"Fuentes Fidedignas\",\"description\":\"Otro sitio realizado con WordPress\",\"publisher\":{\"@id\":\"https:\\\/\\\/fuentesfidedignas.com.mx\\\/#organization\"},\"potentialAction\":[{\"@type\":\"SearchAction\",\"target\":{\"@type\":\"EntryPoint\",\"urlTemplate\":\"https:\\\/\\\/fuentesfidedignas.com.mx\\\/?s={search_term_string}\"},\"query-input\":{\"@type\":\"PropertyValueSpecification\",\"valueRequired\":true,\"valueName\":\"search_term_string\"}}],\"inLanguage\":\"es\"},{\"@type\":\"Organization\",\"@id\":\"https:\\\/\\\/fuentesfidedignas.com.mx\\\/#organization\",\"name\":\"Fuentes Fidedignas\",\"url\":\"https:\\\/\\\/fuentesfidedignas.com.mx\\\/\",\"logo\":{\"@type\":\"ImageObject\",\"inLanguage\":\"es\",\"@id\":\"https:\\\/\\\/fuentesfidedignas.com.mx\\\/#\\\/schema\\\/logo\\\/image\\\/\",\"url\":\"https:\\\/\\\/fuentesfidedignas.com.mx\\\/wp-content\\\/uploads\\\/2021\\\/04\\\/logo-retina.png\",\"contentUrl\":\"https:\\\/\\\/fuentesfidedignas.com.mx\\\/wp-content\\\/uploads\\\/2021\\\/04\\\/logo-retina.png\",\"width\":280,\"height\":51,\"caption\":\"Fuentes Fidedignas\"},\"image\":{\"@id\":\"https:\\\/\\\/fuentesfidedignas.com.mx\\\/#\\\/schema\\\/logo\\\/image\\\/\"},\"sameAs\":[\"https:\\\/\\\/www.facebook.com\\\/Fuentes-Fidedignas-368234489921644\",\"https:\\\/\\\/x.com\\\/fidedignas\"]},{\"@type\":\"Person\",\"@id\":\"https:\\\/\\\/fuentesfidedignas.com.mx\\\/#\\\/schema\\\/person\\\/331be9283d37198e2acd5750279085b0\",\"name\":\"Redacci\u00f3n\",\"image\":{\"@type\":\"ImageObject\",\"inLanguage\":\"es\",\"@id\":\"https:\\\/\\\/secure.gravatar.com\\\/avatar\\\/f6d8782c11d12b2d4ad3fbb6931aeab5309937a4d6cd2fc9cfaa28a6396a5aec?s=96&d=mm&r=g\",\"url\":\"https:\\\/\\\/secure.gravatar.com\\\/avatar\\\/f6d8782c11d12b2d4ad3fbb6931aeab5309937a4d6cd2fc9cfaa28a6396a5aec?s=96&d=mm&r=g\",\"contentUrl\":\"https:\\\/\\\/secure.gravatar.com\\\/avatar\\\/f6d8782c11d12b2d4ad3fbb6931aeab5309937a4d6cd2fc9cfaa28a6396a5aec?s=96&d=mm&r=g\",\"caption\":\"Redacci\u00f3n\"},\"url\":\"https:\\\/\\\/fuentesfidedignas.com.mx\\\/index.php\\\/author\\\/redaccion\\\/\"}]}<\/script>\n<!-- \/ Yoast SEO plugin. -->","yoast_head_json":{"title":"Fiscal\u00eda plant\u00f3 un GPS en mi carro: Cu\u00e9n denuncia espionaje - Fuentes Fidedignas","robots":{"index":"index","follow":"follow","max-snippet":"max-snippet:-1","max-image-preview":"max-image-preview:large","max-video-preview":"max-video-preview:-1"},"canonical":"https:\/\/fuentesfidedignas.com.mx\/index.php\/2023\/07\/19\/fiscalia-planto-un-gps-en-su-vehiculo-cuen-denuncia-espionaje8557\/","og_locale":"es_MX","og_type":"article","og_title":"Fiscal\u00eda plant\u00f3 un GPS en mi carro: Cu\u00e9n denuncia espionaje - Fuentes Fidedignas","og_description":"Encuentra GPS plantado por elementos de la Fiscal\u00eda del Estado Culiac\u00e1n, Sin.- El Presidente Estatal del Partido Sinaloense, H\u00e9ctor Melesio Cu\u00e9n Ojeda denunci\u00f3 que el d\u00eda de ayer mientras se encontraba grabando la edici\u00f3n n\u00famero 17 de su Podcast \u201cCuentas Claras\u201d, un elemento de la Fiscal\u00eda General del Estado, se meti\u00f3 por debajo de su [&hellip;]","og_url":"https:\/\/fuentesfidedignas.com.mx\/index.php\/2023\/07\/19\/fiscalia-planto-un-gps-en-su-vehiculo-cuen-denuncia-espionaje8557\/","og_site_name":"Fuentes Fidedignas","article_publisher":"https:\/\/www.facebook.com\/Fuentes-Fidedignas-368234489921644","article_published_time":"2023-07-19T19:34:45+00:00","article_modified_time":"2023-07-19T20:16:28+00:00","og_image":[{"width":777,"height":395,"url":"https:\/\/fuentesfidedignas.com.mx\/wp-content\/uploads\/2023\/07\/images-1-1.jpeg","type":"image\/jpeg"}],"author":"Redacci\u00f3n","twitter_card":"summary_large_image","twitter_creator":"@fidedignas","twitter_site":"@fidedignas","twitter_misc":{"Escrito por":"Redacci\u00f3n","Tiempo de lectura":"2 minutos"},"schema":{"@context":"https:\/\/schema.org","@graph":[{"@type":"Article","@id":"https:\/\/fuentesfidedignas.com.mx\/index.php\/2023\/07\/19\/fiscalia-planto-un-gps-en-su-vehiculo-cuen-denuncia-espionaje8557\/#article","isPartOf":{"@id":"https:\/\/fuentesfidedignas.com.mx\/index.php\/2023\/07\/19\/fiscalia-planto-un-gps-en-su-vehiculo-cuen-denuncia-espionaje8557\/"},"author":{"name":"Redacci\u00f3n","@id":"https:\/\/fuentesfidedignas.com.mx\/#\/schema\/person\/331be9283d37198e2acd5750279085b0"},"headline":"Fiscal\u00eda plant\u00f3 un GPS en mi carro: Cu\u00e9n denuncia espionaje","datePublished":"2023-07-19T19:34:45+00:00","dateModified":"2023-07-19T20:16:28+00:00","mainEntityOfPage":{"@id":"https:\/\/fuentesfidedignas.com.mx\/index.php\/2023\/07\/19\/fiscalia-planto-un-gps-en-su-vehiculo-cuen-denuncia-espionaje8557\/"},"wordCount":268,"commentCount":0,"publisher":{"@id":"https:\/\/fuentesfidedignas.com.mx\/#organization"},"image":{"@id":"https:\/\/fuentesfidedignas.com.mx\/index.php\/2023\/07\/19\/fiscalia-planto-un-gps-en-su-vehiculo-cuen-denuncia-espionaje8557\/#primaryimage"},"thumbnailUrl":"https:\/\/fuentesfidedignas.com.mx\/wp-content\/uploads\/2023\/07\/images-1-1.jpeg","articleSection":["NOTA PRINCIPAL"],"inLanguage":"es","potentialAction":[{"@type":"CommentAction","name":"Comment","target":["https:\/\/fuentesfidedignas.com.mx\/index.php\/2023\/07\/19\/fiscalia-planto-un-gps-en-su-vehiculo-cuen-denuncia-espionaje8557\/#respond"]}]},{"@type":"WebPage","@id":"https:\/\/fuentesfidedignas.com.mx\/index.php\/2023\/07\/19\/fiscalia-planto-un-gps-en-su-vehiculo-cuen-denuncia-espionaje8557\/","url":"https:\/\/fuentesfidedignas.com.mx\/index.php\/2023\/07\/19\/fiscalia-planto-un-gps-en-su-vehiculo-cuen-denuncia-espionaje8557\/","name":"Fiscal\u00eda plant\u00f3 un GPS en mi carro: Cu\u00e9n denuncia espionaje - Fuentes Fidedignas","isPartOf":{"@id":"https:\/\/fuentesfidedignas.com.mx\/#website"},"primaryImageOfPage":{"@id":"https:\/\/fuentesfidedignas.com.mx\/index.php\/2023\/07\/19\/fiscalia-planto-un-gps-en-su-vehiculo-cuen-denuncia-espionaje8557\/#primaryimage"},"image":{"@id":"https:\/\/fuentesfidedignas.com.mx\/index.php\/2023\/07\/19\/fiscalia-planto-un-gps-en-su-vehiculo-cuen-denuncia-espionaje8557\/#primaryimage"},"thumbnailUrl":"https:\/\/fuentesfidedignas.com.mx\/wp-content\/uploads\/2023\/07\/images-1-1.jpeg","datePublished":"2023-07-19T19:34:45+00:00","dateModified":"2023-07-19T20:16:28+00:00","breadcrumb":{"@id":"https:\/\/fuentesfidedignas.com.mx\/index.php\/2023\/07\/19\/fiscalia-planto-un-gps-en-su-vehiculo-cuen-denuncia-espionaje8557\/#breadcrumb"},"inLanguage":"es","potentialAction":[{"@type":"ReadAction","target":["https:\/\/fuentesfidedignas.com.mx\/index.php\/2023\/07\/19\/fiscalia-planto-un-gps-en-su-vehiculo-cuen-denuncia-espionaje8557\/"]}]},{"@type":"ImageObject","inLanguage":"es","@id":"https:\/\/fuentesfidedignas.com.mx\/index.php\/2023\/07\/19\/fiscalia-planto-un-gps-en-su-vehiculo-cuen-denuncia-espionaje8557\/#primaryimage","url":"https:\/\/fuentesfidedignas.com.mx\/wp-content\/uploads\/2023\/07\/images-1-1.jpeg","contentUrl":"https:\/\/fuentesfidedignas.com.mx\/wp-content\/uploads\/2023\/07\/images-1-1.jpeg","width":777,"height":395},{"@type":"BreadcrumbList","@id":"https:\/\/fuentesfidedignas.com.mx\/index.php\/2023\/07\/19\/fiscalia-planto-un-gps-en-su-vehiculo-cuen-denuncia-espionaje8557\/#breadcrumb","itemListElement":[{"@type":"ListItem","position":1,"name":"Inicio","item":"https:\/\/fuentesfidedignas.com.mx\/"},{"@type":"ListItem","position":2,"name":"Fiscal\u00eda plant\u00f3 un GPS en mi carro: Cu\u00e9n denuncia espionaje"}]},{"@type":"WebSite","@id":"https:\/\/fuentesfidedignas.com.mx\/#website","url":"https:\/\/fuentesfidedignas.com.mx\/","name":"Fuentes Fidedignas","description":"Otro sitio realizado con WordPress","publisher":{"@id":"https:\/\/fuentesfidedignas.com.mx\/#organization"},"potentialAction":[{"@type":"SearchAction","target":{"@type":"EntryPoint","urlTemplate":"https:\/\/fuentesfidedignas.com.mx\/?s={search_term_string}"},"query-input":{"@type":"PropertyValueSpecification","valueRequired":true,"valueName":"search_term_string"}}],"inLanguage":"es"},{"@type":"Organization","@id":"https:\/\/fuentesfidedignas.com.mx\/#organization","name":"Fuentes Fidedignas","url":"https:\/\/fuentesfidedignas.com.mx\/","logo":{"@type":"ImageObject","inLanguage":"es","@id":"https:\/\/fuentesfidedignas.com.mx\/#\/schema\/logo\/image\/","url":"https:\/\/fuentesfidedignas.com.mx\/wp-content\/uploads\/2021\/04\/logo-retina.png","contentUrl":"https:\/\/fuentesfidedignas.com.mx\/wp-content\/uploads\/2021\/04\/logo-retina.png","width":280,"height":51,"caption":"Fuentes Fidedignas"},"image":{"@id":"https:\/\/fuentesfidedignas.com.mx\/#\/schema\/logo\/image\/"},"sameAs":["https:\/\/www.facebook.com\/Fuentes-Fidedignas-368234489921644","https:\/\/x.com\/fidedignas"]},{"@type":"Person","@id":"https:\/\/fuentesfidedignas.com.mx\/#\/schema\/person\/331be9283d37198e2acd5750279085b0","name":"Redacci\u00f3n","image":{"@type":"ImageObject","inLanguage":"es","@id":"https:\/\/secure.gravatar.com\/avatar\/f6d8782c11d12b2d4ad3fbb6931aeab5309937a4d6cd2fc9cfaa28a6396a5aec?s=96&d=mm&r=g","url":"https:\/\/secure.gravatar.com\/avatar\/f6d8782c11d12b2d4ad3fbb6931aeab5309937a4d6cd2fc9cfaa28a6396a5aec?s=96&d=mm&r=g","contentUrl":"https:\/\/secure.gravatar.com\/avatar\/f6d8782c11d12b2d4ad3fbb6931aeab5309937a4d6cd2fc9cfaa28a6396a5aec?s=96&d=mm&r=g","caption":"Redacci\u00f3n"},"url":"https:\/\/fuentesfidedignas.com.mx\/index.php\/author\/redaccion\/"}]}},"_links":{"self":[{"href":"https:\/\/fuentesfidedignas.com.mx\/index.php\/wp-json\/wp\/v2\/posts\/53195","targetHints":{"allow":["GET"]}}],"collection":[{"href":"https:\/\/fuentesfidedignas.com.mx\/index.php\/wp-json\/wp\/v2\/posts"}],"about":[{"href":"https:\/\/fuentesfidedignas.com.mx\/index.php\/wp-json\/wp\/v2\/types\/post"}],"author":[{"embeddable":true,"href":"https:\/\/fuentesfidedignas.com.mx\/index.php\/wp-json\/wp\/v2\/users\/4"}],"replies":[{"embeddable":true,"href":"https:\/\/fuentesfidedignas.com.mx\/index.php\/wp-json\/wp\/v2\/comments?post=53195"}],"version-history":[{"count":4,"href":"https:\/\/fuentesfidedignas.com.mx\/index.php\/wp-json\/wp\/v2\/posts\/53195\/revisions"}],"predecessor-version":[{"id":53200,"href":"https:\/\/fuentesfidedignas.com.mx\/index.php\/wp-json\/wp\/v2\/posts\/53195\/revisions\/53200"}],"wp:featuredmedia":[{"embeddable":true,"href":"https:\/\/fuentesfidedignas.com.mx\/index.php\/wp-json\/wp\/v2\/media\/53197"}],"wp:attachment":[{"href":"https:\/\/fuentesfidedignas.com.mx\/index.php\/wp-json\/wp\/v2\/media?parent=53195"}],"wp:term":[{"taxonomy":"category","embeddable":true,"href":"https:\/\/fuentesfidedignas.com.mx\/index.php\/wp-json\/wp\/v2\/categories?post=53195"},{"taxonomy":"post_tag","embeddable":true,"href":"https:\/\/fuentesfidedignas.com.mx\/index.php\/wp-json\/wp\/v2\/tags?post=53195"}],"curies":[{"name":"wp","href":"https:\/\/api.w.org\/{rel}","templated":true}]}}