{"id":53192,"date":"2023-07-19T11:15:42","date_gmt":"2023-07-19T18:15:42","guid":{"rendered":"https:\/\/fuentesfidedignas.com.mx\/?p=53192"},"modified":"2023-07-19T11:17:37","modified_gmt":"2023-07-19T18:17:37","slug":"oposicion-critico-giras-de-las-corcholatas-de-morena-hoy-hace-lo-mismo","status":"publish","type":"post","link":"https:\/\/fuentesfidedignas.com.mx\/index.php\/2023\/07\/19\/oposicion-critico-giras-de-las-corcholatas-de-morena-hoy-hace-lo-mismo\/","title":{"rendered":"Oposici\u00f3n critic\u00f3 giras de las \u2018corcholatas\u2019 de Morena; hoy hace lo mismo"},"content":{"rendered":"\n<p><strong><em><br>Los aspirantes presidenciales del PAN, PRI y PRD hacen recorridos por el pa\u00eds, al igual que las &#8216;corcholatas&#8217; de Morena<\/em><\/strong><\/p>\n\n\n\n<p>Ciudad de M\u00e9xico. Aunque la oposici\u00f3n critic\u00f3 las giras de las llamadas \u201ccorcholatas\u201d de Morena al se\u00f1alar que violan la ley electoral, los aspirantes a la candidatura presidencial del PAN, PRI y PRD \u2014hoy bajo la alianza Frente Amplio por M\u00e9xico\u2014 se embarcaron a lo mismo, pues desde hace al menos dos semanas han estado recorriendo el pa\u00eds.<\/p>\n\n\n\n<p>La ley establece que la primera semana de septiembre iniciar\u00e1 el proceso electoral 2024, por lo que en octubre los partidos deben entregar al Instituto Nacional Electoral (INE) las convocatorias en las que establecen los procedimientos para elegir a sus candidatos presidenciales.<\/p>\n\n\n\n<p>Sin embargo, tanto el partido oficialista como los de oposici\u00f3n ya iniciaron su proceso para elegir a su contendiente al Poder Ejecutivo, pero con otro t\u00edtulo con el fin de justificar que es un proceso interno: mientras Morena busca a su \u201ccoordinador de los Comit\u00e9s de Defensa de la Cuarta Transformaci\u00f3n\u201d, la oposici\u00f3n elegir\u00e1 a su \u201crepresentante del Frente Amplio por M\u00e9xico\u201d.<\/p>\n\n\n\n<figure class=\"wp-block-embed is-type-rich is-provider-twitter wp-block-embed-twitter\"><div class=\"wp-block-embed__wrapper\">\n<blockquote class=\"twitter-tweet\" data-width=\"550\" data-dnt=\"true\"><p lang=\"es\" dir=\"ltr\">Las mujeres podemos conseguir lo que nos propongamos por m\u00e9rito propio. <br><br>Gracias a todas las que me acompa\u00f1aron en <a href=\"https:\/\/twitter.com\/hashtag\/Torre%C3%B3n?src=hash&amp;ref_src=twsrc%5Etfw\">#Torre\u00f3n<\/a>, me hicieron sentir como en casa. \ud83e\udef6\ud83c\udffc<a href=\"https:\/\/twitter.com\/hashtag\/X%C3%B3chitlVa?src=hash&amp;ref_src=twsrc%5Etfw\">#X\u00f3chitlVa<\/a><a href=\"https:\/\/twitter.com\/hashtag\/M%C3%A9xicoMereceM%C3%A1s?src=hash&amp;ref_src=twsrc%5Etfw\">#M\u00e9xicoMereceM\u00e1s<\/a> <a href=\"https:\/\/t.co\/yuKV8QCdgH\">pic.twitter.com\/yuKV8QCdgH<\/a><\/p>&mdash; X\u00f3chitl G\u00e1lvez Ruiz (@XochitlGalvez) <a href=\"https:\/\/twitter.com\/XochitlGalvez\/status\/1678944134999212032?ref_src=twsrc%5Etfw\">July 12, 2023<\/a><\/blockquote><script async src=\"https:\/\/platform.twitter.com\/widgets.js\" charset=\"utf-8\"><\/script>\n<\/div><\/figure>\n\n\n\n<p>Las campa\u00f1as en ambos lados est\u00e1n bajo la lupa del Tribunal Electoral del Poder Judicial de la Federaci\u00f3n; ayer, la magistrada Janine Ot\u00e1lora propuso proyectos en los que plantea la suspensi\u00f3n de los procesos, ya que \u201cdefraudan\u201d la ley electoral con precampa\u00f1as \u201cdisfrazadas\u201d.<\/p>\n\n\n\n<p>Si bien los recorridos de los aspirantes del PAN, PRI y PRD no terminan en grandes concentraciones, como las que realizan Claudia Sheinbaum o Ad\u00e1n Augusto L\u00f3pez, estos personajes s\u00ed mantienen constantes reuniones en diversas partes del pa\u00eds.<\/p>\n\n\n\n<p>Por ejemplo, la senadora<strong>\u00a0X\u00f3chitl G\u00e1lvez<\/strong>\u00a0comenz\u00f3 sus recorridos despu\u00e9s del 4 de julio, cuando se registr\u00f3 como aspirante presidencial del Frente Amplio por M\u00e9xico. La panista ha mantenido reuniones en Coahuila, Nuevo Le\u00f3n, Puebla, San Luis Potos\u00ed y Veracruz.<\/p>\n\n\n\n<p>El presidente de la C\u00e1mara de Diputados, el panista&nbsp;<strong>Santiago Creel,<\/strong>&nbsp;tambi\u00e9n realiza recorridos por el pa\u00eds. Ha estado en Baja California, Guanajuato, Guadalajara, Jalisco y Nuevo Le\u00f3n, en los que dice que busca la conciliaci\u00f3n.<\/p>\n\n\n\n<p>\u201cAs\u00ed seguiremos, sin descanso y recorriendo todo el pa\u00eds haciendo un proyecto que concilie, no que divida\u201d, se\u00f1al\u00f3 en un tuit.<\/p>\n\n\n\n<figure class=\"wp-block-embed is-type-rich is-provider-twitter wp-block-embed-twitter\"><div class=\"wp-block-embed__wrapper\">\n<blockquote class=\"twitter-tweet\" data-width=\"550\" data-dnt=\"true\"><p lang=\"es\" dir=\"ltr\">Que mejor manera que cerrar el d\u00eda que platicando con amigas y amigos de Escobedo, Nuevo Le\u00f3n.<br><br>\u00a1Gracias a mi compa\u00f1era <a href=\"https:\/\/twitter.com\/wendycorderoNL?ref_src=twsrc%5Etfw\">@wendycorderoNL<\/a> y al Presidente de mi partido <a href=\"https:\/\/twitter.com\/HernanSalinasW?ref_src=twsrc%5Etfw\">@HernanSalinasW<\/a>, por este c\u00e1lido recibimiento y sobre todo gracias Pau por acompa\u00f1arme! <a href=\"https:\/\/t.co\/4uPpUEvKyq\">pic.twitter.com\/4uPpUEvKyq<\/a><\/p>&mdash; \ud83c\uddf2\ud83c\uddfdSantiago Creel (@SantiagoCreelM) <a href=\"https:\/\/twitter.com\/SantiagoCreelM\/status\/1676821166701395968?ref_src=twsrc%5Etfw\">July 6, 2023<\/a><\/blockquote><script async src=\"https:\/\/platform.twitter.com\/widgets.js\" charset=\"utf-8\"><\/script>\n<\/div><\/figure>\n\n\n\n<p>El prisita\u00a0<strong>Enrique de la Madrid\u00a0<\/strong>comenz\u00f3 sus recorridos desde junio y ha acudido a Chihuahua, Ciudad de M\u00e9xico, Colima, Estado de M\u00e9xico, Morelos, Nuevo Le\u00f3n y Zacatecas, as\u00ed como a reuniones con campesinos, empresarios y la poblaci\u00f3n en general.<\/p>\n\n\n\n<figure class=\"wp-block-embed is-type-rich is-provider-twitter wp-block-embed-twitter\"><div class=\"wp-block-embed__wrapper\">\n<blockquote class=\"twitter-tweet\" data-width=\"550\" data-dnt=\"true\"><p lang=\"es\" dir=\"ltr\">Reunirme con j\u00f3venes siempre me llena de optimismo de que <a href=\"https:\/\/twitter.com\/hashtag\/ElMejorM%C3%A9xicoPosible?src=hash&amp;ref_src=twsrc%5Etfw\">#ElMejorM\u00e9xicoPosible<\/a> \ud83c\uddf2\ud83c\uddfd est\u00e1 al alcance de esta generaci\u00f3n. Fue un gusto reunirnos en <a href=\"https:\/\/twitter.com\/hashtag\/Morelos?src=hash&amp;ref_src=twsrc%5Etfw\">#Morelos<\/a> y agradezco todo su apoyo para encabezar el <a href=\"https:\/\/twitter.com\/hashtag\/FrenteAmplioPorM%C3%A9xico?src=hash&amp;ref_src=twsrc%5Etfw\">#FrenteAmplioPorM\u00e9xico<\/a>. <a href=\"https:\/\/t.co\/WLZiNTKOQP\">pic.twitter.com\/WLZiNTKOQP<\/a><\/p>&mdash; Enrique de la Madrid (@edelamadrid) <a href=\"https:\/\/twitter.com\/edelamadrid\/status\/1679706702839521280?ref_src=twsrc%5Etfw\">July 14, 2023<\/a><\/blockquote><script async src=\"https:\/\/platform.twitter.com\/widgets.js\" charset=\"utf-8\"><\/script>\n<\/div><\/figure>\n\n\n\n<p>En tanto, el perredista\u00a0<strong>Silvano Aureoles<\/strong>\u00a0comenz\u00f3 sus recorridos llamados \u201cPor Amor a M\u00e9xico\u201d desde octubre de 2022 y ha visitado Culiac\u00e1n, Estado de M\u00e9xico, Hidalgo, Michoac\u00e1n, Jalisco, Sinaloa, Zacatecas y Veracruz, entre otras entidades.<\/p>\n\n\n\n<figure class=\"wp-block-embed is-type-rich is-provider-twitter wp-block-embed-twitter\"><div class=\"wp-block-embed__wrapper\">\n<blockquote class=\"twitter-tweet\" data-width=\"550\" data-dnt=\"true\"><p lang=\"es\" dir=\"ltr\">\u00a1Me invitaron a <a href=\"https:\/\/twitter.com\/hashtag\/Zacatecas?src=hash&amp;ref_src=twsrc%5Etfw\">#Zacatecas<\/a> y regres\u00e9 con mucho gusto!<br><br>La situaci\u00f3n de seguridad en el pa\u00eds se encuentra en niveles alarmantes, es posible tener un mejor m\u00e1s seguro y en paz. La suma de todas y todos es la clave. <a href=\"https:\/\/twitter.com\/hashtag\/PorAmorAM%C3%A9xico?src=hash&amp;ref_src=twsrc%5Etfw\">#PorAmorAM\u00e9xico<\/a> \u2764\ufe0f\ud83c\uddf2\ud83c\uddfd <a href=\"https:\/\/t.co\/xVkFkyI0J6\">pic.twitter.com\/xVkFkyI0J6<\/a><\/p>&mdash; Silvano Aureoles (@Silvano_A) <a href=\"https:\/\/twitter.com\/Silvano_A\/status\/1678952373132095488?ref_src=twsrc%5Etfw\">July 12, 2023<\/a><\/blockquote><script async src=\"https:\/\/platform.twitter.com\/widgets.js\" charset=\"utf-8\"><\/script>\n<\/div><\/figure>\n\n\n\n<p>Entre los dirigentes de la oposici\u00f3n que criticaron a las \u201ccorcholatas\u201d \u2014como se ha llamado a los aspirantes presidenciales de Morena\u2014 estuvo el presidente del PAN, Marko Cort\u00e9s, quien acus\u00f3 que eran \u201ccampa\u00f1as ilegales y anticipadas\u201d. Adem\u00e1s, a principios de julio, el panista anunci\u00f3 que su partido interpondr\u00eda quejas ante el Instituto Nacional Electoral (INE) por esas actividades.<\/p>\n\n\n\n<p>Lo mismo sucedi\u00f3 con el presidente del PRD, Jes\u00fas Zambrano, quien a principios de junio al hablar de las \u201ccorcholatas\u201d, dijo: \u201csi quieren hacer campa\u00f1a, que renuncien\u201d. Tambi\u00e9n, calific\u00f3 los recorridos de los morenistas como actividades de precampa\u00f1as, por lo que dijo que violaban la ley electoral.<\/p>\n","protected":false},"excerpt":{"rendered":"<p>Los aspirantes presidenciales del PAN, PRI y PRD hacen recorridos por el pa\u00eds, al igual que las &#8216;corcholatas&#8217; de Morena Ciudad de M\u00e9xico. Aunque la oposici\u00f3n critic\u00f3 las giras de las llamadas \u201ccorcholatas\u201d de Morena al se\u00f1alar que violan la ley electoral, los aspirantes a la candidatura presidencial del PAN, PRI y PRD \u2014hoy bajo [&hellip;]<\/p>\n","protected":false},"author":5,"featured_media":53194,"comment_status":"open","ping_status":"open","sticky":false,"template":"","format":"standard","meta":{"tdm_status":"","tdm_grid_status":"","footnotes":""},"categories":[39],"tags":[],"class_list":{"0":"post-53192","1":"post","2":"type-post","3":"status-publish","4":"format-standard","5":"has-post-thumbnail","7":"category-noticias-nacionales"},"yoast_head":"<!-- This site is optimized with the Yoast SEO plugin v27.4 - https:\/\/yoast.com\/product\/yoast-seo-wordpress\/ -->\n<title>Oposici\u00f3n critic\u00f3 giras de las \u2018corcholatas\u2019 de Morena; hoy hace lo mismo - Fuentes Fidedignas<\/title>\n<meta name=\"robots\" content=\"index, follow, max-snippet:-1, max-image-preview:large, max-video-preview:-1\" \/>\n<link rel=\"canonical\" href=\"https:\/\/fuentesfidedignas.com.mx\/index.php\/2023\/07\/19\/oposicion-critico-giras-de-las-corcholatas-de-morena-hoy-hace-lo-mismo\/\" \/>\n<meta property=\"og:locale\" content=\"es_MX\" \/>\n<meta property=\"og:type\" content=\"article\" \/>\n<meta property=\"og:title\" content=\"Oposici\u00f3n critic\u00f3 giras de las \u2018corcholatas\u2019 de Morena; hoy hace lo mismo - Fuentes Fidedignas\" \/>\n<meta property=\"og:description\" content=\"Los aspirantes presidenciales del PAN, PRI y PRD hacen recorridos por el pa\u00eds, al igual que las &#8216;corcholatas&#8217; de Morena Ciudad de M\u00e9xico. Aunque la oposici\u00f3n critic\u00f3 las giras de las llamadas \u201ccorcholatas\u201d de Morena al se\u00f1alar que violan la ley electoral, los aspirantes a la candidatura presidencial del PAN, PRI y PRD \u2014hoy bajo [&hellip;]\" \/>\n<meta property=\"og:url\" content=\"https:\/\/fuentesfidedignas.com.mx\/index.php\/2023\/07\/19\/oposicion-critico-giras-de-las-corcholatas-de-morena-hoy-hace-lo-mismo\/\" \/>\n<meta property=\"og:site_name\" content=\"Fuentes Fidedignas\" \/>\n<meta property=\"article:publisher\" content=\"https:\/\/www.facebook.com\/Fuentes-Fidedignas-368234489921644\" \/>\n<meta property=\"article:published_time\" content=\"2023-07-19T18:15:42+00:00\" \/>\n<meta property=\"article:modified_time\" content=\"2023-07-19T18:17:37+00:00\" \/>\n<meta property=\"og:image\" content=\"https:\/\/fuentesfidedignas.com.mx\/wp-content\/uploads\/2023\/07\/F1LlHDAaAAAjiMJ-1280x720-1.jpg\" \/>\n\t<meta property=\"og:image:width\" content=\"1280\" \/>\n\t<meta property=\"og:image:height\" content=\"720\" \/>\n\t<meta property=\"og:image:type\" content=\"image\/jpeg\" \/>\n<meta name=\"author\" content=\"Forbes\" \/>\n<meta name=\"twitter:card\" content=\"summary_large_image\" \/>\n<meta name=\"twitter:creator\" content=\"@fidedignas\" \/>\n<meta name=\"twitter:site\" content=\"@fidedignas\" \/>\n<meta name=\"twitter:label1\" content=\"Escrito por\" \/>\n\t<meta name=\"twitter:data1\" content=\"Forbes\" \/>\n\t<meta name=\"twitter:label2\" content=\"Tiempo de lectura\" \/>\n\t<meta name=\"twitter:data2\" content=\"3 minutos\" \/>\n<script type=\"application\/ld+json\" class=\"yoast-schema-graph\">{\"@context\":\"https:\\\/\\\/schema.org\",\"@graph\":[{\"@type\":\"Article\",\"@id\":\"https:\\\/\\\/fuentesfidedignas.com.mx\\\/index.php\\\/2023\\\/07\\\/19\\\/oposicion-critico-giras-de-las-corcholatas-de-morena-hoy-hace-lo-mismo\\\/#article\",\"isPartOf\":{\"@id\":\"https:\\\/\\\/fuentesfidedignas.com.mx\\\/index.php\\\/2023\\\/07\\\/19\\\/oposicion-critico-giras-de-las-corcholatas-de-morena-hoy-hace-lo-mismo\\\/\"},\"author\":{\"name\":\"Forbes\",\"@id\":\"https:\\\/\\\/fuentesfidedignas.com.mx\\\/#\\\/schema\\\/person\\\/5623d53fe2e579d825b1679734abcc44\"},\"headline\":\"Oposici\u00f3n critic\u00f3 giras de las \u2018corcholatas\u2019 de Morena; hoy hace lo mismo\",\"datePublished\":\"2023-07-19T18:15:42+00:00\",\"dateModified\":\"2023-07-19T18:17:37+00:00\",\"mainEntityOfPage\":{\"@id\":\"https:\\\/\\\/fuentesfidedignas.com.mx\\\/index.php\\\/2023\\\/07\\\/19\\\/oposicion-critico-giras-de-las-corcholatas-de-morena-hoy-hace-lo-mismo\\\/\"},\"wordCount\":651,\"commentCount\":0,\"publisher\":{\"@id\":\"https:\\\/\\\/fuentesfidedignas.com.mx\\\/#organization\"},\"image\":{\"@id\":\"https:\\\/\\\/fuentesfidedignas.com.mx\\\/index.php\\\/2023\\\/07\\\/19\\\/oposicion-critico-giras-de-las-corcholatas-de-morena-hoy-hace-lo-mismo\\\/#primaryimage\"},\"thumbnailUrl\":\"https:\\\/\\\/fuentesfidedignas.com.mx\\\/wp-content\\\/uploads\\\/2023\\\/07\\\/F1LlHDAaAAAjiMJ-1280x720-1.jpg\",\"articleSection\":[\"NOTICIAS NACIONALES\"],\"inLanguage\":\"es\",\"potentialAction\":[{\"@type\":\"CommentAction\",\"name\":\"Comment\",\"target\":[\"https:\\\/\\\/fuentesfidedignas.com.mx\\\/index.php\\\/2023\\\/07\\\/19\\\/oposicion-critico-giras-de-las-corcholatas-de-morena-hoy-hace-lo-mismo\\\/#respond\"]}]},{\"@type\":\"WebPage\",\"@id\":\"https:\\\/\\\/fuentesfidedignas.com.mx\\\/index.php\\\/2023\\\/07\\\/19\\\/oposicion-critico-giras-de-las-corcholatas-de-morena-hoy-hace-lo-mismo\\\/\",\"url\":\"https:\\\/\\\/fuentesfidedignas.com.mx\\\/index.php\\\/2023\\\/07\\\/19\\\/oposicion-critico-giras-de-las-corcholatas-de-morena-hoy-hace-lo-mismo\\\/\",\"name\":\"Oposici\u00f3n critic\u00f3 giras de las \u2018corcholatas\u2019 de Morena; hoy hace lo mismo - Fuentes Fidedignas\",\"isPartOf\":{\"@id\":\"https:\\\/\\\/fuentesfidedignas.com.mx\\\/#website\"},\"primaryImageOfPage\":{\"@id\":\"https:\\\/\\\/fuentesfidedignas.com.mx\\\/index.php\\\/2023\\\/07\\\/19\\\/oposicion-critico-giras-de-las-corcholatas-de-morena-hoy-hace-lo-mismo\\\/#primaryimage\"},\"image\":{\"@id\":\"https:\\\/\\\/fuentesfidedignas.com.mx\\\/index.php\\\/2023\\\/07\\\/19\\\/oposicion-critico-giras-de-las-corcholatas-de-morena-hoy-hace-lo-mismo\\\/#primaryimage\"},\"thumbnailUrl\":\"https:\\\/\\\/fuentesfidedignas.com.mx\\\/wp-content\\\/uploads\\\/2023\\\/07\\\/F1LlHDAaAAAjiMJ-1280x720-1.jpg\",\"datePublished\":\"2023-07-19T18:15:42+00:00\",\"dateModified\":\"2023-07-19T18:17:37+00:00\",\"breadcrumb\":{\"@id\":\"https:\\\/\\\/fuentesfidedignas.com.mx\\\/index.php\\\/2023\\\/07\\\/19\\\/oposicion-critico-giras-de-las-corcholatas-de-morena-hoy-hace-lo-mismo\\\/#breadcrumb\"},\"inLanguage\":\"es\",\"potentialAction\":[{\"@type\":\"ReadAction\",\"target\":[\"https:\\\/\\\/fuentesfidedignas.com.mx\\\/index.php\\\/2023\\\/07\\\/19\\\/oposicion-critico-giras-de-las-corcholatas-de-morena-hoy-hace-lo-mismo\\\/\"]}]},{\"@type\":\"ImageObject\",\"inLanguage\":\"es\",\"@id\":\"https:\\\/\\\/fuentesfidedignas.com.mx\\\/index.php\\\/2023\\\/07\\\/19\\\/oposicion-critico-giras-de-las-corcholatas-de-morena-hoy-hace-lo-mismo\\\/#primaryimage\",\"url\":\"https:\\\/\\\/fuentesfidedignas.com.mx\\\/wp-content\\\/uploads\\\/2023\\\/07\\\/F1LlHDAaAAAjiMJ-1280x720-1.jpg\",\"contentUrl\":\"https:\\\/\\\/fuentesfidedignas.com.mx\\\/wp-content\\\/uploads\\\/2023\\\/07\\\/F1LlHDAaAAAjiMJ-1280x720-1.jpg\",\"width\":1280,\"height\":720},{\"@type\":\"BreadcrumbList\",\"@id\":\"https:\\\/\\\/fuentesfidedignas.com.mx\\\/index.php\\\/2023\\\/07\\\/19\\\/oposicion-critico-giras-de-las-corcholatas-de-morena-hoy-hace-lo-mismo\\\/#breadcrumb\",\"itemListElement\":[{\"@type\":\"ListItem\",\"position\":1,\"name\":\"Inicio\",\"item\":\"https:\\\/\\\/fuentesfidedignas.com.mx\\\/\"},{\"@type\":\"ListItem\",\"position\":2,\"name\":\"Oposici\u00f3n critic\u00f3 giras de las \u2018corcholatas\u2019 de Morena; hoy hace lo mismo\"}]},{\"@type\":\"WebSite\",\"@id\":\"https:\\\/\\\/fuentesfidedignas.com.mx\\\/#website\",\"url\":\"https:\\\/\\\/fuentesfidedignas.com.mx\\\/\",\"name\":\"Fuentes Fidedignas\",\"description\":\"Otro sitio realizado con WordPress\",\"publisher\":{\"@id\":\"https:\\\/\\\/fuentesfidedignas.com.mx\\\/#organization\"},\"potentialAction\":[{\"@type\":\"SearchAction\",\"target\":{\"@type\":\"EntryPoint\",\"urlTemplate\":\"https:\\\/\\\/fuentesfidedignas.com.mx\\\/?s={search_term_string}\"},\"query-input\":{\"@type\":\"PropertyValueSpecification\",\"valueRequired\":true,\"valueName\":\"search_term_string\"}}],\"inLanguage\":\"es\"},{\"@type\":\"Organization\",\"@id\":\"https:\\\/\\\/fuentesfidedignas.com.mx\\\/#organization\",\"name\":\"Fuentes Fidedignas\",\"url\":\"https:\\\/\\\/fuentesfidedignas.com.mx\\\/\",\"logo\":{\"@type\":\"ImageObject\",\"inLanguage\":\"es\",\"@id\":\"https:\\\/\\\/fuentesfidedignas.com.mx\\\/#\\\/schema\\\/logo\\\/image\\\/\",\"url\":\"https:\\\/\\\/fuentesfidedignas.com.mx\\\/wp-content\\\/uploads\\\/2021\\\/04\\\/logo-retina.png\",\"contentUrl\":\"https:\\\/\\\/fuentesfidedignas.com.mx\\\/wp-content\\\/uploads\\\/2021\\\/04\\\/logo-retina.png\",\"width\":280,\"height\":51,\"caption\":\"Fuentes Fidedignas\"},\"image\":{\"@id\":\"https:\\\/\\\/fuentesfidedignas.com.mx\\\/#\\\/schema\\\/logo\\\/image\\\/\"},\"sameAs\":[\"https:\\\/\\\/www.facebook.com\\\/Fuentes-Fidedignas-368234489921644\",\"https:\\\/\\\/x.com\\\/fidedignas\"]},{\"@type\":\"Person\",\"@id\":\"https:\\\/\\\/fuentesfidedignas.com.mx\\\/#\\\/schema\\\/person\\\/5623d53fe2e579d825b1679734abcc44\",\"name\":\"Forbes\",\"image\":{\"@type\":\"ImageObject\",\"inLanguage\":\"es\",\"@id\":\"https:\\\/\\\/secure.gravatar.com\\\/avatar\\\/87ce3dd4e41e60c22a79c758614f01a6bc2469255fc936ec7b15efb9bb5cb66f?s=96&d=mm&r=g\",\"url\":\"https:\\\/\\\/secure.gravatar.com\\\/avatar\\\/87ce3dd4e41e60c22a79c758614f01a6bc2469255fc936ec7b15efb9bb5cb66f?s=96&d=mm&r=g\",\"contentUrl\":\"https:\\\/\\\/secure.gravatar.com\\\/avatar\\\/87ce3dd4e41e60c22a79c758614f01a6bc2469255fc936ec7b15efb9bb5cb66f?s=96&d=mm&r=g\",\"caption\":\"Forbes\"},\"url\":\"https:\\\/\\\/fuentesfidedignas.com.mx\\\/index.php\\\/author\\\/forbes\\\/\"}]}<\/script>\n<!-- \/ Yoast SEO plugin. -->","yoast_head_json":{"title":"Oposici\u00f3n critic\u00f3 giras de las \u2018corcholatas\u2019 de Morena; hoy hace lo mismo - Fuentes Fidedignas","robots":{"index":"index","follow":"follow","max-snippet":"max-snippet:-1","max-image-preview":"max-image-preview:large","max-video-preview":"max-video-preview:-1"},"canonical":"https:\/\/fuentesfidedignas.com.mx\/index.php\/2023\/07\/19\/oposicion-critico-giras-de-las-corcholatas-de-morena-hoy-hace-lo-mismo\/","og_locale":"es_MX","og_type":"article","og_title":"Oposici\u00f3n critic\u00f3 giras de las \u2018corcholatas\u2019 de Morena; hoy hace lo mismo - Fuentes Fidedignas","og_description":"Los aspirantes presidenciales del PAN, PRI y PRD hacen recorridos por el pa\u00eds, al igual que las &#8216;corcholatas&#8217; de Morena Ciudad de M\u00e9xico. Aunque la oposici\u00f3n critic\u00f3 las giras de las llamadas \u201ccorcholatas\u201d de Morena al se\u00f1alar que violan la ley electoral, los aspirantes a la candidatura presidencial del PAN, PRI y PRD \u2014hoy bajo [&hellip;]","og_url":"https:\/\/fuentesfidedignas.com.mx\/index.php\/2023\/07\/19\/oposicion-critico-giras-de-las-corcholatas-de-morena-hoy-hace-lo-mismo\/","og_site_name":"Fuentes Fidedignas","article_publisher":"https:\/\/www.facebook.com\/Fuentes-Fidedignas-368234489921644","article_published_time":"2023-07-19T18:15:42+00:00","article_modified_time":"2023-07-19T18:17:37+00:00","og_image":[{"width":1280,"height":720,"url":"https:\/\/fuentesfidedignas.com.mx\/wp-content\/uploads\/2023\/07\/F1LlHDAaAAAjiMJ-1280x720-1.jpg","type":"image\/jpeg"}],"author":"Forbes","twitter_card":"summary_large_image","twitter_creator":"@fidedignas","twitter_site":"@fidedignas","twitter_misc":{"Escrito por":"Forbes","Tiempo de lectura":"3 minutos"},"schema":{"@context":"https:\/\/schema.org","@graph":[{"@type":"Article","@id":"https:\/\/fuentesfidedignas.com.mx\/index.php\/2023\/07\/19\/oposicion-critico-giras-de-las-corcholatas-de-morena-hoy-hace-lo-mismo\/#article","isPartOf":{"@id":"https:\/\/fuentesfidedignas.com.mx\/index.php\/2023\/07\/19\/oposicion-critico-giras-de-las-corcholatas-de-morena-hoy-hace-lo-mismo\/"},"author":{"name":"Forbes","@id":"https:\/\/fuentesfidedignas.com.mx\/#\/schema\/person\/5623d53fe2e579d825b1679734abcc44"},"headline":"Oposici\u00f3n critic\u00f3 giras de las \u2018corcholatas\u2019 de Morena; hoy hace lo mismo","datePublished":"2023-07-19T18:15:42+00:00","dateModified":"2023-07-19T18:17:37+00:00","mainEntityOfPage":{"@id":"https:\/\/fuentesfidedignas.com.mx\/index.php\/2023\/07\/19\/oposicion-critico-giras-de-las-corcholatas-de-morena-hoy-hace-lo-mismo\/"},"wordCount":651,"commentCount":0,"publisher":{"@id":"https:\/\/fuentesfidedignas.com.mx\/#organization"},"image":{"@id":"https:\/\/fuentesfidedignas.com.mx\/index.php\/2023\/07\/19\/oposicion-critico-giras-de-las-corcholatas-de-morena-hoy-hace-lo-mismo\/#primaryimage"},"thumbnailUrl":"https:\/\/fuentesfidedignas.com.mx\/wp-content\/uploads\/2023\/07\/F1LlHDAaAAAjiMJ-1280x720-1.jpg","articleSection":["NOTICIAS NACIONALES"],"inLanguage":"es","potentialAction":[{"@type":"CommentAction","name":"Comment","target":["https:\/\/fuentesfidedignas.com.mx\/index.php\/2023\/07\/19\/oposicion-critico-giras-de-las-corcholatas-de-morena-hoy-hace-lo-mismo\/#respond"]}]},{"@type":"WebPage","@id":"https:\/\/fuentesfidedignas.com.mx\/index.php\/2023\/07\/19\/oposicion-critico-giras-de-las-corcholatas-de-morena-hoy-hace-lo-mismo\/","url":"https:\/\/fuentesfidedignas.com.mx\/index.php\/2023\/07\/19\/oposicion-critico-giras-de-las-corcholatas-de-morena-hoy-hace-lo-mismo\/","name":"Oposici\u00f3n critic\u00f3 giras de las \u2018corcholatas\u2019 de Morena; hoy hace lo mismo - Fuentes Fidedignas","isPartOf":{"@id":"https:\/\/fuentesfidedignas.com.mx\/#website"},"primaryImageOfPage":{"@id":"https:\/\/fuentesfidedignas.com.mx\/index.php\/2023\/07\/19\/oposicion-critico-giras-de-las-corcholatas-de-morena-hoy-hace-lo-mismo\/#primaryimage"},"image":{"@id":"https:\/\/fuentesfidedignas.com.mx\/index.php\/2023\/07\/19\/oposicion-critico-giras-de-las-corcholatas-de-morena-hoy-hace-lo-mismo\/#primaryimage"},"thumbnailUrl":"https:\/\/fuentesfidedignas.com.mx\/wp-content\/uploads\/2023\/07\/F1LlHDAaAAAjiMJ-1280x720-1.jpg","datePublished":"2023-07-19T18:15:42+00:00","dateModified":"2023-07-19T18:17:37+00:00","breadcrumb":{"@id":"https:\/\/fuentesfidedignas.com.mx\/index.php\/2023\/07\/19\/oposicion-critico-giras-de-las-corcholatas-de-morena-hoy-hace-lo-mismo\/#breadcrumb"},"inLanguage":"es","potentialAction":[{"@type":"ReadAction","target":["https:\/\/fuentesfidedignas.com.mx\/index.php\/2023\/07\/19\/oposicion-critico-giras-de-las-corcholatas-de-morena-hoy-hace-lo-mismo\/"]}]},{"@type":"ImageObject","inLanguage":"es","@id":"https:\/\/fuentesfidedignas.com.mx\/index.php\/2023\/07\/19\/oposicion-critico-giras-de-las-corcholatas-de-morena-hoy-hace-lo-mismo\/#primaryimage","url":"https:\/\/fuentesfidedignas.com.mx\/wp-content\/uploads\/2023\/07\/F1LlHDAaAAAjiMJ-1280x720-1.jpg","contentUrl":"https:\/\/fuentesfidedignas.com.mx\/wp-content\/uploads\/2023\/07\/F1LlHDAaAAAjiMJ-1280x720-1.jpg","width":1280,"height":720},{"@type":"BreadcrumbList","@id":"https:\/\/fuentesfidedignas.com.mx\/index.php\/2023\/07\/19\/oposicion-critico-giras-de-las-corcholatas-de-morena-hoy-hace-lo-mismo\/#breadcrumb","itemListElement":[{"@type":"ListItem","position":1,"name":"Inicio","item":"https:\/\/fuentesfidedignas.com.mx\/"},{"@type":"ListItem","position":2,"name":"Oposici\u00f3n critic\u00f3 giras de las \u2018corcholatas\u2019 de Morena; hoy hace lo mismo"}]},{"@type":"WebSite","@id":"https:\/\/fuentesfidedignas.com.mx\/#website","url":"https:\/\/fuentesfidedignas.com.mx\/","name":"Fuentes Fidedignas","description":"Otro sitio realizado con WordPress","publisher":{"@id":"https:\/\/fuentesfidedignas.com.mx\/#organization"},"potentialAction":[{"@type":"SearchAction","target":{"@type":"EntryPoint","urlTemplate":"https:\/\/fuentesfidedignas.com.mx\/?s={search_term_string}"},"query-input":{"@type":"PropertyValueSpecification","valueRequired":true,"valueName":"search_term_string"}}],"inLanguage":"es"},{"@type":"Organization","@id":"https:\/\/fuentesfidedignas.com.mx\/#organization","name":"Fuentes Fidedignas","url":"https:\/\/fuentesfidedignas.com.mx\/","logo":{"@type":"ImageObject","inLanguage":"es","@id":"https:\/\/fuentesfidedignas.com.mx\/#\/schema\/logo\/image\/","url":"https:\/\/fuentesfidedignas.com.mx\/wp-content\/uploads\/2021\/04\/logo-retina.png","contentUrl":"https:\/\/fuentesfidedignas.com.mx\/wp-content\/uploads\/2021\/04\/logo-retina.png","width":280,"height":51,"caption":"Fuentes Fidedignas"},"image":{"@id":"https:\/\/fuentesfidedignas.com.mx\/#\/schema\/logo\/image\/"},"sameAs":["https:\/\/www.facebook.com\/Fuentes-Fidedignas-368234489921644","https:\/\/x.com\/fidedignas"]},{"@type":"Person","@id":"https:\/\/fuentesfidedignas.com.mx\/#\/schema\/person\/5623d53fe2e579d825b1679734abcc44","name":"Forbes","image":{"@type":"ImageObject","inLanguage":"es","@id":"https:\/\/secure.gravatar.com\/avatar\/87ce3dd4e41e60c22a79c758614f01a6bc2469255fc936ec7b15efb9bb5cb66f?s=96&d=mm&r=g","url":"https:\/\/secure.gravatar.com\/avatar\/87ce3dd4e41e60c22a79c758614f01a6bc2469255fc936ec7b15efb9bb5cb66f?s=96&d=mm&r=g","contentUrl":"https:\/\/secure.gravatar.com\/avatar\/87ce3dd4e41e60c22a79c758614f01a6bc2469255fc936ec7b15efb9bb5cb66f?s=96&d=mm&r=g","caption":"Forbes"},"url":"https:\/\/fuentesfidedignas.com.mx\/index.php\/author\/forbes\/"}]}},"_links":{"self":[{"href":"https:\/\/fuentesfidedignas.com.mx\/index.php\/wp-json\/wp\/v2\/posts\/53192","targetHints":{"allow":["GET"]}}],"collection":[{"href":"https:\/\/fuentesfidedignas.com.mx\/index.php\/wp-json\/wp\/v2\/posts"}],"about":[{"href":"https:\/\/fuentesfidedignas.com.mx\/index.php\/wp-json\/wp\/v2\/types\/post"}],"author":[{"embeddable":true,"href":"https:\/\/fuentesfidedignas.com.mx\/index.php\/wp-json\/wp\/v2\/users\/5"}],"replies":[{"embeddable":true,"href":"https:\/\/fuentesfidedignas.com.mx\/index.php\/wp-json\/wp\/v2\/comments?post=53192"}],"version-history":[{"count":1,"href":"https:\/\/fuentesfidedignas.com.mx\/index.php\/wp-json\/wp\/v2\/posts\/53192\/revisions"}],"predecessor-version":[{"id":53193,"href":"https:\/\/fuentesfidedignas.com.mx\/index.php\/wp-json\/wp\/v2\/posts\/53192\/revisions\/53193"}],"wp:featuredmedia":[{"embeddable":true,"href":"https:\/\/fuentesfidedignas.com.mx\/index.php\/wp-json\/wp\/v2\/media\/53194"}],"wp:attachment":[{"href":"https:\/\/fuentesfidedignas.com.mx\/index.php\/wp-json\/wp\/v2\/media?parent=53192"}],"wp:term":[{"taxonomy":"category","embeddable":true,"href":"https:\/\/fuentesfidedignas.com.mx\/index.php\/wp-json\/wp\/v2\/categories?post=53192"},{"taxonomy":"post_tag","embeddable":true,"href":"https:\/\/fuentesfidedignas.com.mx\/index.php\/wp-json\/wp\/v2\/tags?post=53192"}],"curies":[{"name":"wp","href":"https:\/\/api.w.org\/{rel}","templated":true}]}}