{"id":53186,"date":"2023-07-19T09:25:14","date_gmt":"2023-07-19T16:25:14","guid":{"rendered":"https:\/\/fuentesfidedignas.com.mx\/?p=53186"},"modified":"2023-07-19T09:26:05","modified_gmt":"2023-07-19T16:26:05","slug":"despues-de-5-anos-el-isic-reanuda-la-entrega-de-titulos-profesionales-a-sus-egresados","status":"publish","type":"post","link":"https:\/\/fuentesfidedignas.com.mx\/index.php\/2023\/07\/19\/despues-de-5-anos-el-isic-reanuda-la-entrega-de-titulos-profesionales-a-sus-egresados\/","title":{"rendered":"Despu\u00e9s de 5 a\u00f1os, el ISIC reanuda la entrega de t\u00edtulos profesionales a sus egresados"},"content":{"rendered":"\n<p><strong><em>Tras el proceso que se vio interrumpido por la pandemia y por las\u00a0reformas a las leyes de educaci\u00f3n a nivel nacional, Kitzia Patricia Romero L\u00f3pez recibe su t\u00edtulo como Licenciada en Danza Contempor\u00e1nea de la Escuela Superior de Danza<\/em><\/strong><\/p>\n\n\n\n<p><strong>Culiac\u00e1n, Sin.-&nbsp;<\/strong>Atendiendo un compromiso del Gobierno del estado de fortalecer el \u00e1rea de formaci\u00f3n y capacitaci\u00f3n de los egresados de las carreras profesionales de la Escuela Superior de Artes Jos\u00e9 Lim\u00f3n, finalmente, tras un periodo de 5 a\u00f1os de no llevarse a cabo, el Instituto Sinaloense de Cultura entreg\u00f3 un t\u00edtulo profesional en f\u00edsico que acredita como Licenciada en Danza Contempor\u00e1nea a Kitzia Patricia Romero L\u00f3pez.<\/p>\n\n\n\n<p>El acto se llev\u00f3 a cabo la ma\u00f1ana de este martes en la sala de juntas del ISIC, con la presencia del Dr. Juan Salvador Avil\u00e9s Ochoa, director de la instituci\u00f3n, y Alejandro Garc\u00eda Gonz\u00e1lez, asistente del Departamento de Servicios Escolares y Acad\u00e9micos de la Escuela Superior de Artes Jos\u00e9 Lim\u00f3n.<\/p>\n\n\n\n<p>Avil\u00e9s Ochoa coment\u00f3 que, 5 a\u00f1os despu\u00e9s de tener inconsistencias derivadas de los mismos procesos de reformas a las leyes de educaci\u00f3n a nivel nacional, y tras el periodo que se vivi\u00f3 por la pandemia, finalmente se otorga un t\u00edtulo que abre la puerta a muchas y muchos egresados que con justa raz\u00f3n estaban reclamando este asunto.<\/p>\n\n\n\n<p>Dijo que en el mes de agosto una comitiva de las Escuelas Superiores del ISIC &nbsp;regresar\u00e1 a la Ciudad de M\u00e9xico, a la Direcci\u00f3n General de Profesiones para agilizar el otorgamiento de t\u00edtulos y c\u00e9dulas digitales a los egresados de las diferentes carreras que han concluido su preparaci\u00f3n profesional en la instituci\u00f3n educativa.<\/p>\n\n\n\n<p>Hizo un llamado a quienes est\u00e1n en esta situaci\u00f3n a que se acerquen a partir del 31 de julio, a la Direcci\u00f3n de Formaci\u00f3n y Capacitaci\u00f3n, al \u00e1rea de Servicios Escolares para decirles que ya se est\u00e1n otorgando de nueva cuenta estos t\u00edtulos y realicen los tr\u00e1mites correspondientes. &nbsp;<\/p>\n\n\n\n<p>Por lo que a Kitzia Patricia Romero L\u00f3pez se refiere, ya con su t\u00edtulo en mano, espera que se terminen de abrir las puertas que ya estaban abiertas, en una carrera que le ha permitido estar de manera profesional y permanente en el escenario, como bailarina y como maestra, as\u00ed como iniciar su doctorado.<\/p>\n","protected":false},"excerpt":{"rendered":"<p>Tras el proceso que se vio interrumpido por la pandemia y por las\u00a0reformas a las leyes de educaci\u00f3n a nivel nacional, Kitzia Patricia Romero L\u00f3pez recibe su t\u00edtulo como Licenciada en Danza Contempor\u00e1nea de la Escuela Superior de Danza Culiac\u00e1n, Sin.-&nbsp;Atendiendo un compromiso del Gobierno del estado de fortalecer el \u00e1rea de formaci\u00f3n y capacitaci\u00f3n [&hellip;]<\/p>\n","protected":false},"author":4,"featured_media":53188,"comment_status":"open","ping_status":"open","sticky":false,"template":"","format":"standard","meta":{"tdm_status":"","tdm_grid_status":"","footnotes":""},"categories":[38,1],"tags":[],"class_list":{"0":"post-53186","1":"post","2":"type-post","3":"status-publish","4":"format-standard","5":"has-post-thumbnail","7":"category-noticias-locales","8":"category-sin-categoria"},"yoast_head":"<!-- This site is optimized with the Yoast SEO plugin v27.5 - https:\/\/yoast.com\/product\/yoast-seo-wordpress\/ -->\n<title>Despu\u00e9s de 5 a\u00f1os, el ISIC reanuda la entrega de t\u00edtulos profesionales a sus egresados - Fuentes Fidedignas<\/title>\n<meta name=\"robots\" content=\"index, follow, max-snippet:-1, max-image-preview:large, max-video-preview:-1\" \/>\n<link rel=\"canonical\" href=\"https:\/\/fuentesfidedignas.com.mx\/index.php\/2023\/07\/19\/despues-de-5-anos-el-isic-reanuda-la-entrega-de-titulos-profesionales-a-sus-egresados\/\" \/>\n<meta property=\"og:locale\" content=\"es_MX\" \/>\n<meta property=\"og:type\" content=\"article\" \/>\n<meta property=\"og:title\" content=\"Despu\u00e9s de 5 a\u00f1os, el ISIC reanuda la entrega de t\u00edtulos profesionales a sus egresados - Fuentes Fidedignas\" \/>\n<meta property=\"og:description\" content=\"Tras el proceso que se vio interrumpido por la pandemia y por las\u00a0reformas a las leyes de educaci\u00f3n a nivel nacional, Kitzia Patricia Romero L\u00f3pez recibe su t\u00edtulo como Licenciada en Danza Contempor\u00e1nea de la Escuela Superior de Danza Culiac\u00e1n, Sin.-&nbsp;Atendiendo un compromiso del Gobierno del estado de fortalecer el \u00e1rea de formaci\u00f3n y capacitaci\u00f3n [&hellip;]\" \/>\n<meta property=\"og:url\" content=\"https:\/\/fuentesfidedignas.com.mx\/index.php\/2023\/07\/19\/despues-de-5-anos-el-isic-reanuda-la-entrega-de-titulos-profesionales-a-sus-egresados\/\" \/>\n<meta property=\"og:site_name\" content=\"Fuentes Fidedignas\" \/>\n<meta property=\"article:publisher\" content=\"https:\/\/www.facebook.com\/Fuentes-Fidedignas-368234489921644\" \/>\n<meta property=\"article:published_time\" content=\"2023-07-19T16:25:14+00:00\" \/>\n<meta property=\"article:modified_time\" content=\"2023-07-19T16:26:05+00:00\" \/>\n<meta property=\"og:image\" content=\"https:\/\/fuentesfidedignas.com.mx\/wp-content\/uploads\/2023\/07\/18Jul2023_Titulacin_Danza-af72a737.webp\" \/>\n\t<meta property=\"og:image:width\" content=\"1024\" \/>\n\t<meta property=\"og:image:height\" content=\"768\" \/>\n\t<meta property=\"og:image:type\" content=\"image\/webp\" \/>\n<meta name=\"author\" content=\"Redacci\u00f3n\" \/>\n<meta name=\"twitter:card\" content=\"summary_large_image\" \/>\n<meta name=\"twitter:creator\" content=\"@fidedignas\" \/>\n<meta name=\"twitter:site\" content=\"@fidedignas\" \/>\n<meta name=\"twitter:label1\" content=\"Escrito por\" \/>\n\t<meta name=\"twitter:data1\" content=\"Redacci\u00f3n\" \/>\n\t<meta name=\"twitter:label2\" content=\"Tiempo de lectura\" \/>\n\t<meta name=\"twitter:data2\" content=\"2 minutos\" \/>\n<script type=\"application\/ld+json\" class=\"yoast-schema-graph\">{\"@context\":\"https:\\\/\\\/schema.org\",\"@graph\":[{\"@type\":\"Article\",\"@id\":\"https:\\\/\\\/fuentesfidedignas.com.mx\\\/index.php\\\/2023\\\/07\\\/19\\\/despues-de-5-anos-el-isic-reanuda-la-entrega-de-titulos-profesionales-a-sus-egresados\\\/#article\",\"isPartOf\":{\"@id\":\"https:\\\/\\\/fuentesfidedignas.com.mx\\\/index.php\\\/2023\\\/07\\\/19\\\/despues-de-5-anos-el-isic-reanuda-la-entrega-de-titulos-profesionales-a-sus-egresados\\\/\"},\"author\":{\"name\":\"Redacci\u00f3n\",\"@id\":\"https:\\\/\\\/fuentesfidedignas.com.mx\\\/#\\\/schema\\\/person\\\/331be9283d37198e2acd5750279085b0\"},\"headline\":\"Despu\u00e9s de 5 a\u00f1os, el ISIC reanuda la entrega de t\u00edtulos profesionales a sus egresados\",\"datePublished\":\"2023-07-19T16:25:14+00:00\",\"dateModified\":\"2023-07-19T16:26:05+00:00\",\"mainEntityOfPage\":{\"@id\":\"https:\\\/\\\/fuentesfidedignas.com.mx\\\/index.php\\\/2023\\\/07\\\/19\\\/despues-de-5-anos-el-isic-reanuda-la-entrega-de-titulos-profesionales-a-sus-egresados\\\/\"},\"wordCount\":430,\"commentCount\":0,\"publisher\":{\"@id\":\"https:\\\/\\\/fuentesfidedignas.com.mx\\\/#organization\"},\"image\":{\"@id\":\"https:\\\/\\\/fuentesfidedignas.com.mx\\\/index.php\\\/2023\\\/07\\\/19\\\/despues-de-5-anos-el-isic-reanuda-la-entrega-de-titulos-profesionales-a-sus-egresados\\\/#primaryimage\"},\"thumbnailUrl\":\"https:\\\/\\\/fuentesfidedignas.com.mx\\\/wp-content\\\/uploads\\\/2023\\\/07\\\/18Jul2023_Titulacin_Danza-af72a737.webp\",\"articleSection\":[\"NOTICIAS LOCALES\"],\"inLanguage\":\"es\",\"potentialAction\":[{\"@type\":\"CommentAction\",\"name\":\"Comment\",\"target\":[\"https:\\\/\\\/fuentesfidedignas.com.mx\\\/index.php\\\/2023\\\/07\\\/19\\\/despues-de-5-anos-el-isic-reanuda-la-entrega-de-titulos-profesionales-a-sus-egresados\\\/#respond\"]}]},{\"@type\":\"WebPage\",\"@id\":\"https:\\\/\\\/fuentesfidedignas.com.mx\\\/index.php\\\/2023\\\/07\\\/19\\\/despues-de-5-anos-el-isic-reanuda-la-entrega-de-titulos-profesionales-a-sus-egresados\\\/\",\"url\":\"https:\\\/\\\/fuentesfidedignas.com.mx\\\/index.php\\\/2023\\\/07\\\/19\\\/despues-de-5-anos-el-isic-reanuda-la-entrega-de-titulos-profesionales-a-sus-egresados\\\/\",\"name\":\"Despu\u00e9s de 5 a\u00f1os, el ISIC reanuda la entrega de t\u00edtulos profesionales a sus egresados - Fuentes Fidedignas\",\"isPartOf\":{\"@id\":\"https:\\\/\\\/fuentesfidedignas.com.mx\\\/#website\"},\"primaryImageOfPage\":{\"@id\":\"https:\\\/\\\/fuentesfidedignas.com.mx\\\/index.php\\\/2023\\\/07\\\/19\\\/despues-de-5-anos-el-isic-reanuda-la-entrega-de-titulos-profesionales-a-sus-egresados\\\/#primaryimage\"},\"image\":{\"@id\":\"https:\\\/\\\/fuentesfidedignas.com.mx\\\/index.php\\\/2023\\\/07\\\/19\\\/despues-de-5-anos-el-isic-reanuda-la-entrega-de-titulos-profesionales-a-sus-egresados\\\/#primaryimage\"},\"thumbnailUrl\":\"https:\\\/\\\/fuentesfidedignas.com.mx\\\/wp-content\\\/uploads\\\/2023\\\/07\\\/18Jul2023_Titulacin_Danza-af72a737.webp\",\"datePublished\":\"2023-07-19T16:25:14+00:00\",\"dateModified\":\"2023-07-19T16:26:05+00:00\",\"breadcrumb\":{\"@id\":\"https:\\\/\\\/fuentesfidedignas.com.mx\\\/index.php\\\/2023\\\/07\\\/19\\\/despues-de-5-anos-el-isic-reanuda-la-entrega-de-titulos-profesionales-a-sus-egresados\\\/#breadcrumb\"},\"inLanguage\":\"es\",\"potentialAction\":[{\"@type\":\"ReadAction\",\"target\":[\"https:\\\/\\\/fuentesfidedignas.com.mx\\\/index.php\\\/2023\\\/07\\\/19\\\/despues-de-5-anos-el-isic-reanuda-la-entrega-de-titulos-profesionales-a-sus-egresados\\\/\"]}]},{\"@type\":\"ImageObject\",\"inLanguage\":\"es\",\"@id\":\"https:\\\/\\\/fuentesfidedignas.com.mx\\\/index.php\\\/2023\\\/07\\\/19\\\/despues-de-5-anos-el-isic-reanuda-la-entrega-de-titulos-profesionales-a-sus-egresados\\\/#primaryimage\",\"url\":\"https:\\\/\\\/fuentesfidedignas.com.mx\\\/wp-content\\\/uploads\\\/2023\\\/07\\\/18Jul2023_Titulacin_Danza-af72a737.webp\",\"contentUrl\":\"https:\\\/\\\/fuentesfidedignas.com.mx\\\/wp-content\\\/uploads\\\/2023\\\/07\\\/18Jul2023_Titulacin_Danza-af72a737.webp\",\"width\":1024,\"height\":768},{\"@type\":\"BreadcrumbList\",\"@id\":\"https:\\\/\\\/fuentesfidedignas.com.mx\\\/index.php\\\/2023\\\/07\\\/19\\\/despues-de-5-anos-el-isic-reanuda-la-entrega-de-titulos-profesionales-a-sus-egresados\\\/#breadcrumb\",\"itemListElement\":[{\"@type\":\"ListItem\",\"position\":1,\"name\":\"Inicio\",\"item\":\"https:\\\/\\\/fuentesfidedignas.com.mx\\\/\"},{\"@type\":\"ListItem\",\"position\":2,\"name\":\"Despu\u00e9s de 5 a\u00f1os, el ISIC reanuda la entrega de t\u00edtulos profesionales a sus egresados\"}]},{\"@type\":\"WebSite\",\"@id\":\"https:\\\/\\\/fuentesfidedignas.com.mx\\\/#website\",\"url\":\"https:\\\/\\\/fuentesfidedignas.com.mx\\\/\",\"name\":\"Fuentes Fidedignas\",\"description\":\"Otro sitio realizado con WordPress\",\"publisher\":{\"@id\":\"https:\\\/\\\/fuentesfidedignas.com.mx\\\/#organization\"},\"potentialAction\":[{\"@type\":\"SearchAction\",\"target\":{\"@type\":\"EntryPoint\",\"urlTemplate\":\"https:\\\/\\\/fuentesfidedignas.com.mx\\\/?s={search_term_string}\"},\"query-input\":{\"@type\":\"PropertyValueSpecification\",\"valueRequired\":true,\"valueName\":\"search_term_string\"}}],\"inLanguage\":\"es\"},{\"@type\":\"Organization\",\"@id\":\"https:\\\/\\\/fuentesfidedignas.com.mx\\\/#organization\",\"name\":\"Fuentes Fidedignas\",\"url\":\"https:\\\/\\\/fuentesfidedignas.com.mx\\\/\",\"logo\":{\"@type\":\"ImageObject\",\"inLanguage\":\"es\",\"@id\":\"https:\\\/\\\/fuentesfidedignas.com.mx\\\/#\\\/schema\\\/logo\\\/image\\\/\",\"url\":\"https:\\\/\\\/fuentesfidedignas.com.mx\\\/wp-content\\\/uploads\\\/2021\\\/04\\\/logo-retina.png\",\"contentUrl\":\"https:\\\/\\\/fuentesfidedignas.com.mx\\\/wp-content\\\/uploads\\\/2021\\\/04\\\/logo-retina.png\",\"width\":280,\"height\":51,\"caption\":\"Fuentes Fidedignas\"},\"image\":{\"@id\":\"https:\\\/\\\/fuentesfidedignas.com.mx\\\/#\\\/schema\\\/logo\\\/image\\\/\"},\"sameAs\":[\"https:\\\/\\\/www.facebook.com\\\/Fuentes-Fidedignas-368234489921644\",\"https:\\\/\\\/x.com\\\/fidedignas\"]},{\"@type\":\"Person\",\"@id\":\"https:\\\/\\\/fuentesfidedignas.com.mx\\\/#\\\/schema\\\/person\\\/331be9283d37198e2acd5750279085b0\",\"name\":\"Redacci\u00f3n\",\"image\":{\"@type\":\"ImageObject\",\"inLanguage\":\"es\",\"@id\":\"https:\\\/\\\/secure.gravatar.com\\\/avatar\\\/f6d8782c11d12b2d4ad3fbb6931aeab5309937a4d6cd2fc9cfaa28a6396a5aec?s=96&d=mm&r=g\",\"url\":\"https:\\\/\\\/secure.gravatar.com\\\/avatar\\\/f6d8782c11d12b2d4ad3fbb6931aeab5309937a4d6cd2fc9cfaa28a6396a5aec?s=96&d=mm&r=g\",\"contentUrl\":\"https:\\\/\\\/secure.gravatar.com\\\/avatar\\\/f6d8782c11d12b2d4ad3fbb6931aeab5309937a4d6cd2fc9cfaa28a6396a5aec?s=96&d=mm&r=g\",\"caption\":\"Redacci\u00f3n\"},\"url\":\"https:\\\/\\\/fuentesfidedignas.com.mx\\\/index.php\\\/author\\\/redaccion\\\/\"}]}<\/script>\n<!-- \/ Yoast SEO plugin. -->","yoast_head_json":{"title":"Despu\u00e9s de 5 a\u00f1os, el ISIC reanuda la entrega de t\u00edtulos profesionales a sus egresados - Fuentes Fidedignas","robots":{"index":"index","follow":"follow","max-snippet":"max-snippet:-1","max-image-preview":"max-image-preview:large","max-video-preview":"max-video-preview:-1"},"canonical":"https:\/\/fuentesfidedignas.com.mx\/index.php\/2023\/07\/19\/despues-de-5-anos-el-isic-reanuda-la-entrega-de-titulos-profesionales-a-sus-egresados\/","og_locale":"es_MX","og_type":"article","og_title":"Despu\u00e9s de 5 a\u00f1os, el ISIC reanuda la entrega de t\u00edtulos profesionales a sus egresados - Fuentes Fidedignas","og_description":"Tras el proceso que se vio interrumpido por la pandemia y por las\u00a0reformas a las leyes de educaci\u00f3n a nivel nacional, Kitzia Patricia Romero L\u00f3pez recibe su t\u00edtulo como Licenciada en Danza Contempor\u00e1nea de la Escuela Superior de Danza Culiac\u00e1n, Sin.-&nbsp;Atendiendo un compromiso del Gobierno del estado de fortalecer el \u00e1rea de formaci\u00f3n y capacitaci\u00f3n [&hellip;]","og_url":"https:\/\/fuentesfidedignas.com.mx\/index.php\/2023\/07\/19\/despues-de-5-anos-el-isic-reanuda-la-entrega-de-titulos-profesionales-a-sus-egresados\/","og_site_name":"Fuentes Fidedignas","article_publisher":"https:\/\/www.facebook.com\/Fuentes-Fidedignas-368234489921644","article_published_time":"2023-07-19T16:25:14+00:00","article_modified_time":"2023-07-19T16:26:05+00:00","og_image":[{"width":1024,"height":768,"url":"https:\/\/fuentesfidedignas.com.mx\/wp-content\/uploads\/2023\/07\/18Jul2023_Titulacin_Danza-af72a737.webp","type":"image\/webp"}],"author":"Redacci\u00f3n","twitter_card":"summary_large_image","twitter_creator":"@fidedignas","twitter_site":"@fidedignas","twitter_misc":{"Escrito por":"Redacci\u00f3n","Tiempo de lectura":"2 minutos"},"schema":{"@context":"https:\/\/schema.org","@graph":[{"@type":"Article","@id":"https:\/\/fuentesfidedignas.com.mx\/index.php\/2023\/07\/19\/despues-de-5-anos-el-isic-reanuda-la-entrega-de-titulos-profesionales-a-sus-egresados\/#article","isPartOf":{"@id":"https:\/\/fuentesfidedignas.com.mx\/index.php\/2023\/07\/19\/despues-de-5-anos-el-isic-reanuda-la-entrega-de-titulos-profesionales-a-sus-egresados\/"},"author":{"name":"Redacci\u00f3n","@id":"https:\/\/fuentesfidedignas.com.mx\/#\/schema\/person\/331be9283d37198e2acd5750279085b0"},"headline":"Despu\u00e9s de 5 a\u00f1os, el ISIC reanuda la entrega de t\u00edtulos profesionales a sus egresados","datePublished":"2023-07-19T16:25:14+00:00","dateModified":"2023-07-19T16:26:05+00:00","mainEntityOfPage":{"@id":"https:\/\/fuentesfidedignas.com.mx\/index.php\/2023\/07\/19\/despues-de-5-anos-el-isic-reanuda-la-entrega-de-titulos-profesionales-a-sus-egresados\/"},"wordCount":430,"commentCount":0,"publisher":{"@id":"https:\/\/fuentesfidedignas.com.mx\/#organization"},"image":{"@id":"https:\/\/fuentesfidedignas.com.mx\/index.php\/2023\/07\/19\/despues-de-5-anos-el-isic-reanuda-la-entrega-de-titulos-profesionales-a-sus-egresados\/#primaryimage"},"thumbnailUrl":"https:\/\/fuentesfidedignas.com.mx\/wp-content\/uploads\/2023\/07\/18Jul2023_Titulacin_Danza-af72a737.webp","articleSection":["NOTICIAS LOCALES"],"inLanguage":"es","potentialAction":[{"@type":"CommentAction","name":"Comment","target":["https:\/\/fuentesfidedignas.com.mx\/index.php\/2023\/07\/19\/despues-de-5-anos-el-isic-reanuda-la-entrega-de-titulos-profesionales-a-sus-egresados\/#respond"]}]},{"@type":"WebPage","@id":"https:\/\/fuentesfidedignas.com.mx\/index.php\/2023\/07\/19\/despues-de-5-anos-el-isic-reanuda-la-entrega-de-titulos-profesionales-a-sus-egresados\/","url":"https:\/\/fuentesfidedignas.com.mx\/index.php\/2023\/07\/19\/despues-de-5-anos-el-isic-reanuda-la-entrega-de-titulos-profesionales-a-sus-egresados\/","name":"Despu\u00e9s de 5 a\u00f1os, el ISIC reanuda la entrega de t\u00edtulos profesionales a sus egresados - Fuentes Fidedignas","isPartOf":{"@id":"https:\/\/fuentesfidedignas.com.mx\/#website"},"primaryImageOfPage":{"@id":"https:\/\/fuentesfidedignas.com.mx\/index.php\/2023\/07\/19\/despues-de-5-anos-el-isic-reanuda-la-entrega-de-titulos-profesionales-a-sus-egresados\/#primaryimage"},"image":{"@id":"https:\/\/fuentesfidedignas.com.mx\/index.php\/2023\/07\/19\/despues-de-5-anos-el-isic-reanuda-la-entrega-de-titulos-profesionales-a-sus-egresados\/#primaryimage"},"thumbnailUrl":"https:\/\/fuentesfidedignas.com.mx\/wp-content\/uploads\/2023\/07\/18Jul2023_Titulacin_Danza-af72a737.webp","datePublished":"2023-07-19T16:25:14+00:00","dateModified":"2023-07-19T16:26:05+00:00","breadcrumb":{"@id":"https:\/\/fuentesfidedignas.com.mx\/index.php\/2023\/07\/19\/despues-de-5-anos-el-isic-reanuda-la-entrega-de-titulos-profesionales-a-sus-egresados\/#breadcrumb"},"inLanguage":"es","potentialAction":[{"@type":"ReadAction","target":["https:\/\/fuentesfidedignas.com.mx\/index.php\/2023\/07\/19\/despues-de-5-anos-el-isic-reanuda-la-entrega-de-titulos-profesionales-a-sus-egresados\/"]}]},{"@type":"ImageObject","inLanguage":"es","@id":"https:\/\/fuentesfidedignas.com.mx\/index.php\/2023\/07\/19\/despues-de-5-anos-el-isic-reanuda-la-entrega-de-titulos-profesionales-a-sus-egresados\/#primaryimage","url":"https:\/\/fuentesfidedignas.com.mx\/wp-content\/uploads\/2023\/07\/18Jul2023_Titulacin_Danza-af72a737.webp","contentUrl":"https:\/\/fuentesfidedignas.com.mx\/wp-content\/uploads\/2023\/07\/18Jul2023_Titulacin_Danza-af72a737.webp","width":1024,"height":768},{"@type":"BreadcrumbList","@id":"https:\/\/fuentesfidedignas.com.mx\/index.php\/2023\/07\/19\/despues-de-5-anos-el-isic-reanuda-la-entrega-de-titulos-profesionales-a-sus-egresados\/#breadcrumb","itemListElement":[{"@type":"ListItem","position":1,"name":"Inicio","item":"https:\/\/fuentesfidedignas.com.mx\/"},{"@type":"ListItem","position":2,"name":"Despu\u00e9s de 5 a\u00f1os, el ISIC reanuda la entrega de t\u00edtulos profesionales a sus egresados"}]},{"@type":"WebSite","@id":"https:\/\/fuentesfidedignas.com.mx\/#website","url":"https:\/\/fuentesfidedignas.com.mx\/","name":"Fuentes Fidedignas","description":"Otro sitio realizado con WordPress","publisher":{"@id":"https:\/\/fuentesfidedignas.com.mx\/#organization"},"potentialAction":[{"@type":"SearchAction","target":{"@type":"EntryPoint","urlTemplate":"https:\/\/fuentesfidedignas.com.mx\/?s={search_term_string}"},"query-input":{"@type":"PropertyValueSpecification","valueRequired":true,"valueName":"search_term_string"}}],"inLanguage":"es"},{"@type":"Organization","@id":"https:\/\/fuentesfidedignas.com.mx\/#organization","name":"Fuentes Fidedignas","url":"https:\/\/fuentesfidedignas.com.mx\/","logo":{"@type":"ImageObject","inLanguage":"es","@id":"https:\/\/fuentesfidedignas.com.mx\/#\/schema\/logo\/image\/","url":"https:\/\/fuentesfidedignas.com.mx\/wp-content\/uploads\/2021\/04\/logo-retina.png","contentUrl":"https:\/\/fuentesfidedignas.com.mx\/wp-content\/uploads\/2021\/04\/logo-retina.png","width":280,"height":51,"caption":"Fuentes Fidedignas"},"image":{"@id":"https:\/\/fuentesfidedignas.com.mx\/#\/schema\/logo\/image\/"},"sameAs":["https:\/\/www.facebook.com\/Fuentes-Fidedignas-368234489921644","https:\/\/x.com\/fidedignas"]},{"@type":"Person","@id":"https:\/\/fuentesfidedignas.com.mx\/#\/schema\/person\/331be9283d37198e2acd5750279085b0","name":"Redacci\u00f3n","image":{"@type":"ImageObject","inLanguage":"es","@id":"https:\/\/secure.gravatar.com\/avatar\/f6d8782c11d12b2d4ad3fbb6931aeab5309937a4d6cd2fc9cfaa28a6396a5aec?s=96&d=mm&r=g","url":"https:\/\/secure.gravatar.com\/avatar\/f6d8782c11d12b2d4ad3fbb6931aeab5309937a4d6cd2fc9cfaa28a6396a5aec?s=96&d=mm&r=g","contentUrl":"https:\/\/secure.gravatar.com\/avatar\/f6d8782c11d12b2d4ad3fbb6931aeab5309937a4d6cd2fc9cfaa28a6396a5aec?s=96&d=mm&r=g","caption":"Redacci\u00f3n"},"url":"https:\/\/fuentesfidedignas.com.mx\/index.php\/author\/redaccion\/"}]}},"_links":{"self":[{"href":"https:\/\/fuentesfidedignas.com.mx\/index.php\/wp-json\/wp\/v2\/posts\/53186","targetHints":{"allow":["GET"]}}],"collection":[{"href":"https:\/\/fuentesfidedignas.com.mx\/index.php\/wp-json\/wp\/v2\/posts"}],"about":[{"href":"https:\/\/fuentesfidedignas.com.mx\/index.php\/wp-json\/wp\/v2\/types\/post"}],"author":[{"embeddable":true,"href":"https:\/\/fuentesfidedignas.com.mx\/index.php\/wp-json\/wp\/v2\/users\/4"}],"replies":[{"embeddable":true,"href":"https:\/\/fuentesfidedignas.com.mx\/index.php\/wp-json\/wp\/v2\/comments?post=53186"}],"version-history":[{"count":1,"href":"https:\/\/fuentesfidedignas.com.mx\/index.php\/wp-json\/wp\/v2\/posts\/53186\/revisions"}],"predecessor-version":[{"id":53187,"href":"https:\/\/fuentesfidedignas.com.mx\/index.php\/wp-json\/wp\/v2\/posts\/53186\/revisions\/53187"}],"wp:featuredmedia":[{"embeddable":true,"href":"https:\/\/fuentesfidedignas.com.mx\/index.php\/wp-json\/wp\/v2\/media\/53188"}],"wp:attachment":[{"href":"https:\/\/fuentesfidedignas.com.mx\/index.php\/wp-json\/wp\/v2\/media?parent=53186"}],"wp:term":[{"taxonomy":"category","embeddable":true,"href":"https:\/\/fuentesfidedignas.com.mx\/index.php\/wp-json\/wp\/v2\/categories?post=53186"},{"taxonomy":"post_tag","embeddable":true,"href":"https:\/\/fuentesfidedignas.com.mx\/index.php\/wp-json\/wp\/v2\/tags?post=53186"}],"curies":[{"name":"wp","href":"https:\/\/api.w.org\/{rel}","templated":true}]}}