{"id":53171,"date":"2023-07-19T07:16:28","date_gmt":"2023-07-19T14:16:28","guid":{"rendered":"https:\/\/fuentesfidedignas.com.mx\/?p=53171"},"modified":"2023-07-19T10:55:55","modified_gmt":"2023-07-19T17:55:55","slug":"union-de-universidades-de-america-latina-y-el-caribe-pide-respeto-a-la-autonomia-de-la-uas","status":"publish","type":"post","link":"https:\/\/fuentesfidedignas.com.mx\/index.php\/2023\/07\/19\/union-de-universidades-de-america-latina-y-el-caribe-pide-respeto-a-la-autonomia-de-la-uas\/","title":{"rendered":"Uni\u00f3n de Universidades de Am\u00e9rica Latina y el Caribe pide respeto a la autonom\u00eda de la UAS"},"content":{"rendered":"\n<p><strong><em>En un comunicado de la UDUALC, el cual es firmado por su secretario general, Roberto Escalante Semerena, se muestra el total apoyo para la instituci\u00f3n sinaloense<\/em><\/strong><\/p>\n\n\n\n<p>Cullac\u00e1n, Sin. La Uni\u00f3n de Universidades de Am\u00e9rica Latina y el Caribe (UDUALC), a trav\u00e9s de su p\u00e1gina oficial, demanda respeto a la autonom\u00eda de la Universidad Aut\u00f3noma de Sinaloa y se pronuncia por el apego absoluto a la legalidad y al debido proceso, en la investigaci\u00f3n que se realiza a diversos funcionarios de esta Casa de Estudios.<\/p>\n\n\n\n<p>En el comunicado de la UDUALC, el cual es firmado por su secretario general, Doctor Roberto Escalante Semerena, se muestra el total apoyo para la instituci\u00f3n sinaloense.<\/p>\n\n\n\n<p>El Director General de Vinculaci\u00f3n y Relaciones Internacionales de la UAS, Doctor Jes\u00fas Enrique S\u00e1nchez Zazueta, mencion\u00f3 lo importante que resulta recibir el respaldo de una organizaci\u00f3n encaminada al prop\u00f3sito de establecer lazos firmes de cooperaci\u00f3n, en un marco de respeto y pluralidad<\/p>\n\n\n\n<p>\u201cUna asociaci\u00f3n como la Uni\u00f3n de Universidades de Am\u00e9rica Latina y el Caribe, que respalde el no hostigamiento y persecuci\u00f3n pol\u00edtica siempre es de gran aliento para nosotros, ya que dicha asociaci\u00f3n representa a m\u00e1s de 250 universidades de la regi\u00f3n; ello muestra c\u00f3mo la comunidad acad\u00e9mica internacional se manifiesta en contra de las violaciones a la autonom\u00eda universitaria que en estos momentos la Universidad Aut\u00f3noma de Sinaloa est\u00e1 viviendo\u201d, expres\u00f3 S\u00e1nchez Zazueta.<\/p>\n\n\n\n<p>El funcionario universitario destac\u00f3 que&nbsp; el secretario general de la UDUALC, doctor Roberto Escalante Semerena, siempre ha manifestado el apoyo irrestricto a las autoridades universitarias y apoyando la gesti\u00f3n del Rector Jes\u00fas Madue\u00f1a Molina por su \u00edmpetu y coraje frente a las dificultades que ha enfrentado defendiendo la autonom\u00eda universitaria y la no intromisi\u00f3n del Estado dentro de la Universidad.<\/p>\n\n\n\n<p>Se\u00f1al\u00f3 que adem\u00e1s de la UDUALC, diversos organismos y asociaciones como la Asociaci\u00f3n Nacional de Universidades e Instituciones&nbsp; de Educaci\u00f3n Superior (ANUIES), la Confederaci\u00f3n Patronal de la Rep\u00fablica Mexicana (COPARMEX) Sinaloa y la Confederaci\u00f3n Nacional de Trabajadores Universitarios (CONTU), han mostrado su apoyo irrestricto a la UAS.<\/p>\n\n\n\n<p>Por \u00faltimo, S\u00e1nchez Zazueta reiter\u00f3 el llamado institucional que el Rector Jes\u00fas Madue\u00f1a Molina ha compartido con la comunidad universitaria y la sociedad en general durante el proceso que se ha desarrollado en la instituci\u00f3n desde el momento mismo que se ha negado se vulnere la autonom\u00eda universitaria&nbsp;<\/p>\n\n\n\n<p>\u201cLa sociedad sinaloense en general , los sectores sociales , empresariales y p\u00fablicos, tanto locales, regionales , nacionales e internacionales, deben de estar protegiendo a nuestra m\u00e1xima casa de estudios la Universidad Aut\u00f3noma de Sinaloa, por los intentos de control y violaci\u00f3n a la autonom\u00eda universitaria que el Poder Ejecutivo, Legislativo y Judicial estatal han realizado; ya que la UAS ha sido, es y ser\u00e1 , la instituci\u00f3n de educaci\u00f3n superior que alberga a m\u00e1s del 75% de los j\u00f3venes universitarios del estado , as\u00ed como de 19 entidades federativas del pa\u00eds, contribuyendo as\u00ed a la educaci\u00f3n, la ciencia, tecnolog\u00eda, deporte, cultura, desarrollo social y econ\u00f3mico de nuestra entidad, la regi\u00f3n , el pa\u00eds y con impacto internacional\u201d, dijo.<\/p>\n","protected":false},"excerpt":{"rendered":"<p>En un comunicado de la UDUALC, el cual es firmado por su secretario general, Roberto Escalante Semerena, se muestra el total apoyo para la instituci\u00f3n sinaloense Cullac\u00e1n, Sin. La Uni\u00f3n de Universidades de Am\u00e9rica Latina y el Caribe (UDUALC), a trav\u00e9s de su p\u00e1gina oficial, demanda respeto a la autonom\u00eda de la Universidad Aut\u00f3noma de [&hellip;]<\/p>\n","protected":false},"author":4,"featured_media":53173,"comment_status":"open","ping_status":"open","sticky":false,"template":"","format":"standard","meta":{"tdm_status":"","tdm_grid_status":"","footnotes":""},"categories":[38,1],"tags":[],"class_list":{"0":"post-53171","1":"post","2":"type-post","3":"status-publish","4":"format-standard","5":"has-post-thumbnail","7":"category-noticias-locales","8":"category-sin-categoria"},"yoast_head":"<!-- This site is optimized with the Yoast SEO plugin v27.5 - https:\/\/yoast.com\/product\/yoast-seo-wordpress\/ -->\n<title>Uni\u00f3n de Universidades de Am\u00e9rica Latina y el Caribe pide respeto a la autonom\u00eda de la UAS - Fuentes Fidedignas<\/title>\n<meta name=\"robots\" content=\"index, follow, max-snippet:-1, max-image-preview:large, max-video-preview:-1\" \/>\n<link rel=\"canonical\" href=\"https:\/\/fuentesfidedignas.com.mx\/index.php\/2023\/07\/19\/union-de-universidades-de-america-latina-y-el-caribe-pide-respeto-a-la-autonomia-de-la-uas\/\" \/>\n<meta property=\"og:locale\" content=\"es_MX\" \/>\n<meta property=\"og:type\" content=\"article\" \/>\n<meta property=\"og:title\" content=\"Uni\u00f3n de Universidades de Am\u00e9rica Latina y el Caribe pide respeto a la autonom\u00eda de la UAS - Fuentes Fidedignas\" \/>\n<meta property=\"og:description\" content=\"En un comunicado de la UDUALC, el cual es firmado por su secretario general, Roberto Escalante Semerena, se muestra el total apoyo para la instituci\u00f3n sinaloense Cullac\u00e1n, Sin. La Uni\u00f3n de Universidades de Am\u00e9rica Latina y el Caribe (UDUALC), a trav\u00e9s de su p\u00e1gina oficial, demanda respeto a la autonom\u00eda de la Universidad Aut\u00f3noma de [&hellip;]\" \/>\n<meta property=\"og:url\" content=\"https:\/\/fuentesfidedignas.com.mx\/index.php\/2023\/07\/19\/union-de-universidades-de-america-latina-y-el-caribe-pide-respeto-a-la-autonomia-de-la-uas\/\" \/>\n<meta property=\"og:site_name\" content=\"Fuentes Fidedignas\" \/>\n<meta property=\"article:publisher\" content=\"https:\/\/www.facebook.com\/Fuentes-Fidedignas-368234489921644\" \/>\n<meta property=\"article:published_time\" content=\"2023-07-19T14:16:28+00:00\" \/>\n<meta property=\"article:modified_time\" content=\"2023-07-19T17:55:55+00:00\" \/>\n<meta property=\"og:image\" content=\"https:\/\/fuentesfidedignas.com.mx\/wp-content\/uploads\/2023\/07\/POSICIONAMIENTO-UAS-1.jpeg\" \/>\n\t<meta property=\"og:image:width\" content=\"1024\" \/>\n\t<meta property=\"og:image:height\" content=\"681\" \/>\n\t<meta property=\"og:image:type\" content=\"image\/jpeg\" \/>\n<meta name=\"author\" content=\"Redacci\u00f3n\" \/>\n<meta name=\"twitter:card\" content=\"summary_large_image\" \/>\n<meta name=\"twitter:creator\" content=\"@fidedignas\" \/>\n<meta name=\"twitter:site\" content=\"@fidedignas\" \/>\n<meta name=\"twitter:label1\" content=\"Escrito por\" \/>\n\t<meta name=\"twitter:data1\" content=\"Redacci\u00f3n\" \/>\n\t<meta name=\"twitter:label2\" content=\"Tiempo de lectura\" \/>\n\t<meta name=\"twitter:data2\" content=\"3 minutos\" \/>\n<script type=\"application\/ld+json\" class=\"yoast-schema-graph\">{\"@context\":\"https:\\\/\\\/schema.org\",\"@graph\":[{\"@type\":\"Article\",\"@id\":\"https:\\\/\\\/fuentesfidedignas.com.mx\\\/index.php\\\/2023\\\/07\\\/19\\\/union-de-universidades-de-america-latina-y-el-caribe-pide-respeto-a-la-autonomia-de-la-uas\\\/#article\",\"isPartOf\":{\"@id\":\"https:\\\/\\\/fuentesfidedignas.com.mx\\\/index.php\\\/2023\\\/07\\\/19\\\/union-de-universidades-de-america-latina-y-el-caribe-pide-respeto-a-la-autonomia-de-la-uas\\\/\"},\"author\":{\"name\":\"Redacci\u00f3n\",\"@id\":\"https:\\\/\\\/fuentesfidedignas.com.mx\\\/#\\\/schema\\\/person\\\/331be9283d37198e2acd5750279085b0\"},\"headline\":\"Uni\u00f3n de Universidades de Am\u00e9rica Latina y el Caribe pide respeto a la autonom\u00eda de la UAS\",\"datePublished\":\"2023-07-19T14:16:28+00:00\",\"dateModified\":\"2023-07-19T17:55:55+00:00\",\"mainEntityOfPage\":{\"@id\":\"https:\\\/\\\/fuentesfidedignas.com.mx\\\/index.php\\\/2023\\\/07\\\/19\\\/union-de-universidades-de-america-latina-y-el-caribe-pide-respeto-a-la-autonomia-de-la-uas\\\/\"},\"wordCount\":576,\"commentCount\":0,\"publisher\":{\"@id\":\"https:\\\/\\\/fuentesfidedignas.com.mx\\\/#organization\"},\"image\":{\"@id\":\"https:\\\/\\\/fuentesfidedignas.com.mx\\\/index.php\\\/2023\\\/07\\\/19\\\/union-de-universidades-de-america-latina-y-el-caribe-pide-respeto-a-la-autonomia-de-la-uas\\\/#primaryimage\"},\"thumbnailUrl\":\"https:\\\/\\\/fuentesfidedignas.com.mx\\\/wp-content\\\/uploads\\\/2023\\\/07\\\/POSICIONAMIENTO-UAS-1.jpeg\",\"articleSection\":[\"NOTICIAS LOCALES\"],\"inLanguage\":\"es\",\"potentialAction\":[{\"@type\":\"CommentAction\",\"name\":\"Comment\",\"target\":[\"https:\\\/\\\/fuentesfidedignas.com.mx\\\/index.php\\\/2023\\\/07\\\/19\\\/union-de-universidades-de-america-latina-y-el-caribe-pide-respeto-a-la-autonomia-de-la-uas\\\/#respond\"]}]},{\"@type\":\"WebPage\",\"@id\":\"https:\\\/\\\/fuentesfidedignas.com.mx\\\/index.php\\\/2023\\\/07\\\/19\\\/union-de-universidades-de-america-latina-y-el-caribe-pide-respeto-a-la-autonomia-de-la-uas\\\/\",\"url\":\"https:\\\/\\\/fuentesfidedignas.com.mx\\\/index.php\\\/2023\\\/07\\\/19\\\/union-de-universidades-de-america-latina-y-el-caribe-pide-respeto-a-la-autonomia-de-la-uas\\\/\",\"name\":\"Uni\u00f3n de Universidades de Am\u00e9rica Latina y el Caribe pide respeto a la autonom\u00eda de la UAS - Fuentes Fidedignas\",\"isPartOf\":{\"@id\":\"https:\\\/\\\/fuentesfidedignas.com.mx\\\/#website\"},\"primaryImageOfPage\":{\"@id\":\"https:\\\/\\\/fuentesfidedignas.com.mx\\\/index.php\\\/2023\\\/07\\\/19\\\/union-de-universidades-de-america-latina-y-el-caribe-pide-respeto-a-la-autonomia-de-la-uas\\\/#primaryimage\"},\"image\":{\"@id\":\"https:\\\/\\\/fuentesfidedignas.com.mx\\\/index.php\\\/2023\\\/07\\\/19\\\/union-de-universidades-de-america-latina-y-el-caribe-pide-respeto-a-la-autonomia-de-la-uas\\\/#primaryimage\"},\"thumbnailUrl\":\"https:\\\/\\\/fuentesfidedignas.com.mx\\\/wp-content\\\/uploads\\\/2023\\\/07\\\/POSICIONAMIENTO-UAS-1.jpeg\",\"datePublished\":\"2023-07-19T14:16:28+00:00\",\"dateModified\":\"2023-07-19T17:55:55+00:00\",\"breadcrumb\":{\"@id\":\"https:\\\/\\\/fuentesfidedignas.com.mx\\\/index.php\\\/2023\\\/07\\\/19\\\/union-de-universidades-de-america-latina-y-el-caribe-pide-respeto-a-la-autonomia-de-la-uas\\\/#breadcrumb\"},\"inLanguage\":\"es\",\"potentialAction\":[{\"@type\":\"ReadAction\",\"target\":[\"https:\\\/\\\/fuentesfidedignas.com.mx\\\/index.php\\\/2023\\\/07\\\/19\\\/union-de-universidades-de-america-latina-y-el-caribe-pide-respeto-a-la-autonomia-de-la-uas\\\/\"]}]},{\"@type\":\"ImageObject\",\"inLanguage\":\"es\",\"@id\":\"https:\\\/\\\/fuentesfidedignas.com.mx\\\/index.php\\\/2023\\\/07\\\/19\\\/union-de-universidades-de-america-latina-y-el-caribe-pide-respeto-a-la-autonomia-de-la-uas\\\/#primaryimage\",\"url\":\"https:\\\/\\\/fuentesfidedignas.com.mx\\\/wp-content\\\/uploads\\\/2023\\\/07\\\/POSICIONAMIENTO-UAS-1.jpeg\",\"contentUrl\":\"https:\\\/\\\/fuentesfidedignas.com.mx\\\/wp-content\\\/uploads\\\/2023\\\/07\\\/POSICIONAMIENTO-UAS-1.jpeg\",\"width\":1024,\"height\":681},{\"@type\":\"BreadcrumbList\",\"@id\":\"https:\\\/\\\/fuentesfidedignas.com.mx\\\/index.php\\\/2023\\\/07\\\/19\\\/union-de-universidades-de-america-latina-y-el-caribe-pide-respeto-a-la-autonomia-de-la-uas\\\/#breadcrumb\",\"itemListElement\":[{\"@type\":\"ListItem\",\"position\":1,\"name\":\"Inicio\",\"item\":\"https:\\\/\\\/fuentesfidedignas.com.mx\\\/\"},{\"@type\":\"ListItem\",\"position\":2,\"name\":\"Uni\u00f3n de Universidades de Am\u00e9rica Latina y el Caribe pide respeto a la autonom\u00eda de la UAS\"}]},{\"@type\":\"WebSite\",\"@id\":\"https:\\\/\\\/fuentesfidedignas.com.mx\\\/#website\",\"url\":\"https:\\\/\\\/fuentesfidedignas.com.mx\\\/\",\"name\":\"Fuentes Fidedignas\",\"description\":\"Otro sitio realizado con WordPress\",\"publisher\":{\"@id\":\"https:\\\/\\\/fuentesfidedignas.com.mx\\\/#organization\"},\"potentialAction\":[{\"@type\":\"SearchAction\",\"target\":{\"@type\":\"EntryPoint\",\"urlTemplate\":\"https:\\\/\\\/fuentesfidedignas.com.mx\\\/?s={search_term_string}\"},\"query-input\":{\"@type\":\"PropertyValueSpecification\",\"valueRequired\":true,\"valueName\":\"search_term_string\"}}],\"inLanguage\":\"es\"},{\"@type\":\"Organization\",\"@id\":\"https:\\\/\\\/fuentesfidedignas.com.mx\\\/#organization\",\"name\":\"Fuentes Fidedignas\",\"url\":\"https:\\\/\\\/fuentesfidedignas.com.mx\\\/\",\"logo\":{\"@type\":\"ImageObject\",\"inLanguage\":\"es\",\"@id\":\"https:\\\/\\\/fuentesfidedignas.com.mx\\\/#\\\/schema\\\/logo\\\/image\\\/\",\"url\":\"https:\\\/\\\/fuentesfidedignas.com.mx\\\/wp-content\\\/uploads\\\/2021\\\/04\\\/logo-retina.png\",\"contentUrl\":\"https:\\\/\\\/fuentesfidedignas.com.mx\\\/wp-content\\\/uploads\\\/2021\\\/04\\\/logo-retina.png\",\"width\":280,\"height\":51,\"caption\":\"Fuentes Fidedignas\"},\"image\":{\"@id\":\"https:\\\/\\\/fuentesfidedignas.com.mx\\\/#\\\/schema\\\/logo\\\/image\\\/\"},\"sameAs\":[\"https:\\\/\\\/www.facebook.com\\\/Fuentes-Fidedignas-368234489921644\",\"https:\\\/\\\/x.com\\\/fidedignas\"]},{\"@type\":\"Person\",\"@id\":\"https:\\\/\\\/fuentesfidedignas.com.mx\\\/#\\\/schema\\\/person\\\/331be9283d37198e2acd5750279085b0\",\"name\":\"Redacci\u00f3n\",\"image\":{\"@type\":\"ImageObject\",\"inLanguage\":\"es\",\"@id\":\"https:\\\/\\\/secure.gravatar.com\\\/avatar\\\/f6d8782c11d12b2d4ad3fbb6931aeab5309937a4d6cd2fc9cfaa28a6396a5aec?s=96&d=mm&r=g\",\"url\":\"https:\\\/\\\/secure.gravatar.com\\\/avatar\\\/f6d8782c11d12b2d4ad3fbb6931aeab5309937a4d6cd2fc9cfaa28a6396a5aec?s=96&d=mm&r=g\",\"contentUrl\":\"https:\\\/\\\/secure.gravatar.com\\\/avatar\\\/f6d8782c11d12b2d4ad3fbb6931aeab5309937a4d6cd2fc9cfaa28a6396a5aec?s=96&d=mm&r=g\",\"caption\":\"Redacci\u00f3n\"},\"url\":\"https:\\\/\\\/fuentesfidedignas.com.mx\\\/index.php\\\/author\\\/redaccion\\\/\"}]}<\/script>\n<!-- \/ Yoast SEO plugin. -->","yoast_head_json":{"title":"Uni\u00f3n de Universidades de Am\u00e9rica Latina y el Caribe pide respeto a la autonom\u00eda de la UAS - Fuentes Fidedignas","robots":{"index":"index","follow":"follow","max-snippet":"max-snippet:-1","max-image-preview":"max-image-preview:large","max-video-preview":"max-video-preview:-1"},"canonical":"https:\/\/fuentesfidedignas.com.mx\/index.php\/2023\/07\/19\/union-de-universidades-de-america-latina-y-el-caribe-pide-respeto-a-la-autonomia-de-la-uas\/","og_locale":"es_MX","og_type":"article","og_title":"Uni\u00f3n de Universidades de Am\u00e9rica Latina y el Caribe pide respeto a la autonom\u00eda de la UAS - Fuentes Fidedignas","og_description":"En un comunicado de la UDUALC, el cual es firmado por su secretario general, Roberto Escalante Semerena, se muestra el total apoyo para la instituci\u00f3n sinaloense Cullac\u00e1n, Sin. La Uni\u00f3n de Universidades de Am\u00e9rica Latina y el Caribe (UDUALC), a trav\u00e9s de su p\u00e1gina oficial, demanda respeto a la autonom\u00eda de la Universidad Aut\u00f3noma de [&hellip;]","og_url":"https:\/\/fuentesfidedignas.com.mx\/index.php\/2023\/07\/19\/union-de-universidades-de-america-latina-y-el-caribe-pide-respeto-a-la-autonomia-de-la-uas\/","og_site_name":"Fuentes Fidedignas","article_publisher":"https:\/\/www.facebook.com\/Fuentes-Fidedignas-368234489921644","article_published_time":"2023-07-19T14:16:28+00:00","article_modified_time":"2023-07-19T17:55:55+00:00","og_image":[{"width":1024,"height":681,"url":"https:\/\/fuentesfidedignas.com.mx\/wp-content\/uploads\/2023\/07\/POSICIONAMIENTO-UAS-1.jpeg","type":"image\/jpeg"}],"author":"Redacci\u00f3n","twitter_card":"summary_large_image","twitter_creator":"@fidedignas","twitter_site":"@fidedignas","twitter_misc":{"Escrito por":"Redacci\u00f3n","Tiempo de lectura":"3 minutos"},"schema":{"@context":"https:\/\/schema.org","@graph":[{"@type":"Article","@id":"https:\/\/fuentesfidedignas.com.mx\/index.php\/2023\/07\/19\/union-de-universidades-de-america-latina-y-el-caribe-pide-respeto-a-la-autonomia-de-la-uas\/#article","isPartOf":{"@id":"https:\/\/fuentesfidedignas.com.mx\/index.php\/2023\/07\/19\/union-de-universidades-de-america-latina-y-el-caribe-pide-respeto-a-la-autonomia-de-la-uas\/"},"author":{"name":"Redacci\u00f3n","@id":"https:\/\/fuentesfidedignas.com.mx\/#\/schema\/person\/331be9283d37198e2acd5750279085b0"},"headline":"Uni\u00f3n de Universidades de Am\u00e9rica Latina y el Caribe pide respeto a la autonom\u00eda de la UAS","datePublished":"2023-07-19T14:16:28+00:00","dateModified":"2023-07-19T17:55:55+00:00","mainEntityOfPage":{"@id":"https:\/\/fuentesfidedignas.com.mx\/index.php\/2023\/07\/19\/union-de-universidades-de-america-latina-y-el-caribe-pide-respeto-a-la-autonomia-de-la-uas\/"},"wordCount":576,"commentCount":0,"publisher":{"@id":"https:\/\/fuentesfidedignas.com.mx\/#organization"},"image":{"@id":"https:\/\/fuentesfidedignas.com.mx\/index.php\/2023\/07\/19\/union-de-universidades-de-america-latina-y-el-caribe-pide-respeto-a-la-autonomia-de-la-uas\/#primaryimage"},"thumbnailUrl":"https:\/\/fuentesfidedignas.com.mx\/wp-content\/uploads\/2023\/07\/POSICIONAMIENTO-UAS-1.jpeg","articleSection":["NOTICIAS LOCALES"],"inLanguage":"es","potentialAction":[{"@type":"CommentAction","name":"Comment","target":["https:\/\/fuentesfidedignas.com.mx\/index.php\/2023\/07\/19\/union-de-universidades-de-america-latina-y-el-caribe-pide-respeto-a-la-autonomia-de-la-uas\/#respond"]}]},{"@type":"WebPage","@id":"https:\/\/fuentesfidedignas.com.mx\/index.php\/2023\/07\/19\/union-de-universidades-de-america-latina-y-el-caribe-pide-respeto-a-la-autonomia-de-la-uas\/","url":"https:\/\/fuentesfidedignas.com.mx\/index.php\/2023\/07\/19\/union-de-universidades-de-america-latina-y-el-caribe-pide-respeto-a-la-autonomia-de-la-uas\/","name":"Uni\u00f3n de Universidades de Am\u00e9rica Latina y el Caribe pide respeto a la autonom\u00eda de la UAS - Fuentes Fidedignas","isPartOf":{"@id":"https:\/\/fuentesfidedignas.com.mx\/#website"},"primaryImageOfPage":{"@id":"https:\/\/fuentesfidedignas.com.mx\/index.php\/2023\/07\/19\/union-de-universidades-de-america-latina-y-el-caribe-pide-respeto-a-la-autonomia-de-la-uas\/#primaryimage"},"image":{"@id":"https:\/\/fuentesfidedignas.com.mx\/index.php\/2023\/07\/19\/union-de-universidades-de-america-latina-y-el-caribe-pide-respeto-a-la-autonomia-de-la-uas\/#primaryimage"},"thumbnailUrl":"https:\/\/fuentesfidedignas.com.mx\/wp-content\/uploads\/2023\/07\/POSICIONAMIENTO-UAS-1.jpeg","datePublished":"2023-07-19T14:16:28+00:00","dateModified":"2023-07-19T17:55:55+00:00","breadcrumb":{"@id":"https:\/\/fuentesfidedignas.com.mx\/index.php\/2023\/07\/19\/union-de-universidades-de-america-latina-y-el-caribe-pide-respeto-a-la-autonomia-de-la-uas\/#breadcrumb"},"inLanguage":"es","potentialAction":[{"@type":"ReadAction","target":["https:\/\/fuentesfidedignas.com.mx\/index.php\/2023\/07\/19\/union-de-universidades-de-america-latina-y-el-caribe-pide-respeto-a-la-autonomia-de-la-uas\/"]}]},{"@type":"ImageObject","inLanguage":"es","@id":"https:\/\/fuentesfidedignas.com.mx\/index.php\/2023\/07\/19\/union-de-universidades-de-america-latina-y-el-caribe-pide-respeto-a-la-autonomia-de-la-uas\/#primaryimage","url":"https:\/\/fuentesfidedignas.com.mx\/wp-content\/uploads\/2023\/07\/POSICIONAMIENTO-UAS-1.jpeg","contentUrl":"https:\/\/fuentesfidedignas.com.mx\/wp-content\/uploads\/2023\/07\/POSICIONAMIENTO-UAS-1.jpeg","width":1024,"height":681},{"@type":"BreadcrumbList","@id":"https:\/\/fuentesfidedignas.com.mx\/index.php\/2023\/07\/19\/union-de-universidades-de-america-latina-y-el-caribe-pide-respeto-a-la-autonomia-de-la-uas\/#breadcrumb","itemListElement":[{"@type":"ListItem","position":1,"name":"Inicio","item":"https:\/\/fuentesfidedignas.com.mx\/"},{"@type":"ListItem","position":2,"name":"Uni\u00f3n de Universidades de Am\u00e9rica Latina y el Caribe pide respeto a la autonom\u00eda de la UAS"}]},{"@type":"WebSite","@id":"https:\/\/fuentesfidedignas.com.mx\/#website","url":"https:\/\/fuentesfidedignas.com.mx\/","name":"Fuentes Fidedignas","description":"Otro sitio realizado con WordPress","publisher":{"@id":"https:\/\/fuentesfidedignas.com.mx\/#organization"},"potentialAction":[{"@type":"SearchAction","target":{"@type":"EntryPoint","urlTemplate":"https:\/\/fuentesfidedignas.com.mx\/?s={search_term_string}"},"query-input":{"@type":"PropertyValueSpecification","valueRequired":true,"valueName":"search_term_string"}}],"inLanguage":"es"},{"@type":"Organization","@id":"https:\/\/fuentesfidedignas.com.mx\/#organization","name":"Fuentes Fidedignas","url":"https:\/\/fuentesfidedignas.com.mx\/","logo":{"@type":"ImageObject","inLanguage":"es","@id":"https:\/\/fuentesfidedignas.com.mx\/#\/schema\/logo\/image\/","url":"https:\/\/fuentesfidedignas.com.mx\/wp-content\/uploads\/2021\/04\/logo-retina.png","contentUrl":"https:\/\/fuentesfidedignas.com.mx\/wp-content\/uploads\/2021\/04\/logo-retina.png","width":280,"height":51,"caption":"Fuentes Fidedignas"},"image":{"@id":"https:\/\/fuentesfidedignas.com.mx\/#\/schema\/logo\/image\/"},"sameAs":["https:\/\/www.facebook.com\/Fuentes-Fidedignas-368234489921644","https:\/\/x.com\/fidedignas"]},{"@type":"Person","@id":"https:\/\/fuentesfidedignas.com.mx\/#\/schema\/person\/331be9283d37198e2acd5750279085b0","name":"Redacci\u00f3n","image":{"@type":"ImageObject","inLanguage":"es","@id":"https:\/\/secure.gravatar.com\/avatar\/f6d8782c11d12b2d4ad3fbb6931aeab5309937a4d6cd2fc9cfaa28a6396a5aec?s=96&d=mm&r=g","url":"https:\/\/secure.gravatar.com\/avatar\/f6d8782c11d12b2d4ad3fbb6931aeab5309937a4d6cd2fc9cfaa28a6396a5aec?s=96&d=mm&r=g","contentUrl":"https:\/\/secure.gravatar.com\/avatar\/f6d8782c11d12b2d4ad3fbb6931aeab5309937a4d6cd2fc9cfaa28a6396a5aec?s=96&d=mm&r=g","caption":"Redacci\u00f3n"},"url":"https:\/\/fuentesfidedignas.com.mx\/index.php\/author\/redaccion\/"}]}},"_links":{"self":[{"href":"https:\/\/fuentesfidedignas.com.mx\/index.php\/wp-json\/wp\/v2\/posts\/53171","targetHints":{"allow":["GET"]}}],"collection":[{"href":"https:\/\/fuentesfidedignas.com.mx\/index.php\/wp-json\/wp\/v2\/posts"}],"about":[{"href":"https:\/\/fuentesfidedignas.com.mx\/index.php\/wp-json\/wp\/v2\/types\/post"}],"author":[{"embeddable":true,"href":"https:\/\/fuentesfidedignas.com.mx\/index.php\/wp-json\/wp\/v2\/users\/4"}],"replies":[{"embeddable":true,"href":"https:\/\/fuentesfidedignas.com.mx\/index.php\/wp-json\/wp\/v2\/comments?post=53171"}],"version-history":[{"count":1,"href":"https:\/\/fuentesfidedignas.com.mx\/index.php\/wp-json\/wp\/v2\/posts\/53171\/revisions"}],"predecessor-version":[{"id":53172,"href":"https:\/\/fuentesfidedignas.com.mx\/index.php\/wp-json\/wp\/v2\/posts\/53171\/revisions\/53172"}],"wp:featuredmedia":[{"embeddable":true,"href":"https:\/\/fuentesfidedignas.com.mx\/index.php\/wp-json\/wp\/v2\/media\/53173"}],"wp:attachment":[{"href":"https:\/\/fuentesfidedignas.com.mx\/index.php\/wp-json\/wp\/v2\/media?parent=53171"}],"wp:term":[{"taxonomy":"category","embeddable":true,"href":"https:\/\/fuentesfidedignas.com.mx\/index.php\/wp-json\/wp\/v2\/categories?post=53171"},{"taxonomy":"post_tag","embeddable":true,"href":"https:\/\/fuentesfidedignas.com.mx\/index.php\/wp-json\/wp\/v2\/tags?post=53171"}],"curies":[{"name":"wp","href":"https:\/\/api.w.org\/{rel}","templated":true}]}}