{"id":53168,"date":"2023-07-19T07:04:51","date_gmt":"2023-07-19T14:04:51","guid":{"rendered":"https:\/\/fuentesfidedignas.com.mx\/?p=53168"},"modified":"2023-07-19T07:06:57","modified_gmt":"2023-07-19T14:06:57","slug":"en-prision-preventiva-tres-personas-por-caso-de-centro-de-rehabilitacion","status":"publish","type":"post","link":"https:\/\/fuentesfidedignas.com.mx\/index.php\/2023\/07\/19\/en-prision-preventiva-tres-personas-por-caso-de-centro-de-rehabilitacion\/","title":{"rendered":"En prisi\u00f3n preventiva tres personas por caso de centro de rehabilitaci\u00f3n"},"content":{"rendered":"\n<p><strong><em>La FGE les imput\u00f3 trata de.personas, adem\u00e1s dos delitos m\u00e1s cometidos en agravio de 39 internos de un centro contra las adicciones<\/em><\/strong><\/p>\n\n\n\n<p>Culiac\u00e1n Sin. &#8211; Los tres sujetos que fueron detenidos luego del rescate de 39 personas de un centro contra las adicciones en Angostura fueron imputados en audiencia inicial de la causa penal 744\/2023 celebrada este martes en la Sede Penal, Acusatoria y Oral Zona Centro.<\/p>\n\n\n\n<p>La Fiscal\u00eda General del Estado a trav\u00e9s de la Agencia Especializada en Violencia contra las Mujeres, Trata de personas y Grupos en situaci\u00f3n de vulnerabilidad Regi\u00f3n Centro llev\u00f3 a cabo carpeta de investigaci\u00f3n contra Luis Enrique &#8220;M&#8221;, Leonardo &#8220;C&#8221; y Mario Uriel &#8220;G&#8221; contra quienes se formul\u00f3 imputaci\u00f3n por los delitos de Trata de personas en la modalidad de explotaci\u00f3n laboral, privaci\u00f3n de la libertad y secuestro (por una de las v\u00edctimas).<\/p>\n\n\n\n<p>El Juez de Control calific\u00f3 de legal la detenci\u00f3n, se formul\u00f3 imputaci\u00f3n, y se solicit\u00f3 vinculaci\u00f3n a proceso, sin embargo, la defensa solicit\u00f3 duplicidad de t\u00e9rmino, por lo que se program\u00f3 continuaci\u00f3n de audiencia para el 21 de julio a las 12:00 horas. En tanto los tres imputados permanecer\u00e1n en prisi\u00f3n preventiva oficiosa.<\/p>\n\n\n\n<p>Luis Enrique, Mario y Leonardo fueron detenidos por elementos de la Polic\u00eda Estatal Preventiva y de la Marina durante un operativo efectuado en La Reforma, Angostura a un centro denominado \u201cGrupo de Rehabilitadores Hermanos Unidos A.C\u201d, donde rescataron a 39 personas a quienes manten\u00edan privados de la libertad para realizar trabajo forzado ya que los obligaban a trabajar bajo amenazas en labores agr\u00edcolas y pesqueras cobrando por ellos.<\/p>\n\n\n\n<p>Luego de su rescate fueron llevados a la Agencia Especializada en Violencia contra las Mujeres, Trata de personas y Grupos en situaci\u00f3n de vulnerabilidad Regi\u00f3n Centro donde se les tom\u00f3 declaraci\u00f3n y se realizaron las indagatorias correspondientes obteniendo los datos de prueba con los que se judicializ\u00f3 carpeta de investigaci\u00f3n.<\/p>\n","protected":false},"excerpt":{"rendered":"<p>La FGE les imput\u00f3 trata de.personas, adem\u00e1s dos delitos m\u00e1s cometidos en agravio de 39 internos de un centro contra las adicciones Culiac\u00e1n Sin. &#8211; Los tres sujetos que fueron detenidos luego del rescate de 39 personas de un centro contra las adicciones en Angostura fueron imputados en audiencia inicial de la causa penal 744\/2023 [&hellip;]<\/p>\n","protected":false},"author":4,"featured_media":53170,"comment_status":"open","ping_status":"open","sticky":false,"template":"","format":"standard","meta":{"tdm_status":"","tdm_grid_status":"","footnotes":""},"categories":[37,1],"tags":[],"class_list":{"0":"post-53168","1":"post","2":"type-post","3":"status-publish","4":"format-standard","5":"has-post-thumbnail","7":"category-nota-principal","8":"category-sin-categoria"},"yoast_head":"<!-- This site is optimized with the Yoast SEO plugin v27.5 - https:\/\/yoast.com\/product\/yoast-seo-wordpress\/ -->\n<title>En prisi\u00f3n preventiva tres personas por caso de centro de rehabilitaci\u00f3n - Fuentes Fidedignas<\/title>\n<meta name=\"robots\" content=\"index, follow, max-snippet:-1, max-image-preview:large, max-video-preview:-1\" \/>\n<link rel=\"canonical\" href=\"https:\/\/fuentesfidedignas.com.mx\/index.php\/2023\/07\/19\/en-prision-preventiva-tres-personas-por-caso-de-centro-de-rehabilitacion\/\" \/>\n<meta property=\"og:locale\" content=\"es_MX\" \/>\n<meta property=\"og:type\" content=\"article\" \/>\n<meta property=\"og:title\" content=\"En prisi\u00f3n preventiva tres personas por caso de centro de rehabilitaci\u00f3n - Fuentes Fidedignas\" \/>\n<meta property=\"og:description\" content=\"La FGE les imput\u00f3 trata de.personas, adem\u00e1s dos delitos m\u00e1s cometidos en agravio de 39 internos de un centro contra las adicciones Culiac\u00e1n Sin. &#8211; Los tres sujetos que fueron detenidos luego del rescate de 39 personas de un centro contra las adicciones en Angostura fueron imputados en audiencia inicial de la causa penal 744\/2023 [&hellip;]\" \/>\n<meta property=\"og:url\" content=\"https:\/\/fuentesfidedignas.com.mx\/index.php\/2023\/07\/19\/en-prision-preventiva-tres-personas-por-caso-de-centro-de-rehabilitacion\/\" \/>\n<meta property=\"og:site_name\" content=\"Fuentes Fidedignas\" \/>\n<meta property=\"article:publisher\" content=\"https:\/\/www.facebook.com\/Fuentes-Fidedignas-368234489921644\" \/>\n<meta property=\"article:published_time\" content=\"2023-07-19T14:04:51+00:00\" \/>\n<meta property=\"article:modified_time\" content=\"2023-07-19T14:06:57+00:00\" \/>\n<meta property=\"og:image\" content=\"https:\/\/fuentesfidedignas.com.mx\/wp-content\/uploads\/2023\/07\/images-3.jpeg\" \/>\n\t<meta property=\"og:image:width\" content=\"739\" \/>\n\t<meta property=\"og:image:height\" content=\"415\" \/>\n\t<meta property=\"og:image:type\" content=\"image\/jpeg\" \/>\n<meta name=\"author\" content=\"Redacci\u00f3n\" \/>\n<meta name=\"twitter:card\" content=\"summary_large_image\" \/>\n<meta name=\"twitter:creator\" content=\"@fidedignas\" \/>\n<meta name=\"twitter:site\" content=\"@fidedignas\" \/>\n<meta name=\"twitter:label1\" content=\"Escrito por\" \/>\n\t<meta name=\"twitter:data1\" content=\"Redacci\u00f3n\" \/>\n\t<meta name=\"twitter:label2\" content=\"Tiempo de lectura\" \/>\n\t<meta name=\"twitter:data2\" content=\"2 minutos\" \/>\n<script type=\"application\/ld+json\" class=\"yoast-schema-graph\">{\"@context\":\"https:\\\/\\\/schema.org\",\"@graph\":[{\"@type\":\"Article\",\"@id\":\"https:\\\/\\\/fuentesfidedignas.com.mx\\\/index.php\\\/2023\\\/07\\\/19\\\/en-prision-preventiva-tres-personas-por-caso-de-centro-de-rehabilitacion\\\/#article\",\"isPartOf\":{\"@id\":\"https:\\\/\\\/fuentesfidedignas.com.mx\\\/index.php\\\/2023\\\/07\\\/19\\\/en-prision-preventiva-tres-personas-por-caso-de-centro-de-rehabilitacion\\\/\"},\"author\":{\"name\":\"Redacci\u00f3n\",\"@id\":\"https:\\\/\\\/fuentesfidedignas.com.mx\\\/#\\\/schema\\\/person\\\/331be9283d37198e2acd5750279085b0\"},\"headline\":\"En prisi\u00f3n preventiva tres personas por caso de centro de rehabilitaci\u00f3n\",\"datePublished\":\"2023-07-19T14:04:51+00:00\",\"dateModified\":\"2023-07-19T14:06:57+00:00\",\"mainEntityOfPage\":{\"@id\":\"https:\\\/\\\/fuentesfidedignas.com.mx\\\/index.php\\\/2023\\\/07\\\/19\\\/en-prision-preventiva-tres-personas-por-caso-de-centro-de-rehabilitacion\\\/\"},\"wordCount\":345,\"commentCount\":0,\"publisher\":{\"@id\":\"https:\\\/\\\/fuentesfidedignas.com.mx\\\/#organization\"},\"image\":{\"@id\":\"https:\\\/\\\/fuentesfidedignas.com.mx\\\/index.php\\\/2023\\\/07\\\/19\\\/en-prision-preventiva-tres-personas-por-caso-de-centro-de-rehabilitacion\\\/#primaryimage\"},\"thumbnailUrl\":\"https:\\\/\\\/fuentesfidedignas.com.mx\\\/wp-content\\\/uploads\\\/2023\\\/07\\\/images-3.jpeg\",\"articleSection\":[\"NOTA PRINCIPAL\"],\"inLanguage\":\"es\",\"potentialAction\":[{\"@type\":\"CommentAction\",\"name\":\"Comment\",\"target\":[\"https:\\\/\\\/fuentesfidedignas.com.mx\\\/index.php\\\/2023\\\/07\\\/19\\\/en-prision-preventiva-tres-personas-por-caso-de-centro-de-rehabilitacion\\\/#respond\"]}]},{\"@type\":\"WebPage\",\"@id\":\"https:\\\/\\\/fuentesfidedignas.com.mx\\\/index.php\\\/2023\\\/07\\\/19\\\/en-prision-preventiva-tres-personas-por-caso-de-centro-de-rehabilitacion\\\/\",\"url\":\"https:\\\/\\\/fuentesfidedignas.com.mx\\\/index.php\\\/2023\\\/07\\\/19\\\/en-prision-preventiva-tres-personas-por-caso-de-centro-de-rehabilitacion\\\/\",\"name\":\"En prisi\u00f3n preventiva tres personas por caso de centro de rehabilitaci\u00f3n - Fuentes Fidedignas\",\"isPartOf\":{\"@id\":\"https:\\\/\\\/fuentesfidedignas.com.mx\\\/#website\"},\"primaryImageOfPage\":{\"@id\":\"https:\\\/\\\/fuentesfidedignas.com.mx\\\/index.php\\\/2023\\\/07\\\/19\\\/en-prision-preventiva-tres-personas-por-caso-de-centro-de-rehabilitacion\\\/#primaryimage\"},\"image\":{\"@id\":\"https:\\\/\\\/fuentesfidedignas.com.mx\\\/index.php\\\/2023\\\/07\\\/19\\\/en-prision-preventiva-tres-personas-por-caso-de-centro-de-rehabilitacion\\\/#primaryimage\"},\"thumbnailUrl\":\"https:\\\/\\\/fuentesfidedignas.com.mx\\\/wp-content\\\/uploads\\\/2023\\\/07\\\/images-3.jpeg\",\"datePublished\":\"2023-07-19T14:04:51+00:00\",\"dateModified\":\"2023-07-19T14:06:57+00:00\",\"breadcrumb\":{\"@id\":\"https:\\\/\\\/fuentesfidedignas.com.mx\\\/index.php\\\/2023\\\/07\\\/19\\\/en-prision-preventiva-tres-personas-por-caso-de-centro-de-rehabilitacion\\\/#breadcrumb\"},\"inLanguage\":\"es\",\"potentialAction\":[{\"@type\":\"ReadAction\",\"target\":[\"https:\\\/\\\/fuentesfidedignas.com.mx\\\/index.php\\\/2023\\\/07\\\/19\\\/en-prision-preventiva-tres-personas-por-caso-de-centro-de-rehabilitacion\\\/\"]}]},{\"@type\":\"ImageObject\",\"inLanguage\":\"es\",\"@id\":\"https:\\\/\\\/fuentesfidedignas.com.mx\\\/index.php\\\/2023\\\/07\\\/19\\\/en-prision-preventiva-tres-personas-por-caso-de-centro-de-rehabilitacion\\\/#primaryimage\",\"url\":\"https:\\\/\\\/fuentesfidedignas.com.mx\\\/wp-content\\\/uploads\\\/2023\\\/07\\\/images-3.jpeg\",\"contentUrl\":\"https:\\\/\\\/fuentesfidedignas.com.mx\\\/wp-content\\\/uploads\\\/2023\\\/07\\\/images-3.jpeg\",\"width\":739,\"height\":415},{\"@type\":\"BreadcrumbList\",\"@id\":\"https:\\\/\\\/fuentesfidedignas.com.mx\\\/index.php\\\/2023\\\/07\\\/19\\\/en-prision-preventiva-tres-personas-por-caso-de-centro-de-rehabilitacion\\\/#breadcrumb\",\"itemListElement\":[{\"@type\":\"ListItem\",\"position\":1,\"name\":\"Inicio\",\"item\":\"https:\\\/\\\/fuentesfidedignas.com.mx\\\/\"},{\"@type\":\"ListItem\",\"position\":2,\"name\":\"En prisi\u00f3n preventiva tres personas por caso de centro de rehabilitaci\u00f3n\"}]},{\"@type\":\"WebSite\",\"@id\":\"https:\\\/\\\/fuentesfidedignas.com.mx\\\/#website\",\"url\":\"https:\\\/\\\/fuentesfidedignas.com.mx\\\/\",\"name\":\"Fuentes Fidedignas\",\"description\":\"Otro sitio realizado con WordPress\",\"publisher\":{\"@id\":\"https:\\\/\\\/fuentesfidedignas.com.mx\\\/#organization\"},\"potentialAction\":[{\"@type\":\"SearchAction\",\"target\":{\"@type\":\"EntryPoint\",\"urlTemplate\":\"https:\\\/\\\/fuentesfidedignas.com.mx\\\/?s={search_term_string}\"},\"query-input\":{\"@type\":\"PropertyValueSpecification\",\"valueRequired\":true,\"valueName\":\"search_term_string\"}}],\"inLanguage\":\"es\"},{\"@type\":\"Organization\",\"@id\":\"https:\\\/\\\/fuentesfidedignas.com.mx\\\/#organization\",\"name\":\"Fuentes Fidedignas\",\"url\":\"https:\\\/\\\/fuentesfidedignas.com.mx\\\/\",\"logo\":{\"@type\":\"ImageObject\",\"inLanguage\":\"es\",\"@id\":\"https:\\\/\\\/fuentesfidedignas.com.mx\\\/#\\\/schema\\\/logo\\\/image\\\/\",\"url\":\"https:\\\/\\\/fuentesfidedignas.com.mx\\\/wp-content\\\/uploads\\\/2021\\\/04\\\/logo-retina.png\",\"contentUrl\":\"https:\\\/\\\/fuentesfidedignas.com.mx\\\/wp-content\\\/uploads\\\/2021\\\/04\\\/logo-retina.png\",\"width\":280,\"height\":51,\"caption\":\"Fuentes Fidedignas\"},\"image\":{\"@id\":\"https:\\\/\\\/fuentesfidedignas.com.mx\\\/#\\\/schema\\\/logo\\\/image\\\/\"},\"sameAs\":[\"https:\\\/\\\/www.facebook.com\\\/Fuentes-Fidedignas-368234489921644\",\"https:\\\/\\\/x.com\\\/fidedignas\"]},{\"@type\":\"Person\",\"@id\":\"https:\\\/\\\/fuentesfidedignas.com.mx\\\/#\\\/schema\\\/person\\\/331be9283d37198e2acd5750279085b0\",\"name\":\"Redacci\u00f3n\",\"image\":{\"@type\":\"ImageObject\",\"inLanguage\":\"es\",\"@id\":\"https:\\\/\\\/secure.gravatar.com\\\/avatar\\\/f6d8782c11d12b2d4ad3fbb6931aeab5309937a4d6cd2fc9cfaa28a6396a5aec?s=96&d=mm&r=g\",\"url\":\"https:\\\/\\\/secure.gravatar.com\\\/avatar\\\/f6d8782c11d12b2d4ad3fbb6931aeab5309937a4d6cd2fc9cfaa28a6396a5aec?s=96&d=mm&r=g\",\"contentUrl\":\"https:\\\/\\\/secure.gravatar.com\\\/avatar\\\/f6d8782c11d12b2d4ad3fbb6931aeab5309937a4d6cd2fc9cfaa28a6396a5aec?s=96&d=mm&r=g\",\"caption\":\"Redacci\u00f3n\"},\"url\":\"https:\\\/\\\/fuentesfidedignas.com.mx\\\/index.php\\\/author\\\/redaccion\\\/\"}]}<\/script>\n<!-- \/ Yoast SEO plugin. -->","yoast_head_json":{"title":"En prisi\u00f3n preventiva tres personas por caso de centro de rehabilitaci\u00f3n - Fuentes Fidedignas","robots":{"index":"index","follow":"follow","max-snippet":"max-snippet:-1","max-image-preview":"max-image-preview:large","max-video-preview":"max-video-preview:-1"},"canonical":"https:\/\/fuentesfidedignas.com.mx\/index.php\/2023\/07\/19\/en-prision-preventiva-tres-personas-por-caso-de-centro-de-rehabilitacion\/","og_locale":"es_MX","og_type":"article","og_title":"En prisi\u00f3n preventiva tres personas por caso de centro de rehabilitaci\u00f3n - Fuentes Fidedignas","og_description":"La FGE les imput\u00f3 trata de.personas, adem\u00e1s dos delitos m\u00e1s cometidos en agravio de 39 internos de un centro contra las adicciones Culiac\u00e1n Sin. &#8211; Los tres sujetos que fueron detenidos luego del rescate de 39 personas de un centro contra las adicciones en Angostura fueron imputados en audiencia inicial de la causa penal 744\/2023 [&hellip;]","og_url":"https:\/\/fuentesfidedignas.com.mx\/index.php\/2023\/07\/19\/en-prision-preventiva-tres-personas-por-caso-de-centro-de-rehabilitacion\/","og_site_name":"Fuentes Fidedignas","article_publisher":"https:\/\/www.facebook.com\/Fuentes-Fidedignas-368234489921644","article_published_time":"2023-07-19T14:04:51+00:00","article_modified_time":"2023-07-19T14:06:57+00:00","og_image":[{"width":739,"height":415,"url":"https:\/\/fuentesfidedignas.com.mx\/wp-content\/uploads\/2023\/07\/images-3.jpeg","type":"image\/jpeg"}],"author":"Redacci\u00f3n","twitter_card":"summary_large_image","twitter_creator":"@fidedignas","twitter_site":"@fidedignas","twitter_misc":{"Escrito por":"Redacci\u00f3n","Tiempo de lectura":"2 minutos"},"schema":{"@context":"https:\/\/schema.org","@graph":[{"@type":"Article","@id":"https:\/\/fuentesfidedignas.com.mx\/index.php\/2023\/07\/19\/en-prision-preventiva-tres-personas-por-caso-de-centro-de-rehabilitacion\/#article","isPartOf":{"@id":"https:\/\/fuentesfidedignas.com.mx\/index.php\/2023\/07\/19\/en-prision-preventiva-tres-personas-por-caso-de-centro-de-rehabilitacion\/"},"author":{"name":"Redacci\u00f3n","@id":"https:\/\/fuentesfidedignas.com.mx\/#\/schema\/person\/331be9283d37198e2acd5750279085b0"},"headline":"En prisi\u00f3n preventiva tres personas por caso de centro de rehabilitaci\u00f3n","datePublished":"2023-07-19T14:04:51+00:00","dateModified":"2023-07-19T14:06:57+00:00","mainEntityOfPage":{"@id":"https:\/\/fuentesfidedignas.com.mx\/index.php\/2023\/07\/19\/en-prision-preventiva-tres-personas-por-caso-de-centro-de-rehabilitacion\/"},"wordCount":345,"commentCount":0,"publisher":{"@id":"https:\/\/fuentesfidedignas.com.mx\/#organization"},"image":{"@id":"https:\/\/fuentesfidedignas.com.mx\/index.php\/2023\/07\/19\/en-prision-preventiva-tres-personas-por-caso-de-centro-de-rehabilitacion\/#primaryimage"},"thumbnailUrl":"https:\/\/fuentesfidedignas.com.mx\/wp-content\/uploads\/2023\/07\/images-3.jpeg","articleSection":["NOTA PRINCIPAL"],"inLanguage":"es","potentialAction":[{"@type":"CommentAction","name":"Comment","target":["https:\/\/fuentesfidedignas.com.mx\/index.php\/2023\/07\/19\/en-prision-preventiva-tres-personas-por-caso-de-centro-de-rehabilitacion\/#respond"]}]},{"@type":"WebPage","@id":"https:\/\/fuentesfidedignas.com.mx\/index.php\/2023\/07\/19\/en-prision-preventiva-tres-personas-por-caso-de-centro-de-rehabilitacion\/","url":"https:\/\/fuentesfidedignas.com.mx\/index.php\/2023\/07\/19\/en-prision-preventiva-tres-personas-por-caso-de-centro-de-rehabilitacion\/","name":"En prisi\u00f3n preventiva tres personas por caso de centro de rehabilitaci\u00f3n - Fuentes Fidedignas","isPartOf":{"@id":"https:\/\/fuentesfidedignas.com.mx\/#website"},"primaryImageOfPage":{"@id":"https:\/\/fuentesfidedignas.com.mx\/index.php\/2023\/07\/19\/en-prision-preventiva-tres-personas-por-caso-de-centro-de-rehabilitacion\/#primaryimage"},"image":{"@id":"https:\/\/fuentesfidedignas.com.mx\/index.php\/2023\/07\/19\/en-prision-preventiva-tres-personas-por-caso-de-centro-de-rehabilitacion\/#primaryimage"},"thumbnailUrl":"https:\/\/fuentesfidedignas.com.mx\/wp-content\/uploads\/2023\/07\/images-3.jpeg","datePublished":"2023-07-19T14:04:51+00:00","dateModified":"2023-07-19T14:06:57+00:00","breadcrumb":{"@id":"https:\/\/fuentesfidedignas.com.mx\/index.php\/2023\/07\/19\/en-prision-preventiva-tres-personas-por-caso-de-centro-de-rehabilitacion\/#breadcrumb"},"inLanguage":"es","potentialAction":[{"@type":"ReadAction","target":["https:\/\/fuentesfidedignas.com.mx\/index.php\/2023\/07\/19\/en-prision-preventiva-tres-personas-por-caso-de-centro-de-rehabilitacion\/"]}]},{"@type":"ImageObject","inLanguage":"es","@id":"https:\/\/fuentesfidedignas.com.mx\/index.php\/2023\/07\/19\/en-prision-preventiva-tres-personas-por-caso-de-centro-de-rehabilitacion\/#primaryimage","url":"https:\/\/fuentesfidedignas.com.mx\/wp-content\/uploads\/2023\/07\/images-3.jpeg","contentUrl":"https:\/\/fuentesfidedignas.com.mx\/wp-content\/uploads\/2023\/07\/images-3.jpeg","width":739,"height":415},{"@type":"BreadcrumbList","@id":"https:\/\/fuentesfidedignas.com.mx\/index.php\/2023\/07\/19\/en-prision-preventiva-tres-personas-por-caso-de-centro-de-rehabilitacion\/#breadcrumb","itemListElement":[{"@type":"ListItem","position":1,"name":"Inicio","item":"https:\/\/fuentesfidedignas.com.mx\/"},{"@type":"ListItem","position":2,"name":"En prisi\u00f3n preventiva tres personas por caso de centro de rehabilitaci\u00f3n"}]},{"@type":"WebSite","@id":"https:\/\/fuentesfidedignas.com.mx\/#website","url":"https:\/\/fuentesfidedignas.com.mx\/","name":"Fuentes Fidedignas","description":"Otro sitio realizado con WordPress","publisher":{"@id":"https:\/\/fuentesfidedignas.com.mx\/#organization"},"potentialAction":[{"@type":"SearchAction","target":{"@type":"EntryPoint","urlTemplate":"https:\/\/fuentesfidedignas.com.mx\/?s={search_term_string}"},"query-input":{"@type":"PropertyValueSpecification","valueRequired":true,"valueName":"search_term_string"}}],"inLanguage":"es"},{"@type":"Organization","@id":"https:\/\/fuentesfidedignas.com.mx\/#organization","name":"Fuentes Fidedignas","url":"https:\/\/fuentesfidedignas.com.mx\/","logo":{"@type":"ImageObject","inLanguage":"es","@id":"https:\/\/fuentesfidedignas.com.mx\/#\/schema\/logo\/image\/","url":"https:\/\/fuentesfidedignas.com.mx\/wp-content\/uploads\/2021\/04\/logo-retina.png","contentUrl":"https:\/\/fuentesfidedignas.com.mx\/wp-content\/uploads\/2021\/04\/logo-retina.png","width":280,"height":51,"caption":"Fuentes Fidedignas"},"image":{"@id":"https:\/\/fuentesfidedignas.com.mx\/#\/schema\/logo\/image\/"},"sameAs":["https:\/\/www.facebook.com\/Fuentes-Fidedignas-368234489921644","https:\/\/x.com\/fidedignas"]},{"@type":"Person","@id":"https:\/\/fuentesfidedignas.com.mx\/#\/schema\/person\/331be9283d37198e2acd5750279085b0","name":"Redacci\u00f3n","image":{"@type":"ImageObject","inLanguage":"es","@id":"https:\/\/secure.gravatar.com\/avatar\/f6d8782c11d12b2d4ad3fbb6931aeab5309937a4d6cd2fc9cfaa28a6396a5aec?s=96&d=mm&r=g","url":"https:\/\/secure.gravatar.com\/avatar\/f6d8782c11d12b2d4ad3fbb6931aeab5309937a4d6cd2fc9cfaa28a6396a5aec?s=96&d=mm&r=g","contentUrl":"https:\/\/secure.gravatar.com\/avatar\/f6d8782c11d12b2d4ad3fbb6931aeab5309937a4d6cd2fc9cfaa28a6396a5aec?s=96&d=mm&r=g","caption":"Redacci\u00f3n"},"url":"https:\/\/fuentesfidedignas.com.mx\/index.php\/author\/redaccion\/"}]}},"_links":{"self":[{"href":"https:\/\/fuentesfidedignas.com.mx\/index.php\/wp-json\/wp\/v2\/posts\/53168","targetHints":{"allow":["GET"]}}],"collection":[{"href":"https:\/\/fuentesfidedignas.com.mx\/index.php\/wp-json\/wp\/v2\/posts"}],"about":[{"href":"https:\/\/fuentesfidedignas.com.mx\/index.php\/wp-json\/wp\/v2\/types\/post"}],"author":[{"embeddable":true,"href":"https:\/\/fuentesfidedignas.com.mx\/index.php\/wp-json\/wp\/v2\/users\/4"}],"replies":[{"embeddable":true,"href":"https:\/\/fuentesfidedignas.com.mx\/index.php\/wp-json\/wp\/v2\/comments?post=53168"}],"version-history":[{"count":1,"href":"https:\/\/fuentesfidedignas.com.mx\/index.php\/wp-json\/wp\/v2\/posts\/53168\/revisions"}],"predecessor-version":[{"id":53169,"href":"https:\/\/fuentesfidedignas.com.mx\/index.php\/wp-json\/wp\/v2\/posts\/53168\/revisions\/53169"}],"wp:featuredmedia":[{"embeddable":true,"href":"https:\/\/fuentesfidedignas.com.mx\/index.php\/wp-json\/wp\/v2\/media\/53170"}],"wp:attachment":[{"href":"https:\/\/fuentesfidedignas.com.mx\/index.php\/wp-json\/wp\/v2\/media?parent=53168"}],"wp:term":[{"taxonomy":"category","embeddable":true,"href":"https:\/\/fuentesfidedignas.com.mx\/index.php\/wp-json\/wp\/v2\/categories?post=53168"},{"taxonomy":"post_tag","embeddable":true,"href":"https:\/\/fuentesfidedignas.com.mx\/index.php\/wp-json\/wp\/v2\/tags?post=53168"}],"curies":[{"name":"wp","href":"https:\/\/api.w.org\/{rel}","templated":true}]}}