{"id":53119,"date":"2023-07-18T16:41:57","date_gmt":"2023-07-18T23:41:57","guid":{"rendered":"https:\/\/fuentesfidedignas.com.mx\/?p=53119"},"modified":"2023-07-18T16:41:59","modified_gmt":"2023-07-18T23:41:59","slug":"inician-trabajos-de-ampliacion-de-red-electrica-para-el-reparo-y-el-sabinito","status":"publish","type":"post","link":"https:\/\/fuentesfidedignas.com.mx\/index.php\/2023\/07\/18\/inician-trabajos-de-ampliacion-de-red-electrica-para-el-reparo-y-el-sabinito\/","title":{"rendered":"Inician trabajos de ampliaci\u00f3n de red el\u00e9ctrica para El Reparo y El Sabinito"},"content":{"rendered":"\n<p><strong><em>Las obras est\u00e1n a cargo de gobierno del estado y buscan brindar bienestar a las familias de estas comunidades, que por a\u00f1os hab\u00edan solicitado energ\u00eda el\u00e9ctrica en sus hogares<\/em><\/strong><\/p>\n\n\n\n<p>El Fuerte, Sin.- En cumplimiento a la petici\u00f3n hecha por los habitantes de las localidades de El Reparo y El Sabinito, el gobierno encabezado por el Dr. Rub\u00e9n Rocha Moya, en coordinaci\u00f3n con el H. Ayuntamiento de El Fuerte, dio inicio con los trabajos de construcci\u00f3n de una ampliaci\u00f3n de red el\u00e9ctrica en ambas localidades, con el objetivo de que los pobladores puedan tener acceso a este importante servicio.<\/p>\n\n\n\n<p>As\u00ed lo inform\u00f3 el Alcalde Gildardo Leyva Ortega, quien agradeci\u00f3 el apoyo del mandatario estatal en atenci\u00f3n a las gestiones realizadas para que los habitantes de estas comunidades tan alejadas, gocen de electricidad, necesidad que por a\u00f1os fue demandada sin mayor \u00e9xito.<\/p>\n\n\n\n<p><strong>\u201cAmigos de El Reparo y El Sabinito, cada vez m\u00e1s cerca de que puedan contar con energ\u00eda el\u00e9ctrica en sus hogares. Gracias al apoyo de Gobierno del Estado, se est\u00e1 realizando esta ampliaci\u00f3n, que sin duda, mejorar\u00e1 mucho su calidad de vida. En Sinaloa y en El Fuerte, se hacen obras con sentido social\u201d,<\/strong> expres\u00f3.<\/p>\n\n\n\n<figure class=\"wp-block-image size-full\"><img decoding=\"async\" width=\"898\" height=\"930\" src=\"https:\/\/fuentesfidedignas.com.mx\/wp-content\/uploads\/2023\/07\/red2.jpg\" alt=\"\" class=\"wp-image-53120\" srcset=\"https:\/\/fuentesfidedignas.com.mx\/wp-content\/uploads\/2023\/07\/red2.jpg 898w, https:\/\/fuentesfidedignas.com.mx\/wp-content\/uploads\/2023\/07\/red2-290x300.jpg 290w, https:\/\/fuentesfidedignas.com.mx\/wp-content\/uploads\/2023\/07\/red2-768x795.jpg 768w, https:\/\/fuentesfidedignas.com.mx\/wp-content\/uploads\/2023\/07\/red2-696x721.jpg 696w, https:\/\/fuentesfidedignas.com.mx\/wp-content\/uploads\/2023\/07\/red2-406x420.jpg 406w\" sizes=\"(max-width: 898px) 100vw, 898px\" \/><\/figure>\n\n\n\n<p>Los beneficiarios de estas obras han manifestado su agradecimiento a las autoridades involucradas, al poder ver materializada su petici\u00f3n. Con una inversion cercana a los cuatro millones de pesos, el gobierno estatal emprende estas acciones con la finalidad de contribuir de manera significativa al bienestar de familias, que por a\u00f1os, permanecieron en el rezago social.<\/p>\n","protected":false},"excerpt":{"rendered":"<p>Las obras est\u00e1n a cargo de gobierno del estado y buscan brindar bienestar a las familias de estas comunidades, que por a\u00f1os hab\u00edan solicitado energ\u00eda el\u00e9ctrica en sus hogares El Fuerte, Sin.- En cumplimiento a la petici\u00f3n hecha por los habitantes de las localidades de El Reparo y El Sabinito, el gobierno encabezado por el [&hellip;]<\/p>\n","protected":false},"author":11,"featured_media":53121,"comment_status":"open","ping_status":"open","sticky":false,"template":"","format":"standard","meta":{"tdm_status":"","tdm_grid_status":"","footnotes":""},"categories":[38],"tags":[],"class_list":{"0":"post-53119","1":"post","2":"type-post","3":"status-publish","4":"format-standard","5":"has-post-thumbnail","7":"category-noticias-locales"},"yoast_head":"<!-- This site is optimized with the Yoast SEO plugin v27.4 - https:\/\/yoast.com\/product\/yoast-seo-wordpress\/ -->\n<title>Inician trabajos de ampliaci\u00f3n de red el\u00e9ctrica para El Reparo y El Sabinito - Fuentes Fidedignas<\/title>\n<meta name=\"robots\" content=\"index, follow, max-snippet:-1, max-image-preview:large, max-video-preview:-1\" \/>\n<link rel=\"canonical\" href=\"https:\/\/fuentesfidedignas.com.mx\/index.php\/2023\/07\/18\/inician-trabajos-de-ampliacion-de-red-electrica-para-el-reparo-y-el-sabinito\/\" \/>\n<meta property=\"og:locale\" content=\"es_MX\" \/>\n<meta property=\"og:type\" content=\"article\" \/>\n<meta property=\"og:title\" content=\"Inician trabajos de ampliaci\u00f3n de red el\u00e9ctrica para El Reparo y El Sabinito - Fuentes Fidedignas\" \/>\n<meta property=\"og:description\" content=\"Las obras est\u00e1n a cargo de gobierno del estado y buscan brindar bienestar a las familias de estas comunidades, que por a\u00f1os hab\u00edan solicitado energ\u00eda el\u00e9ctrica en sus hogares El Fuerte, Sin.- En cumplimiento a la petici\u00f3n hecha por los habitantes de las localidades de El Reparo y El Sabinito, el gobierno encabezado por el [&hellip;]\" \/>\n<meta property=\"og:url\" content=\"https:\/\/fuentesfidedignas.com.mx\/index.php\/2023\/07\/18\/inician-trabajos-de-ampliacion-de-red-electrica-para-el-reparo-y-el-sabinito\/\" \/>\n<meta property=\"og:site_name\" content=\"Fuentes Fidedignas\" \/>\n<meta property=\"article:publisher\" content=\"https:\/\/www.facebook.com\/Fuentes-Fidedignas-368234489921644\" \/>\n<meta property=\"article:published_time\" content=\"2023-07-18T23:41:57+00:00\" \/>\n<meta property=\"article:modified_time\" content=\"2023-07-18T23:41:59+00:00\" \/>\n<meta property=\"og:image\" content=\"https:\/\/fuentesfidedignas.com.mx\/wp-content\/uploads\/2023\/07\/red1.jpg\" \/>\n\t<meta property=\"og:image:width\" content=\"720\" \/>\n\t<meta property=\"og:image:height\" content=\"521\" \/>\n\t<meta property=\"og:image:type\" content=\"image\/jpeg\" \/>\n<meta name=\"author\" content=\"Marissa Palafox\" \/>\n<meta name=\"twitter:card\" content=\"summary_large_image\" \/>\n<meta name=\"twitter:creator\" content=\"@fidedignas\" \/>\n<meta name=\"twitter:site\" content=\"@fidedignas\" \/>\n<meta name=\"twitter:label1\" content=\"Escrito por\" \/>\n\t<meta name=\"twitter:data1\" content=\"Marissa Palafox\" \/>\n\t<meta name=\"twitter:label2\" content=\"Tiempo de lectura\" \/>\n\t<meta name=\"twitter:data2\" content=\"2 minutos\" \/>\n<script type=\"application\/ld+json\" class=\"yoast-schema-graph\">{\"@context\":\"https:\\\/\\\/schema.org\",\"@graph\":[{\"@type\":\"Article\",\"@id\":\"https:\\\/\\\/fuentesfidedignas.com.mx\\\/index.php\\\/2023\\\/07\\\/18\\\/inician-trabajos-de-ampliacion-de-red-electrica-para-el-reparo-y-el-sabinito\\\/#article\",\"isPartOf\":{\"@id\":\"https:\\\/\\\/fuentesfidedignas.com.mx\\\/index.php\\\/2023\\\/07\\\/18\\\/inician-trabajos-de-ampliacion-de-red-electrica-para-el-reparo-y-el-sabinito\\\/\"},\"author\":{\"name\":\"Marissa Palafox\",\"@id\":\"https:\\\/\\\/fuentesfidedignas.com.mx\\\/#\\\/schema\\\/person\\\/2c10028b4a30078c05a056a215342ab9\"},\"headline\":\"Inician trabajos de ampliaci\u00f3n de red el\u00e9ctrica para El Reparo y El Sabinito\",\"datePublished\":\"2023-07-18T23:41:57+00:00\",\"dateModified\":\"2023-07-18T23:41:59+00:00\",\"mainEntityOfPage\":{\"@id\":\"https:\\\/\\\/fuentesfidedignas.com.mx\\\/index.php\\\/2023\\\/07\\\/18\\\/inician-trabajos-de-ampliacion-de-red-electrica-para-el-reparo-y-el-sabinito\\\/\"},\"wordCount\":285,\"commentCount\":0,\"publisher\":{\"@id\":\"https:\\\/\\\/fuentesfidedignas.com.mx\\\/#organization\"},\"image\":{\"@id\":\"https:\\\/\\\/fuentesfidedignas.com.mx\\\/index.php\\\/2023\\\/07\\\/18\\\/inician-trabajos-de-ampliacion-de-red-electrica-para-el-reparo-y-el-sabinito\\\/#primaryimage\"},\"thumbnailUrl\":\"https:\\\/\\\/fuentesfidedignas.com.mx\\\/wp-content\\\/uploads\\\/2023\\\/07\\\/red1.jpg\",\"articleSection\":[\"NOTICIAS LOCALES\"],\"inLanguage\":\"es\",\"potentialAction\":[{\"@type\":\"CommentAction\",\"name\":\"Comment\",\"target\":[\"https:\\\/\\\/fuentesfidedignas.com.mx\\\/index.php\\\/2023\\\/07\\\/18\\\/inician-trabajos-de-ampliacion-de-red-electrica-para-el-reparo-y-el-sabinito\\\/#respond\"]}]},{\"@type\":\"WebPage\",\"@id\":\"https:\\\/\\\/fuentesfidedignas.com.mx\\\/index.php\\\/2023\\\/07\\\/18\\\/inician-trabajos-de-ampliacion-de-red-electrica-para-el-reparo-y-el-sabinito\\\/\",\"url\":\"https:\\\/\\\/fuentesfidedignas.com.mx\\\/index.php\\\/2023\\\/07\\\/18\\\/inician-trabajos-de-ampliacion-de-red-electrica-para-el-reparo-y-el-sabinito\\\/\",\"name\":\"Inician trabajos de ampliaci\u00f3n de red el\u00e9ctrica para El Reparo y El Sabinito - Fuentes Fidedignas\",\"isPartOf\":{\"@id\":\"https:\\\/\\\/fuentesfidedignas.com.mx\\\/#website\"},\"primaryImageOfPage\":{\"@id\":\"https:\\\/\\\/fuentesfidedignas.com.mx\\\/index.php\\\/2023\\\/07\\\/18\\\/inician-trabajos-de-ampliacion-de-red-electrica-para-el-reparo-y-el-sabinito\\\/#primaryimage\"},\"image\":{\"@id\":\"https:\\\/\\\/fuentesfidedignas.com.mx\\\/index.php\\\/2023\\\/07\\\/18\\\/inician-trabajos-de-ampliacion-de-red-electrica-para-el-reparo-y-el-sabinito\\\/#primaryimage\"},\"thumbnailUrl\":\"https:\\\/\\\/fuentesfidedignas.com.mx\\\/wp-content\\\/uploads\\\/2023\\\/07\\\/red1.jpg\",\"datePublished\":\"2023-07-18T23:41:57+00:00\",\"dateModified\":\"2023-07-18T23:41:59+00:00\",\"breadcrumb\":{\"@id\":\"https:\\\/\\\/fuentesfidedignas.com.mx\\\/index.php\\\/2023\\\/07\\\/18\\\/inician-trabajos-de-ampliacion-de-red-electrica-para-el-reparo-y-el-sabinito\\\/#breadcrumb\"},\"inLanguage\":\"es\",\"potentialAction\":[{\"@type\":\"ReadAction\",\"target\":[\"https:\\\/\\\/fuentesfidedignas.com.mx\\\/index.php\\\/2023\\\/07\\\/18\\\/inician-trabajos-de-ampliacion-de-red-electrica-para-el-reparo-y-el-sabinito\\\/\"]}]},{\"@type\":\"ImageObject\",\"inLanguage\":\"es\",\"@id\":\"https:\\\/\\\/fuentesfidedignas.com.mx\\\/index.php\\\/2023\\\/07\\\/18\\\/inician-trabajos-de-ampliacion-de-red-electrica-para-el-reparo-y-el-sabinito\\\/#primaryimage\",\"url\":\"https:\\\/\\\/fuentesfidedignas.com.mx\\\/wp-content\\\/uploads\\\/2023\\\/07\\\/red1.jpg\",\"contentUrl\":\"https:\\\/\\\/fuentesfidedignas.com.mx\\\/wp-content\\\/uploads\\\/2023\\\/07\\\/red1.jpg\",\"width\":720,\"height\":521},{\"@type\":\"BreadcrumbList\",\"@id\":\"https:\\\/\\\/fuentesfidedignas.com.mx\\\/index.php\\\/2023\\\/07\\\/18\\\/inician-trabajos-de-ampliacion-de-red-electrica-para-el-reparo-y-el-sabinito\\\/#breadcrumb\",\"itemListElement\":[{\"@type\":\"ListItem\",\"position\":1,\"name\":\"Inicio\",\"item\":\"https:\\\/\\\/fuentesfidedignas.com.mx\\\/\"},{\"@type\":\"ListItem\",\"position\":2,\"name\":\"Inician trabajos de ampliaci\u00f3n de red el\u00e9ctrica para El Reparo y El Sabinito\"}]},{\"@type\":\"WebSite\",\"@id\":\"https:\\\/\\\/fuentesfidedignas.com.mx\\\/#website\",\"url\":\"https:\\\/\\\/fuentesfidedignas.com.mx\\\/\",\"name\":\"Fuentes Fidedignas\",\"description\":\"Otro sitio realizado con WordPress\",\"publisher\":{\"@id\":\"https:\\\/\\\/fuentesfidedignas.com.mx\\\/#organization\"},\"potentialAction\":[{\"@type\":\"SearchAction\",\"target\":{\"@type\":\"EntryPoint\",\"urlTemplate\":\"https:\\\/\\\/fuentesfidedignas.com.mx\\\/?s={search_term_string}\"},\"query-input\":{\"@type\":\"PropertyValueSpecification\",\"valueRequired\":true,\"valueName\":\"search_term_string\"}}],\"inLanguage\":\"es\"},{\"@type\":\"Organization\",\"@id\":\"https:\\\/\\\/fuentesfidedignas.com.mx\\\/#organization\",\"name\":\"Fuentes Fidedignas\",\"url\":\"https:\\\/\\\/fuentesfidedignas.com.mx\\\/\",\"logo\":{\"@type\":\"ImageObject\",\"inLanguage\":\"es\",\"@id\":\"https:\\\/\\\/fuentesfidedignas.com.mx\\\/#\\\/schema\\\/logo\\\/image\\\/\",\"url\":\"https:\\\/\\\/fuentesfidedignas.com.mx\\\/wp-content\\\/uploads\\\/2021\\\/04\\\/logo-retina.png\",\"contentUrl\":\"https:\\\/\\\/fuentesfidedignas.com.mx\\\/wp-content\\\/uploads\\\/2021\\\/04\\\/logo-retina.png\",\"width\":280,\"height\":51,\"caption\":\"Fuentes Fidedignas\"},\"image\":{\"@id\":\"https:\\\/\\\/fuentesfidedignas.com.mx\\\/#\\\/schema\\\/logo\\\/image\\\/\"},\"sameAs\":[\"https:\\\/\\\/www.facebook.com\\\/Fuentes-Fidedignas-368234489921644\",\"https:\\\/\\\/x.com\\\/fidedignas\"]},{\"@type\":\"Person\",\"@id\":\"https:\\\/\\\/fuentesfidedignas.com.mx\\\/#\\\/schema\\\/person\\\/2c10028b4a30078c05a056a215342ab9\",\"name\":\"Marissa Palafox\",\"image\":{\"@type\":\"ImageObject\",\"inLanguage\":\"es\",\"@id\":\"https:\\\/\\\/secure.gravatar.com\\\/avatar\\\/20a43bdb2f2db10f20b22d4e98b96eb027faf98f7f76d29854dc5fab46d1cf71?s=96&d=mm&r=g\",\"url\":\"https:\\\/\\\/secure.gravatar.com\\\/avatar\\\/20a43bdb2f2db10f20b22d4e98b96eb027faf98f7f76d29854dc5fab46d1cf71?s=96&d=mm&r=g\",\"contentUrl\":\"https:\\\/\\\/secure.gravatar.com\\\/avatar\\\/20a43bdb2f2db10f20b22d4e98b96eb027faf98f7f76d29854dc5fab46d1cf71?s=96&d=mm&r=g\",\"caption\":\"Marissa Palafox\"},\"url\":\"https:\\\/\\\/fuentesfidedignas.com.mx\\\/index.php\\\/author\\\/marissa\\\/\"}]}<\/script>\n<!-- \/ Yoast SEO plugin. -->","yoast_head_json":{"title":"Inician trabajos de ampliaci\u00f3n de red el\u00e9ctrica para El Reparo y El Sabinito - Fuentes Fidedignas","robots":{"index":"index","follow":"follow","max-snippet":"max-snippet:-1","max-image-preview":"max-image-preview:large","max-video-preview":"max-video-preview:-1"},"canonical":"https:\/\/fuentesfidedignas.com.mx\/index.php\/2023\/07\/18\/inician-trabajos-de-ampliacion-de-red-electrica-para-el-reparo-y-el-sabinito\/","og_locale":"es_MX","og_type":"article","og_title":"Inician trabajos de ampliaci\u00f3n de red el\u00e9ctrica para El Reparo y El Sabinito - Fuentes Fidedignas","og_description":"Las obras est\u00e1n a cargo de gobierno del estado y buscan brindar bienestar a las familias de estas comunidades, que por a\u00f1os hab\u00edan solicitado energ\u00eda el\u00e9ctrica en sus hogares El Fuerte, Sin.- En cumplimiento a la petici\u00f3n hecha por los habitantes de las localidades de El Reparo y El Sabinito, el gobierno encabezado por el [&hellip;]","og_url":"https:\/\/fuentesfidedignas.com.mx\/index.php\/2023\/07\/18\/inician-trabajos-de-ampliacion-de-red-electrica-para-el-reparo-y-el-sabinito\/","og_site_name":"Fuentes Fidedignas","article_publisher":"https:\/\/www.facebook.com\/Fuentes-Fidedignas-368234489921644","article_published_time":"2023-07-18T23:41:57+00:00","article_modified_time":"2023-07-18T23:41:59+00:00","og_image":[{"width":720,"height":521,"url":"https:\/\/fuentesfidedignas.com.mx\/wp-content\/uploads\/2023\/07\/red1.jpg","type":"image\/jpeg"}],"author":"Marissa Palafox","twitter_card":"summary_large_image","twitter_creator":"@fidedignas","twitter_site":"@fidedignas","twitter_misc":{"Escrito por":"Marissa Palafox","Tiempo de lectura":"2 minutos"},"schema":{"@context":"https:\/\/schema.org","@graph":[{"@type":"Article","@id":"https:\/\/fuentesfidedignas.com.mx\/index.php\/2023\/07\/18\/inician-trabajos-de-ampliacion-de-red-electrica-para-el-reparo-y-el-sabinito\/#article","isPartOf":{"@id":"https:\/\/fuentesfidedignas.com.mx\/index.php\/2023\/07\/18\/inician-trabajos-de-ampliacion-de-red-electrica-para-el-reparo-y-el-sabinito\/"},"author":{"name":"Marissa Palafox","@id":"https:\/\/fuentesfidedignas.com.mx\/#\/schema\/person\/2c10028b4a30078c05a056a215342ab9"},"headline":"Inician trabajos de ampliaci\u00f3n de red el\u00e9ctrica para El Reparo y El Sabinito","datePublished":"2023-07-18T23:41:57+00:00","dateModified":"2023-07-18T23:41:59+00:00","mainEntityOfPage":{"@id":"https:\/\/fuentesfidedignas.com.mx\/index.php\/2023\/07\/18\/inician-trabajos-de-ampliacion-de-red-electrica-para-el-reparo-y-el-sabinito\/"},"wordCount":285,"commentCount":0,"publisher":{"@id":"https:\/\/fuentesfidedignas.com.mx\/#organization"},"image":{"@id":"https:\/\/fuentesfidedignas.com.mx\/index.php\/2023\/07\/18\/inician-trabajos-de-ampliacion-de-red-electrica-para-el-reparo-y-el-sabinito\/#primaryimage"},"thumbnailUrl":"https:\/\/fuentesfidedignas.com.mx\/wp-content\/uploads\/2023\/07\/red1.jpg","articleSection":["NOTICIAS LOCALES"],"inLanguage":"es","potentialAction":[{"@type":"CommentAction","name":"Comment","target":["https:\/\/fuentesfidedignas.com.mx\/index.php\/2023\/07\/18\/inician-trabajos-de-ampliacion-de-red-electrica-para-el-reparo-y-el-sabinito\/#respond"]}]},{"@type":"WebPage","@id":"https:\/\/fuentesfidedignas.com.mx\/index.php\/2023\/07\/18\/inician-trabajos-de-ampliacion-de-red-electrica-para-el-reparo-y-el-sabinito\/","url":"https:\/\/fuentesfidedignas.com.mx\/index.php\/2023\/07\/18\/inician-trabajos-de-ampliacion-de-red-electrica-para-el-reparo-y-el-sabinito\/","name":"Inician trabajos de ampliaci\u00f3n de red el\u00e9ctrica para El Reparo y El Sabinito - Fuentes Fidedignas","isPartOf":{"@id":"https:\/\/fuentesfidedignas.com.mx\/#website"},"primaryImageOfPage":{"@id":"https:\/\/fuentesfidedignas.com.mx\/index.php\/2023\/07\/18\/inician-trabajos-de-ampliacion-de-red-electrica-para-el-reparo-y-el-sabinito\/#primaryimage"},"image":{"@id":"https:\/\/fuentesfidedignas.com.mx\/index.php\/2023\/07\/18\/inician-trabajos-de-ampliacion-de-red-electrica-para-el-reparo-y-el-sabinito\/#primaryimage"},"thumbnailUrl":"https:\/\/fuentesfidedignas.com.mx\/wp-content\/uploads\/2023\/07\/red1.jpg","datePublished":"2023-07-18T23:41:57+00:00","dateModified":"2023-07-18T23:41:59+00:00","breadcrumb":{"@id":"https:\/\/fuentesfidedignas.com.mx\/index.php\/2023\/07\/18\/inician-trabajos-de-ampliacion-de-red-electrica-para-el-reparo-y-el-sabinito\/#breadcrumb"},"inLanguage":"es","potentialAction":[{"@type":"ReadAction","target":["https:\/\/fuentesfidedignas.com.mx\/index.php\/2023\/07\/18\/inician-trabajos-de-ampliacion-de-red-electrica-para-el-reparo-y-el-sabinito\/"]}]},{"@type":"ImageObject","inLanguage":"es","@id":"https:\/\/fuentesfidedignas.com.mx\/index.php\/2023\/07\/18\/inician-trabajos-de-ampliacion-de-red-electrica-para-el-reparo-y-el-sabinito\/#primaryimage","url":"https:\/\/fuentesfidedignas.com.mx\/wp-content\/uploads\/2023\/07\/red1.jpg","contentUrl":"https:\/\/fuentesfidedignas.com.mx\/wp-content\/uploads\/2023\/07\/red1.jpg","width":720,"height":521},{"@type":"BreadcrumbList","@id":"https:\/\/fuentesfidedignas.com.mx\/index.php\/2023\/07\/18\/inician-trabajos-de-ampliacion-de-red-electrica-para-el-reparo-y-el-sabinito\/#breadcrumb","itemListElement":[{"@type":"ListItem","position":1,"name":"Inicio","item":"https:\/\/fuentesfidedignas.com.mx\/"},{"@type":"ListItem","position":2,"name":"Inician trabajos de ampliaci\u00f3n de red el\u00e9ctrica para El Reparo y El Sabinito"}]},{"@type":"WebSite","@id":"https:\/\/fuentesfidedignas.com.mx\/#website","url":"https:\/\/fuentesfidedignas.com.mx\/","name":"Fuentes Fidedignas","description":"Otro sitio realizado con WordPress","publisher":{"@id":"https:\/\/fuentesfidedignas.com.mx\/#organization"},"potentialAction":[{"@type":"SearchAction","target":{"@type":"EntryPoint","urlTemplate":"https:\/\/fuentesfidedignas.com.mx\/?s={search_term_string}"},"query-input":{"@type":"PropertyValueSpecification","valueRequired":true,"valueName":"search_term_string"}}],"inLanguage":"es"},{"@type":"Organization","@id":"https:\/\/fuentesfidedignas.com.mx\/#organization","name":"Fuentes Fidedignas","url":"https:\/\/fuentesfidedignas.com.mx\/","logo":{"@type":"ImageObject","inLanguage":"es","@id":"https:\/\/fuentesfidedignas.com.mx\/#\/schema\/logo\/image\/","url":"https:\/\/fuentesfidedignas.com.mx\/wp-content\/uploads\/2021\/04\/logo-retina.png","contentUrl":"https:\/\/fuentesfidedignas.com.mx\/wp-content\/uploads\/2021\/04\/logo-retina.png","width":280,"height":51,"caption":"Fuentes Fidedignas"},"image":{"@id":"https:\/\/fuentesfidedignas.com.mx\/#\/schema\/logo\/image\/"},"sameAs":["https:\/\/www.facebook.com\/Fuentes-Fidedignas-368234489921644","https:\/\/x.com\/fidedignas"]},{"@type":"Person","@id":"https:\/\/fuentesfidedignas.com.mx\/#\/schema\/person\/2c10028b4a30078c05a056a215342ab9","name":"Marissa Palafox","image":{"@type":"ImageObject","inLanguage":"es","@id":"https:\/\/secure.gravatar.com\/avatar\/20a43bdb2f2db10f20b22d4e98b96eb027faf98f7f76d29854dc5fab46d1cf71?s=96&d=mm&r=g","url":"https:\/\/secure.gravatar.com\/avatar\/20a43bdb2f2db10f20b22d4e98b96eb027faf98f7f76d29854dc5fab46d1cf71?s=96&d=mm&r=g","contentUrl":"https:\/\/secure.gravatar.com\/avatar\/20a43bdb2f2db10f20b22d4e98b96eb027faf98f7f76d29854dc5fab46d1cf71?s=96&d=mm&r=g","caption":"Marissa Palafox"},"url":"https:\/\/fuentesfidedignas.com.mx\/index.php\/author\/marissa\/"}]}},"_links":{"self":[{"href":"https:\/\/fuentesfidedignas.com.mx\/index.php\/wp-json\/wp\/v2\/posts\/53119","targetHints":{"allow":["GET"]}}],"collection":[{"href":"https:\/\/fuentesfidedignas.com.mx\/index.php\/wp-json\/wp\/v2\/posts"}],"about":[{"href":"https:\/\/fuentesfidedignas.com.mx\/index.php\/wp-json\/wp\/v2\/types\/post"}],"author":[{"embeddable":true,"href":"https:\/\/fuentesfidedignas.com.mx\/index.php\/wp-json\/wp\/v2\/users\/11"}],"replies":[{"embeddable":true,"href":"https:\/\/fuentesfidedignas.com.mx\/index.php\/wp-json\/wp\/v2\/comments?post=53119"}],"version-history":[{"count":1,"href":"https:\/\/fuentesfidedignas.com.mx\/index.php\/wp-json\/wp\/v2\/posts\/53119\/revisions"}],"predecessor-version":[{"id":53122,"href":"https:\/\/fuentesfidedignas.com.mx\/index.php\/wp-json\/wp\/v2\/posts\/53119\/revisions\/53122"}],"wp:featuredmedia":[{"embeddable":true,"href":"https:\/\/fuentesfidedignas.com.mx\/index.php\/wp-json\/wp\/v2\/media\/53121"}],"wp:attachment":[{"href":"https:\/\/fuentesfidedignas.com.mx\/index.php\/wp-json\/wp\/v2\/media?parent=53119"}],"wp:term":[{"taxonomy":"category","embeddable":true,"href":"https:\/\/fuentesfidedignas.com.mx\/index.php\/wp-json\/wp\/v2\/categories?post=53119"},{"taxonomy":"post_tag","embeddable":true,"href":"https:\/\/fuentesfidedignas.com.mx\/index.php\/wp-json\/wp\/v2\/tags?post=53119"}],"curies":[{"name":"wp","href":"https:\/\/api.w.org\/{rel}","templated":true}]}}