{"id":53115,"date":"2023-07-18T16:17:52","date_gmt":"2023-07-18T23:17:52","guid":{"rendered":"https:\/\/fuentesfidedignas.com.mx\/?p=53115"},"modified":"2023-07-18T17:09:13","modified_gmt":"2023-07-19T00:09:13","slug":"reta-ambrocio-chavez-a-cuen-a-debate-publico-sobre-la-uas","status":"publish","type":"post","link":"https:\/\/fuentesfidedignas.com.mx\/index.php\/2023\/07\/18\/reta-ambrocio-chavez-a-cuen-a-debate-publico-sobre-la-uas\/","title":{"rendered":"Reta Ambrocio Ch\u00e1vez a Cu\u00e9n a debate p\u00fablico sobre la UAS"},"content":{"rendered":"\n<p><em><strong>&#8220;La UAS es mucha universidad para tan poca autoridad universitaria, por el grupo que la ha secuestrado&#8221;, afirm\u00f3 <\/strong><\/em><\/p>\n\n\n\n<p>Culiac\u00e1n, Sin.- Al hacer uso de tribuna en el Congreso del Estado, el diputado Ambrocio Ch\u00e1vez ret\u00f3 al exrector H\u00e9ctor Melesio Cu\u00e9n Ojeda a un debate p\u00fablico para demostrar que no &#8220;mete mano&#8221; a la Universidad Aut\u00f3noma de Sinaloa para tomar recursos econ\u00f3micos y humanos para beneficiar al Partido Sinaloense. <\/p>\n\n\n\n<p><strong>&#8220;No es posible que los dineros que aporta el pueblo se utilicen para el Partido Sinaloense, todo mundo lo sabe, menos el maestro Cu\u00e9n. No hay verg\u00fcenza, lo que hay es un cinismo que piensan que van a enga\u00f1ar a la sociedad&#8221;,<\/strong> se\u00f1al\u00f3.<\/p>\n\n\n\n<p>En su posicionamiento, el legislador morenista asegur\u00f3 que ni el gobierno ni el partido est\u00e1n contra la Casa Rosalina. Sin embargo, aleg\u00f3 que la instituci\u00f3n est\u00e1 secuestrada desde hace algunos a\u00f1os y debe ser regresada a los sinaloenses.<\/p>\n\n\n\n<p><strong>&#8220;La UAS es mucha universidad para tan poca autoridad universitaria, por el grupo que la ha secuestrado. La UAS es del pueblo sinaloense, es m\u00e1s que las autoridades universitarias<\/strong>&#8220;, afirm\u00f3 Ch\u00e1vez.<\/p>\n\n\n\n<iframe loading=\"lazy\" src=\"https:\/\/www.facebook.com\/plugins\/video.php?height=314&#038;href=https%3A%2F%2Fwww.facebook.com%2F100050497569358%2Fvideos%2F1291238975096590%2F&#038;show_text=false&#038;width=560&#038;t=0\" width=\"560\" height=\"314\" style=\"border:none;overflow:hidden\" scrolling=\"no\" frameborder=\"0\" allowfullscreen=\"true\" allow=\"autoplay; clipboard-write; encrypted-media; picture-in-picture; web-share\" allowFullScreen=\"true\"><\/iframe>\n","protected":false},"excerpt":{"rendered":"<p>&#8220;La UAS es mucha universidad para tan poca autoridad universitaria, por el grupo que la ha secuestrado&#8221;, afirm\u00f3 Culiac\u00e1n, Sin.- Al hacer uso de tribuna en el Congreso del Estado, el diputado Ambrocio Ch\u00e1vez ret\u00f3 al exrector H\u00e9ctor Melesio Cu\u00e9n Ojeda a un debate p\u00fablico para demostrar que no &#8220;mete mano&#8221; a la Universidad Aut\u00f3noma [&hellip;]<\/p>\n","protected":false},"author":11,"featured_media":53116,"comment_status":"open","ping_status":"open","sticky":false,"template":"","format":"standard","meta":{"tdm_status":"","tdm_grid_status":"","footnotes":""},"categories":[37],"tags":[],"class_list":{"0":"post-53115","1":"post","2":"type-post","3":"status-publish","4":"format-standard","5":"has-post-thumbnail","7":"category-nota-principal"},"yoast_head":"<!-- This site is optimized with the Yoast SEO plugin v27.4 - https:\/\/yoast.com\/product\/yoast-seo-wordpress\/ -->\n<title>Reta Ambrocio Ch\u00e1vez a Cu\u00e9n a debate p\u00fablico sobre la UAS - Fuentes Fidedignas<\/title>\n<meta name=\"robots\" content=\"index, follow, max-snippet:-1, max-image-preview:large, max-video-preview:-1\" \/>\n<link rel=\"canonical\" href=\"https:\/\/fuentesfidedignas.com.mx\/index.php\/2023\/07\/18\/reta-ambrocio-chavez-a-cuen-a-debate-publico-sobre-la-uas\/\" \/>\n<meta property=\"og:locale\" content=\"es_MX\" \/>\n<meta property=\"og:type\" content=\"article\" \/>\n<meta property=\"og:title\" content=\"Reta Ambrocio Ch\u00e1vez a Cu\u00e9n a debate p\u00fablico sobre la UAS - Fuentes Fidedignas\" \/>\n<meta property=\"og:description\" content=\"&#8220;La UAS es mucha universidad para tan poca autoridad universitaria, por el grupo que la ha secuestrado&#8221;, afirm\u00f3 Culiac\u00e1n, Sin.- Al hacer uso de tribuna en el Congreso del Estado, el diputado Ambrocio Ch\u00e1vez ret\u00f3 al exrector H\u00e9ctor Melesio Cu\u00e9n Ojeda a un debate p\u00fablico para demostrar que no &#8220;mete mano&#8221; a la Universidad Aut\u00f3noma [&hellip;]\" \/>\n<meta property=\"og:url\" content=\"https:\/\/fuentesfidedignas.com.mx\/index.php\/2023\/07\/18\/reta-ambrocio-chavez-a-cuen-a-debate-publico-sobre-la-uas\/\" \/>\n<meta property=\"og:site_name\" content=\"Fuentes Fidedignas\" \/>\n<meta property=\"article:publisher\" content=\"https:\/\/www.facebook.com\/Fuentes-Fidedignas-368234489921644\" \/>\n<meta property=\"article:published_time\" content=\"2023-07-18T23:17:52+00:00\" \/>\n<meta property=\"article:modified_time\" content=\"2023-07-19T00:09:13+00:00\" \/>\n<meta property=\"og:image\" content=\"https:\/\/fuentesfidedignas.com.mx\/wp-content\/uploads\/2023\/07\/ambrocio-e1689722079127.jpg\" \/>\n\t<meta property=\"og:image:width\" content=\"600\" \/>\n\t<meta property=\"og:image:height\" content=\"390\" \/>\n\t<meta property=\"og:image:type\" content=\"image\/jpeg\" \/>\n<meta name=\"author\" content=\"Marissa Palafox\" \/>\n<meta name=\"twitter:card\" content=\"summary_large_image\" \/>\n<meta name=\"twitter:creator\" content=\"@fidedignas\" \/>\n<meta name=\"twitter:site\" content=\"@fidedignas\" \/>\n<meta name=\"twitter:label1\" content=\"Escrito por\" \/>\n\t<meta name=\"twitter:data1\" content=\"Marissa Palafox\" \/>\n\t<meta name=\"twitter:label2\" content=\"Tiempo de lectura\" \/>\n\t<meta name=\"twitter:data2\" content=\"1 minuto\" \/>\n<script type=\"application\/ld+json\" class=\"yoast-schema-graph\">{\"@context\":\"https:\\\/\\\/schema.org\",\"@graph\":[{\"@type\":\"Article\",\"@id\":\"https:\\\/\\\/fuentesfidedignas.com.mx\\\/index.php\\\/2023\\\/07\\\/18\\\/reta-ambrocio-chavez-a-cuen-a-debate-publico-sobre-la-uas\\\/#article\",\"isPartOf\":{\"@id\":\"https:\\\/\\\/fuentesfidedignas.com.mx\\\/index.php\\\/2023\\\/07\\\/18\\\/reta-ambrocio-chavez-a-cuen-a-debate-publico-sobre-la-uas\\\/\"},\"author\":{\"name\":\"Marissa Palafox\",\"@id\":\"https:\\\/\\\/fuentesfidedignas.com.mx\\\/#\\\/schema\\\/person\\\/2c10028b4a30078c05a056a215342ab9\"},\"headline\":\"Reta Ambrocio Ch\u00e1vez a Cu\u00e9n a debate p\u00fablico sobre la UAS\",\"datePublished\":\"2023-07-18T23:17:52+00:00\",\"dateModified\":\"2023-07-19T00:09:13+00:00\",\"mainEntityOfPage\":{\"@id\":\"https:\\\/\\\/fuentesfidedignas.com.mx\\\/index.php\\\/2023\\\/07\\\/18\\\/reta-ambrocio-chavez-a-cuen-a-debate-publico-sobre-la-uas\\\/\"},\"wordCount\":211,\"commentCount\":0,\"publisher\":{\"@id\":\"https:\\\/\\\/fuentesfidedignas.com.mx\\\/#organization\"},\"image\":{\"@id\":\"https:\\\/\\\/fuentesfidedignas.com.mx\\\/index.php\\\/2023\\\/07\\\/18\\\/reta-ambrocio-chavez-a-cuen-a-debate-publico-sobre-la-uas\\\/#primaryimage\"},\"thumbnailUrl\":\"https:\\\/\\\/fuentesfidedignas.com.mx\\\/wp-content\\\/uploads\\\/2023\\\/07\\\/ambrocio-e1689722079127.jpg\",\"articleSection\":[\"NOTA PRINCIPAL\"],\"inLanguage\":\"es\",\"potentialAction\":[{\"@type\":\"CommentAction\",\"name\":\"Comment\",\"target\":[\"https:\\\/\\\/fuentesfidedignas.com.mx\\\/index.php\\\/2023\\\/07\\\/18\\\/reta-ambrocio-chavez-a-cuen-a-debate-publico-sobre-la-uas\\\/#respond\"]}]},{\"@type\":\"WebPage\",\"@id\":\"https:\\\/\\\/fuentesfidedignas.com.mx\\\/index.php\\\/2023\\\/07\\\/18\\\/reta-ambrocio-chavez-a-cuen-a-debate-publico-sobre-la-uas\\\/\",\"url\":\"https:\\\/\\\/fuentesfidedignas.com.mx\\\/index.php\\\/2023\\\/07\\\/18\\\/reta-ambrocio-chavez-a-cuen-a-debate-publico-sobre-la-uas\\\/\",\"name\":\"Reta Ambrocio Ch\u00e1vez a Cu\u00e9n a debate p\u00fablico sobre la UAS - Fuentes Fidedignas\",\"isPartOf\":{\"@id\":\"https:\\\/\\\/fuentesfidedignas.com.mx\\\/#website\"},\"primaryImageOfPage\":{\"@id\":\"https:\\\/\\\/fuentesfidedignas.com.mx\\\/index.php\\\/2023\\\/07\\\/18\\\/reta-ambrocio-chavez-a-cuen-a-debate-publico-sobre-la-uas\\\/#primaryimage\"},\"image\":{\"@id\":\"https:\\\/\\\/fuentesfidedignas.com.mx\\\/index.php\\\/2023\\\/07\\\/18\\\/reta-ambrocio-chavez-a-cuen-a-debate-publico-sobre-la-uas\\\/#primaryimage\"},\"thumbnailUrl\":\"https:\\\/\\\/fuentesfidedignas.com.mx\\\/wp-content\\\/uploads\\\/2023\\\/07\\\/ambrocio-e1689722079127.jpg\",\"datePublished\":\"2023-07-18T23:17:52+00:00\",\"dateModified\":\"2023-07-19T00:09:13+00:00\",\"breadcrumb\":{\"@id\":\"https:\\\/\\\/fuentesfidedignas.com.mx\\\/index.php\\\/2023\\\/07\\\/18\\\/reta-ambrocio-chavez-a-cuen-a-debate-publico-sobre-la-uas\\\/#breadcrumb\"},\"inLanguage\":\"es\",\"potentialAction\":[{\"@type\":\"ReadAction\",\"target\":[\"https:\\\/\\\/fuentesfidedignas.com.mx\\\/index.php\\\/2023\\\/07\\\/18\\\/reta-ambrocio-chavez-a-cuen-a-debate-publico-sobre-la-uas\\\/\"]}]},{\"@type\":\"ImageObject\",\"inLanguage\":\"es\",\"@id\":\"https:\\\/\\\/fuentesfidedignas.com.mx\\\/index.php\\\/2023\\\/07\\\/18\\\/reta-ambrocio-chavez-a-cuen-a-debate-publico-sobre-la-uas\\\/#primaryimage\",\"url\":\"https:\\\/\\\/fuentesfidedignas.com.mx\\\/wp-content\\\/uploads\\\/2023\\\/07\\\/ambrocio-e1689722079127.jpg\",\"contentUrl\":\"https:\\\/\\\/fuentesfidedignas.com.mx\\\/wp-content\\\/uploads\\\/2023\\\/07\\\/ambrocio-e1689722079127.jpg\",\"width\":600,\"height\":390},{\"@type\":\"BreadcrumbList\",\"@id\":\"https:\\\/\\\/fuentesfidedignas.com.mx\\\/index.php\\\/2023\\\/07\\\/18\\\/reta-ambrocio-chavez-a-cuen-a-debate-publico-sobre-la-uas\\\/#breadcrumb\",\"itemListElement\":[{\"@type\":\"ListItem\",\"position\":1,\"name\":\"Inicio\",\"item\":\"https:\\\/\\\/fuentesfidedignas.com.mx\\\/\"},{\"@type\":\"ListItem\",\"position\":2,\"name\":\"Reta Ambrocio Ch\u00e1vez a Cu\u00e9n a debate p\u00fablico sobre la UAS\"}]},{\"@type\":\"WebSite\",\"@id\":\"https:\\\/\\\/fuentesfidedignas.com.mx\\\/#website\",\"url\":\"https:\\\/\\\/fuentesfidedignas.com.mx\\\/\",\"name\":\"Fuentes Fidedignas\",\"description\":\"Otro sitio realizado con WordPress\",\"publisher\":{\"@id\":\"https:\\\/\\\/fuentesfidedignas.com.mx\\\/#organization\"},\"potentialAction\":[{\"@type\":\"SearchAction\",\"target\":{\"@type\":\"EntryPoint\",\"urlTemplate\":\"https:\\\/\\\/fuentesfidedignas.com.mx\\\/?s={search_term_string}\"},\"query-input\":{\"@type\":\"PropertyValueSpecification\",\"valueRequired\":true,\"valueName\":\"search_term_string\"}}],\"inLanguage\":\"es\"},{\"@type\":\"Organization\",\"@id\":\"https:\\\/\\\/fuentesfidedignas.com.mx\\\/#organization\",\"name\":\"Fuentes Fidedignas\",\"url\":\"https:\\\/\\\/fuentesfidedignas.com.mx\\\/\",\"logo\":{\"@type\":\"ImageObject\",\"inLanguage\":\"es\",\"@id\":\"https:\\\/\\\/fuentesfidedignas.com.mx\\\/#\\\/schema\\\/logo\\\/image\\\/\",\"url\":\"https:\\\/\\\/fuentesfidedignas.com.mx\\\/wp-content\\\/uploads\\\/2021\\\/04\\\/logo-retina.png\",\"contentUrl\":\"https:\\\/\\\/fuentesfidedignas.com.mx\\\/wp-content\\\/uploads\\\/2021\\\/04\\\/logo-retina.png\",\"width\":280,\"height\":51,\"caption\":\"Fuentes Fidedignas\"},\"image\":{\"@id\":\"https:\\\/\\\/fuentesfidedignas.com.mx\\\/#\\\/schema\\\/logo\\\/image\\\/\"},\"sameAs\":[\"https:\\\/\\\/www.facebook.com\\\/Fuentes-Fidedignas-368234489921644\",\"https:\\\/\\\/x.com\\\/fidedignas\"]},{\"@type\":\"Person\",\"@id\":\"https:\\\/\\\/fuentesfidedignas.com.mx\\\/#\\\/schema\\\/person\\\/2c10028b4a30078c05a056a215342ab9\",\"name\":\"Marissa Palafox\",\"image\":{\"@type\":\"ImageObject\",\"inLanguage\":\"es\",\"@id\":\"https:\\\/\\\/secure.gravatar.com\\\/avatar\\\/20a43bdb2f2db10f20b22d4e98b96eb027faf98f7f76d29854dc5fab46d1cf71?s=96&d=mm&r=g\",\"url\":\"https:\\\/\\\/secure.gravatar.com\\\/avatar\\\/20a43bdb2f2db10f20b22d4e98b96eb027faf98f7f76d29854dc5fab46d1cf71?s=96&d=mm&r=g\",\"contentUrl\":\"https:\\\/\\\/secure.gravatar.com\\\/avatar\\\/20a43bdb2f2db10f20b22d4e98b96eb027faf98f7f76d29854dc5fab46d1cf71?s=96&d=mm&r=g\",\"caption\":\"Marissa Palafox\"},\"url\":\"https:\\\/\\\/fuentesfidedignas.com.mx\\\/index.php\\\/author\\\/marissa\\\/\"}]}<\/script>\n<!-- \/ Yoast SEO plugin. -->","yoast_head_json":{"title":"Reta Ambrocio Ch\u00e1vez a Cu\u00e9n a debate p\u00fablico sobre la UAS - Fuentes Fidedignas","robots":{"index":"index","follow":"follow","max-snippet":"max-snippet:-1","max-image-preview":"max-image-preview:large","max-video-preview":"max-video-preview:-1"},"canonical":"https:\/\/fuentesfidedignas.com.mx\/index.php\/2023\/07\/18\/reta-ambrocio-chavez-a-cuen-a-debate-publico-sobre-la-uas\/","og_locale":"es_MX","og_type":"article","og_title":"Reta Ambrocio Ch\u00e1vez a Cu\u00e9n a debate p\u00fablico sobre la UAS - Fuentes Fidedignas","og_description":"&#8220;La UAS es mucha universidad para tan poca autoridad universitaria, por el grupo que la ha secuestrado&#8221;, afirm\u00f3 Culiac\u00e1n, Sin.- Al hacer uso de tribuna en el Congreso del Estado, el diputado Ambrocio Ch\u00e1vez ret\u00f3 al exrector H\u00e9ctor Melesio Cu\u00e9n Ojeda a un debate p\u00fablico para demostrar que no &#8220;mete mano&#8221; a la Universidad Aut\u00f3noma [&hellip;]","og_url":"https:\/\/fuentesfidedignas.com.mx\/index.php\/2023\/07\/18\/reta-ambrocio-chavez-a-cuen-a-debate-publico-sobre-la-uas\/","og_site_name":"Fuentes Fidedignas","article_publisher":"https:\/\/www.facebook.com\/Fuentes-Fidedignas-368234489921644","article_published_time":"2023-07-18T23:17:52+00:00","article_modified_time":"2023-07-19T00:09:13+00:00","og_image":[{"width":600,"height":390,"url":"https:\/\/fuentesfidedignas.com.mx\/wp-content\/uploads\/2023\/07\/ambrocio-e1689722079127.jpg","type":"image\/jpeg"}],"author":"Marissa Palafox","twitter_card":"summary_large_image","twitter_creator":"@fidedignas","twitter_site":"@fidedignas","twitter_misc":{"Escrito por":"Marissa Palafox","Tiempo de lectura":"1 minuto"},"schema":{"@context":"https:\/\/schema.org","@graph":[{"@type":"Article","@id":"https:\/\/fuentesfidedignas.com.mx\/index.php\/2023\/07\/18\/reta-ambrocio-chavez-a-cuen-a-debate-publico-sobre-la-uas\/#article","isPartOf":{"@id":"https:\/\/fuentesfidedignas.com.mx\/index.php\/2023\/07\/18\/reta-ambrocio-chavez-a-cuen-a-debate-publico-sobre-la-uas\/"},"author":{"name":"Marissa Palafox","@id":"https:\/\/fuentesfidedignas.com.mx\/#\/schema\/person\/2c10028b4a30078c05a056a215342ab9"},"headline":"Reta Ambrocio Ch\u00e1vez a Cu\u00e9n a debate p\u00fablico sobre la UAS","datePublished":"2023-07-18T23:17:52+00:00","dateModified":"2023-07-19T00:09:13+00:00","mainEntityOfPage":{"@id":"https:\/\/fuentesfidedignas.com.mx\/index.php\/2023\/07\/18\/reta-ambrocio-chavez-a-cuen-a-debate-publico-sobre-la-uas\/"},"wordCount":211,"commentCount":0,"publisher":{"@id":"https:\/\/fuentesfidedignas.com.mx\/#organization"},"image":{"@id":"https:\/\/fuentesfidedignas.com.mx\/index.php\/2023\/07\/18\/reta-ambrocio-chavez-a-cuen-a-debate-publico-sobre-la-uas\/#primaryimage"},"thumbnailUrl":"https:\/\/fuentesfidedignas.com.mx\/wp-content\/uploads\/2023\/07\/ambrocio-e1689722079127.jpg","articleSection":["NOTA PRINCIPAL"],"inLanguage":"es","potentialAction":[{"@type":"CommentAction","name":"Comment","target":["https:\/\/fuentesfidedignas.com.mx\/index.php\/2023\/07\/18\/reta-ambrocio-chavez-a-cuen-a-debate-publico-sobre-la-uas\/#respond"]}]},{"@type":"WebPage","@id":"https:\/\/fuentesfidedignas.com.mx\/index.php\/2023\/07\/18\/reta-ambrocio-chavez-a-cuen-a-debate-publico-sobre-la-uas\/","url":"https:\/\/fuentesfidedignas.com.mx\/index.php\/2023\/07\/18\/reta-ambrocio-chavez-a-cuen-a-debate-publico-sobre-la-uas\/","name":"Reta Ambrocio Ch\u00e1vez a Cu\u00e9n a debate p\u00fablico sobre la UAS - Fuentes Fidedignas","isPartOf":{"@id":"https:\/\/fuentesfidedignas.com.mx\/#website"},"primaryImageOfPage":{"@id":"https:\/\/fuentesfidedignas.com.mx\/index.php\/2023\/07\/18\/reta-ambrocio-chavez-a-cuen-a-debate-publico-sobre-la-uas\/#primaryimage"},"image":{"@id":"https:\/\/fuentesfidedignas.com.mx\/index.php\/2023\/07\/18\/reta-ambrocio-chavez-a-cuen-a-debate-publico-sobre-la-uas\/#primaryimage"},"thumbnailUrl":"https:\/\/fuentesfidedignas.com.mx\/wp-content\/uploads\/2023\/07\/ambrocio-e1689722079127.jpg","datePublished":"2023-07-18T23:17:52+00:00","dateModified":"2023-07-19T00:09:13+00:00","breadcrumb":{"@id":"https:\/\/fuentesfidedignas.com.mx\/index.php\/2023\/07\/18\/reta-ambrocio-chavez-a-cuen-a-debate-publico-sobre-la-uas\/#breadcrumb"},"inLanguage":"es","potentialAction":[{"@type":"ReadAction","target":["https:\/\/fuentesfidedignas.com.mx\/index.php\/2023\/07\/18\/reta-ambrocio-chavez-a-cuen-a-debate-publico-sobre-la-uas\/"]}]},{"@type":"ImageObject","inLanguage":"es","@id":"https:\/\/fuentesfidedignas.com.mx\/index.php\/2023\/07\/18\/reta-ambrocio-chavez-a-cuen-a-debate-publico-sobre-la-uas\/#primaryimage","url":"https:\/\/fuentesfidedignas.com.mx\/wp-content\/uploads\/2023\/07\/ambrocio-e1689722079127.jpg","contentUrl":"https:\/\/fuentesfidedignas.com.mx\/wp-content\/uploads\/2023\/07\/ambrocio-e1689722079127.jpg","width":600,"height":390},{"@type":"BreadcrumbList","@id":"https:\/\/fuentesfidedignas.com.mx\/index.php\/2023\/07\/18\/reta-ambrocio-chavez-a-cuen-a-debate-publico-sobre-la-uas\/#breadcrumb","itemListElement":[{"@type":"ListItem","position":1,"name":"Inicio","item":"https:\/\/fuentesfidedignas.com.mx\/"},{"@type":"ListItem","position":2,"name":"Reta Ambrocio Ch\u00e1vez a Cu\u00e9n a debate p\u00fablico sobre la UAS"}]},{"@type":"WebSite","@id":"https:\/\/fuentesfidedignas.com.mx\/#website","url":"https:\/\/fuentesfidedignas.com.mx\/","name":"Fuentes Fidedignas","description":"Otro sitio realizado con WordPress","publisher":{"@id":"https:\/\/fuentesfidedignas.com.mx\/#organization"},"potentialAction":[{"@type":"SearchAction","target":{"@type":"EntryPoint","urlTemplate":"https:\/\/fuentesfidedignas.com.mx\/?s={search_term_string}"},"query-input":{"@type":"PropertyValueSpecification","valueRequired":true,"valueName":"search_term_string"}}],"inLanguage":"es"},{"@type":"Organization","@id":"https:\/\/fuentesfidedignas.com.mx\/#organization","name":"Fuentes Fidedignas","url":"https:\/\/fuentesfidedignas.com.mx\/","logo":{"@type":"ImageObject","inLanguage":"es","@id":"https:\/\/fuentesfidedignas.com.mx\/#\/schema\/logo\/image\/","url":"https:\/\/fuentesfidedignas.com.mx\/wp-content\/uploads\/2021\/04\/logo-retina.png","contentUrl":"https:\/\/fuentesfidedignas.com.mx\/wp-content\/uploads\/2021\/04\/logo-retina.png","width":280,"height":51,"caption":"Fuentes Fidedignas"},"image":{"@id":"https:\/\/fuentesfidedignas.com.mx\/#\/schema\/logo\/image\/"},"sameAs":["https:\/\/www.facebook.com\/Fuentes-Fidedignas-368234489921644","https:\/\/x.com\/fidedignas"]},{"@type":"Person","@id":"https:\/\/fuentesfidedignas.com.mx\/#\/schema\/person\/2c10028b4a30078c05a056a215342ab9","name":"Marissa Palafox","image":{"@type":"ImageObject","inLanguage":"es","@id":"https:\/\/secure.gravatar.com\/avatar\/20a43bdb2f2db10f20b22d4e98b96eb027faf98f7f76d29854dc5fab46d1cf71?s=96&d=mm&r=g","url":"https:\/\/secure.gravatar.com\/avatar\/20a43bdb2f2db10f20b22d4e98b96eb027faf98f7f76d29854dc5fab46d1cf71?s=96&d=mm&r=g","contentUrl":"https:\/\/secure.gravatar.com\/avatar\/20a43bdb2f2db10f20b22d4e98b96eb027faf98f7f76d29854dc5fab46d1cf71?s=96&d=mm&r=g","caption":"Marissa Palafox"},"url":"https:\/\/fuentesfidedignas.com.mx\/index.php\/author\/marissa\/"}]}},"_links":{"self":[{"href":"https:\/\/fuentesfidedignas.com.mx\/index.php\/wp-json\/wp\/v2\/posts\/53115","targetHints":{"allow":["GET"]}}],"collection":[{"href":"https:\/\/fuentesfidedignas.com.mx\/index.php\/wp-json\/wp\/v2\/posts"}],"about":[{"href":"https:\/\/fuentesfidedignas.com.mx\/index.php\/wp-json\/wp\/v2\/types\/post"}],"author":[{"embeddable":true,"href":"https:\/\/fuentesfidedignas.com.mx\/index.php\/wp-json\/wp\/v2\/users\/11"}],"replies":[{"embeddable":true,"href":"https:\/\/fuentesfidedignas.com.mx\/index.php\/wp-json\/wp\/v2\/comments?post=53115"}],"version-history":[{"count":3,"href":"https:\/\/fuentesfidedignas.com.mx\/index.php\/wp-json\/wp\/v2\/posts\/53115\/revisions"}],"predecessor-version":[{"id":53132,"href":"https:\/\/fuentesfidedignas.com.mx\/index.php\/wp-json\/wp\/v2\/posts\/53115\/revisions\/53132"}],"wp:featuredmedia":[{"embeddable":true,"href":"https:\/\/fuentesfidedignas.com.mx\/index.php\/wp-json\/wp\/v2\/media\/53116"}],"wp:attachment":[{"href":"https:\/\/fuentesfidedignas.com.mx\/index.php\/wp-json\/wp\/v2\/media?parent=53115"}],"wp:term":[{"taxonomy":"category","embeddable":true,"href":"https:\/\/fuentesfidedignas.com.mx\/index.php\/wp-json\/wp\/v2\/categories?post=53115"},{"taxonomy":"post_tag","embeddable":true,"href":"https:\/\/fuentesfidedignas.com.mx\/index.php\/wp-json\/wp\/v2\/tags?post=53115"}],"curies":[{"name":"wp","href":"https:\/\/api.w.org\/{rel}","templated":true}]}}