{"id":53076,"date":"2023-07-18T10:20:03","date_gmt":"2023-07-18T17:20:03","guid":{"rendered":"https:\/\/fuentesfidedignas.com.mx\/?p=53076"},"modified":"2023-07-18T10:24:52","modified_gmt":"2023-07-18T17:24:52","slug":"conmemoran-el-151-aniversario-luctuoso-de-benito-juarez","status":"publish","type":"post","link":"https:\/\/fuentesfidedignas.com.mx\/index.php\/2023\/07\/18\/conmemoran-el-151-aniversario-luctuoso-de-benito-juarez\/","title":{"rendered":"Conmemoran el 151 aniversario luctuoso de Benito Ju\u00e1rez"},"content":{"rendered":"\n<p><em><strong>Autoridades de los tres niveles de gobierno, as\u00ed como mandos de las fuerzas armadas estuvieron presentes en el izamiento a media asta y la guardia de honor en el monumento al Benem\u00e9rito de las Am\u00e9ricas<\/strong><\/em><\/p>\n\n\n\n<p>Culiac\u00e1n, Sin. \u2013 Con una ceremonia c\u00edvica realizada en la explanada del Palacio de Gobierno y una guardia de honor al pie del Monumento al Benem\u00e9rito de las Am\u00e9ricas, autoridades civiles y militares conmemoraron el 151 Aniversario Luctuoso del Lic. Benito Ju\u00e1rez Garc\u00eda, quien naci\u00f3 en San Pablo Guelatao, Oaxaca, el 21 de marzo de 1806 y falleci\u00f3 en Palacio Nacional el 18 de julio de 1872.<\/p>\n\n\n\n<figure class=\"wp-block-image size-large\"><img decoding=\"async\" width=\"1024\" height=\"685\" src=\"https:\/\/fuentesfidedignas.com.mx\/wp-content\/uploads\/2023\/07\/1000094516-1024x685.jpg\" alt=\"\" class=\"wp-image-53077\" srcset=\"https:\/\/fuentesfidedignas.com.mx\/wp-content\/uploads\/2023\/07\/1000094516-1024x685.jpg 1024w, https:\/\/fuentesfidedignas.com.mx\/wp-content\/uploads\/2023\/07\/1000094516-300x201.jpg 300w, https:\/\/fuentesfidedignas.com.mx\/wp-content\/uploads\/2023\/07\/1000094516-768x514.jpg 768w, https:\/\/fuentesfidedignas.com.mx\/wp-content\/uploads\/2023\/07\/1000094516-1536x1027.jpg 1536w, https:\/\/fuentesfidedignas.com.mx\/wp-content\/uploads\/2023\/07\/1000094516.jpg 1600w\" sizes=\"(max-width: 1024px) 100vw, 1024px\" \/><\/figure>\n\n\n\n<p>En representaci\u00f3n del Poder Ejecutivo encabez\u00f3 este izamiento la Subsecretaria de Evaluaci\u00f3n y Planeaci\u00f3n de la Secretar\u00eda de Bienestar y Desarrollo Sustentable, Nict\u00e9 Loi Cece\u00f1a Romero, quien acompa\u00f1ada de autoridades civiles y militares realizaron el izamiento de bandera a media asta con honores de ordenanza y acto seguido entonaci\u00f3n del himno nacional mexicano.<\/p>\n\n\n\n<p>Presentes estuvieron el Diputado Ricardo Madrid P\u00e9rez, presidente de la mesa directiva del H. Congreso del Estado de Sinaloa; el magistrado Jes\u00fas Iv\u00e1n Ch\u00e1vez Rangel, Presidente del Supremo Tribunal de Justicia; la Secretaria de Bienestar Municipal Aline Krystabel Guerra Garc\u00eda, Teniente Coronel Ad\u00e1n Landeros Espinoza, Comandante de la 11\/o. Grupo de infanter\u00eda Motorizado de la 9\/a. Zona Militar; Teniente Coronel F. A. P. A. Gerardo Calvo Cueva, representante de la Base A\u00e9rea Militar No. 10 en Sinaloa; y el Coronel de Artiller\u00eda D.E.M. Omar Alberto Cabello Zaraz\u00faa.<\/p>\n\n\n\n<p>Benito Pablo Ju\u00e1rez Garc\u00eda fue abogado, regidor, diputado federal, gobernador de Oaxaca, ministro de la Suprema Corte y presidente de la Rep\u00fablica Mexicana, pero sobre todo fue un gran luchador y reformador social. En opini\u00f3n de muchos, es la figura cumbre de la pol\u00edtica mexicana del siglo XX.<\/p>\n\n\n\n<p>En este marco, los presentes reconocieron la obra y el firme legado del \u201cBenem\u00e9rito de las Am\u00e9ricas\u201d, quien se destac\u00f3 como un importante pol\u00edtico mexicano ind\u00edgena y personaje relevante para un gran cambio en la historia de M\u00e9xico.<br>Durante la ceremonia, se cont\u00f3 con el apoyo de la banda de guerra de la 9\/a. Zona Militar, as\u00ed como con contingentes de militares, guardia nacional, polic\u00eda municipal, estatal preventiva y protecci\u00f3n civil, entre otros, tambi\u00e9n acudi\u00f3 personal de las distintas \u00e1reas del Gobierno del Estado de Sinaloa.<\/p>\n","protected":false},"excerpt":{"rendered":"<p>Autoridades de los tres niveles de gobierno, as\u00ed como mandos de las fuerzas armadas estuvieron presentes en el izamiento a media asta y la guardia de honor en el monumento al Benem\u00e9rito de las Am\u00e9ricas Culiac\u00e1n, Sin. \u2013 Con una ceremonia c\u00edvica realizada en la explanada del Palacio de Gobierno y una guardia de honor [&hellip;]<\/p>\n","protected":false},"author":4,"featured_media":53080,"comment_status":"open","ping_status":"open","sticky":false,"template":"","format":"standard","meta":{"tdm_status":"","tdm_grid_status":"","footnotes":""},"categories":[38,1],"tags":[],"class_list":{"0":"post-53076","1":"post","2":"type-post","3":"status-publish","4":"format-standard","5":"has-post-thumbnail","7":"category-noticias-locales","8":"category-sin-categoria"},"yoast_head":"<!-- This site is optimized with the Yoast SEO plugin v27.5 - https:\/\/yoast.com\/product\/yoast-seo-wordpress\/ -->\n<title>Conmemoran el 151 aniversario luctuoso de Benito Ju\u00e1rez - Fuentes Fidedignas<\/title>\n<meta name=\"robots\" content=\"index, follow, max-snippet:-1, max-image-preview:large, max-video-preview:-1\" \/>\n<link rel=\"canonical\" href=\"https:\/\/fuentesfidedignas.com.mx\/index.php\/2023\/07\/18\/conmemoran-el-151-aniversario-luctuoso-de-benito-juarez\/\" \/>\n<meta property=\"og:locale\" content=\"es_MX\" \/>\n<meta property=\"og:type\" content=\"article\" \/>\n<meta property=\"og:title\" content=\"Conmemoran el 151 aniversario luctuoso de Benito Ju\u00e1rez - Fuentes Fidedignas\" \/>\n<meta property=\"og:description\" content=\"Autoridades de los tres niveles de gobierno, as\u00ed como mandos de las fuerzas armadas estuvieron presentes en el izamiento a media asta y la guardia de honor en el monumento al Benem\u00e9rito de las Am\u00e9ricas Culiac\u00e1n, Sin. \u2013 Con una ceremonia c\u00edvica realizada en la explanada del Palacio de Gobierno y una guardia de honor [&hellip;]\" \/>\n<meta property=\"og:url\" content=\"https:\/\/fuentesfidedignas.com.mx\/index.php\/2023\/07\/18\/conmemoran-el-151-aniversario-luctuoso-de-benito-juarez\/\" \/>\n<meta property=\"og:site_name\" content=\"Fuentes Fidedignas\" \/>\n<meta property=\"article:publisher\" content=\"https:\/\/www.facebook.com\/Fuentes-Fidedignas-368234489921644\" \/>\n<meta property=\"article:published_time\" content=\"2023-07-18T17:20:03+00:00\" \/>\n<meta property=\"article:modified_time\" content=\"2023-07-18T17:24:52+00:00\" \/>\n<meta property=\"og:image\" content=\"https:\/\/fuentesfidedignas.com.mx\/wp-content\/uploads\/2023\/07\/IMG-20230718-WA0016.jpg\" \/>\n\t<meta property=\"og:image:width\" content=\"1600\" \/>\n\t<meta property=\"og:image:height\" content=\"1066\" \/>\n\t<meta property=\"og:image:type\" content=\"image\/jpeg\" \/>\n<meta name=\"author\" content=\"Redacci\u00f3n\" \/>\n<meta name=\"twitter:card\" content=\"summary_large_image\" \/>\n<meta name=\"twitter:creator\" content=\"@fidedignas\" \/>\n<meta name=\"twitter:site\" content=\"@fidedignas\" \/>\n<meta name=\"twitter:label1\" content=\"Escrito por\" \/>\n\t<meta name=\"twitter:data1\" content=\"Redacci\u00f3n\" \/>\n\t<meta name=\"twitter:label2\" content=\"Tiempo de lectura\" \/>\n\t<meta name=\"twitter:data2\" content=\"2 minutos\" \/>\n<script type=\"application\/ld+json\" class=\"yoast-schema-graph\">{\"@context\":\"https:\\\/\\\/schema.org\",\"@graph\":[{\"@type\":\"Article\",\"@id\":\"https:\\\/\\\/fuentesfidedignas.com.mx\\\/index.php\\\/2023\\\/07\\\/18\\\/conmemoran-el-151-aniversario-luctuoso-de-benito-juarez\\\/#article\",\"isPartOf\":{\"@id\":\"https:\\\/\\\/fuentesfidedignas.com.mx\\\/index.php\\\/2023\\\/07\\\/18\\\/conmemoran-el-151-aniversario-luctuoso-de-benito-juarez\\\/\"},\"author\":{\"name\":\"Redacci\u00f3n\",\"@id\":\"https:\\\/\\\/fuentesfidedignas.com.mx\\\/#\\\/schema\\\/person\\\/331be9283d37198e2acd5750279085b0\"},\"headline\":\"Conmemoran el 151 aniversario luctuoso de Benito Ju\u00e1rez\",\"datePublished\":\"2023-07-18T17:20:03+00:00\",\"dateModified\":\"2023-07-18T17:24:52+00:00\",\"mainEntityOfPage\":{\"@id\":\"https:\\\/\\\/fuentesfidedignas.com.mx\\\/index.php\\\/2023\\\/07\\\/18\\\/conmemoran-el-151-aniversario-luctuoso-de-benito-juarez\\\/\"},\"wordCount\":417,\"commentCount\":0,\"publisher\":{\"@id\":\"https:\\\/\\\/fuentesfidedignas.com.mx\\\/#organization\"},\"image\":{\"@id\":\"https:\\\/\\\/fuentesfidedignas.com.mx\\\/index.php\\\/2023\\\/07\\\/18\\\/conmemoran-el-151-aniversario-luctuoso-de-benito-juarez\\\/#primaryimage\"},\"thumbnailUrl\":\"https:\\\/\\\/fuentesfidedignas.com.mx\\\/wp-content\\\/uploads\\\/2023\\\/07\\\/IMG-20230718-WA0016.jpg\",\"articleSection\":[\"NOTICIAS LOCALES\"],\"inLanguage\":\"es\",\"potentialAction\":[{\"@type\":\"CommentAction\",\"name\":\"Comment\",\"target\":[\"https:\\\/\\\/fuentesfidedignas.com.mx\\\/index.php\\\/2023\\\/07\\\/18\\\/conmemoran-el-151-aniversario-luctuoso-de-benito-juarez\\\/#respond\"]}]},{\"@type\":\"WebPage\",\"@id\":\"https:\\\/\\\/fuentesfidedignas.com.mx\\\/index.php\\\/2023\\\/07\\\/18\\\/conmemoran-el-151-aniversario-luctuoso-de-benito-juarez\\\/\",\"url\":\"https:\\\/\\\/fuentesfidedignas.com.mx\\\/index.php\\\/2023\\\/07\\\/18\\\/conmemoran-el-151-aniversario-luctuoso-de-benito-juarez\\\/\",\"name\":\"Conmemoran el 151 aniversario luctuoso de Benito Ju\u00e1rez - Fuentes Fidedignas\",\"isPartOf\":{\"@id\":\"https:\\\/\\\/fuentesfidedignas.com.mx\\\/#website\"},\"primaryImageOfPage\":{\"@id\":\"https:\\\/\\\/fuentesfidedignas.com.mx\\\/index.php\\\/2023\\\/07\\\/18\\\/conmemoran-el-151-aniversario-luctuoso-de-benito-juarez\\\/#primaryimage\"},\"image\":{\"@id\":\"https:\\\/\\\/fuentesfidedignas.com.mx\\\/index.php\\\/2023\\\/07\\\/18\\\/conmemoran-el-151-aniversario-luctuoso-de-benito-juarez\\\/#primaryimage\"},\"thumbnailUrl\":\"https:\\\/\\\/fuentesfidedignas.com.mx\\\/wp-content\\\/uploads\\\/2023\\\/07\\\/IMG-20230718-WA0016.jpg\",\"datePublished\":\"2023-07-18T17:20:03+00:00\",\"dateModified\":\"2023-07-18T17:24:52+00:00\",\"breadcrumb\":{\"@id\":\"https:\\\/\\\/fuentesfidedignas.com.mx\\\/index.php\\\/2023\\\/07\\\/18\\\/conmemoran-el-151-aniversario-luctuoso-de-benito-juarez\\\/#breadcrumb\"},\"inLanguage\":\"es\",\"potentialAction\":[{\"@type\":\"ReadAction\",\"target\":[\"https:\\\/\\\/fuentesfidedignas.com.mx\\\/index.php\\\/2023\\\/07\\\/18\\\/conmemoran-el-151-aniversario-luctuoso-de-benito-juarez\\\/\"]}]},{\"@type\":\"ImageObject\",\"inLanguage\":\"es\",\"@id\":\"https:\\\/\\\/fuentesfidedignas.com.mx\\\/index.php\\\/2023\\\/07\\\/18\\\/conmemoran-el-151-aniversario-luctuoso-de-benito-juarez\\\/#primaryimage\",\"url\":\"https:\\\/\\\/fuentesfidedignas.com.mx\\\/wp-content\\\/uploads\\\/2023\\\/07\\\/IMG-20230718-WA0016.jpg\",\"contentUrl\":\"https:\\\/\\\/fuentesfidedignas.com.mx\\\/wp-content\\\/uploads\\\/2023\\\/07\\\/IMG-20230718-WA0016.jpg\",\"width\":1600,\"height\":1066},{\"@type\":\"BreadcrumbList\",\"@id\":\"https:\\\/\\\/fuentesfidedignas.com.mx\\\/index.php\\\/2023\\\/07\\\/18\\\/conmemoran-el-151-aniversario-luctuoso-de-benito-juarez\\\/#breadcrumb\",\"itemListElement\":[{\"@type\":\"ListItem\",\"position\":1,\"name\":\"Inicio\",\"item\":\"https:\\\/\\\/fuentesfidedignas.com.mx\\\/\"},{\"@type\":\"ListItem\",\"position\":2,\"name\":\"Conmemoran el 151 aniversario luctuoso de Benito Ju\u00e1rez\"}]},{\"@type\":\"WebSite\",\"@id\":\"https:\\\/\\\/fuentesfidedignas.com.mx\\\/#website\",\"url\":\"https:\\\/\\\/fuentesfidedignas.com.mx\\\/\",\"name\":\"Fuentes Fidedignas\",\"description\":\"Otro sitio realizado con WordPress\",\"publisher\":{\"@id\":\"https:\\\/\\\/fuentesfidedignas.com.mx\\\/#organization\"},\"potentialAction\":[{\"@type\":\"SearchAction\",\"target\":{\"@type\":\"EntryPoint\",\"urlTemplate\":\"https:\\\/\\\/fuentesfidedignas.com.mx\\\/?s={search_term_string}\"},\"query-input\":{\"@type\":\"PropertyValueSpecification\",\"valueRequired\":true,\"valueName\":\"search_term_string\"}}],\"inLanguage\":\"es\"},{\"@type\":\"Organization\",\"@id\":\"https:\\\/\\\/fuentesfidedignas.com.mx\\\/#organization\",\"name\":\"Fuentes Fidedignas\",\"url\":\"https:\\\/\\\/fuentesfidedignas.com.mx\\\/\",\"logo\":{\"@type\":\"ImageObject\",\"inLanguage\":\"es\",\"@id\":\"https:\\\/\\\/fuentesfidedignas.com.mx\\\/#\\\/schema\\\/logo\\\/image\\\/\",\"url\":\"https:\\\/\\\/fuentesfidedignas.com.mx\\\/wp-content\\\/uploads\\\/2021\\\/04\\\/logo-retina.png\",\"contentUrl\":\"https:\\\/\\\/fuentesfidedignas.com.mx\\\/wp-content\\\/uploads\\\/2021\\\/04\\\/logo-retina.png\",\"width\":280,\"height\":51,\"caption\":\"Fuentes Fidedignas\"},\"image\":{\"@id\":\"https:\\\/\\\/fuentesfidedignas.com.mx\\\/#\\\/schema\\\/logo\\\/image\\\/\"},\"sameAs\":[\"https:\\\/\\\/www.facebook.com\\\/Fuentes-Fidedignas-368234489921644\",\"https:\\\/\\\/x.com\\\/fidedignas\"]},{\"@type\":\"Person\",\"@id\":\"https:\\\/\\\/fuentesfidedignas.com.mx\\\/#\\\/schema\\\/person\\\/331be9283d37198e2acd5750279085b0\",\"name\":\"Redacci\u00f3n\",\"image\":{\"@type\":\"ImageObject\",\"inLanguage\":\"es\",\"@id\":\"https:\\\/\\\/secure.gravatar.com\\\/avatar\\\/f6d8782c11d12b2d4ad3fbb6931aeab5309937a4d6cd2fc9cfaa28a6396a5aec?s=96&d=mm&r=g\",\"url\":\"https:\\\/\\\/secure.gravatar.com\\\/avatar\\\/f6d8782c11d12b2d4ad3fbb6931aeab5309937a4d6cd2fc9cfaa28a6396a5aec?s=96&d=mm&r=g\",\"contentUrl\":\"https:\\\/\\\/secure.gravatar.com\\\/avatar\\\/f6d8782c11d12b2d4ad3fbb6931aeab5309937a4d6cd2fc9cfaa28a6396a5aec?s=96&d=mm&r=g\",\"caption\":\"Redacci\u00f3n\"},\"url\":\"https:\\\/\\\/fuentesfidedignas.com.mx\\\/index.php\\\/author\\\/redaccion\\\/\"}]}<\/script>\n<!-- \/ Yoast SEO plugin. -->","yoast_head_json":{"title":"Conmemoran el 151 aniversario luctuoso de Benito Ju\u00e1rez - Fuentes Fidedignas","robots":{"index":"index","follow":"follow","max-snippet":"max-snippet:-1","max-image-preview":"max-image-preview:large","max-video-preview":"max-video-preview:-1"},"canonical":"https:\/\/fuentesfidedignas.com.mx\/index.php\/2023\/07\/18\/conmemoran-el-151-aniversario-luctuoso-de-benito-juarez\/","og_locale":"es_MX","og_type":"article","og_title":"Conmemoran el 151 aniversario luctuoso de Benito Ju\u00e1rez - Fuentes Fidedignas","og_description":"Autoridades de los tres niveles de gobierno, as\u00ed como mandos de las fuerzas armadas estuvieron presentes en el izamiento a media asta y la guardia de honor en el monumento al Benem\u00e9rito de las Am\u00e9ricas Culiac\u00e1n, Sin. \u2013 Con una ceremonia c\u00edvica realizada en la explanada del Palacio de Gobierno y una guardia de honor [&hellip;]","og_url":"https:\/\/fuentesfidedignas.com.mx\/index.php\/2023\/07\/18\/conmemoran-el-151-aniversario-luctuoso-de-benito-juarez\/","og_site_name":"Fuentes Fidedignas","article_publisher":"https:\/\/www.facebook.com\/Fuentes-Fidedignas-368234489921644","article_published_time":"2023-07-18T17:20:03+00:00","article_modified_time":"2023-07-18T17:24:52+00:00","og_image":[{"width":1600,"height":1066,"url":"https:\/\/fuentesfidedignas.com.mx\/wp-content\/uploads\/2023\/07\/IMG-20230718-WA0016.jpg","type":"image\/jpeg"}],"author":"Redacci\u00f3n","twitter_card":"summary_large_image","twitter_creator":"@fidedignas","twitter_site":"@fidedignas","twitter_misc":{"Escrito por":"Redacci\u00f3n","Tiempo de lectura":"2 minutos"},"schema":{"@context":"https:\/\/schema.org","@graph":[{"@type":"Article","@id":"https:\/\/fuentesfidedignas.com.mx\/index.php\/2023\/07\/18\/conmemoran-el-151-aniversario-luctuoso-de-benito-juarez\/#article","isPartOf":{"@id":"https:\/\/fuentesfidedignas.com.mx\/index.php\/2023\/07\/18\/conmemoran-el-151-aniversario-luctuoso-de-benito-juarez\/"},"author":{"name":"Redacci\u00f3n","@id":"https:\/\/fuentesfidedignas.com.mx\/#\/schema\/person\/331be9283d37198e2acd5750279085b0"},"headline":"Conmemoran el 151 aniversario luctuoso de Benito Ju\u00e1rez","datePublished":"2023-07-18T17:20:03+00:00","dateModified":"2023-07-18T17:24:52+00:00","mainEntityOfPage":{"@id":"https:\/\/fuentesfidedignas.com.mx\/index.php\/2023\/07\/18\/conmemoran-el-151-aniversario-luctuoso-de-benito-juarez\/"},"wordCount":417,"commentCount":0,"publisher":{"@id":"https:\/\/fuentesfidedignas.com.mx\/#organization"},"image":{"@id":"https:\/\/fuentesfidedignas.com.mx\/index.php\/2023\/07\/18\/conmemoran-el-151-aniversario-luctuoso-de-benito-juarez\/#primaryimage"},"thumbnailUrl":"https:\/\/fuentesfidedignas.com.mx\/wp-content\/uploads\/2023\/07\/IMG-20230718-WA0016.jpg","articleSection":["NOTICIAS LOCALES"],"inLanguage":"es","potentialAction":[{"@type":"CommentAction","name":"Comment","target":["https:\/\/fuentesfidedignas.com.mx\/index.php\/2023\/07\/18\/conmemoran-el-151-aniversario-luctuoso-de-benito-juarez\/#respond"]}]},{"@type":"WebPage","@id":"https:\/\/fuentesfidedignas.com.mx\/index.php\/2023\/07\/18\/conmemoran-el-151-aniversario-luctuoso-de-benito-juarez\/","url":"https:\/\/fuentesfidedignas.com.mx\/index.php\/2023\/07\/18\/conmemoran-el-151-aniversario-luctuoso-de-benito-juarez\/","name":"Conmemoran el 151 aniversario luctuoso de Benito Ju\u00e1rez - Fuentes Fidedignas","isPartOf":{"@id":"https:\/\/fuentesfidedignas.com.mx\/#website"},"primaryImageOfPage":{"@id":"https:\/\/fuentesfidedignas.com.mx\/index.php\/2023\/07\/18\/conmemoran-el-151-aniversario-luctuoso-de-benito-juarez\/#primaryimage"},"image":{"@id":"https:\/\/fuentesfidedignas.com.mx\/index.php\/2023\/07\/18\/conmemoran-el-151-aniversario-luctuoso-de-benito-juarez\/#primaryimage"},"thumbnailUrl":"https:\/\/fuentesfidedignas.com.mx\/wp-content\/uploads\/2023\/07\/IMG-20230718-WA0016.jpg","datePublished":"2023-07-18T17:20:03+00:00","dateModified":"2023-07-18T17:24:52+00:00","breadcrumb":{"@id":"https:\/\/fuentesfidedignas.com.mx\/index.php\/2023\/07\/18\/conmemoran-el-151-aniversario-luctuoso-de-benito-juarez\/#breadcrumb"},"inLanguage":"es","potentialAction":[{"@type":"ReadAction","target":["https:\/\/fuentesfidedignas.com.mx\/index.php\/2023\/07\/18\/conmemoran-el-151-aniversario-luctuoso-de-benito-juarez\/"]}]},{"@type":"ImageObject","inLanguage":"es","@id":"https:\/\/fuentesfidedignas.com.mx\/index.php\/2023\/07\/18\/conmemoran-el-151-aniversario-luctuoso-de-benito-juarez\/#primaryimage","url":"https:\/\/fuentesfidedignas.com.mx\/wp-content\/uploads\/2023\/07\/IMG-20230718-WA0016.jpg","contentUrl":"https:\/\/fuentesfidedignas.com.mx\/wp-content\/uploads\/2023\/07\/IMG-20230718-WA0016.jpg","width":1600,"height":1066},{"@type":"BreadcrumbList","@id":"https:\/\/fuentesfidedignas.com.mx\/index.php\/2023\/07\/18\/conmemoran-el-151-aniversario-luctuoso-de-benito-juarez\/#breadcrumb","itemListElement":[{"@type":"ListItem","position":1,"name":"Inicio","item":"https:\/\/fuentesfidedignas.com.mx\/"},{"@type":"ListItem","position":2,"name":"Conmemoran el 151 aniversario luctuoso de Benito Ju\u00e1rez"}]},{"@type":"WebSite","@id":"https:\/\/fuentesfidedignas.com.mx\/#website","url":"https:\/\/fuentesfidedignas.com.mx\/","name":"Fuentes Fidedignas","description":"Otro sitio realizado con WordPress","publisher":{"@id":"https:\/\/fuentesfidedignas.com.mx\/#organization"},"potentialAction":[{"@type":"SearchAction","target":{"@type":"EntryPoint","urlTemplate":"https:\/\/fuentesfidedignas.com.mx\/?s={search_term_string}"},"query-input":{"@type":"PropertyValueSpecification","valueRequired":true,"valueName":"search_term_string"}}],"inLanguage":"es"},{"@type":"Organization","@id":"https:\/\/fuentesfidedignas.com.mx\/#organization","name":"Fuentes Fidedignas","url":"https:\/\/fuentesfidedignas.com.mx\/","logo":{"@type":"ImageObject","inLanguage":"es","@id":"https:\/\/fuentesfidedignas.com.mx\/#\/schema\/logo\/image\/","url":"https:\/\/fuentesfidedignas.com.mx\/wp-content\/uploads\/2021\/04\/logo-retina.png","contentUrl":"https:\/\/fuentesfidedignas.com.mx\/wp-content\/uploads\/2021\/04\/logo-retina.png","width":280,"height":51,"caption":"Fuentes Fidedignas"},"image":{"@id":"https:\/\/fuentesfidedignas.com.mx\/#\/schema\/logo\/image\/"},"sameAs":["https:\/\/www.facebook.com\/Fuentes-Fidedignas-368234489921644","https:\/\/x.com\/fidedignas"]},{"@type":"Person","@id":"https:\/\/fuentesfidedignas.com.mx\/#\/schema\/person\/331be9283d37198e2acd5750279085b0","name":"Redacci\u00f3n","image":{"@type":"ImageObject","inLanguage":"es","@id":"https:\/\/secure.gravatar.com\/avatar\/f6d8782c11d12b2d4ad3fbb6931aeab5309937a4d6cd2fc9cfaa28a6396a5aec?s=96&d=mm&r=g","url":"https:\/\/secure.gravatar.com\/avatar\/f6d8782c11d12b2d4ad3fbb6931aeab5309937a4d6cd2fc9cfaa28a6396a5aec?s=96&d=mm&r=g","contentUrl":"https:\/\/secure.gravatar.com\/avatar\/f6d8782c11d12b2d4ad3fbb6931aeab5309937a4d6cd2fc9cfaa28a6396a5aec?s=96&d=mm&r=g","caption":"Redacci\u00f3n"},"url":"https:\/\/fuentesfidedignas.com.mx\/index.php\/author\/redaccion\/"}]}},"_links":{"self":[{"href":"https:\/\/fuentesfidedignas.com.mx\/index.php\/wp-json\/wp\/v2\/posts\/53076","targetHints":{"allow":["GET"]}}],"collection":[{"href":"https:\/\/fuentesfidedignas.com.mx\/index.php\/wp-json\/wp\/v2\/posts"}],"about":[{"href":"https:\/\/fuentesfidedignas.com.mx\/index.php\/wp-json\/wp\/v2\/types\/post"}],"author":[{"embeddable":true,"href":"https:\/\/fuentesfidedignas.com.mx\/index.php\/wp-json\/wp\/v2\/users\/4"}],"replies":[{"embeddable":true,"href":"https:\/\/fuentesfidedignas.com.mx\/index.php\/wp-json\/wp\/v2\/comments?post=53076"}],"version-history":[{"count":2,"href":"https:\/\/fuentesfidedignas.com.mx\/index.php\/wp-json\/wp\/v2\/posts\/53076\/revisions"}],"predecessor-version":[{"id":53079,"href":"https:\/\/fuentesfidedignas.com.mx\/index.php\/wp-json\/wp\/v2\/posts\/53076\/revisions\/53079"}],"wp:featuredmedia":[{"embeddable":true,"href":"https:\/\/fuentesfidedignas.com.mx\/index.php\/wp-json\/wp\/v2\/media\/53080"}],"wp:attachment":[{"href":"https:\/\/fuentesfidedignas.com.mx\/index.php\/wp-json\/wp\/v2\/media?parent=53076"}],"wp:term":[{"taxonomy":"category","embeddable":true,"href":"https:\/\/fuentesfidedignas.com.mx\/index.php\/wp-json\/wp\/v2\/categories?post=53076"},{"taxonomy":"post_tag","embeddable":true,"href":"https:\/\/fuentesfidedignas.com.mx\/index.php\/wp-json\/wp\/v2\/tags?post=53076"}],"curies":[{"name":"wp","href":"https:\/\/api.w.org\/{rel}","templated":true}]}}