{"id":53073,"date":"2023-07-18T10:10:22","date_gmt":"2023-07-18T17:10:22","guid":{"rendered":"https:\/\/fuentesfidedignas.com.mx\/?p=53073"},"modified":"2023-07-18T10:12:14","modified_gmt":"2023-07-18T17:12:14","slug":"encuesta-ef-xochitl-galvez-despunta-en-preferencia-para-definir-candidatura","status":"publish","type":"post","link":"https:\/\/fuentesfidedignas.com.mx\/index.php\/2023\/07\/18\/encuesta-ef-xochitl-galvez-despunta-en-preferencia-para-definir-candidatura\/","title":{"rendered":"Encuesta EF: X\u00f3chitl G\u00e1lvez despunta en preferencia para definir candidatura"},"content":{"rendered":"\n<p><strong><em>El empate que prevalec\u00eda entre los aspirantes del Frente Amplio por M\u00e9xico se rompi\u00f3 y ahora G\u00e1lvez tiene una c\u00f3moda preferencia en la encuesta de El Financiero<\/em><\/strong><\/p>\n\n\n\n<p>Ciudad de M\u00e9xico. Se rompi\u00f3 el empate que prevalec\u00eda en la contienda por la candidatura presidencial de la oposici\u00f3n y hoy la senadora X\u00f3chitl G\u00e1lvez encabeza las preferencias con 22 por ciento de apoyo, 9 puntos por arriba de su nivel observado hace dos semanas y 6 puntos por delante del diputado Santiago Creel, quien capta 16 por ciento.<\/p>\n\n\n\n<p>Por debajo de ellos se ubican los priistas Enrique de la Madrid, con 12 por ciento, y Beatriz Paredes Rangel, con 8 por ciento, as\u00ed como el perredista Silvano Aureoles, con 3 por ciento.<\/p>\n\n\n\n<figure class=\"wp-block-image\"><img decoding=\"async\" src=\"https:\/\/www.elfinanciero.com.mx\/resizer\/Qf47FYZxTwg7iDOKBf3v1lkAGTs=\/400x267\/filters:format(jpg):quality(70)\/cloudfront-us-east-1.images.arcpublishing.com\/elfinanciero\/SW3JOXTP3RHXFJXK4EPB4S25KU.jpg\" alt=\"\"\/><figcaption class=\"wp-element-caption\"><strong>Rumbo a 2024: Aspirantes de la oposici\u00f3n<\/strong><\/figcaption><\/figure>\n\n\n\n<p>As\u00ed lo revela la m\u00e1s reciente encuesta de&nbsp;<a href=\"https:\/\/www.elfinanciero.com.mx\/\"><em>El Financiero<\/em><\/a>, que da seguimiento al apoyo de los presidenciables rumbo a las elecciones de 2024, realizada este mes de manera semanal los d\u00edas 2, 8 y 15 de julio a un total de mil 400 personas v\u00eda telef\u00f3nica.<\/p>\n\n\n\n<p>El sondeo revela que\u00a0<strong>la opini\u00f3n positiva sobre X\u00f3chitl G\u00e1lvez registr\u00f3 36 por ciento<\/strong>, 2 puntos m\u00e1s que en la \u00faltima encuesta publicada en este diario, el pasado 5 de julio. La opini\u00f3n favorable acerca de<strong>\u00a0Santiago Creel\u00a0<\/strong>creci\u00f3 4 puntos, al pasar<strong>\u00a0de 27 a 31 por ciento<\/strong>, mientras que\u00a0<strong>Beatriz Paredes<\/strong>\u00a0avanz\u00f3 en ese rubro 2 puntos,al pasar su opini\u00f3n positiva<strong>\u00a0de 25 a 27 por ciento<\/strong>. En el caso de\u00a0<strong>Enrique de la Madrid<\/strong>\u00a0la opini\u00f3n favorable tuvo una variaci\u00f3n negativa de un punto porcentual, al pasar<strong>\u00a0de 29 a 28 por ciento.<\/strong><\/p>\n\n\n\n<figure class=\"wp-block-image\"><img decoding=\"async\" src=\"https:\/\/www.elfinanciero.com.mx\/resizer\/P1JReSkB7A-hKF-rBDZACjky6wA=\/400x267\/filters:format(jpg):quality(70)\/cloudfront-us-east-1.images.arcpublishing.com\/elfinanciero\/U6JEAJYYZRD3TA7MSPBAQ2TOWU.jpg\" alt=\"\"\/><figcaption class=\"wp-element-caption\"><strong>Seguimiento de la opini\u00f3n favorable<\/strong><\/figcaption><\/figure>\n\n\n\n<figure class=\"wp-block-image\"><img decoding=\"async\" src=\"https:\/\/www.elfinanciero.com.mx\/resizer\/1nslrfAjwQX0F05ITqDhZ9yp3hs=\/400x267\/filters:format(jpg):quality(70)\/cloudfront-us-east-1.images.arcpublishing.com\/elfinanciero\/N2RQ62VRSZEP3A7GUWZPVLHZXA.jpg\" alt=\"\"\/><figcaption class=\"wp-element-caption\"><strong>Opini\u00f3n y conocimiento<\/strong><\/figcaption><\/figure>\n\n\n\n<h2 class=\"wp-block-heading\">\u00bfCiudadan\u00eda aprueba que AMLO hable sobre quienes aspiran a sucederlo?<\/h2>\n\n\n\n<p><strong>El despunte de X\u00f3chitl G\u00e1lvez<\/strong>&nbsp;en las preferencias por la candidatura de oposici\u00f3n se dio a unos d\u00edas de su entrada en la contienda y en el contexto de una serie de intercambios ret\u00f3ricos que involucran al&nbsp;<a href=\"https:\/\/www.elfinanciero.com.mx\/nacional\/2023\/07\/17\/amlo-mananera-temas-hoy-17-julio-2023-en-vivo\/\">presidente de la Rep\u00fablica<\/a>, a quien&nbsp;<a href=\"https:\/\/www.elfinanciero.com.mx\/nacional\/2023\/07\/13\/ine-ordena-a-amlo-abstenerse-de-hablar-de-xochitl-galvez\/\">el INE llam\u00f3 a no hacer declaraciones acerca de las y los presidenciables<\/a>.https:\/\/d-9022589991819088224.ampproject.net\/2306301917000\/frame.html<\/p>\n\n\n\n<p>De acuerdo con el sondeo,&nbsp;<strong>45 por ciento<\/strong>&nbsp;opina que<strong>&nbsp;est\u00e1 bien que el presidente opine o haga declaraciones acerca de quienes aspiran a sustituirlo<\/strong>, mientras que 35 por ciento lo ve mal.<\/p>\n\n\n\n<p>Por otro lado,&nbsp;<strong>22 por ciento de entrevistados consider\u00f3 bien o muy bien las cr\u00edticas del mandatario<\/strong>&nbsp;a X\u00f3chitl G\u00e1lvez por haber vendido tamales, mientras que una mayor\u00eda de 58 por ciento calific\u00f3 dichas cr\u00edticas como mal o muy mal. El sondeo ya no abord\u00f3 la informaci\u00f3n dada a conocer por L\u00f3pez Obrador acerca de&nbsp;<a href=\"https:\/\/www.elfinanciero.com.mx\/nacional\/2023\/07\/14\/autogol-amlo-exhibe-contratos-de-empresas-de-xochitl-galvez-con-gobierno-de-mexico-durante-su-sexenio\/\">los contratos de la empresa de X\u00f3chitl G\u00e1lvez<\/a>, pero la reacci\u00f3n de las y los entrevistados respecto a los tamales sugiere que el electorado podr\u00eda no avalar los ataques y cr\u00edticas del Presidente a quienes aspiran a la candidatura presidencial de la oposici\u00f3n.<\/p>\n\n\n\n<p>La encuesta revela que, a pesar de la atenci\u00f3n medi\u00e1tica del proceso opositor y sus aspirantes, as\u00ed como de las declaraciones del mandatario federal, el inter\u00e9s en el proceso&nbsp;<strong>apenas subi\u00f3 3 puntos porcentuales con respecto a la publicaci\u00f3n anterior<\/strong>, al pasar de 42 a 45 por ciento la proporci\u00f3n de personas entrevistadas que manifest\u00f3 estar muy o algo interesadas en ello.<\/p>\n\n\n\n<figure class=\"wp-block-image\"><img decoding=\"async\" src=\"https:\/\/www.elfinanciero.com.mx\/resizer\/yd_BIxoKanrm5fkB_nkMjSuC-ao=\/400x267\/filters:format(jpg):quality(70)\/cloudfront-us-east-1.images.arcpublishing.com\/elfinanciero\/65L4D65Q5RA7DPDU5DJAUGM2WY.jpg\" alt=\"\"\/><figcaption class=\"wp-element-caption\"><strong>Preferencia seg\u00fan el partidismo de las personas entrevistadas<\/strong><\/figcaption><\/figure>\n\n\n\n<p><em>Metodolog\u00eda: Seguimiento de encuestas nacionales realizadas v\u00eda telef\u00f3nica los d\u00edas 14-15 julio (400 entrevistas) y 7-8 julio (500 entrevistas) de 2023. Se hizo un muestreo probabil\u00edstico de tel\u00e9fonos residenciales y celulares en las 32 entidades federativas. Con un nivel de confianza de 95%, el margen de error de las estimaciones es de +\/-4.9 y de +\/-4.4 por ciento para la encuesta de 400 y 500 entrevistas, respectivamente.<\/em><\/p>\n","protected":false},"excerpt":{"rendered":"<p>El empate que prevalec\u00eda entre los aspirantes del Frente Amplio por M\u00e9xico se rompi\u00f3 y ahora G\u00e1lvez tiene una c\u00f3moda preferencia en la encuesta de El Financiero Ciudad de M\u00e9xico. Se rompi\u00f3 el empate que prevalec\u00eda en la contienda por la candidatura presidencial de la oposici\u00f3n y hoy la senadora X\u00f3chitl G\u00e1lvez encabeza las preferencias [&hellip;]<\/p>\n","protected":false},"author":21,"featured_media":53075,"comment_status":"open","ping_status":"open","sticky":false,"template":"","format":"standard","meta":{"tdm_status":"","tdm_grid_status":"","footnotes":""},"categories":[39,1],"tags":[],"class_list":{"0":"post-53073","1":"post","2":"type-post","3":"status-publish","4":"format-standard","5":"has-post-thumbnail","7":"category-noticias-nacionales","8":"category-sin-categoria"},"yoast_head":"<!-- This site is optimized with the Yoast SEO plugin v27.5 - https:\/\/yoast.com\/product\/yoast-seo-wordpress\/ -->\n<title>Encuesta EF: X\u00f3chitl G\u00e1lvez despunta en preferencia para definir candidatura - Fuentes Fidedignas<\/title>\n<meta name=\"robots\" content=\"index, follow, max-snippet:-1, max-image-preview:large, max-video-preview:-1\" \/>\n<link rel=\"canonical\" href=\"https:\/\/fuentesfidedignas.com.mx\/index.php\/2023\/07\/18\/encuesta-ef-xochitl-galvez-despunta-en-preferencia-para-definir-candidatura\/\" \/>\n<meta property=\"og:locale\" content=\"es_MX\" \/>\n<meta property=\"og:type\" content=\"article\" \/>\n<meta property=\"og:title\" content=\"Encuesta EF: X\u00f3chitl G\u00e1lvez despunta en preferencia para definir candidatura - Fuentes Fidedignas\" \/>\n<meta property=\"og:description\" content=\"El empate que prevalec\u00eda entre los aspirantes del Frente Amplio por M\u00e9xico se rompi\u00f3 y ahora G\u00e1lvez tiene una c\u00f3moda preferencia en la encuesta de El Financiero Ciudad de M\u00e9xico. Se rompi\u00f3 el empate que prevalec\u00eda en la contienda por la candidatura presidencial de la oposici\u00f3n y hoy la senadora X\u00f3chitl G\u00e1lvez encabeza las preferencias [&hellip;]\" \/>\n<meta property=\"og:url\" content=\"https:\/\/fuentesfidedignas.com.mx\/index.php\/2023\/07\/18\/encuesta-ef-xochitl-galvez-despunta-en-preferencia-para-definir-candidatura\/\" \/>\n<meta property=\"og:site_name\" content=\"Fuentes Fidedignas\" \/>\n<meta property=\"article:publisher\" content=\"https:\/\/www.facebook.com\/Fuentes-Fidedignas-368234489921644\" \/>\n<meta property=\"article:published_time\" content=\"2023-07-18T17:10:22+00:00\" \/>\n<meta property=\"article:modified_time\" content=\"2023-07-18T17:12:14+00:00\" \/>\n<meta property=\"og:image\" content=\"https:\/\/fuentesfidedignas.com.mx\/wp-content\/uploads\/2023\/07\/JOLRWRSPKNFGLIYUIOUKRCOPMA.jpeg\" \/>\n\t<meta property=\"og:image:width\" content=\"800\" \/>\n\t<meta property=\"og:image:height\" content=\"450\" \/>\n\t<meta property=\"og:image:type\" content=\"image\/jpeg\" \/>\n<meta name=\"author\" content=\"El Financiero\" \/>\n<meta name=\"twitter:card\" content=\"summary_large_image\" \/>\n<meta name=\"twitter:creator\" content=\"@fidedignas\" \/>\n<meta name=\"twitter:site\" content=\"@fidedignas\" \/>\n<meta name=\"twitter:label1\" content=\"Escrito por\" \/>\n\t<meta name=\"twitter:data1\" content=\"El Financiero\" \/>\n\t<meta name=\"twitter:label2\" content=\"Tiempo de lectura\" \/>\n\t<meta name=\"twitter:data2\" content=\"2 minutos\" \/>\n<script type=\"application\/ld+json\" class=\"yoast-schema-graph\">{\"@context\":\"https:\\\/\\\/schema.org\",\"@graph\":[{\"@type\":\"Article\",\"@id\":\"https:\\\/\\\/fuentesfidedignas.com.mx\\\/index.php\\\/2023\\\/07\\\/18\\\/encuesta-ef-xochitl-galvez-despunta-en-preferencia-para-definir-candidatura\\\/#article\",\"isPartOf\":{\"@id\":\"https:\\\/\\\/fuentesfidedignas.com.mx\\\/index.php\\\/2023\\\/07\\\/18\\\/encuesta-ef-xochitl-galvez-despunta-en-preferencia-para-definir-candidatura\\\/\"},\"author\":{\"name\":\"El Financiero\",\"@id\":\"https:\\\/\\\/fuentesfidedignas.com.mx\\\/#\\\/schema\\\/person\\\/494f7e0dce8dfaaec5b64f16615b78e9\"},\"headline\":\"Encuesta EF: X\u00f3chitl G\u00e1lvez despunta en preferencia para definir candidatura\",\"datePublished\":\"2023-07-18T17:10:22+00:00\",\"dateModified\":\"2023-07-18T17:12:14+00:00\",\"mainEntityOfPage\":{\"@id\":\"https:\\\/\\\/fuentesfidedignas.com.mx\\\/index.php\\\/2023\\\/07\\\/18\\\/encuesta-ef-xochitl-galvez-despunta-en-preferencia-para-definir-candidatura\\\/\"},\"wordCount\":660,\"commentCount\":0,\"publisher\":{\"@id\":\"https:\\\/\\\/fuentesfidedignas.com.mx\\\/#organization\"},\"image\":{\"@id\":\"https:\\\/\\\/fuentesfidedignas.com.mx\\\/index.php\\\/2023\\\/07\\\/18\\\/encuesta-ef-xochitl-galvez-despunta-en-preferencia-para-definir-candidatura\\\/#primaryimage\"},\"thumbnailUrl\":\"https:\\\/\\\/fuentesfidedignas.com.mx\\\/wp-content\\\/uploads\\\/2023\\\/07\\\/JOLRWRSPKNFGLIYUIOUKRCOPMA.jpeg\",\"articleSection\":[\"NOTICIAS NACIONALES\"],\"inLanguage\":\"es\",\"potentialAction\":[{\"@type\":\"CommentAction\",\"name\":\"Comment\",\"target\":[\"https:\\\/\\\/fuentesfidedignas.com.mx\\\/index.php\\\/2023\\\/07\\\/18\\\/encuesta-ef-xochitl-galvez-despunta-en-preferencia-para-definir-candidatura\\\/#respond\"]}]},{\"@type\":\"WebPage\",\"@id\":\"https:\\\/\\\/fuentesfidedignas.com.mx\\\/index.php\\\/2023\\\/07\\\/18\\\/encuesta-ef-xochitl-galvez-despunta-en-preferencia-para-definir-candidatura\\\/\",\"url\":\"https:\\\/\\\/fuentesfidedignas.com.mx\\\/index.php\\\/2023\\\/07\\\/18\\\/encuesta-ef-xochitl-galvez-despunta-en-preferencia-para-definir-candidatura\\\/\",\"name\":\"Encuesta EF: X\u00f3chitl G\u00e1lvez despunta en preferencia para definir candidatura - Fuentes Fidedignas\",\"isPartOf\":{\"@id\":\"https:\\\/\\\/fuentesfidedignas.com.mx\\\/#website\"},\"primaryImageOfPage\":{\"@id\":\"https:\\\/\\\/fuentesfidedignas.com.mx\\\/index.php\\\/2023\\\/07\\\/18\\\/encuesta-ef-xochitl-galvez-despunta-en-preferencia-para-definir-candidatura\\\/#primaryimage\"},\"image\":{\"@id\":\"https:\\\/\\\/fuentesfidedignas.com.mx\\\/index.php\\\/2023\\\/07\\\/18\\\/encuesta-ef-xochitl-galvez-despunta-en-preferencia-para-definir-candidatura\\\/#primaryimage\"},\"thumbnailUrl\":\"https:\\\/\\\/fuentesfidedignas.com.mx\\\/wp-content\\\/uploads\\\/2023\\\/07\\\/JOLRWRSPKNFGLIYUIOUKRCOPMA.jpeg\",\"datePublished\":\"2023-07-18T17:10:22+00:00\",\"dateModified\":\"2023-07-18T17:12:14+00:00\",\"breadcrumb\":{\"@id\":\"https:\\\/\\\/fuentesfidedignas.com.mx\\\/index.php\\\/2023\\\/07\\\/18\\\/encuesta-ef-xochitl-galvez-despunta-en-preferencia-para-definir-candidatura\\\/#breadcrumb\"},\"inLanguage\":\"es\",\"potentialAction\":[{\"@type\":\"ReadAction\",\"target\":[\"https:\\\/\\\/fuentesfidedignas.com.mx\\\/index.php\\\/2023\\\/07\\\/18\\\/encuesta-ef-xochitl-galvez-despunta-en-preferencia-para-definir-candidatura\\\/\"]}]},{\"@type\":\"ImageObject\",\"inLanguage\":\"es\",\"@id\":\"https:\\\/\\\/fuentesfidedignas.com.mx\\\/index.php\\\/2023\\\/07\\\/18\\\/encuesta-ef-xochitl-galvez-despunta-en-preferencia-para-definir-candidatura\\\/#primaryimage\",\"url\":\"https:\\\/\\\/fuentesfidedignas.com.mx\\\/wp-content\\\/uploads\\\/2023\\\/07\\\/JOLRWRSPKNFGLIYUIOUKRCOPMA.jpeg\",\"contentUrl\":\"https:\\\/\\\/fuentesfidedignas.com.mx\\\/wp-content\\\/uploads\\\/2023\\\/07\\\/JOLRWRSPKNFGLIYUIOUKRCOPMA.jpeg\",\"width\":800,\"height\":450},{\"@type\":\"BreadcrumbList\",\"@id\":\"https:\\\/\\\/fuentesfidedignas.com.mx\\\/index.php\\\/2023\\\/07\\\/18\\\/encuesta-ef-xochitl-galvez-despunta-en-preferencia-para-definir-candidatura\\\/#breadcrumb\",\"itemListElement\":[{\"@type\":\"ListItem\",\"position\":1,\"name\":\"Inicio\",\"item\":\"https:\\\/\\\/fuentesfidedignas.com.mx\\\/\"},{\"@type\":\"ListItem\",\"position\":2,\"name\":\"Encuesta EF: X\u00f3chitl G\u00e1lvez despunta en preferencia para definir candidatura\"}]},{\"@type\":\"WebSite\",\"@id\":\"https:\\\/\\\/fuentesfidedignas.com.mx\\\/#website\",\"url\":\"https:\\\/\\\/fuentesfidedignas.com.mx\\\/\",\"name\":\"Fuentes Fidedignas\",\"description\":\"Otro sitio realizado con WordPress\",\"publisher\":{\"@id\":\"https:\\\/\\\/fuentesfidedignas.com.mx\\\/#organization\"},\"potentialAction\":[{\"@type\":\"SearchAction\",\"target\":{\"@type\":\"EntryPoint\",\"urlTemplate\":\"https:\\\/\\\/fuentesfidedignas.com.mx\\\/?s={search_term_string}\"},\"query-input\":{\"@type\":\"PropertyValueSpecification\",\"valueRequired\":true,\"valueName\":\"search_term_string\"}}],\"inLanguage\":\"es\"},{\"@type\":\"Organization\",\"@id\":\"https:\\\/\\\/fuentesfidedignas.com.mx\\\/#organization\",\"name\":\"Fuentes Fidedignas\",\"url\":\"https:\\\/\\\/fuentesfidedignas.com.mx\\\/\",\"logo\":{\"@type\":\"ImageObject\",\"inLanguage\":\"es\",\"@id\":\"https:\\\/\\\/fuentesfidedignas.com.mx\\\/#\\\/schema\\\/logo\\\/image\\\/\",\"url\":\"https:\\\/\\\/fuentesfidedignas.com.mx\\\/wp-content\\\/uploads\\\/2021\\\/04\\\/logo-retina.png\",\"contentUrl\":\"https:\\\/\\\/fuentesfidedignas.com.mx\\\/wp-content\\\/uploads\\\/2021\\\/04\\\/logo-retina.png\",\"width\":280,\"height\":51,\"caption\":\"Fuentes Fidedignas\"},\"image\":{\"@id\":\"https:\\\/\\\/fuentesfidedignas.com.mx\\\/#\\\/schema\\\/logo\\\/image\\\/\"},\"sameAs\":[\"https:\\\/\\\/www.facebook.com\\\/Fuentes-Fidedignas-368234489921644\",\"https:\\\/\\\/x.com\\\/fidedignas\"]},{\"@type\":\"Person\",\"@id\":\"https:\\\/\\\/fuentesfidedignas.com.mx\\\/#\\\/schema\\\/person\\\/494f7e0dce8dfaaec5b64f16615b78e9\",\"name\":\"El Financiero\",\"image\":{\"@type\":\"ImageObject\",\"inLanguage\":\"es\",\"@id\":\"https:\\\/\\\/secure.gravatar.com\\\/avatar\\\/88c0f3f2079389318ef8dd35c22cb997212aa89646e357ba59b318db26ed91a9?s=96&d=mm&r=g\",\"url\":\"https:\\\/\\\/secure.gravatar.com\\\/avatar\\\/88c0f3f2079389318ef8dd35c22cb997212aa89646e357ba59b318db26ed91a9?s=96&d=mm&r=g\",\"contentUrl\":\"https:\\\/\\\/secure.gravatar.com\\\/avatar\\\/88c0f3f2079389318ef8dd35c22cb997212aa89646e357ba59b318db26ed91a9?s=96&d=mm&r=g\",\"caption\":\"El Financiero\"},\"url\":\"https:\\\/\\\/fuentesfidedignas.com.mx\\\/index.php\\\/author\\\/financiero\\\/\"}]}<\/script>\n<!-- \/ Yoast SEO plugin. -->","yoast_head_json":{"title":"Encuesta EF: X\u00f3chitl G\u00e1lvez despunta en preferencia para definir candidatura - Fuentes Fidedignas","robots":{"index":"index","follow":"follow","max-snippet":"max-snippet:-1","max-image-preview":"max-image-preview:large","max-video-preview":"max-video-preview:-1"},"canonical":"https:\/\/fuentesfidedignas.com.mx\/index.php\/2023\/07\/18\/encuesta-ef-xochitl-galvez-despunta-en-preferencia-para-definir-candidatura\/","og_locale":"es_MX","og_type":"article","og_title":"Encuesta EF: X\u00f3chitl G\u00e1lvez despunta en preferencia para definir candidatura - Fuentes Fidedignas","og_description":"El empate que prevalec\u00eda entre los aspirantes del Frente Amplio por M\u00e9xico se rompi\u00f3 y ahora G\u00e1lvez tiene una c\u00f3moda preferencia en la encuesta de El Financiero Ciudad de M\u00e9xico. Se rompi\u00f3 el empate que prevalec\u00eda en la contienda por la candidatura presidencial de la oposici\u00f3n y hoy la senadora X\u00f3chitl G\u00e1lvez encabeza las preferencias [&hellip;]","og_url":"https:\/\/fuentesfidedignas.com.mx\/index.php\/2023\/07\/18\/encuesta-ef-xochitl-galvez-despunta-en-preferencia-para-definir-candidatura\/","og_site_name":"Fuentes Fidedignas","article_publisher":"https:\/\/www.facebook.com\/Fuentes-Fidedignas-368234489921644","article_published_time":"2023-07-18T17:10:22+00:00","article_modified_time":"2023-07-18T17:12:14+00:00","og_image":[{"width":800,"height":450,"url":"https:\/\/fuentesfidedignas.com.mx\/wp-content\/uploads\/2023\/07\/JOLRWRSPKNFGLIYUIOUKRCOPMA.jpeg","type":"image\/jpeg"}],"author":"El Financiero","twitter_card":"summary_large_image","twitter_creator":"@fidedignas","twitter_site":"@fidedignas","twitter_misc":{"Escrito por":"El Financiero","Tiempo de lectura":"2 minutos"},"schema":{"@context":"https:\/\/schema.org","@graph":[{"@type":"Article","@id":"https:\/\/fuentesfidedignas.com.mx\/index.php\/2023\/07\/18\/encuesta-ef-xochitl-galvez-despunta-en-preferencia-para-definir-candidatura\/#article","isPartOf":{"@id":"https:\/\/fuentesfidedignas.com.mx\/index.php\/2023\/07\/18\/encuesta-ef-xochitl-galvez-despunta-en-preferencia-para-definir-candidatura\/"},"author":{"name":"El Financiero","@id":"https:\/\/fuentesfidedignas.com.mx\/#\/schema\/person\/494f7e0dce8dfaaec5b64f16615b78e9"},"headline":"Encuesta EF: X\u00f3chitl G\u00e1lvez despunta en preferencia para definir candidatura","datePublished":"2023-07-18T17:10:22+00:00","dateModified":"2023-07-18T17:12:14+00:00","mainEntityOfPage":{"@id":"https:\/\/fuentesfidedignas.com.mx\/index.php\/2023\/07\/18\/encuesta-ef-xochitl-galvez-despunta-en-preferencia-para-definir-candidatura\/"},"wordCount":660,"commentCount":0,"publisher":{"@id":"https:\/\/fuentesfidedignas.com.mx\/#organization"},"image":{"@id":"https:\/\/fuentesfidedignas.com.mx\/index.php\/2023\/07\/18\/encuesta-ef-xochitl-galvez-despunta-en-preferencia-para-definir-candidatura\/#primaryimage"},"thumbnailUrl":"https:\/\/fuentesfidedignas.com.mx\/wp-content\/uploads\/2023\/07\/JOLRWRSPKNFGLIYUIOUKRCOPMA.jpeg","articleSection":["NOTICIAS NACIONALES"],"inLanguage":"es","potentialAction":[{"@type":"CommentAction","name":"Comment","target":["https:\/\/fuentesfidedignas.com.mx\/index.php\/2023\/07\/18\/encuesta-ef-xochitl-galvez-despunta-en-preferencia-para-definir-candidatura\/#respond"]}]},{"@type":"WebPage","@id":"https:\/\/fuentesfidedignas.com.mx\/index.php\/2023\/07\/18\/encuesta-ef-xochitl-galvez-despunta-en-preferencia-para-definir-candidatura\/","url":"https:\/\/fuentesfidedignas.com.mx\/index.php\/2023\/07\/18\/encuesta-ef-xochitl-galvez-despunta-en-preferencia-para-definir-candidatura\/","name":"Encuesta EF: X\u00f3chitl G\u00e1lvez despunta en preferencia para definir candidatura - Fuentes Fidedignas","isPartOf":{"@id":"https:\/\/fuentesfidedignas.com.mx\/#website"},"primaryImageOfPage":{"@id":"https:\/\/fuentesfidedignas.com.mx\/index.php\/2023\/07\/18\/encuesta-ef-xochitl-galvez-despunta-en-preferencia-para-definir-candidatura\/#primaryimage"},"image":{"@id":"https:\/\/fuentesfidedignas.com.mx\/index.php\/2023\/07\/18\/encuesta-ef-xochitl-galvez-despunta-en-preferencia-para-definir-candidatura\/#primaryimage"},"thumbnailUrl":"https:\/\/fuentesfidedignas.com.mx\/wp-content\/uploads\/2023\/07\/JOLRWRSPKNFGLIYUIOUKRCOPMA.jpeg","datePublished":"2023-07-18T17:10:22+00:00","dateModified":"2023-07-18T17:12:14+00:00","breadcrumb":{"@id":"https:\/\/fuentesfidedignas.com.mx\/index.php\/2023\/07\/18\/encuesta-ef-xochitl-galvez-despunta-en-preferencia-para-definir-candidatura\/#breadcrumb"},"inLanguage":"es","potentialAction":[{"@type":"ReadAction","target":["https:\/\/fuentesfidedignas.com.mx\/index.php\/2023\/07\/18\/encuesta-ef-xochitl-galvez-despunta-en-preferencia-para-definir-candidatura\/"]}]},{"@type":"ImageObject","inLanguage":"es","@id":"https:\/\/fuentesfidedignas.com.mx\/index.php\/2023\/07\/18\/encuesta-ef-xochitl-galvez-despunta-en-preferencia-para-definir-candidatura\/#primaryimage","url":"https:\/\/fuentesfidedignas.com.mx\/wp-content\/uploads\/2023\/07\/JOLRWRSPKNFGLIYUIOUKRCOPMA.jpeg","contentUrl":"https:\/\/fuentesfidedignas.com.mx\/wp-content\/uploads\/2023\/07\/JOLRWRSPKNFGLIYUIOUKRCOPMA.jpeg","width":800,"height":450},{"@type":"BreadcrumbList","@id":"https:\/\/fuentesfidedignas.com.mx\/index.php\/2023\/07\/18\/encuesta-ef-xochitl-galvez-despunta-en-preferencia-para-definir-candidatura\/#breadcrumb","itemListElement":[{"@type":"ListItem","position":1,"name":"Inicio","item":"https:\/\/fuentesfidedignas.com.mx\/"},{"@type":"ListItem","position":2,"name":"Encuesta EF: X\u00f3chitl G\u00e1lvez despunta en preferencia para definir candidatura"}]},{"@type":"WebSite","@id":"https:\/\/fuentesfidedignas.com.mx\/#website","url":"https:\/\/fuentesfidedignas.com.mx\/","name":"Fuentes Fidedignas","description":"Otro sitio realizado con WordPress","publisher":{"@id":"https:\/\/fuentesfidedignas.com.mx\/#organization"},"potentialAction":[{"@type":"SearchAction","target":{"@type":"EntryPoint","urlTemplate":"https:\/\/fuentesfidedignas.com.mx\/?s={search_term_string}"},"query-input":{"@type":"PropertyValueSpecification","valueRequired":true,"valueName":"search_term_string"}}],"inLanguage":"es"},{"@type":"Organization","@id":"https:\/\/fuentesfidedignas.com.mx\/#organization","name":"Fuentes Fidedignas","url":"https:\/\/fuentesfidedignas.com.mx\/","logo":{"@type":"ImageObject","inLanguage":"es","@id":"https:\/\/fuentesfidedignas.com.mx\/#\/schema\/logo\/image\/","url":"https:\/\/fuentesfidedignas.com.mx\/wp-content\/uploads\/2021\/04\/logo-retina.png","contentUrl":"https:\/\/fuentesfidedignas.com.mx\/wp-content\/uploads\/2021\/04\/logo-retina.png","width":280,"height":51,"caption":"Fuentes Fidedignas"},"image":{"@id":"https:\/\/fuentesfidedignas.com.mx\/#\/schema\/logo\/image\/"},"sameAs":["https:\/\/www.facebook.com\/Fuentes-Fidedignas-368234489921644","https:\/\/x.com\/fidedignas"]},{"@type":"Person","@id":"https:\/\/fuentesfidedignas.com.mx\/#\/schema\/person\/494f7e0dce8dfaaec5b64f16615b78e9","name":"El Financiero","image":{"@type":"ImageObject","inLanguage":"es","@id":"https:\/\/secure.gravatar.com\/avatar\/88c0f3f2079389318ef8dd35c22cb997212aa89646e357ba59b318db26ed91a9?s=96&d=mm&r=g","url":"https:\/\/secure.gravatar.com\/avatar\/88c0f3f2079389318ef8dd35c22cb997212aa89646e357ba59b318db26ed91a9?s=96&d=mm&r=g","contentUrl":"https:\/\/secure.gravatar.com\/avatar\/88c0f3f2079389318ef8dd35c22cb997212aa89646e357ba59b318db26ed91a9?s=96&d=mm&r=g","caption":"El Financiero"},"url":"https:\/\/fuentesfidedignas.com.mx\/index.php\/author\/financiero\/"}]}},"_links":{"self":[{"href":"https:\/\/fuentesfidedignas.com.mx\/index.php\/wp-json\/wp\/v2\/posts\/53073","targetHints":{"allow":["GET"]}}],"collection":[{"href":"https:\/\/fuentesfidedignas.com.mx\/index.php\/wp-json\/wp\/v2\/posts"}],"about":[{"href":"https:\/\/fuentesfidedignas.com.mx\/index.php\/wp-json\/wp\/v2\/types\/post"}],"author":[{"embeddable":true,"href":"https:\/\/fuentesfidedignas.com.mx\/index.php\/wp-json\/wp\/v2\/users\/21"}],"replies":[{"embeddable":true,"href":"https:\/\/fuentesfidedignas.com.mx\/index.php\/wp-json\/wp\/v2\/comments?post=53073"}],"version-history":[{"count":1,"href":"https:\/\/fuentesfidedignas.com.mx\/index.php\/wp-json\/wp\/v2\/posts\/53073\/revisions"}],"predecessor-version":[{"id":53074,"href":"https:\/\/fuentesfidedignas.com.mx\/index.php\/wp-json\/wp\/v2\/posts\/53073\/revisions\/53074"}],"wp:featuredmedia":[{"embeddable":true,"href":"https:\/\/fuentesfidedignas.com.mx\/index.php\/wp-json\/wp\/v2\/media\/53075"}],"wp:attachment":[{"href":"https:\/\/fuentesfidedignas.com.mx\/index.php\/wp-json\/wp\/v2\/media?parent=53073"}],"wp:term":[{"taxonomy":"category","embeddable":true,"href":"https:\/\/fuentesfidedignas.com.mx\/index.php\/wp-json\/wp\/v2\/categories?post=53073"},{"taxonomy":"post_tag","embeddable":true,"href":"https:\/\/fuentesfidedignas.com.mx\/index.php\/wp-json\/wp\/v2\/tags?post=53073"}],"curies":[{"name":"wp","href":"https:\/\/api.w.org\/{rel}","templated":true}]}}