{"id":53026,"date":"2023-07-17T16:03:04","date_gmt":"2023-07-17T23:03:04","guid":{"rendered":"https:\/\/fuentesfidedignas.com.mx\/?p=53026"},"modified":"2023-07-17T16:03:53","modified_gmt":"2023-07-17T23:03:53","slug":"asiste-edgar-gonzalez-a-sesion-ordinaria-del-consejo-estatal-de-seguridad-publica","status":"publish","type":"post","link":"https:\/\/fuentesfidedignas.com.mx\/index.php\/2023\/07\/17\/asiste-edgar-gonzalez-a-sesion-ordinaria-del-consejo-estatal-de-seguridad-publica\/","title":{"rendered":"Asiste Edgar Gonz\u00e1lez a sesi\u00f3n ordinaria del Consejo Estatal de Seguridad P\u00fablica"},"content":{"rendered":"\n<p><em>El evento fue presidido por el Gobernador Rub\u00e9n Rocha Moya.<\/em><\/p>\n\n\n\n<p>Culiac\u00e1n, Sin.- En sesi\u00f3n ordinaria del Consejo Estatal de Seguridad P\u00fablica, este lunes se abordaron temas de suma relevancia para las corporaciones de seguridad del Estado y los Municipios.<\/p>\n\n\n\n<p>Edgar Gonz\u00e1lez, Alcalde de Mazatl\u00e1n asisti\u00f3 a la reuni\u00f3n encabezada por el Gobernador Rub\u00e9n Rocha Moya, a la que asistieron los Presidentes Municipales y titulares de las corporaciones de seguridad p\u00fablica.<\/p>\n\n\n\n<figure class=\"wp-block-image size-full\"><img decoding=\"async\" width=\"1024\" height=\"705\" src=\"https:\/\/fuentesfidedignas.com.mx\/wp-content\/uploads\/2023\/07\/1000094163.jpg\" alt=\"\" class=\"wp-image-53014\" srcset=\"https:\/\/fuentesfidedignas.com.mx\/wp-content\/uploads\/2023\/07\/1000094163.jpg 1024w, https:\/\/fuentesfidedignas.com.mx\/wp-content\/uploads\/2023\/07\/1000094163-300x207.jpg 300w, https:\/\/fuentesfidedignas.com.mx\/wp-content\/uploads\/2023\/07\/1000094163-768x529.jpg 768w\" sizes=\"(max-width: 1024px) 100vw, 1024px\" \/><\/figure>\n\n\n\n<p>Entre los temas abordados, estuvieron las reglas de operaci\u00f3n del FOFISP, Fondo para el Fortalecimiento de las Instituciones de Seguridad P\u00fablica, c\u00f3mo se distribuir\u00e1 el recurso en beneficio de las corporaciones en Sinaloa, en cuanto a capacitaci\u00f3n de elementos y compra de veh\u00edculos.<\/p>\n\n\n\n<p>Se habl\u00f3 tambi\u00e9n del cumplimento que los municipios han tenido en la aplicaci\u00f3n del recurso de FORTAMUN en la atenci\u00f3n de las necesidades directamente vinculadas a la seguridad p\u00fablica.<\/p>\n\n\n\n<p>Aunado a esto se analiz\u00f3 el resultado que hasta ahora han tenido los municipios en materia de prevenci\u00f3n del delito y las estrategias a reforzar para mejorar dichos resultados en todo Sinaloa.<\/p>\n","protected":false},"excerpt":{"rendered":"<p>El evento fue presidido por el Gobernador Rub\u00e9n Rocha Moya. Culiac\u00e1n, Sin.- En sesi\u00f3n ordinaria del Consejo Estatal de Seguridad P\u00fablica, este lunes se abordaron temas de suma relevancia para las corporaciones de seguridad del Estado y los Municipios. Edgar Gonz\u00e1lez, Alcalde de Mazatl\u00e1n asisti\u00f3 a la reuni\u00f3n encabezada por el Gobernador Rub\u00e9n Rocha Moya, [&hellip;]<\/p>\n","protected":false},"author":4,"featured_media":53024,"comment_status":"open","ping_status":"open","sticky":false,"template":"","format":"standard","meta":{"tdm_status":"","tdm_grid_status":"","footnotes":""},"categories":[1],"tags":[],"class_list":{"0":"post-53026","1":"post","2":"type-post","3":"status-publish","4":"format-standard","5":"has-post-thumbnail","7":"category-sin-categoria"},"yoast_head":"<!-- This site is optimized with the Yoast SEO plugin v27.5 - https:\/\/yoast.com\/product\/yoast-seo-wordpress\/ -->\n<title>Asiste Edgar Gonz\u00e1lez a sesi\u00f3n ordinaria del Consejo Estatal de Seguridad P\u00fablica - Fuentes Fidedignas<\/title>\n<meta name=\"robots\" content=\"index, follow, max-snippet:-1, max-image-preview:large, max-video-preview:-1\" \/>\n<link rel=\"canonical\" href=\"https:\/\/fuentesfidedignas.com.mx\/index.php\/2023\/07\/17\/asiste-edgar-gonzalez-a-sesion-ordinaria-del-consejo-estatal-de-seguridad-publica\/\" \/>\n<meta property=\"og:locale\" content=\"es_MX\" \/>\n<meta property=\"og:type\" content=\"article\" \/>\n<meta property=\"og:title\" content=\"Asiste Edgar Gonz\u00e1lez a sesi\u00f3n ordinaria del Consejo Estatal de Seguridad P\u00fablica - Fuentes Fidedignas\" \/>\n<meta property=\"og:description\" content=\"El evento fue presidido por el Gobernador Rub\u00e9n Rocha Moya. Culiac\u00e1n, Sin.- En sesi\u00f3n ordinaria del Consejo Estatal de Seguridad P\u00fablica, este lunes se abordaron temas de suma relevancia para las corporaciones de seguridad del Estado y los Municipios. Edgar Gonz\u00e1lez, Alcalde de Mazatl\u00e1n asisti\u00f3 a la reuni\u00f3n encabezada por el Gobernador Rub\u00e9n Rocha Moya, [&hellip;]\" \/>\n<meta property=\"og:url\" content=\"https:\/\/fuentesfidedignas.com.mx\/index.php\/2023\/07\/17\/asiste-edgar-gonzalez-a-sesion-ordinaria-del-consejo-estatal-de-seguridad-publica\/\" \/>\n<meta property=\"og:site_name\" content=\"Fuentes Fidedignas\" \/>\n<meta property=\"article:publisher\" content=\"https:\/\/www.facebook.com\/Fuentes-Fidedignas-368234489921644\" \/>\n<meta property=\"article:published_time\" content=\"2023-07-17T23:03:04+00:00\" \/>\n<meta property=\"article:modified_time\" content=\"2023-07-17T23:03:53+00:00\" \/>\n<meta property=\"og:image\" content=\"https:\/\/fuentesfidedignas.com.mx\/wp-content\/uploads\/2023\/07\/1000094226.jpg\" \/>\n\t<meta property=\"og:image:width\" content=\"1024\" \/>\n\t<meta property=\"og:image:height\" content=\"768\" \/>\n\t<meta property=\"og:image:type\" content=\"image\/jpeg\" \/>\n<meta name=\"author\" content=\"Redacci\u00f3n\" \/>\n<meta name=\"twitter:card\" content=\"summary_large_image\" \/>\n<meta name=\"twitter:creator\" content=\"@fidedignas\" \/>\n<meta name=\"twitter:site\" content=\"@fidedignas\" \/>\n<meta name=\"twitter:label1\" content=\"Escrito por\" \/>\n\t<meta name=\"twitter:data1\" content=\"Redacci\u00f3n\" \/>\n\t<meta name=\"twitter:label2\" content=\"Tiempo de lectura\" \/>\n\t<meta name=\"twitter:data2\" content=\"1 minuto\" \/>\n<script type=\"application\/ld+json\" class=\"yoast-schema-graph\">{\"@context\":\"https:\\\/\\\/schema.org\",\"@graph\":[{\"@type\":\"Article\",\"@id\":\"https:\\\/\\\/fuentesfidedignas.com.mx\\\/index.php\\\/2023\\\/07\\\/17\\\/asiste-edgar-gonzalez-a-sesion-ordinaria-del-consejo-estatal-de-seguridad-publica\\\/#article\",\"isPartOf\":{\"@id\":\"https:\\\/\\\/fuentesfidedignas.com.mx\\\/index.php\\\/2023\\\/07\\\/17\\\/asiste-edgar-gonzalez-a-sesion-ordinaria-del-consejo-estatal-de-seguridad-publica\\\/\"},\"author\":{\"name\":\"Redacci\u00f3n\",\"@id\":\"https:\\\/\\\/fuentesfidedignas.com.mx\\\/#\\\/schema\\\/person\\\/331be9283d37198e2acd5750279085b0\"},\"headline\":\"Asiste Edgar Gonz\u00e1lez a sesi\u00f3n ordinaria del Consejo Estatal de Seguridad P\u00fablica\",\"datePublished\":\"2023-07-17T23:03:04+00:00\",\"dateModified\":\"2023-07-17T23:03:53+00:00\",\"mainEntityOfPage\":{\"@id\":\"https:\\\/\\\/fuentesfidedignas.com.mx\\\/index.php\\\/2023\\\/07\\\/17\\\/asiste-edgar-gonzalez-a-sesion-ordinaria-del-consejo-estatal-de-seguridad-publica\\\/\"},\"wordCount\":209,\"commentCount\":0,\"publisher\":{\"@id\":\"https:\\\/\\\/fuentesfidedignas.com.mx\\\/#organization\"},\"image\":{\"@id\":\"https:\\\/\\\/fuentesfidedignas.com.mx\\\/index.php\\\/2023\\\/07\\\/17\\\/asiste-edgar-gonzalez-a-sesion-ordinaria-del-consejo-estatal-de-seguridad-publica\\\/#primaryimage\"},\"thumbnailUrl\":\"https:\\\/\\\/fuentesfidedignas.com.mx\\\/wp-content\\\/uploads\\\/2023\\\/07\\\/1000094226.jpg\",\"inLanguage\":\"es\",\"potentialAction\":[{\"@type\":\"CommentAction\",\"name\":\"Comment\",\"target\":[\"https:\\\/\\\/fuentesfidedignas.com.mx\\\/index.php\\\/2023\\\/07\\\/17\\\/asiste-edgar-gonzalez-a-sesion-ordinaria-del-consejo-estatal-de-seguridad-publica\\\/#respond\"]}]},{\"@type\":\"WebPage\",\"@id\":\"https:\\\/\\\/fuentesfidedignas.com.mx\\\/index.php\\\/2023\\\/07\\\/17\\\/asiste-edgar-gonzalez-a-sesion-ordinaria-del-consejo-estatal-de-seguridad-publica\\\/\",\"url\":\"https:\\\/\\\/fuentesfidedignas.com.mx\\\/index.php\\\/2023\\\/07\\\/17\\\/asiste-edgar-gonzalez-a-sesion-ordinaria-del-consejo-estatal-de-seguridad-publica\\\/\",\"name\":\"Asiste Edgar Gonz\u00e1lez a sesi\u00f3n ordinaria del Consejo Estatal de Seguridad P\u00fablica - Fuentes Fidedignas\",\"isPartOf\":{\"@id\":\"https:\\\/\\\/fuentesfidedignas.com.mx\\\/#website\"},\"primaryImageOfPage\":{\"@id\":\"https:\\\/\\\/fuentesfidedignas.com.mx\\\/index.php\\\/2023\\\/07\\\/17\\\/asiste-edgar-gonzalez-a-sesion-ordinaria-del-consejo-estatal-de-seguridad-publica\\\/#primaryimage\"},\"image\":{\"@id\":\"https:\\\/\\\/fuentesfidedignas.com.mx\\\/index.php\\\/2023\\\/07\\\/17\\\/asiste-edgar-gonzalez-a-sesion-ordinaria-del-consejo-estatal-de-seguridad-publica\\\/#primaryimage\"},\"thumbnailUrl\":\"https:\\\/\\\/fuentesfidedignas.com.mx\\\/wp-content\\\/uploads\\\/2023\\\/07\\\/1000094226.jpg\",\"datePublished\":\"2023-07-17T23:03:04+00:00\",\"dateModified\":\"2023-07-17T23:03:53+00:00\",\"breadcrumb\":{\"@id\":\"https:\\\/\\\/fuentesfidedignas.com.mx\\\/index.php\\\/2023\\\/07\\\/17\\\/asiste-edgar-gonzalez-a-sesion-ordinaria-del-consejo-estatal-de-seguridad-publica\\\/#breadcrumb\"},\"inLanguage\":\"es\",\"potentialAction\":[{\"@type\":\"ReadAction\",\"target\":[\"https:\\\/\\\/fuentesfidedignas.com.mx\\\/index.php\\\/2023\\\/07\\\/17\\\/asiste-edgar-gonzalez-a-sesion-ordinaria-del-consejo-estatal-de-seguridad-publica\\\/\"]}]},{\"@type\":\"ImageObject\",\"inLanguage\":\"es\",\"@id\":\"https:\\\/\\\/fuentesfidedignas.com.mx\\\/index.php\\\/2023\\\/07\\\/17\\\/asiste-edgar-gonzalez-a-sesion-ordinaria-del-consejo-estatal-de-seguridad-publica\\\/#primaryimage\",\"url\":\"https:\\\/\\\/fuentesfidedignas.com.mx\\\/wp-content\\\/uploads\\\/2023\\\/07\\\/1000094226.jpg\",\"contentUrl\":\"https:\\\/\\\/fuentesfidedignas.com.mx\\\/wp-content\\\/uploads\\\/2023\\\/07\\\/1000094226.jpg\",\"width\":1024,\"height\":768},{\"@type\":\"BreadcrumbList\",\"@id\":\"https:\\\/\\\/fuentesfidedignas.com.mx\\\/index.php\\\/2023\\\/07\\\/17\\\/asiste-edgar-gonzalez-a-sesion-ordinaria-del-consejo-estatal-de-seguridad-publica\\\/#breadcrumb\",\"itemListElement\":[{\"@type\":\"ListItem\",\"position\":1,\"name\":\"Inicio\",\"item\":\"https:\\\/\\\/fuentesfidedignas.com.mx\\\/\"},{\"@type\":\"ListItem\",\"position\":2,\"name\":\"Asiste Edgar Gonz\u00e1lez a sesi\u00f3n ordinaria del Consejo Estatal de Seguridad P\u00fablica\"}]},{\"@type\":\"WebSite\",\"@id\":\"https:\\\/\\\/fuentesfidedignas.com.mx\\\/#website\",\"url\":\"https:\\\/\\\/fuentesfidedignas.com.mx\\\/\",\"name\":\"Fuentes Fidedignas\",\"description\":\"Otro sitio realizado con WordPress\",\"publisher\":{\"@id\":\"https:\\\/\\\/fuentesfidedignas.com.mx\\\/#organization\"},\"potentialAction\":[{\"@type\":\"SearchAction\",\"target\":{\"@type\":\"EntryPoint\",\"urlTemplate\":\"https:\\\/\\\/fuentesfidedignas.com.mx\\\/?s={search_term_string}\"},\"query-input\":{\"@type\":\"PropertyValueSpecification\",\"valueRequired\":true,\"valueName\":\"search_term_string\"}}],\"inLanguage\":\"es\"},{\"@type\":\"Organization\",\"@id\":\"https:\\\/\\\/fuentesfidedignas.com.mx\\\/#organization\",\"name\":\"Fuentes Fidedignas\",\"url\":\"https:\\\/\\\/fuentesfidedignas.com.mx\\\/\",\"logo\":{\"@type\":\"ImageObject\",\"inLanguage\":\"es\",\"@id\":\"https:\\\/\\\/fuentesfidedignas.com.mx\\\/#\\\/schema\\\/logo\\\/image\\\/\",\"url\":\"https:\\\/\\\/fuentesfidedignas.com.mx\\\/wp-content\\\/uploads\\\/2021\\\/04\\\/logo-retina.png\",\"contentUrl\":\"https:\\\/\\\/fuentesfidedignas.com.mx\\\/wp-content\\\/uploads\\\/2021\\\/04\\\/logo-retina.png\",\"width\":280,\"height\":51,\"caption\":\"Fuentes Fidedignas\"},\"image\":{\"@id\":\"https:\\\/\\\/fuentesfidedignas.com.mx\\\/#\\\/schema\\\/logo\\\/image\\\/\"},\"sameAs\":[\"https:\\\/\\\/www.facebook.com\\\/Fuentes-Fidedignas-368234489921644\",\"https:\\\/\\\/x.com\\\/fidedignas\"]},{\"@type\":\"Person\",\"@id\":\"https:\\\/\\\/fuentesfidedignas.com.mx\\\/#\\\/schema\\\/person\\\/331be9283d37198e2acd5750279085b0\",\"name\":\"Redacci\u00f3n\",\"image\":{\"@type\":\"ImageObject\",\"inLanguage\":\"es\",\"@id\":\"https:\\\/\\\/secure.gravatar.com\\\/avatar\\\/f6d8782c11d12b2d4ad3fbb6931aeab5309937a4d6cd2fc9cfaa28a6396a5aec?s=96&d=mm&r=g\",\"url\":\"https:\\\/\\\/secure.gravatar.com\\\/avatar\\\/f6d8782c11d12b2d4ad3fbb6931aeab5309937a4d6cd2fc9cfaa28a6396a5aec?s=96&d=mm&r=g\",\"contentUrl\":\"https:\\\/\\\/secure.gravatar.com\\\/avatar\\\/f6d8782c11d12b2d4ad3fbb6931aeab5309937a4d6cd2fc9cfaa28a6396a5aec?s=96&d=mm&r=g\",\"caption\":\"Redacci\u00f3n\"},\"url\":\"https:\\\/\\\/fuentesfidedignas.com.mx\\\/index.php\\\/author\\\/redaccion\\\/\"}]}<\/script>\n<!-- \/ Yoast SEO plugin. -->","yoast_head_json":{"title":"Asiste Edgar Gonz\u00e1lez a sesi\u00f3n ordinaria del Consejo Estatal de Seguridad P\u00fablica - Fuentes Fidedignas","robots":{"index":"index","follow":"follow","max-snippet":"max-snippet:-1","max-image-preview":"max-image-preview:large","max-video-preview":"max-video-preview:-1"},"canonical":"https:\/\/fuentesfidedignas.com.mx\/index.php\/2023\/07\/17\/asiste-edgar-gonzalez-a-sesion-ordinaria-del-consejo-estatal-de-seguridad-publica\/","og_locale":"es_MX","og_type":"article","og_title":"Asiste Edgar Gonz\u00e1lez a sesi\u00f3n ordinaria del Consejo Estatal de Seguridad P\u00fablica - Fuentes Fidedignas","og_description":"El evento fue presidido por el Gobernador Rub\u00e9n Rocha Moya. Culiac\u00e1n, Sin.- En sesi\u00f3n ordinaria del Consejo Estatal de Seguridad P\u00fablica, este lunes se abordaron temas de suma relevancia para las corporaciones de seguridad del Estado y los Municipios. Edgar Gonz\u00e1lez, Alcalde de Mazatl\u00e1n asisti\u00f3 a la reuni\u00f3n encabezada por el Gobernador Rub\u00e9n Rocha Moya, [&hellip;]","og_url":"https:\/\/fuentesfidedignas.com.mx\/index.php\/2023\/07\/17\/asiste-edgar-gonzalez-a-sesion-ordinaria-del-consejo-estatal-de-seguridad-publica\/","og_site_name":"Fuentes Fidedignas","article_publisher":"https:\/\/www.facebook.com\/Fuentes-Fidedignas-368234489921644","article_published_time":"2023-07-17T23:03:04+00:00","article_modified_time":"2023-07-17T23:03:53+00:00","og_image":[{"width":1024,"height":768,"url":"https:\/\/fuentesfidedignas.com.mx\/wp-content\/uploads\/2023\/07\/1000094226.jpg","type":"image\/jpeg"}],"author":"Redacci\u00f3n","twitter_card":"summary_large_image","twitter_creator":"@fidedignas","twitter_site":"@fidedignas","twitter_misc":{"Escrito por":"Redacci\u00f3n","Tiempo de lectura":"1 minuto"},"schema":{"@context":"https:\/\/schema.org","@graph":[{"@type":"Article","@id":"https:\/\/fuentesfidedignas.com.mx\/index.php\/2023\/07\/17\/asiste-edgar-gonzalez-a-sesion-ordinaria-del-consejo-estatal-de-seguridad-publica\/#article","isPartOf":{"@id":"https:\/\/fuentesfidedignas.com.mx\/index.php\/2023\/07\/17\/asiste-edgar-gonzalez-a-sesion-ordinaria-del-consejo-estatal-de-seguridad-publica\/"},"author":{"name":"Redacci\u00f3n","@id":"https:\/\/fuentesfidedignas.com.mx\/#\/schema\/person\/331be9283d37198e2acd5750279085b0"},"headline":"Asiste Edgar Gonz\u00e1lez a sesi\u00f3n ordinaria del Consejo Estatal de Seguridad P\u00fablica","datePublished":"2023-07-17T23:03:04+00:00","dateModified":"2023-07-17T23:03:53+00:00","mainEntityOfPage":{"@id":"https:\/\/fuentesfidedignas.com.mx\/index.php\/2023\/07\/17\/asiste-edgar-gonzalez-a-sesion-ordinaria-del-consejo-estatal-de-seguridad-publica\/"},"wordCount":209,"commentCount":0,"publisher":{"@id":"https:\/\/fuentesfidedignas.com.mx\/#organization"},"image":{"@id":"https:\/\/fuentesfidedignas.com.mx\/index.php\/2023\/07\/17\/asiste-edgar-gonzalez-a-sesion-ordinaria-del-consejo-estatal-de-seguridad-publica\/#primaryimage"},"thumbnailUrl":"https:\/\/fuentesfidedignas.com.mx\/wp-content\/uploads\/2023\/07\/1000094226.jpg","inLanguage":"es","potentialAction":[{"@type":"CommentAction","name":"Comment","target":["https:\/\/fuentesfidedignas.com.mx\/index.php\/2023\/07\/17\/asiste-edgar-gonzalez-a-sesion-ordinaria-del-consejo-estatal-de-seguridad-publica\/#respond"]}]},{"@type":"WebPage","@id":"https:\/\/fuentesfidedignas.com.mx\/index.php\/2023\/07\/17\/asiste-edgar-gonzalez-a-sesion-ordinaria-del-consejo-estatal-de-seguridad-publica\/","url":"https:\/\/fuentesfidedignas.com.mx\/index.php\/2023\/07\/17\/asiste-edgar-gonzalez-a-sesion-ordinaria-del-consejo-estatal-de-seguridad-publica\/","name":"Asiste Edgar Gonz\u00e1lez a sesi\u00f3n ordinaria del Consejo Estatal de Seguridad P\u00fablica - Fuentes Fidedignas","isPartOf":{"@id":"https:\/\/fuentesfidedignas.com.mx\/#website"},"primaryImageOfPage":{"@id":"https:\/\/fuentesfidedignas.com.mx\/index.php\/2023\/07\/17\/asiste-edgar-gonzalez-a-sesion-ordinaria-del-consejo-estatal-de-seguridad-publica\/#primaryimage"},"image":{"@id":"https:\/\/fuentesfidedignas.com.mx\/index.php\/2023\/07\/17\/asiste-edgar-gonzalez-a-sesion-ordinaria-del-consejo-estatal-de-seguridad-publica\/#primaryimage"},"thumbnailUrl":"https:\/\/fuentesfidedignas.com.mx\/wp-content\/uploads\/2023\/07\/1000094226.jpg","datePublished":"2023-07-17T23:03:04+00:00","dateModified":"2023-07-17T23:03:53+00:00","breadcrumb":{"@id":"https:\/\/fuentesfidedignas.com.mx\/index.php\/2023\/07\/17\/asiste-edgar-gonzalez-a-sesion-ordinaria-del-consejo-estatal-de-seguridad-publica\/#breadcrumb"},"inLanguage":"es","potentialAction":[{"@type":"ReadAction","target":["https:\/\/fuentesfidedignas.com.mx\/index.php\/2023\/07\/17\/asiste-edgar-gonzalez-a-sesion-ordinaria-del-consejo-estatal-de-seguridad-publica\/"]}]},{"@type":"ImageObject","inLanguage":"es","@id":"https:\/\/fuentesfidedignas.com.mx\/index.php\/2023\/07\/17\/asiste-edgar-gonzalez-a-sesion-ordinaria-del-consejo-estatal-de-seguridad-publica\/#primaryimage","url":"https:\/\/fuentesfidedignas.com.mx\/wp-content\/uploads\/2023\/07\/1000094226.jpg","contentUrl":"https:\/\/fuentesfidedignas.com.mx\/wp-content\/uploads\/2023\/07\/1000094226.jpg","width":1024,"height":768},{"@type":"BreadcrumbList","@id":"https:\/\/fuentesfidedignas.com.mx\/index.php\/2023\/07\/17\/asiste-edgar-gonzalez-a-sesion-ordinaria-del-consejo-estatal-de-seguridad-publica\/#breadcrumb","itemListElement":[{"@type":"ListItem","position":1,"name":"Inicio","item":"https:\/\/fuentesfidedignas.com.mx\/"},{"@type":"ListItem","position":2,"name":"Asiste Edgar Gonz\u00e1lez a sesi\u00f3n ordinaria del Consejo Estatal de Seguridad P\u00fablica"}]},{"@type":"WebSite","@id":"https:\/\/fuentesfidedignas.com.mx\/#website","url":"https:\/\/fuentesfidedignas.com.mx\/","name":"Fuentes Fidedignas","description":"Otro sitio realizado con WordPress","publisher":{"@id":"https:\/\/fuentesfidedignas.com.mx\/#organization"},"potentialAction":[{"@type":"SearchAction","target":{"@type":"EntryPoint","urlTemplate":"https:\/\/fuentesfidedignas.com.mx\/?s={search_term_string}"},"query-input":{"@type":"PropertyValueSpecification","valueRequired":true,"valueName":"search_term_string"}}],"inLanguage":"es"},{"@type":"Organization","@id":"https:\/\/fuentesfidedignas.com.mx\/#organization","name":"Fuentes Fidedignas","url":"https:\/\/fuentesfidedignas.com.mx\/","logo":{"@type":"ImageObject","inLanguage":"es","@id":"https:\/\/fuentesfidedignas.com.mx\/#\/schema\/logo\/image\/","url":"https:\/\/fuentesfidedignas.com.mx\/wp-content\/uploads\/2021\/04\/logo-retina.png","contentUrl":"https:\/\/fuentesfidedignas.com.mx\/wp-content\/uploads\/2021\/04\/logo-retina.png","width":280,"height":51,"caption":"Fuentes Fidedignas"},"image":{"@id":"https:\/\/fuentesfidedignas.com.mx\/#\/schema\/logo\/image\/"},"sameAs":["https:\/\/www.facebook.com\/Fuentes-Fidedignas-368234489921644","https:\/\/x.com\/fidedignas"]},{"@type":"Person","@id":"https:\/\/fuentesfidedignas.com.mx\/#\/schema\/person\/331be9283d37198e2acd5750279085b0","name":"Redacci\u00f3n","image":{"@type":"ImageObject","inLanguage":"es","@id":"https:\/\/secure.gravatar.com\/avatar\/f6d8782c11d12b2d4ad3fbb6931aeab5309937a4d6cd2fc9cfaa28a6396a5aec?s=96&d=mm&r=g","url":"https:\/\/secure.gravatar.com\/avatar\/f6d8782c11d12b2d4ad3fbb6931aeab5309937a4d6cd2fc9cfaa28a6396a5aec?s=96&d=mm&r=g","contentUrl":"https:\/\/secure.gravatar.com\/avatar\/f6d8782c11d12b2d4ad3fbb6931aeab5309937a4d6cd2fc9cfaa28a6396a5aec?s=96&d=mm&r=g","caption":"Redacci\u00f3n"},"url":"https:\/\/fuentesfidedignas.com.mx\/index.php\/author\/redaccion\/"}]}},"_links":{"self":[{"href":"https:\/\/fuentesfidedignas.com.mx\/index.php\/wp-json\/wp\/v2\/posts\/53026","targetHints":{"allow":["GET"]}}],"collection":[{"href":"https:\/\/fuentesfidedignas.com.mx\/index.php\/wp-json\/wp\/v2\/posts"}],"about":[{"href":"https:\/\/fuentesfidedignas.com.mx\/index.php\/wp-json\/wp\/v2\/types\/post"}],"author":[{"embeddable":true,"href":"https:\/\/fuentesfidedignas.com.mx\/index.php\/wp-json\/wp\/v2\/users\/4"}],"replies":[{"embeddable":true,"href":"https:\/\/fuentesfidedignas.com.mx\/index.php\/wp-json\/wp\/v2\/comments?post=53026"}],"version-history":[{"count":1,"href":"https:\/\/fuentesfidedignas.com.mx\/index.php\/wp-json\/wp\/v2\/posts\/53026\/revisions"}],"predecessor-version":[{"id":53027,"href":"https:\/\/fuentesfidedignas.com.mx\/index.php\/wp-json\/wp\/v2\/posts\/53026\/revisions\/53027"}],"wp:featuredmedia":[{"embeddable":true,"href":"https:\/\/fuentesfidedignas.com.mx\/index.php\/wp-json\/wp\/v2\/media\/53024"}],"wp:attachment":[{"href":"https:\/\/fuentesfidedignas.com.mx\/index.php\/wp-json\/wp\/v2\/media?parent=53026"}],"wp:term":[{"taxonomy":"category","embeddable":true,"href":"https:\/\/fuentesfidedignas.com.mx\/index.php\/wp-json\/wp\/v2\/categories?post=53026"},{"taxonomy":"post_tag","embeddable":true,"href":"https:\/\/fuentesfidedignas.com.mx\/index.php\/wp-json\/wp\/v2\/tags?post=53026"}],"curies":[{"name":"wp","href":"https:\/\/api.w.org\/{rel}","templated":true}]}}