{"id":52902,"date":"2023-07-15T19:54:13","date_gmt":"2023-07-16T02:54:13","guid":{"rendered":"https:\/\/fuentesfidedignas.com.mx\/?p=52902"},"modified":"2023-07-15T19:55:07","modified_gmt":"2023-07-16T02:55:07","slug":"dejan-corona-de-flores-y-partes-mutiladas-en-una-floreria-de-los-mochis","status":"publish","type":"post","link":"https:\/\/fuentesfidedignas.com.mx\/index.php\/2023\/07\/15\/dejan-corona-de-flores-y-partes-mutiladas-en-una-floreria-de-los-mochis\/","title":{"rendered":"Dejan corona de flores y partes mutiladas en una florer\u00eda de Los Mochis"},"content":{"rendered":"\n<p><br><strong><em>Los restos fueron dejados dentro de una caja de madera con un mo\u00f1o en forma de regalo<\/em><\/strong><\/p>\n\n\n\n<p>Una corona f\u00fanebre y partes mutiladas fueron dejadas a afuera de una florer\u00eda en la ciudad de Los Mochis, Sinaloa, la misma que fue atacada a balazos hace unos meses, y de donde huyeron un par de polic\u00edas durante la agresi\u00f3n.<\/p>\n\n\n\n<p>La corona ten\u00eda un mensaje intimidatorio y fue recargada en el acceso a la bodega, y debajo de ella, una caja de madera con un mo\u00f1o azul, tipo regalo.<\/p>\n\n\n\n<p>Al lugar acudieron elementos de las distintas corporaciones polic\u00edacas, los primeros en abrir la caja fueron los elementos de la Sedena, para descartar que se tratara de un explosivo, pero descubrieron que se trataba de partes genitales.<\/p>\n\n\n\n<p>Tambi\u00e9n acudieron elementos de la Fiscal\u00eda General del Estado, quienes ordenaron que los restos fueran enviados a una funeraria local para analizarlos, y determinar si se pertenecen a un cuerpo humano.<\/p>\n\n\n\n<p>Previo al D\u00eda de las Madres, sujetos armados arribaron a esa misma florer\u00eda y dispararon contra los empleados, quienes se encontraban empacando flores en la bodega. El incidente qued\u00f3 grabado en video y se escuchan gritos desde el interior, suplicando que dejen de disparar, porque hay ni\u00f1os adentro.<\/p>\n\n\n\n<p>Una patrulla de la Polic\u00eda de Ahome llega poco antes del ataque, y se retiran cuando empiezan a disparar. Las autoridades dijeron que se marcharon al ser superados en n\u00famero, para evitar un enfrentamiento.<\/p>\n\n\n\n<p>La ma\u00f1ana siguiente, en plano D\u00eda de las Madres, apareci\u00f3 una corona f\u00fanebre recargada en el mismo local, con un mensaje intimatorio.<\/p>\n\n\n\n<p>Hasta el momento se desconocen cu\u00e1les son los motivos de los ataques en contra de esta florer\u00eda de Los Mochis, ubicada en la zona centro de esta ciudad.<\/p>\n","protected":false},"excerpt":{"rendered":"<p>Los restos fueron dejados dentro de una caja de madera con un mo\u00f1o en forma de regalo Una corona f\u00fanebre y partes mutiladas fueron dejadas a afuera de una florer\u00eda en la ciudad de Los Mochis, Sinaloa, la misma que fue atacada a balazos hace unos meses, y de donde huyeron un par de polic\u00edas [&hellip;]<\/p>\n","protected":false},"author":7,"featured_media":52904,"comment_status":"open","ping_status":"open","sticky":false,"template":"","format":"standard","meta":{"tdm_status":"","tdm_grid_status":"","footnotes":""},"categories":[37,1],"tags":[],"class_list":{"0":"post-52902","1":"post","2":"type-post","3":"status-publish","4":"format-standard","5":"has-post-thumbnail","7":"category-nota-principal","8":"category-sin-categoria"},"yoast_head":"<!-- This site is optimized with the Yoast SEO plugin v27.5 - https:\/\/yoast.com\/product\/yoast-seo-wordpress\/ -->\n<title>Dejan corona de flores y partes mutiladas en una florer\u00eda de Los Mochis - Fuentes Fidedignas<\/title>\n<meta name=\"robots\" content=\"index, follow, max-snippet:-1, max-image-preview:large, max-video-preview:-1\" \/>\n<link rel=\"canonical\" href=\"https:\/\/fuentesfidedignas.com.mx\/index.php\/2023\/07\/15\/dejan-corona-de-flores-y-partes-mutiladas-en-una-floreria-de-los-mochis\/\" \/>\n<meta property=\"og:locale\" content=\"es_MX\" \/>\n<meta property=\"og:type\" content=\"article\" \/>\n<meta property=\"og:title\" content=\"Dejan corona de flores y partes mutiladas en una florer\u00eda de Los Mochis - Fuentes Fidedignas\" \/>\n<meta property=\"og:description\" content=\"Los restos fueron dejados dentro de una caja de madera con un mo\u00f1o en forma de regalo Una corona f\u00fanebre y partes mutiladas fueron dejadas a afuera de una florer\u00eda en la ciudad de Los Mochis, Sinaloa, la misma que fue atacada a balazos hace unos meses, y de donde huyeron un par de polic\u00edas [&hellip;]\" \/>\n<meta property=\"og:url\" content=\"https:\/\/fuentesfidedignas.com.mx\/index.php\/2023\/07\/15\/dejan-corona-de-flores-y-partes-mutiladas-en-una-floreria-de-los-mochis\/\" \/>\n<meta property=\"og:site_name\" content=\"Fuentes Fidedignas\" \/>\n<meta property=\"article:publisher\" content=\"https:\/\/www.facebook.com\/Fuentes-Fidedignas-368234489921644\" \/>\n<meta property=\"article:published_time\" content=\"2023-07-16T02:54:13+00:00\" \/>\n<meta property=\"article:modified_time\" content=\"2023-07-16T02:55:07+00:00\" \/>\n<meta property=\"og:image\" content=\"https:\/\/fuentesfidedignas.com.mx\/wp-content\/uploads\/2023\/07\/2978619.jpg\" \/>\n\t<meta property=\"og:image:width\" content=\"400\" \/>\n\t<meta property=\"og:image:height\" content=\"300\" \/>\n\t<meta property=\"og:image:type\" content=\"image\/jpeg\" \/>\n<meta name=\"author\" content=\"Exc\u00e9lsior\" \/>\n<meta name=\"twitter:card\" content=\"summary_large_image\" \/>\n<meta name=\"twitter:creator\" content=\"@fidedignas\" \/>\n<meta name=\"twitter:site\" content=\"@fidedignas\" \/>\n<meta name=\"twitter:label1\" content=\"Escrito por\" \/>\n\t<meta name=\"twitter:data1\" content=\"Exc\u00e9lsior\" \/>\n\t<meta name=\"twitter:label2\" content=\"Tiempo de lectura\" \/>\n\t<meta name=\"twitter:data2\" content=\"2 minutos\" \/>\n<script type=\"application\/ld+json\" class=\"yoast-schema-graph\">{\"@context\":\"https:\\\/\\\/schema.org\",\"@graph\":[{\"@type\":\"Article\",\"@id\":\"https:\\\/\\\/fuentesfidedignas.com.mx\\\/index.php\\\/2023\\\/07\\\/15\\\/dejan-corona-de-flores-y-partes-mutiladas-en-una-floreria-de-los-mochis\\\/#article\",\"isPartOf\":{\"@id\":\"https:\\\/\\\/fuentesfidedignas.com.mx\\\/index.php\\\/2023\\\/07\\\/15\\\/dejan-corona-de-flores-y-partes-mutiladas-en-una-floreria-de-los-mochis\\\/\"},\"author\":{\"name\":\"Exc\u00e9lsior\",\"@id\":\"https:\\\/\\\/fuentesfidedignas.com.mx\\\/#\\\/schema\\\/person\\\/ec4edd1fbf5efa3e44fce34fe2787780\"},\"headline\":\"Dejan corona de flores y partes mutiladas en una florer\u00eda de Los Mochis\",\"datePublished\":\"2023-07-16T02:54:13+00:00\",\"dateModified\":\"2023-07-16T02:55:07+00:00\",\"mainEntityOfPage\":{\"@id\":\"https:\\\/\\\/fuentesfidedignas.com.mx\\\/index.php\\\/2023\\\/07\\\/15\\\/dejan-corona-de-flores-y-partes-mutiladas-en-una-floreria-de-los-mochis\\\/\"},\"wordCount\":321,\"commentCount\":0,\"publisher\":{\"@id\":\"https:\\\/\\\/fuentesfidedignas.com.mx\\\/#organization\"},\"image\":{\"@id\":\"https:\\\/\\\/fuentesfidedignas.com.mx\\\/index.php\\\/2023\\\/07\\\/15\\\/dejan-corona-de-flores-y-partes-mutiladas-en-una-floreria-de-los-mochis\\\/#primaryimage\"},\"thumbnailUrl\":\"https:\\\/\\\/fuentesfidedignas.com.mx\\\/wp-content\\\/uploads\\\/2023\\\/07\\\/2978619.jpg\",\"articleSection\":[\"NOTA PRINCIPAL\"],\"inLanguage\":\"es\",\"potentialAction\":[{\"@type\":\"CommentAction\",\"name\":\"Comment\",\"target\":[\"https:\\\/\\\/fuentesfidedignas.com.mx\\\/index.php\\\/2023\\\/07\\\/15\\\/dejan-corona-de-flores-y-partes-mutiladas-en-una-floreria-de-los-mochis\\\/#respond\"]}]},{\"@type\":\"WebPage\",\"@id\":\"https:\\\/\\\/fuentesfidedignas.com.mx\\\/index.php\\\/2023\\\/07\\\/15\\\/dejan-corona-de-flores-y-partes-mutiladas-en-una-floreria-de-los-mochis\\\/\",\"url\":\"https:\\\/\\\/fuentesfidedignas.com.mx\\\/index.php\\\/2023\\\/07\\\/15\\\/dejan-corona-de-flores-y-partes-mutiladas-en-una-floreria-de-los-mochis\\\/\",\"name\":\"Dejan corona de flores y partes mutiladas en una florer\u00eda de Los Mochis - Fuentes Fidedignas\",\"isPartOf\":{\"@id\":\"https:\\\/\\\/fuentesfidedignas.com.mx\\\/#website\"},\"primaryImageOfPage\":{\"@id\":\"https:\\\/\\\/fuentesfidedignas.com.mx\\\/index.php\\\/2023\\\/07\\\/15\\\/dejan-corona-de-flores-y-partes-mutiladas-en-una-floreria-de-los-mochis\\\/#primaryimage\"},\"image\":{\"@id\":\"https:\\\/\\\/fuentesfidedignas.com.mx\\\/index.php\\\/2023\\\/07\\\/15\\\/dejan-corona-de-flores-y-partes-mutiladas-en-una-floreria-de-los-mochis\\\/#primaryimage\"},\"thumbnailUrl\":\"https:\\\/\\\/fuentesfidedignas.com.mx\\\/wp-content\\\/uploads\\\/2023\\\/07\\\/2978619.jpg\",\"datePublished\":\"2023-07-16T02:54:13+00:00\",\"dateModified\":\"2023-07-16T02:55:07+00:00\",\"breadcrumb\":{\"@id\":\"https:\\\/\\\/fuentesfidedignas.com.mx\\\/index.php\\\/2023\\\/07\\\/15\\\/dejan-corona-de-flores-y-partes-mutiladas-en-una-floreria-de-los-mochis\\\/#breadcrumb\"},\"inLanguage\":\"es\",\"potentialAction\":[{\"@type\":\"ReadAction\",\"target\":[\"https:\\\/\\\/fuentesfidedignas.com.mx\\\/index.php\\\/2023\\\/07\\\/15\\\/dejan-corona-de-flores-y-partes-mutiladas-en-una-floreria-de-los-mochis\\\/\"]}]},{\"@type\":\"ImageObject\",\"inLanguage\":\"es\",\"@id\":\"https:\\\/\\\/fuentesfidedignas.com.mx\\\/index.php\\\/2023\\\/07\\\/15\\\/dejan-corona-de-flores-y-partes-mutiladas-en-una-floreria-de-los-mochis\\\/#primaryimage\",\"url\":\"https:\\\/\\\/fuentesfidedignas.com.mx\\\/wp-content\\\/uploads\\\/2023\\\/07\\\/2978619.jpg\",\"contentUrl\":\"https:\\\/\\\/fuentesfidedignas.com.mx\\\/wp-content\\\/uploads\\\/2023\\\/07\\\/2978619.jpg\",\"width\":400,\"height\":300},{\"@type\":\"BreadcrumbList\",\"@id\":\"https:\\\/\\\/fuentesfidedignas.com.mx\\\/index.php\\\/2023\\\/07\\\/15\\\/dejan-corona-de-flores-y-partes-mutiladas-en-una-floreria-de-los-mochis\\\/#breadcrumb\",\"itemListElement\":[{\"@type\":\"ListItem\",\"position\":1,\"name\":\"Inicio\",\"item\":\"https:\\\/\\\/fuentesfidedignas.com.mx\\\/\"},{\"@type\":\"ListItem\",\"position\":2,\"name\":\"Dejan corona de flores y partes mutiladas en una florer\u00eda de Los Mochis\"}]},{\"@type\":\"WebSite\",\"@id\":\"https:\\\/\\\/fuentesfidedignas.com.mx\\\/#website\",\"url\":\"https:\\\/\\\/fuentesfidedignas.com.mx\\\/\",\"name\":\"Fuentes Fidedignas\",\"description\":\"Otro sitio realizado con WordPress\",\"publisher\":{\"@id\":\"https:\\\/\\\/fuentesfidedignas.com.mx\\\/#organization\"},\"potentialAction\":[{\"@type\":\"SearchAction\",\"target\":{\"@type\":\"EntryPoint\",\"urlTemplate\":\"https:\\\/\\\/fuentesfidedignas.com.mx\\\/?s={search_term_string}\"},\"query-input\":{\"@type\":\"PropertyValueSpecification\",\"valueRequired\":true,\"valueName\":\"search_term_string\"}}],\"inLanguage\":\"es\"},{\"@type\":\"Organization\",\"@id\":\"https:\\\/\\\/fuentesfidedignas.com.mx\\\/#organization\",\"name\":\"Fuentes Fidedignas\",\"url\":\"https:\\\/\\\/fuentesfidedignas.com.mx\\\/\",\"logo\":{\"@type\":\"ImageObject\",\"inLanguage\":\"es\",\"@id\":\"https:\\\/\\\/fuentesfidedignas.com.mx\\\/#\\\/schema\\\/logo\\\/image\\\/\",\"url\":\"https:\\\/\\\/fuentesfidedignas.com.mx\\\/wp-content\\\/uploads\\\/2021\\\/04\\\/logo-retina.png\",\"contentUrl\":\"https:\\\/\\\/fuentesfidedignas.com.mx\\\/wp-content\\\/uploads\\\/2021\\\/04\\\/logo-retina.png\",\"width\":280,\"height\":51,\"caption\":\"Fuentes Fidedignas\"},\"image\":{\"@id\":\"https:\\\/\\\/fuentesfidedignas.com.mx\\\/#\\\/schema\\\/logo\\\/image\\\/\"},\"sameAs\":[\"https:\\\/\\\/www.facebook.com\\\/Fuentes-Fidedignas-368234489921644\",\"https:\\\/\\\/x.com\\\/fidedignas\"]},{\"@type\":\"Person\",\"@id\":\"https:\\\/\\\/fuentesfidedignas.com.mx\\\/#\\\/schema\\\/person\\\/ec4edd1fbf5efa3e44fce34fe2787780\",\"name\":\"Exc\u00e9lsior\",\"image\":{\"@type\":\"ImageObject\",\"inLanguage\":\"es\",\"@id\":\"https:\\\/\\\/secure.gravatar.com\\\/avatar\\\/4b7ee9206b48be08447852b3f0814dbc7c0f3b51541b164f1464a2725614020b?s=96&d=mm&r=g\",\"url\":\"https:\\\/\\\/secure.gravatar.com\\\/avatar\\\/4b7ee9206b48be08447852b3f0814dbc7c0f3b51541b164f1464a2725614020b?s=96&d=mm&r=g\",\"contentUrl\":\"https:\\\/\\\/secure.gravatar.com\\\/avatar\\\/4b7ee9206b48be08447852b3f0814dbc7c0f3b51541b164f1464a2725614020b?s=96&d=mm&r=g\",\"caption\":\"Exc\u00e9lsior\"},\"url\":\"https:\\\/\\\/fuentesfidedignas.com.mx\\\/index.php\\\/author\\\/excelsior\\\/\"}]}<\/script>\n<!-- \/ Yoast SEO plugin. -->","yoast_head_json":{"title":"Dejan corona de flores y partes mutiladas en una florer\u00eda de Los Mochis - Fuentes Fidedignas","robots":{"index":"index","follow":"follow","max-snippet":"max-snippet:-1","max-image-preview":"max-image-preview:large","max-video-preview":"max-video-preview:-1"},"canonical":"https:\/\/fuentesfidedignas.com.mx\/index.php\/2023\/07\/15\/dejan-corona-de-flores-y-partes-mutiladas-en-una-floreria-de-los-mochis\/","og_locale":"es_MX","og_type":"article","og_title":"Dejan corona de flores y partes mutiladas en una florer\u00eda de Los Mochis - Fuentes Fidedignas","og_description":"Los restos fueron dejados dentro de una caja de madera con un mo\u00f1o en forma de regalo Una corona f\u00fanebre y partes mutiladas fueron dejadas a afuera de una florer\u00eda en la ciudad de Los Mochis, Sinaloa, la misma que fue atacada a balazos hace unos meses, y de donde huyeron un par de polic\u00edas [&hellip;]","og_url":"https:\/\/fuentesfidedignas.com.mx\/index.php\/2023\/07\/15\/dejan-corona-de-flores-y-partes-mutiladas-en-una-floreria-de-los-mochis\/","og_site_name":"Fuentes Fidedignas","article_publisher":"https:\/\/www.facebook.com\/Fuentes-Fidedignas-368234489921644","article_published_time":"2023-07-16T02:54:13+00:00","article_modified_time":"2023-07-16T02:55:07+00:00","og_image":[{"width":400,"height":300,"url":"https:\/\/fuentesfidedignas.com.mx\/wp-content\/uploads\/2023\/07\/2978619.jpg","type":"image\/jpeg"}],"author":"Exc\u00e9lsior","twitter_card":"summary_large_image","twitter_creator":"@fidedignas","twitter_site":"@fidedignas","twitter_misc":{"Escrito por":"Exc\u00e9lsior","Tiempo de lectura":"2 minutos"},"schema":{"@context":"https:\/\/schema.org","@graph":[{"@type":"Article","@id":"https:\/\/fuentesfidedignas.com.mx\/index.php\/2023\/07\/15\/dejan-corona-de-flores-y-partes-mutiladas-en-una-floreria-de-los-mochis\/#article","isPartOf":{"@id":"https:\/\/fuentesfidedignas.com.mx\/index.php\/2023\/07\/15\/dejan-corona-de-flores-y-partes-mutiladas-en-una-floreria-de-los-mochis\/"},"author":{"name":"Exc\u00e9lsior","@id":"https:\/\/fuentesfidedignas.com.mx\/#\/schema\/person\/ec4edd1fbf5efa3e44fce34fe2787780"},"headline":"Dejan corona de flores y partes mutiladas en una florer\u00eda de Los Mochis","datePublished":"2023-07-16T02:54:13+00:00","dateModified":"2023-07-16T02:55:07+00:00","mainEntityOfPage":{"@id":"https:\/\/fuentesfidedignas.com.mx\/index.php\/2023\/07\/15\/dejan-corona-de-flores-y-partes-mutiladas-en-una-floreria-de-los-mochis\/"},"wordCount":321,"commentCount":0,"publisher":{"@id":"https:\/\/fuentesfidedignas.com.mx\/#organization"},"image":{"@id":"https:\/\/fuentesfidedignas.com.mx\/index.php\/2023\/07\/15\/dejan-corona-de-flores-y-partes-mutiladas-en-una-floreria-de-los-mochis\/#primaryimage"},"thumbnailUrl":"https:\/\/fuentesfidedignas.com.mx\/wp-content\/uploads\/2023\/07\/2978619.jpg","articleSection":["NOTA PRINCIPAL"],"inLanguage":"es","potentialAction":[{"@type":"CommentAction","name":"Comment","target":["https:\/\/fuentesfidedignas.com.mx\/index.php\/2023\/07\/15\/dejan-corona-de-flores-y-partes-mutiladas-en-una-floreria-de-los-mochis\/#respond"]}]},{"@type":"WebPage","@id":"https:\/\/fuentesfidedignas.com.mx\/index.php\/2023\/07\/15\/dejan-corona-de-flores-y-partes-mutiladas-en-una-floreria-de-los-mochis\/","url":"https:\/\/fuentesfidedignas.com.mx\/index.php\/2023\/07\/15\/dejan-corona-de-flores-y-partes-mutiladas-en-una-floreria-de-los-mochis\/","name":"Dejan corona de flores y partes mutiladas en una florer\u00eda de Los Mochis - Fuentes Fidedignas","isPartOf":{"@id":"https:\/\/fuentesfidedignas.com.mx\/#website"},"primaryImageOfPage":{"@id":"https:\/\/fuentesfidedignas.com.mx\/index.php\/2023\/07\/15\/dejan-corona-de-flores-y-partes-mutiladas-en-una-floreria-de-los-mochis\/#primaryimage"},"image":{"@id":"https:\/\/fuentesfidedignas.com.mx\/index.php\/2023\/07\/15\/dejan-corona-de-flores-y-partes-mutiladas-en-una-floreria-de-los-mochis\/#primaryimage"},"thumbnailUrl":"https:\/\/fuentesfidedignas.com.mx\/wp-content\/uploads\/2023\/07\/2978619.jpg","datePublished":"2023-07-16T02:54:13+00:00","dateModified":"2023-07-16T02:55:07+00:00","breadcrumb":{"@id":"https:\/\/fuentesfidedignas.com.mx\/index.php\/2023\/07\/15\/dejan-corona-de-flores-y-partes-mutiladas-en-una-floreria-de-los-mochis\/#breadcrumb"},"inLanguage":"es","potentialAction":[{"@type":"ReadAction","target":["https:\/\/fuentesfidedignas.com.mx\/index.php\/2023\/07\/15\/dejan-corona-de-flores-y-partes-mutiladas-en-una-floreria-de-los-mochis\/"]}]},{"@type":"ImageObject","inLanguage":"es","@id":"https:\/\/fuentesfidedignas.com.mx\/index.php\/2023\/07\/15\/dejan-corona-de-flores-y-partes-mutiladas-en-una-floreria-de-los-mochis\/#primaryimage","url":"https:\/\/fuentesfidedignas.com.mx\/wp-content\/uploads\/2023\/07\/2978619.jpg","contentUrl":"https:\/\/fuentesfidedignas.com.mx\/wp-content\/uploads\/2023\/07\/2978619.jpg","width":400,"height":300},{"@type":"BreadcrumbList","@id":"https:\/\/fuentesfidedignas.com.mx\/index.php\/2023\/07\/15\/dejan-corona-de-flores-y-partes-mutiladas-en-una-floreria-de-los-mochis\/#breadcrumb","itemListElement":[{"@type":"ListItem","position":1,"name":"Inicio","item":"https:\/\/fuentesfidedignas.com.mx\/"},{"@type":"ListItem","position":2,"name":"Dejan corona de flores y partes mutiladas en una florer\u00eda de Los Mochis"}]},{"@type":"WebSite","@id":"https:\/\/fuentesfidedignas.com.mx\/#website","url":"https:\/\/fuentesfidedignas.com.mx\/","name":"Fuentes Fidedignas","description":"Otro sitio realizado con WordPress","publisher":{"@id":"https:\/\/fuentesfidedignas.com.mx\/#organization"},"potentialAction":[{"@type":"SearchAction","target":{"@type":"EntryPoint","urlTemplate":"https:\/\/fuentesfidedignas.com.mx\/?s={search_term_string}"},"query-input":{"@type":"PropertyValueSpecification","valueRequired":true,"valueName":"search_term_string"}}],"inLanguage":"es"},{"@type":"Organization","@id":"https:\/\/fuentesfidedignas.com.mx\/#organization","name":"Fuentes Fidedignas","url":"https:\/\/fuentesfidedignas.com.mx\/","logo":{"@type":"ImageObject","inLanguage":"es","@id":"https:\/\/fuentesfidedignas.com.mx\/#\/schema\/logo\/image\/","url":"https:\/\/fuentesfidedignas.com.mx\/wp-content\/uploads\/2021\/04\/logo-retina.png","contentUrl":"https:\/\/fuentesfidedignas.com.mx\/wp-content\/uploads\/2021\/04\/logo-retina.png","width":280,"height":51,"caption":"Fuentes Fidedignas"},"image":{"@id":"https:\/\/fuentesfidedignas.com.mx\/#\/schema\/logo\/image\/"},"sameAs":["https:\/\/www.facebook.com\/Fuentes-Fidedignas-368234489921644","https:\/\/x.com\/fidedignas"]},{"@type":"Person","@id":"https:\/\/fuentesfidedignas.com.mx\/#\/schema\/person\/ec4edd1fbf5efa3e44fce34fe2787780","name":"Exc\u00e9lsior","image":{"@type":"ImageObject","inLanguage":"es","@id":"https:\/\/secure.gravatar.com\/avatar\/4b7ee9206b48be08447852b3f0814dbc7c0f3b51541b164f1464a2725614020b?s=96&d=mm&r=g","url":"https:\/\/secure.gravatar.com\/avatar\/4b7ee9206b48be08447852b3f0814dbc7c0f3b51541b164f1464a2725614020b?s=96&d=mm&r=g","contentUrl":"https:\/\/secure.gravatar.com\/avatar\/4b7ee9206b48be08447852b3f0814dbc7c0f3b51541b164f1464a2725614020b?s=96&d=mm&r=g","caption":"Exc\u00e9lsior"},"url":"https:\/\/fuentesfidedignas.com.mx\/index.php\/author\/excelsior\/"}]}},"_links":{"self":[{"href":"https:\/\/fuentesfidedignas.com.mx\/index.php\/wp-json\/wp\/v2\/posts\/52902","targetHints":{"allow":["GET"]}}],"collection":[{"href":"https:\/\/fuentesfidedignas.com.mx\/index.php\/wp-json\/wp\/v2\/posts"}],"about":[{"href":"https:\/\/fuentesfidedignas.com.mx\/index.php\/wp-json\/wp\/v2\/types\/post"}],"author":[{"embeddable":true,"href":"https:\/\/fuentesfidedignas.com.mx\/index.php\/wp-json\/wp\/v2\/users\/7"}],"replies":[{"embeddable":true,"href":"https:\/\/fuentesfidedignas.com.mx\/index.php\/wp-json\/wp\/v2\/comments?post=52902"}],"version-history":[{"count":1,"href":"https:\/\/fuentesfidedignas.com.mx\/index.php\/wp-json\/wp\/v2\/posts\/52902\/revisions"}],"predecessor-version":[{"id":52903,"href":"https:\/\/fuentesfidedignas.com.mx\/index.php\/wp-json\/wp\/v2\/posts\/52902\/revisions\/52903"}],"wp:featuredmedia":[{"embeddable":true,"href":"https:\/\/fuentesfidedignas.com.mx\/index.php\/wp-json\/wp\/v2\/media\/52904"}],"wp:attachment":[{"href":"https:\/\/fuentesfidedignas.com.mx\/index.php\/wp-json\/wp\/v2\/media?parent=52902"}],"wp:term":[{"taxonomy":"category","embeddable":true,"href":"https:\/\/fuentesfidedignas.com.mx\/index.php\/wp-json\/wp\/v2\/categories?post=52902"},{"taxonomy":"post_tag","embeddable":true,"href":"https:\/\/fuentesfidedignas.com.mx\/index.php\/wp-json\/wp\/v2\/tags?post=52902"}],"curies":[{"name":"wp","href":"https:\/\/api.w.org\/{rel}","templated":true}]}}