{"id":52896,"date":"2023-07-15T14:27:44","date_gmt":"2023-07-15T21:27:44","guid":{"rendered":"https:\/\/fuentesfidedignas.com.mx\/?p=52896"},"modified":"2023-07-15T14:29:20","modified_gmt":"2023-07-15T21:29:20","slug":"sedena-sufre-atentado-en-tamaulipas-abaten-a-cinco-civiles","status":"publish","type":"post","link":"https:\/\/fuentesfidedignas.com.mx\/index.php\/2023\/07\/15\/sedena-sufre-atentado-en-tamaulipas-abaten-a-cinco-civiles\/","title":{"rendered":"SEDENA sufre atentado en Tamaulipas; Abaten a cinco civiles"},"content":{"rendered":"\n<p><strong><em>Los hechos ocurrieron en la brecha 109 de R\u00edo Bravo donde se logr\u00f3 el aseguramiento de cuatro armas largas, un veh\u00edculo y cargadores<\/em><\/strong><\/p>\n\n\n\n<p>Tamaulipas. La\u00a0<a href=\"https:\/\/www.facebook.com\/VoceriaSegTamps\" target=\"_blank\" rel=\"noreferrer noopener\">Vocer\u00eda<\/a>\u00a0de Seguridad del Estado de\u00a0<strong>Tamaulipas<\/strong>\u00a0dio a conocer que\u00a0<strong>cinco civiles armados<\/strong>\u00a0fueron\u00a0<strong>abatidos<\/strong>\u00a0y se realiz\u00f3 el decomiso de\u00a0<strong>armas<\/strong>,\u00a0<strong>cartuchos<\/strong>\u00a0y\u00a0<strong>cargadores<\/strong>, tras un ataque armado contra elementos de la\u00a0<strong>Sedena<\/strong>\u00a0en el municipio de\u00a0<strong>R\u00edo Bravo<\/strong><\/p>\n\n\n\n<figure class=\"wp-block-embed is-type-rich is-provider-twitter wp-block-embed-twitter\"><div class=\"wp-block-embed__wrapper\">\n<blockquote class=\"twitter-tweet\" data-width=\"550\" data-dnt=\"true\"><p lang=\"es\" dir=\"ltr\"><a href=\"https:\/\/twitter.com\/hashtag\/Vocer%C3%ADaInforma?src=hash&amp;ref_src=twsrc%5Etfw\">#Vocer\u00edaInforma<\/a><br><br>La madrugada de hoy 15 de julio, elementos de la SEDENA sufrieron agresi\u00f3n por civiles armados en la brecha 109 a la altura del Rancho Cristo Vive de <a href=\"https:\/\/twitter.com\/hashtag\/R%C3%ADoBravo?src=hash&amp;ref_src=twsrc%5Etfw\">#R\u00edoBravo<\/a>.<br><br>M\u00e1s informaci\u00f3n: <a href=\"https:\/\/t.co\/ZgOtABiyBR\">https:\/\/t.co\/ZgOtABiyBR<\/a> <a href=\"https:\/\/t.co\/TTSa58CJkZ\">pic.twitter.com\/TTSa58CJkZ<\/a><\/p>&mdash; Vocer\u00eda de Seguridad Tamaulipas (@VoceriaSegTamps) <a href=\"https:\/\/twitter.com\/VoceriaSegTamps\/status\/1680252937799442432?ref_src=twsrc%5Etfw\">July 15, 2023<\/a><\/blockquote><script async src=\"https:\/\/platform.twitter.com\/widgets.js\" charset=\"utf-8\"><\/script>\n<\/div><\/figure>\n\n\n\n<p>A trav\u00e9s de un comunicado, la\u00a0<strong>vocer\u00eda<\/strong>\u00a0detall\u00f3 que los hechos ocurrieron en la brecha 109 a la altura del\u00a0<strong>Rancho Cristo Vive<\/strong>\u00a0del mencionado municipio, donde se logr\u00f3 el aseguramiento de cuatro armas largas, un veh\u00edculo y diversos cargadores y cartuchos.<\/p>\n\n\n\n<p>La dependencia tambi\u00e9n indic\u00f3 que uno de los elementos de\u00a0<strong>Sedena<\/strong>\u00a0recibi\u00f3 un impacto de bala en la costilla y se encuentra en recuperaci\u00f3n.<\/p>\n","protected":false},"excerpt":{"rendered":"<p>Los hechos ocurrieron en la brecha 109 de R\u00edo Bravo donde se logr\u00f3 el aseguramiento de cuatro armas largas, un veh\u00edculo y cargadores Tamaulipas. La\u00a0Vocer\u00eda\u00a0de Seguridad del Estado de\u00a0Tamaulipas\u00a0dio a conocer que\u00a0cinco civiles armados\u00a0fueron\u00a0abatidos\u00a0y se realiz\u00f3 el decomiso de\u00a0armas,\u00a0cartuchos\u00a0y\u00a0cargadores, tras un ataque armado contra elementos de la\u00a0Sedena\u00a0en el municipio de\u00a0R\u00edo Bravo A trav\u00e9s de un [&hellip;]<\/p>\n","protected":false},"author":47,"featured_media":52898,"comment_status":"open","ping_status":"open","sticky":false,"template":"","format":"standard","meta":{"tdm_status":"","tdm_grid_status":"","footnotes":""},"categories":[39,1],"tags":[],"class_list":{"0":"post-52896","1":"post","2":"type-post","3":"status-publish","4":"format-standard","5":"has-post-thumbnail","7":"category-noticias-nacionales","8":"category-sin-categoria"},"yoast_head":"<!-- This site is optimized with the Yoast SEO plugin v27.5 - https:\/\/yoast.com\/product\/yoast-seo-wordpress\/ -->\n<title>SEDENA sufre atentado en Tamaulipas; Abaten a cinco civiles - Fuentes Fidedignas<\/title>\n<meta name=\"robots\" content=\"index, follow, max-snippet:-1, max-image-preview:large, max-video-preview:-1\" \/>\n<link rel=\"canonical\" href=\"https:\/\/fuentesfidedignas.com.mx\/index.php\/2023\/07\/15\/sedena-sufre-atentado-en-tamaulipas-abaten-a-cinco-civiles\/\" \/>\n<meta property=\"og:locale\" content=\"es_MX\" \/>\n<meta property=\"og:type\" content=\"article\" \/>\n<meta property=\"og:title\" content=\"SEDENA sufre atentado en Tamaulipas; Abaten a cinco civiles - Fuentes Fidedignas\" \/>\n<meta property=\"og:description\" content=\"Los hechos ocurrieron en la brecha 109 de R\u00edo Bravo donde se logr\u00f3 el aseguramiento de cuatro armas largas, un veh\u00edculo y cargadores Tamaulipas. La\u00a0Vocer\u00eda\u00a0de Seguridad del Estado de\u00a0Tamaulipas\u00a0dio a conocer que\u00a0cinco civiles armados\u00a0fueron\u00a0abatidos\u00a0y se realiz\u00f3 el decomiso de\u00a0armas,\u00a0cartuchos\u00a0y\u00a0cargadores, tras un ataque armado contra elementos de la\u00a0Sedena\u00a0en el municipio de\u00a0R\u00edo Bravo A trav\u00e9s de un [&hellip;]\" \/>\n<meta property=\"og:url\" content=\"https:\/\/fuentesfidedignas.com.mx\/index.php\/2023\/07\/15\/sedena-sufre-atentado-en-tamaulipas-abaten-a-cinco-civiles\/\" \/>\n<meta property=\"og:site_name\" content=\"Fuentes Fidedignas\" \/>\n<meta property=\"article:publisher\" content=\"https:\/\/www.facebook.com\/Fuentes-Fidedignas-368234489921644\" \/>\n<meta property=\"article:published_time\" content=\"2023-07-15T21:27:44+00:00\" \/>\n<meta property=\"article:modified_time\" content=\"2023-07-15T21:29:20+00:00\" \/>\n<meta property=\"og:image\" content=\"https:\/\/fuentesfidedignas.com.mx\/wp-content\/uploads\/2023\/07\/rio-bravo.jpeg\" \/>\n\t<meta property=\"og:image:width\" content=\"942\" \/>\n\t<meta property=\"og:image:height\" content=\"690\" \/>\n\t<meta property=\"og:image:type\" content=\"image\/jpeg\" \/>\n<meta name=\"author\" content=\"L\u00f3pez D\u00f3riga\" \/>\n<meta name=\"twitter:card\" content=\"summary_large_image\" \/>\n<meta name=\"twitter:creator\" content=\"@fidedignas\" \/>\n<meta name=\"twitter:site\" content=\"@fidedignas\" \/>\n<meta name=\"twitter:label1\" content=\"Escrito por\" \/>\n\t<meta name=\"twitter:data1\" content=\"L\u00f3pez D\u00f3riga\" \/>\n\t<meta name=\"twitter:label2\" content=\"Tiempo de lectura\" \/>\n\t<meta name=\"twitter:data2\" content=\"1 minuto\" \/>\n<script type=\"application\/ld+json\" class=\"yoast-schema-graph\">{\"@context\":\"https:\\\/\\\/schema.org\",\"@graph\":[{\"@type\":\"Article\",\"@id\":\"https:\\\/\\\/fuentesfidedignas.com.mx\\\/index.php\\\/2023\\\/07\\\/15\\\/sedena-sufre-atentado-en-tamaulipas-abaten-a-cinco-civiles\\\/#article\",\"isPartOf\":{\"@id\":\"https:\\\/\\\/fuentesfidedignas.com.mx\\\/index.php\\\/2023\\\/07\\\/15\\\/sedena-sufre-atentado-en-tamaulipas-abaten-a-cinco-civiles\\\/\"},\"author\":{\"name\":\"L\u00f3pez D\u00f3riga\",\"@id\":\"https:\\\/\\\/fuentesfidedignas.com.mx\\\/#\\\/schema\\\/person\\\/67d852f0557c8509146a4b9ddebd543a\"},\"headline\":\"SEDENA sufre atentado en Tamaulipas; Abaten a cinco civiles\",\"datePublished\":\"2023-07-15T21:27:44+00:00\",\"dateModified\":\"2023-07-15T21:29:20+00:00\",\"mainEntityOfPage\":{\"@id\":\"https:\\\/\\\/fuentesfidedignas.com.mx\\\/index.php\\\/2023\\\/07\\\/15\\\/sedena-sufre-atentado-en-tamaulipas-abaten-a-cinco-civiles\\\/\"},\"wordCount\":158,\"commentCount\":0,\"publisher\":{\"@id\":\"https:\\\/\\\/fuentesfidedignas.com.mx\\\/#organization\"},\"image\":{\"@id\":\"https:\\\/\\\/fuentesfidedignas.com.mx\\\/index.php\\\/2023\\\/07\\\/15\\\/sedena-sufre-atentado-en-tamaulipas-abaten-a-cinco-civiles\\\/#primaryimage\"},\"thumbnailUrl\":\"https:\\\/\\\/fuentesfidedignas.com.mx\\\/wp-content\\\/uploads\\\/2023\\\/07\\\/rio-bravo.jpeg\",\"articleSection\":[\"NOTICIAS NACIONALES\"],\"inLanguage\":\"es\",\"potentialAction\":[{\"@type\":\"CommentAction\",\"name\":\"Comment\",\"target\":[\"https:\\\/\\\/fuentesfidedignas.com.mx\\\/index.php\\\/2023\\\/07\\\/15\\\/sedena-sufre-atentado-en-tamaulipas-abaten-a-cinco-civiles\\\/#respond\"]}]},{\"@type\":\"WebPage\",\"@id\":\"https:\\\/\\\/fuentesfidedignas.com.mx\\\/index.php\\\/2023\\\/07\\\/15\\\/sedena-sufre-atentado-en-tamaulipas-abaten-a-cinco-civiles\\\/\",\"url\":\"https:\\\/\\\/fuentesfidedignas.com.mx\\\/index.php\\\/2023\\\/07\\\/15\\\/sedena-sufre-atentado-en-tamaulipas-abaten-a-cinco-civiles\\\/\",\"name\":\"SEDENA sufre atentado en Tamaulipas; Abaten a cinco civiles - Fuentes Fidedignas\",\"isPartOf\":{\"@id\":\"https:\\\/\\\/fuentesfidedignas.com.mx\\\/#website\"},\"primaryImageOfPage\":{\"@id\":\"https:\\\/\\\/fuentesfidedignas.com.mx\\\/index.php\\\/2023\\\/07\\\/15\\\/sedena-sufre-atentado-en-tamaulipas-abaten-a-cinco-civiles\\\/#primaryimage\"},\"image\":{\"@id\":\"https:\\\/\\\/fuentesfidedignas.com.mx\\\/index.php\\\/2023\\\/07\\\/15\\\/sedena-sufre-atentado-en-tamaulipas-abaten-a-cinco-civiles\\\/#primaryimage\"},\"thumbnailUrl\":\"https:\\\/\\\/fuentesfidedignas.com.mx\\\/wp-content\\\/uploads\\\/2023\\\/07\\\/rio-bravo.jpeg\",\"datePublished\":\"2023-07-15T21:27:44+00:00\",\"dateModified\":\"2023-07-15T21:29:20+00:00\",\"breadcrumb\":{\"@id\":\"https:\\\/\\\/fuentesfidedignas.com.mx\\\/index.php\\\/2023\\\/07\\\/15\\\/sedena-sufre-atentado-en-tamaulipas-abaten-a-cinco-civiles\\\/#breadcrumb\"},\"inLanguage\":\"es\",\"potentialAction\":[{\"@type\":\"ReadAction\",\"target\":[\"https:\\\/\\\/fuentesfidedignas.com.mx\\\/index.php\\\/2023\\\/07\\\/15\\\/sedena-sufre-atentado-en-tamaulipas-abaten-a-cinco-civiles\\\/\"]}]},{\"@type\":\"ImageObject\",\"inLanguage\":\"es\",\"@id\":\"https:\\\/\\\/fuentesfidedignas.com.mx\\\/index.php\\\/2023\\\/07\\\/15\\\/sedena-sufre-atentado-en-tamaulipas-abaten-a-cinco-civiles\\\/#primaryimage\",\"url\":\"https:\\\/\\\/fuentesfidedignas.com.mx\\\/wp-content\\\/uploads\\\/2023\\\/07\\\/rio-bravo.jpeg\",\"contentUrl\":\"https:\\\/\\\/fuentesfidedignas.com.mx\\\/wp-content\\\/uploads\\\/2023\\\/07\\\/rio-bravo.jpeg\",\"width\":942,\"height\":690},{\"@type\":\"BreadcrumbList\",\"@id\":\"https:\\\/\\\/fuentesfidedignas.com.mx\\\/index.php\\\/2023\\\/07\\\/15\\\/sedena-sufre-atentado-en-tamaulipas-abaten-a-cinco-civiles\\\/#breadcrumb\",\"itemListElement\":[{\"@type\":\"ListItem\",\"position\":1,\"name\":\"Inicio\",\"item\":\"https:\\\/\\\/fuentesfidedignas.com.mx\\\/\"},{\"@type\":\"ListItem\",\"position\":2,\"name\":\"SEDENA sufre atentado en Tamaulipas; Abaten a cinco civiles\"}]},{\"@type\":\"WebSite\",\"@id\":\"https:\\\/\\\/fuentesfidedignas.com.mx\\\/#website\",\"url\":\"https:\\\/\\\/fuentesfidedignas.com.mx\\\/\",\"name\":\"Fuentes Fidedignas\",\"description\":\"Otro sitio realizado con WordPress\",\"publisher\":{\"@id\":\"https:\\\/\\\/fuentesfidedignas.com.mx\\\/#organization\"},\"potentialAction\":[{\"@type\":\"SearchAction\",\"target\":{\"@type\":\"EntryPoint\",\"urlTemplate\":\"https:\\\/\\\/fuentesfidedignas.com.mx\\\/?s={search_term_string}\"},\"query-input\":{\"@type\":\"PropertyValueSpecification\",\"valueRequired\":true,\"valueName\":\"search_term_string\"}}],\"inLanguage\":\"es\"},{\"@type\":\"Organization\",\"@id\":\"https:\\\/\\\/fuentesfidedignas.com.mx\\\/#organization\",\"name\":\"Fuentes Fidedignas\",\"url\":\"https:\\\/\\\/fuentesfidedignas.com.mx\\\/\",\"logo\":{\"@type\":\"ImageObject\",\"inLanguage\":\"es\",\"@id\":\"https:\\\/\\\/fuentesfidedignas.com.mx\\\/#\\\/schema\\\/logo\\\/image\\\/\",\"url\":\"https:\\\/\\\/fuentesfidedignas.com.mx\\\/wp-content\\\/uploads\\\/2021\\\/04\\\/logo-retina.png\",\"contentUrl\":\"https:\\\/\\\/fuentesfidedignas.com.mx\\\/wp-content\\\/uploads\\\/2021\\\/04\\\/logo-retina.png\",\"width\":280,\"height\":51,\"caption\":\"Fuentes Fidedignas\"},\"image\":{\"@id\":\"https:\\\/\\\/fuentesfidedignas.com.mx\\\/#\\\/schema\\\/logo\\\/image\\\/\"},\"sameAs\":[\"https:\\\/\\\/www.facebook.com\\\/Fuentes-Fidedignas-368234489921644\",\"https:\\\/\\\/x.com\\\/fidedignas\"]},{\"@type\":\"Person\",\"@id\":\"https:\\\/\\\/fuentesfidedignas.com.mx\\\/#\\\/schema\\\/person\\\/67d852f0557c8509146a4b9ddebd543a\",\"name\":\"L\u00f3pez D\u00f3riga\",\"image\":{\"@type\":\"ImageObject\",\"inLanguage\":\"es\",\"@id\":\"https:\\\/\\\/secure.gravatar.com\\\/avatar\\\/e525b06574ca18b33cded59dfe5778d6c823b9513154eff47da551b0551bdd1e?s=96&d=mm&r=g\",\"url\":\"https:\\\/\\\/secure.gravatar.com\\\/avatar\\\/e525b06574ca18b33cded59dfe5778d6c823b9513154eff47da551b0551bdd1e?s=96&d=mm&r=g\",\"contentUrl\":\"https:\\\/\\\/secure.gravatar.com\\\/avatar\\\/e525b06574ca18b33cded59dfe5778d6c823b9513154eff47da551b0551bdd1e?s=96&d=mm&r=g\",\"caption\":\"L\u00f3pez D\u00f3riga\"},\"url\":\"https:\\\/\\\/fuentesfidedignas.com.mx\\\/index.php\\\/author\\\/doriga\\\/\"}]}<\/script>\n<!-- \/ Yoast SEO plugin. -->","yoast_head_json":{"title":"SEDENA sufre atentado en Tamaulipas; Abaten a cinco civiles - Fuentes Fidedignas","robots":{"index":"index","follow":"follow","max-snippet":"max-snippet:-1","max-image-preview":"max-image-preview:large","max-video-preview":"max-video-preview:-1"},"canonical":"https:\/\/fuentesfidedignas.com.mx\/index.php\/2023\/07\/15\/sedena-sufre-atentado-en-tamaulipas-abaten-a-cinco-civiles\/","og_locale":"es_MX","og_type":"article","og_title":"SEDENA sufre atentado en Tamaulipas; Abaten a cinco civiles - Fuentes Fidedignas","og_description":"Los hechos ocurrieron en la brecha 109 de R\u00edo Bravo donde se logr\u00f3 el aseguramiento de cuatro armas largas, un veh\u00edculo y cargadores Tamaulipas. La\u00a0Vocer\u00eda\u00a0de Seguridad del Estado de\u00a0Tamaulipas\u00a0dio a conocer que\u00a0cinco civiles armados\u00a0fueron\u00a0abatidos\u00a0y se realiz\u00f3 el decomiso de\u00a0armas,\u00a0cartuchos\u00a0y\u00a0cargadores, tras un ataque armado contra elementos de la\u00a0Sedena\u00a0en el municipio de\u00a0R\u00edo Bravo A trav\u00e9s de un [&hellip;]","og_url":"https:\/\/fuentesfidedignas.com.mx\/index.php\/2023\/07\/15\/sedena-sufre-atentado-en-tamaulipas-abaten-a-cinco-civiles\/","og_site_name":"Fuentes Fidedignas","article_publisher":"https:\/\/www.facebook.com\/Fuentes-Fidedignas-368234489921644","article_published_time":"2023-07-15T21:27:44+00:00","article_modified_time":"2023-07-15T21:29:20+00:00","og_image":[{"width":942,"height":690,"url":"https:\/\/fuentesfidedignas.com.mx\/wp-content\/uploads\/2023\/07\/rio-bravo.jpeg","type":"image\/jpeg"}],"author":"L\u00f3pez D\u00f3riga","twitter_card":"summary_large_image","twitter_creator":"@fidedignas","twitter_site":"@fidedignas","twitter_misc":{"Escrito por":"L\u00f3pez D\u00f3riga","Tiempo de lectura":"1 minuto"},"schema":{"@context":"https:\/\/schema.org","@graph":[{"@type":"Article","@id":"https:\/\/fuentesfidedignas.com.mx\/index.php\/2023\/07\/15\/sedena-sufre-atentado-en-tamaulipas-abaten-a-cinco-civiles\/#article","isPartOf":{"@id":"https:\/\/fuentesfidedignas.com.mx\/index.php\/2023\/07\/15\/sedena-sufre-atentado-en-tamaulipas-abaten-a-cinco-civiles\/"},"author":{"name":"L\u00f3pez D\u00f3riga","@id":"https:\/\/fuentesfidedignas.com.mx\/#\/schema\/person\/67d852f0557c8509146a4b9ddebd543a"},"headline":"SEDENA sufre atentado en Tamaulipas; Abaten a cinco civiles","datePublished":"2023-07-15T21:27:44+00:00","dateModified":"2023-07-15T21:29:20+00:00","mainEntityOfPage":{"@id":"https:\/\/fuentesfidedignas.com.mx\/index.php\/2023\/07\/15\/sedena-sufre-atentado-en-tamaulipas-abaten-a-cinco-civiles\/"},"wordCount":158,"commentCount":0,"publisher":{"@id":"https:\/\/fuentesfidedignas.com.mx\/#organization"},"image":{"@id":"https:\/\/fuentesfidedignas.com.mx\/index.php\/2023\/07\/15\/sedena-sufre-atentado-en-tamaulipas-abaten-a-cinco-civiles\/#primaryimage"},"thumbnailUrl":"https:\/\/fuentesfidedignas.com.mx\/wp-content\/uploads\/2023\/07\/rio-bravo.jpeg","articleSection":["NOTICIAS NACIONALES"],"inLanguage":"es","potentialAction":[{"@type":"CommentAction","name":"Comment","target":["https:\/\/fuentesfidedignas.com.mx\/index.php\/2023\/07\/15\/sedena-sufre-atentado-en-tamaulipas-abaten-a-cinco-civiles\/#respond"]}]},{"@type":"WebPage","@id":"https:\/\/fuentesfidedignas.com.mx\/index.php\/2023\/07\/15\/sedena-sufre-atentado-en-tamaulipas-abaten-a-cinco-civiles\/","url":"https:\/\/fuentesfidedignas.com.mx\/index.php\/2023\/07\/15\/sedena-sufre-atentado-en-tamaulipas-abaten-a-cinco-civiles\/","name":"SEDENA sufre atentado en Tamaulipas; Abaten a cinco civiles - Fuentes Fidedignas","isPartOf":{"@id":"https:\/\/fuentesfidedignas.com.mx\/#website"},"primaryImageOfPage":{"@id":"https:\/\/fuentesfidedignas.com.mx\/index.php\/2023\/07\/15\/sedena-sufre-atentado-en-tamaulipas-abaten-a-cinco-civiles\/#primaryimage"},"image":{"@id":"https:\/\/fuentesfidedignas.com.mx\/index.php\/2023\/07\/15\/sedena-sufre-atentado-en-tamaulipas-abaten-a-cinco-civiles\/#primaryimage"},"thumbnailUrl":"https:\/\/fuentesfidedignas.com.mx\/wp-content\/uploads\/2023\/07\/rio-bravo.jpeg","datePublished":"2023-07-15T21:27:44+00:00","dateModified":"2023-07-15T21:29:20+00:00","breadcrumb":{"@id":"https:\/\/fuentesfidedignas.com.mx\/index.php\/2023\/07\/15\/sedena-sufre-atentado-en-tamaulipas-abaten-a-cinco-civiles\/#breadcrumb"},"inLanguage":"es","potentialAction":[{"@type":"ReadAction","target":["https:\/\/fuentesfidedignas.com.mx\/index.php\/2023\/07\/15\/sedena-sufre-atentado-en-tamaulipas-abaten-a-cinco-civiles\/"]}]},{"@type":"ImageObject","inLanguage":"es","@id":"https:\/\/fuentesfidedignas.com.mx\/index.php\/2023\/07\/15\/sedena-sufre-atentado-en-tamaulipas-abaten-a-cinco-civiles\/#primaryimage","url":"https:\/\/fuentesfidedignas.com.mx\/wp-content\/uploads\/2023\/07\/rio-bravo.jpeg","contentUrl":"https:\/\/fuentesfidedignas.com.mx\/wp-content\/uploads\/2023\/07\/rio-bravo.jpeg","width":942,"height":690},{"@type":"BreadcrumbList","@id":"https:\/\/fuentesfidedignas.com.mx\/index.php\/2023\/07\/15\/sedena-sufre-atentado-en-tamaulipas-abaten-a-cinco-civiles\/#breadcrumb","itemListElement":[{"@type":"ListItem","position":1,"name":"Inicio","item":"https:\/\/fuentesfidedignas.com.mx\/"},{"@type":"ListItem","position":2,"name":"SEDENA sufre atentado en Tamaulipas; Abaten a cinco civiles"}]},{"@type":"WebSite","@id":"https:\/\/fuentesfidedignas.com.mx\/#website","url":"https:\/\/fuentesfidedignas.com.mx\/","name":"Fuentes Fidedignas","description":"Otro sitio realizado con WordPress","publisher":{"@id":"https:\/\/fuentesfidedignas.com.mx\/#organization"},"potentialAction":[{"@type":"SearchAction","target":{"@type":"EntryPoint","urlTemplate":"https:\/\/fuentesfidedignas.com.mx\/?s={search_term_string}"},"query-input":{"@type":"PropertyValueSpecification","valueRequired":true,"valueName":"search_term_string"}}],"inLanguage":"es"},{"@type":"Organization","@id":"https:\/\/fuentesfidedignas.com.mx\/#organization","name":"Fuentes Fidedignas","url":"https:\/\/fuentesfidedignas.com.mx\/","logo":{"@type":"ImageObject","inLanguage":"es","@id":"https:\/\/fuentesfidedignas.com.mx\/#\/schema\/logo\/image\/","url":"https:\/\/fuentesfidedignas.com.mx\/wp-content\/uploads\/2021\/04\/logo-retina.png","contentUrl":"https:\/\/fuentesfidedignas.com.mx\/wp-content\/uploads\/2021\/04\/logo-retina.png","width":280,"height":51,"caption":"Fuentes Fidedignas"},"image":{"@id":"https:\/\/fuentesfidedignas.com.mx\/#\/schema\/logo\/image\/"},"sameAs":["https:\/\/www.facebook.com\/Fuentes-Fidedignas-368234489921644","https:\/\/x.com\/fidedignas"]},{"@type":"Person","@id":"https:\/\/fuentesfidedignas.com.mx\/#\/schema\/person\/67d852f0557c8509146a4b9ddebd543a","name":"L\u00f3pez D\u00f3riga","image":{"@type":"ImageObject","inLanguage":"es","@id":"https:\/\/secure.gravatar.com\/avatar\/e525b06574ca18b33cded59dfe5778d6c823b9513154eff47da551b0551bdd1e?s=96&d=mm&r=g","url":"https:\/\/secure.gravatar.com\/avatar\/e525b06574ca18b33cded59dfe5778d6c823b9513154eff47da551b0551bdd1e?s=96&d=mm&r=g","contentUrl":"https:\/\/secure.gravatar.com\/avatar\/e525b06574ca18b33cded59dfe5778d6c823b9513154eff47da551b0551bdd1e?s=96&d=mm&r=g","caption":"L\u00f3pez D\u00f3riga"},"url":"https:\/\/fuentesfidedignas.com.mx\/index.php\/author\/doriga\/"}]}},"_links":{"self":[{"href":"https:\/\/fuentesfidedignas.com.mx\/index.php\/wp-json\/wp\/v2\/posts\/52896","targetHints":{"allow":["GET"]}}],"collection":[{"href":"https:\/\/fuentesfidedignas.com.mx\/index.php\/wp-json\/wp\/v2\/posts"}],"about":[{"href":"https:\/\/fuentesfidedignas.com.mx\/index.php\/wp-json\/wp\/v2\/types\/post"}],"author":[{"embeddable":true,"href":"https:\/\/fuentesfidedignas.com.mx\/index.php\/wp-json\/wp\/v2\/users\/47"}],"replies":[{"embeddable":true,"href":"https:\/\/fuentesfidedignas.com.mx\/index.php\/wp-json\/wp\/v2\/comments?post=52896"}],"version-history":[{"count":1,"href":"https:\/\/fuentesfidedignas.com.mx\/index.php\/wp-json\/wp\/v2\/posts\/52896\/revisions"}],"predecessor-version":[{"id":52897,"href":"https:\/\/fuentesfidedignas.com.mx\/index.php\/wp-json\/wp\/v2\/posts\/52896\/revisions\/52897"}],"wp:featuredmedia":[{"embeddable":true,"href":"https:\/\/fuentesfidedignas.com.mx\/index.php\/wp-json\/wp\/v2\/media\/52898"}],"wp:attachment":[{"href":"https:\/\/fuentesfidedignas.com.mx\/index.php\/wp-json\/wp\/v2\/media?parent=52896"}],"wp:term":[{"taxonomy":"category","embeddable":true,"href":"https:\/\/fuentesfidedignas.com.mx\/index.php\/wp-json\/wp\/v2\/categories?post=52896"},{"taxonomy":"post_tag","embeddable":true,"href":"https:\/\/fuentesfidedignas.com.mx\/index.php\/wp-json\/wp\/v2\/tags?post=52896"}],"curies":[{"name":"wp","href":"https:\/\/api.w.org\/{rel}","templated":true}]}}