{"id":52873,"date":"2023-07-15T10:42:22","date_gmt":"2023-07-15T17:42:22","guid":{"rendered":"https:\/\/fuentesfidedignas.com.mx\/?p=52873"},"modified":"2023-07-15T10:43:09","modified_gmt":"2023-07-15T17:43:09","slug":"al-menos-dos-muertos-tras-tiroteo-en-plaza-de-morelia","status":"publish","type":"post","link":"https:\/\/fuentesfidedignas.com.mx\/index.php\/2023\/07\/15\/al-menos-dos-muertos-tras-tiroteo-en-plaza-de-morelia\/","title":{"rendered":"Al menos dos muertos tras tiroteo en plaza de Morelia"},"content":{"rendered":"\n<p><strong><em>Por este hecho, se registr\u00f3 una fuerte movilizaci\u00f3n policiaca<\/em><\/strong><\/p>\n\n\n\n<p>Michoac\u00e1n. La tarde de este viernes se registraron detonaciones al interior de la plaza Las Am\u00e9ricas de&nbsp;<strong>Morelia<\/strong>,&nbsp;<strong>Michoac\u00e1n<\/strong>.<\/p>\n\n\n\n<p>Por este hecho, se registr\u00f3 una fuerte&nbsp;<strong>movilizaci\u00f3n policiaca<\/strong>. La&nbsp;<strong>Fiscal\u00eda<\/strong>&nbsp;estatal inform\u00f3 que participa en un&nbsp;<strong>dispositivo de seguridad<\/strong>&nbsp;para salvaguardar la integridad de los usuarios de la plaza.<\/p>\n\n\n\n<p>Cerca de las 17:41 h, la Secretar\u00eda de Seguridad P\u00fablica del estado inform\u00f3 que la situaci\u00f3n se encuentra bajo control.<\/p>\n\n\n\n<figure class=\"wp-block-embed is-type-rich is-provider-twitter wp-block-embed-twitter\"><div class=\"wp-block-embed__wrapper\">\n<blockquote class=\"twitter-tweet\" data-width=\"550\" data-dnt=\"true\"><p lang=\"es\" dir=\"ltr\">Nuestra <a href=\"https:\/\/twitter.com\/hashtag\/GuardiaCivil?src=hash&amp;ref_src=twsrc%5Etfw\">#GuardiaCivil<\/a> en coordinaci\u00f3n con la polic\u00eda municipal reforz\u00f3 el despliegue operativo en la capital michoacana, tras un reporte por detonaciones de arma de fuego en el estacionamiento en Plaza Las Am\u00e9ricas. La situaci\u00f3n se encuentra bajo control. <a href=\"https:\/\/twitter.com\/hashtag\/HonestidadyTrabajo?src=hash&amp;ref_src=twsrc%5Etfw\">#HonestidadyTrabajo<\/a> <a href=\"https:\/\/t.co\/YvIF8SxzCL\">pic.twitter.com\/YvIF8SxzCL<\/a><\/p>&mdash; SSP MICHOAC\u00c1N (@SSeguridad_Mich) <a href=\"https:\/\/twitter.com\/SSeguridad_Mich\/status\/1679999613091082243?ref_src=twsrc%5Etfw\">July 14, 2023<\/a><\/blockquote><script async src=\"https:\/\/platform.twitter.com\/widgets.js\" charset=\"utf-8\"><\/script>\n<\/div><\/figure>\n\n\n\n<p><strong>Reportes preliminares<\/strong>\u00a0hablan de dos personas muertas por este hecho.<\/p>\n\n\n\n<figure class=\"wp-block-embed is-type-rich is-provider-twitter wp-block-embed-twitter\"><div class=\"wp-block-embed__wrapper\">\n<blockquote class=\"twitter-tweet\" data-width=\"550\" data-dnt=\"true\"><p lang=\"es\" dir=\"ltr\">En la zona de comida r\u00e1pida en la plaza Las Am\u00e9ricas, comensales se tiraron al suelo tras escuchar las detonaciones<a href=\"https:\/\/t.co\/8eeMU1zD34\">pic.twitter.com\/8eeMU1zD34<\/a><\/p>&mdash; Joaqu\u00edn L\u00f3pez-D\u00f3riga (@lopezdoriga) <a href=\"https:\/\/twitter.com\/lopezdoriga\/status\/1679999061607284738?ref_src=twsrc%5Etfw\">July 14, 2023<\/a><\/blockquote><script async src=\"https:\/\/platform.twitter.com\/widgets.js\" charset=\"utf-8\"><\/script>\n<\/div><\/figure>\n","protected":false},"excerpt":{"rendered":"<p>Por este hecho, se registr\u00f3 una fuerte movilizaci\u00f3n policiaca Michoac\u00e1n. La tarde de este viernes se registraron detonaciones al interior de la plaza Las Am\u00e9ricas de&nbsp;Morelia,&nbsp;Michoac\u00e1n. Por este hecho, se registr\u00f3 una fuerte&nbsp;movilizaci\u00f3n policiaca. La&nbsp;Fiscal\u00eda&nbsp;estatal inform\u00f3 que participa en un&nbsp;dispositivo de seguridad&nbsp;para salvaguardar la integridad de los usuarios de la plaza. Cerca de las 17:41 [&hellip;]<\/p>\n","protected":false},"author":47,"featured_media":52875,"comment_status":"open","ping_status":"open","sticky":false,"template":"","format":"standard","meta":{"tdm_status":"","tdm_grid_status":"","footnotes":""},"categories":[39,1],"tags":[],"class_list":{"0":"post-52873","1":"post","2":"type-post","3":"status-publish","4":"format-standard","5":"has-post-thumbnail","7":"category-noticias-nacionales","8":"category-sin-categoria"},"yoast_head":"<!-- This site is optimized with the Yoast SEO plugin v27.4 - https:\/\/yoast.com\/product\/yoast-seo-wordpress\/ -->\n<title>Al menos dos muertos tras tiroteo en plaza de Morelia - Fuentes Fidedignas<\/title>\n<meta name=\"robots\" content=\"index, follow, max-snippet:-1, max-image-preview:large, max-video-preview:-1\" \/>\n<link rel=\"canonical\" href=\"https:\/\/fuentesfidedignas.com.mx\/index.php\/2023\/07\/15\/al-menos-dos-muertos-tras-tiroteo-en-plaza-de-morelia\/\" \/>\n<meta property=\"og:locale\" content=\"es_MX\" \/>\n<meta property=\"og:type\" content=\"article\" \/>\n<meta property=\"og:title\" content=\"Al menos dos muertos tras tiroteo en plaza de Morelia - Fuentes Fidedignas\" \/>\n<meta property=\"og:description\" content=\"Por este hecho, se registr\u00f3 una fuerte movilizaci\u00f3n policiaca Michoac\u00e1n. La tarde de este viernes se registraron detonaciones al interior de la plaza Las Am\u00e9ricas de&nbsp;Morelia,&nbsp;Michoac\u00e1n. Por este hecho, se registr\u00f3 una fuerte&nbsp;movilizaci\u00f3n policiaca. La&nbsp;Fiscal\u00eda&nbsp;estatal inform\u00f3 que participa en un&nbsp;dispositivo de seguridad&nbsp;para salvaguardar la integridad de los usuarios de la plaza. Cerca de las 17:41 [&hellip;]\" \/>\n<meta property=\"og:url\" content=\"https:\/\/fuentesfidedignas.com.mx\/index.php\/2023\/07\/15\/al-menos-dos-muertos-tras-tiroteo-en-plaza-de-morelia\/\" \/>\n<meta property=\"og:site_name\" content=\"Fuentes Fidedignas\" \/>\n<meta property=\"article:publisher\" content=\"https:\/\/www.facebook.com\/Fuentes-Fidedignas-368234489921644\" \/>\n<meta property=\"article:published_time\" content=\"2023-07-15T17:42:22+00:00\" \/>\n<meta property=\"article:modified_time\" content=\"2023-07-15T17:43:09+00:00\" \/>\n<meta property=\"og:image\" content=\"https:\/\/fuentesfidedignas.com.mx\/wp-content\/uploads\/2023\/07\/detonaciones-en-plaza-las-armas-de-morelia-michoacan.jpg\" \/>\n\t<meta property=\"og:image:width\" content=\"1200\" \/>\n\t<meta property=\"og:image:height\" content=\"675\" \/>\n\t<meta property=\"og:image:type\" content=\"image\/jpeg\" \/>\n<meta name=\"author\" content=\"L\u00f3pez D\u00f3riga\" \/>\n<meta name=\"twitter:card\" content=\"summary_large_image\" \/>\n<meta name=\"twitter:creator\" content=\"@fidedignas\" \/>\n<meta name=\"twitter:site\" content=\"@fidedignas\" \/>\n<meta name=\"twitter:label1\" content=\"Escrito por\" \/>\n\t<meta name=\"twitter:data1\" content=\"L\u00f3pez D\u00f3riga\" \/>\n\t<meta name=\"twitter:label2\" content=\"Tiempo de lectura\" \/>\n\t<meta name=\"twitter:data2\" content=\"1 minuto\" \/>\n<script type=\"application\/ld+json\" class=\"yoast-schema-graph\">{\"@context\":\"https:\\\/\\\/schema.org\",\"@graph\":[{\"@type\":\"Article\",\"@id\":\"https:\\\/\\\/fuentesfidedignas.com.mx\\\/index.php\\\/2023\\\/07\\\/15\\\/al-menos-dos-muertos-tras-tiroteo-en-plaza-de-morelia\\\/#article\",\"isPartOf\":{\"@id\":\"https:\\\/\\\/fuentesfidedignas.com.mx\\\/index.php\\\/2023\\\/07\\\/15\\\/al-menos-dos-muertos-tras-tiroteo-en-plaza-de-morelia\\\/\"},\"author\":{\"name\":\"L\u00f3pez D\u00f3riga\",\"@id\":\"https:\\\/\\\/fuentesfidedignas.com.mx\\\/#\\\/schema\\\/person\\\/67d852f0557c8509146a4b9ddebd543a\"},\"headline\":\"Al menos dos muertos tras tiroteo en plaza de Morelia\",\"datePublished\":\"2023-07-15T17:42:22+00:00\",\"dateModified\":\"2023-07-15T17:43:09+00:00\",\"mainEntityOfPage\":{\"@id\":\"https:\\\/\\\/fuentesfidedignas.com.mx\\\/index.php\\\/2023\\\/07\\\/15\\\/al-menos-dos-muertos-tras-tiroteo-en-plaza-de-morelia\\\/\"},\"wordCount\":137,\"commentCount\":0,\"publisher\":{\"@id\":\"https:\\\/\\\/fuentesfidedignas.com.mx\\\/#organization\"},\"image\":{\"@id\":\"https:\\\/\\\/fuentesfidedignas.com.mx\\\/index.php\\\/2023\\\/07\\\/15\\\/al-menos-dos-muertos-tras-tiroteo-en-plaza-de-morelia\\\/#primaryimage\"},\"thumbnailUrl\":\"https:\\\/\\\/fuentesfidedignas.com.mx\\\/wp-content\\\/uploads\\\/2023\\\/07\\\/detonaciones-en-plaza-las-armas-de-morelia-michoacan.jpg\",\"articleSection\":[\"NOTICIAS NACIONALES\"],\"inLanguage\":\"es\",\"potentialAction\":[{\"@type\":\"CommentAction\",\"name\":\"Comment\",\"target\":[\"https:\\\/\\\/fuentesfidedignas.com.mx\\\/index.php\\\/2023\\\/07\\\/15\\\/al-menos-dos-muertos-tras-tiroteo-en-plaza-de-morelia\\\/#respond\"]}]},{\"@type\":\"WebPage\",\"@id\":\"https:\\\/\\\/fuentesfidedignas.com.mx\\\/index.php\\\/2023\\\/07\\\/15\\\/al-menos-dos-muertos-tras-tiroteo-en-plaza-de-morelia\\\/\",\"url\":\"https:\\\/\\\/fuentesfidedignas.com.mx\\\/index.php\\\/2023\\\/07\\\/15\\\/al-menos-dos-muertos-tras-tiroteo-en-plaza-de-morelia\\\/\",\"name\":\"Al menos dos muertos tras tiroteo en plaza de Morelia - Fuentes Fidedignas\",\"isPartOf\":{\"@id\":\"https:\\\/\\\/fuentesfidedignas.com.mx\\\/#website\"},\"primaryImageOfPage\":{\"@id\":\"https:\\\/\\\/fuentesfidedignas.com.mx\\\/index.php\\\/2023\\\/07\\\/15\\\/al-menos-dos-muertos-tras-tiroteo-en-plaza-de-morelia\\\/#primaryimage\"},\"image\":{\"@id\":\"https:\\\/\\\/fuentesfidedignas.com.mx\\\/index.php\\\/2023\\\/07\\\/15\\\/al-menos-dos-muertos-tras-tiroteo-en-plaza-de-morelia\\\/#primaryimage\"},\"thumbnailUrl\":\"https:\\\/\\\/fuentesfidedignas.com.mx\\\/wp-content\\\/uploads\\\/2023\\\/07\\\/detonaciones-en-plaza-las-armas-de-morelia-michoacan.jpg\",\"datePublished\":\"2023-07-15T17:42:22+00:00\",\"dateModified\":\"2023-07-15T17:43:09+00:00\",\"breadcrumb\":{\"@id\":\"https:\\\/\\\/fuentesfidedignas.com.mx\\\/index.php\\\/2023\\\/07\\\/15\\\/al-menos-dos-muertos-tras-tiroteo-en-plaza-de-morelia\\\/#breadcrumb\"},\"inLanguage\":\"es\",\"potentialAction\":[{\"@type\":\"ReadAction\",\"target\":[\"https:\\\/\\\/fuentesfidedignas.com.mx\\\/index.php\\\/2023\\\/07\\\/15\\\/al-menos-dos-muertos-tras-tiroteo-en-plaza-de-morelia\\\/\"]}]},{\"@type\":\"ImageObject\",\"inLanguage\":\"es\",\"@id\":\"https:\\\/\\\/fuentesfidedignas.com.mx\\\/index.php\\\/2023\\\/07\\\/15\\\/al-menos-dos-muertos-tras-tiroteo-en-plaza-de-morelia\\\/#primaryimage\",\"url\":\"https:\\\/\\\/fuentesfidedignas.com.mx\\\/wp-content\\\/uploads\\\/2023\\\/07\\\/detonaciones-en-plaza-las-armas-de-morelia-michoacan.jpg\",\"contentUrl\":\"https:\\\/\\\/fuentesfidedignas.com.mx\\\/wp-content\\\/uploads\\\/2023\\\/07\\\/detonaciones-en-plaza-las-armas-de-morelia-michoacan.jpg\",\"width\":1200,\"height\":675},{\"@type\":\"BreadcrumbList\",\"@id\":\"https:\\\/\\\/fuentesfidedignas.com.mx\\\/index.php\\\/2023\\\/07\\\/15\\\/al-menos-dos-muertos-tras-tiroteo-en-plaza-de-morelia\\\/#breadcrumb\",\"itemListElement\":[{\"@type\":\"ListItem\",\"position\":1,\"name\":\"Inicio\",\"item\":\"https:\\\/\\\/fuentesfidedignas.com.mx\\\/\"},{\"@type\":\"ListItem\",\"position\":2,\"name\":\"Al menos dos muertos tras tiroteo en plaza de Morelia\"}]},{\"@type\":\"WebSite\",\"@id\":\"https:\\\/\\\/fuentesfidedignas.com.mx\\\/#website\",\"url\":\"https:\\\/\\\/fuentesfidedignas.com.mx\\\/\",\"name\":\"Fuentes Fidedignas\",\"description\":\"Otro sitio realizado con WordPress\",\"publisher\":{\"@id\":\"https:\\\/\\\/fuentesfidedignas.com.mx\\\/#organization\"},\"potentialAction\":[{\"@type\":\"SearchAction\",\"target\":{\"@type\":\"EntryPoint\",\"urlTemplate\":\"https:\\\/\\\/fuentesfidedignas.com.mx\\\/?s={search_term_string}\"},\"query-input\":{\"@type\":\"PropertyValueSpecification\",\"valueRequired\":true,\"valueName\":\"search_term_string\"}}],\"inLanguage\":\"es\"},{\"@type\":\"Organization\",\"@id\":\"https:\\\/\\\/fuentesfidedignas.com.mx\\\/#organization\",\"name\":\"Fuentes Fidedignas\",\"url\":\"https:\\\/\\\/fuentesfidedignas.com.mx\\\/\",\"logo\":{\"@type\":\"ImageObject\",\"inLanguage\":\"es\",\"@id\":\"https:\\\/\\\/fuentesfidedignas.com.mx\\\/#\\\/schema\\\/logo\\\/image\\\/\",\"url\":\"https:\\\/\\\/fuentesfidedignas.com.mx\\\/wp-content\\\/uploads\\\/2021\\\/04\\\/logo-retina.png\",\"contentUrl\":\"https:\\\/\\\/fuentesfidedignas.com.mx\\\/wp-content\\\/uploads\\\/2021\\\/04\\\/logo-retina.png\",\"width\":280,\"height\":51,\"caption\":\"Fuentes Fidedignas\"},\"image\":{\"@id\":\"https:\\\/\\\/fuentesfidedignas.com.mx\\\/#\\\/schema\\\/logo\\\/image\\\/\"},\"sameAs\":[\"https:\\\/\\\/www.facebook.com\\\/Fuentes-Fidedignas-368234489921644\",\"https:\\\/\\\/x.com\\\/fidedignas\"]},{\"@type\":\"Person\",\"@id\":\"https:\\\/\\\/fuentesfidedignas.com.mx\\\/#\\\/schema\\\/person\\\/67d852f0557c8509146a4b9ddebd543a\",\"name\":\"L\u00f3pez D\u00f3riga\",\"image\":{\"@type\":\"ImageObject\",\"inLanguage\":\"es\",\"@id\":\"https:\\\/\\\/secure.gravatar.com\\\/avatar\\\/e525b06574ca18b33cded59dfe5778d6c823b9513154eff47da551b0551bdd1e?s=96&d=mm&r=g\",\"url\":\"https:\\\/\\\/secure.gravatar.com\\\/avatar\\\/e525b06574ca18b33cded59dfe5778d6c823b9513154eff47da551b0551bdd1e?s=96&d=mm&r=g\",\"contentUrl\":\"https:\\\/\\\/secure.gravatar.com\\\/avatar\\\/e525b06574ca18b33cded59dfe5778d6c823b9513154eff47da551b0551bdd1e?s=96&d=mm&r=g\",\"caption\":\"L\u00f3pez D\u00f3riga\"},\"url\":\"https:\\\/\\\/fuentesfidedignas.com.mx\\\/index.php\\\/author\\\/doriga\\\/\"}]}<\/script>\n<!-- \/ Yoast SEO plugin. -->","yoast_head_json":{"title":"Al menos dos muertos tras tiroteo en plaza de Morelia - Fuentes Fidedignas","robots":{"index":"index","follow":"follow","max-snippet":"max-snippet:-1","max-image-preview":"max-image-preview:large","max-video-preview":"max-video-preview:-1"},"canonical":"https:\/\/fuentesfidedignas.com.mx\/index.php\/2023\/07\/15\/al-menos-dos-muertos-tras-tiroteo-en-plaza-de-morelia\/","og_locale":"es_MX","og_type":"article","og_title":"Al menos dos muertos tras tiroteo en plaza de Morelia - Fuentes Fidedignas","og_description":"Por este hecho, se registr\u00f3 una fuerte movilizaci\u00f3n policiaca Michoac\u00e1n. La tarde de este viernes se registraron detonaciones al interior de la plaza Las Am\u00e9ricas de&nbsp;Morelia,&nbsp;Michoac\u00e1n. Por este hecho, se registr\u00f3 una fuerte&nbsp;movilizaci\u00f3n policiaca. La&nbsp;Fiscal\u00eda&nbsp;estatal inform\u00f3 que participa en un&nbsp;dispositivo de seguridad&nbsp;para salvaguardar la integridad de los usuarios de la plaza. Cerca de las 17:41 [&hellip;]","og_url":"https:\/\/fuentesfidedignas.com.mx\/index.php\/2023\/07\/15\/al-menos-dos-muertos-tras-tiroteo-en-plaza-de-morelia\/","og_site_name":"Fuentes Fidedignas","article_publisher":"https:\/\/www.facebook.com\/Fuentes-Fidedignas-368234489921644","article_published_time":"2023-07-15T17:42:22+00:00","article_modified_time":"2023-07-15T17:43:09+00:00","og_image":[{"width":1200,"height":675,"url":"https:\/\/fuentesfidedignas.com.mx\/wp-content\/uploads\/2023\/07\/detonaciones-en-plaza-las-armas-de-morelia-michoacan.jpg","type":"image\/jpeg"}],"author":"L\u00f3pez D\u00f3riga","twitter_card":"summary_large_image","twitter_creator":"@fidedignas","twitter_site":"@fidedignas","twitter_misc":{"Escrito por":"L\u00f3pez D\u00f3riga","Tiempo de lectura":"1 minuto"},"schema":{"@context":"https:\/\/schema.org","@graph":[{"@type":"Article","@id":"https:\/\/fuentesfidedignas.com.mx\/index.php\/2023\/07\/15\/al-menos-dos-muertos-tras-tiroteo-en-plaza-de-morelia\/#article","isPartOf":{"@id":"https:\/\/fuentesfidedignas.com.mx\/index.php\/2023\/07\/15\/al-menos-dos-muertos-tras-tiroteo-en-plaza-de-morelia\/"},"author":{"name":"L\u00f3pez D\u00f3riga","@id":"https:\/\/fuentesfidedignas.com.mx\/#\/schema\/person\/67d852f0557c8509146a4b9ddebd543a"},"headline":"Al menos dos muertos tras tiroteo en plaza de Morelia","datePublished":"2023-07-15T17:42:22+00:00","dateModified":"2023-07-15T17:43:09+00:00","mainEntityOfPage":{"@id":"https:\/\/fuentesfidedignas.com.mx\/index.php\/2023\/07\/15\/al-menos-dos-muertos-tras-tiroteo-en-plaza-de-morelia\/"},"wordCount":137,"commentCount":0,"publisher":{"@id":"https:\/\/fuentesfidedignas.com.mx\/#organization"},"image":{"@id":"https:\/\/fuentesfidedignas.com.mx\/index.php\/2023\/07\/15\/al-menos-dos-muertos-tras-tiroteo-en-plaza-de-morelia\/#primaryimage"},"thumbnailUrl":"https:\/\/fuentesfidedignas.com.mx\/wp-content\/uploads\/2023\/07\/detonaciones-en-plaza-las-armas-de-morelia-michoacan.jpg","articleSection":["NOTICIAS NACIONALES"],"inLanguage":"es","potentialAction":[{"@type":"CommentAction","name":"Comment","target":["https:\/\/fuentesfidedignas.com.mx\/index.php\/2023\/07\/15\/al-menos-dos-muertos-tras-tiroteo-en-plaza-de-morelia\/#respond"]}]},{"@type":"WebPage","@id":"https:\/\/fuentesfidedignas.com.mx\/index.php\/2023\/07\/15\/al-menos-dos-muertos-tras-tiroteo-en-plaza-de-morelia\/","url":"https:\/\/fuentesfidedignas.com.mx\/index.php\/2023\/07\/15\/al-menos-dos-muertos-tras-tiroteo-en-plaza-de-morelia\/","name":"Al menos dos muertos tras tiroteo en plaza de Morelia - Fuentes Fidedignas","isPartOf":{"@id":"https:\/\/fuentesfidedignas.com.mx\/#website"},"primaryImageOfPage":{"@id":"https:\/\/fuentesfidedignas.com.mx\/index.php\/2023\/07\/15\/al-menos-dos-muertos-tras-tiroteo-en-plaza-de-morelia\/#primaryimage"},"image":{"@id":"https:\/\/fuentesfidedignas.com.mx\/index.php\/2023\/07\/15\/al-menos-dos-muertos-tras-tiroteo-en-plaza-de-morelia\/#primaryimage"},"thumbnailUrl":"https:\/\/fuentesfidedignas.com.mx\/wp-content\/uploads\/2023\/07\/detonaciones-en-plaza-las-armas-de-morelia-michoacan.jpg","datePublished":"2023-07-15T17:42:22+00:00","dateModified":"2023-07-15T17:43:09+00:00","breadcrumb":{"@id":"https:\/\/fuentesfidedignas.com.mx\/index.php\/2023\/07\/15\/al-menos-dos-muertos-tras-tiroteo-en-plaza-de-morelia\/#breadcrumb"},"inLanguage":"es","potentialAction":[{"@type":"ReadAction","target":["https:\/\/fuentesfidedignas.com.mx\/index.php\/2023\/07\/15\/al-menos-dos-muertos-tras-tiroteo-en-plaza-de-morelia\/"]}]},{"@type":"ImageObject","inLanguage":"es","@id":"https:\/\/fuentesfidedignas.com.mx\/index.php\/2023\/07\/15\/al-menos-dos-muertos-tras-tiroteo-en-plaza-de-morelia\/#primaryimage","url":"https:\/\/fuentesfidedignas.com.mx\/wp-content\/uploads\/2023\/07\/detonaciones-en-plaza-las-armas-de-morelia-michoacan.jpg","contentUrl":"https:\/\/fuentesfidedignas.com.mx\/wp-content\/uploads\/2023\/07\/detonaciones-en-plaza-las-armas-de-morelia-michoacan.jpg","width":1200,"height":675},{"@type":"BreadcrumbList","@id":"https:\/\/fuentesfidedignas.com.mx\/index.php\/2023\/07\/15\/al-menos-dos-muertos-tras-tiroteo-en-plaza-de-morelia\/#breadcrumb","itemListElement":[{"@type":"ListItem","position":1,"name":"Inicio","item":"https:\/\/fuentesfidedignas.com.mx\/"},{"@type":"ListItem","position":2,"name":"Al menos dos muertos tras tiroteo en plaza de Morelia"}]},{"@type":"WebSite","@id":"https:\/\/fuentesfidedignas.com.mx\/#website","url":"https:\/\/fuentesfidedignas.com.mx\/","name":"Fuentes Fidedignas","description":"Otro sitio realizado con WordPress","publisher":{"@id":"https:\/\/fuentesfidedignas.com.mx\/#organization"},"potentialAction":[{"@type":"SearchAction","target":{"@type":"EntryPoint","urlTemplate":"https:\/\/fuentesfidedignas.com.mx\/?s={search_term_string}"},"query-input":{"@type":"PropertyValueSpecification","valueRequired":true,"valueName":"search_term_string"}}],"inLanguage":"es"},{"@type":"Organization","@id":"https:\/\/fuentesfidedignas.com.mx\/#organization","name":"Fuentes Fidedignas","url":"https:\/\/fuentesfidedignas.com.mx\/","logo":{"@type":"ImageObject","inLanguage":"es","@id":"https:\/\/fuentesfidedignas.com.mx\/#\/schema\/logo\/image\/","url":"https:\/\/fuentesfidedignas.com.mx\/wp-content\/uploads\/2021\/04\/logo-retina.png","contentUrl":"https:\/\/fuentesfidedignas.com.mx\/wp-content\/uploads\/2021\/04\/logo-retina.png","width":280,"height":51,"caption":"Fuentes Fidedignas"},"image":{"@id":"https:\/\/fuentesfidedignas.com.mx\/#\/schema\/logo\/image\/"},"sameAs":["https:\/\/www.facebook.com\/Fuentes-Fidedignas-368234489921644","https:\/\/x.com\/fidedignas"]},{"@type":"Person","@id":"https:\/\/fuentesfidedignas.com.mx\/#\/schema\/person\/67d852f0557c8509146a4b9ddebd543a","name":"L\u00f3pez D\u00f3riga","image":{"@type":"ImageObject","inLanguage":"es","@id":"https:\/\/secure.gravatar.com\/avatar\/e525b06574ca18b33cded59dfe5778d6c823b9513154eff47da551b0551bdd1e?s=96&d=mm&r=g","url":"https:\/\/secure.gravatar.com\/avatar\/e525b06574ca18b33cded59dfe5778d6c823b9513154eff47da551b0551bdd1e?s=96&d=mm&r=g","contentUrl":"https:\/\/secure.gravatar.com\/avatar\/e525b06574ca18b33cded59dfe5778d6c823b9513154eff47da551b0551bdd1e?s=96&d=mm&r=g","caption":"L\u00f3pez D\u00f3riga"},"url":"https:\/\/fuentesfidedignas.com.mx\/index.php\/author\/doriga\/"}]}},"_links":{"self":[{"href":"https:\/\/fuentesfidedignas.com.mx\/index.php\/wp-json\/wp\/v2\/posts\/52873","targetHints":{"allow":["GET"]}}],"collection":[{"href":"https:\/\/fuentesfidedignas.com.mx\/index.php\/wp-json\/wp\/v2\/posts"}],"about":[{"href":"https:\/\/fuentesfidedignas.com.mx\/index.php\/wp-json\/wp\/v2\/types\/post"}],"author":[{"embeddable":true,"href":"https:\/\/fuentesfidedignas.com.mx\/index.php\/wp-json\/wp\/v2\/users\/47"}],"replies":[{"embeddable":true,"href":"https:\/\/fuentesfidedignas.com.mx\/index.php\/wp-json\/wp\/v2\/comments?post=52873"}],"version-history":[{"count":1,"href":"https:\/\/fuentesfidedignas.com.mx\/index.php\/wp-json\/wp\/v2\/posts\/52873\/revisions"}],"predecessor-version":[{"id":52874,"href":"https:\/\/fuentesfidedignas.com.mx\/index.php\/wp-json\/wp\/v2\/posts\/52873\/revisions\/52874"}],"wp:featuredmedia":[{"embeddable":true,"href":"https:\/\/fuentesfidedignas.com.mx\/index.php\/wp-json\/wp\/v2\/media\/52875"}],"wp:attachment":[{"href":"https:\/\/fuentesfidedignas.com.mx\/index.php\/wp-json\/wp\/v2\/media?parent=52873"}],"wp:term":[{"taxonomy":"category","embeddable":true,"href":"https:\/\/fuentesfidedignas.com.mx\/index.php\/wp-json\/wp\/v2\/categories?post=52873"},{"taxonomy":"post_tag","embeddable":true,"href":"https:\/\/fuentesfidedignas.com.mx\/index.php\/wp-json\/wp\/v2\/tags?post=52873"}],"curies":[{"name":"wp","href":"https:\/\/api.w.org\/{rel}","templated":true}]}}