{"id":52866,"date":"2023-07-15T09:29:19","date_gmt":"2023-07-15T16:29:19","guid":{"rendered":"https:\/\/fuentesfidedignas.com.mx\/?p=52866"},"modified":"2023-07-15T10:30:34","modified_gmt":"2023-07-15T17:30:34","slug":"universitarios-en-solidaridad-apoyan-al-rector-ante-persecucion-politica-a-la-uas","status":"publish","type":"post","link":"https:\/\/fuentesfidedignas.com.mx\/index.php\/2023\/07\/15\/universitarios-en-solidaridad-apoyan-al-rector-ante-persecucion-politica-a-la-uas\/","title":{"rendered":"Universitarios en solidaridad; apoyan al Rector ante &#8216;persecuci\u00f3n pol\u00edtica a la UAS&#8217;"},"content":{"rendered":"\n<p><\/p>\n\n\n\n<p>Culiac\u00e1n, Sin.- Con el objetivo de mostrar solidaridad con el Rector de la Universidad Aut\u00f3noma de Sinaloa (UAS) durante su primera Audiencia ante el Juez, universitarios que a temprana hora se dieron cita en las instalaciones de la Sede Regional de Justicia Penal Acusatoria y Oral Zona Centro, mediante palabras de aliento y unidos, demostraron su apoyo y respaldo al doctor Jes\u00fas Madue\u00f1a Molina.<\/p>\n\n\n\n<figure class=\"wp-block-gallery has-nested-images columns-default is-cropped wp-block-gallery-1 is-layout-flex wp-block-gallery-is-layout-flex\">\n<figure class=\"wp-block-image size-large\"><img decoding=\"async\" width=\"1024\" height=\"682\" data-id=\"52867\" src=\"https:\/\/fuentesfidedignas.com.mx\/wp-content\/uploads\/2023\/07\/1000093600.jpg\" alt=\"\" class=\"wp-image-52867\" srcset=\"https:\/\/fuentesfidedignas.com.mx\/wp-content\/uploads\/2023\/07\/1000093600.jpg 1024w, https:\/\/fuentesfidedignas.com.mx\/wp-content\/uploads\/2023\/07\/1000093600-300x200.jpg 300w, https:\/\/fuentesfidedignas.com.mx\/wp-content\/uploads\/2023\/07\/1000093600-768x512.jpg 768w\" sizes=\"(max-width: 1024px) 100vw, 1024px\" \/><\/figure>\n\n\n\n<figure class=\"wp-block-image size-large\"><img decoding=\"async\" width=\"1024\" height=\"682\" data-id=\"52868\" src=\"https:\/\/fuentesfidedignas.com.mx\/wp-content\/uploads\/2023\/07\/1000093602.jpg\" alt=\"\" class=\"wp-image-52868\" srcset=\"https:\/\/fuentesfidedignas.com.mx\/wp-content\/uploads\/2023\/07\/1000093602.jpg 1024w, https:\/\/fuentesfidedignas.com.mx\/wp-content\/uploads\/2023\/07\/1000093602-300x200.jpg 300w, https:\/\/fuentesfidedignas.com.mx\/wp-content\/uploads\/2023\/07\/1000093602-768x512.jpg 768w\" sizes=\"(max-width: 1024px) 100vw, 1024px\" \/><\/figure>\n\n\n\n<figure class=\"wp-block-image size-large\"><img decoding=\"async\" width=\"1024\" height=\"682\" data-id=\"52869\" src=\"https:\/\/fuentesfidedignas.com.mx\/wp-content\/uploads\/2023\/07\/1000093603.jpg\" alt=\"\" class=\"wp-image-52869\" srcset=\"https:\/\/fuentesfidedignas.com.mx\/wp-content\/uploads\/2023\/07\/1000093603.jpg 1024w, https:\/\/fuentesfidedignas.com.mx\/wp-content\/uploads\/2023\/07\/1000093603-300x200.jpg 300w, https:\/\/fuentesfidedignas.com.mx\/wp-content\/uploads\/2023\/07\/1000093603-768x512.jpg 768w\" sizes=\"(max-width: 1024px) 100vw, 1024px\" \/><\/figure>\n\n\n\n<figure class=\"wp-block-image size-large\"><img decoding=\"async\" width=\"681\" height=\"1024\" data-id=\"52870\" src=\"https:\/\/fuentesfidedignas.com.mx\/wp-content\/uploads\/2023\/07\/1000093604.jpg\" alt=\"\" class=\"wp-image-52870\" srcset=\"https:\/\/fuentesfidedignas.com.mx\/wp-content\/uploads\/2023\/07\/1000093604.jpg 681w, https:\/\/fuentesfidedignas.com.mx\/wp-content\/uploads\/2023\/07\/1000093604-200x300.jpg 200w\" sizes=\"(max-width: 681px) 100vw, 681px\" \/><\/figure>\n<\/figure>\n\n\n\n<p>Marisol Mendoza Flores y Gilberto Berrelleza, directores de la Preparatoria Central Diurna y la Direcci\u00f3n General de Deportes, respectivamente, destacaron los motivos por los cuales como universitarios luchan por detener la persecuci\u00f3n pol\u00edtica y la violaci\u00f3n a la autonom\u00eda que sufre la M\u00e1xima Casa de Estudios y sus funcionarios.<\/p>\n\n\n\n<p>\u201c<strong>Estamos aqu\u00ed porque creemos que ya hay que ponerle un alto a la persecuci\u00f3n que se est\u00e1 haciendo a la UAS y a nuestras autoridades dirigentes, (\u2026) no se est\u00e1 agrediendo \u00fanicamente a una sola persona, es a todos los universitarios, y como tal, pedimos al se\u00f1or Gobernador que ponga un alto a esta persecuci\u00f3n y nos deje trabajar como lo hemos estado haciendo con calidad acad\u00e9mica, implementando lo que realmente sabemos hacer, que es formar a los estudiantes<\/strong>\u201d, mencion\u00f3 Marisol Mendoza Flores.<\/p>\n\n\n\n<p>\u201c<strong>Todos estamos aqu\u00ed por un bien com\u00fan de la instituci\u00f3n, defendiendo sobre todo la Autonom\u00eda de la Universidad, defendiendo los derechos de nuestro Rector, y sobre todo defendiendo los valores de todos los trabajadores universitarios<\/strong>\u201d, agreg\u00f3 Gilberto Berrelleza.<\/p>\n\n\n\n<p>Del mismo modo, universitarios que acudieron al llamado del Rector desde la Unidad Regional Norte, resaltaron su compromiso por defender la Autonom\u00eda Universitaria, el Rector y los funcionarios, que desde la publicaci\u00f3n de la Ley de Educaci\u00f3n Superior del Estado de Sinaloa han sufrido de ataques constantes de las dependencias gubernamentales.<\/p>\n\n\n\n<p>\u201c<strong>La justicia est\u00e1 de nuestro lado, la UAS, como dice en su nombre, Aut\u00f3noma, ha querido ser violentada por un ente, el Poder Ejecutivo y Congreso del Estado, y por ello nosotros estamos en una lucha en donde no podemos permitir que se violente esa autonom\u00eda<\/strong>\u201d, indic\u00f3 Cesar Osvaldo Garc\u00eda Cota, director de la Preparatoria Los Mochis.<\/p>\n\n\n\n<p>\u201cTodos los universitarios estamos conscientes de las injusticias que se est\u00e1n haciendo desde el Gobierno, no es posible que quiera apoderarse de nuestra universidad, defendemos la Autonom\u00eda de la Universidad, porque somos grandes y somos UAS\u201d, coment\u00f3 Santos Rosa Irene Tong N\u00fa\u00f1ez, profesora de la Facultad de Trabajo Social Los Mochis.<\/p>\n\n\n\n<p>Candelario Ortiz Bueno, titular de la Direcci\u00f3n General de Escuelas Preparatorias (DGEP), concluy\u00f3 con un mensaje de apoyo al Rector e invit\u00f3 a la ciudadan\u00eda a sumarse en esta lucha por defender la Casa Rosalina, fuente de formaci\u00f3n acad\u00e9mica y profesional de los sinaloenses.<\/p>\n\n\n\n<p>\u201c<strong>Invitar a la ciudadan\u00eda, a los alumnos, ex alumnos, padres de familia y p\u00fablico en general a que se sume a esta muestra de apoyo a nuestro Rector y a nuestra Universidad, a la Autonom\u00eda de la Universidad Aut\u00f3noma de Sinaloa<\/strong>\u201d, finaliz\u00f3.<\/p>\n","protected":false},"excerpt":{"rendered":"<p>Culiac\u00e1n, Sin.- Con el objetivo de mostrar solidaridad con el Rector de la Universidad Aut\u00f3noma de Sinaloa (UAS) durante su primera Audiencia ante el Juez, universitarios que a temprana hora se dieron cita en las instalaciones de la Sede Regional de Justicia Penal Acusatoria y Oral Zona Centro, mediante palabras de aliento y unidos, demostraron [&hellip;]<\/p>\n","protected":false},"author":4,"featured_media":52872,"comment_status":"open","ping_status":"open","sticky":false,"template":"","format":"standard","meta":{"tdm_status":"","tdm_grid_status":"","footnotes":""},"categories":[37,1],"tags":[],"class_list":{"0":"post-52866","1":"post","2":"type-post","3":"status-publish","4":"format-standard","5":"has-post-thumbnail","7":"category-nota-principal","8":"category-sin-categoria"},"yoast_head":"<!-- This site is optimized with the Yoast SEO plugin v27.5 - https:\/\/yoast.com\/product\/yoast-seo-wordpress\/ -->\n<title>Universitarios en solidaridad; apoyan al Rector ante &#039;persecuci\u00f3n pol\u00edtica a la UAS&#039; - Fuentes Fidedignas<\/title>\n<meta name=\"robots\" content=\"index, follow, max-snippet:-1, max-image-preview:large, max-video-preview:-1\" \/>\n<link rel=\"canonical\" href=\"https:\/\/fuentesfidedignas.com.mx\/index.php\/2023\/07\/15\/universitarios-en-solidaridad-apoyan-al-rector-ante-persecucion-politica-a-la-uas\/\" \/>\n<meta property=\"og:locale\" content=\"es_MX\" \/>\n<meta property=\"og:type\" content=\"article\" \/>\n<meta property=\"og:title\" content=\"Universitarios en solidaridad; apoyan al Rector ante &#039;persecuci\u00f3n pol\u00edtica a la UAS&#039; - Fuentes Fidedignas\" \/>\n<meta property=\"og:description\" content=\"Culiac\u00e1n, Sin.- Con el objetivo de mostrar solidaridad con el Rector de la Universidad Aut\u00f3noma de Sinaloa (UAS) durante su primera Audiencia ante el Juez, universitarios que a temprana hora se dieron cita en las instalaciones de la Sede Regional de Justicia Penal Acusatoria y Oral Zona Centro, mediante palabras de aliento y unidos, demostraron [&hellip;]\" \/>\n<meta property=\"og:url\" content=\"https:\/\/fuentesfidedignas.com.mx\/index.php\/2023\/07\/15\/universitarios-en-solidaridad-apoyan-al-rector-ante-persecucion-politica-a-la-uas\/\" \/>\n<meta property=\"og:site_name\" content=\"Fuentes Fidedignas\" \/>\n<meta property=\"article:publisher\" content=\"https:\/\/www.facebook.com\/Fuentes-Fidedignas-368234489921644\" \/>\n<meta property=\"article:published_time\" content=\"2023-07-15T16:29:19+00:00\" \/>\n<meta property=\"article:modified_time\" content=\"2023-07-15T17:30:34+00:00\" \/>\n<meta property=\"og:image\" content=\"https:\/\/fuentesfidedignas.com.mx\/wp-content\/uploads\/2023\/07\/UNIVERSITARIOS-2.jpeg\" \/>\n\t<meta property=\"og:image:width\" content=\"1024\" \/>\n\t<meta property=\"og:image:height\" content=\"682\" \/>\n\t<meta property=\"og:image:type\" content=\"image\/jpeg\" \/>\n<meta name=\"author\" content=\"Redacci\u00f3n\" \/>\n<meta name=\"twitter:card\" content=\"summary_large_image\" \/>\n<meta name=\"twitter:creator\" content=\"@fidedignas\" \/>\n<meta name=\"twitter:site\" content=\"@fidedignas\" \/>\n<meta name=\"twitter:label1\" content=\"Escrito por\" \/>\n\t<meta name=\"twitter:data1\" content=\"Redacci\u00f3n\" \/>\n\t<meta name=\"twitter:label2\" content=\"Tiempo de lectura\" \/>\n\t<meta name=\"twitter:data2\" content=\"3 minutos\" \/>\n<script type=\"application\/ld+json\" class=\"yoast-schema-graph\">{\"@context\":\"https:\\\/\\\/schema.org\",\"@graph\":[{\"@type\":\"Article\",\"@id\":\"https:\\\/\\\/fuentesfidedignas.com.mx\\\/index.php\\\/2023\\\/07\\\/15\\\/universitarios-en-solidaridad-apoyan-al-rector-ante-persecucion-politica-a-la-uas\\\/#article\",\"isPartOf\":{\"@id\":\"https:\\\/\\\/fuentesfidedignas.com.mx\\\/index.php\\\/2023\\\/07\\\/15\\\/universitarios-en-solidaridad-apoyan-al-rector-ante-persecucion-politica-a-la-uas\\\/\"},\"author\":{\"name\":\"Redacci\u00f3n\",\"@id\":\"https:\\\/\\\/fuentesfidedignas.com.mx\\\/#\\\/schema\\\/person\\\/331be9283d37198e2acd5750279085b0\"},\"headline\":\"Universitarios en solidaridad; apoyan al Rector ante &#8216;persecuci\u00f3n pol\u00edtica a la UAS&#8217;\",\"datePublished\":\"2023-07-15T16:29:19+00:00\",\"dateModified\":\"2023-07-15T17:30:34+00:00\",\"mainEntityOfPage\":{\"@id\":\"https:\\\/\\\/fuentesfidedignas.com.mx\\\/index.php\\\/2023\\\/07\\\/15\\\/universitarios-en-solidaridad-apoyan-al-rector-ante-persecucion-politica-a-la-uas\\\/\"},\"wordCount\":527,\"commentCount\":0,\"publisher\":{\"@id\":\"https:\\\/\\\/fuentesfidedignas.com.mx\\\/#organization\"},\"image\":{\"@id\":\"https:\\\/\\\/fuentesfidedignas.com.mx\\\/index.php\\\/2023\\\/07\\\/15\\\/universitarios-en-solidaridad-apoyan-al-rector-ante-persecucion-politica-a-la-uas\\\/#primaryimage\"},\"thumbnailUrl\":\"https:\\\/\\\/fuentesfidedignas.com.mx\\\/wp-content\\\/uploads\\\/2023\\\/07\\\/UNIVERSITARIOS-2.jpeg\",\"articleSection\":[\"NOTA PRINCIPAL\"],\"inLanguage\":\"es\",\"potentialAction\":[{\"@type\":\"CommentAction\",\"name\":\"Comment\",\"target\":[\"https:\\\/\\\/fuentesfidedignas.com.mx\\\/index.php\\\/2023\\\/07\\\/15\\\/universitarios-en-solidaridad-apoyan-al-rector-ante-persecucion-politica-a-la-uas\\\/#respond\"]}]},{\"@type\":\"WebPage\",\"@id\":\"https:\\\/\\\/fuentesfidedignas.com.mx\\\/index.php\\\/2023\\\/07\\\/15\\\/universitarios-en-solidaridad-apoyan-al-rector-ante-persecucion-politica-a-la-uas\\\/\",\"url\":\"https:\\\/\\\/fuentesfidedignas.com.mx\\\/index.php\\\/2023\\\/07\\\/15\\\/universitarios-en-solidaridad-apoyan-al-rector-ante-persecucion-politica-a-la-uas\\\/\",\"name\":\"Universitarios en solidaridad; apoyan al Rector ante 'persecuci\u00f3n pol\u00edtica a la UAS' - Fuentes Fidedignas\",\"isPartOf\":{\"@id\":\"https:\\\/\\\/fuentesfidedignas.com.mx\\\/#website\"},\"primaryImageOfPage\":{\"@id\":\"https:\\\/\\\/fuentesfidedignas.com.mx\\\/index.php\\\/2023\\\/07\\\/15\\\/universitarios-en-solidaridad-apoyan-al-rector-ante-persecucion-politica-a-la-uas\\\/#primaryimage\"},\"image\":{\"@id\":\"https:\\\/\\\/fuentesfidedignas.com.mx\\\/index.php\\\/2023\\\/07\\\/15\\\/universitarios-en-solidaridad-apoyan-al-rector-ante-persecucion-politica-a-la-uas\\\/#primaryimage\"},\"thumbnailUrl\":\"https:\\\/\\\/fuentesfidedignas.com.mx\\\/wp-content\\\/uploads\\\/2023\\\/07\\\/UNIVERSITARIOS-2.jpeg\",\"datePublished\":\"2023-07-15T16:29:19+00:00\",\"dateModified\":\"2023-07-15T17:30:34+00:00\",\"breadcrumb\":{\"@id\":\"https:\\\/\\\/fuentesfidedignas.com.mx\\\/index.php\\\/2023\\\/07\\\/15\\\/universitarios-en-solidaridad-apoyan-al-rector-ante-persecucion-politica-a-la-uas\\\/#breadcrumb\"},\"inLanguage\":\"es\",\"potentialAction\":[{\"@type\":\"ReadAction\",\"target\":[\"https:\\\/\\\/fuentesfidedignas.com.mx\\\/index.php\\\/2023\\\/07\\\/15\\\/universitarios-en-solidaridad-apoyan-al-rector-ante-persecucion-politica-a-la-uas\\\/\"]}]},{\"@type\":\"ImageObject\",\"inLanguage\":\"es\",\"@id\":\"https:\\\/\\\/fuentesfidedignas.com.mx\\\/index.php\\\/2023\\\/07\\\/15\\\/universitarios-en-solidaridad-apoyan-al-rector-ante-persecucion-politica-a-la-uas\\\/#primaryimage\",\"url\":\"https:\\\/\\\/fuentesfidedignas.com.mx\\\/wp-content\\\/uploads\\\/2023\\\/07\\\/UNIVERSITARIOS-2.jpeg\",\"contentUrl\":\"https:\\\/\\\/fuentesfidedignas.com.mx\\\/wp-content\\\/uploads\\\/2023\\\/07\\\/UNIVERSITARIOS-2.jpeg\",\"width\":1024,\"height\":682},{\"@type\":\"BreadcrumbList\",\"@id\":\"https:\\\/\\\/fuentesfidedignas.com.mx\\\/index.php\\\/2023\\\/07\\\/15\\\/universitarios-en-solidaridad-apoyan-al-rector-ante-persecucion-politica-a-la-uas\\\/#breadcrumb\",\"itemListElement\":[{\"@type\":\"ListItem\",\"position\":1,\"name\":\"Inicio\",\"item\":\"https:\\\/\\\/fuentesfidedignas.com.mx\\\/\"},{\"@type\":\"ListItem\",\"position\":2,\"name\":\"Universitarios en solidaridad; apoyan al Rector ante &#8216;persecuci\u00f3n pol\u00edtica a la UAS&#8217;\"}]},{\"@type\":\"WebSite\",\"@id\":\"https:\\\/\\\/fuentesfidedignas.com.mx\\\/#website\",\"url\":\"https:\\\/\\\/fuentesfidedignas.com.mx\\\/\",\"name\":\"Fuentes Fidedignas\",\"description\":\"Otro sitio realizado con WordPress\",\"publisher\":{\"@id\":\"https:\\\/\\\/fuentesfidedignas.com.mx\\\/#organization\"},\"potentialAction\":[{\"@type\":\"SearchAction\",\"target\":{\"@type\":\"EntryPoint\",\"urlTemplate\":\"https:\\\/\\\/fuentesfidedignas.com.mx\\\/?s={search_term_string}\"},\"query-input\":{\"@type\":\"PropertyValueSpecification\",\"valueRequired\":true,\"valueName\":\"search_term_string\"}}],\"inLanguage\":\"es\"},{\"@type\":\"Organization\",\"@id\":\"https:\\\/\\\/fuentesfidedignas.com.mx\\\/#organization\",\"name\":\"Fuentes Fidedignas\",\"url\":\"https:\\\/\\\/fuentesfidedignas.com.mx\\\/\",\"logo\":{\"@type\":\"ImageObject\",\"inLanguage\":\"es\",\"@id\":\"https:\\\/\\\/fuentesfidedignas.com.mx\\\/#\\\/schema\\\/logo\\\/image\\\/\",\"url\":\"https:\\\/\\\/fuentesfidedignas.com.mx\\\/wp-content\\\/uploads\\\/2021\\\/04\\\/logo-retina.png\",\"contentUrl\":\"https:\\\/\\\/fuentesfidedignas.com.mx\\\/wp-content\\\/uploads\\\/2021\\\/04\\\/logo-retina.png\",\"width\":280,\"height\":51,\"caption\":\"Fuentes Fidedignas\"},\"image\":{\"@id\":\"https:\\\/\\\/fuentesfidedignas.com.mx\\\/#\\\/schema\\\/logo\\\/image\\\/\"},\"sameAs\":[\"https:\\\/\\\/www.facebook.com\\\/Fuentes-Fidedignas-368234489921644\",\"https:\\\/\\\/x.com\\\/fidedignas\"]},{\"@type\":\"Person\",\"@id\":\"https:\\\/\\\/fuentesfidedignas.com.mx\\\/#\\\/schema\\\/person\\\/331be9283d37198e2acd5750279085b0\",\"name\":\"Redacci\u00f3n\",\"image\":{\"@type\":\"ImageObject\",\"inLanguage\":\"es\",\"@id\":\"https:\\\/\\\/secure.gravatar.com\\\/avatar\\\/f6d8782c11d12b2d4ad3fbb6931aeab5309937a4d6cd2fc9cfaa28a6396a5aec?s=96&d=mm&r=g\",\"url\":\"https:\\\/\\\/secure.gravatar.com\\\/avatar\\\/f6d8782c11d12b2d4ad3fbb6931aeab5309937a4d6cd2fc9cfaa28a6396a5aec?s=96&d=mm&r=g\",\"contentUrl\":\"https:\\\/\\\/secure.gravatar.com\\\/avatar\\\/f6d8782c11d12b2d4ad3fbb6931aeab5309937a4d6cd2fc9cfaa28a6396a5aec?s=96&d=mm&r=g\",\"caption\":\"Redacci\u00f3n\"},\"url\":\"https:\\\/\\\/fuentesfidedignas.com.mx\\\/index.php\\\/author\\\/redaccion\\\/\"}]}<\/script>\n<!-- \/ Yoast SEO plugin. -->","yoast_head_json":{"title":"Universitarios en solidaridad; apoyan al Rector ante 'persecuci\u00f3n pol\u00edtica a la UAS' - Fuentes Fidedignas","robots":{"index":"index","follow":"follow","max-snippet":"max-snippet:-1","max-image-preview":"max-image-preview:large","max-video-preview":"max-video-preview:-1"},"canonical":"https:\/\/fuentesfidedignas.com.mx\/index.php\/2023\/07\/15\/universitarios-en-solidaridad-apoyan-al-rector-ante-persecucion-politica-a-la-uas\/","og_locale":"es_MX","og_type":"article","og_title":"Universitarios en solidaridad; apoyan al Rector ante 'persecuci\u00f3n pol\u00edtica a la UAS' - Fuentes Fidedignas","og_description":"Culiac\u00e1n, Sin.- Con el objetivo de mostrar solidaridad con el Rector de la Universidad Aut\u00f3noma de Sinaloa (UAS) durante su primera Audiencia ante el Juez, universitarios que a temprana hora se dieron cita en las instalaciones de la Sede Regional de Justicia Penal Acusatoria y Oral Zona Centro, mediante palabras de aliento y unidos, demostraron [&hellip;]","og_url":"https:\/\/fuentesfidedignas.com.mx\/index.php\/2023\/07\/15\/universitarios-en-solidaridad-apoyan-al-rector-ante-persecucion-politica-a-la-uas\/","og_site_name":"Fuentes Fidedignas","article_publisher":"https:\/\/www.facebook.com\/Fuentes-Fidedignas-368234489921644","article_published_time":"2023-07-15T16:29:19+00:00","article_modified_time":"2023-07-15T17:30:34+00:00","og_image":[{"width":1024,"height":682,"url":"https:\/\/fuentesfidedignas.com.mx\/wp-content\/uploads\/2023\/07\/UNIVERSITARIOS-2.jpeg","type":"image\/jpeg"}],"author":"Redacci\u00f3n","twitter_card":"summary_large_image","twitter_creator":"@fidedignas","twitter_site":"@fidedignas","twitter_misc":{"Escrito por":"Redacci\u00f3n","Tiempo de lectura":"3 minutos"},"schema":{"@context":"https:\/\/schema.org","@graph":[{"@type":"Article","@id":"https:\/\/fuentesfidedignas.com.mx\/index.php\/2023\/07\/15\/universitarios-en-solidaridad-apoyan-al-rector-ante-persecucion-politica-a-la-uas\/#article","isPartOf":{"@id":"https:\/\/fuentesfidedignas.com.mx\/index.php\/2023\/07\/15\/universitarios-en-solidaridad-apoyan-al-rector-ante-persecucion-politica-a-la-uas\/"},"author":{"name":"Redacci\u00f3n","@id":"https:\/\/fuentesfidedignas.com.mx\/#\/schema\/person\/331be9283d37198e2acd5750279085b0"},"headline":"Universitarios en solidaridad; apoyan al Rector ante &#8216;persecuci\u00f3n pol\u00edtica a la UAS&#8217;","datePublished":"2023-07-15T16:29:19+00:00","dateModified":"2023-07-15T17:30:34+00:00","mainEntityOfPage":{"@id":"https:\/\/fuentesfidedignas.com.mx\/index.php\/2023\/07\/15\/universitarios-en-solidaridad-apoyan-al-rector-ante-persecucion-politica-a-la-uas\/"},"wordCount":527,"commentCount":0,"publisher":{"@id":"https:\/\/fuentesfidedignas.com.mx\/#organization"},"image":{"@id":"https:\/\/fuentesfidedignas.com.mx\/index.php\/2023\/07\/15\/universitarios-en-solidaridad-apoyan-al-rector-ante-persecucion-politica-a-la-uas\/#primaryimage"},"thumbnailUrl":"https:\/\/fuentesfidedignas.com.mx\/wp-content\/uploads\/2023\/07\/UNIVERSITARIOS-2.jpeg","articleSection":["NOTA PRINCIPAL"],"inLanguage":"es","potentialAction":[{"@type":"CommentAction","name":"Comment","target":["https:\/\/fuentesfidedignas.com.mx\/index.php\/2023\/07\/15\/universitarios-en-solidaridad-apoyan-al-rector-ante-persecucion-politica-a-la-uas\/#respond"]}]},{"@type":"WebPage","@id":"https:\/\/fuentesfidedignas.com.mx\/index.php\/2023\/07\/15\/universitarios-en-solidaridad-apoyan-al-rector-ante-persecucion-politica-a-la-uas\/","url":"https:\/\/fuentesfidedignas.com.mx\/index.php\/2023\/07\/15\/universitarios-en-solidaridad-apoyan-al-rector-ante-persecucion-politica-a-la-uas\/","name":"Universitarios en solidaridad; apoyan al Rector ante 'persecuci\u00f3n pol\u00edtica a la UAS' - Fuentes Fidedignas","isPartOf":{"@id":"https:\/\/fuentesfidedignas.com.mx\/#website"},"primaryImageOfPage":{"@id":"https:\/\/fuentesfidedignas.com.mx\/index.php\/2023\/07\/15\/universitarios-en-solidaridad-apoyan-al-rector-ante-persecucion-politica-a-la-uas\/#primaryimage"},"image":{"@id":"https:\/\/fuentesfidedignas.com.mx\/index.php\/2023\/07\/15\/universitarios-en-solidaridad-apoyan-al-rector-ante-persecucion-politica-a-la-uas\/#primaryimage"},"thumbnailUrl":"https:\/\/fuentesfidedignas.com.mx\/wp-content\/uploads\/2023\/07\/UNIVERSITARIOS-2.jpeg","datePublished":"2023-07-15T16:29:19+00:00","dateModified":"2023-07-15T17:30:34+00:00","breadcrumb":{"@id":"https:\/\/fuentesfidedignas.com.mx\/index.php\/2023\/07\/15\/universitarios-en-solidaridad-apoyan-al-rector-ante-persecucion-politica-a-la-uas\/#breadcrumb"},"inLanguage":"es","potentialAction":[{"@type":"ReadAction","target":["https:\/\/fuentesfidedignas.com.mx\/index.php\/2023\/07\/15\/universitarios-en-solidaridad-apoyan-al-rector-ante-persecucion-politica-a-la-uas\/"]}]},{"@type":"ImageObject","inLanguage":"es","@id":"https:\/\/fuentesfidedignas.com.mx\/index.php\/2023\/07\/15\/universitarios-en-solidaridad-apoyan-al-rector-ante-persecucion-politica-a-la-uas\/#primaryimage","url":"https:\/\/fuentesfidedignas.com.mx\/wp-content\/uploads\/2023\/07\/UNIVERSITARIOS-2.jpeg","contentUrl":"https:\/\/fuentesfidedignas.com.mx\/wp-content\/uploads\/2023\/07\/UNIVERSITARIOS-2.jpeg","width":1024,"height":682},{"@type":"BreadcrumbList","@id":"https:\/\/fuentesfidedignas.com.mx\/index.php\/2023\/07\/15\/universitarios-en-solidaridad-apoyan-al-rector-ante-persecucion-politica-a-la-uas\/#breadcrumb","itemListElement":[{"@type":"ListItem","position":1,"name":"Inicio","item":"https:\/\/fuentesfidedignas.com.mx\/"},{"@type":"ListItem","position":2,"name":"Universitarios en solidaridad; apoyan al Rector ante &#8216;persecuci\u00f3n pol\u00edtica a la UAS&#8217;"}]},{"@type":"WebSite","@id":"https:\/\/fuentesfidedignas.com.mx\/#website","url":"https:\/\/fuentesfidedignas.com.mx\/","name":"Fuentes Fidedignas","description":"Otro sitio realizado con WordPress","publisher":{"@id":"https:\/\/fuentesfidedignas.com.mx\/#organization"},"potentialAction":[{"@type":"SearchAction","target":{"@type":"EntryPoint","urlTemplate":"https:\/\/fuentesfidedignas.com.mx\/?s={search_term_string}"},"query-input":{"@type":"PropertyValueSpecification","valueRequired":true,"valueName":"search_term_string"}}],"inLanguage":"es"},{"@type":"Organization","@id":"https:\/\/fuentesfidedignas.com.mx\/#organization","name":"Fuentes Fidedignas","url":"https:\/\/fuentesfidedignas.com.mx\/","logo":{"@type":"ImageObject","inLanguage":"es","@id":"https:\/\/fuentesfidedignas.com.mx\/#\/schema\/logo\/image\/","url":"https:\/\/fuentesfidedignas.com.mx\/wp-content\/uploads\/2021\/04\/logo-retina.png","contentUrl":"https:\/\/fuentesfidedignas.com.mx\/wp-content\/uploads\/2021\/04\/logo-retina.png","width":280,"height":51,"caption":"Fuentes Fidedignas"},"image":{"@id":"https:\/\/fuentesfidedignas.com.mx\/#\/schema\/logo\/image\/"},"sameAs":["https:\/\/www.facebook.com\/Fuentes-Fidedignas-368234489921644","https:\/\/x.com\/fidedignas"]},{"@type":"Person","@id":"https:\/\/fuentesfidedignas.com.mx\/#\/schema\/person\/331be9283d37198e2acd5750279085b0","name":"Redacci\u00f3n","image":{"@type":"ImageObject","inLanguage":"es","@id":"https:\/\/secure.gravatar.com\/avatar\/f6d8782c11d12b2d4ad3fbb6931aeab5309937a4d6cd2fc9cfaa28a6396a5aec?s=96&d=mm&r=g","url":"https:\/\/secure.gravatar.com\/avatar\/f6d8782c11d12b2d4ad3fbb6931aeab5309937a4d6cd2fc9cfaa28a6396a5aec?s=96&d=mm&r=g","contentUrl":"https:\/\/secure.gravatar.com\/avatar\/f6d8782c11d12b2d4ad3fbb6931aeab5309937a4d6cd2fc9cfaa28a6396a5aec?s=96&d=mm&r=g","caption":"Redacci\u00f3n"},"url":"https:\/\/fuentesfidedignas.com.mx\/index.php\/author\/redaccion\/"}]}},"_links":{"self":[{"href":"https:\/\/fuentesfidedignas.com.mx\/index.php\/wp-json\/wp\/v2\/posts\/52866","targetHints":{"allow":["GET"]}}],"collection":[{"href":"https:\/\/fuentesfidedignas.com.mx\/index.php\/wp-json\/wp\/v2\/posts"}],"about":[{"href":"https:\/\/fuentesfidedignas.com.mx\/index.php\/wp-json\/wp\/v2\/types\/post"}],"author":[{"embeddable":true,"href":"https:\/\/fuentesfidedignas.com.mx\/index.php\/wp-json\/wp\/v2\/users\/4"}],"replies":[{"embeddable":true,"href":"https:\/\/fuentesfidedignas.com.mx\/index.php\/wp-json\/wp\/v2\/comments?post=52866"}],"version-history":[{"count":1,"href":"https:\/\/fuentesfidedignas.com.mx\/index.php\/wp-json\/wp\/v2\/posts\/52866\/revisions"}],"predecessor-version":[{"id":52871,"href":"https:\/\/fuentesfidedignas.com.mx\/index.php\/wp-json\/wp\/v2\/posts\/52866\/revisions\/52871"}],"wp:featuredmedia":[{"embeddable":true,"href":"https:\/\/fuentesfidedignas.com.mx\/index.php\/wp-json\/wp\/v2\/media\/52872"}],"wp:attachment":[{"href":"https:\/\/fuentesfidedignas.com.mx\/index.php\/wp-json\/wp\/v2\/media?parent=52866"}],"wp:term":[{"taxonomy":"category","embeddable":true,"href":"https:\/\/fuentesfidedignas.com.mx\/index.php\/wp-json\/wp\/v2\/categories?post=52866"},{"taxonomy":"post_tag","embeddable":true,"href":"https:\/\/fuentesfidedignas.com.mx\/index.php\/wp-json\/wp\/v2\/tags?post=52866"}],"curies":[{"name":"wp","href":"https:\/\/api.w.org\/{rel}","templated":true}]}}