{"id":52814,"date":"2023-07-14T12:16:41","date_gmt":"2023-07-14T19:16:41","guid":{"rendered":"https:\/\/fuentesfidedignas.com.mx\/?p=52814"},"modified":"2023-07-14T12:21:27","modified_gmt":"2023-07-14T19:21:27","slug":"volaris-anuncia-vuelos-a-90-pesos-y-nueva-ruta-culiacan-puerto-vallarta","status":"publish","type":"post","link":"https:\/\/fuentesfidedignas.com.mx\/index.php\/2023\/07\/14\/volaris-anuncia-vuelos-a-90-pesos-y-nueva-ruta-culiacan-puerto-vallarta\/","title":{"rendered":"Volaris anuncia vuelos a 90 pesos y nueva ruta Culiac\u00e1n-Puerto Vallarta"},"content":{"rendered":"\n<p><\/p>\n\n\n\n<p>Culiac\u00e1n, Sin.- En una iniciativa para promover el turismo y fortalecer la conectividad entre dos importantes destinos en M\u00e9xico, se present\u00f3 esta ma\u00f1ana la nueva ruta a\u00e9rea que conectar\u00e1 a la ciudad de Culiac\u00e1n, en el estado de Sinaloa, con Puerto Vallarta, en Jalisco.<\/p>\n\n\n\n<p>Al respecto, la directora de Turismo del Municipio, Brianda Crystal Murillo Meza, detall\u00f3 que esta ruta forma parte de otras 7 que se han venido inaugurando desde el pasado 10 de julio, mismas que se convierten en un facilitador para el turismo, el comercio y la conexi\u00f3n e inclusi\u00f3n social, as\u00ed como la promoci\u00f3n, el intercambio de ideas, entre otras cuestiones.<\/p>\n\n\n\n<p>\u201c<strong>Las rutas que se han inaugurado en Culiac\u00e1n le van a traer a la ciudad una mayor derrama econ\u00f3mica, van a traer m\u00e1s visitantes, m\u00e1s negocios, lo cual es muy importante para el comercio, para el turismo, para la inclusi\u00f3n, la conexi\u00f3n<\/strong>\u201d, enfatiz\u00f3 la funcionaria.<\/p>\n\n\n\n<p>La ruta Culiac\u00e1n-Puerto Vallarta ser\u00e1 operada por la aerol\u00ednea nacional Volaris, que contar\u00e1 con vuelos directos y regulares entre ambas ciudades, con una frecuencia de jueves y domingos y se anunci\u00f3 que todos los vuelos tendr\u00e1n un costo de 90 pesos m\u00e1s TUA.<\/p>\n\n\n\n<p>Por su parte, el director general del Fideicomiso de Turismo de Puerto Vallarta, Luis Antonio Villase\u00f1or Nolasco, destac\u00f3 que esta nueva ruta a\u00e9rea se ha establecido con la intenci\u00f3n de fomentar el turismo y facilitar los desplazamientos entre Culiac\u00e1n y Puerto Vallarta, dos destinos que ofrecen una amplia gama de atractivos tur\u00edsticos y culturales.<\/p>\n\n\n\n<p>Cabe resaltar que, Culiac\u00e1n es conocida por su rica historia, su gastronom\u00eda regional y su vibrante vida nocturna, mientras que Puerto Vallarta se destaca por sus hermosas playas, su oferta hotelera y su animada escena art\u00edstica, aspectos que se podr\u00e1n disfrutar, derivado de esta gran noticia.<\/p>\n","protected":false},"excerpt":{"rendered":"<p>Culiac\u00e1n, Sin.- En una iniciativa para promover el turismo y fortalecer la conectividad entre dos importantes destinos en M\u00e9xico, se present\u00f3 esta ma\u00f1ana la nueva ruta a\u00e9rea que conectar\u00e1 a la ciudad de Culiac\u00e1n, en el estado de Sinaloa, con Puerto Vallarta, en Jalisco. Al respecto, la directora de Turismo del Municipio, Brianda Crystal Murillo [&hellip;]<\/p>\n","protected":false},"author":4,"featured_media":52655,"comment_status":"open","ping_status":"open","sticky":false,"template":"","format":"standard","meta":{"tdm_status":"","tdm_grid_status":"","footnotes":""},"categories":[37,1],"tags":[],"class_list":{"0":"post-52814","1":"post","2":"type-post","3":"status-publish","4":"format-standard","5":"has-post-thumbnail","7":"category-nota-principal","8":"category-sin-categoria"},"yoast_head":"<!-- This site is optimized with the Yoast SEO plugin v27.4 - https:\/\/yoast.com\/product\/yoast-seo-wordpress\/ -->\n<title>Volaris anuncia vuelos a 90 pesos y nueva ruta Culiac\u00e1n-Puerto Vallarta - Fuentes Fidedignas<\/title>\n<meta name=\"robots\" content=\"index, follow, max-snippet:-1, max-image-preview:large, max-video-preview:-1\" \/>\n<link rel=\"canonical\" href=\"https:\/\/fuentesfidedignas.com.mx\/index.php\/2023\/07\/14\/volaris-anuncia-vuelos-a-90-pesos-y-nueva-ruta-culiacan-puerto-vallarta\/\" \/>\n<meta property=\"og:locale\" content=\"es_MX\" \/>\n<meta property=\"og:type\" content=\"article\" \/>\n<meta property=\"og:title\" content=\"Volaris anuncia vuelos a 90 pesos y nueva ruta Culiac\u00e1n-Puerto Vallarta - Fuentes Fidedignas\" \/>\n<meta property=\"og:description\" content=\"Culiac\u00e1n, Sin.- En una iniciativa para promover el turismo y fortalecer la conectividad entre dos importantes destinos en M\u00e9xico, se present\u00f3 esta ma\u00f1ana la nueva ruta a\u00e9rea que conectar\u00e1 a la ciudad de Culiac\u00e1n, en el estado de Sinaloa, con Puerto Vallarta, en Jalisco. Al respecto, la directora de Turismo del Municipio, Brianda Crystal Murillo [&hellip;]\" \/>\n<meta property=\"og:url\" content=\"https:\/\/fuentesfidedignas.com.mx\/index.php\/2023\/07\/14\/volaris-anuncia-vuelos-a-90-pesos-y-nueva-ruta-culiacan-puerto-vallarta\/\" \/>\n<meta property=\"og:site_name\" content=\"Fuentes Fidedignas\" \/>\n<meta property=\"article:publisher\" content=\"https:\/\/www.facebook.com\/Fuentes-Fidedignas-368234489921644\" \/>\n<meta property=\"article:published_time\" content=\"2023-07-14T19:16:41+00:00\" \/>\n<meta property=\"article:modified_time\" content=\"2023-07-14T19:21:27+00:00\" \/>\n<meta property=\"og:image\" content=\"https:\/\/fuentesfidedignas.com.mx\/wp-content\/uploads\/2023\/07\/IMG-20230712-WA0033.jpg\" \/>\n\t<meta property=\"og:image:width\" content=\"1024\" \/>\n\t<meta property=\"og:image:height\" content=\"576\" \/>\n\t<meta property=\"og:image:type\" content=\"image\/jpeg\" \/>\n<meta name=\"author\" content=\"Redacci\u00f3n\" \/>\n<meta name=\"twitter:card\" content=\"summary_large_image\" \/>\n<meta name=\"twitter:creator\" content=\"@fidedignas\" \/>\n<meta name=\"twitter:site\" content=\"@fidedignas\" \/>\n<meta name=\"twitter:label1\" content=\"Escrito por\" \/>\n\t<meta name=\"twitter:data1\" content=\"Redacci\u00f3n\" \/>\n\t<meta name=\"twitter:label2\" content=\"Tiempo de lectura\" \/>\n\t<meta name=\"twitter:data2\" content=\"2 minutos\" \/>\n<script type=\"application\/ld+json\" class=\"yoast-schema-graph\">{\"@context\":\"https:\\\/\\\/schema.org\",\"@graph\":[{\"@type\":\"Article\",\"@id\":\"https:\\\/\\\/fuentesfidedignas.com.mx\\\/index.php\\\/2023\\\/07\\\/14\\\/volaris-anuncia-vuelos-a-90-pesos-y-nueva-ruta-culiacan-puerto-vallarta\\\/#article\",\"isPartOf\":{\"@id\":\"https:\\\/\\\/fuentesfidedignas.com.mx\\\/index.php\\\/2023\\\/07\\\/14\\\/volaris-anuncia-vuelos-a-90-pesos-y-nueva-ruta-culiacan-puerto-vallarta\\\/\"},\"author\":{\"name\":\"Redacci\u00f3n\",\"@id\":\"https:\\\/\\\/fuentesfidedignas.com.mx\\\/#\\\/schema\\\/person\\\/331be9283d37198e2acd5750279085b0\"},\"headline\":\"Volaris anuncia vuelos a 90 pesos y nueva ruta Culiac\u00e1n-Puerto Vallarta\",\"datePublished\":\"2023-07-14T19:16:41+00:00\",\"dateModified\":\"2023-07-14T19:21:27+00:00\",\"mainEntityOfPage\":{\"@id\":\"https:\\\/\\\/fuentesfidedignas.com.mx\\\/index.php\\\/2023\\\/07\\\/14\\\/volaris-anuncia-vuelos-a-90-pesos-y-nueva-ruta-culiacan-puerto-vallarta\\\/\"},\"wordCount\":329,\"commentCount\":0,\"publisher\":{\"@id\":\"https:\\\/\\\/fuentesfidedignas.com.mx\\\/#organization\"},\"image\":{\"@id\":\"https:\\\/\\\/fuentesfidedignas.com.mx\\\/index.php\\\/2023\\\/07\\\/14\\\/volaris-anuncia-vuelos-a-90-pesos-y-nueva-ruta-culiacan-puerto-vallarta\\\/#primaryimage\"},\"thumbnailUrl\":\"https:\\\/\\\/fuentesfidedignas.com.mx\\\/wp-content\\\/uploads\\\/2023\\\/07\\\/IMG-20230712-WA0033.jpg\",\"articleSection\":[\"NOTA PRINCIPAL\"],\"inLanguage\":\"es\",\"potentialAction\":[{\"@type\":\"CommentAction\",\"name\":\"Comment\",\"target\":[\"https:\\\/\\\/fuentesfidedignas.com.mx\\\/index.php\\\/2023\\\/07\\\/14\\\/volaris-anuncia-vuelos-a-90-pesos-y-nueva-ruta-culiacan-puerto-vallarta\\\/#respond\"]}]},{\"@type\":\"WebPage\",\"@id\":\"https:\\\/\\\/fuentesfidedignas.com.mx\\\/index.php\\\/2023\\\/07\\\/14\\\/volaris-anuncia-vuelos-a-90-pesos-y-nueva-ruta-culiacan-puerto-vallarta\\\/\",\"url\":\"https:\\\/\\\/fuentesfidedignas.com.mx\\\/index.php\\\/2023\\\/07\\\/14\\\/volaris-anuncia-vuelos-a-90-pesos-y-nueva-ruta-culiacan-puerto-vallarta\\\/\",\"name\":\"Volaris anuncia vuelos a 90 pesos y nueva ruta Culiac\u00e1n-Puerto Vallarta - Fuentes Fidedignas\",\"isPartOf\":{\"@id\":\"https:\\\/\\\/fuentesfidedignas.com.mx\\\/#website\"},\"primaryImageOfPage\":{\"@id\":\"https:\\\/\\\/fuentesfidedignas.com.mx\\\/index.php\\\/2023\\\/07\\\/14\\\/volaris-anuncia-vuelos-a-90-pesos-y-nueva-ruta-culiacan-puerto-vallarta\\\/#primaryimage\"},\"image\":{\"@id\":\"https:\\\/\\\/fuentesfidedignas.com.mx\\\/index.php\\\/2023\\\/07\\\/14\\\/volaris-anuncia-vuelos-a-90-pesos-y-nueva-ruta-culiacan-puerto-vallarta\\\/#primaryimage\"},\"thumbnailUrl\":\"https:\\\/\\\/fuentesfidedignas.com.mx\\\/wp-content\\\/uploads\\\/2023\\\/07\\\/IMG-20230712-WA0033.jpg\",\"datePublished\":\"2023-07-14T19:16:41+00:00\",\"dateModified\":\"2023-07-14T19:21:27+00:00\",\"breadcrumb\":{\"@id\":\"https:\\\/\\\/fuentesfidedignas.com.mx\\\/index.php\\\/2023\\\/07\\\/14\\\/volaris-anuncia-vuelos-a-90-pesos-y-nueva-ruta-culiacan-puerto-vallarta\\\/#breadcrumb\"},\"inLanguage\":\"es\",\"potentialAction\":[{\"@type\":\"ReadAction\",\"target\":[\"https:\\\/\\\/fuentesfidedignas.com.mx\\\/index.php\\\/2023\\\/07\\\/14\\\/volaris-anuncia-vuelos-a-90-pesos-y-nueva-ruta-culiacan-puerto-vallarta\\\/\"]}]},{\"@type\":\"ImageObject\",\"inLanguage\":\"es\",\"@id\":\"https:\\\/\\\/fuentesfidedignas.com.mx\\\/index.php\\\/2023\\\/07\\\/14\\\/volaris-anuncia-vuelos-a-90-pesos-y-nueva-ruta-culiacan-puerto-vallarta\\\/#primaryimage\",\"url\":\"https:\\\/\\\/fuentesfidedignas.com.mx\\\/wp-content\\\/uploads\\\/2023\\\/07\\\/IMG-20230712-WA0033.jpg\",\"contentUrl\":\"https:\\\/\\\/fuentesfidedignas.com.mx\\\/wp-content\\\/uploads\\\/2023\\\/07\\\/IMG-20230712-WA0033.jpg\",\"width\":1024,\"height\":576},{\"@type\":\"BreadcrumbList\",\"@id\":\"https:\\\/\\\/fuentesfidedignas.com.mx\\\/index.php\\\/2023\\\/07\\\/14\\\/volaris-anuncia-vuelos-a-90-pesos-y-nueva-ruta-culiacan-puerto-vallarta\\\/#breadcrumb\",\"itemListElement\":[{\"@type\":\"ListItem\",\"position\":1,\"name\":\"Inicio\",\"item\":\"https:\\\/\\\/fuentesfidedignas.com.mx\\\/\"},{\"@type\":\"ListItem\",\"position\":2,\"name\":\"Volaris anuncia vuelos a 90 pesos y nueva ruta Culiac\u00e1n-Puerto Vallarta\"}]},{\"@type\":\"WebSite\",\"@id\":\"https:\\\/\\\/fuentesfidedignas.com.mx\\\/#website\",\"url\":\"https:\\\/\\\/fuentesfidedignas.com.mx\\\/\",\"name\":\"Fuentes Fidedignas\",\"description\":\"Otro sitio realizado con WordPress\",\"publisher\":{\"@id\":\"https:\\\/\\\/fuentesfidedignas.com.mx\\\/#organization\"},\"potentialAction\":[{\"@type\":\"SearchAction\",\"target\":{\"@type\":\"EntryPoint\",\"urlTemplate\":\"https:\\\/\\\/fuentesfidedignas.com.mx\\\/?s={search_term_string}\"},\"query-input\":{\"@type\":\"PropertyValueSpecification\",\"valueRequired\":true,\"valueName\":\"search_term_string\"}}],\"inLanguage\":\"es\"},{\"@type\":\"Organization\",\"@id\":\"https:\\\/\\\/fuentesfidedignas.com.mx\\\/#organization\",\"name\":\"Fuentes Fidedignas\",\"url\":\"https:\\\/\\\/fuentesfidedignas.com.mx\\\/\",\"logo\":{\"@type\":\"ImageObject\",\"inLanguage\":\"es\",\"@id\":\"https:\\\/\\\/fuentesfidedignas.com.mx\\\/#\\\/schema\\\/logo\\\/image\\\/\",\"url\":\"https:\\\/\\\/fuentesfidedignas.com.mx\\\/wp-content\\\/uploads\\\/2021\\\/04\\\/logo-retina.png\",\"contentUrl\":\"https:\\\/\\\/fuentesfidedignas.com.mx\\\/wp-content\\\/uploads\\\/2021\\\/04\\\/logo-retina.png\",\"width\":280,\"height\":51,\"caption\":\"Fuentes Fidedignas\"},\"image\":{\"@id\":\"https:\\\/\\\/fuentesfidedignas.com.mx\\\/#\\\/schema\\\/logo\\\/image\\\/\"},\"sameAs\":[\"https:\\\/\\\/www.facebook.com\\\/Fuentes-Fidedignas-368234489921644\",\"https:\\\/\\\/x.com\\\/fidedignas\"]},{\"@type\":\"Person\",\"@id\":\"https:\\\/\\\/fuentesfidedignas.com.mx\\\/#\\\/schema\\\/person\\\/331be9283d37198e2acd5750279085b0\",\"name\":\"Redacci\u00f3n\",\"image\":{\"@type\":\"ImageObject\",\"inLanguage\":\"es\",\"@id\":\"https:\\\/\\\/secure.gravatar.com\\\/avatar\\\/f6d8782c11d12b2d4ad3fbb6931aeab5309937a4d6cd2fc9cfaa28a6396a5aec?s=96&d=mm&r=g\",\"url\":\"https:\\\/\\\/secure.gravatar.com\\\/avatar\\\/f6d8782c11d12b2d4ad3fbb6931aeab5309937a4d6cd2fc9cfaa28a6396a5aec?s=96&d=mm&r=g\",\"contentUrl\":\"https:\\\/\\\/secure.gravatar.com\\\/avatar\\\/f6d8782c11d12b2d4ad3fbb6931aeab5309937a4d6cd2fc9cfaa28a6396a5aec?s=96&d=mm&r=g\",\"caption\":\"Redacci\u00f3n\"},\"url\":\"https:\\\/\\\/fuentesfidedignas.com.mx\\\/index.php\\\/author\\\/redaccion\\\/\"}]}<\/script>\n<!-- \/ Yoast SEO plugin. -->","yoast_head_json":{"title":"Volaris anuncia vuelos a 90 pesos y nueva ruta Culiac\u00e1n-Puerto Vallarta - Fuentes Fidedignas","robots":{"index":"index","follow":"follow","max-snippet":"max-snippet:-1","max-image-preview":"max-image-preview:large","max-video-preview":"max-video-preview:-1"},"canonical":"https:\/\/fuentesfidedignas.com.mx\/index.php\/2023\/07\/14\/volaris-anuncia-vuelos-a-90-pesos-y-nueva-ruta-culiacan-puerto-vallarta\/","og_locale":"es_MX","og_type":"article","og_title":"Volaris anuncia vuelos a 90 pesos y nueva ruta Culiac\u00e1n-Puerto Vallarta - Fuentes Fidedignas","og_description":"Culiac\u00e1n, Sin.- En una iniciativa para promover el turismo y fortalecer la conectividad entre dos importantes destinos en M\u00e9xico, se present\u00f3 esta ma\u00f1ana la nueva ruta a\u00e9rea que conectar\u00e1 a la ciudad de Culiac\u00e1n, en el estado de Sinaloa, con Puerto Vallarta, en Jalisco. Al respecto, la directora de Turismo del Municipio, Brianda Crystal Murillo [&hellip;]","og_url":"https:\/\/fuentesfidedignas.com.mx\/index.php\/2023\/07\/14\/volaris-anuncia-vuelos-a-90-pesos-y-nueva-ruta-culiacan-puerto-vallarta\/","og_site_name":"Fuentes Fidedignas","article_publisher":"https:\/\/www.facebook.com\/Fuentes-Fidedignas-368234489921644","article_published_time":"2023-07-14T19:16:41+00:00","article_modified_time":"2023-07-14T19:21:27+00:00","og_image":[{"width":1024,"height":576,"url":"https:\/\/fuentesfidedignas.com.mx\/wp-content\/uploads\/2023\/07\/IMG-20230712-WA0033.jpg","type":"image\/jpeg"}],"author":"Redacci\u00f3n","twitter_card":"summary_large_image","twitter_creator":"@fidedignas","twitter_site":"@fidedignas","twitter_misc":{"Escrito por":"Redacci\u00f3n","Tiempo de lectura":"2 minutos"},"schema":{"@context":"https:\/\/schema.org","@graph":[{"@type":"Article","@id":"https:\/\/fuentesfidedignas.com.mx\/index.php\/2023\/07\/14\/volaris-anuncia-vuelos-a-90-pesos-y-nueva-ruta-culiacan-puerto-vallarta\/#article","isPartOf":{"@id":"https:\/\/fuentesfidedignas.com.mx\/index.php\/2023\/07\/14\/volaris-anuncia-vuelos-a-90-pesos-y-nueva-ruta-culiacan-puerto-vallarta\/"},"author":{"name":"Redacci\u00f3n","@id":"https:\/\/fuentesfidedignas.com.mx\/#\/schema\/person\/331be9283d37198e2acd5750279085b0"},"headline":"Volaris anuncia vuelos a 90 pesos y nueva ruta Culiac\u00e1n-Puerto Vallarta","datePublished":"2023-07-14T19:16:41+00:00","dateModified":"2023-07-14T19:21:27+00:00","mainEntityOfPage":{"@id":"https:\/\/fuentesfidedignas.com.mx\/index.php\/2023\/07\/14\/volaris-anuncia-vuelos-a-90-pesos-y-nueva-ruta-culiacan-puerto-vallarta\/"},"wordCount":329,"commentCount":0,"publisher":{"@id":"https:\/\/fuentesfidedignas.com.mx\/#organization"},"image":{"@id":"https:\/\/fuentesfidedignas.com.mx\/index.php\/2023\/07\/14\/volaris-anuncia-vuelos-a-90-pesos-y-nueva-ruta-culiacan-puerto-vallarta\/#primaryimage"},"thumbnailUrl":"https:\/\/fuentesfidedignas.com.mx\/wp-content\/uploads\/2023\/07\/IMG-20230712-WA0033.jpg","articleSection":["NOTA PRINCIPAL"],"inLanguage":"es","potentialAction":[{"@type":"CommentAction","name":"Comment","target":["https:\/\/fuentesfidedignas.com.mx\/index.php\/2023\/07\/14\/volaris-anuncia-vuelos-a-90-pesos-y-nueva-ruta-culiacan-puerto-vallarta\/#respond"]}]},{"@type":"WebPage","@id":"https:\/\/fuentesfidedignas.com.mx\/index.php\/2023\/07\/14\/volaris-anuncia-vuelos-a-90-pesos-y-nueva-ruta-culiacan-puerto-vallarta\/","url":"https:\/\/fuentesfidedignas.com.mx\/index.php\/2023\/07\/14\/volaris-anuncia-vuelos-a-90-pesos-y-nueva-ruta-culiacan-puerto-vallarta\/","name":"Volaris anuncia vuelos a 90 pesos y nueva ruta Culiac\u00e1n-Puerto Vallarta - Fuentes Fidedignas","isPartOf":{"@id":"https:\/\/fuentesfidedignas.com.mx\/#website"},"primaryImageOfPage":{"@id":"https:\/\/fuentesfidedignas.com.mx\/index.php\/2023\/07\/14\/volaris-anuncia-vuelos-a-90-pesos-y-nueva-ruta-culiacan-puerto-vallarta\/#primaryimage"},"image":{"@id":"https:\/\/fuentesfidedignas.com.mx\/index.php\/2023\/07\/14\/volaris-anuncia-vuelos-a-90-pesos-y-nueva-ruta-culiacan-puerto-vallarta\/#primaryimage"},"thumbnailUrl":"https:\/\/fuentesfidedignas.com.mx\/wp-content\/uploads\/2023\/07\/IMG-20230712-WA0033.jpg","datePublished":"2023-07-14T19:16:41+00:00","dateModified":"2023-07-14T19:21:27+00:00","breadcrumb":{"@id":"https:\/\/fuentesfidedignas.com.mx\/index.php\/2023\/07\/14\/volaris-anuncia-vuelos-a-90-pesos-y-nueva-ruta-culiacan-puerto-vallarta\/#breadcrumb"},"inLanguage":"es","potentialAction":[{"@type":"ReadAction","target":["https:\/\/fuentesfidedignas.com.mx\/index.php\/2023\/07\/14\/volaris-anuncia-vuelos-a-90-pesos-y-nueva-ruta-culiacan-puerto-vallarta\/"]}]},{"@type":"ImageObject","inLanguage":"es","@id":"https:\/\/fuentesfidedignas.com.mx\/index.php\/2023\/07\/14\/volaris-anuncia-vuelos-a-90-pesos-y-nueva-ruta-culiacan-puerto-vallarta\/#primaryimage","url":"https:\/\/fuentesfidedignas.com.mx\/wp-content\/uploads\/2023\/07\/IMG-20230712-WA0033.jpg","contentUrl":"https:\/\/fuentesfidedignas.com.mx\/wp-content\/uploads\/2023\/07\/IMG-20230712-WA0033.jpg","width":1024,"height":576},{"@type":"BreadcrumbList","@id":"https:\/\/fuentesfidedignas.com.mx\/index.php\/2023\/07\/14\/volaris-anuncia-vuelos-a-90-pesos-y-nueva-ruta-culiacan-puerto-vallarta\/#breadcrumb","itemListElement":[{"@type":"ListItem","position":1,"name":"Inicio","item":"https:\/\/fuentesfidedignas.com.mx\/"},{"@type":"ListItem","position":2,"name":"Volaris anuncia vuelos a 90 pesos y nueva ruta Culiac\u00e1n-Puerto Vallarta"}]},{"@type":"WebSite","@id":"https:\/\/fuentesfidedignas.com.mx\/#website","url":"https:\/\/fuentesfidedignas.com.mx\/","name":"Fuentes Fidedignas","description":"Otro sitio realizado con WordPress","publisher":{"@id":"https:\/\/fuentesfidedignas.com.mx\/#organization"},"potentialAction":[{"@type":"SearchAction","target":{"@type":"EntryPoint","urlTemplate":"https:\/\/fuentesfidedignas.com.mx\/?s={search_term_string}"},"query-input":{"@type":"PropertyValueSpecification","valueRequired":true,"valueName":"search_term_string"}}],"inLanguage":"es"},{"@type":"Organization","@id":"https:\/\/fuentesfidedignas.com.mx\/#organization","name":"Fuentes Fidedignas","url":"https:\/\/fuentesfidedignas.com.mx\/","logo":{"@type":"ImageObject","inLanguage":"es","@id":"https:\/\/fuentesfidedignas.com.mx\/#\/schema\/logo\/image\/","url":"https:\/\/fuentesfidedignas.com.mx\/wp-content\/uploads\/2021\/04\/logo-retina.png","contentUrl":"https:\/\/fuentesfidedignas.com.mx\/wp-content\/uploads\/2021\/04\/logo-retina.png","width":280,"height":51,"caption":"Fuentes Fidedignas"},"image":{"@id":"https:\/\/fuentesfidedignas.com.mx\/#\/schema\/logo\/image\/"},"sameAs":["https:\/\/www.facebook.com\/Fuentes-Fidedignas-368234489921644","https:\/\/x.com\/fidedignas"]},{"@type":"Person","@id":"https:\/\/fuentesfidedignas.com.mx\/#\/schema\/person\/331be9283d37198e2acd5750279085b0","name":"Redacci\u00f3n","image":{"@type":"ImageObject","inLanguage":"es","@id":"https:\/\/secure.gravatar.com\/avatar\/f6d8782c11d12b2d4ad3fbb6931aeab5309937a4d6cd2fc9cfaa28a6396a5aec?s=96&d=mm&r=g","url":"https:\/\/secure.gravatar.com\/avatar\/f6d8782c11d12b2d4ad3fbb6931aeab5309937a4d6cd2fc9cfaa28a6396a5aec?s=96&d=mm&r=g","contentUrl":"https:\/\/secure.gravatar.com\/avatar\/f6d8782c11d12b2d4ad3fbb6931aeab5309937a4d6cd2fc9cfaa28a6396a5aec?s=96&d=mm&r=g","caption":"Redacci\u00f3n"},"url":"https:\/\/fuentesfidedignas.com.mx\/index.php\/author\/redaccion\/"}]}},"_links":{"self":[{"href":"https:\/\/fuentesfidedignas.com.mx\/index.php\/wp-json\/wp\/v2\/posts\/52814","targetHints":{"allow":["GET"]}}],"collection":[{"href":"https:\/\/fuentesfidedignas.com.mx\/index.php\/wp-json\/wp\/v2\/posts"}],"about":[{"href":"https:\/\/fuentesfidedignas.com.mx\/index.php\/wp-json\/wp\/v2\/types\/post"}],"author":[{"embeddable":true,"href":"https:\/\/fuentesfidedignas.com.mx\/index.php\/wp-json\/wp\/v2\/users\/4"}],"replies":[{"embeddable":true,"href":"https:\/\/fuentesfidedignas.com.mx\/index.php\/wp-json\/wp\/v2\/comments?post=52814"}],"version-history":[{"count":1,"href":"https:\/\/fuentesfidedignas.com.mx\/index.php\/wp-json\/wp\/v2\/posts\/52814\/revisions"}],"predecessor-version":[{"id":52815,"href":"https:\/\/fuentesfidedignas.com.mx\/index.php\/wp-json\/wp\/v2\/posts\/52814\/revisions\/52815"}],"wp:featuredmedia":[{"embeddable":true,"href":"https:\/\/fuentesfidedignas.com.mx\/index.php\/wp-json\/wp\/v2\/media\/52655"}],"wp:attachment":[{"href":"https:\/\/fuentesfidedignas.com.mx\/index.php\/wp-json\/wp\/v2\/media?parent=52814"}],"wp:term":[{"taxonomy":"category","embeddable":true,"href":"https:\/\/fuentesfidedignas.com.mx\/index.php\/wp-json\/wp\/v2\/categories?post=52814"},{"taxonomy":"post_tag","embeddable":true,"href":"https:\/\/fuentesfidedignas.com.mx\/index.php\/wp-json\/wp\/v2\/tags?post=52814"}],"curies":[{"name":"wp","href":"https:\/\/api.w.org\/{rel}","templated":true}]}}