{"id":52811,"date":"2023-07-14T12:11:18","date_gmt":"2023-07-14T19:11:18","guid":{"rendered":"https:\/\/fuentesfidedignas.com.mx\/?p=52811"},"modified":"2023-07-14T12:12:17","modified_gmt":"2023-07-14T19:12:17","slug":"me-quieren-silenciar-amlo-tras-orden-del-ine-para-que-no-hable-del-proceso-electoral","status":"publish","type":"post","link":"https:\/\/fuentesfidedignas.com.mx\/index.php\/2023\/07\/14\/me-quieren-silenciar-amlo-tras-orden-del-ine-para-que-no-hable-del-proceso-electoral\/","title":{"rendered":"\u201cMe quieren silenciar\u201d: AMLO tras orden del INE para que no hable del proceso electoral"},"content":{"rendered":"\n<p><strong><em>Tras la orden del INE, L\u00f3pez Obrador pregunt\u00f3 d\u00f3nde quedaron la libertad de expresi\u00f3n, derecho a la r\u00e9plica, as\u00ed como el derecho a disentir<\/em><\/strong><\/p>\n\n\n\n<p>Ciudad de M\u00e9xico. El presidente Andr\u00e9s Manuel L\u00f3pez Obrador asever\u00f3 que lo quieren silenciar para que no hable de los temas electorales, tras la Comisi\u00f3n de Quejas y Denuncias del INE determinara que el mandatario mexicano debe abstenerse de realizar comentarios relativos al proceso electoral del pr\u00f3ximo a\u00f1o.<\/p>\n\n\n\n<figure class=\"wp-block-embed is-type-rich is-provider-twitter wp-block-embed-twitter\"><div class=\"wp-block-embed__wrapper\">\n<blockquote class=\"twitter-tweet\" data-width=\"550\" data-dnt=\"true\"><p lang=\"es\" dir=\"ltr\">&quot;Me voy a parecer a &#39;Kiko&#39;. Tendr\u00e9 una cinta. Me quieren silenciar. No quieren que yo hable. \u00bfY d\u00f3nde queda la libertad? \u00bfY la libertad de expresi\u00f3n?&quot;, as\u00ed cuestion\u00f3 el presidente L\u00f3pez Obrador sobre la orden del INE de abstenerse de hacer comentarios sobre X\u00f3chitl G\u00e1lvez <a href=\"https:\/\/t.co\/JcJcoGpWCS\">pic.twitter.com\/JcJcoGpWCS<\/a><\/p>&mdash; Joaqu\u00edn L\u00f3pez-D\u00f3riga (@lopezdoriga) <a href=\"https:\/\/twitter.com\/lopezdoriga\/status\/1679875989990707200?ref_src=twsrc%5Etfw\">July 14, 2023<\/a><\/blockquote><script async src=\"https:\/\/platform.twitter.com\/widgets.js\" charset=\"utf-8\"><\/script>\n<\/div><\/figure>\n\n\n\n<p>En la conferencia matutina realizada desde Baja California Sur,\u00a0<strong>L\u00f3pez Obrador<\/strong>\u00a0pregunt\u00f3 d\u00f3nde quedaron la libertad de expresi\u00f3n, el derecho a la r\u00e9plica, as\u00ed como el derecho a disentir en el pa\u00eds.<\/p>\n\n\n\n<blockquote class=\"wp-block-quote is-layout-flow wp-block-quote-is-layout-flow\">\n<p>Me voy aparecer aqu\u00ed con una cinta (hace una se\u00f1al con las manos en la boca), me quieren silenciar, no quiere que yo hable, \u00bfy d\u00f3nde queda la libertad y la libertad de expresi\u00f3n, el derecho a la r\u00e9plica y el derecho a disentir? \u00bfQu\u00e9 no son principios b\u00e1sicos de la democracia? Vamos a ver en qu\u00e9 t\u00e9rminos viene esa resoluci\u00f3n y vamos a tomar una decisi\u00f3n\u201d, indic\u00f3.<\/p>\n<\/blockquote>\n\n\n\n<p>\u201cMe quieren silenciar y decir que si no quieren que hable de ellos, lo m\u00e1s equitativo es que ellos no hablen de mi, porque si ellos, van a estar hablando de mi, pues yo voy a tener derecho a la r\u00e9plica, ni modo que yo no vaya a contestar. Vamos a esperar que resuelvo, porque prohiben todo, ya no quieren ni que aparezca el Amlito, est\u00e1 prohibido, no quieren nada. Vamos a estar al tanto\u201d, explic\u00f3.<\/p>\n\n\n\n<p>En sesi\u00f3n del jueves, la Comisi\u00f3n de Quejas y Denuncias del INE orden\u00f3 que el presidente de la Rep\u00fablica debe abstenerse de realizar comentarios relativos al proceso electoral de 2024.<\/p>\n\n\n\n<p>Tambi\u00e9n se deben bajar las ma\u00f1aneras del&nbsp; 3, 4, 5, 7 y 11 de julio donde menciona a la aspirante presidencial del Frente Amplio por M\u00e9xico,&nbsp;<a href=\"https:\/\/lopezdoriga.com\/nacional\/ine-ordena-medidas-cautelares-a-favor-de-xochitl-galvez\/\" target=\"_blank\" rel=\"noreferrer noopener\"><strong>X\u00f3chitl G\u00e1lvez<\/strong><\/a>.<\/p>\n\n\n\n<p>\u201cSe ordena al presidente de la Rep\u00fablica, se abstenga, bajo cualquier modalidad o formato de comunicaci\u00f3n oficial, de&nbsp;realizar o emitir manifestaciones como las denunciadas, llamar a votar o no votar por determinados partidos pol\u00edticos o movimientos electorales, as\u00ed como expresiones equivalentes. Ni usar recursos recursos p\u00fablicos en propaganda con fines electorales\u201d, establece la resoluci\u00f3n de la comisi\u00f3n.<\/p>\n\n\n\n<p>Adem\u00e1s, la&nbsp;Sala Superior del&nbsp;<strong><a href=\"https:\/\/lopezdoriga.com\/nacional\/amlo-debe-evitar-pronunciarse-temas-electorales-tepjf\/\" target=\"_blank\" rel=\"noreferrer noopener\">Tribunal Electoral<\/a>&nbsp;del Poder Judicial de la Federaci\u00f3n<\/strong>&nbsp;(<strong>TEPJF<\/strong>) orden\u00f3 a presidente&nbsp;<strong>L\u00f3pez Obrador&nbsp;<\/strong><strong>abstenerse<\/strong>&nbsp;de realizar&nbsp;<strong>pronunciamientos<\/strong>, bajo cualquier modalidad o formato, sobre<strong>&nbsp;temas electorales<\/strong>&nbsp;en respeto a los principios de imparcialidad y neutralidad.<\/p>\n\n\n\n<p>\u201cLa medida consistente en una abstenci\u00f3n de pronunciarse sobre temas electorales se justifica en el posible riesgo de afectar los principios constitucionales de los procesos electorales, aun cuando estos no hubiesen comenzado\u201d, se indic\u00f3.<\/p>\n","protected":false},"excerpt":{"rendered":"<p>Tras la orden del INE, L\u00f3pez Obrador pregunt\u00f3 d\u00f3nde quedaron la libertad de expresi\u00f3n, derecho a la r\u00e9plica, as\u00ed como el derecho a disentir Ciudad de M\u00e9xico. El presidente Andr\u00e9s Manuel L\u00f3pez Obrador asever\u00f3 que lo quieren silenciar para que no hable de los temas electorales, tras la Comisi\u00f3n de Quejas y Denuncias del INE [&hellip;]<\/p>\n","protected":false},"author":47,"featured_media":52813,"comment_status":"open","ping_status":"open","sticky":false,"template":"","format":"standard","meta":{"tdm_status":"","tdm_grid_status":"","footnotes":""},"categories":[39,1],"tags":[],"class_list":{"0":"post-52811","1":"post","2":"type-post","3":"status-publish","4":"format-standard","5":"has-post-thumbnail","7":"category-noticias-nacionales","8":"category-sin-categoria"},"yoast_head":"<!-- This site is optimized with the Yoast SEO plugin v27.5 - https:\/\/yoast.com\/product\/yoast-seo-wordpress\/ -->\n<title>\u201cMe quieren silenciar\u201d: AMLO tras orden del INE para que no hable del proceso electoral - Fuentes Fidedignas<\/title>\n<meta name=\"robots\" content=\"index, follow, max-snippet:-1, max-image-preview:large, max-video-preview:-1\" \/>\n<link rel=\"canonical\" href=\"https:\/\/fuentesfidedignas.com.mx\/index.php\/2023\/07\/14\/me-quieren-silenciar-amlo-tras-orden-del-ine-para-que-no-hable-del-proceso-electoral\/\" \/>\n<meta property=\"og:locale\" content=\"es_MX\" \/>\n<meta property=\"og:type\" content=\"article\" \/>\n<meta property=\"og:title\" content=\"\u201cMe quieren silenciar\u201d: AMLO tras orden del INE para que no hable del proceso electoral - Fuentes Fidedignas\" \/>\n<meta property=\"og:description\" content=\"Tras la orden del INE, L\u00f3pez Obrador pregunt\u00f3 d\u00f3nde quedaron la libertad de expresi\u00f3n, derecho a la r\u00e9plica, as\u00ed como el derecho a disentir Ciudad de M\u00e9xico. El presidente Andr\u00e9s Manuel L\u00f3pez Obrador asever\u00f3 que lo quieren silenciar para que no hable de los temas electorales, tras la Comisi\u00f3n de Quejas y Denuncias del INE [&hellip;]\" \/>\n<meta property=\"og:url\" content=\"https:\/\/fuentesfidedignas.com.mx\/index.php\/2023\/07\/14\/me-quieren-silenciar-amlo-tras-orden-del-ine-para-que-no-hable-del-proceso-electoral\/\" \/>\n<meta property=\"og:site_name\" content=\"Fuentes Fidedignas\" \/>\n<meta property=\"article:publisher\" content=\"https:\/\/www.facebook.com\/Fuentes-Fidedignas-368234489921644\" \/>\n<meta property=\"article:published_time\" content=\"2023-07-14T19:11:18+00:00\" \/>\n<meta property=\"article:modified_time\" content=\"2023-07-14T19:12:17+00:00\" \/>\n<meta property=\"og:image\" content=\"https:\/\/fuentesfidedignas.com.mx\/wp-content\/uploads\/2023\/07\/amlo-lopez-obrador-silenciar.jpg\" \/>\n\t<meta property=\"og:image:width\" content=\"1920\" \/>\n\t<meta property=\"og:image:height\" content=\"1280\" \/>\n\t<meta property=\"og:image:type\" content=\"image\/jpeg\" \/>\n<meta name=\"author\" content=\"L\u00f3pez D\u00f3riga\" \/>\n<meta name=\"twitter:card\" content=\"summary_large_image\" \/>\n<meta name=\"twitter:creator\" content=\"@fidedignas\" \/>\n<meta name=\"twitter:site\" content=\"@fidedignas\" \/>\n<meta name=\"twitter:label1\" content=\"Escrito por\" \/>\n\t<meta name=\"twitter:data1\" content=\"L\u00f3pez D\u00f3riga\" \/>\n\t<meta name=\"twitter:label2\" content=\"Tiempo de lectura\" \/>\n\t<meta name=\"twitter:data2\" content=\"2 minutos\" \/>\n<script type=\"application\/ld+json\" class=\"yoast-schema-graph\">{\"@context\":\"https:\\\/\\\/schema.org\",\"@graph\":[{\"@type\":\"Article\",\"@id\":\"https:\\\/\\\/fuentesfidedignas.com.mx\\\/index.php\\\/2023\\\/07\\\/14\\\/me-quieren-silenciar-amlo-tras-orden-del-ine-para-que-no-hable-del-proceso-electoral\\\/#article\",\"isPartOf\":{\"@id\":\"https:\\\/\\\/fuentesfidedignas.com.mx\\\/index.php\\\/2023\\\/07\\\/14\\\/me-quieren-silenciar-amlo-tras-orden-del-ine-para-que-no-hable-del-proceso-electoral\\\/\"},\"author\":{\"name\":\"L\u00f3pez D\u00f3riga\",\"@id\":\"https:\\\/\\\/fuentesfidedignas.com.mx\\\/#\\\/schema\\\/person\\\/67d852f0557c8509146a4b9ddebd543a\"},\"headline\":\"\u201cMe quieren silenciar\u201d: AMLO tras orden del INE para que no hable del proceso electoral\",\"datePublished\":\"2023-07-14T19:11:18+00:00\",\"dateModified\":\"2023-07-14T19:12:17+00:00\",\"mainEntityOfPage\":{\"@id\":\"https:\\\/\\\/fuentesfidedignas.com.mx\\\/index.php\\\/2023\\\/07\\\/14\\\/me-quieren-silenciar-amlo-tras-orden-del-ine-para-que-no-hable-del-proceso-electoral\\\/\"},\"wordCount\":516,\"commentCount\":0,\"publisher\":{\"@id\":\"https:\\\/\\\/fuentesfidedignas.com.mx\\\/#organization\"},\"image\":{\"@id\":\"https:\\\/\\\/fuentesfidedignas.com.mx\\\/index.php\\\/2023\\\/07\\\/14\\\/me-quieren-silenciar-amlo-tras-orden-del-ine-para-que-no-hable-del-proceso-electoral\\\/#primaryimage\"},\"thumbnailUrl\":\"https:\\\/\\\/fuentesfidedignas.com.mx\\\/wp-content\\\/uploads\\\/2023\\\/07\\\/amlo-lopez-obrador-silenciar.jpg\",\"articleSection\":[\"NOTICIAS NACIONALES\"],\"inLanguage\":\"es\",\"potentialAction\":[{\"@type\":\"CommentAction\",\"name\":\"Comment\",\"target\":[\"https:\\\/\\\/fuentesfidedignas.com.mx\\\/index.php\\\/2023\\\/07\\\/14\\\/me-quieren-silenciar-amlo-tras-orden-del-ine-para-que-no-hable-del-proceso-electoral\\\/#respond\"]}]},{\"@type\":\"WebPage\",\"@id\":\"https:\\\/\\\/fuentesfidedignas.com.mx\\\/index.php\\\/2023\\\/07\\\/14\\\/me-quieren-silenciar-amlo-tras-orden-del-ine-para-que-no-hable-del-proceso-electoral\\\/\",\"url\":\"https:\\\/\\\/fuentesfidedignas.com.mx\\\/index.php\\\/2023\\\/07\\\/14\\\/me-quieren-silenciar-amlo-tras-orden-del-ine-para-que-no-hable-del-proceso-electoral\\\/\",\"name\":\"\u201cMe quieren silenciar\u201d: AMLO tras orden del INE para que no hable del proceso electoral - Fuentes Fidedignas\",\"isPartOf\":{\"@id\":\"https:\\\/\\\/fuentesfidedignas.com.mx\\\/#website\"},\"primaryImageOfPage\":{\"@id\":\"https:\\\/\\\/fuentesfidedignas.com.mx\\\/index.php\\\/2023\\\/07\\\/14\\\/me-quieren-silenciar-amlo-tras-orden-del-ine-para-que-no-hable-del-proceso-electoral\\\/#primaryimage\"},\"image\":{\"@id\":\"https:\\\/\\\/fuentesfidedignas.com.mx\\\/index.php\\\/2023\\\/07\\\/14\\\/me-quieren-silenciar-amlo-tras-orden-del-ine-para-que-no-hable-del-proceso-electoral\\\/#primaryimage\"},\"thumbnailUrl\":\"https:\\\/\\\/fuentesfidedignas.com.mx\\\/wp-content\\\/uploads\\\/2023\\\/07\\\/amlo-lopez-obrador-silenciar.jpg\",\"datePublished\":\"2023-07-14T19:11:18+00:00\",\"dateModified\":\"2023-07-14T19:12:17+00:00\",\"breadcrumb\":{\"@id\":\"https:\\\/\\\/fuentesfidedignas.com.mx\\\/index.php\\\/2023\\\/07\\\/14\\\/me-quieren-silenciar-amlo-tras-orden-del-ine-para-que-no-hable-del-proceso-electoral\\\/#breadcrumb\"},\"inLanguage\":\"es\",\"potentialAction\":[{\"@type\":\"ReadAction\",\"target\":[\"https:\\\/\\\/fuentesfidedignas.com.mx\\\/index.php\\\/2023\\\/07\\\/14\\\/me-quieren-silenciar-amlo-tras-orden-del-ine-para-que-no-hable-del-proceso-electoral\\\/\"]}]},{\"@type\":\"ImageObject\",\"inLanguage\":\"es\",\"@id\":\"https:\\\/\\\/fuentesfidedignas.com.mx\\\/index.php\\\/2023\\\/07\\\/14\\\/me-quieren-silenciar-amlo-tras-orden-del-ine-para-que-no-hable-del-proceso-electoral\\\/#primaryimage\",\"url\":\"https:\\\/\\\/fuentesfidedignas.com.mx\\\/wp-content\\\/uploads\\\/2023\\\/07\\\/amlo-lopez-obrador-silenciar.jpg\",\"contentUrl\":\"https:\\\/\\\/fuentesfidedignas.com.mx\\\/wp-content\\\/uploads\\\/2023\\\/07\\\/amlo-lopez-obrador-silenciar.jpg\",\"width\":1920,\"height\":1280},{\"@type\":\"BreadcrumbList\",\"@id\":\"https:\\\/\\\/fuentesfidedignas.com.mx\\\/index.php\\\/2023\\\/07\\\/14\\\/me-quieren-silenciar-amlo-tras-orden-del-ine-para-que-no-hable-del-proceso-electoral\\\/#breadcrumb\",\"itemListElement\":[{\"@type\":\"ListItem\",\"position\":1,\"name\":\"Inicio\",\"item\":\"https:\\\/\\\/fuentesfidedignas.com.mx\\\/\"},{\"@type\":\"ListItem\",\"position\":2,\"name\":\"\u201cMe quieren silenciar\u201d: AMLO tras orden del INE para que no hable del proceso electoral\"}]},{\"@type\":\"WebSite\",\"@id\":\"https:\\\/\\\/fuentesfidedignas.com.mx\\\/#website\",\"url\":\"https:\\\/\\\/fuentesfidedignas.com.mx\\\/\",\"name\":\"Fuentes Fidedignas\",\"description\":\"Otro sitio realizado con WordPress\",\"publisher\":{\"@id\":\"https:\\\/\\\/fuentesfidedignas.com.mx\\\/#organization\"},\"potentialAction\":[{\"@type\":\"SearchAction\",\"target\":{\"@type\":\"EntryPoint\",\"urlTemplate\":\"https:\\\/\\\/fuentesfidedignas.com.mx\\\/?s={search_term_string}\"},\"query-input\":{\"@type\":\"PropertyValueSpecification\",\"valueRequired\":true,\"valueName\":\"search_term_string\"}}],\"inLanguage\":\"es\"},{\"@type\":\"Organization\",\"@id\":\"https:\\\/\\\/fuentesfidedignas.com.mx\\\/#organization\",\"name\":\"Fuentes Fidedignas\",\"url\":\"https:\\\/\\\/fuentesfidedignas.com.mx\\\/\",\"logo\":{\"@type\":\"ImageObject\",\"inLanguage\":\"es\",\"@id\":\"https:\\\/\\\/fuentesfidedignas.com.mx\\\/#\\\/schema\\\/logo\\\/image\\\/\",\"url\":\"https:\\\/\\\/fuentesfidedignas.com.mx\\\/wp-content\\\/uploads\\\/2021\\\/04\\\/logo-retina.png\",\"contentUrl\":\"https:\\\/\\\/fuentesfidedignas.com.mx\\\/wp-content\\\/uploads\\\/2021\\\/04\\\/logo-retina.png\",\"width\":280,\"height\":51,\"caption\":\"Fuentes Fidedignas\"},\"image\":{\"@id\":\"https:\\\/\\\/fuentesfidedignas.com.mx\\\/#\\\/schema\\\/logo\\\/image\\\/\"},\"sameAs\":[\"https:\\\/\\\/www.facebook.com\\\/Fuentes-Fidedignas-368234489921644\",\"https:\\\/\\\/x.com\\\/fidedignas\"]},{\"@type\":\"Person\",\"@id\":\"https:\\\/\\\/fuentesfidedignas.com.mx\\\/#\\\/schema\\\/person\\\/67d852f0557c8509146a4b9ddebd543a\",\"name\":\"L\u00f3pez D\u00f3riga\",\"image\":{\"@type\":\"ImageObject\",\"inLanguage\":\"es\",\"@id\":\"https:\\\/\\\/secure.gravatar.com\\\/avatar\\\/e525b06574ca18b33cded59dfe5778d6c823b9513154eff47da551b0551bdd1e?s=96&d=mm&r=g\",\"url\":\"https:\\\/\\\/secure.gravatar.com\\\/avatar\\\/e525b06574ca18b33cded59dfe5778d6c823b9513154eff47da551b0551bdd1e?s=96&d=mm&r=g\",\"contentUrl\":\"https:\\\/\\\/secure.gravatar.com\\\/avatar\\\/e525b06574ca18b33cded59dfe5778d6c823b9513154eff47da551b0551bdd1e?s=96&d=mm&r=g\",\"caption\":\"L\u00f3pez D\u00f3riga\"},\"url\":\"https:\\\/\\\/fuentesfidedignas.com.mx\\\/index.php\\\/author\\\/doriga\\\/\"}]}<\/script>\n<!-- \/ Yoast SEO plugin. -->","yoast_head_json":{"title":"\u201cMe quieren silenciar\u201d: AMLO tras orden del INE para que no hable del proceso electoral - Fuentes Fidedignas","robots":{"index":"index","follow":"follow","max-snippet":"max-snippet:-1","max-image-preview":"max-image-preview:large","max-video-preview":"max-video-preview:-1"},"canonical":"https:\/\/fuentesfidedignas.com.mx\/index.php\/2023\/07\/14\/me-quieren-silenciar-amlo-tras-orden-del-ine-para-que-no-hable-del-proceso-electoral\/","og_locale":"es_MX","og_type":"article","og_title":"\u201cMe quieren silenciar\u201d: AMLO tras orden del INE para que no hable del proceso electoral - Fuentes Fidedignas","og_description":"Tras la orden del INE, L\u00f3pez Obrador pregunt\u00f3 d\u00f3nde quedaron la libertad de expresi\u00f3n, derecho a la r\u00e9plica, as\u00ed como el derecho a disentir Ciudad de M\u00e9xico. El presidente Andr\u00e9s Manuel L\u00f3pez Obrador asever\u00f3 que lo quieren silenciar para que no hable de los temas electorales, tras la Comisi\u00f3n de Quejas y Denuncias del INE [&hellip;]","og_url":"https:\/\/fuentesfidedignas.com.mx\/index.php\/2023\/07\/14\/me-quieren-silenciar-amlo-tras-orden-del-ine-para-que-no-hable-del-proceso-electoral\/","og_site_name":"Fuentes Fidedignas","article_publisher":"https:\/\/www.facebook.com\/Fuentes-Fidedignas-368234489921644","article_published_time":"2023-07-14T19:11:18+00:00","article_modified_time":"2023-07-14T19:12:17+00:00","og_image":[{"width":1920,"height":1280,"url":"https:\/\/fuentesfidedignas.com.mx\/wp-content\/uploads\/2023\/07\/amlo-lopez-obrador-silenciar.jpg","type":"image\/jpeg"}],"author":"L\u00f3pez D\u00f3riga","twitter_card":"summary_large_image","twitter_creator":"@fidedignas","twitter_site":"@fidedignas","twitter_misc":{"Escrito por":"L\u00f3pez D\u00f3riga","Tiempo de lectura":"2 minutos"},"schema":{"@context":"https:\/\/schema.org","@graph":[{"@type":"Article","@id":"https:\/\/fuentesfidedignas.com.mx\/index.php\/2023\/07\/14\/me-quieren-silenciar-amlo-tras-orden-del-ine-para-que-no-hable-del-proceso-electoral\/#article","isPartOf":{"@id":"https:\/\/fuentesfidedignas.com.mx\/index.php\/2023\/07\/14\/me-quieren-silenciar-amlo-tras-orden-del-ine-para-que-no-hable-del-proceso-electoral\/"},"author":{"name":"L\u00f3pez D\u00f3riga","@id":"https:\/\/fuentesfidedignas.com.mx\/#\/schema\/person\/67d852f0557c8509146a4b9ddebd543a"},"headline":"\u201cMe quieren silenciar\u201d: AMLO tras orden del INE para que no hable del proceso electoral","datePublished":"2023-07-14T19:11:18+00:00","dateModified":"2023-07-14T19:12:17+00:00","mainEntityOfPage":{"@id":"https:\/\/fuentesfidedignas.com.mx\/index.php\/2023\/07\/14\/me-quieren-silenciar-amlo-tras-orden-del-ine-para-que-no-hable-del-proceso-electoral\/"},"wordCount":516,"commentCount":0,"publisher":{"@id":"https:\/\/fuentesfidedignas.com.mx\/#organization"},"image":{"@id":"https:\/\/fuentesfidedignas.com.mx\/index.php\/2023\/07\/14\/me-quieren-silenciar-amlo-tras-orden-del-ine-para-que-no-hable-del-proceso-electoral\/#primaryimage"},"thumbnailUrl":"https:\/\/fuentesfidedignas.com.mx\/wp-content\/uploads\/2023\/07\/amlo-lopez-obrador-silenciar.jpg","articleSection":["NOTICIAS NACIONALES"],"inLanguage":"es","potentialAction":[{"@type":"CommentAction","name":"Comment","target":["https:\/\/fuentesfidedignas.com.mx\/index.php\/2023\/07\/14\/me-quieren-silenciar-amlo-tras-orden-del-ine-para-que-no-hable-del-proceso-electoral\/#respond"]}]},{"@type":"WebPage","@id":"https:\/\/fuentesfidedignas.com.mx\/index.php\/2023\/07\/14\/me-quieren-silenciar-amlo-tras-orden-del-ine-para-que-no-hable-del-proceso-electoral\/","url":"https:\/\/fuentesfidedignas.com.mx\/index.php\/2023\/07\/14\/me-quieren-silenciar-amlo-tras-orden-del-ine-para-que-no-hable-del-proceso-electoral\/","name":"\u201cMe quieren silenciar\u201d: AMLO tras orden del INE para que no hable del proceso electoral - Fuentes Fidedignas","isPartOf":{"@id":"https:\/\/fuentesfidedignas.com.mx\/#website"},"primaryImageOfPage":{"@id":"https:\/\/fuentesfidedignas.com.mx\/index.php\/2023\/07\/14\/me-quieren-silenciar-amlo-tras-orden-del-ine-para-que-no-hable-del-proceso-electoral\/#primaryimage"},"image":{"@id":"https:\/\/fuentesfidedignas.com.mx\/index.php\/2023\/07\/14\/me-quieren-silenciar-amlo-tras-orden-del-ine-para-que-no-hable-del-proceso-electoral\/#primaryimage"},"thumbnailUrl":"https:\/\/fuentesfidedignas.com.mx\/wp-content\/uploads\/2023\/07\/amlo-lopez-obrador-silenciar.jpg","datePublished":"2023-07-14T19:11:18+00:00","dateModified":"2023-07-14T19:12:17+00:00","breadcrumb":{"@id":"https:\/\/fuentesfidedignas.com.mx\/index.php\/2023\/07\/14\/me-quieren-silenciar-amlo-tras-orden-del-ine-para-que-no-hable-del-proceso-electoral\/#breadcrumb"},"inLanguage":"es","potentialAction":[{"@type":"ReadAction","target":["https:\/\/fuentesfidedignas.com.mx\/index.php\/2023\/07\/14\/me-quieren-silenciar-amlo-tras-orden-del-ine-para-que-no-hable-del-proceso-electoral\/"]}]},{"@type":"ImageObject","inLanguage":"es","@id":"https:\/\/fuentesfidedignas.com.mx\/index.php\/2023\/07\/14\/me-quieren-silenciar-amlo-tras-orden-del-ine-para-que-no-hable-del-proceso-electoral\/#primaryimage","url":"https:\/\/fuentesfidedignas.com.mx\/wp-content\/uploads\/2023\/07\/amlo-lopez-obrador-silenciar.jpg","contentUrl":"https:\/\/fuentesfidedignas.com.mx\/wp-content\/uploads\/2023\/07\/amlo-lopez-obrador-silenciar.jpg","width":1920,"height":1280},{"@type":"BreadcrumbList","@id":"https:\/\/fuentesfidedignas.com.mx\/index.php\/2023\/07\/14\/me-quieren-silenciar-amlo-tras-orden-del-ine-para-que-no-hable-del-proceso-electoral\/#breadcrumb","itemListElement":[{"@type":"ListItem","position":1,"name":"Inicio","item":"https:\/\/fuentesfidedignas.com.mx\/"},{"@type":"ListItem","position":2,"name":"\u201cMe quieren silenciar\u201d: AMLO tras orden del INE para que no hable del proceso electoral"}]},{"@type":"WebSite","@id":"https:\/\/fuentesfidedignas.com.mx\/#website","url":"https:\/\/fuentesfidedignas.com.mx\/","name":"Fuentes Fidedignas","description":"Otro sitio realizado con WordPress","publisher":{"@id":"https:\/\/fuentesfidedignas.com.mx\/#organization"},"potentialAction":[{"@type":"SearchAction","target":{"@type":"EntryPoint","urlTemplate":"https:\/\/fuentesfidedignas.com.mx\/?s={search_term_string}"},"query-input":{"@type":"PropertyValueSpecification","valueRequired":true,"valueName":"search_term_string"}}],"inLanguage":"es"},{"@type":"Organization","@id":"https:\/\/fuentesfidedignas.com.mx\/#organization","name":"Fuentes Fidedignas","url":"https:\/\/fuentesfidedignas.com.mx\/","logo":{"@type":"ImageObject","inLanguage":"es","@id":"https:\/\/fuentesfidedignas.com.mx\/#\/schema\/logo\/image\/","url":"https:\/\/fuentesfidedignas.com.mx\/wp-content\/uploads\/2021\/04\/logo-retina.png","contentUrl":"https:\/\/fuentesfidedignas.com.mx\/wp-content\/uploads\/2021\/04\/logo-retina.png","width":280,"height":51,"caption":"Fuentes Fidedignas"},"image":{"@id":"https:\/\/fuentesfidedignas.com.mx\/#\/schema\/logo\/image\/"},"sameAs":["https:\/\/www.facebook.com\/Fuentes-Fidedignas-368234489921644","https:\/\/x.com\/fidedignas"]},{"@type":"Person","@id":"https:\/\/fuentesfidedignas.com.mx\/#\/schema\/person\/67d852f0557c8509146a4b9ddebd543a","name":"L\u00f3pez D\u00f3riga","image":{"@type":"ImageObject","inLanguage":"es","@id":"https:\/\/secure.gravatar.com\/avatar\/e525b06574ca18b33cded59dfe5778d6c823b9513154eff47da551b0551bdd1e?s=96&d=mm&r=g","url":"https:\/\/secure.gravatar.com\/avatar\/e525b06574ca18b33cded59dfe5778d6c823b9513154eff47da551b0551bdd1e?s=96&d=mm&r=g","contentUrl":"https:\/\/secure.gravatar.com\/avatar\/e525b06574ca18b33cded59dfe5778d6c823b9513154eff47da551b0551bdd1e?s=96&d=mm&r=g","caption":"L\u00f3pez D\u00f3riga"},"url":"https:\/\/fuentesfidedignas.com.mx\/index.php\/author\/doriga\/"}]}},"_links":{"self":[{"href":"https:\/\/fuentesfidedignas.com.mx\/index.php\/wp-json\/wp\/v2\/posts\/52811","targetHints":{"allow":["GET"]}}],"collection":[{"href":"https:\/\/fuentesfidedignas.com.mx\/index.php\/wp-json\/wp\/v2\/posts"}],"about":[{"href":"https:\/\/fuentesfidedignas.com.mx\/index.php\/wp-json\/wp\/v2\/types\/post"}],"author":[{"embeddable":true,"href":"https:\/\/fuentesfidedignas.com.mx\/index.php\/wp-json\/wp\/v2\/users\/47"}],"replies":[{"embeddable":true,"href":"https:\/\/fuentesfidedignas.com.mx\/index.php\/wp-json\/wp\/v2\/comments?post=52811"}],"version-history":[{"count":1,"href":"https:\/\/fuentesfidedignas.com.mx\/index.php\/wp-json\/wp\/v2\/posts\/52811\/revisions"}],"predecessor-version":[{"id":52812,"href":"https:\/\/fuentesfidedignas.com.mx\/index.php\/wp-json\/wp\/v2\/posts\/52811\/revisions\/52812"}],"wp:featuredmedia":[{"embeddable":true,"href":"https:\/\/fuentesfidedignas.com.mx\/index.php\/wp-json\/wp\/v2\/media\/52813"}],"wp:attachment":[{"href":"https:\/\/fuentesfidedignas.com.mx\/index.php\/wp-json\/wp\/v2\/media?parent=52811"}],"wp:term":[{"taxonomy":"category","embeddable":true,"href":"https:\/\/fuentesfidedignas.com.mx\/index.php\/wp-json\/wp\/v2\/categories?post=52811"},{"taxonomy":"post_tag","embeddable":true,"href":"https:\/\/fuentesfidedignas.com.mx\/index.php\/wp-json\/wp\/v2\/tags?post=52811"}],"curies":[{"name":"wp","href":"https:\/\/api.w.org\/{rel}","templated":true}]}}