{"id":52808,"date":"2023-07-14T11:04:18","date_gmt":"2023-07-14T18:04:18","guid":{"rendered":"https:\/\/fuentesfidedignas.com.mx\/?p=52808"},"modified":"2023-07-14T11:05:22","modified_gmt":"2023-07-14T18:05:22","slug":"preparate-con-el-ventilador-advierten-que-olas-de-calor-seguiran-en-julio-y-agosto","status":"publish","type":"post","link":"https:\/\/fuentesfidedignas.com.mx\/index.php\/2023\/07\/14\/preparate-con-el-ventilador-advierten-que-olas-de-calor-seguiran-en-julio-y-agosto\/","title":{"rendered":"\u00a1Prep\u00e1rate con el ventilador! Advierten que olas de calor seguir\u00e1n en julio y agosto"},"content":{"rendered":"\n<p><br><strong><em>La Organizaci\u00f3n Meteorol\u00f3gica Mundial (OMM) se\u00f1al\u00f3 que este clima extremo se est\u00e1 volviendo cada vez m\u00e1s frecuente debido a la crisis clim\u00e1tica<\/em><\/strong><\/p>\n\n\n\n<p>Ciudad de M\u00e9xico. La Organizaci\u00f3n Meteorol\u00f3gica Mundial (OMM), dependiente de las Naciones Unidas,\u00a0anunci\u00f3\u00a0que el intenso calor, que ya ha establecido r\u00e9cords de temperatura media en junio y registros diarios en la primera mitad de julio, persistir\u00e1 durante las pr\u00f3ximas dos semanas y podr\u00eda extenderse hasta agosto. Seg\u00fan el brazo cient\u00edfico de las Naciones Unidas para el clima<strong>, se prev\u00e9 que las temperaturas contin\u00faen por encima de lo normal en la regi\u00f3n mediterr\u00e1nea<\/strong>, con valores que podr\u00edan superar hasta en 5\u00b0 C\u00a0la media semanal.<\/p>\n\n\n\n<p>El secretario general de la OMM, el profesor Petteri Taalas, se\u00f1al\u00f3 que este clima extremo se est\u00e1 volviendo cada vez m\u00e1s frecuente\u00a0debido a la crisis clim\u00e1tica o y est\u00e1 teniendo un impacto significativo en la salud humana,\u00a0los ecosistemas, las econom\u00edas, la agricultura, la energ\u00eda y el suministro de agua.<\/p>\n\n\n\n<p>Los servicios meteorol\u00f3gicos de Estados Unidos y Marruecos<strong>&nbsp;tambi\u00e9n han emitido alertas por altas temperaturas para las pr\u00f3ximas semanas<\/strong>. Ante esta &#8220;urgencia&#8221;, Taalas resalt\u00f3 la importancia de reducir las emisiones de gases de efecto invernadero lo m\u00e1s r\u00e1pido y profundamente posible.<\/p>\n\n\n\n<p>Si no se revierte esta situaci\u00f3n, el Grupo Intergubernamental de Expertos sobre el Cambio Clim\u00e1tico (IPCC), la principal autoridad cient\u00edfica en esta materia<strong>, estima que para el a\u00f1o 2050 alrededor de la mitad de la poblaci\u00f3n europea podr\u00eda enfrentar un riesgo elevado<\/strong>&nbsp;o muy elevado de sufrir estr\u00e9s t\u00e9rmico durante el verano.<\/p>\n","protected":false},"excerpt":{"rendered":"<p>La Organizaci\u00f3n Meteorol\u00f3gica Mundial (OMM) se\u00f1al\u00f3 que este clima extremo se est\u00e1 volviendo cada vez m\u00e1s frecuente debido a la crisis clim\u00e1tica Ciudad de M\u00e9xico. La Organizaci\u00f3n Meteorol\u00f3gica Mundial (OMM), dependiente de las Naciones Unidas,\u00a0anunci\u00f3\u00a0que el intenso calor, que ya ha establecido r\u00e9cords de temperatura media en junio y registros diarios en la primera mitad [&hellip;]<\/p>\n","protected":false},"author":7,"featured_media":52810,"comment_status":"open","ping_status":"open","sticky":false,"template":"","format":"standard","meta":{"tdm_status":"","tdm_grid_status":"","footnotes":""},"categories":[39,1],"tags":[],"class_list":{"0":"post-52808","1":"post","2":"type-post","3":"status-publish","4":"format-standard","5":"has-post-thumbnail","7":"category-noticias-nacionales","8":"category-sin-categoria"},"yoast_head":"<!-- This site is optimized with the Yoast SEO plugin v27.4 - https:\/\/yoast.com\/product\/yoast-seo-wordpress\/ -->\n<title>\u00a1Prep\u00e1rate con el ventilador! Advierten que olas de calor seguir\u00e1n en julio y agosto - Fuentes Fidedignas<\/title>\n<meta name=\"robots\" content=\"index, follow, max-snippet:-1, max-image-preview:large, max-video-preview:-1\" \/>\n<link rel=\"canonical\" href=\"https:\/\/fuentesfidedignas.com.mx\/index.php\/2023\/07\/14\/preparate-con-el-ventilador-advierten-que-olas-de-calor-seguiran-en-julio-y-agosto\/\" \/>\n<meta property=\"og:locale\" content=\"es_MX\" \/>\n<meta property=\"og:type\" content=\"article\" \/>\n<meta property=\"og:title\" content=\"\u00a1Prep\u00e1rate con el ventilador! Advierten que olas de calor seguir\u00e1n en julio y agosto - Fuentes Fidedignas\" \/>\n<meta property=\"og:description\" content=\"La Organizaci\u00f3n Meteorol\u00f3gica Mundial (OMM) se\u00f1al\u00f3 que este clima extremo se est\u00e1 volviendo cada vez m\u00e1s frecuente debido a la crisis clim\u00e1tica Ciudad de M\u00e9xico. La Organizaci\u00f3n Meteorol\u00f3gica Mundial (OMM), dependiente de las Naciones Unidas,\u00a0anunci\u00f3\u00a0que el intenso calor, que ya ha establecido r\u00e9cords de temperatura media en junio y registros diarios en la primera mitad [&hellip;]\" \/>\n<meta property=\"og:url\" content=\"https:\/\/fuentesfidedignas.com.mx\/index.php\/2023\/07\/14\/preparate-con-el-ventilador-advierten-que-olas-de-calor-seguiran-en-julio-y-agosto\/\" \/>\n<meta property=\"og:site_name\" content=\"Fuentes Fidedignas\" \/>\n<meta property=\"article:publisher\" content=\"https:\/\/www.facebook.com\/Fuentes-Fidedignas-368234489921644\" \/>\n<meta property=\"article:published_time\" content=\"2023-07-14T18:04:18+00:00\" \/>\n<meta property=\"article:modified_time\" content=\"2023-07-14T18:05:22+00:00\" \/>\n<meta property=\"og:image\" content=\"https:\/\/fuentesfidedignas.com.mx\/wp-content\/uploads\/2023\/07\/2978081.jpg\" \/>\n\t<meta property=\"og:image:width\" content=\"800\" \/>\n\t<meta property=\"og:image:height\" content=\"600\" \/>\n\t<meta property=\"og:image:type\" content=\"image\/jpeg\" \/>\n<meta name=\"author\" content=\"Exc\u00e9lsior\" \/>\n<meta name=\"twitter:card\" content=\"summary_large_image\" \/>\n<meta name=\"twitter:creator\" content=\"@fidedignas\" \/>\n<meta name=\"twitter:site\" content=\"@fidedignas\" \/>\n<meta name=\"twitter:label1\" content=\"Escrito por\" \/>\n\t<meta name=\"twitter:data1\" content=\"Exc\u00e9lsior\" \/>\n\t<meta name=\"twitter:label2\" content=\"Tiempo de lectura\" \/>\n\t<meta name=\"twitter:data2\" content=\"2 minutos\" \/>\n<script type=\"application\/ld+json\" class=\"yoast-schema-graph\">{\"@context\":\"https:\\\/\\\/schema.org\",\"@graph\":[{\"@type\":\"Article\",\"@id\":\"https:\\\/\\\/fuentesfidedignas.com.mx\\\/index.php\\\/2023\\\/07\\\/14\\\/preparate-con-el-ventilador-advierten-que-olas-de-calor-seguiran-en-julio-y-agosto\\\/#article\",\"isPartOf\":{\"@id\":\"https:\\\/\\\/fuentesfidedignas.com.mx\\\/index.php\\\/2023\\\/07\\\/14\\\/preparate-con-el-ventilador-advierten-que-olas-de-calor-seguiran-en-julio-y-agosto\\\/\"},\"author\":{\"name\":\"Exc\u00e9lsior\",\"@id\":\"https:\\\/\\\/fuentesfidedignas.com.mx\\\/#\\\/schema\\\/person\\\/ec4edd1fbf5efa3e44fce34fe2787780\"},\"headline\":\"\u00a1Prep\u00e1rate con el ventilador! Advierten que olas de calor seguir\u00e1n en julio y agosto\",\"datePublished\":\"2023-07-14T18:04:18+00:00\",\"dateModified\":\"2023-07-14T18:05:22+00:00\",\"mainEntityOfPage\":{\"@id\":\"https:\\\/\\\/fuentesfidedignas.com.mx\\\/index.php\\\/2023\\\/07\\\/14\\\/preparate-con-el-ventilador-advierten-que-olas-de-calor-seguiran-en-julio-y-agosto\\\/\"},\"wordCount\":303,\"commentCount\":0,\"publisher\":{\"@id\":\"https:\\\/\\\/fuentesfidedignas.com.mx\\\/#organization\"},\"image\":{\"@id\":\"https:\\\/\\\/fuentesfidedignas.com.mx\\\/index.php\\\/2023\\\/07\\\/14\\\/preparate-con-el-ventilador-advierten-que-olas-de-calor-seguiran-en-julio-y-agosto\\\/#primaryimage\"},\"thumbnailUrl\":\"https:\\\/\\\/fuentesfidedignas.com.mx\\\/wp-content\\\/uploads\\\/2023\\\/07\\\/2978081.jpg\",\"articleSection\":[\"NOTICIAS NACIONALES\"],\"inLanguage\":\"es\",\"potentialAction\":[{\"@type\":\"CommentAction\",\"name\":\"Comment\",\"target\":[\"https:\\\/\\\/fuentesfidedignas.com.mx\\\/index.php\\\/2023\\\/07\\\/14\\\/preparate-con-el-ventilador-advierten-que-olas-de-calor-seguiran-en-julio-y-agosto\\\/#respond\"]}]},{\"@type\":\"WebPage\",\"@id\":\"https:\\\/\\\/fuentesfidedignas.com.mx\\\/index.php\\\/2023\\\/07\\\/14\\\/preparate-con-el-ventilador-advierten-que-olas-de-calor-seguiran-en-julio-y-agosto\\\/\",\"url\":\"https:\\\/\\\/fuentesfidedignas.com.mx\\\/index.php\\\/2023\\\/07\\\/14\\\/preparate-con-el-ventilador-advierten-que-olas-de-calor-seguiran-en-julio-y-agosto\\\/\",\"name\":\"\u00a1Prep\u00e1rate con el ventilador! Advierten que olas de calor seguir\u00e1n en julio y agosto - Fuentes Fidedignas\",\"isPartOf\":{\"@id\":\"https:\\\/\\\/fuentesfidedignas.com.mx\\\/#website\"},\"primaryImageOfPage\":{\"@id\":\"https:\\\/\\\/fuentesfidedignas.com.mx\\\/index.php\\\/2023\\\/07\\\/14\\\/preparate-con-el-ventilador-advierten-que-olas-de-calor-seguiran-en-julio-y-agosto\\\/#primaryimage\"},\"image\":{\"@id\":\"https:\\\/\\\/fuentesfidedignas.com.mx\\\/index.php\\\/2023\\\/07\\\/14\\\/preparate-con-el-ventilador-advierten-que-olas-de-calor-seguiran-en-julio-y-agosto\\\/#primaryimage\"},\"thumbnailUrl\":\"https:\\\/\\\/fuentesfidedignas.com.mx\\\/wp-content\\\/uploads\\\/2023\\\/07\\\/2978081.jpg\",\"datePublished\":\"2023-07-14T18:04:18+00:00\",\"dateModified\":\"2023-07-14T18:05:22+00:00\",\"breadcrumb\":{\"@id\":\"https:\\\/\\\/fuentesfidedignas.com.mx\\\/index.php\\\/2023\\\/07\\\/14\\\/preparate-con-el-ventilador-advierten-que-olas-de-calor-seguiran-en-julio-y-agosto\\\/#breadcrumb\"},\"inLanguage\":\"es\",\"potentialAction\":[{\"@type\":\"ReadAction\",\"target\":[\"https:\\\/\\\/fuentesfidedignas.com.mx\\\/index.php\\\/2023\\\/07\\\/14\\\/preparate-con-el-ventilador-advierten-que-olas-de-calor-seguiran-en-julio-y-agosto\\\/\"]}]},{\"@type\":\"ImageObject\",\"inLanguage\":\"es\",\"@id\":\"https:\\\/\\\/fuentesfidedignas.com.mx\\\/index.php\\\/2023\\\/07\\\/14\\\/preparate-con-el-ventilador-advierten-que-olas-de-calor-seguiran-en-julio-y-agosto\\\/#primaryimage\",\"url\":\"https:\\\/\\\/fuentesfidedignas.com.mx\\\/wp-content\\\/uploads\\\/2023\\\/07\\\/2978081.jpg\",\"contentUrl\":\"https:\\\/\\\/fuentesfidedignas.com.mx\\\/wp-content\\\/uploads\\\/2023\\\/07\\\/2978081.jpg\",\"width\":800,\"height\":600},{\"@type\":\"BreadcrumbList\",\"@id\":\"https:\\\/\\\/fuentesfidedignas.com.mx\\\/index.php\\\/2023\\\/07\\\/14\\\/preparate-con-el-ventilador-advierten-que-olas-de-calor-seguiran-en-julio-y-agosto\\\/#breadcrumb\",\"itemListElement\":[{\"@type\":\"ListItem\",\"position\":1,\"name\":\"Inicio\",\"item\":\"https:\\\/\\\/fuentesfidedignas.com.mx\\\/\"},{\"@type\":\"ListItem\",\"position\":2,\"name\":\"\u00a1Prep\u00e1rate con el ventilador! Advierten que olas de calor seguir\u00e1n en julio y agosto\"}]},{\"@type\":\"WebSite\",\"@id\":\"https:\\\/\\\/fuentesfidedignas.com.mx\\\/#website\",\"url\":\"https:\\\/\\\/fuentesfidedignas.com.mx\\\/\",\"name\":\"Fuentes Fidedignas\",\"description\":\"Otro sitio realizado con WordPress\",\"publisher\":{\"@id\":\"https:\\\/\\\/fuentesfidedignas.com.mx\\\/#organization\"},\"potentialAction\":[{\"@type\":\"SearchAction\",\"target\":{\"@type\":\"EntryPoint\",\"urlTemplate\":\"https:\\\/\\\/fuentesfidedignas.com.mx\\\/?s={search_term_string}\"},\"query-input\":{\"@type\":\"PropertyValueSpecification\",\"valueRequired\":true,\"valueName\":\"search_term_string\"}}],\"inLanguage\":\"es\"},{\"@type\":\"Organization\",\"@id\":\"https:\\\/\\\/fuentesfidedignas.com.mx\\\/#organization\",\"name\":\"Fuentes Fidedignas\",\"url\":\"https:\\\/\\\/fuentesfidedignas.com.mx\\\/\",\"logo\":{\"@type\":\"ImageObject\",\"inLanguage\":\"es\",\"@id\":\"https:\\\/\\\/fuentesfidedignas.com.mx\\\/#\\\/schema\\\/logo\\\/image\\\/\",\"url\":\"https:\\\/\\\/fuentesfidedignas.com.mx\\\/wp-content\\\/uploads\\\/2021\\\/04\\\/logo-retina.png\",\"contentUrl\":\"https:\\\/\\\/fuentesfidedignas.com.mx\\\/wp-content\\\/uploads\\\/2021\\\/04\\\/logo-retina.png\",\"width\":280,\"height\":51,\"caption\":\"Fuentes Fidedignas\"},\"image\":{\"@id\":\"https:\\\/\\\/fuentesfidedignas.com.mx\\\/#\\\/schema\\\/logo\\\/image\\\/\"},\"sameAs\":[\"https:\\\/\\\/www.facebook.com\\\/Fuentes-Fidedignas-368234489921644\",\"https:\\\/\\\/x.com\\\/fidedignas\"]},{\"@type\":\"Person\",\"@id\":\"https:\\\/\\\/fuentesfidedignas.com.mx\\\/#\\\/schema\\\/person\\\/ec4edd1fbf5efa3e44fce34fe2787780\",\"name\":\"Exc\u00e9lsior\",\"image\":{\"@type\":\"ImageObject\",\"inLanguage\":\"es\",\"@id\":\"https:\\\/\\\/secure.gravatar.com\\\/avatar\\\/4b7ee9206b48be08447852b3f0814dbc7c0f3b51541b164f1464a2725614020b?s=96&d=mm&r=g\",\"url\":\"https:\\\/\\\/secure.gravatar.com\\\/avatar\\\/4b7ee9206b48be08447852b3f0814dbc7c0f3b51541b164f1464a2725614020b?s=96&d=mm&r=g\",\"contentUrl\":\"https:\\\/\\\/secure.gravatar.com\\\/avatar\\\/4b7ee9206b48be08447852b3f0814dbc7c0f3b51541b164f1464a2725614020b?s=96&d=mm&r=g\",\"caption\":\"Exc\u00e9lsior\"},\"url\":\"https:\\\/\\\/fuentesfidedignas.com.mx\\\/index.php\\\/author\\\/excelsior\\\/\"}]}<\/script>\n<!-- \/ Yoast SEO plugin. -->","yoast_head_json":{"title":"\u00a1Prep\u00e1rate con el ventilador! Advierten que olas de calor seguir\u00e1n en julio y agosto - Fuentes Fidedignas","robots":{"index":"index","follow":"follow","max-snippet":"max-snippet:-1","max-image-preview":"max-image-preview:large","max-video-preview":"max-video-preview:-1"},"canonical":"https:\/\/fuentesfidedignas.com.mx\/index.php\/2023\/07\/14\/preparate-con-el-ventilador-advierten-que-olas-de-calor-seguiran-en-julio-y-agosto\/","og_locale":"es_MX","og_type":"article","og_title":"\u00a1Prep\u00e1rate con el ventilador! Advierten que olas de calor seguir\u00e1n en julio y agosto - Fuentes Fidedignas","og_description":"La Organizaci\u00f3n Meteorol\u00f3gica Mundial (OMM) se\u00f1al\u00f3 que este clima extremo se est\u00e1 volviendo cada vez m\u00e1s frecuente debido a la crisis clim\u00e1tica Ciudad de M\u00e9xico. La Organizaci\u00f3n Meteorol\u00f3gica Mundial (OMM), dependiente de las Naciones Unidas,\u00a0anunci\u00f3\u00a0que el intenso calor, que ya ha establecido r\u00e9cords de temperatura media en junio y registros diarios en la primera mitad [&hellip;]","og_url":"https:\/\/fuentesfidedignas.com.mx\/index.php\/2023\/07\/14\/preparate-con-el-ventilador-advierten-que-olas-de-calor-seguiran-en-julio-y-agosto\/","og_site_name":"Fuentes Fidedignas","article_publisher":"https:\/\/www.facebook.com\/Fuentes-Fidedignas-368234489921644","article_published_time":"2023-07-14T18:04:18+00:00","article_modified_time":"2023-07-14T18:05:22+00:00","og_image":[{"width":800,"height":600,"url":"https:\/\/fuentesfidedignas.com.mx\/wp-content\/uploads\/2023\/07\/2978081.jpg","type":"image\/jpeg"}],"author":"Exc\u00e9lsior","twitter_card":"summary_large_image","twitter_creator":"@fidedignas","twitter_site":"@fidedignas","twitter_misc":{"Escrito por":"Exc\u00e9lsior","Tiempo de lectura":"2 minutos"},"schema":{"@context":"https:\/\/schema.org","@graph":[{"@type":"Article","@id":"https:\/\/fuentesfidedignas.com.mx\/index.php\/2023\/07\/14\/preparate-con-el-ventilador-advierten-que-olas-de-calor-seguiran-en-julio-y-agosto\/#article","isPartOf":{"@id":"https:\/\/fuentesfidedignas.com.mx\/index.php\/2023\/07\/14\/preparate-con-el-ventilador-advierten-que-olas-de-calor-seguiran-en-julio-y-agosto\/"},"author":{"name":"Exc\u00e9lsior","@id":"https:\/\/fuentesfidedignas.com.mx\/#\/schema\/person\/ec4edd1fbf5efa3e44fce34fe2787780"},"headline":"\u00a1Prep\u00e1rate con el ventilador! Advierten que olas de calor seguir\u00e1n en julio y agosto","datePublished":"2023-07-14T18:04:18+00:00","dateModified":"2023-07-14T18:05:22+00:00","mainEntityOfPage":{"@id":"https:\/\/fuentesfidedignas.com.mx\/index.php\/2023\/07\/14\/preparate-con-el-ventilador-advierten-que-olas-de-calor-seguiran-en-julio-y-agosto\/"},"wordCount":303,"commentCount":0,"publisher":{"@id":"https:\/\/fuentesfidedignas.com.mx\/#organization"},"image":{"@id":"https:\/\/fuentesfidedignas.com.mx\/index.php\/2023\/07\/14\/preparate-con-el-ventilador-advierten-que-olas-de-calor-seguiran-en-julio-y-agosto\/#primaryimage"},"thumbnailUrl":"https:\/\/fuentesfidedignas.com.mx\/wp-content\/uploads\/2023\/07\/2978081.jpg","articleSection":["NOTICIAS NACIONALES"],"inLanguage":"es","potentialAction":[{"@type":"CommentAction","name":"Comment","target":["https:\/\/fuentesfidedignas.com.mx\/index.php\/2023\/07\/14\/preparate-con-el-ventilador-advierten-que-olas-de-calor-seguiran-en-julio-y-agosto\/#respond"]}]},{"@type":"WebPage","@id":"https:\/\/fuentesfidedignas.com.mx\/index.php\/2023\/07\/14\/preparate-con-el-ventilador-advierten-que-olas-de-calor-seguiran-en-julio-y-agosto\/","url":"https:\/\/fuentesfidedignas.com.mx\/index.php\/2023\/07\/14\/preparate-con-el-ventilador-advierten-que-olas-de-calor-seguiran-en-julio-y-agosto\/","name":"\u00a1Prep\u00e1rate con el ventilador! Advierten que olas de calor seguir\u00e1n en julio y agosto - Fuentes Fidedignas","isPartOf":{"@id":"https:\/\/fuentesfidedignas.com.mx\/#website"},"primaryImageOfPage":{"@id":"https:\/\/fuentesfidedignas.com.mx\/index.php\/2023\/07\/14\/preparate-con-el-ventilador-advierten-que-olas-de-calor-seguiran-en-julio-y-agosto\/#primaryimage"},"image":{"@id":"https:\/\/fuentesfidedignas.com.mx\/index.php\/2023\/07\/14\/preparate-con-el-ventilador-advierten-que-olas-de-calor-seguiran-en-julio-y-agosto\/#primaryimage"},"thumbnailUrl":"https:\/\/fuentesfidedignas.com.mx\/wp-content\/uploads\/2023\/07\/2978081.jpg","datePublished":"2023-07-14T18:04:18+00:00","dateModified":"2023-07-14T18:05:22+00:00","breadcrumb":{"@id":"https:\/\/fuentesfidedignas.com.mx\/index.php\/2023\/07\/14\/preparate-con-el-ventilador-advierten-que-olas-de-calor-seguiran-en-julio-y-agosto\/#breadcrumb"},"inLanguage":"es","potentialAction":[{"@type":"ReadAction","target":["https:\/\/fuentesfidedignas.com.mx\/index.php\/2023\/07\/14\/preparate-con-el-ventilador-advierten-que-olas-de-calor-seguiran-en-julio-y-agosto\/"]}]},{"@type":"ImageObject","inLanguage":"es","@id":"https:\/\/fuentesfidedignas.com.mx\/index.php\/2023\/07\/14\/preparate-con-el-ventilador-advierten-que-olas-de-calor-seguiran-en-julio-y-agosto\/#primaryimage","url":"https:\/\/fuentesfidedignas.com.mx\/wp-content\/uploads\/2023\/07\/2978081.jpg","contentUrl":"https:\/\/fuentesfidedignas.com.mx\/wp-content\/uploads\/2023\/07\/2978081.jpg","width":800,"height":600},{"@type":"BreadcrumbList","@id":"https:\/\/fuentesfidedignas.com.mx\/index.php\/2023\/07\/14\/preparate-con-el-ventilador-advierten-que-olas-de-calor-seguiran-en-julio-y-agosto\/#breadcrumb","itemListElement":[{"@type":"ListItem","position":1,"name":"Inicio","item":"https:\/\/fuentesfidedignas.com.mx\/"},{"@type":"ListItem","position":2,"name":"\u00a1Prep\u00e1rate con el ventilador! Advierten que olas de calor seguir\u00e1n en julio y agosto"}]},{"@type":"WebSite","@id":"https:\/\/fuentesfidedignas.com.mx\/#website","url":"https:\/\/fuentesfidedignas.com.mx\/","name":"Fuentes Fidedignas","description":"Otro sitio realizado con WordPress","publisher":{"@id":"https:\/\/fuentesfidedignas.com.mx\/#organization"},"potentialAction":[{"@type":"SearchAction","target":{"@type":"EntryPoint","urlTemplate":"https:\/\/fuentesfidedignas.com.mx\/?s={search_term_string}"},"query-input":{"@type":"PropertyValueSpecification","valueRequired":true,"valueName":"search_term_string"}}],"inLanguage":"es"},{"@type":"Organization","@id":"https:\/\/fuentesfidedignas.com.mx\/#organization","name":"Fuentes Fidedignas","url":"https:\/\/fuentesfidedignas.com.mx\/","logo":{"@type":"ImageObject","inLanguage":"es","@id":"https:\/\/fuentesfidedignas.com.mx\/#\/schema\/logo\/image\/","url":"https:\/\/fuentesfidedignas.com.mx\/wp-content\/uploads\/2021\/04\/logo-retina.png","contentUrl":"https:\/\/fuentesfidedignas.com.mx\/wp-content\/uploads\/2021\/04\/logo-retina.png","width":280,"height":51,"caption":"Fuentes Fidedignas"},"image":{"@id":"https:\/\/fuentesfidedignas.com.mx\/#\/schema\/logo\/image\/"},"sameAs":["https:\/\/www.facebook.com\/Fuentes-Fidedignas-368234489921644","https:\/\/x.com\/fidedignas"]},{"@type":"Person","@id":"https:\/\/fuentesfidedignas.com.mx\/#\/schema\/person\/ec4edd1fbf5efa3e44fce34fe2787780","name":"Exc\u00e9lsior","image":{"@type":"ImageObject","inLanguage":"es","@id":"https:\/\/secure.gravatar.com\/avatar\/4b7ee9206b48be08447852b3f0814dbc7c0f3b51541b164f1464a2725614020b?s=96&d=mm&r=g","url":"https:\/\/secure.gravatar.com\/avatar\/4b7ee9206b48be08447852b3f0814dbc7c0f3b51541b164f1464a2725614020b?s=96&d=mm&r=g","contentUrl":"https:\/\/secure.gravatar.com\/avatar\/4b7ee9206b48be08447852b3f0814dbc7c0f3b51541b164f1464a2725614020b?s=96&d=mm&r=g","caption":"Exc\u00e9lsior"},"url":"https:\/\/fuentesfidedignas.com.mx\/index.php\/author\/excelsior\/"}]}},"_links":{"self":[{"href":"https:\/\/fuentesfidedignas.com.mx\/index.php\/wp-json\/wp\/v2\/posts\/52808","targetHints":{"allow":["GET"]}}],"collection":[{"href":"https:\/\/fuentesfidedignas.com.mx\/index.php\/wp-json\/wp\/v2\/posts"}],"about":[{"href":"https:\/\/fuentesfidedignas.com.mx\/index.php\/wp-json\/wp\/v2\/types\/post"}],"author":[{"embeddable":true,"href":"https:\/\/fuentesfidedignas.com.mx\/index.php\/wp-json\/wp\/v2\/users\/7"}],"replies":[{"embeddable":true,"href":"https:\/\/fuentesfidedignas.com.mx\/index.php\/wp-json\/wp\/v2\/comments?post=52808"}],"version-history":[{"count":1,"href":"https:\/\/fuentesfidedignas.com.mx\/index.php\/wp-json\/wp\/v2\/posts\/52808\/revisions"}],"predecessor-version":[{"id":52809,"href":"https:\/\/fuentesfidedignas.com.mx\/index.php\/wp-json\/wp\/v2\/posts\/52808\/revisions\/52809"}],"wp:featuredmedia":[{"embeddable":true,"href":"https:\/\/fuentesfidedignas.com.mx\/index.php\/wp-json\/wp\/v2\/media\/52810"}],"wp:attachment":[{"href":"https:\/\/fuentesfidedignas.com.mx\/index.php\/wp-json\/wp\/v2\/media?parent=52808"}],"wp:term":[{"taxonomy":"category","embeddable":true,"href":"https:\/\/fuentesfidedignas.com.mx\/index.php\/wp-json\/wp\/v2\/categories?post=52808"},{"taxonomy":"post_tag","embeddable":true,"href":"https:\/\/fuentesfidedignas.com.mx\/index.php\/wp-json\/wp\/v2\/tags?post=52808"}],"curies":[{"name":"wp","href":"https:\/\/api.w.org\/{rel}","templated":true}]}}