{"id":52755,"date":"2023-07-13T16:23:52","date_gmt":"2023-07-13T23:23:52","guid":{"rendered":"https:\/\/fuentesfidedignas.com.mx\/?p=52755"},"modified":"2023-07-13T16:51:37","modified_gmt":"2023-07-13T23:51:37","slug":"tepjf-pide-a-ine-revisar-giras-de-las-corcholatas-de-morena-y-frenarlas-si-violan-la-ley","status":"publish","type":"post","link":"https:\/\/fuentesfidedignas.com.mx\/index.php\/2023\/07\/13\/tepjf-pide-a-ine-revisar-giras-de-las-corcholatas-de-morena-y-frenarlas-si-violan-la-ley\/","title":{"rendered":"TEPJF pide a INE revisar giras de las \u2018corcholatas\u2019 de Morena y frenarlas si violan la ley"},"content":{"rendered":"\n<p><strong><em>El Tribunal electoral pidi\u00f3 al INE analizar de fondo si las campa\u00f1as de las &#8216;corcholatas&#8217; de Morena violan la ley electoral.<\/em><\/strong><\/p>\n\n\n\n<p>Ciudad de M\u00e9xico.- La Sala Superior del Tribunal Electoral del Poder Judicial de la Federaci\u00f3n (TEPJF) solicit\u00f3 a la Comisi\u00f3n de Quejas y Denuncias del Instituto Nacional Electoral (INE) revisar las giras de las \u201ccorcholatas\u201d de Morena para determinar si con \u00e9stas se violenta el principio de equidad en la contienda presidencial de 2024.<\/p>\n\n\n\n<p>Los magistrados aprobaron por mayor\u00eda de votos revocar el acuerdo del INE en el que se rechaz\u00f3 aplicar medidas cautelares en contra de los aspirantes a la coordinaci\u00f3n de los Comit\u00e9s de Defensa de la Cuarta Transformaci\u00f3n 2024-2030 para detener estos recorridos.<\/p>\n\n\n\n<p>Adem\u00e1s, el TEPJF solicit\u00f3 al INE, en caso de hallar que estas giras violentan el principio de equidad en la contienda, dictar las medidas necesarias para detenerlas con \u201cel prop\u00f3sito de evitar da\u00f1os irreparables a los principios que rigen los procesos electorales\u201d.<\/p>\n\n\n\n<p>El pleno tambi\u00e9n determin\u00f3, a propuesta del magistrado Indalfer Infante Gonzales, que la Comisi\u00f3n de Quejas y Denuncias del INE no cumpli\u00f3 con su deber de realizar un an\u00e1lisis preliminar de los hechos denunciados de manera individualizada para cada persona involucrada, a partir las pruebas ofrecidas por los denunciantes y las recabadas por la propia autoridad administrativa, a fin de establecer si, en apariencia del buen derecho, se justificaba la adopci\u00f3n de medidas cautelares.<\/p>\n\n\n\n<p>Morena, junto con sus aliados PT y PVEM, se encuentra en un proceso de selecci\u00f3n de su candidato presidencial, para lo cual abri\u00f3 un periodo de campa\u00f1a para seis aspirantes: Marcelo Ebrard, Gerardo Fern\u00e1ndez Noro\u00f1a, Ad\u00e1n Augusto L\u00f3pez, Ricardo Monreal, Claudia Sheinbaum y Manuel Velasco.<\/p>\n\n\n\n<p>Ellos ser\u00e1n medidos en una encuesta en agosto y el ganador ser\u00e1 declarado formalmente coordinador de los Comit\u00e9s de Defensa de la Cuarta Transformaci\u00f3n y en los hechos esa persona ser\u00e1 su candidato presidencial para los comicios de 2024.<\/p>\n\n\n\n<p>Morena asegura que no viola la ley electoral bajo el argumento de que s\u00f3lo elige un cargo interno.<\/p>\n","protected":false},"excerpt":{"rendered":"<p>El Tribunal electoral pidi\u00f3 al INE analizar de fondo si las campa\u00f1as de las &#8216;corcholatas&#8217; de Morena violan la ley electoral. Ciudad de M\u00e9xico.- La Sala Superior del Tribunal Electoral del Poder Judicial de la Federaci\u00f3n (TEPJF) solicit\u00f3 a la Comisi\u00f3n de Quejas y Denuncias del Instituto Nacional Electoral (INE) revisar las giras de las [&hellip;]<\/p>\n","protected":false},"author":5,"featured_media":52756,"comment_status":"open","ping_status":"open","sticky":false,"template":"","format":"standard","meta":{"tdm_status":"","tdm_grid_status":"","footnotes":""},"categories":[39],"tags":[],"class_list":{"0":"post-52755","1":"post","2":"type-post","3":"status-publish","4":"format-standard","5":"has-post-thumbnail","7":"category-noticias-nacionales"},"yoast_head":"<!-- This site is optimized with the Yoast SEO plugin v27.4 - https:\/\/yoast.com\/product\/yoast-seo-wordpress\/ -->\n<title>TEPJF pide a INE revisar giras de las \u2018corcholatas\u2019 de Morena y frenarlas si violan la ley - Fuentes Fidedignas<\/title>\n<meta name=\"robots\" content=\"index, follow, max-snippet:-1, max-image-preview:large, max-video-preview:-1\" \/>\n<link rel=\"canonical\" href=\"https:\/\/fuentesfidedignas.com.mx\/index.php\/2023\/07\/13\/tepjf-pide-a-ine-revisar-giras-de-las-corcholatas-de-morena-y-frenarlas-si-violan-la-ley\/\" \/>\n<meta property=\"og:locale\" content=\"es_MX\" \/>\n<meta property=\"og:type\" content=\"article\" \/>\n<meta property=\"og:title\" content=\"TEPJF pide a INE revisar giras de las \u2018corcholatas\u2019 de Morena y frenarlas si violan la ley - Fuentes Fidedignas\" \/>\n<meta property=\"og:description\" content=\"El Tribunal electoral pidi\u00f3 al INE analizar de fondo si las campa\u00f1as de las &#8216;corcholatas&#8217; de Morena violan la ley electoral. Ciudad de M\u00e9xico.- La Sala Superior del Tribunal Electoral del Poder Judicial de la Federaci\u00f3n (TEPJF) solicit\u00f3 a la Comisi\u00f3n de Quejas y Denuncias del Instituto Nacional Electoral (INE) revisar las giras de las [&hellip;]\" \/>\n<meta property=\"og:url\" content=\"https:\/\/fuentesfidedignas.com.mx\/index.php\/2023\/07\/13\/tepjf-pide-a-ine-revisar-giras-de-las-corcholatas-de-morena-y-frenarlas-si-violan-la-ley\/\" \/>\n<meta property=\"og:site_name\" content=\"Fuentes Fidedignas\" \/>\n<meta property=\"article:publisher\" content=\"https:\/\/www.facebook.com\/Fuentes-Fidedignas-368234489921644\" \/>\n<meta property=\"article:published_time\" content=\"2023-07-13T23:23:52+00:00\" \/>\n<meta property=\"article:modified_time\" content=\"2023-07-13T23:51:37+00:00\" \/>\n<meta property=\"og:image\" content=\"https:\/\/fuentesfidedignas.com.mx\/wp-content\/uploads\/2023\/07\/CORCHOLATAS.jpg\" \/>\n\t<meta property=\"og:image:width\" content=\"850\" \/>\n\t<meta property=\"og:image:height\" content=\"479\" \/>\n\t<meta property=\"og:image:type\" content=\"image\/jpeg\" \/>\n<meta name=\"author\" content=\"Forbes\" \/>\n<meta name=\"twitter:card\" content=\"summary_large_image\" \/>\n<meta name=\"twitter:creator\" content=\"@fidedignas\" \/>\n<meta name=\"twitter:site\" content=\"@fidedignas\" \/>\n<meta name=\"twitter:label1\" content=\"Escrito por\" \/>\n\t<meta name=\"twitter:data1\" content=\"Forbes\" \/>\n\t<meta name=\"twitter:label2\" content=\"Tiempo de lectura\" \/>\n\t<meta name=\"twitter:data2\" content=\"2 minutos\" \/>\n<script type=\"application\/ld+json\" class=\"yoast-schema-graph\">{\"@context\":\"https:\\\/\\\/schema.org\",\"@graph\":[{\"@type\":\"Article\",\"@id\":\"https:\\\/\\\/fuentesfidedignas.com.mx\\\/index.php\\\/2023\\\/07\\\/13\\\/tepjf-pide-a-ine-revisar-giras-de-las-corcholatas-de-morena-y-frenarlas-si-violan-la-ley\\\/#article\",\"isPartOf\":{\"@id\":\"https:\\\/\\\/fuentesfidedignas.com.mx\\\/index.php\\\/2023\\\/07\\\/13\\\/tepjf-pide-a-ine-revisar-giras-de-las-corcholatas-de-morena-y-frenarlas-si-violan-la-ley\\\/\"},\"author\":{\"name\":\"Forbes\",\"@id\":\"https:\\\/\\\/fuentesfidedignas.com.mx\\\/#\\\/schema\\\/person\\\/5623d53fe2e579d825b1679734abcc44\"},\"headline\":\"TEPJF pide a INE revisar giras de las \u2018corcholatas\u2019 de Morena y frenarlas si violan la ley\",\"datePublished\":\"2023-07-13T23:23:52+00:00\",\"dateModified\":\"2023-07-13T23:51:37+00:00\",\"mainEntityOfPage\":{\"@id\":\"https:\\\/\\\/fuentesfidedignas.com.mx\\\/index.php\\\/2023\\\/07\\\/13\\\/tepjf-pide-a-ine-revisar-giras-de-las-corcholatas-de-morena-y-frenarlas-si-violan-la-ley\\\/\"},\"wordCount\":376,\"commentCount\":0,\"publisher\":{\"@id\":\"https:\\\/\\\/fuentesfidedignas.com.mx\\\/#organization\"},\"image\":{\"@id\":\"https:\\\/\\\/fuentesfidedignas.com.mx\\\/index.php\\\/2023\\\/07\\\/13\\\/tepjf-pide-a-ine-revisar-giras-de-las-corcholatas-de-morena-y-frenarlas-si-violan-la-ley\\\/#primaryimage\"},\"thumbnailUrl\":\"https:\\\/\\\/fuentesfidedignas.com.mx\\\/wp-content\\\/uploads\\\/2023\\\/07\\\/CORCHOLATAS.jpg\",\"articleSection\":[\"NOTICIAS NACIONALES\"],\"inLanguage\":\"es\",\"potentialAction\":[{\"@type\":\"CommentAction\",\"name\":\"Comment\",\"target\":[\"https:\\\/\\\/fuentesfidedignas.com.mx\\\/index.php\\\/2023\\\/07\\\/13\\\/tepjf-pide-a-ine-revisar-giras-de-las-corcholatas-de-morena-y-frenarlas-si-violan-la-ley\\\/#respond\"]}]},{\"@type\":\"WebPage\",\"@id\":\"https:\\\/\\\/fuentesfidedignas.com.mx\\\/index.php\\\/2023\\\/07\\\/13\\\/tepjf-pide-a-ine-revisar-giras-de-las-corcholatas-de-morena-y-frenarlas-si-violan-la-ley\\\/\",\"url\":\"https:\\\/\\\/fuentesfidedignas.com.mx\\\/index.php\\\/2023\\\/07\\\/13\\\/tepjf-pide-a-ine-revisar-giras-de-las-corcholatas-de-morena-y-frenarlas-si-violan-la-ley\\\/\",\"name\":\"TEPJF pide a INE revisar giras de las \u2018corcholatas\u2019 de Morena y frenarlas si violan la ley - Fuentes Fidedignas\",\"isPartOf\":{\"@id\":\"https:\\\/\\\/fuentesfidedignas.com.mx\\\/#website\"},\"primaryImageOfPage\":{\"@id\":\"https:\\\/\\\/fuentesfidedignas.com.mx\\\/index.php\\\/2023\\\/07\\\/13\\\/tepjf-pide-a-ine-revisar-giras-de-las-corcholatas-de-morena-y-frenarlas-si-violan-la-ley\\\/#primaryimage\"},\"image\":{\"@id\":\"https:\\\/\\\/fuentesfidedignas.com.mx\\\/index.php\\\/2023\\\/07\\\/13\\\/tepjf-pide-a-ine-revisar-giras-de-las-corcholatas-de-morena-y-frenarlas-si-violan-la-ley\\\/#primaryimage\"},\"thumbnailUrl\":\"https:\\\/\\\/fuentesfidedignas.com.mx\\\/wp-content\\\/uploads\\\/2023\\\/07\\\/CORCHOLATAS.jpg\",\"datePublished\":\"2023-07-13T23:23:52+00:00\",\"dateModified\":\"2023-07-13T23:51:37+00:00\",\"breadcrumb\":{\"@id\":\"https:\\\/\\\/fuentesfidedignas.com.mx\\\/index.php\\\/2023\\\/07\\\/13\\\/tepjf-pide-a-ine-revisar-giras-de-las-corcholatas-de-morena-y-frenarlas-si-violan-la-ley\\\/#breadcrumb\"},\"inLanguage\":\"es\",\"potentialAction\":[{\"@type\":\"ReadAction\",\"target\":[\"https:\\\/\\\/fuentesfidedignas.com.mx\\\/index.php\\\/2023\\\/07\\\/13\\\/tepjf-pide-a-ine-revisar-giras-de-las-corcholatas-de-morena-y-frenarlas-si-violan-la-ley\\\/\"]}]},{\"@type\":\"ImageObject\",\"inLanguage\":\"es\",\"@id\":\"https:\\\/\\\/fuentesfidedignas.com.mx\\\/index.php\\\/2023\\\/07\\\/13\\\/tepjf-pide-a-ine-revisar-giras-de-las-corcholatas-de-morena-y-frenarlas-si-violan-la-ley\\\/#primaryimage\",\"url\":\"https:\\\/\\\/fuentesfidedignas.com.mx\\\/wp-content\\\/uploads\\\/2023\\\/07\\\/CORCHOLATAS.jpg\",\"contentUrl\":\"https:\\\/\\\/fuentesfidedignas.com.mx\\\/wp-content\\\/uploads\\\/2023\\\/07\\\/CORCHOLATAS.jpg\",\"width\":850,\"height\":479},{\"@type\":\"BreadcrumbList\",\"@id\":\"https:\\\/\\\/fuentesfidedignas.com.mx\\\/index.php\\\/2023\\\/07\\\/13\\\/tepjf-pide-a-ine-revisar-giras-de-las-corcholatas-de-morena-y-frenarlas-si-violan-la-ley\\\/#breadcrumb\",\"itemListElement\":[{\"@type\":\"ListItem\",\"position\":1,\"name\":\"Inicio\",\"item\":\"https:\\\/\\\/fuentesfidedignas.com.mx\\\/\"},{\"@type\":\"ListItem\",\"position\":2,\"name\":\"TEPJF pide a INE revisar giras de las \u2018corcholatas\u2019 de Morena y frenarlas si violan la ley\"}]},{\"@type\":\"WebSite\",\"@id\":\"https:\\\/\\\/fuentesfidedignas.com.mx\\\/#website\",\"url\":\"https:\\\/\\\/fuentesfidedignas.com.mx\\\/\",\"name\":\"Fuentes Fidedignas\",\"description\":\"Otro sitio realizado con WordPress\",\"publisher\":{\"@id\":\"https:\\\/\\\/fuentesfidedignas.com.mx\\\/#organization\"},\"potentialAction\":[{\"@type\":\"SearchAction\",\"target\":{\"@type\":\"EntryPoint\",\"urlTemplate\":\"https:\\\/\\\/fuentesfidedignas.com.mx\\\/?s={search_term_string}\"},\"query-input\":{\"@type\":\"PropertyValueSpecification\",\"valueRequired\":true,\"valueName\":\"search_term_string\"}}],\"inLanguage\":\"es\"},{\"@type\":\"Organization\",\"@id\":\"https:\\\/\\\/fuentesfidedignas.com.mx\\\/#organization\",\"name\":\"Fuentes Fidedignas\",\"url\":\"https:\\\/\\\/fuentesfidedignas.com.mx\\\/\",\"logo\":{\"@type\":\"ImageObject\",\"inLanguage\":\"es\",\"@id\":\"https:\\\/\\\/fuentesfidedignas.com.mx\\\/#\\\/schema\\\/logo\\\/image\\\/\",\"url\":\"https:\\\/\\\/fuentesfidedignas.com.mx\\\/wp-content\\\/uploads\\\/2021\\\/04\\\/logo-retina.png\",\"contentUrl\":\"https:\\\/\\\/fuentesfidedignas.com.mx\\\/wp-content\\\/uploads\\\/2021\\\/04\\\/logo-retina.png\",\"width\":280,\"height\":51,\"caption\":\"Fuentes Fidedignas\"},\"image\":{\"@id\":\"https:\\\/\\\/fuentesfidedignas.com.mx\\\/#\\\/schema\\\/logo\\\/image\\\/\"},\"sameAs\":[\"https:\\\/\\\/www.facebook.com\\\/Fuentes-Fidedignas-368234489921644\",\"https:\\\/\\\/x.com\\\/fidedignas\"]},{\"@type\":\"Person\",\"@id\":\"https:\\\/\\\/fuentesfidedignas.com.mx\\\/#\\\/schema\\\/person\\\/5623d53fe2e579d825b1679734abcc44\",\"name\":\"Forbes\",\"image\":{\"@type\":\"ImageObject\",\"inLanguage\":\"es\",\"@id\":\"https:\\\/\\\/secure.gravatar.com\\\/avatar\\\/87ce3dd4e41e60c22a79c758614f01a6bc2469255fc936ec7b15efb9bb5cb66f?s=96&d=mm&r=g\",\"url\":\"https:\\\/\\\/secure.gravatar.com\\\/avatar\\\/87ce3dd4e41e60c22a79c758614f01a6bc2469255fc936ec7b15efb9bb5cb66f?s=96&d=mm&r=g\",\"contentUrl\":\"https:\\\/\\\/secure.gravatar.com\\\/avatar\\\/87ce3dd4e41e60c22a79c758614f01a6bc2469255fc936ec7b15efb9bb5cb66f?s=96&d=mm&r=g\",\"caption\":\"Forbes\"},\"url\":\"https:\\\/\\\/fuentesfidedignas.com.mx\\\/index.php\\\/author\\\/forbes\\\/\"}]}<\/script>\n<!-- \/ Yoast SEO plugin. -->","yoast_head_json":{"title":"TEPJF pide a INE revisar giras de las \u2018corcholatas\u2019 de Morena y frenarlas si violan la ley - Fuentes Fidedignas","robots":{"index":"index","follow":"follow","max-snippet":"max-snippet:-1","max-image-preview":"max-image-preview:large","max-video-preview":"max-video-preview:-1"},"canonical":"https:\/\/fuentesfidedignas.com.mx\/index.php\/2023\/07\/13\/tepjf-pide-a-ine-revisar-giras-de-las-corcholatas-de-morena-y-frenarlas-si-violan-la-ley\/","og_locale":"es_MX","og_type":"article","og_title":"TEPJF pide a INE revisar giras de las \u2018corcholatas\u2019 de Morena y frenarlas si violan la ley - Fuentes Fidedignas","og_description":"El Tribunal electoral pidi\u00f3 al INE analizar de fondo si las campa\u00f1as de las &#8216;corcholatas&#8217; de Morena violan la ley electoral. Ciudad de M\u00e9xico.- La Sala Superior del Tribunal Electoral del Poder Judicial de la Federaci\u00f3n (TEPJF) solicit\u00f3 a la Comisi\u00f3n de Quejas y Denuncias del Instituto Nacional Electoral (INE) revisar las giras de las [&hellip;]","og_url":"https:\/\/fuentesfidedignas.com.mx\/index.php\/2023\/07\/13\/tepjf-pide-a-ine-revisar-giras-de-las-corcholatas-de-morena-y-frenarlas-si-violan-la-ley\/","og_site_name":"Fuentes Fidedignas","article_publisher":"https:\/\/www.facebook.com\/Fuentes-Fidedignas-368234489921644","article_published_time":"2023-07-13T23:23:52+00:00","article_modified_time":"2023-07-13T23:51:37+00:00","og_image":[{"width":850,"height":479,"url":"https:\/\/fuentesfidedignas.com.mx\/wp-content\/uploads\/2023\/07\/CORCHOLATAS.jpg","type":"image\/jpeg"}],"author":"Forbes","twitter_card":"summary_large_image","twitter_creator":"@fidedignas","twitter_site":"@fidedignas","twitter_misc":{"Escrito por":"Forbes","Tiempo de lectura":"2 minutos"},"schema":{"@context":"https:\/\/schema.org","@graph":[{"@type":"Article","@id":"https:\/\/fuentesfidedignas.com.mx\/index.php\/2023\/07\/13\/tepjf-pide-a-ine-revisar-giras-de-las-corcholatas-de-morena-y-frenarlas-si-violan-la-ley\/#article","isPartOf":{"@id":"https:\/\/fuentesfidedignas.com.mx\/index.php\/2023\/07\/13\/tepjf-pide-a-ine-revisar-giras-de-las-corcholatas-de-morena-y-frenarlas-si-violan-la-ley\/"},"author":{"name":"Forbes","@id":"https:\/\/fuentesfidedignas.com.mx\/#\/schema\/person\/5623d53fe2e579d825b1679734abcc44"},"headline":"TEPJF pide a INE revisar giras de las \u2018corcholatas\u2019 de Morena y frenarlas si violan la ley","datePublished":"2023-07-13T23:23:52+00:00","dateModified":"2023-07-13T23:51:37+00:00","mainEntityOfPage":{"@id":"https:\/\/fuentesfidedignas.com.mx\/index.php\/2023\/07\/13\/tepjf-pide-a-ine-revisar-giras-de-las-corcholatas-de-morena-y-frenarlas-si-violan-la-ley\/"},"wordCount":376,"commentCount":0,"publisher":{"@id":"https:\/\/fuentesfidedignas.com.mx\/#organization"},"image":{"@id":"https:\/\/fuentesfidedignas.com.mx\/index.php\/2023\/07\/13\/tepjf-pide-a-ine-revisar-giras-de-las-corcholatas-de-morena-y-frenarlas-si-violan-la-ley\/#primaryimage"},"thumbnailUrl":"https:\/\/fuentesfidedignas.com.mx\/wp-content\/uploads\/2023\/07\/CORCHOLATAS.jpg","articleSection":["NOTICIAS NACIONALES"],"inLanguage":"es","potentialAction":[{"@type":"CommentAction","name":"Comment","target":["https:\/\/fuentesfidedignas.com.mx\/index.php\/2023\/07\/13\/tepjf-pide-a-ine-revisar-giras-de-las-corcholatas-de-morena-y-frenarlas-si-violan-la-ley\/#respond"]}]},{"@type":"WebPage","@id":"https:\/\/fuentesfidedignas.com.mx\/index.php\/2023\/07\/13\/tepjf-pide-a-ine-revisar-giras-de-las-corcholatas-de-morena-y-frenarlas-si-violan-la-ley\/","url":"https:\/\/fuentesfidedignas.com.mx\/index.php\/2023\/07\/13\/tepjf-pide-a-ine-revisar-giras-de-las-corcholatas-de-morena-y-frenarlas-si-violan-la-ley\/","name":"TEPJF pide a INE revisar giras de las \u2018corcholatas\u2019 de Morena y frenarlas si violan la ley - Fuentes Fidedignas","isPartOf":{"@id":"https:\/\/fuentesfidedignas.com.mx\/#website"},"primaryImageOfPage":{"@id":"https:\/\/fuentesfidedignas.com.mx\/index.php\/2023\/07\/13\/tepjf-pide-a-ine-revisar-giras-de-las-corcholatas-de-morena-y-frenarlas-si-violan-la-ley\/#primaryimage"},"image":{"@id":"https:\/\/fuentesfidedignas.com.mx\/index.php\/2023\/07\/13\/tepjf-pide-a-ine-revisar-giras-de-las-corcholatas-de-morena-y-frenarlas-si-violan-la-ley\/#primaryimage"},"thumbnailUrl":"https:\/\/fuentesfidedignas.com.mx\/wp-content\/uploads\/2023\/07\/CORCHOLATAS.jpg","datePublished":"2023-07-13T23:23:52+00:00","dateModified":"2023-07-13T23:51:37+00:00","breadcrumb":{"@id":"https:\/\/fuentesfidedignas.com.mx\/index.php\/2023\/07\/13\/tepjf-pide-a-ine-revisar-giras-de-las-corcholatas-de-morena-y-frenarlas-si-violan-la-ley\/#breadcrumb"},"inLanguage":"es","potentialAction":[{"@type":"ReadAction","target":["https:\/\/fuentesfidedignas.com.mx\/index.php\/2023\/07\/13\/tepjf-pide-a-ine-revisar-giras-de-las-corcholatas-de-morena-y-frenarlas-si-violan-la-ley\/"]}]},{"@type":"ImageObject","inLanguage":"es","@id":"https:\/\/fuentesfidedignas.com.mx\/index.php\/2023\/07\/13\/tepjf-pide-a-ine-revisar-giras-de-las-corcholatas-de-morena-y-frenarlas-si-violan-la-ley\/#primaryimage","url":"https:\/\/fuentesfidedignas.com.mx\/wp-content\/uploads\/2023\/07\/CORCHOLATAS.jpg","contentUrl":"https:\/\/fuentesfidedignas.com.mx\/wp-content\/uploads\/2023\/07\/CORCHOLATAS.jpg","width":850,"height":479},{"@type":"BreadcrumbList","@id":"https:\/\/fuentesfidedignas.com.mx\/index.php\/2023\/07\/13\/tepjf-pide-a-ine-revisar-giras-de-las-corcholatas-de-morena-y-frenarlas-si-violan-la-ley\/#breadcrumb","itemListElement":[{"@type":"ListItem","position":1,"name":"Inicio","item":"https:\/\/fuentesfidedignas.com.mx\/"},{"@type":"ListItem","position":2,"name":"TEPJF pide a INE revisar giras de las \u2018corcholatas\u2019 de Morena y frenarlas si violan la ley"}]},{"@type":"WebSite","@id":"https:\/\/fuentesfidedignas.com.mx\/#website","url":"https:\/\/fuentesfidedignas.com.mx\/","name":"Fuentes Fidedignas","description":"Otro sitio realizado con WordPress","publisher":{"@id":"https:\/\/fuentesfidedignas.com.mx\/#organization"},"potentialAction":[{"@type":"SearchAction","target":{"@type":"EntryPoint","urlTemplate":"https:\/\/fuentesfidedignas.com.mx\/?s={search_term_string}"},"query-input":{"@type":"PropertyValueSpecification","valueRequired":true,"valueName":"search_term_string"}}],"inLanguage":"es"},{"@type":"Organization","@id":"https:\/\/fuentesfidedignas.com.mx\/#organization","name":"Fuentes Fidedignas","url":"https:\/\/fuentesfidedignas.com.mx\/","logo":{"@type":"ImageObject","inLanguage":"es","@id":"https:\/\/fuentesfidedignas.com.mx\/#\/schema\/logo\/image\/","url":"https:\/\/fuentesfidedignas.com.mx\/wp-content\/uploads\/2021\/04\/logo-retina.png","contentUrl":"https:\/\/fuentesfidedignas.com.mx\/wp-content\/uploads\/2021\/04\/logo-retina.png","width":280,"height":51,"caption":"Fuentes Fidedignas"},"image":{"@id":"https:\/\/fuentesfidedignas.com.mx\/#\/schema\/logo\/image\/"},"sameAs":["https:\/\/www.facebook.com\/Fuentes-Fidedignas-368234489921644","https:\/\/x.com\/fidedignas"]},{"@type":"Person","@id":"https:\/\/fuentesfidedignas.com.mx\/#\/schema\/person\/5623d53fe2e579d825b1679734abcc44","name":"Forbes","image":{"@type":"ImageObject","inLanguage":"es","@id":"https:\/\/secure.gravatar.com\/avatar\/87ce3dd4e41e60c22a79c758614f01a6bc2469255fc936ec7b15efb9bb5cb66f?s=96&d=mm&r=g","url":"https:\/\/secure.gravatar.com\/avatar\/87ce3dd4e41e60c22a79c758614f01a6bc2469255fc936ec7b15efb9bb5cb66f?s=96&d=mm&r=g","contentUrl":"https:\/\/secure.gravatar.com\/avatar\/87ce3dd4e41e60c22a79c758614f01a6bc2469255fc936ec7b15efb9bb5cb66f?s=96&d=mm&r=g","caption":"Forbes"},"url":"https:\/\/fuentesfidedignas.com.mx\/index.php\/author\/forbes\/"}]}},"_links":{"self":[{"href":"https:\/\/fuentesfidedignas.com.mx\/index.php\/wp-json\/wp\/v2\/posts\/52755","targetHints":{"allow":["GET"]}}],"collection":[{"href":"https:\/\/fuentesfidedignas.com.mx\/index.php\/wp-json\/wp\/v2\/posts"}],"about":[{"href":"https:\/\/fuentesfidedignas.com.mx\/index.php\/wp-json\/wp\/v2\/types\/post"}],"author":[{"embeddable":true,"href":"https:\/\/fuentesfidedignas.com.mx\/index.php\/wp-json\/wp\/v2\/users\/5"}],"replies":[{"embeddable":true,"href":"https:\/\/fuentesfidedignas.com.mx\/index.php\/wp-json\/wp\/v2\/comments?post=52755"}],"version-history":[{"count":1,"href":"https:\/\/fuentesfidedignas.com.mx\/index.php\/wp-json\/wp\/v2\/posts\/52755\/revisions"}],"predecessor-version":[{"id":52757,"href":"https:\/\/fuentesfidedignas.com.mx\/index.php\/wp-json\/wp\/v2\/posts\/52755\/revisions\/52757"}],"wp:featuredmedia":[{"embeddable":true,"href":"https:\/\/fuentesfidedignas.com.mx\/index.php\/wp-json\/wp\/v2\/media\/52756"}],"wp:attachment":[{"href":"https:\/\/fuentesfidedignas.com.mx\/index.php\/wp-json\/wp\/v2\/media?parent=52755"}],"wp:term":[{"taxonomy":"category","embeddable":true,"href":"https:\/\/fuentesfidedignas.com.mx\/index.php\/wp-json\/wp\/v2\/categories?post=52755"},{"taxonomy":"post_tag","embeddable":true,"href":"https:\/\/fuentesfidedignas.com.mx\/index.php\/wp-json\/wp\/v2\/tags?post=52755"}],"curies":[{"name":"wp","href":"https:\/\/api.w.org\/{rel}","templated":true}]}}