{"id":52743,"date":"2023-07-13T16:03:43","date_gmt":"2023-07-13T23:03:43","guid":{"rendered":"https:\/\/fuentesfidedignas.com.mx\/?p=52743"},"modified":"2023-07-13T16:12:27","modified_gmt":"2023-07-13T23:12:27","slug":"piden-dar-seguridad-social-y-mejores-condiciones-a-jornaleros","status":"publish","type":"post","link":"https:\/\/fuentesfidedignas.com.mx\/index.php\/2023\/07\/13\/piden-dar-seguridad-social-y-mejores-condiciones-a-jornaleros\/","title":{"rendered":"Diputados piden dar seguridad social y mejores condiciones a jornaleros"},"content":{"rendered":"\n<p><strong><em>Cada temporada hort\u00edcola de Sinaloa, laboran cerca de 420 mil personas jornaleras, procedentes de la zona serrana y los cinturones de miseria de las ciudades de la entidad<\/em><\/strong><\/p>\n\n\n\n<p>Culiac\u00e1n, Sin. Un diputado y diputadas de Morena, Sin partido y del PAS se pronunciaron por una extensiva jornada de inspecci\u00f3n y vigilancia en los campos agr\u00edcolas y obligar a la afiliaci\u00f3n al IMSS a las personas jornaleras, y tambi\u00e9n se combatan pr\u00e1cticas irregulares, como la de mantener condiciones de esclavitud.<\/p>\n\n\n\n<p>En la Sesi\u00f3n Ordinaria de este jueves, el diputado Serapio Vargas Ram\u00edrez, de Morena, expres\u00f3 que en cada temporada hort\u00edcola de Sinaloa, laboran cerca de 420 mil personas jornaleras, procedentes de la zona serrana y los cinturones de miseria de las ciudades de la entidad.<br>Pero tambi\u00e9n, agreg\u00f3, vienen de los estados de Guerrero, Michoac\u00e1n, Oaxaca, Chiapas y Veracruz.<\/p>\n\n\n\n<p>De ese total, acus\u00f3, el 94 por ciento est\u00e1n pr\u00e1cticamente sin los servicios del IMSS, pues la parte patronal cree que los pobres no se enferman o no tienen derecho a la seguridad social.<\/p>\n\n\n\n<p>El problema, dijo, es que todo mundo sabe qu\u00e9 pasa, pero todo mundo se hace tonto y voltea para otro lado y se olvida que son seres humanos con hijos y esposas y que deben tener un trato digno.<\/p>\n\n\n\n<p>Lo que hace falta, dijo, es una pol\u00edtica especial de vigilancia e inspecci\u00f3n y se exija la aplicaci\u00f3n de la ley y se obligue a dar de alta ante el IMSS a todas las personas jornaleras, y exhort\u00f3 a la Delegaci\u00f3n Estatal del IMSS para que se lleve a cabo esa afiliaci\u00f3n.<\/p>\n\n\n\n<p>La diputada Sin partido, Deisy Judith Ayala Valenzuela, agreg\u00f3 que en lo que se refiere a las personas jornaleras han sucedido varios hechos escandalosos e inhumanos, como el reciente caso de 18 jornaleros que se ten\u00edan como esclavos en un campo agr\u00edcola del municipio de Angostura.<\/p>\n\n\n\n<p>Lament\u00f3 que en Sinaloa no haya un padr\u00f3n de personas jornaleras, y estim\u00f3 que el 98 por ciento de \u00e9stas son de origen ind\u00edgena.<\/p>\n\n\n\n<p>Consider\u00f3 que por ser el tema de seguridad social un tema del Congreso de la Uni\u00f3n, \u00e9ste debe realizar una inspecci\u00f3n m\u00e1s efectiva en campos agr\u00edcolas, y reforzar las medidas para combatir la trata de persona y los trabajos forzosos.<\/p>\n\n\n\n<p>Asimismo, se pronunci\u00f3 por la promoci\u00f3n de una contrataci\u00f3n justa y \u00e9tica en los campos agr\u00edcolas, as\u00ed como elaborar un padr\u00f3n de las personas que laboran en los campos agr\u00edcolas.<\/p>\n\n\n\n<p>La diputada Elizabeth Chia Galaviz, del PAS, subi\u00f3 tambi\u00e9n a tribuna y suscribi\u00f3 lo dicho por su compa\u00f1ero Serapio Vargas y Deisy Judith Ayala, y agreg\u00f3 que el Congreso del Estado no debe limitarse a ver este tipo de atrocidades y violaciones de los derechos humanos de las personas jornaleras agr\u00edcolas.<\/p>\n\n\n\n<p>La diputada Aurelia Leal L\u00f3pez, de Morena, se sum\u00f3 a sus compa\u00f1eras y compa\u00f1ero, y consider\u00f3 urgente que la Secretar\u00eda del Trabajo y Previsi\u00f3n Social se haga presente en todos los campos agr\u00edcolas, guarder\u00edas y cuarter\u00edas para que act\u00fae en consecuencia.<\/p>\n\n\n\n<p>No es posible, dijo, que existan estas condiciones de esclavitud moderna, que persistan las \u201ctiendas de raya\u201d, y que ahora en lugar de dinero, se pague con drogas y alcohol.<\/p>\n\n\n\n<p>Tambi\u00e9n se pronunci\u00f3 por elaborar un padr\u00f3n de personas jornaleras agr\u00edcolas y que se les d\u00e9 seguimiento durante su estancia laboral, ya que en su mayor\u00eda viven en malas condiciones.<\/p>\n","protected":false},"excerpt":{"rendered":"<p>Cada temporada hort\u00edcola de Sinaloa, laboran cerca de 420 mil personas jornaleras, procedentes de la zona serrana y los cinturones de miseria de las ciudades de la entidad Culiac\u00e1n, Sin. Un diputado y diputadas de Morena, Sin partido y del PAS se pronunciaron por una extensiva jornada de inspecci\u00f3n y vigilancia en los campos agr\u00edcolas [&hellip;]<\/p>\n","protected":false},"author":11,"featured_media":52745,"comment_status":"open","ping_status":"open","sticky":false,"template":"","format":"standard","meta":{"tdm_status":"","tdm_grid_status":"","footnotes":""},"categories":[38,1],"tags":[],"class_list":{"0":"post-52743","1":"post","2":"type-post","3":"status-publish","4":"format-standard","5":"has-post-thumbnail","7":"category-noticias-locales","8":"category-sin-categoria"},"yoast_head":"<!-- This site is optimized with the Yoast SEO plugin v27.5 - https:\/\/yoast.com\/product\/yoast-seo-wordpress\/ -->\n<title>Diputados piden dar seguridad social y mejores condiciones a jornaleros - Fuentes Fidedignas<\/title>\n<meta name=\"robots\" content=\"index, follow, max-snippet:-1, max-image-preview:large, max-video-preview:-1\" \/>\n<link rel=\"canonical\" href=\"https:\/\/fuentesfidedignas.com.mx\/index.php\/2023\/07\/13\/piden-dar-seguridad-social-y-mejores-condiciones-a-jornaleros\/\" \/>\n<meta property=\"og:locale\" content=\"es_MX\" \/>\n<meta property=\"og:type\" content=\"article\" \/>\n<meta property=\"og:title\" content=\"Diputados piden dar seguridad social y mejores condiciones a jornaleros - Fuentes Fidedignas\" \/>\n<meta property=\"og:description\" content=\"Cada temporada hort\u00edcola de Sinaloa, laboran cerca de 420 mil personas jornaleras, procedentes de la zona serrana y los cinturones de miseria de las ciudades de la entidad Culiac\u00e1n, Sin. Un diputado y diputadas de Morena, Sin partido y del PAS se pronunciaron por una extensiva jornada de inspecci\u00f3n y vigilancia en los campos agr\u00edcolas [&hellip;]\" \/>\n<meta property=\"og:url\" content=\"https:\/\/fuentesfidedignas.com.mx\/index.php\/2023\/07\/13\/piden-dar-seguridad-social-y-mejores-condiciones-a-jornaleros\/\" \/>\n<meta property=\"og:site_name\" content=\"Fuentes Fidedignas\" \/>\n<meta property=\"article:publisher\" content=\"https:\/\/www.facebook.com\/Fuentes-Fidedignas-368234489921644\" \/>\n<meta property=\"article:published_time\" content=\"2023-07-13T23:03:43+00:00\" \/>\n<meta property=\"article:modified_time\" content=\"2023-07-13T23:12:27+00:00\" \/>\n<meta property=\"og:image\" content=\"https:\/\/fuentesfidedignas.com.mx\/wp-content\/uploads\/2023\/07\/20230713_122909-scaled.jpg\" \/>\n\t<meta property=\"og:image:width\" content=\"2560\" \/>\n\t<meta property=\"og:image:height\" content=\"1442\" \/>\n\t<meta property=\"og:image:type\" content=\"image\/jpeg\" \/>\n<meta name=\"author\" content=\"Marissa Palafox\" \/>\n<meta name=\"twitter:card\" content=\"summary_large_image\" \/>\n<meta name=\"twitter:creator\" content=\"@fidedignas\" \/>\n<meta name=\"twitter:site\" content=\"@fidedignas\" \/>\n<meta name=\"twitter:label1\" content=\"Escrito por\" \/>\n\t<meta name=\"twitter:data1\" content=\"Marissa Palafox\" \/>\n\t<meta name=\"twitter:label2\" content=\"Tiempo de lectura\" \/>\n\t<meta name=\"twitter:data2\" content=\"3 minutos\" \/>\n<script type=\"application\/ld+json\" class=\"yoast-schema-graph\">{\"@context\":\"https:\\\/\\\/schema.org\",\"@graph\":[{\"@type\":\"Article\",\"@id\":\"https:\\\/\\\/fuentesfidedignas.com.mx\\\/index.php\\\/2023\\\/07\\\/13\\\/piden-dar-seguridad-social-y-mejores-condiciones-a-jornaleros\\\/#article\",\"isPartOf\":{\"@id\":\"https:\\\/\\\/fuentesfidedignas.com.mx\\\/index.php\\\/2023\\\/07\\\/13\\\/piden-dar-seguridad-social-y-mejores-condiciones-a-jornaleros\\\/\"},\"author\":{\"name\":\"Marissa Palafox\",\"@id\":\"https:\\\/\\\/fuentesfidedignas.com.mx\\\/#\\\/schema\\\/person\\\/2c10028b4a30078c05a056a215342ab9\"},\"headline\":\"Diputados piden dar seguridad social y mejores condiciones a jornaleros\",\"datePublished\":\"2023-07-13T23:03:43+00:00\",\"dateModified\":\"2023-07-13T23:12:27+00:00\",\"mainEntityOfPage\":{\"@id\":\"https:\\\/\\\/fuentesfidedignas.com.mx\\\/index.php\\\/2023\\\/07\\\/13\\\/piden-dar-seguridad-social-y-mejores-condiciones-a-jornaleros\\\/\"},\"wordCount\":608,\"commentCount\":0,\"publisher\":{\"@id\":\"https:\\\/\\\/fuentesfidedignas.com.mx\\\/#organization\"},\"image\":{\"@id\":\"https:\\\/\\\/fuentesfidedignas.com.mx\\\/index.php\\\/2023\\\/07\\\/13\\\/piden-dar-seguridad-social-y-mejores-condiciones-a-jornaleros\\\/#primaryimage\"},\"thumbnailUrl\":\"https:\\\/\\\/fuentesfidedignas.com.mx\\\/wp-content\\\/uploads\\\/2023\\\/07\\\/20230713_122909-scaled.jpg\",\"articleSection\":[\"NOTICIAS LOCALES\"],\"inLanguage\":\"es\",\"potentialAction\":[{\"@type\":\"CommentAction\",\"name\":\"Comment\",\"target\":[\"https:\\\/\\\/fuentesfidedignas.com.mx\\\/index.php\\\/2023\\\/07\\\/13\\\/piden-dar-seguridad-social-y-mejores-condiciones-a-jornaleros\\\/#respond\"]}]},{\"@type\":\"WebPage\",\"@id\":\"https:\\\/\\\/fuentesfidedignas.com.mx\\\/index.php\\\/2023\\\/07\\\/13\\\/piden-dar-seguridad-social-y-mejores-condiciones-a-jornaleros\\\/\",\"url\":\"https:\\\/\\\/fuentesfidedignas.com.mx\\\/index.php\\\/2023\\\/07\\\/13\\\/piden-dar-seguridad-social-y-mejores-condiciones-a-jornaleros\\\/\",\"name\":\"Diputados piden dar seguridad social y mejores condiciones a jornaleros - Fuentes Fidedignas\",\"isPartOf\":{\"@id\":\"https:\\\/\\\/fuentesfidedignas.com.mx\\\/#website\"},\"primaryImageOfPage\":{\"@id\":\"https:\\\/\\\/fuentesfidedignas.com.mx\\\/index.php\\\/2023\\\/07\\\/13\\\/piden-dar-seguridad-social-y-mejores-condiciones-a-jornaleros\\\/#primaryimage\"},\"image\":{\"@id\":\"https:\\\/\\\/fuentesfidedignas.com.mx\\\/index.php\\\/2023\\\/07\\\/13\\\/piden-dar-seguridad-social-y-mejores-condiciones-a-jornaleros\\\/#primaryimage\"},\"thumbnailUrl\":\"https:\\\/\\\/fuentesfidedignas.com.mx\\\/wp-content\\\/uploads\\\/2023\\\/07\\\/20230713_122909-scaled.jpg\",\"datePublished\":\"2023-07-13T23:03:43+00:00\",\"dateModified\":\"2023-07-13T23:12:27+00:00\",\"breadcrumb\":{\"@id\":\"https:\\\/\\\/fuentesfidedignas.com.mx\\\/index.php\\\/2023\\\/07\\\/13\\\/piden-dar-seguridad-social-y-mejores-condiciones-a-jornaleros\\\/#breadcrumb\"},\"inLanguage\":\"es\",\"potentialAction\":[{\"@type\":\"ReadAction\",\"target\":[\"https:\\\/\\\/fuentesfidedignas.com.mx\\\/index.php\\\/2023\\\/07\\\/13\\\/piden-dar-seguridad-social-y-mejores-condiciones-a-jornaleros\\\/\"]}]},{\"@type\":\"ImageObject\",\"inLanguage\":\"es\",\"@id\":\"https:\\\/\\\/fuentesfidedignas.com.mx\\\/index.php\\\/2023\\\/07\\\/13\\\/piden-dar-seguridad-social-y-mejores-condiciones-a-jornaleros\\\/#primaryimage\",\"url\":\"https:\\\/\\\/fuentesfidedignas.com.mx\\\/wp-content\\\/uploads\\\/2023\\\/07\\\/20230713_122909-scaled.jpg\",\"contentUrl\":\"https:\\\/\\\/fuentesfidedignas.com.mx\\\/wp-content\\\/uploads\\\/2023\\\/07\\\/20230713_122909-scaled.jpg\",\"width\":2560,\"height\":1442},{\"@type\":\"BreadcrumbList\",\"@id\":\"https:\\\/\\\/fuentesfidedignas.com.mx\\\/index.php\\\/2023\\\/07\\\/13\\\/piden-dar-seguridad-social-y-mejores-condiciones-a-jornaleros\\\/#breadcrumb\",\"itemListElement\":[{\"@type\":\"ListItem\",\"position\":1,\"name\":\"Inicio\",\"item\":\"https:\\\/\\\/fuentesfidedignas.com.mx\\\/\"},{\"@type\":\"ListItem\",\"position\":2,\"name\":\"Diputados piden dar seguridad social y mejores condiciones a jornaleros\"}]},{\"@type\":\"WebSite\",\"@id\":\"https:\\\/\\\/fuentesfidedignas.com.mx\\\/#website\",\"url\":\"https:\\\/\\\/fuentesfidedignas.com.mx\\\/\",\"name\":\"Fuentes Fidedignas\",\"description\":\"Otro sitio realizado con WordPress\",\"publisher\":{\"@id\":\"https:\\\/\\\/fuentesfidedignas.com.mx\\\/#organization\"},\"potentialAction\":[{\"@type\":\"SearchAction\",\"target\":{\"@type\":\"EntryPoint\",\"urlTemplate\":\"https:\\\/\\\/fuentesfidedignas.com.mx\\\/?s={search_term_string}\"},\"query-input\":{\"@type\":\"PropertyValueSpecification\",\"valueRequired\":true,\"valueName\":\"search_term_string\"}}],\"inLanguage\":\"es\"},{\"@type\":\"Organization\",\"@id\":\"https:\\\/\\\/fuentesfidedignas.com.mx\\\/#organization\",\"name\":\"Fuentes Fidedignas\",\"url\":\"https:\\\/\\\/fuentesfidedignas.com.mx\\\/\",\"logo\":{\"@type\":\"ImageObject\",\"inLanguage\":\"es\",\"@id\":\"https:\\\/\\\/fuentesfidedignas.com.mx\\\/#\\\/schema\\\/logo\\\/image\\\/\",\"url\":\"https:\\\/\\\/fuentesfidedignas.com.mx\\\/wp-content\\\/uploads\\\/2021\\\/04\\\/logo-retina.png\",\"contentUrl\":\"https:\\\/\\\/fuentesfidedignas.com.mx\\\/wp-content\\\/uploads\\\/2021\\\/04\\\/logo-retina.png\",\"width\":280,\"height\":51,\"caption\":\"Fuentes Fidedignas\"},\"image\":{\"@id\":\"https:\\\/\\\/fuentesfidedignas.com.mx\\\/#\\\/schema\\\/logo\\\/image\\\/\"},\"sameAs\":[\"https:\\\/\\\/www.facebook.com\\\/Fuentes-Fidedignas-368234489921644\",\"https:\\\/\\\/x.com\\\/fidedignas\"]},{\"@type\":\"Person\",\"@id\":\"https:\\\/\\\/fuentesfidedignas.com.mx\\\/#\\\/schema\\\/person\\\/2c10028b4a30078c05a056a215342ab9\",\"name\":\"Marissa Palafox\",\"image\":{\"@type\":\"ImageObject\",\"inLanguage\":\"es\",\"@id\":\"https:\\\/\\\/secure.gravatar.com\\\/avatar\\\/20a43bdb2f2db10f20b22d4e98b96eb027faf98f7f76d29854dc5fab46d1cf71?s=96&d=mm&r=g\",\"url\":\"https:\\\/\\\/secure.gravatar.com\\\/avatar\\\/20a43bdb2f2db10f20b22d4e98b96eb027faf98f7f76d29854dc5fab46d1cf71?s=96&d=mm&r=g\",\"contentUrl\":\"https:\\\/\\\/secure.gravatar.com\\\/avatar\\\/20a43bdb2f2db10f20b22d4e98b96eb027faf98f7f76d29854dc5fab46d1cf71?s=96&d=mm&r=g\",\"caption\":\"Marissa Palafox\"},\"url\":\"https:\\\/\\\/fuentesfidedignas.com.mx\\\/index.php\\\/author\\\/marissa\\\/\"}]}<\/script>\n<!-- \/ Yoast SEO plugin. -->","yoast_head_json":{"title":"Diputados piden dar seguridad social y mejores condiciones a jornaleros - Fuentes Fidedignas","robots":{"index":"index","follow":"follow","max-snippet":"max-snippet:-1","max-image-preview":"max-image-preview:large","max-video-preview":"max-video-preview:-1"},"canonical":"https:\/\/fuentesfidedignas.com.mx\/index.php\/2023\/07\/13\/piden-dar-seguridad-social-y-mejores-condiciones-a-jornaleros\/","og_locale":"es_MX","og_type":"article","og_title":"Diputados piden dar seguridad social y mejores condiciones a jornaleros - Fuentes Fidedignas","og_description":"Cada temporada hort\u00edcola de Sinaloa, laboran cerca de 420 mil personas jornaleras, procedentes de la zona serrana y los cinturones de miseria de las ciudades de la entidad Culiac\u00e1n, Sin. Un diputado y diputadas de Morena, Sin partido y del PAS se pronunciaron por una extensiva jornada de inspecci\u00f3n y vigilancia en los campos agr\u00edcolas [&hellip;]","og_url":"https:\/\/fuentesfidedignas.com.mx\/index.php\/2023\/07\/13\/piden-dar-seguridad-social-y-mejores-condiciones-a-jornaleros\/","og_site_name":"Fuentes Fidedignas","article_publisher":"https:\/\/www.facebook.com\/Fuentes-Fidedignas-368234489921644","article_published_time":"2023-07-13T23:03:43+00:00","article_modified_time":"2023-07-13T23:12:27+00:00","og_image":[{"width":2560,"height":1442,"url":"https:\/\/fuentesfidedignas.com.mx\/wp-content\/uploads\/2023\/07\/20230713_122909-scaled.jpg","type":"image\/jpeg"}],"author":"Marissa Palafox","twitter_card":"summary_large_image","twitter_creator":"@fidedignas","twitter_site":"@fidedignas","twitter_misc":{"Escrito por":"Marissa Palafox","Tiempo de lectura":"3 minutos"},"schema":{"@context":"https:\/\/schema.org","@graph":[{"@type":"Article","@id":"https:\/\/fuentesfidedignas.com.mx\/index.php\/2023\/07\/13\/piden-dar-seguridad-social-y-mejores-condiciones-a-jornaleros\/#article","isPartOf":{"@id":"https:\/\/fuentesfidedignas.com.mx\/index.php\/2023\/07\/13\/piden-dar-seguridad-social-y-mejores-condiciones-a-jornaleros\/"},"author":{"name":"Marissa Palafox","@id":"https:\/\/fuentesfidedignas.com.mx\/#\/schema\/person\/2c10028b4a30078c05a056a215342ab9"},"headline":"Diputados piden dar seguridad social y mejores condiciones a jornaleros","datePublished":"2023-07-13T23:03:43+00:00","dateModified":"2023-07-13T23:12:27+00:00","mainEntityOfPage":{"@id":"https:\/\/fuentesfidedignas.com.mx\/index.php\/2023\/07\/13\/piden-dar-seguridad-social-y-mejores-condiciones-a-jornaleros\/"},"wordCount":608,"commentCount":0,"publisher":{"@id":"https:\/\/fuentesfidedignas.com.mx\/#organization"},"image":{"@id":"https:\/\/fuentesfidedignas.com.mx\/index.php\/2023\/07\/13\/piden-dar-seguridad-social-y-mejores-condiciones-a-jornaleros\/#primaryimage"},"thumbnailUrl":"https:\/\/fuentesfidedignas.com.mx\/wp-content\/uploads\/2023\/07\/20230713_122909-scaled.jpg","articleSection":["NOTICIAS LOCALES"],"inLanguage":"es","potentialAction":[{"@type":"CommentAction","name":"Comment","target":["https:\/\/fuentesfidedignas.com.mx\/index.php\/2023\/07\/13\/piden-dar-seguridad-social-y-mejores-condiciones-a-jornaleros\/#respond"]}]},{"@type":"WebPage","@id":"https:\/\/fuentesfidedignas.com.mx\/index.php\/2023\/07\/13\/piden-dar-seguridad-social-y-mejores-condiciones-a-jornaleros\/","url":"https:\/\/fuentesfidedignas.com.mx\/index.php\/2023\/07\/13\/piden-dar-seguridad-social-y-mejores-condiciones-a-jornaleros\/","name":"Diputados piden dar seguridad social y mejores condiciones a jornaleros - Fuentes Fidedignas","isPartOf":{"@id":"https:\/\/fuentesfidedignas.com.mx\/#website"},"primaryImageOfPage":{"@id":"https:\/\/fuentesfidedignas.com.mx\/index.php\/2023\/07\/13\/piden-dar-seguridad-social-y-mejores-condiciones-a-jornaleros\/#primaryimage"},"image":{"@id":"https:\/\/fuentesfidedignas.com.mx\/index.php\/2023\/07\/13\/piden-dar-seguridad-social-y-mejores-condiciones-a-jornaleros\/#primaryimage"},"thumbnailUrl":"https:\/\/fuentesfidedignas.com.mx\/wp-content\/uploads\/2023\/07\/20230713_122909-scaled.jpg","datePublished":"2023-07-13T23:03:43+00:00","dateModified":"2023-07-13T23:12:27+00:00","breadcrumb":{"@id":"https:\/\/fuentesfidedignas.com.mx\/index.php\/2023\/07\/13\/piden-dar-seguridad-social-y-mejores-condiciones-a-jornaleros\/#breadcrumb"},"inLanguage":"es","potentialAction":[{"@type":"ReadAction","target":["https:\/\/fuentesfidedignas.com.mx\/index.php\/2023\/07\/13\/piden-dar-seguridad-social-y-mejores-condiciones-a-jornaleros\/"]}]},{"@type":"ImageObject","inLanguage":"es","@id":"https:\/\/fuentesfidedignas.com.mx\/index.php\/2023\/07\/13\/piden-dar-seguridad-social-y-mejores-condiciones-a-jornaleros\/#primaryimage","url":"https:\/\/fuentesfidedignas.com.mx\/wp-content\/uploads\/2023\/07\/20230713_122909-scaled.jpg","contentUrl":"https:\/\/fuentesfidedignas.com.mx\/wp-content\/uploads\/2023\/07\/20230713_122909-scaled.jpg","width":2560,"height":1442},{"@type":"BreadcrumbList","@id":"https:\/\/fuentesfidedignas.com.mx\/index.php\/2023\/07\/13\/piden-dar-seguridad-social-y-mejores-condiciones-a-jornaleros\/#breadcrumb","itemListElement":[{"@type":"ListItem","position":1,"name":"Inicio","item":"https:\/\/fuentesfidedignas.com.mx\/"},{"@type":"ListItem","position":2,"name":"Diputados piden dar seguridad social y mejores condiciones a jornaleros"}]},{"@type":"WebSite","@id":"https:\/\/fuentesfidedignas.com.mx\/#website","url":"https:\/\/fuentesfidedignas.com.mx\/","name":"Fuentes Fidedignas","description":"Otro sitio realizado con WordPress","publisher":{"@id":"https:\/\/fuentesfidedignas.com.mx\/#organization"},"potentialAction":[{"@type":"SearchAction","target":{"@type":"EntryPoint","urlTemplate":"https:\/\/fuentesfidedignas.com.mx\/?s={search_term_string}"},"query-input":{"@type":"PropertyValueSpecification","valueRequired":true,"valueName":"search_term_string"}}],"inLanguage":"es"},{"@type":"Organization","@id":"https:\/\/fuentesfidedignas.com.mx\/#organization","name":"Fuentes Fidedignas","url":"https:\/\/fuentesfidedignas.com.mx\/","logo":{"@type":"ImageObject","inLanguage":"es","@id":"https:\/\/fuentesfidedignas.com.mx\/#\/schema\/logo\/image\/","url":"https:\/\/fuentesfidedignas.com.mx\/wp-content\/uploads\/2021\/04\/logo-retina.png","contentUrl":"https:\/\/fuentesfidedignas.com.mx\/wp-content\/uploads\/2021\/04\/logo-retina.png","width":280,"height":51,"caption":"Fuentes Fidedignas"},"image":{"@id":"https:\/\/fuentesfidedignas.com.mx\/#\/schema\/logo\/image\/"},"sameAs":["https:\/\/www.facebook.com\/Fuentes-Fidedignas-368234489921644","https:\/\/x.com\/fidedignas"]},{"@type":"Person","@id":"https:\/\/fuentesfidedignas.com.mx\/#\/schema\/person\/2c10028b4a30078c05a056a215342ab9","name":"Marissa Palafox","image":{"@type":"ImageObject","inLanguage":"es","@id":"https:\/\/secure.gravatar.com\/avatar\/20a43bdb2f2db10f20b22d4e98b96eb027faf98f7f76d29854dc5fab46d1cf71?s=96&d=mm&r=g","url":"https:\/\/secure.gravatar.com\/avatar\/20a43bdb2f2db10f20b22d4e98b96eb027faf98f7f76d29854dc5fab46d1cf71?s=96&d=mm&r=g","contentUrl":"https:\/\/secure.gravatar.com\/avatar\/20a43bdb2f2db10f20b22d4e98b96eb027faf98f7f76d29854dc5fab46d1cf71?s=96&d=mm&r=g","caption":"Marissa Palafox"},"url":"https:\/\/fuentesfidedignas.com.mx\/index.php\/author\/marissa\/"}]}},"_links":{"self":[{"href":"https:\/\/fuentesfidedignas.com.mx\/index.php\/wp-json\/wp\/v2\/posts\/52743","targetHints":{"allow":["GET"]}}],"collection":[{"href":"https:\/\/fuentesfidedignas.com.mx\/index.php\/wp-json\/wp\/v2\/posts"}],"about":[{"href":"https:\/\/fuentesfidedignas.com.mx\/index.php\/wp-json\/wp\/v2\/types\/post"}],"author":[{"embeddable":true,"href":"https:\/\/fuentesfidedignas.com.mx\/index.php\/wp-json\/wp\/v2\/users\/11"}],"replies":[{"embeddable":true,"href":"https:\/\/fuentesfidedignas.com.mx\/index.php\/wp-json\/wp\/v2\/comments?post=52743"}],"version-history":[{"count":4,"href":"https:\/\/fuentesfidedignas.com.mx\/index.php\/wp-json\/wp\/v2\/posts\/52743\/revisions"}],"predecessor-version":[{"id":52748,"href":"https:\/\/fuentesfidedignas.com.mx\/index.php\/wp-json\/wp\/v2\/posts\/52743\/revisions\/52748"}],"wp:featuredmedia":[{"embeddable":true,"href":"https:\/\/fuentesfidedignas.com.mx\/index.php\/wp-json\/wp\/v2\/media\/52745"}],"wp:attachment":[{"href":"https:\/\/fuentesfidedignas.com.mx\/index.php\/wp-json\/wp\/v2\/media?parent=52743"}],"wp:term":[{"taxonomy":"category","embeddable":true,"href":"https:\/\/fuentesfidedignas.com.mx\/index.php\/wp-json\/wp\/v2\/categories?post=52743"},{"taxonomy":"post_tag","embeddable":true,"href":"https:\/\/fuentesfidedignas.com.mx\/index.php\/wp-json\/wp\/v2\/tags?post=52743"}],"curies":[{"name":"wp","href":"https:\/\/api.w.org\/{rel}","templated":true}]}}