{"id":52715,"date":"2023-07-13T12:38:57","date_gmt":"2023-07-13T19:38:57","guid":{"rendered":"https:\/\/fuentesfidedignas.com.mx\/?p=52715"},"modified":"2023-07-13T12:41:00","modified_gmt":"2023-07-13T19:41:00","slug":"intensificara-uas-la-defensa-de-la-autonomia-universitaria-casa-por-casa","status":"publish","type":"post","link":"https:\/\/fuentesfidedignas.com.mx\/index.php\/2023\/07\/13\/intensificara-uas-la-defensa-de-la-autonomia-universitaria-casa-por-casa\/","title":{"rendered":"Intensificar\u00e1 UAS la defensa de la autonom\u00eda universitaria casa por casa"},"content":{"rendered":"\n<p><strong><em>Se comenzar\u00e1 una visita casa por casa en los 20 municipios de la entidad<\/em><\/strong><\/p>\n\n\n\n<p>Culiac\u00e1n, Sin.- Como parte del Plan de Acci\u00f3n para Defender la Autonom\u00eda Universitaria, aprobado por el Consejo Universitario, a partir de este jueves se intensificar\u00e1 la labor de socializaci\u00f3n de la problem\u00e1tica que enfrenta la <strong>Universidad Aut\u00f3noma de Sinaloa<\/strong> (UAS), ante la persecuci\u00f3n pol\u00edtica que mantiene el Gobierno del Estado en su contra, inform\u00f3 el Secretario General del Sindicato \u00danico de Trabajadores de la UAS, Secci\u00f3n Acad\u00e9micos, Jos\u00e9 Carlos Aceves Tamayo.<\/p>\n\n\n\n<p>Recalc\u00f3 que <strong>se comenzar\u00e1 una visita casa por casa en los 20 municipios de la entidad, <\/strong>incluyendo Juan Jos\u00e9 R\u00edos y Eldorado, donde miles de universitarios estar\u00e1n informando cara a cara a todos los sinaloenses sobre la embestida que todo el aparato pol\u00edtico desde los poderes Ejecutivo, Legislativo y Judicial, mantienen contra la Casa Rosalina por no estar de acuerdo con la Ley de Educaci\u00f3n Superior del Estado de Sinaloa.<\/p>\n\n\n\n<p>Indic\u00f3 que, a la par de ello, se mantendr\u00e1 la lucha jur\u00eddica que se lleva ante las diversas imputaciones que se han hecho por la <strong>Auditor\u00eda Superior del Estado<\/strong>, que han provocado que el Rector, doctor <strong>Jes\u00fas Madue\u00f1a Molina<\/strong>, y otros universitarios, hayan sido citados por un juez, aunque haya amparos federales de por medio.<\/p>\n\n\n\n<p>Aceves Tamayo se\u00f1al\u00f3 que, aunque se acerca el periodo vacacional, las y los universitarios estar\u00e1n alertas para mantener las acciones pertinentes, de acuerdo con lo establecido por el <strong>Consejo Universitario<\/strong>, pues la defensa de la Autonom\u00eda Universitaria es prioridad para alumnos, docentes, trabajadores y todos aquellos que son parte de la comunidad Rosalina.<\/p>\n","protected":false},"excerpt":{"rendered":"<p>Se comenzar\u00e1 una visita casa por casa en los 20 municipios de la entidad Culiac\u00e1n, Sin.- Como parte del Plan de Acci\u00f3n para Defender la Autonom\u00eda Universitaria, aprobado por el Consejo Universitario, a partir de este jueves se intensificar\u00e1 la labor de socializaci\u00f3n de la problem\u00e1tica que enfrenta la Universidad Aut\u00f3noma de Sinaloa (UAS), ante [&hellip;]<\/p>\n","protected":false},"author":4,"featured_media":52717,"comment_status":"open","ping_status":"open","sticky":false,"template":"","format":"standard","meta":{"tdm_status":"","tdm_grid_status":"","footnotes":""},"categories":[38,1],"tags":[],"class_list":{"0":"post-52715","1":"post","2":"type-post","3":"status-publish","4":"format-standard","5":"has-post-thumbnail","7":"category-noticias-locales","8":"category-sin-categoria"},"yoast_head":"<!-- This site is optimized with the Yoast SEO plugin v27.5 - https:\/\/yoast.com\/product\/yoast-seo-wordpress\/ -->\n<title>Intensificar\u00e1 UAS la defensa de la autonom\u00eda universitaria casa por casa - Fuentes Fidedignas<\/title>\n<meta name=\"robots\" content=\"index, follow, max-snippet:-1, max-image-preview:large, max-video-preview:-1\" \/>\n<link rel=\"canonical\" href=\"https:\/\/fuentesfidedignas.com.mx\/index.php\/2023\/07\/13\/intensificara-uas-la-defensa-de-la-autonomia-universitaria-casa-por-casa\/\" \/>\n<meta property=\"og:locale\" content=\"es_MX\" \/>\n<meta property=\"og:type\" content=\"article\" \/>\n<meta property=\"og:title\" content=\"Intensificar\u00e1 UAS la defensa de la autonom\u00eda universitaria casa por casa - Fuentes Fidedignas\" \/>\n<meta property=\"og:description\" content=\"Se comenzar\u00e1 una visita casa por casa en los 20 municipios de la entidad Culiac\u00e1n, Sin.- Como parte del Plan de Acci\u00f3n para Defender la Autonom\u00eda Universitaria, aprobado por el Consejo Universitario, a partir de este jueves se intensificar\u00e1 la labor de socializaci\u00f3n de la problem\u00e1tica que enfrenta la Universidad Aut\u00f3noma de Sinaloa (UAS), ante [&hellip;]\" \/>\n<meta property=\"og:url\" content=\"https:\/\/fuentesfidedignas.com.mx\/index.php\/2023\/07\/13\/intensificara-uas-la-defensa-de-la-autonomia-universitaria-casa-por-casa\/\" \/>\n<meta property=\"og:site_name\" content=\"Fuentes Fidedignas\" \/>\n<meta property=\"article:publisher\" content=\"https:\/\/www.facebook.com\/Fuentes-Fidedignas-368234489921644\" \/>\n<meta property=\"article:published_time\" content=\"2023-07-13T19:38:57+00:00\" \/>\n<meta property=\"article:modified_time\" content=\"2023-07-13T19:41:00+00:00\" \/>\n<meta property=\"og:image\" content=\"https:\/\/fuentesfidedignas.com.mx\/wp-content\/uploads\/2023\/07\/FOTO-PLAN-DE-ACCION-3.jpeg\" \/>\n\t<meta property=\"og:image:width\" content=\"1600\" \/>\n\t<meta property=\"og:image:height\" content=\"900\" \/>\n\t<meta property=\"og:image:type\" content=\"image\/jpeg\" \/>\n<meta name=\"author\" content=\"Redacci\u00f3n\" \/>\n<meta name=\"twitter:card\" content=\"summary_large_image\" \/>\n<meta name=\"twitter:creator\" content=\"@fidedignas\" \/>\n<meta name=\"twitter:site\" content=\"@fidedignas\" \/>\n<meta name=\"twitter:label1\" content=\"Escrito por\" \/>\n\t<meta name=\"twitter:data1\" content=\"Redacci\u00f3n\" \/>\n\t<meta name=\"twitter:label2\" content=\"Tiempo de lectura\" \/>\n\t<meta name=\"twitter:data2\" content=\"2 minutos\" \/>\n<script type=\"application\/ld+json\" class=\"yoast-schema-graph\">{\"@context\":\"https:\\\/\\\/schema.org\",\"@graph\":[{\"@type\":\"Article\",\"@id\":\"https:\\\/\\\/fuentesfidedignas.com.mx\\\/index.php\\\/2023\\\/07\\\/13\\\/intensificara-uas-la-defensa-de-la-autonomia-universitaria-casa-por-casa\\\/#article\",\"isPartOf\":{\"@id\":\"https:\\\/\\\/fuentesfidedignas.com.mx\\\/index.php\\\/2023\\\/07\\\/13\\\/intensificara-uas-la-defensa-de-la-autonomia-universitaria-casa-por-casa\\\/\"},\"author\":{\"name\":\"Redacci\u00f3n\",\"@id\":\"https:\\\/\\\/fuentesfidedignas.com.mx\\\/#\\\/schema\\\/person\\\/331be9283d37198e2acd5750279085b0\"},\"headline\":\"Intensificar\u00e1 UAS la defensa de la autonom\u00eda universitaria casa por casa\",\"datePublished\":\"2023-07-13T19:38:57+00:00\",\"dateModified\":\"2023-07-13T19:41:00+00:00\",\"mainEntityOfPage\":{\"@id\":\"https:\\\/\\\/fuentesfidedignas.com.mx\\\/index.php\\\/2023\\\/07\\\/13\\\/intensificara-uas-la-defensa-de-la-autonomia-universitaria-casa-por-casa\\\/\"},\"wordCount\":295,\"commentCount\":0,\"publisher\":{\"@id\":\"https:\\\/\\\/fuentesfidedignas.com.mx\\\/#organization\"},\"image\":{\"@id\":\"https:\\\/\\\/fuentesfidedignas.com.mx\\\/index.php\\\/2023\\\/07\\\/13\\\/intensificara-uas-la-defensa-de-la-autonomia-universitaria-casa-por-casa\\\/#primaryimage\"},\"thumbnailUrl\":\"https:\\\/\\\/fuentesfidedignas.com.mx\\\/wp-content\\\/uploads\\\/2023\\\/07\\\/FOTO-PLAN-DE-ACCION-3.jpeg\",\"articleSection\":[\"NOTICIAS LOCALES\"],\"inLanguage\":\"es\",\"potentialAction\":[{\"@type\":\"CommentAction\",\"name\":\"Comment\",\"target\":[\"https:\\\/\\\/fuentesfidedignas.com.mx\\\/index.php\\\/2023\\\/07\\\/13\\\/intensificara-uas-la-defensa-de-la-autonomia-universitaria-casa-por-casa\\\/#respond\"]}]},{\"@type\":\"WebPage\",\"@id\":\"https:\\\/\\\/fuentesfidedignas.com.mx\\\/index.php\\\/2023\\\/07\\\/13\\\/intensificara-uas-la-defensa-de-la-autonomia-universitaria-casa-por-casa\\\/\",\"url\":\"https:\\\/\\\/fuentesfidedignas.com.mx\\\/index.php\\\/2023\\\/07\\\/13\\\/intensificara-uas-la-defensa-de-la-autonomia-universitaria-casa-por-casa\\\/\",\"name\":\"Intensificar\u00e1 UAS la defensa de la autonom\u00eda universitaria casa por casa - Fuentes Fidedignas\",\"isPartOf\":{\"@id\":\"https:\\\/\\\/fuentesfidedignas.com.mx\\\/#website\"},\"primaryImageOfPage\":{\"@id\":\"https:\\\/\\\/fuentesfidedignas.com.mx\\\/index.php\\\/2023\\\/07\\\/13\\\/intensificara-uas-la-defensa-de-la-autonomia-universitaria-casa-por-casa\\\/#primaryimage\"},\"image\":{\"@id\":\"https:\\\/\\\/fuentesfidedignas.com.mx\\\/index.php\\\/2023\\\/07\\\/13\\\/intensificara-uas-la-defensa-de-la-autonomia-universitaria-casa-por-casa\\\/#primaryimage\"},\"thumbnailUrl\":\"https:\\\/\\\/fuentesfidedignas.com.mx\\\/wp-content\\\/uploads\\\/2023\\\/07\\\/FOTO-PLAN-DE-ACCION-3.jpeg\",\"datePublished\":\"2023-07-13T19:38:57+00:00\",\"dateModified\":\"2023-07-13T19:41:00+00:00\",\"breadcrumb\":{\"@id\":\"https:\\\/\\\/fuentesfidedignas.com.mx\\\/index.php\\\/2023\\\/07\\\/13\\\/intensificara-uas-la-defensa-de-la-autonomia-universitaria-casa-por-casa\\\/#breadcrumb\"},\"inLanguage\":\"es\",\"potentialAction\":[{\"@type\":\"ReadAction\",\"target\":[\"https:\\\/\\\/fuentesfidedignas.com.mx\\\/index.php\\\/2023\\\/07\\\/13\\\/intensificara-uas-la-defensa-de-la-autonomia-universitaria-casa-por-casa\\\/\"]}]},{\"@type\":\"ImageObject\",\"inLanguage\":\"es\",\"@id\":\"https:\\\/\\\/fuentesfidedignas.com.mx\\\/index.php\\\/2023\\\/07\\\/13\\\/intensificara-uas-la-defensa-de-la-autonomia-universitaria-casa-por-casa\\\/#primaryimage\",\"url\":\"https:\\\/\\\/fuentesfidedignas.com.mx\\\/wp-content\\\/uploads\\\/2023\\\/07\\\/FOTO-PLAN-DE-ACCION-3.jpeg\",\"contentUrl\":\"https:\\\/\\\/fuentesfidedignas.com.mx\\\/wp-content\\\/uploads\\\/2023\\\/07\\\/FOTO-PLAN-DE-ACCION-3.jpeg\",\"width\":1600,\"height\":900},{\"@type\":\"BreadcrumbList\",\"@id\":\"https:\\\/\\\/fuentesfidedignas.com.mx\\\/index.php\\\/2023\\\/07\\\/13\\\/intensificara-uas-la-defensa-de-la-autonomia-universitaria-casa-por-casa\\\/#breadcrumb\",\"itemListElement\":[{\"@type\":\"ListItem\",\"position\":1,\"name\":\"Inicio\",\"item\":\"https:\\\/\\\/fuentesfidedignas.com.mx\\\/\"},{\"@type\":\"ListItem\",\"position\":2,\"name\":\"Intensificar\u00e1 UAS la defensa de la autonom\u00eda universitaria casa por casa\"}]},{\"@type\":\"WebSite\",\"@id\":\"https:\\\/\\\/fuentesfidedignas.com.mx\\\/#website\",\"url\":\"https:\\\/\\\/fuentesfidedignas.com.mx\\\/\",\"name\":\"Fuentes Fidedignas\",\"description\":\"Otro sitio realizado con WordPress\",\"publisher\":{\"@id\":\"https:\\\/\\\/fuentesfidedignas.com.mx\\\/#organization\"},\"potentialAction\":[{\"@type\":\"SearchAction\",\"target\":{\"@type\":\"EntryPoint\",\"urlTemplate\":\"https:\\\/\\\/fuentesfidedignas.com.mx\\\/?s={search_term_string}\"},\"query-input\":{\"@type\":\"PropertyValueSpecification\",\"valueRequired\":true,\"valueName\":\"search_term_string\"}}],\"inLanguage\":\"es\"},{\"@type\":\"Organization\",\"@id\":\"https:\\\/\\\/fuentesfidedignas.com.mx\\\/#organization\",\"name\":\"Fuentes Fidedignas\",\"url\":\"https:\\\/\\\/fuentesfidedignas.com.mx\\\/\",\"logo\":{\"@type\":\"ImageObject\",\"inLanguage\":\"es\",\"@id\":\"https:\\\/\\\/fuentesfidedignas.com.mx\\\/#\\\/schema\\\/logo\\\/image\\\/\",\"url\":\"https:\\\/\\\/fuentesfidedignas.com.mx\\\/wp-content\\\/uploads\\\/2021\\\/04\\\/logo-retina.png\",\"contentUrl\":\"https:\\\/\\\/fuentesfidedignas.com.mx\\\/wp-content\\\/uploads\\\/2021\\\/04\\\/logo-retina.png\",\"width\":280,\"height\":51,\"caption\":\"Fuentes Fidedignas\"},\"image\":{\"@id\":\"https:\\\/\\\/fuentesfidedignas.com.mx\\\/#\\\/schema\\\/logo\\\/image\\\/\"},\"sameAs\":[\"https:\\\/\\\/www.facebook.com\\\/Fuentes-Fidedignas-368234489921644\",\"https:\\\/\\\/x.com\\\/fidedignas\"]},{\"@type\":\"Person\",\"@id\":\"https:\\\/\\\/fuentesfidedignas.com.mx\\\/#\\\/schema\\\/person\\\/331be9283d37198e2acd5750279085b0\",\"name\":\"Redacci\u00f3n\",\"image\":{\"@type\":\"ImageObject\",\"inLanguage\":\"es\",\"@id\":\"https:\\\/\\\/secure.gravatar.com\\\/avatar\\\/f6d8782c11d12b2d4ad3fbb6931aeab5309937a4d6cd2fc9cfaa28a6396a5aec?s=96&d=mm&r=g\",\"url\":\"https:\\\/\\\/secure.gravatar.com\\\/avatar\\\/f6d8782c11d12b2d4ad3fbb6931aeab5309937a4d6cd2fc9cfaa28a6396a5aec?s=96&d=mm&r=g\",\"contentUrl\":\"https:\\\/\\\/secure.gravatar.com\\\/avatar\\\/f6d8782c11d12b2d4ad3fbb6931aeab5309937a4d6cd2fc9cfaa28a6396a5aec?s=96&d=mm&r=g\",\"caption\":\"Redacci\u00f3n\"},\"url\":\"https:\\\/\\\/fuentesfidedignas.com.mx\\\/index.php\\\/author\\\/redaccion\\\/\"}]}<\/script>\n<!-- \/ Yoast SEO plugin. -->","yoast_head_json":{"title":"Intensificar\u00e1 UAS la defensa de la autonom\u00eda universitaria casa por casa - Fuentes Fidedignas","robots":{"index":"index","follow":"follow","max-snippet":"max-snippet:-1","max-image-preview":"max-image-preview:large","max-video-preview":"max-video-preview:-1"},"canonical":"https:\/\/fuentesfidedignas.com.mx\/index.php\/2023\/07\/13\/intensificara-uas-la-defensa-de-la-autonomia-universitaria-casa-por-casa\/","og_locale":"es_MX","og_type":"article","og_title":"Intensificar\u00e1 UAS la defensa de la autonom\u00eda universitaria casa por casa - Fuentes Fidedignas","og_description":"Se comenzar\u00e1 una visita casa por casa en los 20 municipios de la entidad Culiac\u00e1n, Sin.- Como parte del Plan de Acci\u00f3n para Defender la Autonom\u00eda Universitaria, aprobado por el Consejo Universitario, a partir de este jueves se intensificar\u00e1 la labor de socializaci\u00f3n de la problem\u00e1tica que enfrenta la Universidad Aut\u00f3noma de Sinaloa (UAS), ante [&hellip;]","og_url":"https:\/\/fuentesfidedignas.com.mx\/index.php\/2023\/07\/13\/intensificara-uas-la-defensa-de-la-autonomia-universitaria-casa-por-casa\/","og_site_name":"Fuentes Fidedignas","article_publisher":"https:\/\/www.facebook.com\/Fuentes-Fidedignas-368234489921644","article_published_time":"2023-07-13T19:38:57+00:00","article_modified_time":"2023-07-13T19:41:00+00:00","og_image":[{"width":1600,"height":900,"url":"https:\/\/fuentesfidedignas.com.mx\/wp-content\/uploads\/2023\/07\/FOTO-PLAN-DE-ACCION-3.jpeg","type":"image\/jpeg"}],"author":"Redacci\u00f3n","twitter_card":"summary_large_image","twitter_creator":"@fidedignas","twitter_site":"@fidedignas","twitter_misc":{"Escrito por":"Redacci\u00f3n","Tiempo de lectura":"2 minutos"},"schema":{"@context":"https:\/\/schema.org","@graph":[{"@type":"Article","@id":"https:\/\/fuentesfidedignas.com.mx\/index.php\/2023\/07\/13\/intensificara-uas-la-defensa-de-la-autonomia-universitaria-casa-por-casa\/#article","isPartOf":{"@id":"https:\/\/fuentesfidedignas.com.mx\/index.php\/2023\/07\/13\/intensificara-uas-la-defensa-de-la-autonomia-universitaria-casa-por-casa\/"},"author":{"name":"Redacci\u00f3n","@id":"https:\/\/fuentesfidedignas.com.mx\/#\/schema\/person\/331be9283d37198e2acd5750279085b0"},"headline":"Intensificar\u00e1 UAS la defensa de la autonom\u00eda universitaria casa por casa","datePublished":"2023-07-13T19:38:57+00:00","dateModified":"2023-07-13T19:41:00+00:00","mainEntityOfPage":{"@id":"https:\/\/fuentesfidedignas.com.mx\/index.php\/2023\/07\/13\/intensificara-uas-la-defensa-de-la-autonomia-universitaria-casa-por-casa\/"},"wordCount":295,"commentCount":0,"publisher":{"@id":"https:\/\/fuentesfidedignas.com.mx\/#organization"},"image":{"@id":"https:\/\/fuentesfidedignas.com.mx\/index.php\/2023\/07\/13\/intensificara-uas-la-defensa-de-la-autonomia-universitaria-casa-por-casa\/#primaryimage"},"thumbnailUrl":"https:\/\/fuentesfidedignas.com.mx\/wp-content\/uploads\/2023\/07\/FOTO-PLAN-DE-ACCION-3.jpeg","articleSection":["NOTICIAS LOCALES"],"inLanguage":"es","potentialAction":[{"@type":"CommentAction","name":"Comment","target":["https:\/\/fuentesfidedignas.com.mx\/index.php\/2023\/07\/13\/intensificara-uas-la-defensa-de-la-autonomia-universitaria-casa-por-casa\/#respond"]}]},{"@type":"WebPage","@id":"https:\/\/fuentesfidedignas.com.mx\/index.php\/2023\/07\/13\/intensificara-uas-la-defensa-de-la-autonomia-universitaria-casa-por-casa\/","url":"https:\/\/fuentesfidedignas.com.mx\/index.php\/2023\/07\/13\/intensificara-uas-la-defensa-de-la-autonomia-universitaria-casa-por-casa\/","name":"Intensificar\u00e1 UAS la defensa de la autonom\u00eda universitaria casa por casa - Fuentes Fidedignas","isPartOf":{"@id":"https:\/\/fuentesfidedignas.com.mx\/#website"},"primaryImageOfPage":{"@id":"https:\/\/fuentesfidedignas.com.mx\/index.php\/2023\/07\/13\/intensificara-uas-la-defensa-de-la-autonomia-universitaria-casa-por-casa\/#primaryimage"},"image":{"@id":"https:\/\/fuentesfidedignas.com.mx\/index.php\/2023\/07\/13\/intensificara-uas-la-defensa-de-la-autonomia-universitaria-casa-por-casa\/#primaryimage"},"thumbnailUrl":"https:\/\/fuentesfidedignas.com.mx\/wp-content\/uploads\/2023\/07\/FOTO-PLAN-DE-ACCION-3.jpeg","datePublished":"2023-07-13T19:38:57+00:00","dateModified":"2023-07-13T19:41:00+00:00","breadcrumb":{"@id":"https:\/\/fuentesfidedignas.com.mx\/index.php\/2023\/07\/13\/intensificara-uas-la-defensa-de-la-autonomia-universitaria-casa-por-casa\/#breadcrumb"},"inLanguage":"es","potentialAction":[{"@type":"ReadAction","target":["https:\/\/fuentesfidedignas.com.mx\/index.php\/2023\/07\/13\/intensificara-uas-la-defensa-de-la-autonomia-universitaria-casa-por-casa\/"]}]},{"@type":"ImageObject","inLanguage":"es","@id":"https:\/\/fuentesfidedignas.com.mx\/index.php\/2023\/07\/13\/intensificara-uas-la-defensa-de-la-autonomia-universitaria-casa-por-casa\/#primaryimage","url":"https:\/\/fuentesfidedignas.com.mx\/wp-content\/uploads\/2023\/07\/FOTO-PLAN-DE-ACCION-3.jpeg","contentUrl":"https:\/\/fuentesfidedignas.com.mx\/wp-content\/uploads\/2023\/07\/FOTO-PLAN-DE-ACCION-3.jpeg","width":1600,"height":900},{"@type":"BreadcrumbList","@id":"https:\/\/fuentesfidedignas.com.mx\/index.php\/2023\/07\/13\/intensificara-uas-la-defensa-de-la-autonomia-universitaria-casa-por-casa\/#breadcrumb","itemListElement":[{"@type":"ListItem","position":1,"name":"Inicio","item":"https:\/\/fuentesfidedignas.com.mx\/"},{"@type":"ListItem","position":2,"name":"Intensificar\u00e1 UAS la defensa de la autonom\u00eda universitaria casa por casa"}]},{"@type":"WebSite","@id":"https:\/\/fuentesfidedignas.com.mx\/#website","url":"https:\/\/fuentesfidedignas.com.mx\/","name":"Fuentes Fidedignas","description":"Otro sitio realizado con WordPress","publisher":{"@id":"https:\/\/fuentesfidedignas.com.mx\/#organization"},"potentialAction":[{"@type":"SearchAction","target":{"@type":"EntryPoint","urlTemplate":"https:\/\/fuentesfidedignas.com.mx\/?s={search_term_string}"},"query-input":{"@type":"PropertyValueSpecification","valueRequired":true,"valueName":"search_term_string"}}],"inLanguage":"es"},{"@type":"Organization","@id":"https:\/\/fuentesfidedignas.com.mx\/#organization","name":"Fuentes Fidedignas","url":"https:\/\/fuentesfidedignas.com.mx\/","logo":{"@type":"ImageObject","inLanguage":"es","@id":"https:\/\/fuentesfidedignas.com.mx\/#\/schema\/logo\/image\/","url":"https:\/\/fuentesfidedignas.com.mx\/wp-content\/uploads\/2021\/04\/logo-retina.png","contentUrl":"https:\/\/fuentesfidedignas.com.mx\/wp-content\/uploads\/2021\/04\/logo-retina.png","width":280,"height":51,"caption":"Fuentes Fidedignas"},"image":{"@id":"https:\/\/fuentesfidedignas.com.mx\/#\/schema\/logo\/image\/"},"sameAs":["https:\/\/www.facebook.com\/Fuentes-Fidedignas-368234489921644","https:\/\/x.com\/fidedignas"]},{"@type":"Person","@id":"https:\/\/fuentesfidedignas.com.mx\/#\/schema\/person\/331be9283d37198e2acd5750279085b0","name":"Redacci\u00f3n","image":{"@type":"ImageObject","inLanguage":"es","@id":"https:\/\/secure.gravatar.com\/avatar\/f6d8782c11d12b2d4ad3fbb6931aeab5309937a4d6cd2fc9cfaa28a6396a5aec?s=96&d=mm&r=g","url":"https:\/\/secure.gravatar.com\/avatar\/f6d8782c11d12b2d4ad3fbb6931aeab5309937a4d6cd2fc9cfaa28a6396a5aec?s=96&d=mm&r=g","contentUrl":"https:\/\/secure.gravatar.com\/avatar\/f6d8782c11d12b2d4ad3fbb6931aeab5309937a4d6cd2fc9cfaa28a6396a5aec?s=96&d=mm&r=g","caption":"Redacci\u00f3n"},"url":"https:\/\/fuentesfidedignas.com.mx\/index.php\/author\/redaccion\/"}]}},"_links":{"self":[{"href":"https:\/\/fuentesfidedignas.com.mx\/index.php\/wp-json\/wp\/v2\/posts\/52715","targetHints":{"allow":["GET"]}}],"collection":[{"href":"https:\/\/fuentesfidedignas.com.mx\/index.php\/wp-json\/wp\/v2\/posts"}],"about":[{"href":"https:\/\/fuentesfidedignas.com.mx\/index.php\/wp-json\/wp\/v2\/types\/post"}],"author":[{"embeddable":true,"href":"https:\/\/fuentesfidedignas.com.mx\/index.php\/wp-json\/wp\/v2\/users\/4"}],"replies":[{"embeddable":true,"href":"https:\/\/fuentesfidedignas.com.mx\/index.php\/wp-json\/wp\/v2\/comments?post=52715"}],"version-history":[{"count":1,"href":"https:\/\/fuentesfidedignas.com.mx\/index.php\/wp-json\/wp\/v2\/posts\/52715\/revisions"}],"predecessor-version":[{"id":52716,"href":"https:\/\/fuentesfidedignas.com.mx\/index.php\/wp-json\/wp\/v2\/posts\/52715\/revisions\/52716"}],"wp:featuredmedia":[{"embeddable":true,"href":"https:\/\/fuentesfidedignas.com.mx\/index.php\/wp-json\/wp\/v2\/media\/52717"}],"wp:attachment":[{"href":"https:\/\/fuentesfidedignas.com.mx\/index.php\/wp-json\/wp\/v2\/media?parent=52715"}],"wp:term":[{"taxonomy":"category","embeddable":true,"href":"https:\/\/fuentesfidedignas.com.mx\/index.php\/wp-json\/wp\/v2\/categories?post=52715"},{"taxonomy":"post_tag","embeddable":true,"href":"https:\/\/fuentesfidedignas.com.mx\/index.php\/wp-json\/wp\/v2\/tags?post=52715"}],"curies":[{"name":"wp","href":"https:\/\/api.w.org\/{rel}","templated":true}]}}