{"id":52604,"date":"2023-07-12T12:28:31","date_gmt":"2023-07-12T19:28:31","guid":{"rendered":"https:\/\/fuentesfidedignas.com.mx\/?p=52604"},"modified":"2023-07-12T16:06:20","modified_gmt":"2023-07-12T23:06:20","slug":"lamentable-que-el-congreso-minimice-la-marcha-donde-la-sociedad-exige-paz-y-tranquilidad-cuen","status":"publish","type":"post","link":"https:\/\/fuentesfidedignas.com.mx\/index.php\/2023\/07\/12\/lamentable-que-el-congreso-minimice-la-marcha-donde-la-sociedad-exige-paz-y-tranquilidad-cuen\/","title":{"rendered":"Lamentable que el Congreso minimice la marcha donde la sociedad exige paz y tranquilidad: Cu\u00e9n"},"content":{"rendered":"\n<p><strong><em>Que el Congreso minimice la marcha de la Paz y la Concordia, es solo una muestra de que no se dan cuenta de lo que est\u00e1 pasando en el estado<\/em><\/strong><\/p>\n\n\n\n<p>Culiac\u00e1n, Sin.- El dirigente Estatal del Partido Sinaloense H\u00e9ctor Melesio Cu\u00e9n Ojeda, exigi\u00f3 a los diputados de MORENA, se pongan a trabajar en las cosas que de verdad le importan a la ciudadan\u00eda, como lo es caminar por las calles con la tranquilidad que hace a\u00f1os no se tiene en el estado, y no denigrando las peticiones de la sociedad.<\/p>\n\n\n\n<p><strong>\u201cA m\u00ed me llama la atenci\u00f3n que algunos de MORENA y del PRI estuvieron ayer en tribuna denigrando la marcha, \u00a1Por favor hagan algo por la violencia! \u00a1No sean arrastrados!, y se los digo desde aqu\u00ed, de frente<\/strong>\u201d, externo el l\u00edder Pasista.<\/p>\n\n\n\n<p>Cu\u00e9n Ojeda, lament\u00f3 que en el poder legislativo denost\u00e9, la capacidad de movilizaci\u00f3n de los sinaloenses, y prueba de ello fueron los m\u00e1s de 20 mil asistentes, entre ellos padres, madres de hijos desaparecidos, adultos mayores y familias enteras que buscan justicia ante tantos atropellos de diversos tipos.<\/p>\n\n\n\n<p>\u201c<strong>Ya que da coraje el hecho de que habiendo tantos problemas y tanta violencia se pongan a decir que fue una marchita simula, si fueron m\u00e1s de 20 mil gentes, y hab\u00eda mucha diversidad, hab\u00eda much\u00edsima gente<\/strong>\u201d, dijo.<\/p>\n\n\n\n<p>Record\u00f3 que tan solo de enero a mayo de este a\u00f1o los n\u00fameros se han disparado, claro ejemplo de ello, es que el a\u00f1o pasado se registraron 373 levantones y este a\u00f1o en el mismo periodo ya van 415, seg\u00fan cifras oficiales de la Fiscal\u00eda General del Estado.<\/p>\n","protected":false},"excerpt":{"rendered":"<p>Que el Congreso minimice la marcha de la Paz y la Concordia, es solo una muestra de que no se dan cuenta de lo que est\u00e1 pasando en el estado Culiac\u00e1n, Sin.- El dirigente Estatal del Partido Sinaloense H\u00e9ctor Melesio Cu\u00e9n Ojeda, exigi\u00f3 a los diputados de MORENA, se pongan a trabajar en las cosas [&hellip;]<\/p>\n","protected":false},"author":4,"featured_media":52610,"comment_status":"open","ping_status":"open","sticky":false,"template":"","format":"standard","meta":{"tdm_status":"","tdm_grid_status":"","footnotes":""},"categories":[37,1],"tags":[],"class_list":{"0":"post-52604","1":"post","2":"type-post","3":"status-publish","4":"format-standard","5":"has-post-thumbnail","7":"category-nota-principal","8":"category-sin-categoria"},"yoast_head":"<!-- This site is optimized with the Yoast SEO plugin v27.4 - https:\/\/yoast.com\/product\/yoast-seo-wordpress\/ -->\n<title>Lamentable que el Congreso minimice la marcha donde la sociedad exige paz y tranquilidad: Cu\u00e9n - Fuentes Fidedignas<\/title>\n<meta name=\"robots\" content=\"index, follow, max-snippet:-1, max-image-preview:large, max-video-preview:-1\" \/>\n<link rel=\"canonical\" href=\"https:\/\/fuentesfidedignas.com.mx\/index.php\/2023\/07\/12\/lamentable-que-el-congreso-minimice-la-marcha-donde-la-sociedad-exige-paz-y-tranquilidad-cuen\/\" \/>\n<meta property=\"og:locale\" content=\"es_MX\" \/>\n<meta property=\"og:type\" content=\"article\" \/>\n<meta property=\"og:title\" content=\"Lamentable que el Congreso minimice la marcha donde la sociedad exige paz y tranquilidad: Cu\u00e9n - Fuentes Fidedignas\" \/>\n<meta property=\"og:description\" content=\"Que el Congreso minimice la marcha de la Paz y la Concordia, es solo una muestra de que no se dan cuenta de lo que est\u00e1 pasando en el estado Culiac\u00e1n, Sin.- El dirigente Estatal del Partido Sinaloense H\u00e9ctor Melesio Cu\u00e9n Ojeda, exigi\u00f3 a los diputados de MORENA, se pongan a trabajar en las cosas [&hellip;]\" \/>\n<meta property=\"og:url\" content=\"https:\/\/fuentesfidedignas.com.mx\/index.php\/2023\/07\/12\/lamentable-que-el-congreso-minimice-la-marcha-donde-la-sociedad-exige-paz-y-tranquilidad-cuen\/\" \/>\n<meta property=\"og:site_name\" content=\"Fuentes Fidedignas\" \/>\n<meta property=\"article:publisher\" content=\"https:\/\/www.facebook.com\/Fuentes-Fidedignas-368234489921644\" \/>\n<meta property=\"article:published_time\" content=\"2023-07-12T19:28:31+00:00\" \/>\n<meta property=\"article:modified_time\" content=\"2023-07-12T23:06:20+00:00\" \/>\n<meta property=\"og:image\" content=\"https:\/\/fuentesfidedignas.com.mx\/wp-content\/uploads\/2023\/07\/IMG-20230712-WA0004.jpg\" \/>\n\t<meta property=\"og:image:width\" content=\"1600\" \/>\n\t<meta property=\"og:image:height\" content=\"1066\" \/>\n\t<meta property=\"og:image:type\" content=\"image\/jpeg\" \/>\n<meta name=\"author\" content=\"Redacci\u00f3n\" \/>\n<meta name=\"twitter:card\" content=\"summary_large_image\" \/>\n<meta name=\"twitter:creator\" content=\"@fidedignas\" \/>\n<meta name=\"twitter:site\" content=\"@fidedignas\" \/>\n<meta name=\"twitter:label1\" content=\"Escrito por\" \/>\n\t<meta name=\"twitter:data1\" content=\"Redacci\u00f3n\" \/>\n\t<meta name=\"twitter:label2\" content=\"Tiempo de lectura\" \/>\n\t<meta name=\"twitter:data2\" content=\"2 minutos\" \/>\n<script type=\"application\/ld+json\" class=\"yoast-schema-graph\">{\"@context\":\"https:\\\/\\\/schema.org\",\"@graph\":[{\"@type\":\"Article\",\"@id\":\"https:\\\/\\\/fuentesfidedignas.com.mx\\\/index.php\\\/2023\\\/07\\\/12\\\/lamentable-que-el-congreso-minimice-la-marcha-donde-la-sociedad-exige-paz-y-tranquilidad-cuen\\\/#article\",\"isPartOf\":{\"@id\":\"https:\\\/\\\/fuentesfidedignas.com.mx\\\/index.php\\\/2023\\\/07\\\/12\\\/lamentable-que-el-congreso-minimice-la-marcha-donde-la-sociedad-exige-paz-y-tranquilidad-cuen\\\/\"},\"author\":{\"name\":\"Redacci\u00f3n\",\"@id\":\"https:\\\/\\\/fuentesfidedignas.com.mx\\\/#\\\/schema\\\/person\\\/331be9283d37198e2acd5750279085b0\"},\"headline\":\"Lamentable que el Congreso minimice la marcha donde la sociedad exige paz y tranquilidad: Cu\u00e9n\",\"datePublished\":\"2023-07-12T19:28:31+00:00\",\"dateModified\":\"2023-07-12T23:06:20+00:00\",\"mainEntityOfPage\":{\"@id\":\"https:\\\/\\\/fuentesfidedignas.com.mx\\\/index.php\\\/2023\\\/07\\\/12\\\/lamentable-que-el-congreso-minimice-la-marcha-donde-la-sociedad-exige-paz-y-tranquilidad-cuen\\\/\"},\"wordCount\":299,\"commentCount\":0,\"publisher\":{\"@id\":\"https:\\\/\\\/fuentesfidedignas.com.mx\\\/#organization\"},\"image\":{\"@id\":\"https:\\\/\\\/fuentesfidedignas.com.mx\\\/index.php\\\/2023\\\/07\\\/12\\\/lamentable-que-el-congreso-minimice-la-marcha-donde-la-sociedad-exige-paz-y-tranquilidad-cuen\\\/#primaryimage\"},\"thumbnailUrl\":\"https:\\\/\\\/fuentesfidedignas.com.mx\\\/wp-content\\\/uploads\\\/2023\\\/07\\\/IMG-20230712-WA0004.jpg\",\"articleSection\":[\"NOTA PRINCIPAL\"],\"inLanguage\":\"es\",\"potentialAction\":[{\"@type\":\"CommentAction\",\"name\":\"Comment\",\"target\":[\"https:\\\/\\\/fuentesfidedignas.com.mx\\\/index.php\\\/2023\\\/07\\\/12\\\/lamentable-que-el-congreso-minimice-la-marcha-donde-la-sociedad-exige-paz-y-tranquilidad-cuen\\\/#respond\"]}]},{\"@type\":\"WebPage\",\"@id\":\"https:\\\/\\\/fuentesfidedignas.com.mx\\\/index.php\\\/2023\\\/07\\\/12\\\/lamentable-que-el-congreso-minimice-la-marcha-donde-la-sociedad-exige-paz-y-tranquilidad-cuen\\\/\",\"url\":\"https:\\\/\\\/fuentesfidedignas.com.mx\\\/index.php\\\/2023\\\/07\\\/12\\\/lamentable-que-el-congreso-minimice-la-marcha-donde-la-sociedad-exige-paz-y-tranquilidad-cuen\\\/\",\"name\":\"Lamentable que el Congreso minimice la marcha donde la sociedad exige paz y tranquilidad: Cu\u00e9n - Fuentes Fidedignas\",\"isPartOf\":{\"@id\":\"https:\\\/\\\/fuentesfidedignas.com.mx\\\/#website\"},\"primaryImageOfPage\":{\"@id\":\"https:\\\/\\\/fuentesfidedignas.com.mx\\\/index.php\\\/2023\\\/07\\\/12\\\/lamentable-que-el-congreso-minimice-la-marcha-donde-la-sociedad-exige-paz-y-tranquilidad-cuen\\\/#primaryimage\"},\"image\":{\"@id\":\"https:\\\/\\\/fuentesfidedignas.com.mx\\\/index.php\\\/2023\\\/07\\\/12\\\/lamentable-que-el-congreso-minimice-la-marcha-donde-la-sociedad-exige-paz-y-tranquilidad-cuen\\\/#primaryimage\"},\"thumbnailUrl\":\"https:\\\/\\\/fuentesfidedignas.com.mx\\\/wp-content\\\/uploads\\\/2023\\\/07\\\/IMG-20230712-WA0004.jpg\",\"datePublished\":\"2023-07-12T19:28:31+00:00\",\"dateModified\":\"2023-07-12T23:06:20+00:00\",\"breadcrumb\":{\"@id\":\"https:\\\/\\\/fuentesfidedignas.com.mx\\\/index.php\\\/2023\\\/07\\\/12\\\/lamentable-que-el-congreso-minimice-la-marcha-donde-la-sociedad-exige-paz-y-tranquilidad-cuen\\\/#breadcrumb\"},\"inLanguage\":\"es\",\"potentialAction\":[{\"@type\":\"ReadAction\",\"target\":[\"https:\\\/\\\/fuentesfidedignas.com.mx\\\/index.php\\\/2023\\\/07\\\/12\\\/lamentable-que-el-congreso-minimice-la-marcha-donde-la-sociedad-exige-paz-y-tranquilidad-cuen\\\/\"]}]},{\"@type\":\"ImageObject\",\"inLanguage\":\"es\",\"@id\":\"https:\\\/\\\/fuentesfidedignas.com.mx\\\/index.php\\\/2023\\\/07\\\/12\\\/lamentable-que-el-congreso-minimice-la-marcha-donde-la-sociedad-exige-paz-y-tranquilidad-cuen\\\/#primaryimage\",\"url\":\"https:\\\/\\\/fuentesfidedignas.com.mx\\\/wp-content\\\/uploads\\\/2023\\\/07\\\/IMG-20230712-WA0004.jpg\",\"contentUrl\":\"https:\\\/\\\/fuentesfidedignas.com.mx\\\/wp-content\\\/uploads\\\/2023\\\/07\\\/IMG-20230712-WA0004.jpg\",\"width\":1600,\"height\":1066},{\"@type\":\"BreadcrumbList\",\"@id\":\"https:\\\/\\\/fuentesfidedignas.com.mx\\\/index.php\\\/2023\\\/07\\\/12\\\/lamentable-que-el-congreso-minimice-la-marcha-donde-la-sociedad-exige-paz-y-tranquilidad-cuen\\\/#breadcrumb\",\"itemListElement\":[{\"@type\":\"ListItem\",\"position\":1,\"name\":\"Inicio\",\"item\":\"https:\\\/\\\/fuentesfidedignas.com.mx\\\/\"},{\"@type\":\"ListItem\",\"position\":2,\"name\":\"Lamentable que el Congreso minimice la marcha donde la sociedad exige paz y tranquilidad: Cu\u00e9n\"}]},{\"@type\":\"WebSite\",\"@id\":\"https:\\\/\\\/fuentesfidedignas.com.mx\\\/#website\",\"url\":\"https:\\\/\\\/fuentesfidedignas.com.mx\\\/\",\"name\":\"Fuentes Fidedignas\",\"description\":\"Otro sitio realizado con WordPress\",\"publisher\":{\"@id\":\"https:\\\/\\\/fuentesfidedignas.com.mx\\\/#organization\"},\"potentialAction\":[{\"@type\":\"SearchAction\",\"target\":{\"@type\":\"EntryPoint\",\"urlTemplate\":\"https:\\\/\\\/fuentesfidedignas.com.mx\\\/?s={search_term_string}\"},\"query-input\":{\"@type\":\"PropertyValueSpecification\",\"valueRequired\":true,\"valueName\":\"search_term_string\"}}],\"inLanguage\":\"es\"},{\"@type\":\"Organization\",\"@id\":\"https:\\\/\\\/fuentesfidedignas.com.mx\\\/#organization\",\"name\":\"Fuentes Fidedignas\",\"url\":\"https:\\\/\\\/fuentesfidedignas.com.mx\\\/\",\"logo\":{\"@type\":\"ImageObject\",\"inLanguage\":\"es\",\"@id\":\"https:\\\/\\\/fuentesfidedignas.com.mx\\\/#\\\/schema\\\/logo\\\/image\\\/\",\"url\":\"https:\\\/\\\/fuentesfidedignas.com.mx\\\/wp-content\\\/uploads\\\/2021\\\/04\\\/logo-retina.png\",\"contentUrl\":\"https:\\\/\\\/fuentesfidedignas.com.mx\\\/wp-content\\\/uploads\\\/2021\\\/04\\\/logo-retina.png\",\"width\":280,\"height\":51,\"caption\":\"Fuentes Fidedignas\"},\"image\":{\"@id\":\"https:\\\/\\\/fuentesfidedignas.com.mx\\\/#\\\/schema\\\/logo\\\/image\\\/\"},\"sameAs\":[\"https:\\\/\\\/www.facebook.com\\\/Fuentes-Fidedignas-368234489921644\",\"https:\\\/\\\/x.com\\\/fidedignas\"]},{\"@type\":\"Person\",\"@id\":\"https:\\\/\\\/fuentesfidedignas.com.mx\\\/#\\\/schema\\\/person\\\/331be9283d37198e2acd5750279085b0\",\"name\":\"Redacci\u00f3n\",\"image\":{\"@type\":\"ImageObject\",\"inLanguage\":\"es\",\"@id\":\"https:\\\/\\\/secure.gravatar.com\\\/avatar\\\/f6d8782c11d12b2d4ad3fbb6931aeab5309937a4d6cd2fc9cfaa28a6396a5aec?s=96&d=mm&r=g\",\"url\":\"https:\\\/\\\/secure.gravatar.com\\\/avatar\\\/f6d8782c11d12b2d4ad3fbb6931aeab5309937a4d6cd2fc9cfaa28a6396a5aec?s=96&d=mm&r=g\",\"contentUrl\":\"https:\\\/\\\/secure.gravatar.com\\\/avatar\\\/f6d8782c11d12b2d4ad3fbb6931aeab5309937a4d6cd2fc9cfaa28a6396a5aec?s=96&d=mm&r=g\",\"caption\":\"Redacci\u00f3n\"},\"url\":\"https:\\\/\\\/fuentesfidedignas.com.mx\\\/index.php\\\/author\\\/redaccion\\\/\"}]}<\/script>\n<!-- \/ Yoast SEO plugin. -->","yoast_head_json":{"title":"Lamentable que el Congreso minimice la marcha donde la sociedad exige paz y tranquilidad: Cu\u00e9n - Fuentes Fidedignas","robots":{"index":"index","follow":"follow","max-snippet":"max-snippet:-1","max-image-preview":"max-image-preview:large","max-video-preview":"max-video-preview:-1"},"canonical":"https:\/\/fuentesfidedignas.com.mx\/index.php\/2023\/07\/12\/lamentable-que-el-congreso-minimice-la-marcha-donde-la-sociedad-exige-paz-y-tranquilidad-cuen\/","og_locale":"es_MX","og_type":"article","og_title":"Lamentable que el Congreso minimice la marcha donde la sociedad exige paz y tranquilidad: Cu\u00e9n - Fuentes Fidedignas","og_description":"Que el Congreso minimice la marcha de la Paz y la Concordia, es solo una muestra de que no se dan cuenta de lo que est\u00e1 pasando en el estado Culiac\u00e1n, Sin.- El dirigente Estatal del Partido Sinaloense H\u00e9ctor Melesio Cu\u00e9n Ojeda, exigi\u00f3 a los diputados de MORENA, se pongan a trabajar en las cosas [&hellip;]","og_url":"https:\/\/fuentesfidedignas.com.mx\/index.php\/2023\/07\/12\/lamentable-que-el-congreso-minimice-la-marcha-donde-la-sociedad-exige-paz-y-tranquilidad-cuen\/","og_site_name":"Fuentes Fidedignas","article_publisher":"https:\/\/www.facebook.com\/Fuentes-Fidedignas-368234489921644","article_published_time":"2023-07-12T19:28:31+00:00","article_modified_time":"2023-07-12T23:06:20+00:00","og_image":[{"width":1600,"height":1066,"url":"https:\/\/fuentesfidedignas.com.mx\/wp-content\/uploads\/2023\/07\/IMG-20230712-WA0004.jpg","type":"image\/jpeg"}],"author":"Redacci\u00f3n","twitter_card":"summary_large_image","twitter_creator":"@fidedignas","twitter_site":"@fidedignas","twitter_misc":{"Escrito por":"Redacci\u00f3n","Tiempo de lectura":"2 minutos"},"schema":{"@context":"https:\/\/schema.org","@graph":[{"@type":"Article","@id":"https:\/\/fuentesfidedignas.com.mx\/index.php\/2023\/07\/12\/lamentable-que-el-congreso-minimice-la-marcha-donde-la-sociedad-exige-paz-y-tranquilidad-cuen\/#article","isPartOf":{"@id":"https:\/\/fuentesfidedignas.com.mx\/index.php\/2023\/07\/12\/lamentable-que-el-congreso-minimice-la-marcha-donde-la-sociedad-exige-paz-y-tranquilidad-cuen\/"},"author":{"name":"Redacci\u00f3n","@id":"https:\/\/fuentesfidedignas.com.mx\/#\/schema\/person\/331be9283d37198e2acd5750279085b0"},"headline":"Lamentable que el Congreso minimice la marcha donde la sociedad exige paz y tranquilidad: Cu\u00e9n","datePublished":"2023-07-12T19:28:31+00:00","dateModified":"2023-07-12T23:06:20+00:00","mainEntityOfPage":{"@id":"https:\/\/fuentesfidedignas.com.mx\/index.php\/2023\/07\/12\/lamentable-que-el-congreso-minimice-la-marcha-donde-la-sociedad-exige-paz-y-tranquilidad-cuen\/"},"wordCount":299,"commentCount":0,"publisher":{"@id":"https:\/\/fuentesfidedignas.com.mx\/#organization"},"image":{"@id":"https:\/\/fuentesfidedignas.com.mx\/index.php\/2023\/07\/12\/lamentable-que-el-congreso-minimice-la-marcha-donde-la-sociedad-exige-paz-y-tranquilidad-cuen\/#primaryimage"},"thumbnailUrl":"https:\/\/fuentesfidedignas.com.mx\/wp-content\/uploads\/2023\/07\/IMG-20230712-WA0004.jpg","articleSection":["NOTA PRINCIPAL"],"inLanguage":"es","potentialAction":[{"@type":"CommentAction","name":"Comment","target":["https:\/\/fuentesfidedignas.com.mx\/index.php\/2023\/07\/12\/lamentable-que-el-congreso-minimice-la-marcha-donde-la-sociedad-exige-paz-y-tranquilidad-cuen\/#respond"]}]},{"@type":"WebPage","@id":"https:\/\/fuentesfidedignas.com.mx\/index.php\/2023\/07\/12\/lamentable-que-el-congreso-minimice-la-marcha-donde-la-sociedad-exige-paz-y-tranquilidad-cuen\/","url":"https:\/\/fuentesfidedignas.com.mx\/index.php\/2023\/07\/12\/lamentable-que-el-congreso-minimice-la-marcha-donde-la-sociedad-exige-paz-y-tranquilidad-cuen\/","name":"Lamentable que el Congreso minimice la marcha donde la sociedad exige paz y tranquilidad: Cu\u00e9n - Fuentes Fidedignas","isPartOf":{"@id":"https:\/\/fuentesfidedignas.com.mx\/#website"},"primaryImageOfPage":{"@id":"https:\/\/fuentesfidedignas.com.mx\/index.php\/2023\/07\/12\/lamentable-que-el-congreso-minimice-la-marcha-donde-la-sociedad-exige-paz-y-tranquilidad-cuen\/#primaryimage"},"image":{"@id":"https:\/\/fuentesfidedignas.com.mx\/index.php\/2023\/07\/12\/lamentable-que-el-congreso-minimice-la-marcha-donde-la-sociedad-exige-paz-y-tranquilidad-cuen\/#primaryimage"},"thumbnailUrl":"https:\/\/fuentesfidedignas.com.mx\/wp-content\/uploads\/2023\/07\/IMG-20230712-WA0004.jpg","datePublished":"2023-07-12T19:28:31+00:00","dateModified":"2023-07-12T23:06:20+00:00","breadcrumb":{"@id":"https:\/\/fuentesfidedignas.com.mx\/index.php\/2023\/07\/12\/lamentable-que-el-congreso-minimice-la-marcha-donde-la-sociedad-exige-paz-y-tranquilidad-cuen\/#breadcrumb"},"inLanguage":"es","potentialAction":[{"@type":"ReadAction","target":["https:\/\/fuentesfidedignas.com.mx\/index.php\/2023\/07\/12\/lamentable-que-el-congreso-minimice-la-marcha-donde-la-sociedad-exige-paz-y-tranquilidad-cuen\/"]}]},{"@type":"ImageObject","inLanguage":"es","@id":"https:\/\/fuentesfidedignas.com.mx\/index.php\/2023\/07\/12\/lamentable-que-el-congreso-minimice-la-marcha-donde-la-sociedad-exige-paz-y-tranquilidad-cuen\/#primaryimage","url":"https:\/\/fuentesfidedignas.com.mx\/wp-content\/uploads\/2023\/07\/IMG-20230712-WA0004.jpg","contentUrl":"https:\/\/fuentesfidedignas.com.mx\/wp-content\/uploads\/2023\/07\/IMG-20230712-WA0004.jpg","width":1600,"height":1066},{"@type":"BreadcrumbList","@id":"https:\/\/fuentesfidedignas.com.mx\/index.php\/2023\/07\/12\/lamentable-que-el-congreso-minimice-la-marcha-donde-la-sociedad-exige-paz-y-tranquilidad-cuen\/#breadcrumb","itemListElement":[{"@type":"ListItem","position":1,"name":"Inicio","item":"https:\/\/fuentesfidedignas.com.mx\/"},{"@type":"ListItem","position":2,"name":"Lamentable que el Congreso minimice la marcha donde la sociedad exige paz y tranquilidad: Cu\u00e9n"}]},{"@type":"WebSite","@id":"https:\/\/fuentesfidedignas.com.mx\/#website","url":"https:\/\/fuentesfidedignas.com.mx\/","name":"Fuentes Fidedignas","description":"Otro sitio realizado con WordPress","publisher":{"@id":"https:\/\/fuentesfidedignas.com.mx\/#organization"},"potentialAction":[{"@type":"SearchAction","target":{"@type":"EntryPoint","urlTemplate":"https:\/\/fuentesfidedignas.com.mx\/?s={search_term_string}"},"query-input":{"@type":"PropertyValueSpecification","valueRequired":true,"valueName":"search_term_string"}}],"inLanguage":"es"},{"@type":"Organization","@id":"https:\/\/fuentesfidedignas.com.mx\/#organization","name":"Fuentes Fidedignas","url":"https:\/\/fuentesfidedignas.com.mx\/","logo":{"@type":"ImageObject","inLanguage":"es","@id":"https:\/\/fuentesfidedignas.com.mx\/#\/schema\/logo\/image\/","url":"https:\/\/fuentesfidedignas.com.mx\/wp-content\/uploads\/2021\/04\/logo-retina.png","contentUrl":"https:\/\/fuentesfidedignas.com.mx\/wp-content\/uploads\/2021\/04\/logo-retina.png","width":280,"height":51,"caption":"Fuentes Fidedignas"},"image":{"@id":"https:\/\/fuentesfidedignas.com.mx\/#\/schema\/logo\/image\/"},"sameAs":["https:\/\/www.facebook.com\/Fuentes-Fidedignas-368234489921644","https:\/\/x.com\/fidedignas"]},{"@type":"Person","@id":"https:\/\/fuentesfidedignas.com.mx\/#\/schema\/person\/331be9283d37198e2acd5750279085b0","name":"Redacci\u00f3n","image":{"@type":"ImageObject","inLanguage":"es","@id":"https:\/\/secure.gravatar.com\/avatar\/f6d8782c11d12b2d4ad3fbb6931aeab5309937a4d6cd2fc9cfaa28a6396a5aec?s=96&d=mm&r=g","url":"https:\/\/secure.gravatar.com\/avatar\/f6d8782c11d12b2d4ad3fbb6931aeab5309937a4d6cd2fc9cfaa28a6396a5aec?s=96&d=mm&r=g","contentUrl":"https:\/\/secure.gravatar.com\/avatar\/f6d8782c11d12b2d4ad3fbb6931aeab5309937a4d6cd2fc9cfaa28a6396a5aec?s=96&d=mm&r=g","caption":"Redacci\u00f3n"},"url":"https:\/\/fuentesfidedignas.com.mx\/index.php\/author\/redaccion\/"}]}},"_links":{"self":[{"href":"https:\/\/fuentesfidedignas.com.mx\/index.php\/wp-json\/wp\/v2\/posts\/52604","targetHints":{"allow":["GET"]}}],"collection":[{"href":"https:\/\/fuentesfidedignas.com.mx\/index.php\/wp-json\/wp\/v2\/posts"}],"about":[{"href":"https:\/\/fuentesfidedignas.com.mx\/index.php\/wp-json\/wp\/v2\/types\/post"}],"author":[{"embeddable":true,"href":"https:\/\/fuentesfidedignas.com.mx\/index.php\/wp-json\/wp\/v2\/users\/4"}],"replies":[{"embeddable":true,"href":"https:\/\/fuentesfidedignas.com.mx\/index.php\/wp-json\/wp\/v2\/comments?post=52604"}],"version-history":[{"count":1,"href":"https:\/\/fuentesfidedignas.com.mx\/index.php\/wp-json\/wp\/v2\/posts\/52604\/revisions"}],"predecessor-version":[{"id":52607,"href":"https:\/\/fuentesfidedignas.com.mx\/index.php\/wp-json\/wp\/v2\/posts\/52604\/revisions\/52607"}],"wp:featuredmedia":[{"embeddable":true,"href":"https:\/\/fuentesfidedignas.com.mx\/index.php\/wp-json\/wp\/v2\/media\/52610"}],"wp:attachment":[{"href":"https:\/\/fuentesfidedignas.com.mx\/index.php\/wp-json\/wp\/v2\/media?parent=52604"}],"wp:term":[{"taxonomy":"category","embeddable":true,"href":"https:\/\/fuentesfidedignas.com.mx\/index.php\/wp-json\/wp\/v2\/categories?post=52604"},{"taxonomy":"post_tag","embeddable":true,"href":"https:\/\/fuentesfidedignas.com.mx\/index.php\/wp-json\/wp\/v2\/tags?post=52604"}],"curies":[{"name":"wp","href":"https:\/\/api.w.org\/{rel}","templated":true}]}}