{"id":52554,"date":"2023-07-11T14:41:00","date_gmt":"2023-07-11T21:41:00","guid":{"rendered":"https:\/\/fuentesfidedignas.com.mx\/?p=52554"},"modified":"2023-07-11T18:00:17","modified_gmt":"2023-07-12T01:00:17","slug":"mas-del-80-de-asistentes-a-marcha-por-la-paz-son-512685","status":"publish","type":"post","link":"https:\/\/fuentesfidedignas.com.mx\/index.php\/2023\/07\/11\/mas-del-80-de-asistentes-a-marcha-por-la-paz-son-512685\/","title":{"rendered":"M\u00e1s del 80% de asistentes a Marcha por la Paz son trabajadores de la UAS, acusan diputados"},"content":{"rendered":"\n<p><strong><em>Acusaron que, incluso la mayor\u00eda de ellos, fueron condicionados para no perder sus trabajos o beneficios laborales<\/em><\/strong><\/p>\n\n\n\n<p>Culiac\u00e1n, Sin.- M\u00e1s del 80 por ciento de los asistentes a la Marcha de por la Paz y la Concordia, son maestros, directivos, empleados administrativos y hasta alumnos. Fue un acto donde lejos de reflejar un disgusto social, dej\u00f3 en claro la relaci\u00f3n entre la Universidad Aut\u00f3noma de Sinaloa (UAS) y el Partido Sinaloense, ya que a pesar de anunciarse como un evento apartidista, el \u00fanico orador fue el dirigente del PAS, H\u00e9ctor Melesio Cu\u00e9n Ojeda.<\/p>\n\n\n\n<p>As\u00ed lo expresaron diputados integrantes de la 64 Legislatura, al se\u00f1alar que incluso a muchas de las personas que marcharon son trabajadores de la Casa Rosalina, a quienes se les condicion\u00f3 su trabajo y beneficios laborales para que se presentaran el pasado viernes a la manifestaci\u00f3n.<\/p>\n\n\n\n<p>Por su parte, el presidente de la Junta de Coordinaci\u00f3n Pol\u00edtica del Congreso, Feliciano Castro Mel\u00e9ndrez, se\u00f1al\u00f3 que el recurso humano de la universidad est\u00e1 siendo instrumento para defender intereses personales. Ya que lejos de defender la autonom\u00eda de la UAS, se inclina a la defensa del proceso legal que est\u00e1 enfrentando el rector Jes\u00fas Madue\u00f1a y otros integrantes del Consejo Universitario.<\/p>\n\n\n\n<p><strong>\u201cNo es la autonom\u00eda lo que se est\u00e1 defendiendo, la autoridad pretende enga\u00f1ar a los universitarios como pretender enga\u00f1ar a la sociedad, est\u00e1n defendiendo situaciones personales\u201d<\/strong><em>, <\/em>asegur\u00f3 Castro Mel\u00e9ndrez.<\/p>\n\n\n\n<iframe loading=\"lazy\" src=\"https:\/\/www.facebook.com\/plugins\/video.php?height=314&#038;href=https%3A%2F%2Fwww.facebook.com%2F100050497569358%2Fvideos%2F961838401812150%2F&#038;show_text=false&#038;width=560&#038;t=0\" width=\"560\" height=\"314\" style=\"border:none;overflow:hidden\" scrolling=\"no\" frameborder=\"0\" allowfullscreen=\"true\" allow=\"autoplay; clipboard-write; encrypted-media; picture-in-picture; web-share\" allowFullScreen=\"true\"><\/iframe>\n\n\n\n<p>Asimismo, el presidente de la Comisi\u00f3n de Educaci\u00f3n, Jos\u00e9 Manuel Luque Rojas, dio a conocer que los empleados universitarios est\u00e1n siendo hostigados para acudir a este tipo de actividades. Y es el mismo temor a perder su empleo, el que los obliga a presentarse.<\/p>\n\n\n\n<p>Lejos de ser una marcha contra la violencia, es la misma Casa Rosalina la que est\u00e1 invadida de violencia contra sus trabajadores:<strong> &#8220;violencia laboral, violencia psicol\u00f3gica, violencia econ\u00f3mica a los trabajadores\u201d, <\/strong>critic\u00f3 el diputado morenista.<\/p>\n","protected":false},"excerpt":{"rendered":"<p>Acusaron que, incluso la mayor\u00eda de ellos, fueron condicionados para no perder sus trabajos o beneficios laborales Culiac\u00e1n, Sin.- M\u00e1s del 80 por ciento de los asistentes a la Marcha de por la Paz y la Concordia, son maestros, directivos, empleados administrativos y hasta alumnos. Fue un acto donde lejos de reflejar un disgusto social, [&hellip;]<\/p>\n","protected":false},"author":11,"featured_media":52568,"comment_status":"open","ping_status":"open","sticky":false,"template":"","format":"standard","meta":{"tdm_status":"","tdm_grid_status":"","footnotes":""},"categories":[37],"tags":[],"class_list":{"0":"post-52554","1":"post","2":"type-post","3":"status-publish","4":"format-standard","5":"has-post-thumbnail","7":"category-nota-principal"},"yoast_head":"<!-- This site is optimized with the Yoast SEO plugin v27.4 - https:\/\/yoast.com\/product\/yoast-seo-wordpress\/ -->\n<title>M\u00e1s del 80% de asistentes a Marcha por la Paz son trabajadores de la UAS, acusan diputados - Fuentes Fidedignas<\/title>\n<meta name=\"robots\" content=\"index, follow, max-snippet:-1, max-image-preview:large, max-video-preview:-1\" \/>\n<link rel=\"canonical\" href=\"https:\/\/fuentesfidedignas.com.mx\/index.php\/2023\/07\/11\/mas-del-80-de-asistentes-a-marcha-por-la-paz-son-512685\/\" \/>\n<meta property=\"og:locale\" content=\"es_MX\" \/>\n<meta property=\"og:type\" content=\"article\" \/>\n<meta property=\"og:title\" content=\"M\u00e1s del 80% de asistentes a Marcha por la Paz son trabajadores de la UAS, acusan diputados - Fuentes Fidedignas\" \/>\n<meta property=\"og:description\" content=\"Acusaron que, incluso la mayor\u00eda de ellos, fueron condicionados para no perder sus trabajos o beneficios laborales Culiac\u00e1n, Sin.- M\u00e1s del 80 por ciento de los asistentes a la Marcha de por la Paz y la Concordia, son maestros, directivos, empleados administrativos y hasta alumnos. Fue un acto donde lejos de reflejar un disgusto social, [&hellip;]\" \/>\n<meta property=\"og:url\" content=\"https:\/\/fuentesfidedignas.com.mx\/index.php\/2023\/07\/11\/mas-del-80-de-asistentes-a-marcha-por-la-paz-son-512685\/\" \/>\n<meta property=\"og:site_name\" content=\"Fuentes Fidedignas\" \/>\n<meta property=\"article:publisher\" content=\"https:\/\/www.facebook.com\/Fuentes-Fidedignas-368234489921644\" \/>\n<meta property=\"article:published_time\" content=\"2023-07-11T21:41:00+00:00\" \/>\n<meta property=\"article:modified_time\" content=\"2023-07-12T01:00:17+00:00\" \/>\n<meta property=\"og:image\" content=\"https:\/\/fuentesfidedignas.com.mx\/wp-content\/uploads\/2023\/07\/uaspas.jpg\" \/>\n\t<meta property=\"og:image:width\" content=\"882\" \/>\n\t<meta property=\"og:image:height\" content=\"520\" \/>\n\t<meta property=\"og:image:type\" content=\"image\/jpeg\" \/>\n<meta name=\"author\" content=\"Marissa Palafox\" \/>\n<meta name=\"twitter:card\" content=\"summary_large_image\" \/>\n<meta name=\"twitter:creator\" content=\"@fidedignas\" \/>\n<meta name=\"twitter:site\" content=\"@fidedignas\" \/>\n<meta name=\"twitter:label1\" content=\"Escrito por\" \/>\n\t<meta name=\"twitter:data1\" content=\"Marissa Palafox\" \/>\n\t<meta name=\"twitter:label2\" content=\"Tiempo de lectura\" \/>\n\t<meta name=\"twitter:data2\" content=\"2 minutos\" \/>\n<script type=\"application\/ld+json\" class=\"yoast-schema-graph\">{\"@context\":\"https:\\\/\\\/schema.org\",\"@graph\":[{\"@type\":\"Article\",\"@id\":\"https:\\\/\\\/fuentesfidedignas.com.mx\\\/index.php\\\/2023\\\/07\\\/11\\\/mas-del-80-de-asistentes-a-marcha-por-la-paz-son-512685\\\/#article\",\"isPartOf\":{\"@id\":\"https:\\\/\\\/fuentesfidedignas.com.mx\\\/index.php\\\/2023\\\/07\\\/11\\\/mas-del-80-de-asistentes-a-marcha-por-la-paz-son-512685\\\/\"},\"author\":{\"name\":\"Marissa Palafox\",\"@id\":\"https:\\\/\\\/fuentesfidedignas.com.mx\\\/#\\\/schema\\\/person\\\/2c10028b4a30078c05a056a215342ab9\"},\"headline\":\"M\u00e1s del 80% de asistentes a Marcha por la Paz son trabajadores de la UAS, acusan diputados\",\"datePublished\":\"2023-07-11T21:41:00+00:00\",\"dateModified\":\"2023-07-12T01:00:17+00:00\",\"mainEntityOfPage\":{\"@id\":\"https:\\\/\\\/fuentesfidedignas.com.mx\\\/index.php\\\/2023\\\/07\\\/11\\\/mas-del-80-de-asistentes-a-marcha-por-la-paz-son-512685\\\/\"},\"wordCount\":351,\"commentCount\":0,\"publisher\":{\"@id\":\"https:\\\/\\\/fuentesfidedignas.com.mx\\\/#organization\"},\"image\":{\"@id\":\"https:\\\/\\\/fuentesfidedignas.com.mx\\\/index.php\\\/2023\\\/07\\\/11\\\/mas-del-80-de-asistentes-a-marcha-por-la-paz-son-512685\\\/#primaryimage\"},\"thumbnailUrl\":\"https:\\\/\\\/fuentesfidedignas.com.mx\\\/wp-content\\\/uploads\\\/2023\\\/07\\\/uaspas.jpg\",\"articleSection\":[\"NOTA PRINCIPAL\"],\"inLanguage\":\"es\",\"potentialAction\":[{\"@type\":\"CommentAction\",\"name\":\"Comment\",\"target\":[\"https:\\\/\\\/fuentesfidedignas.com.mx\\\/index.php\\\/2023\\\/07\\\/11\\\/mas-del-80-de-asistentes-a-marcha-por-la-paz-son-512685\\\/#respond\"]}]},{\"@type\":\"WebPage\",\"@id\":\"https:\\\/\\\/fuentesfidedignas.com.mx\\\/index.php\\\/2023\\\/07\\\/11\\\/mas-del-80-de-asistentes-a-marcha-por-la-paz-son-512685\\\/\",\"url\":\"https:\\\/\\\/fuentesfidedignas.com.mx\\\/index.php\\\/2023\\\/07\\\/11\\\/mas-del-80-de-asistentes-a-marcha-por-la-paz-son-512685\\\/\",\"name\":\"M\u00e1s del 80% de asistentes a Marcha por la Paz son trabajadores de la UAS, acusan diputados - Fuentes Fidedignas\",\"isPartOf\":{\"@id\":\"https:\\\/\\\/fuentesfidedignas.com.mx\\\/#website\"},\"primaryImageOfPage\":{\"@id\":\"https:\\\/\\\/fuentesfidedignas.com.mx\\\/index.php\\\/2023\\\/07\\\/11\\\/mas-del-80-de-asistentes-a-marcha-por-la-paz-son-512685\\\/#primaryimage\"},\"image\":{\"@id\":\"https:\\\/\\\/fuentesfidedignas.com.mx\\\/index.php\\\/2023\\\/07\\\/11\\\/mas-del-80-de-asistentes-a-marcha-por-la-paz-son-512685\\\/#primaryimage\"},\"thumbnailUrl\":\"https:\\\/\\\/fuentesfidedignas.com.mx\\\/wp-content\\\/uploads\\\/2023\\\/07\\\/uaspas.jpg\",\"datePublished\":\"2023-07-11T21:41:00+00:00\",\"dateModified\":\"2023-07-12T01:00:17+00:00\",\"breadcrumb\":{\"@id\":\"https:\\\/\\\/fuentesfidedignas.com.mx\\\/index.php\\\/2023\\\/07\\\/11\\\/mas-del-80-de-asistentes-a-marcha-por-la-paz-son-512685\\\/#breadcrumb\"},\"inLanguage\":\"es\",\"potentialAction\":[{\"@type\":\"ReadAction\",\"target\":[\"https:\\\/\\\/fuentesfidedignas.com.mx\\\/index.php\\\/2023\\\/07\\\/11\\\/mas-del-80-de-asistentes-a-marcha-por-la-paz-son-512685\\\/\"]}]},{\"@type\":\"ImageObject\",\"inLanguage\":\"es\",\"@id\":\"https:\\\/\\\/fuentesfidedignas.com.mx\\\/index.php\\\/2023\\\/07\\\/11\\\/mas-del-80-de-asistentes-a-marcha-por-la-paz-son-512685\\\/#primaryimage\",\"url\":\"https:\\\/\\\/fuentesfidedignas.com.mx\\\/wp-content\\\/uploads\\\/2023\\\/07\\\/uaspas.jpg\",\"contentUrl\":\"https:\\\/\\\/fuentesfidedignas.com.mx\\\/wp-content\\\/uploads\\\/2023\\\/07\\\/uaspas.jpg\",\"width\":882,\"height\":520},{\"@type\":\"BreadcrumbList\",\"@id\":\"https:\\\/\\\/fuentesfidedignas.com.mx\\\/index.php\\\/2023\\\/07\\\/11\\\/mas-del-80-de-asistentes-a-marcha-por-la-paz-son-512685\\\/#breadcrumb\",\"itemListElement\":[{\"@type\":\"ListItem\",\"position\":1,\"name\":\"Inicio\",\"item\":\"https:\\\/\\\/fuentesfidedignas.com.mx\\\/\"},{\"@type\":\"ListItem\",\"position\":2,\"name\":\"M\u00e1s del 80% de asistentes a Marcha por la Paz son trabajadores de la UAS, acusan diputados\"}]},{\"@type\":\"WebSite\",\"@id\":\"https:\\\/\\\/fuentesfidedignas.com.mx\\\/#website\",\"url\":\"https:\\\/\\\/fuentesfidedignas.com.mx\\\/\",\"name\":\"Fuentes Fidedignas\",\"description\":\"Otro sitio realizado con WordPress\",\"publisher\":{\"@id\":\"https:\\\/\\\/fuentesfidedignas.com.mx\\\/#organization\"},\"potentialAction\":[{\"@type\":\"SearchAction\",\"target\":{\"@type\":\"EntryPoint\",\"urlTemplate\":\"https:\\\/\\\/fuentesfidedignas.com.mx\\\/?s={search_term_string}\"},\"query-input\":{\"@type\":\"PropertyValueSpecification\",\"valueRequired\":true,\"valueName\":\"search_term_string\"}}],\"inLanguage\":\"es\"},{\"@type\":\"Organization\",\"@id\":\"https:\\\/\\\/fuentesfidedignas.com.mx\\\/#organization\",\"name\":\"Fuentes Fidedignas\",\"url\":\"https:\\\/\\\/fuentesfidedignas.com.mx\\\/\",\"logo\":{\"@type\":\"ImageObject\",\"inLanguage\":\"es\",\"@id\":\"https:\\\/\\\/fuentesfidedignas.com.mx\\\/#\\\/schema\\\/logo\\\/image\\\/\",\"url\":\"https:\\\/\\\/fuentesfidedignas.com.mx\\\/wp-content\\\/uploads\\\/2021\\\/04\\\/logo-retina.png\",\"contentUrl\":\"https:\\\/\\\/fuentesfidedignas.com.mx\\\/wp-content\\\/uploads\\\/2021\\\/04\\\/logo-retina.png\",\"width\":280,\"height\":51,\"caption\":\"Fuentes Fidedignas\"},\"image\":{\"@id\":\"https:\\\/\\\/fuentesfidedignas.com.mx\\\/#\\\/schema\\\/logo\\\/image\\\/\"},\"sameAs\":[\"https:\\\/\\\/www.facebook.com\\\/Fuentes-Fidedignas-368234489921644\",\"https:\\\/\\\/x.com\\\/fidedignas\"]},{\"@type\":\"Person\",\"@id\":\"https:\\\/\\\/fuentesfidedignas.com.mx\\\/#\\\/schema\\\/person\\\/2c10028b4a30078c05a056a215342ab9\",\"name\":\"Marissa Palafox\",\"image\":{\"@type\":\"ImageObject\",\"inLanguage\":\"es\",\"@id\":\"https:\\\/\\\/secure.gravatar.com\\\/avatar\\\/20a43bdb2f2db10f20b22d4e98b96eb027faf98f7f76d29854dc5fab46d1cf71?s=96&d=mm&r=g\",\"url\":\"https:\\\/\\\/secure.gravatar.com\\\/avatar\\\/20a43bdb2f2db10f20b22d4e98b96eb027faf98f7f76d29854dc5fab46d1cf71?s=96&d=mm&r=g\",\"contentUrl\":\"https:\\\/\\\/secure.gravatar.com\\\/avatar\\\/20a43bdb2f2db10f20b22d4e98b96eb027faf98f7f76d29854dc5fab46d1cf71?s=96&d=mm&r=g\",\"caption\":\"Marissa Palafox\"},\"url\":\"https:\\\/\\\/fuentesfidedignas.com.mx\\\/index.php\\\/author\\\/marissa\\\/\"}]}<\/script>\n<!-- \/ Yoast SEO plugin. -->","yoast_head_json":{"title":"M\u00e1s del 80% de asistentes a Marcha por la Paz son trabajadores de la UAS, acusan diputados - Fuentes Fidedignas","robots":{"index":"index","follow":"follow","max-snippet":"max-snippet:-1","max-image-preview":"max-image-preview:large","max-video-preview":"max-video-preview:-1"},"canonical":"https:\/\/fuentesfidedignas.com.mx\/index.php\/2023\/07\/11\/mas-del-80-de-asistentes-a-marcha-por-la-paz-son-512685\/","og_locale":"es_MX","og_type":"article","og_title":"M\u00e1s del 80% de asistentes a Marcha por la Paz son trabajadores de la UAS, acusan diputados - Fuentes Fidedignas","og_description":"Acusaron que, incluso la mayor\u00eda de ellos, fueron condicionados para no perder sus trabajos o beneficios laborales Culiac\u00e1n, Sin.- M\u00e1s del 80 por ciento de los asistentes a la Marcha de por la Paz y la Concordia, son maestros, directivos, empleados administrativos y hasta alumnos. Fue un acto donde lejos de reflejar un disgusto social, [&hellip;]","og_url":"https:\/\/fuentesfidedignas.com.mx\/index.php\/2023\/07\/11\/mas-del-80-de-asistentes-a-marcha-por-la-paz-son-512685\/","og_site_name":"Fuentes Fidedignas","article_publisher":"https:\/\/www.facebook.com\/Fuentes-Fidedignas-368234489921644","article_published_time":"2023-07-11T21:41:00+00:00","article_modified_time":"2023-07-12T01:00:17+00:00","og_image":[{"width":882,"height":520,"url":"https:\/\/fuentesfidedignas.com.mx\/wp-content\/uploads\/2023\/07\/uaspas.jpg","type":"image\/jpeg"}],"author":"Marissa Palafox","twitter_card":"summary_large_image","twitter_creator":"@fidedignas","twitter_site":"@fidedignas","twitter_misc":{"Escrito por":"Marissa Palafox","Tiempo de lectura":"2 minutos"},"schema":{"@context":"https:\/\/schema.org","@graph":[{"@type":"Article","@id":"https:\/\/fuentesfidedignas.com.mx\/index.php\/2023\/07\/11\/mas-del-80-de-asistentes-a-marcha-por-la-paz-son-512685\/#article","isPartOf":{"@id":"https:\/\/fuentesfidedignas.com.mx\/index.php\/2023\/07\/11\/mas-del-80-de-asistentes-a-marcha-por-la-paz-son-512685\/"},"author":{"name":"Marissa Palafox","@id":"https:\/\/fuentesfidedignas.com.mx\/#\/schema\/person\/2c10028b4a30078c05a056a215342ab9"},"headline":"M\u00e1s del 80% de asistentes a Marcha por la Paz son trabajadores de la UAS, acusan diputados","datePublished":"2023-07-11T21:41:00+00:00","dateModified":"2023-07-12T01:00:17+00:00","mainEntityOfPage":{"@id":"https:\/\/fuentesfidedignas.com.mx\/index.php\/2023\/07\/11\/mas-del-80-de-asistentes-a-marcha-por-la-paz-son-512685\/"},"wordCount":351,"commentCount":0,"publisher":{"@id":"https:\/\/fuentesfidedignas.com.mx\/#organization"},"image":{"@id":"https:\/\/fuentesfidedignas.com.mx\/index.php\/2023\/07\/11\/mas-del-80-de-asistentes-a-marcha-por-la-paz-son-512685\/#primaryimage"},"thumbnailUrl":"https:\/\/fuentesfidedignas.com.mx\/wp-content\/uploads\/2023\/07\/uaspas.jpg","articleSection":["NOTA PRINCIPAL"],"inLanguage":"es","potentialAction":[{"@type":"CommentAction","name":"Comment","target":["https:\/\/fuentesfidedignas.com.mx\/index.php\/2023\/07\/11\/mas-del-80-de-asistentes-a-marcha-por-la-paz-son-512685\/#respond"]}]},{"@type":"WebPage","@id":"https:\/\/fuentesfidedignas.com.mx\/index.php\/2023\/07\/11\/mas-del-80-de-asistentes-a-marcha-por-la-paz-son-512685\/","url":"https:\/\/fuentesfidedignas.com.mx\/index.php\/2023\/07\/11\/mas-del-80-de-asistentes-a-marcha-por-la-paz-son-512685\/","name":"M\u00e1s del 80% de asistentes a Marcha por la Paz son trabajadores de la UAS, acusan diputados - Fuentes Fidedignas","isPartOf":{"@id":"https:\/\/fuentesfidedignas.com.mx\/#website"},"primaryImageOfPage":{"@id":"https:\/\/fuentesfidedignas.com.mx\/index.php\/2023\/07\/11\/mas-del-80-de-asistentes-a-marcha-por-la-paz-son-512685\/#primaryimage"},"image":{"@id":"https:\/\/fuentesfidedignas.com.mx\/index.php\/2023\/07\/11\/mas-del-80-de-asistentes-a-marcha-por-la-paz-son-512685\/#primaryimage"},"thumbnailUrl":"https:\/\/fuentesfidedignas.com.mx\/wp-content\/uploads\/2023\/07\/uaspas.jpg","datePublished":"2023-07-11T21:41:00+00:00","dateModified":"2023-07-12T01:00:17+00:00","breadcrumb":{"@id":"https:\/\/fuentesfidedignas.com.mx\/index.php\/2023\/07\/11\/mas-del-80-de-asistentes-a-marcha-por-la-paz-son-512685\/#breadcrumb"},"inLanguage":"es","potentialAction":[{"@type":"ReadAction","target":["https:\/\/fuentesfidedignas.com.mx\/index.php\/2023\/07\/11\/mas-del-80-de-asistentes-a-marcha-por-la-paz-son-512685\/"]}]},{"@type":"ImageObject","inLanguage":"es","@id":"https:\/\/fuentesfidedignas.com.mx\/index.php\/2023\/07\/11\/mas-del-80-de-asistentes-a-marcha-por-la-paz-son-512685\/#primaryimage","url":"https:\/\/fuentesfidedignas.com.mx\/wp-content\/uploads\/2023\/07\/uaspas.jpg","contentUrl":"https:\/\/fuentesfidedignas.com.mx\/wp-content\/uploads\/2023\/07\/uaspas.jpg","width":882,"height":520},{"@type":"BreadcrumbList","@id":"https:\/\/fuentesfidedignas.com.mx\/index.php\/2023\/07\/11\/mas-del-80-de-asistentes-a-marcha-por-la-paz-son-512685\/#breadcrumb","itemListElement":[{"@type":"ListItem","position":1,"name":"Inicio","item":"https:\/\/fuentesfidedignas.com.mx\/"},{"@type":"ListItem","position":2,"name":"M\u00e1s del 80% de asistentes a Marcha por la Paz son trabajadores de la UAS, acusan diputados"}]},{"@type":"WebSite","@id":"https:\/\/fuentesfidedignas.com.mx\/#website","url":"https:\/\/fuentesfidedignas.com.mx\/","name":"Fuentes Fidedignas","description":"Otro sitio realizado con WordPress","publisher":{"@id":"https:\/\/fuentesfidedignas.com.mx\/#organization"},"potentialAction":[{"@type":"SearchAction","target":{"@type":"EntryPoint","urlTemplate":"https:\/\/fuentesfidedignas.com.mx\/?s={search_term_string}"},"query-input":{"@type":"PropertyValueSpecification","valueRequired":true,"valueName":"search_term_string"}}],"inLanguage":"es"},{"@type":"Organization","@id":"https:\/\/fuentesfidedignas.com.mx\/#organization","name":"Fuentes Fidedignas","url":"https:\/\/fuentesfidedignas.com.mx\/","logo":{"@type":"ImageObject","inLanguage":"es","@id":"https:\/\/fuentesfidedignas.com.mx\/#\/schema\/logo\/image\/","url":"https:\/\/fuentesfidedignas.com.mx\/wp-content\/uploads\/2021\/04\/logo-retina.png","contentUrl":"https:\/\/fuentesfidedignas.com.mx\/wp-content\/uploads\/2021\/04\/logo-retina.png","width":280,"height":51,"caption":"Fuentes Fidedignas"},"image":{"@id":"https:\/\/fuentesfidedignas.com.mx\/#\/schema\/logo\/image\/"},"sameAs":["https:\/\/www.facebook.com\/Fuentes-Fidedignas-368234489921644","https:\/\/x.com\/fidedignas"]},{"@type":"Person","@id":"https:\/\/fuentesfidedignas.com.mx\/#\/schema\/person\/2c10028b4a30078c05a056a215342ab9","name":"Marissa Palafox","image":{"@type":"ImageObject","inLanguage":"es","@id":"https:\/\/secure.gravatar.com\/avatar\/20a43bdb2f2db10f20b22d4e98b96eb027faf98f7f76d29854dc5fab46d1cf71?s=96&d=mm&r=g","url":"https:\/\/secure.gravatar.com\/avatar\/20a43bdb2f2db10f20b22d4e98b96eb027faf98f7f76d29854dc5fab46d1cf71?s=96&d=mm&r=g","contentUrl":"https:\/\/secure.gravatar.com\/avatar\/20a43bdb2f2db10f20b22d4e98b96eb027faf98f7f76d29854dc5fab46d1cf71?s=96&d=mm&r=g","caption":"Marissa Palafox"},"url":"https:\/\/fuentesfidedignas.com.mx\/index.php\/author\/marissa\/"}]}},"_links":{"self":[{"href":"https:\/\/fuentesfidedignas.com.mx\/index.php\/wp-json\/wp\/v2\/posts\/52554","targetHints":{"allow":["GET"]}}],"collection":[{"href":"https:\/\/fuentesfidedignas.com.mx\/index.php\/wp-json\/wp\/v2\/posts"}],"about":[{"href":"https:\/\/fuentesfidedignas.com.mx\/index.php\/wp-json\/wp\/v2\/types\/post"}],"author":[{"embeddable":true,"href":"https:\/\/fuentesfidedignas.com.mx\/index.php\/wp-json\/wp\/v2\/users\/11"}],"replies":[{"embeddable":true,"href":"https:\/\/fuentesfidedignas.com.mx\/index.php\/wp-json\/wp\/v2\/comments?post=52554"}],"version-history":[{"count":4,"href":"https:\/\/fuentesfidedignas.com.mx\/index.php\/wp-json\/wp\/v2\/posts\/52554\/revisions"}],"predecessor-version":[{"id":52572,"href":"https:\/\/fuentesfidedignas.com.mx\/index.php\/wp-json\/wp\/v2\/posts\/52554\/revisions\/52572"}],"wp:featuredmedia":[{"embeddable":true,"href":"https:\/\/fuentesfidedignas.com.mx\/index.php\/wp-json\/wp\/v2\/media\/52568"}],"wp:attachment":[{"href":"https:\/\/fuentesfidedignas.com.mx\/index.php\/wp-json\/wp\/v2\/media?parent=52554"}],"wp:term":[{"taxonomy":"category","embeddable":true,"href":"https:\/\/fuentesfidedignas.com.mx\/index.php\/wp-json\/wp\/v2\/categories?post=52554"},{"taxonomy":"post_tag","embeddable":true,"href":"https:\/\/fuentesfidedignas.com.mx\/index.php\/wp-json\/wp\/v2\/tags?post=52554"}],"curies":[{"name":"wp","href":"https:\/\/api.w.org\/{rel}","templated":true}]}}