{"id":52540,"date":"2023-07-11T15:29:33","date_gmt":"2023-07-11T22:29:33","guid":{"rendered":"https:\/\/fuentesfidedignas.com.mx\/?p=52540"},"modified":"2023-07-11T15:29:59","modified_gmt":"2023-07-11T22:29:59","slug":"respaldan-sinaloenses-plan-a-n-g-e-l-de-marcelo-ebrard-sobre-seguridad","status":"publish","type":"post","link":"https:\/\/fuentesfidedignas.com.mx\/index.php\/2023\/07\/11\/respaldan-sinaloenses-plan-a-n-g-e-l-de-marcelo-ebrard-sobre-seguridad\/","title":{"rendered":"Respaldan sinaloenses Plan A.N.G.E.L. de Marcelo Ebrard sobre seguridad"},"content":{"rendered":"\n<p><strong><em>El Dr. H\u00e9ctor Hern\u00e1ndez Llamas, representante de Marcelo Ebrard en Sinaloa, ofreci\u00f3 una conferencia de prensa para destacar las ventajas del plan A.N.G.E.L. del excanciller Marcelo Ebrard<\/em><\/strong><\/p>\n\n\n\n<p>Culiac\u00e1n, Sin.- El Plan A.N.G.E.L., acr\u00f3nimo para Avanzadas Normas de Geolocalizaci\u00f3n y Seguridad, tiene como objetivo convertir a M\u00e9xico en <strong>&#8220;el pa\u00eds m\u00e1s seguro de la historia&#8221;<\/strong>. Seg\u00fan Ebrard, este plan se basa en los m\u00e9todos de seguridad implementados en varios pa\u00edses del mundo y busca complementar las medidas desplegadas en el actual sexenio.<\/p>\n\n\n\n<p>El objetivo es brindar respaldo y tecnolog\u00eda a las fuerzas de seguridad para que puedan cumplir su misi\u00f3n de manera efectiva.<\/p>\n\n\n\n<figure class=\"wp-block-image size-large\"><img decoding=\"async\" width=\"1024\" height=\"697\" src=\"https:\/\/fuentesfidedignas.com.mx\/wp-content\/uploads\/2023\/07\/angel-1024x697.jpg\" alt=\"\" class=\"wp-image-52542\" srcset=\"https:\/\/fuentesfidedignas.com.mx\/wp-content\/uploads\/2023\/07\/angel-1024x697.jpg 1024w, https:\/\/fuentesfidedignas.com.mx\/wp-content\/uploads\/2023\/07\/angel-300x204.jpg 300w, https:\/\/fuentesfidedignas.com.mx\/wp-content\/uploads\/2023\/07\/angel-768x523.jpg 768w, https:\/\/fuentesfidedignas.com.mx\/wp-content\/uploads\/2023\/07\/angel-1536x1046.jpg 1536w, https:\/\/fuentesfidedignas.com.mx\/wp-content\/uploads\/2023\/07\/angel-696x474.jpg 696w, https:\/\/fuentesfidedignas.com.mx\/wp-content\/uploads\/2023\/07\/angel-1068x727.jpg 1068w, https:\/\/fuentesfidedignas.com.mx\/wp-content\/uploads\/2023\/07\/angel-617x420.jpg 617w, https:\/\/fuentesfidedignas.com.mx\/wp-content\/uploads\/2023\/07\/angel.jpg 1599w\" sizes=\"(max-width: 1024px) 100vw, 1024px\" \/><\/figure>\n\n\n\n<p>Dentro de las tecnolog\u00edas que se incluyen en el plan se encuentran el reconocimiento facial en v\u00edas p\u00fablicas, el identificador de disparos, los detectores de armas, el reconocimiento morfol\u00f3gico de delincuentes, los rastreadores de veh\u00edculos, los drones y las c\u00e1maras inteligentes para la Guardia Nacional. Estas tecnolog\u00edas permitir\u00edan una mayor eficacia en la prevenci\u00f3n y combate del crimen.<\/p>\n\n\n\n<p>El reconocimiento facial en v\u00edas p\u00fablicas, aunque existente, no ha dado los resultados esperados. Sin embargo, Ebrard busca implementar las \u00faltimas versiones de esta tecnolog\u00eda en todo el pa\u00eds para poder identificar el lugar exacto donde ocurri\u00f3 un disparo. Esta medida ya se utiliza en Estados Unidos.<\/p>\n\n\n\n<iframe loading=\"lazy\" src=\"https:\/\/www.facebook.com\/plugins\/video.php?height=314&#038;href=https%3A%2F%2Fwww.facebook.com%2F100050497569358%2Fvideos%2F1736130706837159%2F&#038;show_text=false&#038;width=560&#038;t=0\" width=\"560\" height=\"314\" style=\"border:none;overflow:hidden\" scrolling=\"no\" frameborder=\"0\" allowfullscreen=\"true\" allow=\"autoplay; clipboard-write; encrypted-media; picture-in-picture; web-share\" allowFullScreen=\"true\"><\/iframe>\n\n\n\n<p>El reconocimiento morfol\u00f3gico de delincuentes es otra tecnolog\u00eda que se busca implementar. Seg\u00fan Ebrard, los delincuentes tienen una forma caracter\u00edstica de actuar y caminar, por lo que se podr\u00edan establecer patrones para prevenir asesinatos en serie. Esta tecnolog\u00eda podr\u00eda haber evitado feminicidios, homicidios y otras acciones delictivas.<\/p>\n\n\n\n<p><strong>El uso de drones tambi\u00e9n se contempla en el Plan \u00c1ngel.<\/strong> Estos drones podr\u00edan ayudar a localizar, rastrear y seguir veh\u00edculos, y reportar la informaci\u00f3n en tiempo real. M\u00e9xico es uno de los principales dise\u00f1adores de drones, por lo que se podr\u00eda aprovechar esta tecnolog\u00eda.<\/p>\n\n\n\n<p>Adem\u00e1s, se propone el uso de c\u00e1maras inteligentes para la Guardia Nacional. Cada elemento de la Guardia Nacional, con una c\u00e1mara, se convertir\u00eda en una fuente de informaci\u00f3n en tiempo real sobre lo que est\u00e1 ocurriendo en la v\u00eda p\u00fablica u otros hechos.<\/p>\n\n\n\n<p>Por \u00faltimo, Ebrard menciona la implementaci\u00f3n de un ecosistema basado en la Inteligencia Artificial para conectar las bases de datos en todo el pa\u00eds. Esto permitir\u00eda una mayor eficacia y eficiencia en la prevenci\u00f3n y sanci\u00f3n de delitos.<\/p>\n\n\n\n<p>En conclusi\u00f3n, el Plan \u00c1ngel de Marcelo Ebrard busca implementar diversas tecnolog\u00edas de seguridad para convertir a M\u00e9xico en el pa\u00eds m\u00e1s seguro de la historia. Aunque existen dudas sobre su viabilidad y la legalidad de su promoci\u00f3n en este momento, es innegable que estas medidas podr\u00edan tener un impacto positivo en la lucha contra la inseguridad en el pa\u00eds. Sin embargo, es necesario evaluar cuidadosamente su implementaci\u00f3n y considerar los posibles efectos secundarios y riesgos asociados.<\/p>\n","protected":false},"excerpt":{"rendered":"<p>El Dr. H\u00e9ctor Hern\u00e1ndez Llamas, representante de Marcelo Ebrard en Sinaloa, ofreci\u00f3 una conferencia de prensa para destacar las ventajas del plan A.N.G.E.L. del excanciller Marcelo Ebrard Culiac\u00e1n, Sin.- El Plan A.N.G.E.L., acr\u00f3nimo para Avanzadas Normas de Geolocalizaci\u00f3n y Seguridad, tiene como objetivo convertir a M\u00e9xico en &#8220;el pa\u00eds m\u00e1s seguro de la historia&#8221;. Seg\u00fan [&hellip;]<\/p>\n","protected":false},"author":4,"featured_media":52541,"comment_status":"open","ping_status":"open","sticky":false,"template":"","format":"standard","meta":{"tdm_status":"","tdm_grid_status":"","footnotes":""},"categories":[37,1],"tags":[],"class_list":{"0":"post-52540","1":"post","2":"type-post","3":"status-publish","4":"format-standard","5":"has-post-thumbnail","7":"category-nota-principal","8":"category-sin-categoria"},"yoast_head":"<!-- This site is optimized with the Yoast SEO plugin v27.5 - https:\/\/yoast.com\/product\/yoast-seo-wordpress\/ -->\n<title>Respaldan sinaloenses Plan A.N.G.E.L. de Marcelo Ebrard sobre seguridad - Fuentes Fidedignas<\/title>\n<meta name=\"robots\" content=\"index, follow, max-snippet:-1, max-image-preview:large, max-video-preview:-1\" \/>\n<link rel=\"canonical\" href=\"https:\/\/fuentesfidedignas.com.mx\/index.php\/2023\/07\/11\/respaldan-sinaloenses-plan-a-n-g-e-l-de-marcelo-ebrard-sobre-seguridad\/\" \/>\n<meta property=\"og:locale\" content=\"es_MX\" \/>\n<meta property=\"og:type\" content=\"article\" \/>\n<meta property=\"og:title\" content=\"Respaldan sinaloenses Plan A.N.G.E.L. de Marcelo Ebrard sobre seguridad - Fuentes Fidedignas\" \/>\n<meta property=\"og:description\" content=\"El Dr. H\u00e9ctor Hern\u00e1ndez Llamas, representante de Marcelo Ebrard en Sinaloa, ofreci\u00f3 una conferencia de prensa para destacar las ventajas del plan A.N.G.E.L. del excanciller Marcelo Ebrard Culiac\u00e1n, Sin.- El Plan A.N.G.E.L., acr\u00f3nimo para Avanzadas Normas de Geolocalizaci\u00f3n y Seguridad, tiene como objetivo convertir a M\u00e9xico en &#8220;el pa\u00eds m\u00e1s seguro de la historia&#8221;. Seg\u00fan [&hellip;]\" \/>\n<meta property=\"og:url\" content=\"https:\/\/fuentesfidedignas.com.mx\/index.php\/2023\/07\/11\/respaldan-sinaloenses-plan-a-n-g-e-l-de-marcelo-ebrard-sobre-seguridad\/\" \/>\n<meta property=\"og:site_name\" content=\"Fuentes Fidedignas\" \/>\n<meta property=\"article:publisher\" content=\"https:\/\/www.facebook.com\/Fuentes-Fidedignas-368234489921644\" \/>\n<meta property=\"article:published_time\" content=\"2023-07-11T22:29:33+00:00\" \/>\n<meta property=\"article:modified_time\" content=\"2023-07-11T22:29:59+00:00\" \/>\n<meta property=\"og:image\" content=\"https:\/\/fuentesfidedignas.com.mx\/wp-content\/uploads\/2023\/07\/angel-ebrad-e1689114510560.jpg\" \/>\n\t<meta property=\"og:image:width\" content=\"600\" \/>\n\t<meta property=\"og:image:height\" content=\"376\" \/>\n\t<meta property=\"og:image:type\" content=\"image\/jpeg\" \/>\n<meta name=\"author\" content=\"Redacci\u00f3n\" \/>\n<meta name=\"twitter:card\" content=\"summary_large_image\" \/>\n<meta name=\"twitter:creator\" content=\"@fidedignas\" \/>\n<meta name=\"twitter:site\" content=\"@fidedignas\" \/>\n<meta name=\"twitter:label1\" content=\"Escrito por\" \/>\n\t<meta name=\"twitter:data1\" content=\"Redacci\u00f3n\" \/>\n\t<meta name=\"twitter:label2\" content=\"Tiempo de lectura\" \/>\n\t<meta name=\"twitter:data2\" content=\"3 minutos\" \/>\n<script type=\"application\/ld+json\" class=\"yoast-schema-graph\">{\"@context\":\"https:\\\/\\\/schema.org\",\"@graph\":[{\"@type\":\"Article\",\"@id\":\"https:\\\/\\\/fuentesfidedignas.com.mx\\\/index.php\\\/2023\\\/07\\\/11\\\/respaldan-sinaloenses-plan-a-n-g-e-l-de-marcelo-ebrard-sobre-seguridad\\\/#article\",\"isPartOf\":{\"@id\":\"https:\\\/\\\/fuentesfidedignas.com.mx\\\/index.php\\\/2023\\\/07\\\/11\\\/respaldan-sinaloenses-plan-a-n-g-e-l-de-marcelo-ebrard-sobre-seguridad\\\/\"},\"author\":{\"name\":\"Redacci\u00f3n\",\"@id\":\"https:\\\/\\\/fuentesfidedignas.com.mx\\\/#\\\/schema\\\/person\\\/331be9283d37198e2acd5750279085b0\"},\"headline\":\"Respaldan sinaloenses Plan A.N.G.E.L. de Marcelo Ebrard sobre seguridad\",\"datePublished\":\"2023-07-11T22:29:33+00:00\",\"dateModified\":\"2023-07-11T22:29:59+00:00\",\"mainEntityOfPage\":{\"@id\":\"https:\\\/\\\/fuentesfidedignas.com.mx\\\/index.php\\\/2023\\\/07\\\/11\\\/respaldan-sinaloenses-plan-a-n-g-e-l-de-marcelo-ebrard-sobre-seguridad\\\/\"},\"wordCount\":541,\"commentCount\":0,\"publisher\":{\"@id\":\"https:\\\/\\\/fuentesfidedignas.com.mx\\\/#organization\"},\"image\":{\"@id\":\"https:\\\/\\\/fuentesfidedignas.com.mx\\\/index.php\\\/2023\\\/07\\\/11\\\/respaldan-sinaloenses-plan-a-n-g-e-l-de-marcelo-ebrard-sobre-seguridad\\\/#primaryimage\"},\"thumbnailUrl\":\"https:\\\/\\\/fuentesfidedignas.com.mx\\\/wp-content\\\/uploads\\\/2023\\\/07\\\/angel-ebrad-e1689114510560.jpg\",\"articleSection\":[\"NOTA PRINCIPAL\"],\"inLanguage\":\"es\",\"potentialAction\":[{\"@type\":\"CommentAction\",\"name\":\"Comment\",\"target\":[\"https:\\\/\\\/fuentesfidedignas.com.mx\\\/index.php\\\/2023\\\/07\\\/11\\\/respaldan-sinaloenses-plan-a-n-g-e-l-de-marcelo-ebrard-sobre-seguridad\\\/#respond\"]}]},{\"@type\":\"WebPage\",\"@id\":\"https:\\\/\\\/fuentesfidedignas.com.mx\\\/index.php\\\/2023\\\/07\\\/11\\\/respaldan-sinaloenses-plan-a-n-g-e-l-de-marcelo-ebrard-sobre-seguridad\\\/\",\"url\":\"https:\\\/\\\/fuentesfidedignas.com.mx\\\/index.php\\\/2023\\\/07\\\/11\\\/respaldan-sinaloenses-plan-a-n-g-e-l-de-marcelo-ebrard-sobre-seguridad\\\/\",\"name\":\"Respaldan sinaloenses Plan A.N.G.E.L. de Marcelo Ebrard sobre seguridad - Fuentes Fidedignas\",\"isPartOf\":{\"@id\":\"https:\\\/\\\/fuentesfidedignas.com.mx\\\/#website\"},\"primaryImageOfPage\":{\"@id\":\"https:\\\/\\\/fuentesfidedignas.com.mx\\\/index.php\\\/2023\\\/07\\\/11\\\/respaldan-sinaloenses-plan-a-n-g-e-l-de-marcelo-ebrard-sobre-seguridad\\\/#primaryimage\"},\"image\":{\"@id\":\"https:\\\/\\\/fuentesfidedignas.com.mx\\\/index.php\\\/2023\\\/07\\\/11\\\/respaldan-sinaloenses-plan-a-n-g-e-l-de-marcelo-ebrard-sobre-seguridad\\\/#primaryimage\"},\"thumbnailUrl\":\"https:\\\/\\\/fuentesfidedignas.com.mx\\\/wp-content\\\/uploads\\\/2023\\\/07\\\/angel-ebrad-e1689114510560.jpg\",\"datePublished\":\"2023-07-11T22:29:33+00:00\",\"dateModified\":\"2023-07-11T22:29:59+00:00\",\"breadcrumb\":{\"@id\":\"https:\\\/\\\/fuentesfidedignas.com.mx\\\/index.php\\\/2023\\\/07\\\/11\\\/respaldan-sinaloenses-plan-a-n-g-e-l-de-marcelo-ebrard-sobre-seguridad\\\/#breadcrumb\"},\"inLanguage\":\"es\",\"potentialAction\":[{\"@type\":\"ReadAction\",\"target\":[\"https:\\\/\\\/fuentesfidedignas.com.mx\\\/index.php\\\/2023\\\/07\\\/11\\\/respaldan-sinaloenses-plan-a-n-g-e-l-de-marcelo-ebrard-sobre-seguridad\\\/\"]}]},{\"@type\":\"ImageObject\",\"inLanguage\":\"es\",\"@id\":\"https:\\\/\\\/fuentesfidedignas.com.mx\\\/index.php\\\/2023\\\/07\\\/11\\\/respaldan-sinaloenses-plan-a-n-g-e-l-de-marcelo-ebrard-sobre-seguridad\\\/#primaryimage\",\"url\":\"https:\\\/\\\/fuentesfidedignas.com.mx\\\/wp-content\\\/uploads\\\/2023\\\/07\\\/angel-ebrad-e1689114510560.jpg\",\"contentUrl\":\"https:\\\/\\\/fuentesfidedignas.com.mx\\\/wp-content\\\/uploads\\\/2023\\\/07\\\/angel-ebrad-e1689114510560.jpg\",\"width\":600,\"height\":376},{\"@type\":\"BreadcrumbList\",\"@id\":\"https:\\\/\\\/fuentesfidedignas.com.mx\\\/index.php\\\/2023\\\/07\\\/11\\\/respaldan-sinaloenses-plan-a-n-g-e-l-de-marcelo-ebrard-sobre-seguridad\\\/#breadcrumb\",\"itemListElement\":[{\"@type\":\"ListItem\",\"position\":1,\"name\":\"Inicio\",\"item\":\"https:\\\/\\\/fuentesfidedignas.com.mx\\\/\"},{\"@type\":\"ListItem\",\"position\":2,\"name\":\"Respaldan sinaloenses Plan A.N.G.E.L. de Marcelo Ebrard sobre seguridad\"}]},{\"@type\":\"WebSite\",\"@id\":\"https:\\\/\\\/fuentesfidedignas.com.mx\\\/#website\",\"url\":\"https:\\\/\\\/fuentesfidedignas.com.mx\\\/\",\"name\":\"Fuentes Fidedignas\",\"description\":\"Otro sitio realizado con WordPress\",\"publisher\":{\"@id\":\"https:\\\/\\\/fuentesfidedignas.com.mx\\\/#organization\"},\"potentialAction\":[{\"@type\":\"SearchAction\",\"target\":{\"@type\":\"EntryPoint\",\"urlTemplate\":\"https:\\\/\\\/fuentesfidedignas.com.mx\\\/?s={search_term_string}\"},\"query-input\":{\"@type\":\"PropertyValueSpecification\",\"valueRequired\":true,\"valueName\":\"search_term_string\"}}],\"inLanguage\":\"es\"},{\"@type\":\"Organization\",\"@id\":\"https:\\\/\\\/fuentesfidedignas.com.mx\\\/#organization\",\"name\":\"Fuentes Fidedignas\",\"url\":\"https:\\\/\\\/fuentesfidedignas.com.mx\\\/\",\"logo\":{\"@type\":\"ImageObject\",\"inLanguage\":\"es\",\"@id\":\"https:\\\/\\\/fuentesfidedignas.com.mx\\\/#\\\/schema\\\/logo\\\/image\\\/\",\"url\":\"https:\\\/\\\/fuentesfidedignas.com.mx\\\/wp-content\\\/uploads\\\/2021\\\/04\\\/logo-retina.png\",\"contentUrl\":\"https:\\\/\\\/fuentesfidedignas.com.mx\\\/wp-content\\\/uploads\\\/2021\\\/04\\\/logo-retina.png\",\"width\":280,\"height\":51,\"caption\":\"Fuentes Fidedignas\"},\"image\":{\"@id\":\"https:\\\/\\\/fuentesfidedignas.com.mx\\\/#\\\/schema\\\/logo\\\/image\\\/\"},\"sameAs\":[\"https:\\\/\\\/www.facebook.com\\\/Fuentes-Fidedignas-368234489921644\",\"https:\\\/\\\/x.com\\\/fidedignas\"]},{\"@type\":\"Person\",\"@id\":\"https:\\\/\\\/fuentesfidedignas.com.mx\\\/#\\\/schema\\\/person\\\/331be9283d37198e2acd5750279085b0\",\"name\":\"Redacci\u00f3n\",\"image\":{\"@type\":\"ImageObject\",\"inLanguage\":\"es\",\"@id\":\"https:\\\/\\\/secure.gravatar.com\\\/avatar\\\/f6d8782c11d12b2d4ad3fbb6931aeab5309937a4d6cd2fc9cfaa28a6396a5aec?s=96&d=mm&r=g\",\"url\":\"https:\\\/\\\/secure.gravatar.com\\\/avatar\\\/f6d8782c11d12b2d4ad3fbb6931aeab5309937a4d6cd2fc9cfaa28a6396a5aec?s=96&d=mm&r=g\",\"contentUrl\":\"https:\\\/\\\/secure.gravatar.com\\\/avatar\\\/f6d8782c11d12b2d4ad3fbb6931aeab5309937a4d6cd2fc9cfaa28a6396a5aec?s=96&d=mm&r=g\",\"caption\":\"Redacci\u00f3n\"},\"url\":\"https:\\\/\\\/fuentesfidedignas.com.mx\\\/index.php\\\/author\\\/redaccion\\\/\"}]}<\/script>\n<!-- \/ Yoast SEO plugin. -->","yoast_head_json":{"title":"Respaldan sinaloenses Plan A.N.G.E.L. de Marcelo Ebrard sobre seguridad - Fuentes Fidedignas","robots":{"index":"index","follow":"follow","max-snippet":"max-snippet:-1","max-image-preview":"max-image-preview:large","max-video-preview":"max-video-preview:-1"},"canonical":"https:\/\/fuentesfidedignas.com.mx\/index.php\/2023\/07\/11\/respaldan-sinaloenses-plan-a-n-g-e-l-de-marcelo-ebrard-sobre-seguridad\/","og_locale":"es_MX","og_type":"article","og_title":"Respaldan sinaloenses Plan A.N.G.E.L. de Marcelo Ebrard sobre seguridad - Fuentes Fidedignas","og_description":"El Dr. H\u00e9ctor Hern\u00e1ndez Llamas, representante de Marcelo Ebrard en Sinaloa, ofreci\u00f3 una conferencia de prensa para destacar las ventajas del plan A.N.G.E.L. del excanciller Marcelo Ebrard Culiac\u00e1n, Sin.- El Plan A.N.G.E.L., acr\u00f3nimo para Avanzadas Normas de Geolocalizaci\u00f3n y Seguridad, tiene como objetivo convertir a M\u00e9xico en &#8220;el pa\u00eds m\u00e1s seguro de la historia&#8221;. Seg\u00fan [&hellip;]","og_url":"https:\/\/fuentesfidedignas.com.mx\/index.php\/2023\/07\/11\/respaldan-sinaloenses-plan-a-n-g-e-l-de-marcelo-ebrard-sobre-seguridad\/","og_site_name":"Fuentes Fidedignas","article_publisher":"https:\/\/www.facebook.com\/Fuentes-Fidedignas-368234489921644","article_published_time":"2023-07-11T22:29:33+00:00","article_modified_time":"2023-07-11T22:29:59+00:00","og_image":[{"width":600,"height":376,"url":"https:\/\/fuentesfidedignas.com.mx\/wp-content\/uploads\/2023\/07\/angel-ebrad-e1689114510560.jpg","type":"image\/jpeg"}],"author":"Redacci\u00f3n","twitter_card":"summary_large_image","twitter_creator":"@fidedignas","twitter_site":"@fidedignas","twitter_misc":{"Escrito por":"Redacci\u00f3n","Tiempo de lectura":"3 minutos"},"schema":{"@context":"https:\/\/schema.org","@graph":[{"@type":"Article","@id":"https:\/\/fuentesfidedignas.com.mx\/index.php\/2023\/07\/11\/respaldan-sinaloenses-plan-a-n-g-e-l-de-marcelo-ebrard-sobre-seguridad\/#article","isPartOf":{"@id":"https:\/\/fuentesfidedignas.com.mx\/index.php\/2023\/07\/11\/respaldan-sinaloenses-plan-a-n-g-e-l-de-marcelo-ebrard-sobre-seguridad\/"},"author":{"name":"Redacci\u00f3n","@id":"https:\/\/fuentesfidedignas.com.mx\/#\/schema\/person\/331be9283d37198e2acd5750279085b0"},"headline":"Respaldan sinaloenses Plan A.N.G.E.L. de Marcelo Ebrard sobre seguridad","datePublished":"2023-07-11T22:29:33+00:00","dateModified":"2023-07-11T22:29:59+00:00","mainEntityOfPage":{"@id":"https:\/\/fuentesfidedignas.com.mx\/index.php\/2023\/07\/11\/respaldan-sinaloenses-plan-a-n-g-e-l-de-marcelo-ebrard-sobre-seguridad\/"},"wordCount":541,"commentCount":0,"publisher":{"@id":"https:\/\/fuentesfidedignas.com.mx\/#organization"},"image":{"@id":"https:\/\/fuentesfidedignas.com.mx\/index.php\/2023\/07\/11\/respaldan-sinaloenses-plan-a-n-g-e-l-de-marcelo-ebrard-sobre-seguridad\/#primaryimage"},"thumbnailUrl":"https:\/\/fuentesfidedignas.com.mx\/wp-content\/uploads\/2023\/07\/angel-ebrad-e1689114510560.jpg","articleSection":["NOTA PRINCIPAL"],"inLanguage":"es","potentialAction":[{"@type":"CommentAction","name":"Comment","target":["https:\/\/fuentesfidedignas.com.mx\/index.php\/2023\/07\/11\/respaldan-sinaloenses-plan-a-n-g-e-l-de-marcelo-ebrard-sobre-seguridad\/#respond"]}]},{"@type":"WebPage","@id":"https:\/\/fuentesfidedignas.com.mx\/index.php\/2023\/07\/11\/respaldan-sinaloenses-plan-a-n-g-e-l-de-marcelo-ebrard-sobre-seguridad\/","url":"https:\/\/fuentesfidedignas.com.mx\/index.php\/2023\/07\/11\/respaldan-sinaloenses-plan-a-n-g-e-l-de-marcelo-ebrard-sobre-seguridad\/","name":"Respaldan sinaloenses Plan A.N.G.E.L. de Marcelo Ebrard sobre seguridad - Fuentes Fidedignas","isPartOf":{"@id":"https:\/\/fuentesfidedignas.com.mx\/#website"},"primaryImageOfPage":{"@id":"https:\/\/fuentesfidedignas.com.mx\/index.php\/2023\/07\/11\/respaldan-sinaloenses-plan-a-n-g-e-l-de-marcelo-ebrard-sobre-seguridad\/#primaryimage"},"image":{"@id":"https:\/\/fuentesfidedignas.com.mx\/index.php\/2023\/07\/11\/respaldan-sinaloenses-plan-a-n-g-e-l-de-marcelo-ebrard-sobre-seguridad\/#primaryimage"},"thumbnailUrl":"https:\/\/fuentesfidedignas.com.mx\/wp-content\/uploads\/2023\/07\/angel-ebrad-e1689114510560.jpg","datePublished":"2023-07-11T22:29:33+00:00","dateModified":"2023-07-11T22:29:59+00:00","breadcrumb":{"@id":"https:\/\/fuentesfidedignas.com.mx\/index.php\/2023\/07\/11\/respaldan-sinaloenses-plan-a-n-g-e-l-de-marcelo-ebrard-sobre-seguridad\/#breadcrumb"},"inLanguage":"es","potentialAction":[{"@type":"ReadAction","target":["https:\/\/fuentesfidedignas.com.mx\/index.php\/2023\/07\/11\/respaldan-sinaloenses-plan-a-n-g-e-l-de-marcelo-ebrard-sobre-seguridad\/"]}]},{"@type":"ImageObject","inLanguage":"es","@id":"https:\/\/fuentesfidedignas.com.mx\/index.php\/2023\/07\/11\/respaldan-sinaloenses-plan-a-n-g-e-l-de-marcelo-ebrard-sobre-seguridad\/#primaryimage","url":"https:\/\/fuentesfidedignas.com.mx\/wp-content\/uploads\/2023\/07\/angel-ebrad-e1689114510560.jpg","contentUrl":"https:\/\/fuentesfidedignas.com.mx\/wp-content\/uploads\/2023\/07\/angel-ebrad-e1689114510560.jpg","width":600,"height":376},{"@type":"BreadcrumbList","@id":"https:\/\/fuentesfidedignas.com.mx\/index.php\/2023\/07\/11\/respaldan-sinaloenses-plan-a-n-g-e-l-de-marcelo-ebrard-sobre-seguridad\/#breadcrumb","itemListElement":[{"@type":"ListItem","position":1,"name":"Inicio","item":"https:\/\/fuentesfidedignas.com.mx\/"},{"@type":"ListItem","position":2,"name":"Respaldan sinaloenses Plan A.N.G.E.L. de Marcelo Ebrard sobre seguridad"}]},{"@type":"WebSite","@id":"https:\/\/fuentesfidedignas.com.mx\/#website","url":"https:\/\/fuentesfidedignas.com.mx\/","name":"Fuentes Fidedignas","description":"Otro sitio realizado con WordPress","publisher":{"@id":"https:\/\/fuentesfidedignas.com.mx\/#organization"},"potentialAction":[{"@type":"SearchAction","target":{"@type":"EntryPoint","urlTemplate":"https:\/\/fuentesfidedignas.com.mx\/?s={search_term_string}"},"query-input":{"@type":"PropertyValueSpecification","valueRequired":true,"valueName":"search_term_string"}}],"inLanguage":"es"},{"@type":"Organization","@id":"https:\/\/fuentesfidedignas.com.mx\/#organization","name":"Fuentes Fidedignas","url":"https:\/\/fuentesfidedignas.com.mx\/","logo":{"@type":"ImageObject","inLanguage":"es","@id":"https:\/\/fuentesfidedignas.com.mx\/#\/schema\/logo\/image\/","url":"https:\/\/fuentesfidedignas.com.mx\/wp-content\/uploads\/2021\/04\/logo-retina.png","contentUrl":"https:\/\/fuentesfidedignas.com.mx\/wp-content\/uploads\/2021\/04\/logo-retina.png","width":280,"height":51,"caption":"Fuentes Fidedignas"},"image":{"@id":"https:\/\/fuentesfidedignas.com.mx\/#\/schema\/logo\/image\/"},"sameAs":["https:\/\/www.facebook.com\/Fuentes-Fidedignas-368234489921644","https:\/\/x.com\/fidedignas"]},{"@type":"Person","@id":"https:\/\/fuentesfidedignas.com.mx\/#\/schema\/person\/331be9283d37198e2acd5750279085b0","name":"Redacci\u00f3n","image":{"@type":"ImageObject","inLanguage":"es","@id":"https:\/\/secure.gravatar.com\/avatar\/f6d8782c11d12b2d4ad3fbb6931aeab5309937a4d6cd2fc9cfaa28a6396a5aec?s=96&d=mm&r=g","url":"https:\/\/secure.gravatar.com\/avatar\/f6d8782c11d12b2d4ad3fbb6931aeab5309937a4d6cd2fc9cfaa28a6396a5aec?s=96&d=mm&r=g","contentUrl":"https:\/\/secure.gravatar.com\/avatar\/f6d8782c11d12b2d4ad3fbb6931aeab5309937a4d6cd2fc9cfaa28a6396a5aec?s=96&d=mm&r=g","caption":"Redacci\u00f3n"},"url":"https:\/\/fuentesfidedignas.com.mx\/index.php\/author\/redaccion\/"}]}},"_links":{"self":[{"href":"https:\/\/fuentesfidedignas.com.mx\/index.php\/wp-json\/wp\/v2\/posts\/52540","targetHints":{"allow":["GET"]}}],"collection":[{"href":"https:\/\/fuentesfidedignas.com.mx\/index.php\/wp-json\/wp\/v2\/posts"}],"about":[{"href":"https:\/\/fuentesfidedignas.com.mx\/index.php\/wp-json\/wp\/v2\/types\/post"}],"author":[{"embeddable":true,"href":"https:\/\/fuentesfidedignas.com.mx\/index.php\/wp-json\/wp\/v2\/users\/4"}],"replies":[{"embeddable":true,"href":"https:\/\/fuentesfidedignas.com.mx\/index.php\/wp-json\/wp\/v2\/comments?post=52540"}],"version-history":[{"count":1,"href":"https:\/\/fuentesfidedignas.com.mx\/index.php\/wp-json\/wp\/v2\/posts\/52540\/revisions"}],"predecessor-version":[{"id":52543,"href":"https:\/\/fuentesfidedignas.com.mx\/index.php\/wp-json\/wp\/v2\/posts\/52540\/revisions\/52543"}],"wp:featuredmedia":[{"embeddable":true,"href":"https:\/\/fuentesfidedignas.com.mx\/index.php\/wp-json\/wp\/v2\/media\/52541"}],"wp:attachment":[{"href":"https:\/\/fuentesfidedignas.com.mx\/index.php\/wp-json\/wp\/v2\/media?parent=52540"}],"wp:term":[{"taxonomy":"category","embeddable":true,"href":"https:\/\/fuentesfidedignas.com.mx\/index.php\/wp-json\/wp\/v2\/categories?post=52540"},{"taxonomy":"post_tag","embeddable":true,"href":"https:\/\/fuentesfidedignas.com.mx\/index.php\/wp-json\/wp\/v2\/tags?post=52540"}],"curies":[{"name":"wp","href":"https:\/\/api.w.org\/{rel}","templated":true}]}}