{"id":52537,"date":"2023-07-11T14:04:50","date_gmt":"2023-07-11T21:04:50","guid":{"rendered":"https:\/\/fuentesfidedignas.com.mx\/?p=52537"},"modified":"2023-07-11T14:08:46","modified_gmt":"2023-07-11T21:08:46","slug":"la-ley-de-educacion-superior-va-porque-va-ambrocio-chavez387349","status":"publish","type":"post","link":"https:\/\/fuentesfidedignas.com.mx\/index.php\/2023\/07\/11\/la-ley-de-educacion-superior-va-porque-va-ambrocio-chavez387349\/","title":{"rendered":"&#8220;La Ley de Educaci\u00f3n Superior, va porque va&#8221;: Ambrocio Ch\u00e1vez"},"content":{"rendered":"\n<p><strong><em>El legislador mencion\u00f3 que lo \u00fanico que se busca es que haya inclusi\u00f3n, democratizaci\u00f3n, autonom\u00eda, y transparencia<\/em><\/strong><\/p>\n\n\n\n<p>Culiac\u00e1n, Sin.- El diputado local, Ambrocio Ch\u00e1vez Ch\u00e1vez, reiter\u00f3 que, no es ning\u00fan capricho, ni asunto personal y pol\u00edtico la Ley de Educaci\u00f3n Superior en el Estado, ya que es una homologaci\u00f3n que se tiene que dar para que vaya a la par con la federal.<\/p>\n\n\n\n<p>El legislador, mencion\u00f3 que, lo \u00fanico que se busca es que haya inclusi\u00f3n, democratizaci\u00f3n, autonom\u00eda, y transparencia, para que haya un mejor trabajo educativo y la comunidad estudiantil pueda desarrollarse en todos los sentidos.<\/p>\n\n\n\n<p>Aclar\u00f3 que, la Ley de Educaci\u00f3n Superior<strong> &#8220;va porque va, porque as\u00ed son las leyes y nadie puede estar por encima de ellas<\/strong>&#8220;, y m\u00e1s cuando se trata de mejorar la calidad educativa no solamente de la <strong>UAS<\/strong>, sino de otras que tambi\u00e9n son aut\u00f3nomas como la <strong>UAdeO<\/strong> y la <strong>UAIM<\/strong>.<\/p>\n\n\n\n<p>Ambrocio Ch\u00e1vez, manifest\u00f3 su contento porque, dentro de este segundo cierre del periodo legislativo, han logrado sacar leyes y decretos para beneficio de los cuidados, principalmente para las mujeres y los derechos que por ley se tienen que cumplir.<\/p>\n\n\n\n<p>El <strong>diputado del Noveno Distrito Electoral en Sinaloa<\/strong>, coment\u00f3 que, los legisladores han hecho buen trabajo y espera que contin\u00faen as\u00ed, ya que la sociedad todos los d\u00edas hace peticiones para mejorar su calidad de vida y el entorno en donde viven.<\/p>\n","protected":false},"excerpt":{"rendered":"<p>El legislador mencion\u00f3 que lo \u00fanico que se busca es que haya inclusi\u00f3n, democratizaci\u00f3n, autonom\u00eda, y transparencia Culiac\u00e1n, Sin.- El diputado local, Ambrocio Ch\u00e1vez Ch\u00e1vez, reiter\u00f3 que, no es ning\u00fan capricho, ni asunto personal y pol\u00edtico la Ley de Educaci\u00f3n Superior en el Estado, ya que es una homologaci\u00f3n que se tiene que dar para [&hellip;]<\/p>\n","protected":false},"author":4,"featured_media":52539,"comment_status":"open","ping_status":"open","sticky":false,"template":"","format":"standard","meta":{"tdm_status":"","tdm_grid_status":"","footnotes":""},"categories":[38,1],"tags":[],"class_list":{"0":"post-52537","1":"post","2":"type-post","3":"status-publish","4":"format-standard","5":"has-post-thumbnail","7":"category-noticias-locales","8":"category-sin-categoria"},"yoast_head":"<!-- This site is optimized with the Yoast SEO plugin v27.5 - https:\/\/yoast.com\/product\/yoast-seo-wordpress\/ -->\n<title>&quot;La Ley de Educaci\u00f3n Superior, va porque va&quot;: Ambrocio Ch\u00e1vez - Fuentes Fidedignas<\/title>\n<meta name=\"robots\" content=\"index, follow, max-snippet:-1, max-image-preview:large, max-video-preview:-1\" \/>\n<link rel=\"canonical\" href=\"https:\/\/fuentesfidedignas.com.mx\/index.php\/2023\/07\/11\/la-ley-de-educacion-superior-va-porque-va-ambrocio-chavez387349\/\" \/>\n<meta property=\"og:locale\" content=\"es_MX\" \/>\n<meta property=\"og:type\" content=\"article\" \/>\n<meta property=\"og:title\" content=\"&quot;La Ley de Educaci\u00f3n Superior, va porque va&quot;: Ambrocio Ch\u00e1vez - Fuentes Fidedignas\" \/>\n<meta property=\"og:description\" content=\"El legislador mencion\u00f3 que lo \u00fanico que se busca es que haya inclusi\u00f3n, democratizaci\u00f3n, autonom\u00eda, y transparencia Culiac\u00e1n, Sin.- El diputado local, Ambrocio Ch\u00e1vez Ch\u00e1vez, reiter\u00f3 que, no es ning\u00fan capricho, ni asunto personal y pol\u00edtico la Ley de Educaci\u00f3n Superior en el Estado, ya que es una homologaci\u00f3n que se tiene que dar para [&hellip;]\" \/>\n<meta property=\"og:url\" content=\"https:\/\/fuentesfidedignas.com.mx\/index.php\/2023\/07\/11\/la-ley-de-educacion-superior-va-porque-va-ambrocio-chavez387349\/\" \/>\n<meta property=\"og:site_name\" content=\"Fuentes Fidedignas\" \/>\n<meta property=\"article:publisher\" content=\"https:\/\/www.facebook.com\/Fuentes-Fidedignas-368234489921644\" \/>\n<meta property=\"article:published_time\" content=\"2023-07-11T21:04:50+00:00\" \/>\n<meta property=\"article:modified_time\" content=\"2023-07-11T21:08:46+00:00\" \/>\n<meta property=\"og:image\" content=\"https:\/\/fuentesfidedignas.com.mx\/wp-content\/uploads\/2023\/07\/IMG-20230711-WA0035.jpg\" \/>\n\t<meta property=\"og:image:width\" content=\"1600\" \/>\n\t<meta property=\"og:image:height\" content=\"900\" \/>\n\t<meta property=\"og:image:type\" content=\"image\/jpeg\" \/>\n<meta name=\"author\" content=\"Redacci\u00f3n\" \/>\n<meta name=\"twitter:card\" content=\"summary_large_image\" \/>\n<meta name=\"twitter:creator\" content=\"@fidedignas\" \/>\n<meta name=\"twitter:site\" content=\"@fidedignas\" \/>\n<meta name=\"twitter:label1\" content=\"Escrito por\" \/>\n\t<meta name=\"twitter:data1\" content=\"Redacci\u00f3n\" \/>\n\t<meta name=\"twitter:label2\" content=\"Tiempo de lectura\" \/>\n\t<meta name=\"twitter:data2\" content=\"2 minutos\" \/>\n<script type=\"application\/ld+json\" class=\"yoast-schema-graph\">{\"@context\":\"https:\\\/\\\/schema.org\",\"@graph\":[{\"@type\":\"Article\",\"@id\":\"https:\\\/\\\/fuentesfidedignas.com.mx\\\/index.php\\\/2023\\\/07\\\/11\\\/la-ley-de-educacion-superior-va-porque-va-ambrocio-chavez387349\\\/#article\",\"isPartOf\":{\"@id\":\"https:\\\/\\\/fuentesfidedignas.com.mx\\\/index.php\\\/2023\\\/07\\\/11\\\/la-ley-de-educacion-superior-va-porque-va-ambrocio-chavez387349\\\/\"},\"author\":{\"name\":\"Redacci\u00f3n\",\"@id\":\"https:\\\/\\\/fuentesfidedignas.com.mx\\\/#\\\/schema\\\/person\\\/331be9283d37198e2acd5750279085b0\"},\"headline\":\"&#8220;La Ley de Educaci\u00f3n Superior, va porque va&#8221;: Ambrocio Ch\u00e1vez\",\"datePublished\":\"2023-07-11T21:04:50+00:00\",\"dateModified\":\"2023-07-11T21:08:46+00:00\",\"mainEntityOfPage\":{\"@id\":\"https:\\\/\\\/fuentesfidedignas.com.mx\\\/index.php\\\/2023\\\/07\\\/11\\\/la-ley-de-educacion-superior-va-porque-va-ambrocio-chavez387349\\\/\"},\"wordCount\":262,\"commentCount\":0,\"publisher\":{\"@id\":\"https:\\\/\\\/fuentesfidedignas.com.mx\\\/#organization\"},\"image\":{\"@id\":\"https:\\\/\\\/fuentesfidedignas.com.mx\\\/index.php\\\/2023\\\/07\\\/11\\\/la-ley-de-educacion-superior-va-porque-va-ambrocio-chavez387349\\\/#primaryimage\"},\"thumbnailUrl\":\"https:\\\/\\\/fuentesfidedignas.com.mx\\\/wp-content\\\/uploads\\\/2023\\\/07\\\/IMG-20230711-WA0035.jpg\",\"articleSection\":[\"NOTICIAS LOCALES\"],\"inLanguage\":\"es\",\"potentialAction\":[{\"@type\":\"CommentAction\",\"name\":\"Comment\",\"target\":[\"https:\\\/\\\/fuentesfidedignas.com.mx\\\/index.php\\\/2023\\\/07\\\/11\\\/la-ley-de-educacion-superior-va-porque-va-ambrocio-chavez387349\\\/#respond\"]}]},{\"@type\":\"WebPage\",\"@id\":\"https:\\\/\\\/fuentesfidedignas.com.mx\\\/index.php\\\/2023\\\/07\\\/11\\\/la-ley-de-educacion-superior-va-porque-va-ambrocio-chavez387349\\\/\",\"url\":\"https:\\\/\\\/fuentesfidedignas.com.mx\\\/index.php\\\/2023\\\/07\\\/11\\\/la-ley-de-educacion-superior-va-porque-va-ambrocio-chavez387349\\\/\",\"name\":\"\\\"La Ley de Educaci\u00f3n Superior, va porque va\\\": Ambrocio Ch\u00e1vez - Fuentes Fidedignas\",\"isPartOf\":{\"@id\":\"https:\\\/\\\/fuentesfidedignas.com.mx\\\/#website\"},\"primaryImageOfPage\":{\"@id\":\"https:\\\/\\\/fuentesfidedignas.com.mx\\\/index.php\\\/2023\\\/07\\\/11\\\/la-ley-de-educacion-superior-va-porque-va-ambrocio-chavez387349\\\/#primaryimage\"},\"image\":{\"@id\":\"https:\\\/\\\/fuentesfidedignas.com.mx\\\/index.php\\\/2023\\\/07\\\/11\\\/la-ley-de-educacion-superior-va-porque-va-ambrocio-chavez387349\\\/#primaryimage\"},\"thumbnailUrl\":\"https:\\\/\\\/fuentesfidedignas.com.mx\\\/wp-content\\\/uploads\\\/2023\\\/07\\\/IMG-20230711-WA0035.jpg\",\"datePublished\":\"2023-07-11T21:04:50+00:00\",\"dateModified\":\"2023-07-11T21:08:46+00:00\",\"breadcrumb\":{\"@id\":\"https:\\\/\\\/fuentesfidedignas.com.mx\\\/index.php\\\/2023\\\/07\\\/11\\\/la-ley-de-educacion-superior-va-porque-va-ambrocio-chavez387349\\\/#breadcrumb\"},\"inLanguage\":\"es\",\"potentialAction\":[{\"@type\":\"ReadAction\",\"target\":[\"https:\\\/\\\/fuentesfidedignas.com.mx\\\/index.php\\\/2023\\\/07\\\/11\\\/la-ley-de-educacion-superior-va-porque-va-ambrocio-chavez387349\\\/\"]}]},{\"@type\":\"ImageObject\",\"inLanguage\":\"es\",\"@id\":\"https:\\\/\\\/fuentesfidedignas.com.mx\\\/index.php\\\/2023\\\/07\\\/11\\\/la-ley-de-educacion-superior-va-porque-va-ambrocio-chavez387349\\\/#primaryimage\",\"url\":\"https:\\\/\\\/fuentesfidedignas.com.mx\\\/wp-content\\\/uploads\\\/2023\\\/07\\\/IMG-20230711-WA0035.jpg\",\"contentUrl\":\"https:\\\/\\\/fuentesfidedignas.com.mx\\\/wp-content\\\/uploads\\\/2023\\\/07\\\/IMG-20230711-WA0035.jpg\",\"width\":1600,\"height\":900},{\"@type\":\"BreadcrumbList\",\"@id\":\"https:\\\/\\\/fuentesfidedignas.com.mx\\\/index.php\\\/2023\\\/07\\\/11\\\/la-ley-de-educacion-superior-va-porque-va-ambrocio-chavez387349\\\/#breadcrumb\",\"itemListElement\":[{\"@type\":\"ListItem\",\"position\":1,\"name\":\"Inicio\",\"item\":\"https:\\\/\\\/fuentesfidedignas.com.mx\\\/\"},{\"@type\":\"ListItem\",\"position\":2,\"name\":\"&#8220;La Ley de Educaci\u00f3n Superior, va porque va&#8221;: Ambrocio Ch\u00e1vez\"}]},{\"@type\":\"WebSite\",\"@id\":\"https:\\\/\\\/fuentesfidedignas.com.mx\\\/#website\",\"url\":\"https:\\\/\\\/fuentesfidedignas.com.mx\\\/\",\"name\":\"Fuentes Fidedignas\",\"description\":\"Otro sitio realizado con WordPress\",\"publisher\":{\"@id\":\"https:\\\/\\\/fuentesfidedignas.com.mx\\\/#organization\"},\"potentialAction\":[{\"@type\":\"SearchAction\",\"target\":{\"@type\":\"EntryPoint\",\"urlTemplate\":\"https:\\\/\\\/fuentesfidedignas.com.mx\\\/?s={search_term_string}\"},\"query-input\":{\"@type\":\"PropertyValueSpecification\",\"valueRequired\":true,\"valueName\":\"search_term_string\"}}],\"inLanguage\":\"es\"},{\"@type\":\"Organization\",\"@id\":\"https:\\\/\\\/fuentesfidedignas.com.mx\\\/#organization\",\"name\":\"Fuentes Fidedignas\",\"url\":\"https:\\\/\\\/fuentesfidedignas.com.mx\\\/\",\"logo\":{\"@type\":\"ImageObject\",\"inLanguage\":\"es\",\"@id\":\"https:\\\/\\\/fuentesfidedignas.com.mx\\\/#\\\/schema\\\/logo\\\/image\\\/\",\"url\":\"https:\\\/\\\/fuentesfidedignas.com.mx\\\/wp-content\\\/uploads\\\/2021\\\/04\\\/logo-retina.png\",\"contentUrl\":\"https:\\\/\\\/fuentesfidedignas.com.mx\\\/wp-content\\\/uploads\\\/2021\\\/04\\\/logo-retina.png\",\"width\":280,\"height\":51,\"caption\":\"Fuentes Fidedignas\"},\"image\":{\"@id\":\"https:\\\/\\\/fuentesfidedignas.com.mx\\\/#\\\/schema\\\/logo\\\/image\\\/\"},\"sameAs\":[\"https:\\\/\\\/www.facebook.com\\\/Fuentes-Fidedignas-368234489921644\",\"https:\\\/\\\/x.com\\\/fidedignas\"]},{\"@type\":\"Person\",\"@id\":\"https:\\\/\\\/fuentesfidedignas.com.mx\\\/#\\\/schema\\\/person\\\/331be9283d37198e2acd5750279085b0\",\"name\":\"Redacci\u00f3n\",\"image\":{\"@type\":\"ImageObject\",\"inLanguage\":\"es\",\"@id\":\"https:\\\/\\\/secure.gravatar.com\\\/avatar\\\/f6d8782c11d12b2d4ad3fbb6931aeab5309937a4d6cd2fc9cfaa28a6396a5aec?s=96&d=mm&r=g\",\"url\":\"https:\\\/\\\/secure.gravatar.com\\\/avatar\\\/f6d8782c11d12b2d4ad3fbb6931aeab5309937a4d6cd2fc9cfaa28a6396a5aec?s=96&d=mm&r=g\",\"contentUrl\":\"https:\\\/\\\/secure.gravatar.com\\\/avatar\\\/f6d8782c11d12b2d4ad3fbb6931aeab5309937a4d6cd2fc9cfaa28a6396a5aec?s=96&d=mm&r=g\",\"caption\":\"Redacci\u00f3n\"},\"url\":\"https:\\\/\\\/fuentesfidedignas.com.mx\\\/index.php\\\/author\\\/redaccion\\\/\"}]}<\/script>\n<!-- \/ Yoast SEO plugin. -->","yoast_head_json":{"title":"\"La Ley de Educaci\u00f3n Superior, va porque va\": Ambrocio Ch\u00e1vez - Fuentes Fidedignas","robots":{"index":"index","follow":"follow","max-snippet":"max-snippet:-1","max-image-preview":"max-image-preview:large","max-video-preview":"max-video-preview:-1"},"canonical":"https:\/\/fuentesfidedignas.com.mx\/index.php\/2023\/07\/11\/la-ley-de-educacion-superior-va-porque-va-ambrocio-chavez387349\/","og_locale":"es_MX","og_type":"article","og_title":"\"La Ley de Educaci\u00f3n Superior, va porque va\": Ambrocio Ch\u00e1vez - Fuentes Fidedignas","og_description":"El legislador mencion\u00f3 que lo \u00fanico que se busca es que haya inclusi\u00f3n, democratizaci\u00f3n, autonom\u00eda, y transparencia Culiac\u00e1n, Sin.- El diputado local, Ambrocio Ch\u00e1vez Ch\u00e1vez, reiter\u00f3 que, no es ning\u00fan capricho, ni asunto personal y pol\u00edtico la Ley de Educaci\u00f3n Superior en el Estado, ya que es una homologaci\u00f3n que se tiene que dar para [&hellip;]","og_url":"https:\/\/fuentesfidedignas.com.mx\/index.php\/2023\/07\/11\/la-ley-de-educacion-superior-va-porque-va-ambrocio-chavez387349\/","og_site_name":"Fuentes Fidedignas","article_publisher":"https:\/\/www.facebook.com\/Fuentes-Fidedignas-368234489921644","article_published_time":"2023-07-11T21:04:50+00:00","article_modified_time":"2023-07-11T21:08:46+00:00","og_image":[{"width":1600,"height":900,"url":"https:\/\/fuentesfidedignas.com.mx\/wp-content\/uploads\/2023\/07\/IMG-20230711-WA0035.jpg","type":"image\/jpeg"}],"author":"Redacci\u00f3n","twitter_card":"summary_large_image","twitter_creator":"@fidedignas","twitter_site":"@fidedignas","twitter_misc":{"Escrito por":"Redacci\u00f3n","Tiempo de lectura":"2 minutos"},"schema":{"@context":"https:\/\/schema.org","@graph":[{"@type":"Article","@id":"https:\/\/fuentesfidedignas.com.mx\/index.php\/2023\/07\/11\/la-ley-de-educacion-superior-va-porque-va-ambrocio-chavez387349\/#article","isPartOf":{"@id":"https:\/\/fuentesfidedignas.com.mx\/index.php\/2023\/07\/11\/la-ley-de-educacion-superior-va-porque-va-ambrocio-chavez387349\/"},"author":{"name":"Redacci\u00f3n","@id":"https:\/\/fuentesfidedignas.com.mx\/#\/schema\/person\/331be9283d37198e2acd5750279085b0"},"headline":"&#8220;La Ley de Educaci\u00f3n Superior, va porque va&#8221;: Ambrocio Ch\u00e1vez","datePublished":"2023-07-11T21:04:50+00:00","dateModified":"2023-07-11T21:08:46+00:00","mainEntityOfPage":{"@id":"https:\/\/fuentesfidedignas.com.mx\/index.php\/2023\/07\/11\/la-ley-de-educacion-superior-va-porque-va-ambrocio-chavez387349\/"},"wordCount":262,"commentCount":0,"publisher":{"@id":"https:\/\/fuentesfidedignas.com.mx\/#organization"},"image":{"@id":"https:\/\/fuentesfidedignas.com.mx\/index.php\/2023\/07\/11\/la-ley-de-educacion-superior-va-porque-va-ambrocio-chavez387349\/#primaryimage"},"thumbnailUrl":"https:\/\/fuentesfidedignas.com.mx\/wp-content\/uploads\/2023\/07\/IMG-20230711-WA0035.jpg","articleSection":["NOTICIAS LOCALES"],"inLanguage":"es","potentialAction":[{"@type":"CommentAction","name":"Comment","target":["https:\/\/fuentesfidedignas.com.mx\/index.php\/2023\/07\/11\/la-ley-de-educacion-superior-va-porque-va-ambrocio-chavez387349\/#respond"]}]},{"@type":"WebPage","@id":"https:\/\/fuentesfidedignas.com.mx\/index.php\/2023\/07\/11\/la-ley-de-educacion-superior-va-porque-va-ambrocio-chavez387349\/","url":"https:\/\/fuentesfidedignas.com.mx\/index.php\/2023\/07\/11\/la-ley-de-educacion-superior-va-porque-va-ambrocio-chavez387349\/","name":"\"La Ley de Educaci\u00f3n Superior, va porque va\": Ambrocio Ch\u00e1vez - Fuentes Fidedignas","isPartOf":{"@id":"https:\/\/fuentesfidedignas.com.mx\/#website"},"primaryImageOfPage":{"@id":"https:\/\/fuentesfidedignas.com.mx\/index.php\/2023\/07\/11\/la-ley-de-educacion-superior-va-porque-va-ambrocio-chavez387349\/#primaryimage"},"image":{"@id":"https:\/\/fuentesfidedignas.com.mx\/index.php\/2023\/07\/11\/la-ley-de-educacion-superior-va-porque-va-ambrocio-chavez387349\/#primaryimage"},"thumbnailUrl":"https:\/\/fuentesfidedignas.com.mx\/wp-content\/uploads\/2023\/07\/IMG-20230711-WA0035.jpg","datePublished":"2023-07-11T21:04:50+00:00","dateModified":"2023-07-11T21:08:46+00:00","breadcrumb":{"@id":"https:\/\/fuentesfidedignas.com.mx\/index.php\/2023\/07\/11\/la-ley-de-educacion-superior-va-porque-va-ambrocio-chavez387349\/#breadcrumb"},"inLanguage":"es","potentialAction":[{"@type":"ReadAction","target":["https:\/\/fuentesfidedignas.com.mx\/index.php\/2023\/07\/11\/la-ley-de-educacion-superior-va-porque-va-ambrocio-chavez387349\/"]}]},{"@type":"ImageObject","inLanguage":"es","@id":"https:\/\/fuentesfidedignas.com.mx\/index.php\/2023\/07\/11\/la-ley-de-educacion-superior-va-porque-va-ambrocio-chavez387349\/#primaryimage","url":"https:\/\/fuentesfidedignas.com.mx\/wp-content\/uploads\/2023\/07\/IMG-20230711-WA0035.jpg","contentUrl":"https:\/\/fuentesfidedignas.com.mx\/wp-content\/uploads\/2023\/07\/IMG-20230711-WA0035.jpg","width":1600,"height":900},{"@type":"BreadcrumbList","@id":"https:\/\/fuentesfidedignas.com.mx\/index.php\/2023\/07\/11\/la-ley-de-educacion-superior-va-porque-va-ambrocio-chavez387349\/#breadcrumb","itemListElement":[{"@type":"ListItem","position":1,"name":"Inicio","item":"https:\/\/fuentesfidedignas.com.mx\/"},{"@type":"ListItem","position":2,"name":"&#8220;La Ley de Educaci\u00f3n Superior, va porque va&#8221;: Ambrocio Ch\u00e1vez"}]},{"@type":"WebSite","@id":"https:\/\/fuentesfidedignas.com.mx\/#website","url":"https:\/\/fuentesfidedignas.com.mx\/","name":"Fuentes Fidedignas","description":"Otro sitio realizado con WordPress","publisher":{"@id":"https:\/\/fuentesfidedignas.com.mx\/#organization"},"potentialAction":[{"@type":"SearchAction","target":{"@type":"EntryPoint","urlTemplate":"https:\/\/fuentesfidedignas.com.mx\/?s={search_term_string}"},"query-input":{"@type":"PropertyValueSpecification","valueRequired":true,"valueName":"search_term_string"}}],"inLanguage":"es"},{"@type":"Organization","@id":"https:\/\/fuentesfidedignas.com.mx\/#organization","name":"Fuentes Fidedignas","url":"https:\/\/fuentesfidedignas.com.mx\/","logo":{"@type":"ImageObject","inLanguage":"es","@id":"https:\/\/fuentesfidedignas.com.mx\/#\/schema\/logo\/image\/","url":"https:\/\/fuentesfidedignas.com.mx\/wp-content\/uploads\/2021\/04\/logo-retina.png","contentUrl":"https:\/\/fuentesfidedignas.com.mx\/wp-content\/uploads\/2021\/04\/logo-retina.png","width":280,"height":51,"caption":"Fuentes Fidedignas"},"image":{"@id":"https:\/\/fuentesfidedignas.com.mx\/#\/schema\/logo\/image\/"},"sameAs":["https:\/\/www.facebook.com\/Fuentes-Fidedignas-368234489921644","https:\/\/x.com\/fidedignas"]},{"@type":"Person","@id":"https:\/\/fuentesfidedignas.com.mx\/#\/schema\/person\/331be9283d37198e2acd5750279085b0","name":"Redacci\u00f3n","image":{"@type":"ImageObject","inLanguage":"es","@id":"https:\/\/secure.gravatar.com\/avatar\/f6d8782c11d12b2d4ad3fbb6931aeab5309937a4d6cd2fc9cfaa28a6396a5aec?s=96&d=mm&r=g","url":"https:\/\/secure.gravatar.com\/avatar\/f6d8782c11d12b2d4ad3fbb6931aeab5309937a4d6cd2fc9cfaa28a6396a5aec?s=96&d=mm&r=g","contentUrl":"https:\/\/secure.gravatar.com\/avatar\/f6d8782c11d12b2d4ad3fbb6931aeab5309937a4d6cd2fc9cfaa28a6396a5aec?s=96&d=mm&r=g","caption":"Redacci\u00f3n"},"url":"https:\/\/fuentesfidedignas.com.mx\/index.php\/author\/redaccion\/"}]}},"_links":{"self":[{"href":"https:\/\/fuentesfidedignas.com.mx\/index.php\/wp-json\/wp\/v2\/posts\/52537","targetHints":{"allow":["GET"]}}],"collection":[{"href":"https:\/\/fuentesfidedignas.com.mx\/index.php\/wp-json\/wp\/v2\/posts"}],"about":[{"href":"https:\/\/fuentesfidedignas.com.mx\/index.php\/wp-json\/wp\/v2\/types\/post"}],"author":[{"embeddable":true,"href":"https:\/\/fuentesfidedignas.com.mx\/index.php\/wp-json\/wp\/v2\/users\/4"}],"replies":[{"embeddable":true,"href":"https:\/\/fuentesfidedignas.com.mx\/index.php\/wp-json\/wp\/v2\/comments?post=52537"}],"version-history":[{"count":1,"href":"https:\/\/fuentesfidedignas.com.mx\/index.php\/wp-json\/wp\/v2\/posts\/52537\/revisions"}],"predecessor-version":[{"id":52538,"href":"https:\/\/fuentesfidedignas.com.mx\/index.php\/wp-json\/wp\/v2\/posts\/52537\/revisions\/52538"}],"wp:featuredmedia":[{"embeddable":true,"href":"https:\/\/fuentesfidedignas.com.mx\/index.php\/wp-json\/wp\/v2\/media\/52539"}],"wp:attachment":[{"href":"https:\/\/fuentesfidedignas.com.mx\/index.php\/wp-json\/wp\/v2\/media?parent=52537"}],"wp:term":[{"taxonomy":"category","embeddable":true,"href":"https:\/\/fuentesfidedignas.com.mx\/index.php\/wp-json\/wp\/v2\/categories?post=52537"},{"taxonomy":"post_tag","embeddable":true,"href":"https:\/\/fuentesfidedignas.com.mx\/index.php\/wp-json\/wp\/v2\/tags?post=52537"}],"curies":[{"name":"wp","href":"https:\/\/api.w.org\/{rel}","templated":true}]}}