{"id":52531,"date":"2023-07-11T12:54:00","date_gmt":"2023-07-11T19:54:00","guid":{"rendered":"https:\/\/fuentesfidedignas.com.mx\/?p=52531"},"modified":"2023-07-11T17:59:08","modified_gmt":"2023-07-12T00:59:08","slug":"trabajan-en-rehabilitacion-y-limpieza-de-caminos-de-el-fuerte","status":"publish","type":"post","link":"https:\/\/fuentesfidedignas.com.mx\/index.php\/2023\/07\/11\/trabajan-en-rehabilitacion-y-limpieza-de-caminos-de-el-fuerte\/","title":{"rendered":"Trabajan en rehabilitaci\u00f3n y limpieza de caminos de El Fuerte"},"content":{"rendered":"\n<p><strong><em>Con el objetivo de brindar mayor seguridad al transitar, la maquinaria de Obras P\u00fablicas opera diariamente en la mejora de vialidades de todo el municipio<\/em><\/strong><\/p>\n\n\n\n<p>El Fuerte, Sin.- Por indicaciones del Alcalde Gildardo Leyva Ortega, la Direcci\u00f3n de Construcci\u00f3n y Obras P\u00fablicas, realiza un trabajo permanente en la rehabilitaci\u00f3n de caminos a las comunidades, as\u00ed como limpieza de carreteras, en las distintas sindicaturas del municipio. Esta ma\u00f1ana el mandatario municipal supervis\u00f3 el desmonte que se est\u00e1 realizando en los laterales de la carretera El Fuerte-Los Mochis, a la altura de Santa Mar\u00eda y Jecolua.<\/p>\n\n\n\n<figure class=\"wp-block-gallery has-nested-images columns-default is-cropped wp-block-gallery-1 is-layout-flex wp-block-gallery-is-layout-flex\">\n<figure class=\"wp-block-image size-large\"><img decoding=\"async\" width=\"711\" height=\"432\" data-id=\"52533\" src=\"https:\/\/fuentesfidedignas.com.mx\/wp-content\/uploads\/2023\/07\/1000091259.jpg\" alt=\"\" class=\"wp-image-52533\" srcset=\"https:\/\/fuentesfidedignas.com.mx\/wp-content\/uploads\/2023\/07\/1000091259.jpg 711w, https:\/\/fuentesfidedignas.com.mx\/wp-content\/uploads\/2023\/07\/1000091259-300x182.jpg 300w\" sizes=\"(max-width: 711px) 100vw, 711px\" \/><\/figure>\n\n\n\n<figure class=\"wp-block-image size-large\"><img decoding=\"async\" width=\"614\" height=\"345\" data-id=\"52532\" src=\"https:\/\/fuentesfidedignas.com.mx\/wp-content\/uploads\/2023\/07\/1000091250.jpg\" alt=\"\" class=\"wp-image-52532\" srcset=\"https:\/\/fuentesfidedignas.com.mx\/wp-content\/uploads\/2023\/07\/1000091250.jpg 614w, https:\/\/fuentesfidedignas.com.mx\/wp-content\/uploads\/2023\/07\/1000091250-300x169.jpg 300w\" sizes=\"(max-width: 614px) 100vw, 614px\" \/><\/figure>\n\n\n\n<figure class=\"wp-block-image size-large\"><img decoding=\"async\" width=\"702\" height=\"432\" data-id=\"52534\" src=\"https:\/\/fuentesfidedignas.com.mx\/wp-content\/uploads\/2023\/07\/1000091271.jpg\" alt=\"\" class=\"wp-image-52534\" srcset=\"https:\/\/fuentesfidedignas.com.mx\/wp-content\/uploads\/2023\/07\/1000091271.jpg 702w, https:\/\/fuentesfidedignas.com.mx\/wp-content\/uploads\/2023\/07\/1000091271-300x185.jpg 300w\" sizes=\"(max-width: 702px) 100vw, 702px\" \/><\/figure>\n<\/figure>\n\n\n\n<p>Leyva Ortega ha puesto mucho inter\u00e9s en este tipo de acciones, al considerar prioritario ofrecer v\u00edas de transporte seguras y en buenas condiciones para locales que diariamente transitan por todo el municipio y para quienes lo visitan con el fin de disfrutar de sus atractivos.<\/p>\n\n\n\n<p>\u201c<strong>Estamos aqu\u00ed en el tramo de Santa Mar\u00eda y Jecolua, estamos limpiando el costado de la carretera, porque hay tramos donde ya la rama est\u00e1 metida en la carretera y eso pues es peligroso. Entonces estamos tratando de limpiar para que haya una mejor visibilidad en la carretera y mayor seguridad. Pues seguimos trabajando para la gente, saludos<\/strong>\u201d, expres\u00f3 el alcalde.<\/p>\n\n\n\n<p>En d\u00edas recientes, se ha hecho uso de la maquinaria de esta misma dependencia, para el revestimiento de caminos con balastre, en un trayecto que inicia en la ENEF y concluye en la localidad de Boca de Arroyo. De igual forma retirando maleza de los laterales de la carretera a la altura de Las Chunas y Sibajahui.<\/p>\n","protected":false},"excerpt":{"rendered":"<p>Con el objetivo de brindar mayor seguridad al transitar, la maquinaria de Obras P\u00fablicas opera diariamente en la mejora de vialidades de todo el municipio El Fuerte, Sin.- Por indicaciones del Alcalde Gildardo Leyva Ortega, la Direcci\u00f3n de Construcci\u00f3n y Obras P\u00fablicas, realiza un trabajo permanente en la rehabilitaci\u00f3n de caminos a las comunidades, as\u00ed [&hellip;]<\/p>\n","protected":false},"author":4,"featured_media":52536,"comment_status":"open","ping_status":"open","sticky":false,"template":"","format":"standard","meta":{"tdm_status":"","tdm_grid_status":"","footnotes":""},"categories":[38,1],"tags":[],"class_list":{"0":"post-52531","1":"post","2":"type-post","3":"status-publish","4":"format-standard","5":"has-post-thumbnail","7":"category-noticias-locales","8":"category-sin-categoria"},"yoast_head":"<!-- This site is optimized with the Yoast SEO plugin v27.4 - https:\/\/yoast.com\/product\/yoast-seo-wordpress\/ -->\n<title>Trabajan en rehabilitaci\u00f3n y limpieza de caminos de El Fuerte - Fuentes Fidedignas<\/title>\n<meta name=\"robots\" content=\"index, follow, max-snippet:-1, max-image-preview:large, max-video-preview:-1\" \/>\n<link rel=\"canonical\" href=\"https:\/\/fuentesfidedignas.com.mx\/index.php\/2023\/07\/11\/trabajan-en-rehabilitacion-y-limpieza-de-caminos-de-el-fuerte\/\" \/>\n<meta property=\"og:locale\" content=\"es_MX\" \/>\n<meta property=\"og:type\" content=\"article\" \/>\n<meta property=\"og:title\" content=\"Trabajan en rehabilitaci\u00f3n y limpieza de caminos de El Fuerte - Fuentes Fidedignas\" \/>\n<meta property=\"og:description\" content=\"Con el objetivo de brindar mayor seguridad al transitar, la maquinaria de Obras P\u00fablicas opera diariamente en la mejora de vialidades de todo el municipio El Fuerte, Sin.- Por indicaciones del Alcalde Gildardo Leyva Ortega, la Direcci\u00f3n de Construcci\u00f3n y Obras P\u00fablicas, realiza un trabajo permanente en la rehabilitaci\u00f3n de caminos a las comunidades, as\u00ed [&hellip;]\" \/>\n<meta property=\"og:url\" content=\"https:\/\/fuentesfidedignas.com.mx\/index.php\/2023\/07\/11\/trabajan-en-rehabilitacion-y-limpieza-de-caminos-de-el-fuerte\/\" \/>\n<meta property=\"og:site_name\" content=\"Fuentes Fidedignas\" \/>\n<meta property=\"article:publisher\" content=\"https:\/\/www.facebook.com\/Fuentes-Fidedignas-368234489921644\" \/>\n<meta property=\"article:published_time\" content=\"2023-07-11T19:54:00+00:00\" \/>\n<meta property=\"article:modified_time\" content=\"2023-07-12T00:59:08+00:00\" \/>\n<meta property=\"og:image\" content=\"https:\/\/fuentesfidedignas.com.mx\/wp-content\/uploads\/2023\/07\/IMG-20230711-WA0030.jpg\" \/>\n\t<meta property=\"og:image:width\" content=\"614\" \/>\n\t<meta property=\"og:image:height\" content=\"345\" \/>\n\t<meta property=\"og:image:type\" content=\"image\/jpeg\" \/>\n<meta name=\"author\" content=\"Redacci\u00f3n\" \/>\n<meta name=\"twitter:card\" content=\"summary_large_image\" \/>\n<meta name=\"twitter:creator\" content=\"@fidedignas\" \/>\n<meta name=\"twitter:site\" content=\"@fidedignas\" \/>\n<meta name=\"twitter:label1\" content=\"Escrito por\" \/>\n\t<meta name=\"twitter:data1\" content=\"Redacci\u00f3n\" \/>\n\t<meta name=\"twitter:label2\" content=\"Tiempo de lectura\" \/>\n\t<meta name=\"twitter:data2\" content=\"2 minutos\" \/>\n<script type=\"application\/ld+json\" class=\"yoast-schema-graph\">{\"@context\":\"https:\\\/\\\/schema.org\",\"@graph\":[{\"@type\":\"Article\",\"@id\":\"https:\\\/\\\/fuentesfidedignas.com.mx\\\/index.php\\\/2023\\\/07\\\/11\\\/trabajan-en-rehabilitacion-y-limpieza-de-caminos-de-el-fuerte\\\/#article\",\"isPartOf\":{\"@id\":\"https:\\\/\\\/fuentesfidedignas.com.mx\\\/index.php\\\/2023\\\/07\\\/11\\\/trabajan-en-rehabilitacion-y-limpieza-de-caminos-de-el-fuerte\\\/\"},\"author\":{\"name\":\"Redacci\u00f3n\",\"@id\":\"https:\\\/\\\/fuentesfidedignas.com.mx\\\/#\\\/schema\\\/person\\\/331be9283d37198e2acd5750279085b0\"},\"headline\":\"Trabajan en rehabilitaci\u00f3n y limpieza de caminos de El Fuerte\",\"datePublished\":\"2023-07-11T19:54:00+00:00\",\"dateModified\":\"2023-07-12T00:59:08+00:00\",\"mainEntityOfPage\":{\"@id\":\"https:\\\/\\\/fuentesfidedignas.com.mx\\\/index.php\\\/2023\\\/07\\\/11\\\/trabajan-en-rehabilitacion-y-limpieza-de-caminos-de-el-fuerte\\\/\"},\"wordCount\":280,\"commentCount\":0,\"publisher\":{\"@id\":\"https:\\\/\\\/fuentesfidedignas.com.mx\\\/#organization\"},\"image\":{\"@id\":\"https:\\\/\\\/fuentesfidedignas.com.mx\\\/index.php\\\/2023\\\/07\\\/11\\\/trabajan-en-rehabilitacion-y-limpieza-de-caminos-de-el-fuerte\\\/#primaryimage\"},\"thumbnailUrl\":\"https:\\\/\\\/fuentesfidedignas.com.mx\\\/wp-content\\\/uploads\\\/2023\\\/07\\\/IMG-20230711-WA0030.jpg\",\"articleSection\":[\"NOTICIAS LOCALES\"],\"inLanguage\":\"es\",\"potentialAction\":[{\"@type\":\"CommentAction\",\"name\":\"Comment\",\"target\":[\"https:\\\/\\\/fuentesfidedignas.com.mx\\\/index.php\\\/2023\\\/07\\\/11\\\/trabajan-en-rehabilitacion-y-limpieza-de-caminos-de-el-fuerte\\\/#respond\"]}]},{\"@type\":\"WebPage\",\"@id\":\"https:\\\/\\\/fuentesfidedignas.com.mx\\\/index.php\\\/2023\\\/07\\\/11\\\/trabajan-en-rehabilitacion-y-limpieza-de-caminos-de-el-fuerte\\\/\",\"url\":\"https:\\\/\\\/fuentesfidedignas.com.mx\\\/index.php\\\/2023\\\/07\\\/11\\\/trabajan-en-rehabilitacion-y-limpieza-de-caminos-de-el-fuerte\\\/\",\"name\":\"Trabajan en rehabilitaci\u00f3n y limpieza de caminos de El Fuerte - Fuentes Fidedignas\",\"isPartOf\":{\"@id\":\"https:\\\/\\\/fuentesfidedignas.com.mx\\\/#website\"},\"primaryImageOfPage\":{\"@id\":\"https:\\\/\\\/fuentesfidedignas.com.mx\\\/index.php\\\/2023\\\/07\\\/11\\\/trabajan-en-rehabilitacion-y-limpieza-de-caminos-de-el-fuerte\\\/#primaryimage\"},\"image\":{\"@id\":\"https:\\\/\\\/fuentesfidedignas.com.mx\\\/index.php\\\/2023\\\/07\\\/11\\\/trabajan-en-rehabilitacion-y-limpieza-de-caminos-de-el-fuerte\\\/#primaryimage\"},\"thumbnailUrl\":\"https:\\\/\\\/fuentesfidedignas.com.mx\\\/wp-content\\\/uploads\\\/2023\\\/07\\\/IMG-20230711-WA0030.jpg\",\"datePublished\":\"2023-07-11T19:54:00+00:00\",\"dateModified\":\"2023-07-12T00:59:08+00:00\",\"breadcrumb\":{\"@id\":\"https:\\\/\\\/fuentesfidedignas.com.mx\\\/index.php\\\/2023\\\/07\\\/11\\\/trabajan-en-rehabilitacion-y-limpieza-de-caminos-de-el-fuerte\\\/#breadcrumb\"},\"inLanguage\":\"es\",\"potentialAction\":[{\"@type\":\"ReadAction\",\"target\":[\"https:\\\/\\\/fuentesfidedignas.com.mx\\\/index.php\\\/2023\\\/07\\\/11\\\/trabajan-en-rehabilitacion-y-limpieza-de-caminos-de-el-fuerte\\\/\"]}]},{\"@type\":\"ImageObject\",\"inLanguage\":\"es\",\"@id\":\"https:\\\/\\\/fuentesfidedignas.com.mx\\\/index.php\\\/2023\\\/07\\\/11\\\/trabajan-en-rehabilitacion-y-limpieza-de-caminos-de-el-fuerte\\\/#primaryimage\",\"url\":\"https:\\\/\\\/fuentesfidedignas.com.mx\\\/wp-content\\\/uploads\\\/2023\\\/07\\\/IMG-20230711-WA0030.jpg\",\"contentUrl\":\"https:\\\/\\\/fuentesfidedignas.com.mx\\\/wp-content\\\/uploads\\\/2023\\\/07\\\/IMG-20230711-WA0030.jpg\",\"width\":614,\"height\":345},{\"@type\":\"BreadcrumbList\",\"@id\":\"https:\\\/\\\/fuentesfidedignas.com.mx\\\/index.php\\\/2023\\\/07\\\/11\\\/trabajan-en-rehabilitacion-y-limpieza-de-caminos-de-el-fuerte\\\/#breadcrumb\",\"itemListElement\":[{\"@type\":\"ListItem\",\"position\":1,\"name\":\"Inicio\",\"item\":\"https:\\\/\\\/fuentesfidedignas.com.mx\\\/\"},{\"@type\":\"ListItem\",\"position\":2,\"name\":\"Trabajan en rehabilitaci\u00f3n y limpieza de caminos de El Fuerte\"}]},{\"@type\":\"WebSite\",\"@id\":\"https:\\\/\\\/fuentesfidedignas.com.mx\\\/#website\",\"url\":\"https:\\\/\\\/fuentesfidedignas.com.mx\\\/\",\"name\":\"Fuentes Fidedignas\",\"description\":\"Otro sitio realizado con WordPress\",\"publisher\":{\"@id\":\"https:\\\/\\\/fuentesfidedignas.com.mx\\\/#organization\"},\"potentialAction\":[{\"@type\":\"SearchAction\",\"target\":{\"@type\":\"EntryPoint\",\"urlTemplate\":\"https:\\\/\\\/fuentesfidedignas.com.mx\\\/?s={search_term_string}\"},\"query-input\":{\"@type\":\"PropertyValueSpecification\",\"valueRequired\":true,\"valueName\":\"search_term_string\"}}],\"inLanguage\":\"es\"},{\"@type\":\"Organization\",\"@id\":\"https:\\\/\\\/fuentesfidedignas.com.mx\\\/#organization\",\"name\":\"Fuentes Fidedignas\",\"url\":\"https:\\\/\\\/fuentesfidedignas.com.mx\\\/\",\"logo\":{\"@type\":\"ImageObject\",\"inLanguage\":\"es\",\"@id\":\"https:\\\/\\\/fuentesfidedignas.com.mx\\\/#\\\/schema\\\/logo\\\/image\\\/\",\"url\":\"https:\\\/\\\/fuentesfidedignas.com.mx\\\/wp-content\\\/uploads\\\/2021\\\/04\\\/logo-retina.png\",\"contentUrl\":\"https:\\\/\\\/fuentesfidedignas.com.mx\\\/wp-content\\\/uploads\\\/2021\\\/04\\\/logo-retina.png\",\"width\":280,\"height\":51,\"caption\":\"Fuentes Fidedignas\"},\"image\":{\"@id\":\"https:\\\/\\\/fuentesfidedignas.com.mx\\\/#\\\/schema\\\/logo\\\/image\\\/\"},\"sameAs\":[\"https:\\\/\\\/www.facebook.com\\\/Fuentes-Fidedignas-368234489921644\",\"https:\\\/\\\/x.com\\\/fidedignas\"]},{\"@type\":\"Person\",\"@id\":\"https:\\\/\\\/fuentesfidedignas.com.mx\\\/#\\\/schema\\\/person\\\/331be9283d37198e2acd5750279085b0\",\"name\":\"Redacci\u00f3n\",\"image\":{\"@type\":\"ImageObject\",\"inLanguage\":\"es\",\"@id\":\"https:\\\/\\\/secure.gravatar.com\\\/avatar\\\/f6d8782c11d12b2d4ad3fbb6931aeab5309937a4d6cd2fc9cfaa28a6396a5aec?s=96&d=mm&r=g\",\"url\":\"https:\\\/\\\/secure.gravatar.com\\\/avatar\\\/f6d8782c11d12b2d4ad3fbb6931aeab5309937a4d6cd2fc9cfaa28a6396a5aec?s=96&d=mm&r=g\",\"contentUrl\":\"https:\\\/\\\/secure.gravatar.com\\\/avatar\\\/f6d8782c11d12b2d4ad3fbb6931aeab5309937a4d6cd2fc9cfaa28a6396a5aec?s=96&d=mm&r=g\",\"caption\":\"Redacci\u00f3n\"},\"url\":\"https:\\\/\\\/fuentesfidedignas.com.mx\\\/index.php\\\/author\\\/redaccion\\\/\"}]}<\/script>\n<!-- \/ Yoast SEO plugin. -->","yoast_head_json":{"title":"Trabajan en rehabilitaci\u00f3n y limpieza de caminos de El Fuerte - Fuentes Fidedignas","robots":{"index":"index","follow":"follow","max-snippet":"max-snippet:-1","max-image-preview":"max-image-preview:large","max-video-preview":"max-video-preview:-1"},"canonical":"https:\/\/fuentesfidedignas.com.mx\/index.php\/2023\/07\/11\/trabajan-en-rehabilitacion-y-limpieza-de-caminos-de-el-fuerte\/","og_locale":"es_MX","og_type":"article","og_title":"Trabajan en rehabilitaci\u00f3n y limpieza de caminos de El Fuerte - Fuentes Fidedignas","og_description":"Con el objetivo de brindar mayor seguridad al transitar, la maquinaria de Obras P\u00fablicas opera diariamente en la mejora de vialidades de todo el municipio El Fuerte, Sin.- Por indicaciones del Alcalde Gildardo Leyva Ortega, la Direcci\u00f3n de Construcci\u00f3n y Obras P\u00fablicas, realiza un trabajo permanente en la rehabilitaci\u00f3n de caminos a las comunidades, as\u00ed [&hellip;]","og_url":"https:\/\/fuentesfidedignas.com.mx\/index.php\/2023\/07\/11\/trabajan-en-rehabilitacion-y-limpieza-de-caminos-de-el-fuerte\/","og_site_name":"Fuentes Fidedignas","article_publisher":"https:\/\/www.facebook.com\/Fuentes-Fidedignas-368234489921644","article_published_time":"2023-07-11T19:54:00+00:00","article_modified_time":"2023-07-12T00:59:08+00:00","og_image":[{"width":614,"height":345,"url":"https:\/\/fuentesfidedignas.com.mx\/wp-content\/uploads\/2023\/07\/IMG-20230711-WA0030.jpg","type":"image\/jpeg"}],"author":"Redacci\u00f3n","twitter_card":"summary_large_image","twitter_creator":"@fidedignas","twitter_site":"@fidedignas","twitter_misc":{"Escrito por":"Redacci\u00f3n","Tiempo de lectura":"2 minutos"},"schema":{"@context":"https:\/\/schema.org","@graph":[{"@type":"Article","@id":"https:\/\/fuentesfidedignas.com.mx\/index.php\/2023\/07\/11\/trabajan-en-rehabilitacion-y-limpieza-de-caminos-de-el-fuerte\/#article","isPartOf":{"@id":"https:\/\/fuentesfidedignas.com.mx\/index.php\/2023\/07\/11\/trabajan-en-rehabilitacion-y-limpieza-de-caminos-de-el-fuerte\/"},"author":{"name":"Redacci\u00f3n","@id":"https:\/\/fuentesfidedignas.com.mx\/#\/schema\/person\/331be9283d37198e2acd5750279085b0"},"headline":"Trabajan en rehabilitaci\u00f3n y limpieza de caminos de El Fuerte","datePublished":"2023-07-11T19:54:00+00:00","dateModified":"2023-07-12T00:59:08+00:00","mainEntityOfPage":{"@id":"https:\/\/fuentesfidedignas.com.mx\/index.php\/2023\/07\/11\/trabajan-en-rehabilitacion-y-limpieza-de-caminos-de-el-fuerte\/"},"wordCount":280,"commentCount":0,"publisher":{"@id":"https:\/\/fuentesfidedignas.com.mx\/#organization"},"image":{"@id":"https:\/\/fuentesfidedignas.com.mx\/index.php\/2023\/07\/11\/trabajan-en-rehabilitacion-y-limpieza-de-caminos-de-el-fuerte\/#primaryimage"},"thumbnailUrl":"https:\/\/fuentesfidedignas.com.mx\/wp-content\/uploads\/2023\/07\/IMG-20230711-WA0030.jpg","articleSection":["NOTICIAS LOCALES"],"inLanguage":"es","potentialAction":[{"@type":"CommentAction","name":"Comment","target":["https:\/\/fuentesfidedignas.com.mx\/index.php\/2023\/07\/11\/trabajan-en-rehabilitacion-y-limpieza-de-caminos-de-el-fuerte\/#respond"]}]},{"@type":"WebPage","@id":"https:\/\/fuentesfidedignas.com.mx\/index.php\/2023\/07\/11\/trabajan-en-rehabilitacion-y-limpieza-de-caminos-de-el-fuerte\/","url":"https:\/\/fuentesfidedignas.com.mx\/index.php\/2023\/07\/11\/trabajan-en-rehabilitacion-y-limpieza-de-caminos-de-el-fuerte\/","name":"Trabajan en rehabilitaci\u00f3n y limpieza de caminos de El Fuerte - Fuentes Fidedignas","isPartOf":{"@id":"https:\/\/fuentesfidedignas.com.mx\/#website"},"primaryImageOfPage":{"@id":"https:\/\/fuentesfidedignas.com.mx\/index.php\/2023\/07\/11\/trabajan-en-rehabilitacion-y-limpieza-de-caminos-de-el-fuerte\/#primaryimage"},"image":{"@id":"https:\/\/fuentesfidedignas.com.mx\/index.php\/2023\/07\/11\/trabajan-en-rehabilitacion-y-limpieza-de-caminos-de-el-fuerte\/#primaryimage"},"thumbnailUrl":"https:\/\/fuentesfidedignas.com.mx\/wp-content\/uploads\/2023\/07\/IMG-20230711-WA0030.jpg","datePublished":"2023-07-11T19:54:00+00:00","dateModified":"2023-07-12T00:59:08+00:00","breadcrumb":{"@id":"https:\/\/fuentesfidedignas.com.mx\/index.php\/2023\/07\/11\/trabajan-en-rehabilitacion-y-limpieza-de-caminos-de-el-fuerte\/#breadcrumb"},"inLanguage":"es","potentialAction":[{"@type":"ReadAction","target":["https:\/\/fuentesfidedignas.com.mx\/index.php\/2023\/07\/11\/trabajan-en-rehabilitacion-y-limpieza-de-caminos-de-el-fuerte\/"]}]},{"@type":"ImageObject","inLanguage":"es","@id":"https:\/\/fuentesfidedignas.com.mx\/index.php\/2023\/07\/11\/trabajan-en-rehabilitacion-y-limpieza-de-caminos-de-el-fuerte\/#primaryimage","url":"https:\/\/fuentesfidedignas.com.mx\/wp-content\/uploads\/2023\/07\/IMG-20230711-WA0030.jpg","contentUrl":"https:\/\/fuentesfidedignas.com.mx\/wp-content\/uploads\/2023\/07\/IMG-20230711-WA0030.jpg","width":614,"height":345},{"@type":"BreadcrumbList","@id":"https:\/\/fuentesfidedignas.com.mx\/index.php\/2023\/07\/11\/trabajan-en-rehabilitacion-y-limpieza-de-caminos-de-el-fuerte\/#breadcrumb","itemListElement":[{"@type":"ListItem","position":1,"name":"Inicio","item":"https:\/\/fuentesfidedignas.com.mx\/"},{"@type":"ListItem","position":2,"name":"Trabajan en rehabilitaci\u00f3n y limpieza de caminos de El Fuerte"}]},{"@type":"WebSite","@id":"https:\/\/fuentesfidedignas.com.mx\/#website","url":"https:\/\/fuentesfidedignas.com.mx\/","name":"Fuentes Fidedignas","description":"Otro sitio realizado con WordPress","publisher":{"@id":"https:\/\/fuentesfidedignas.com.mx\/#organization"},"potentialAction":[{"@type":"SearchAction","target":{"@type":"EntryPoint","urlTemplate":"https:\/\/fuentesfidedignas.com.mx\/?s={search_term_string}"},"query-input":{"@type":"PropertyValueSpecification","valueRequired":true,"valueName":"search_term_string"}}],"inLanguage":"es"},{"@type":"Organization","@id":"https:\/\/fuentesfidedignas.com.mx\/#organization","name":"Fuentes Fidedignas","url":"https:\/\/fuentesfidedignas.com.mx\/","logo":{"@type":"ImageObject","inLanguage":"es","@id":"https:\/\/fuentesfidedignas.com.mx\/#\/schema\/logo\/image\/","url":"https:\/\/fuentesfidedignas.com.mx\/wp-content\/uploads\/2021\/04\/logo-retina.png","contentUrl":"https:\/\/fuentesfidedignas.com.mx\/wp-content\/uploads\/2021\/04\/logo-retina.png","width":280,"height":51,"caption":"Fuentes Fidedignas"},"image":{"@id":"https:\/\/fuentesfidedignas.com.mx\/#\/schema\/logo\/image\/"},"sameAs":["https:\/\/www.facebook.com\/Fuentes-Fidedignas-368234489921644","https:\/\/x.com\/fidedignas"]},{"@type":"Person","@id":"https:\/\/fuentesfidedignas.com.mx\/#\/schema\/person\/331be9283d37198e2acd5750279085b0","name":"Redacci\u00f3n","image":{"@type":"ImageObject","inLanguage":"es","@id":"https:\/\/secure.gravatar.com\/avatar\/f6d8782c11d12b2d4ad3fbb6931aeab5309937a4d6cd2fc9cfaa28a6396a5aec?s=96&d=mm&r=g","url":"https:\/\/secure.gravatar.com\/avatar\/f6d8782c11d12b2d4ad3fbb6931aeab5309937a4d6cd2fc9cfaa28a6396a5aec?s=96&d=mm&r=g","contentUrl":"https:\/\/secure.gravatar.com\/avatar\/f6d8782c11d12b2d4ad3fbb6931aeab5309937a4d6cd2fc9cfaa28a6396a5aec?s=96&d=mm&r=g","caption":"Redacci\u00f3n"},"url":"https:\/\/fuentesfidedignas.com.mx\/index.php\/author\/redaccion\/"}]}},"_links":{"self":[{"href":"https:\/\/fuentesfidedignas.com.mx\/index.php\/wp-json\/wp\/v2\/posts\/52531","targetHints":{"allow":["GET"]}}],"collection":[{"href":"https:\/\/fuentesfidedignas.com.mx\/index.php\/wp-json\/wp\/v2\/posts"}],"about":[{"href":"https:\/\/fuentesfidedignas.com.mx\/index.php\/wp-json\/wp\/v2\/types\/post"}],"author":[{"embeddable":true,"href":"https:\/\/fuentesfidedignas.com.mx\/index.php\/wp-json\/wp\/v2\/users\/4"}],"replies":[{"embeddable":true,"href":"https:\/\/fuentesfidedignas.com.mx\/index.php\/wp-json\/wp\/v2\/comments?post=52531"}],"version-history":[{"count":1,"href":"https:\/\/fuentesfidedignas.com.mx\/index.php\/wp-json\/wp\/v2\/posts\/52531\/revisions"}],"predecessor-version":[{"id":52535,"href":"https:\/\/fuentesfidedignas.com.mx\/index.php\/wp-json\/wp\/v2\/posts\/52531\/revisions\/52535"}],"wp:featuredmedia":[{"embeddable":true,"href":"https:\/\/fuentesfidedignas.com.mx\/index.php\/wp-json\/wp\/v2\/media\/52536"}],"wp:attachment":[{"href":"https:\/\/fuentesfidedignas.com.mx\/index.php\/wp-json\/wp\/v2\/media?parent=52531"}],"wp:term":[{"taxonomy":"category","embeddable":true,"href":"https:\/\/fuentesfidedignas.com.mx\/index.php\/wp-json\/wp\/v2\/categories?post=52531"},{"taxonomy":"post_tag","embeddable":true,"href":"https:\/\/fuentesfidedignas.com.mx\/index.php\/wp-json\/wp\/v2\/tags?post=52531"}],"curies":[{"name":"wp","href":"https:\/\/api.w.org\/{rel}","templated":true}]}}