{"id":52524,"date":"2023-07-11T12:47:50","date_gmt":"2023-07-11T19:47:50","guid":{"rendered":"https:\/\/fuentesfidedignas.com.mx\/?p=52524"},"modified":"2023-07-11T13:22:50","modified_gmt":"2023-07-11T20:22:50","slug":"ratifican-a-marco-antonio-alvarez-como-fiscal-anticorrupcion8557","status":"publish","type":"post","link":"https:\/\/fuentesfidedignas.com.mx\/index.php\/2023\/07\/11\/ratifican-a-marco-antonio-alvarez-como-fiscal-anticorrupcion8557\/","title":{"rendered":"Ratifican a Marco Antonio \u00c1lvarez como Fiscal Anticorrupci\u00f3n"},"content":{"rendered":"\n<p><strong><em>Se aprob\u00f3 por mayor\u00eda de las diputadas y diputados presentes en la Sesi\u00f3n Ordinaria de este martes<\/em><\/strong><\/p>\n\n\n\n<p>Culiac\u00e1n, Sin.- El Congreso del Estado de Sinaloa aprob\u00f3 Acuerdo de la Junta de Coordinaci\u00f3n Pol\u00edtica, en el sentido de no objetar y por lo tanto ratificar la designaci\u00f3n de Marco Antonio \u00c1lvarez Armenta, como Fiscal Especializado en Combate a la Corrupci\u00f3n.<\/p>\n\n\n\n<p>Al Acuerdo de la JUCOPO, que preside el diputado Feliciano Castro Mel\u00e9ndrez, se le dio lectura en tribuna y se aprob\u00f3 por mayor\u00eda de las diputadas y diputados presentes en la Sesi\u00f3n Ordinaria de este martes.<\/p>\n\n\n\n<p>En el contenido del Acuerdo se se\u00f1ala que el pasado 07 de julio del presente a\u00f1o, la Fiscal General de Sinaloa, Sara Bruna Qui\u00f1\u00f3nez Estrada, envi\u00f3 oficio al Congreso del Estado para notificar que el d\u00eda 04 del mismo mes, expidi\u00f3 el nombramiento citado.<\/p>\n\n\n\n<p>La JUCOPO precisa que Marco Antonio \u00c1lvarez Armenta cumple con los requisitos establecidos en la Ley Org\u00e1nica de la Fiscal\u00eda General del Estado de Sinaloa para ocupar el cargo para el cual fue designado.<\/p>\n\n\n\n<p>Asimismo, se reconoce que ha desempe\u00f1ado cargos dentro de la estructura de la Fiscal\u00eda, lo que le permite tener por acreditado el requisito de contar con cinco a\u00f1os de experiencia en la procuraci\u00f3n de justicia, de lo cual se infiere que no ha sido condenado por delito doloso o por delito culposo, ni est\u00e1 sujeto a proceso penal, no est\u00e1 suspendido ni ha sido sustituido o inhabilitado como servidor p\u00fablico.<\/p>\n\n\n\n<p>Al aprobarse el Acuerdo, el presidente de la Mesa Directiva del Congreso, el diputado Ricardo Madrid P\u00e9rez instruye a la Secretar\u00eda General que notifique del Acuerdo aprobado a la fiscal general, Sara Bruna Qui\u00f1\u00f3nez, para los efectos legales a que haya lugar.<\/p>\n","protected":false},"excerpt":{"rendered":"<p>Se aprob\u00f3 por mayor\u00eda de las diputadas y diputados presentes en la Sesi\u00f3n Ordinaria de este martes Culiac\u00e1n, Sin.- El Congreso del Estado de Sinaloa aprob\u00f3 Acuerdo de la Junta de Coordinaci\u00f3n Pol\u00edtica, en el sentido de no objetar y por lo tanto ratificar la designaci\u00f3n de Marco Antonio \u00c1lvarez Armenta, como Fiscal Especializado en [&hellip;]<\/p>\n","protected":false},"author":11,"featured_media":52526,"comment_status":"open","ping_status":"open","sticky":false,"template":"","format":"standard","meta":{"tdm_status":"","tdm_grid_status":"","footnotes":""},"categories":[38,1],"tags":[],"class_list":{"0":"post-52524","1":"post","2":"type-post","3":"status-publish","4":"format-standard","5":"has-post-thumbnail","7":"category-noticias-locales","8":"category-sin-categoria"},"yoast_head":"<!-- This site is optimized with the Yoast SEO plugin v27.4 - https:\/\/yoast.com\/product\/yoast-seo-wordpress\/ -->\n<title>Ratifican a Marco Antonio \u00c1lvarez como Fiscal Anticorrupci\u00f3n - Fuentes Fidedignas<\/title>\n<meta name=\"robots\" content=\"index, follow, max-snippet:-1, max-image-preview:large, max-video-preview:-1\" \/>\n<link rel=\"canonical\" href=\"https:\/\/fuentesfidedignas.com.mx\/index.php\/2023\/07\/11\/ratifican-a-marco-antonio-alvarez-como-fiscal-anticorrupcion8557\/\" \/>\n<meta property=\"og:locale\" content=\"es_MX\" \/>\n<meta property=\"og:type\" content=\"article\" \/>\n<meta property=\"og:title\" content=\"Ratifican a Marco Antonio \u00c1lvarez como Fiscal Anticorrupci\u00f3n - Fuentes Fidedignas\" \/>\n<meta property=\"og:description\" content=\"Se aprob\u00f3 por mayor\u00eda de las diputadas y diputados presentes en la Sesi\u00f3n Ordinaria de este martes Culiac\u00e1n, Sin.- El Congreso del Estado de Sinaloa aprob\u00f3 Acuerdo de la Junta de Coordinaci\u00f3n Pol\u00edtica, en el sentido de no objetar y por lo tanto ratificar la designaci\u00f3n de Marco Antonio \u00c1lvarez Armenta, como Fiscal Especializado en [&hellip;]\" \/>\n<meta property=\"og:url\" content=\"https:\/\/fuentesfidedignas.com.mx\/index.php\/2023\/07\/11\/ratifican-a-marco-antonio-alvarez-como-fiscal-anticorrupcion8557\/\" \/>\n<meta property=\"og:site_name\" content=\"Fuentes Fidedignas\" \/>\n<meta property=\"article:publisher\" content=\"https:\/\/www.facebook.com\/Fuentes-Fidedignas-368234489921644\" \/>\n<meta property=\"article:published_time\" content=\"2023-07-11T19:47:50+00:00\" \/>\n<meta property=\"article:modified_time\" content=\"2023-07-11T20:22:50+00:00\" \/>\n<meta property=\"og:image\" content=\"https:\/\/fuentesfidedignas.com.mx\/wp-content\/uploads\/2023\/07\/IMG-20230711-WA0029.jpg\" \/>\n\t<meta property=\"og:image:width\" content=\"586\" \/>\n\t<meta property=\"og:image:height\" content=\"410\" \/>\n\t<meta property=\"og:image:type\" content=\"image\/jpeg\" \/>\n<meta name=\"author\" content=\"Marissa Palafox\" \/>\n<meta name=\"twitter:card\" content=\"summary_large_image\" \/>\n<meta name=\"twitter:creator\" content=\"@fidedignas\" \/>\n<meta name=\"twitter:site\" content=\"@fidedignas\" \/>\n<meta name=\"twitter:label1\" content=\"Escrito por\" \/>\n\t<meta name=\"twitter:data1\" content=\"Marissa Palafox\" \/>\n\t<meta name=\"twitter:label2\" content=\"Tiempo de lectura\" \/>\n\t<meta name=\"twitter:data2\" content=\"2 minutos\" \/>\n<script type=\"application\/ld+json\" class=\"yoast-schema-graph\">{\"@context\":\"https:\\\/\\\/schema.org\",\"@graph\":[{\"@type\":\"Article\",\"@id\":\"https:\\\/\\\/fuentesfidedignas.com.mx\\\/index.php\\\/2023\\\/07\\\/11\\\/ratifican-a-marco-antonio-alvarez-como-fiscal-anticorrupcion8557\\\/#article\",\"isPartOf\":{\"@id\":\"https:\\\/\\\/fuentesfidedignas.com.mx\\\/index.php\\\/2023\\\/07\\\/11\\\/ratifican-a-marco-antonio-alvarez-como-fiscal-anticorrupcion8557\\\/\"},\"author\":{\"name\":\"Marissa Palafox\",\"@id\":\"https:\\\/\\\/fuentesfidedignas.com.mx\\\/#\\\/schema\\\/person\\\/2c10028b4a30078c05a056a215342ab9\"},\"headline\":\"Ratifican a Marco Antonio \u00c1lvarez como Fiscal Anticorrupci\u00f3n\",\"datePublished\":\"2023-07-11T19:47:50+00:00\",\"dateModified\":\"2023-07-11T20:22:50+00:00\",\"mainEntityOfPage\":{\"@id\":\"https:\\\/\\\/fuentesfidedignas.com.mx\\\/index.php\\\/2023\\\/07\\\/11\\\/ratifican-a-marco-antonio-alvarez-como-fiscal-anticorrupcion8557\\\/\"},\"wordCount\":317,\"commentCount\":0,\"publisher\":{\"@id\":\"https:\\\/\\\/fuentesfidedignas.com.mx\\\/#organization\"},\"image\":{\"@id\":\"https:\\\/\\\/fuentesfidedignas.com.mx\\\/index.php\\\/2023\\\/07\\\/11\\\/ratifican-a-marco-antonio-alvarez-como-fiscal-anticorrupcion8557\\\/#primaryimage\"},\"thumbnailUrl\":\"https:\\\/\\\/fuentesfidedignas.com.mx\\\/wp-content\\\/uploads\\\/2023\\\/07\\\/IMG-20230711-WA0029.jpg\",\"articleSection\":[\"NOTICIAS LOCALES\"],\"inLanguage\":\"es\",\"potentialAction\":[{\"@type\":\"CommentAction\",\"name\":\"Comment\",\"target\":[\"https:\\\/\\\/fuentesfidedignas.com.mx\\\/index.php\\\/2023\\\/07\\\/11\\\/ratifican-a-marco-antonio-alvarez-como-fiscal-anticorrupcion8557\\\/#respond\"]}]},{\"@type\":\"WebPage\",\"@id\":\"https:\\\/\\\/fuentesfidedignas.com.mx\\\/index.php\\\/2023\\\/07\\\/11\\\/ratifican-a-marco-antonio-alvarez-como-fiscal-anticorrupcion8557\\\/\",\"url\":\"https:\\\/\\\/fuentesfidedignas.com.mx\\\/index.php\\\/2023\\\/07\\\/11\\\/ratifican-a-marco-antonio-alvarez-como-fiscal-anticorrupcion8557\\\/\",\"name\":\"Ratifican a Marco Antonio \u00c1lvarez como Fiscal Anticorrupci\u00f3n - Fuentes Fidedignas\",\"isPartOf\":{\"@id\":\"https:\\\/\\\/fuentesfidedignas.com.mx\\\/#website\"},\"primaryImageOfPage\":{\"@id\":\"https:\\\/\\\/fuentesfidedignas.com.mx\\\/index.php\\\/2023\\\/07\\\/11\\\/ratifican-a-marco-antonio-alvarez-como-fiscal-anticorrupcion8557\\\/#primaryimage\"},\"image\":{\"@id\":\"https:\\\/\\\/fuentesfidedignas.com.mx\\\/index.php\\\/2023\\\/07\\\/11\\\/ratifican-a-marco-antonio-alvarez-como-fiscal-anticorrupcion8557\\\/#primaryimage\"},\"thumbnailUrl\":\"https:\\\/\\\/fuentesfidedignas.com.mx\\\/wp-content\\\/uploads\\\/2023\\\/07\\\/IMG-20230711-WA0029.jpg\",\"datePublished\":\"2023-07-11T19:47:50+00:00\",\"dateModified\":\"2023-07-11T20:22:50+00:00\",\"breadcrumb\":{\"@id\":\"https:\\\/\\\/fuentesfidedignas.com.mx\\\/index.php\\\/2023\\\/07\\\/11\\\/ratifican-a-marco-antonio-alvarez-como-fiscal-anticorrupcion8557\\\/#breadcrumb\"},\"inLanguage\":\"es\",\"potentialAction\":[{\"@type\":\"ReadAction\",\"target\":[\"https:\\\/\\\/fuentesfidedignas.com.mx\\\/index.php\\\/2023\\\/07\\\/11\\\/ratifican-a-marco-antonio-alvarez-como-fiscal-anticorrupcion8557\\\/\"]}]},{\"@type\":\"ImageObject\",\"inLanguage\":\"es\",\"@id\":\"https:\\\/\\\/fuentesfidedignas.com.mx\\\/index.php\\\/2023\\\/07\\\/11\\\/ratifican-a-marco-antonio-alvarez-como-fiscal-anticorrupcion8557\\\/#primaryimage\",\"url\":\"https:\\\/\\\/fuentesfidedignas.com.mx\\\/wp-content\\\/uploads\\\/2023\\\/07\\\/IMG-20230711-WA0029.jpg\",\"contentUrl\":\"https:\\\/\\\/fuentesfidedignas.com.mx\\\/wp-content\\\/uploads\\\/2023\\\/07\\\/IMG-20230711-WA0029.jpg\",\"width\":586,\"height\":410},{\"@type\":\"BreadcrumbList\",\"@id\":\"https:\\\/\\\/fuentesfidedignas.com.mx\\\/index.php\\\/2023\\\/07\\\/11\\\/ratifican-a-marco-antonio-alvarez-como-fiscal-anticorrupcion8557\\\/#breadcrumb\",\"itemListElement\":[{\"@type\":\"ListItem\",\"position\":1,\"name\":\"Inicio\",\"item\":\"https:\\\/\\\/fuentesfidedignas.com.mx\\\/\"},{\"@type\":\"ListItem\",\"position\":2,\"name\":\"Ratifican a Marco Antonio \u00c1lvarez como Fiscal Anticorrupci\u00f3n\"}]},{\"@type\":\"WebSite\",\"@id\":\"https:\\\/\\\/fuentesfidedignas.com.mx\\\/#website\",\"url\":\"https:\\\/\\\/fuentesfidedignas.com.mx\\\/\",\"name\":\"Fuentes Fidedignas\",\"description\":\"Otro sitio realizado con WordPress\",\"publisher\":{\"@id\":\"https:\\\/\\\/fuentesfidedignas.com.mx\\\/#organization\"},\"potentialAction\":[{\"@type\":\"SearchAction\",\"target\":{\"@type\":\"EntryPoint\",\"urlTemplate\":\"https:\\\/\\\/fuentesfidedignas.com.mx\\\/?s={search_term_string}\"},\"query-input\":{\"@type\":\"PropertyValueSpecification\",\"valueRequired\":true,\"valueName\":\"search_term_string\"}}],\"inLanguage\":\"es\"},{\"@type\":\"Organization\",\"@id\":\"https:\\\/\\\/fuentesfidedignas.com.mx\\\/#organization\",\"name\":\"Fuentes Fidedignas\",\"url\":\"https:\\\/\\\/fuentesfidedignas.com.mx\\\/\",\"logo\":{\"@type\":\"ImageObject\",\"inLanguage\":\"es\",\"@id\":\"https:\\\/\\\/fuentesfidedignas.com.mx\\\/#\\\/schema\\\/logo\\\/image\\\/\",\"url\":\"https:\\\/\\\/fuentesfidedignas.com.mx\\\/wp-content\\\/uploads\\\/2021\\\/04\\\/logo-retina.png\",\"contentUrl\":\"https:\\\/\\\/fuentesfidedignas.com.mx\\\/wp-content\\\/uploads\\\/2021\\\/04\\\/logo-retina.png\",\"width\":280,\"height\":51,\"caption\":\"Fuentes Fidedignas\"},\"image\":{\"@id\":\"https:\\\/\\\/fuentesfidedignas.com.mx\\\/#\\\/schema\\\/logo\\\/image\\\/\"},\"sameAs\":[\"https:\\\/\\\/www.facebook.com\\\/Fuentes-Fidedignas-368234489921644\",\"https:\\\/\\\/x.com\\\/fidedignas\"]},{\"@type\":\"Person\",\"@id\":\"https:\\\/\\\/fuentesfidedignas.com.mx\\\/#\\\/schema\\\/person\\\/2c10028b4a30078c05a056a215342ab9\",\"name\":\"Marissa Palafox\",\"image\":{\"@type\":\"ImageObject\",\"inLanguage\":\"es\",\"@id\":\"https:\\\/\\\/secure.gravatar.com\\\/avatar\\\/20a43bdb2f2db10f20b22d4e98b96eb027faf98f7f76d29854dc5fab46d1cf71?s=96&d=mm&r=g\",\"url\":\"https:\\\/\\\/secure.gravatar.com\\\/avatar\\\/20a43bdb2f2db10f20b22d4e98b96eb027faf98f7f76d29854dc5fab46d1cf71?s=96&d=mm&r=g\",\"contentUrl\":\"https:\\\/\\\/secure.gravatar.com\\\/avatar\\\/20a43bdb2f2db10f20b22d4e98b96eb027faf98f7f76d29854dc5fab46d1cf71?s=96&d=mm&r=g\",\"caption\":\"Marissa Palafox\"},\"url\":\"https:\\\/\\\/fuentesfidedignas.com.mx\\\/index.php\\\/author\\\/marissa\\\/\"}]}<\/script>\n<!-- \/ Yoast SEO plugin. -->","yoast_head_json":{"title":"Ratifican a Marco Antonio \u00c1lvarez como Fiscal Anticorrupci\u00f3n - Fuentes Fidedignas","robots":{"index":"index","follow":"follow","max-snippet":"max-snippet:-1","max-image-preview":"max-image-preview:large","max-video-preview":"max-video-preview:-1"},"canonical":"https:\/\/fuentesfidedignas.com.mx\/index.php\/2023\/07\/11\/ratifican-a-marco-antonio-alvarez-como-fiscal-anticorrupcion8557\/","og_locale":"es_MX","og_type":"article","og_title":"Ratifican a Marco Antonio \u00c1lvarez como Fiscal Anticorrupci\u00f3n - Fuentes Fidedignas","og_description":"Se aprob\u00f3 por mayor\u00eda de las diputadas y diputados presentes en la Sesi\u00f3n Ordinaria de este martes Culiac\u00e1n, Sin.- El Congreso del Estado de Sinaloa aprob\u00f3 Acuerdo de la Junta de Coordinaci\u00f3n Pol\u00edtica, en el sentido de no objetar y por lo tanto ratificar la designaci\u00f3n de Marco Antonio \u00c1lvarez Armenta, como Fiscal Especializado en [&hellip;]","og_url":"https:\/\/fuentesfidedignas.com.mx\/index.php\/2023\/07\/11\/ratifican-a-marco-antonio-alvarez-como-fiscal-anticorrupcion8557\/","og_site_name":"Fuentes Fidedignas","article_publisher":"https:\/\/www.facebook.com\/Fuentes-Fidedignas-368234489921644","article_published_time":"2023-07-11T19:47:50+00:00","article_modified_time":"2023-07-11T20:22:50+00:00","og_image":[{"width":586,"height":410,"url":"https:\/\/fuentesfidedignas.com.mx\/wp-content\/uploads\/2023\/07\/IMG-20230711-WA0029.jpg","type":"image\/jpeg"}],"author":"Marissa Palafox","twitter_card":"summary_large_image","twitter_creator":"@fidedignas","twitter_site":"@fidedignas","twitter_misc":{"Escrito por":"Marissa Palafox","Tiempo de lectura":"2 minutos"},"schema":{"@context":"https:\/\/schema.org","@graph":[{"@type":"Article","@id":"https:\/\/fuentesfidedignas.com.mx\/index.php\/2023\/07\/11\/ratifican-a-marco-antonio-alvarez-como-fiscal-anticorrupcion8557\/#article","isPartOf":{"@id":"https:\/\/fuentesfidedignas.com.mx\/index.php\/2023\/07\/11\/ratifican-a-marco-antonio-alvarez-como-fiscal-anticorrupcion8557\/"},"author":{"name":"Marissa Palafox","@id":"https:\/\/fuentesfidedignas.com.mx\/#\/schema\/person\/2c10028b4a30078c05a056a215342ab9"},"headline":"Ratifican a Marco Antonio \u00c1lvarez como Fiscal Anticorrupci\u00f3n","datePublished":"2023-07-11T19:47:50+00:00","dateModified":"2023-07-11T20:22:50+00:00","mainEntityOfPage":{"@id":"https:\/\/fuentesfidedignas.com.mx\/index.php\/2023\/07\/11\/ratifican-a-marco-antonio-alvarez-como-fiscal-anticorrupcion8557\/"},"wordCount":317,"commentCount":0,"publisher":{"@id":"https:\/\/fuentesfidedignas.com.mx\/#organization"},"image":{"@id":"https:\/\/fuentesfidedignas.com.mx\/index.php\/2023\/07\/11\/ratifican-a-marco-antonio-alvarez-como-fiscal-anticorrupcion8557\/#primaryimage"},"thumbnailUrl":"https:\/\/fuentesfidedignas.com.mx\/wp-content\/uploads\/2023\/07\/IMG-20230711-WA0029.jpg","articleSection":["NOTICIAS LOCALES"],"inLanguage":"es","potentialAction":[{"@type":"CommentAction","name":"Comment","target":["https:\/\/fuentesfidedignas.com.mx\/index.php\/2023\/07\/11\/ratifican-a-marco-antonio-alvarez-como-fiscal-anticorrupcion8557\/#respond"]}]},{"@type":"WebPage","@id":"https:\/\/fuentesfidedignas.com.mx\/index.php\/2023\/07\/11\/ratifican-a-marco-antonio-alvarez-como-fiscal-anticorrupcion8557\/","url":"https:\/\/fuentesfidedignas.com.mx\/index.php\/2023\/07\/11\/ratifican-a-marco-antonio-alvarez-como-fiscal-anticorrupcion8557\/","name":"Ratifican a Marco Antonio \u00c1lvarez como Fiscal Anticorrupci\u00f3n - Fuentes Fidedignas","isPartOf":{"@id":"https:\/\/fuentesfidedignas.com.mx\/#website"},"primaryImageOfPage":{"@id":"https:\/\/fuentesfidedignas.com.mx\/index.php\/2023\/07\/11\/ratifican-a-marco-antonio-alvarez-como-fiscal-anticorrupcion8557\/#primaryimage"},"image":{"@id":"https:\/\/fuentesfidedignas.com.mx\/index.php\/2023\/07\/11\/ratifican-a-marco-antonio-alvarez-como-fiscal-anticorrupcion8557\/#primaryimage"},"thumbnailUrl":"https:\/\/fuentesfidedignas.com.mx\/wp-content\/uploads\/2023\/07\/IMG-20230711-WA0029.jpg","datePublished":"2023-07-11T19:47:50+00:00","dateModified":"2023-07-11T20:22:50+00:00","breadcrumb":{"@id":"https:\/\/fuentesfidedignas.com.mx\/index.php\/2023\/07\/11\/ratifican-a-marco-antonio-alvarez-como-fiscal-anticorrupcion8557\/#breadcrumb"},"inLanguage":"es","potentialAction":[{"@type":"ReadAction","target":["https:\/\/fuentesfidedignas.com.mx\/index.php\/2023\/07\/11\/ratifican-a-marco-antonio-alvarez-como-fiscal-anticorrupcion8557\/"]}]},{"@type":"ImageObject","inLanguage":"es","@id":"https:\/\/fuentesfidedignas.com.mx\/index.php\/2023\/07\/11\/ratifican-a-marco-antonio-alvarez-como-fiscal-anticorrupcion8557\/#primaryimage","url":"https:\/\/fuentesfidedignas.com.mx\/wp-content\/uploads\/2023\/07\/IMG-20230711-WA0029.jpg","contentUrl":"https:\/\/fuentesfidedignas.com.mx\/wp-content\/uploads\/2023\/07\/IMG-20230711-WA0029.jpg","width":586,"height":410},{"@type":"BreadcrumbList","@id":"https:\/\/fuentesfidedignas.com.mx\/index.php\/2023\/07\/11\/ratifican-a-marco-antonio-alvarez-como-fiscal-anticorrupcion8557\/#breadcrumb","itemListElement":[{"@type":"ListItem","position":1,"name":"Inicio","item":"https:\/\/fuentesfidedignas.com.mx\/"},{"@type":"ListItem","position":2,"name":"Ratifican a Marco Antonio \u00c1lvarez como Fiscal Anticorrupci\u00f3n"}]},{"@type":"WebSite","@id":"https:\/\/fuentesfidedignas.com.mx\/#website","url":"https:\/\/fuentesfidedignas.com.mx\/","name":"Fuentes Fidedignas","description":"Otro sitio realizado con WordPress","publisher":{"@id":"https:\/\/fuentesfidedignas.com.mx\/#organization"},"potentialAction":[{"@type":"SearchAction","target":{"@type":"EntryPoint","urlTemplate":"https:\/\/fuentesfidedignas.com.mx\/?s={search_term_string}"},"query-input":{"@type":"PropertyValueSpecification","valueRequired":true,"valueName":"search_term_string"}}],"inLanguage":"es"},{"@type":"Organization","@id":"https:\/\/fuentesfidedignas.com.mx\/#organization","name":"Fuentes Fidedignas","url":"https:\/\/fuentesfidedignas.com.mx\/","logo":{"@type":"ImageObject","inLanguage":"es","@id":"https:\/\/fuentesfidedignas.com.mx\/#\/schema\/logo\/image\/","url":"https:\/\/fuentesfidedignas.com.mx\/wp-content\/uploads\/2021\/04\/logo-retina.png","contentUrl":"https:\/\/fuentesfidedignas.com.mx\/wp-content\/uploads\/2021\/04\/logo-retina.png","width":280,"height":51,"caption":"Fuentes Fidedignas"},"image":{"@id":"https:\/\/fuentesfidedignas.com.mx\/#\/schema\/logo\/image\/"},"sameAs":["https:\/\/www.facebook.com\/Fuentes-Fidedignas-368234489921644","https:\/\/x.com\/fidedignas"]},{"@type":"Person","@id":"https:\/\/fuentesfidedignas.com.mx\/#\/schema\/person\/2c10028b4a30078c05a056a215342ab9","name":"Marissa Palafox","image":{"@type":"ImageObject","inLanguage":"es","@id":"https:\/\/secure.gravatar.com\/avatar\/20a43bdb2f2db10f20b22d4e98b96eb027faf98f7f76d29854dc5fab46d1cf71?s=96&d=mm&r=g","url":"https:\/\/secure.gravatar.com\/avatar\/20a43bdb2f2db10f20b22d4e98b96eb027faf98f7f76d29854dc5fab46d1cf71?s=96&d=mm&r=g","contentUrl":"https:\/\/secure.gravatar.com\/avatar\/20a43bdb2f2db10f20b22d4e98b96eb027faf98f7f76d29854dc5fab46d1cf71?s=96&d=mm&r=g","caption":"Marissa Palafox"},"url":"https:\/\/fuentesfidedignas.com.mx\/index.php\/author\/marissa\/"}]}},"_links":{"self":[{"href":"https:\/\/fuentesfidedignas.com.mx\/index.php\/wp-json\/wp\/v2\/posts\/52524","targetHints":{"allow":["GET"]}}],"collection":[{"href":"https:\/\/fuentesfidedignas.com.mx\/index.php\/wp-json\/wp\/v2\/posts"}],"about":[{"href":"https:\/\/fuentesfidedignas.com.mx\/index.php\/wp-json\/wp\/v2\/types\/post"}],"author":[{"embeddable":true,"href":"https:\/\/fuentesfidedignas.com.mx\/index.php\/wp-json\/wp\/v2\/users\/11"}],"replies":[{"embeddable":true,"href":"https:\/\/fuentesfidedignas.com.mx\/index.php\/wp-json\/wp\/v2\/comments?post=52524"}],"version-history":[{"count":1,"href":"https:\/\/fuentesfidedignas.com.mx\/index.php\/wp-json\/wp\/v2\/posts\/52524\/revisions"}],"predecessor-version":[{"id":52525,"href":"https:\/\/fuentesfidedignas.com.mx\/index.php\/wp-json\/wp\/v2\/posts\/52524\/revisions\/52525"}],"wp:featuredmedia":[{"embeddable":true,"href":"https:\/\/fuentesfidedignas.com.mx\/index.php\/wp-json\/wp\/v2\/media\/52526"}],"wp:attachment":[{"href":"https:\/\/fuentesfidedignas.com.mx\/index.php\/wp-json\/wp\/v2\/media?parent=52524"}],"wp:term":[{"taxonomy":"category","embeddable":true,"href":"https:\/\/fuentesfidedignas.com.mx\/index.php\/wp-json\/wp\/v2\/categories?post=52524"},{"taxonomy":"post_tag","embeddable":true,"href":"https:\/\/fuentesfidedignas.com.mx\/index.php\/wp-json\/wp\/v2\/tags?post=52524"}],"curies":[{"name":"wp","href":"https:\/\/api.w.org\/{rel}","templated":true}]}}