{"id":52512,"date":"2023-07-11T12:22:25","date_gmt":"2023-07-11T19:22:25","guid":{"rendered":"https:\/\/fuentesfidedignas.com.mx\/?p=52512"},"modified":"2023-07-11T12:31:26","modified_gmt":"2023-07-11T19:31:26","slug":"mc-se-resiste-a-aliarse-con-va-por-mexico-dante-delgado-niega-apoyo-a-xochitl-galvez","status":"publish","type":"post","link":"https:\/\/fuentesfidedignas.com.mx\/index.php\/2023\/07\/11\/mc-se-resiste-a-aliarse-con-va-por-mexico-dante-delgado-niega-apoyo-a-xochitl-galvez\/","title":{"rendered":"MC \u2018se resiste\u2019 a aliarse con Va por M\u00e9xico: Dante Delgado niega apoyo a X\u00f3chitl G\u00e1lvez"},"content":{"rendered":"\n<p><strong><em>El l\u00edder de MC dijo que es una falta de respeto apoyar a X\u00f3chitl G\u00e1lvez cuando a\u00fan no es candidata<\/em><\/strong><\/p>\n\n\n\n<p>Ciudad de M\u00e9xico. Dante Delgado, coordinador nacional de Movimiento Ciudadano (MC), neg\u00f3 este martes 11 de julio que su partido busque aliarse con la coalici\u00f3n Va por M\u00e9xico para apoyar la candidatura de la panista X\u00f3chitl G\u00e1lvez.<\/p>\n\n\n\n<p>En entrevista con Ciro G\u00f3mez Leyva, Delgado reiter\u00f3 que su partido lleva un proceso rumbo a 2024 independiente y enfatiz\u00f3 que G\u00e1lvez a\u00fan no es candidata. \u201c<em>Ella no es candidata, solo est\u00e1 participando en un proceso, todav\u00eda no hay candidatura<\/em>\u201d, remarc\u00f3.<\/p>\n\n\n\n<p>Adem\u00e1s, explic\u00f3 que ser\u00eda una falta de respeto que los dirigentes de Va por M\u00e9xico vean a X\u00f3chitl G\u00e1lvez como la candidata cuando a\u00fan el proceso no ha terminado.<\/p>\n\n\n\n<p>\u201cX\u00f3chitl no es candidata de acuerdo con los procedimientos, adelantar un resultado es faltarle al respeto por parte de ellos a todos los dem\u00e1s candidatos\u201d, sostuvo.<\/p>\n\n\n\n<p>Por esta raz\u00f3n, anunci\u00f3 que este viernes 14 de julio dar\u00e1 a conocer los lineamientos que seguir\u00e1 Movimiento Ciudadano rumbo a las elecciones de 2024.<\/p>\n\n\n\n<p><strong>\u00bfMovimiento Ciudadano da \u2018espaldarazo\u2019 a X\u00f3chitl G\u00e1lvez?<\/strong><\/p>\n\n\n\n<p>La semana pasada, Movimiento Ciudadano (MC) detall\u00f3 que podr\u00eda sumarse a una virtual candidatura de la senadora panista X\u00f3chitl G\u00e1lvez.<\/p>\n\n\n\n<p>El coordinador de su bancada en el Senado, Clemente Casta\u00f1eda Hoeflich, declar\u00f3 que si la legisladora panista es la candidata del Frente Amplio por M\u00e9xico, conformado por PAN, PRI y PRD, Movimiento Ciudadano tendr\u00e1 que \u201creplantear\u201d su posici\u00f3n pol\u00edtica de ir solos de cara al proceso electoral de 2024.<\/p>\n\n\n\n<p>\u201cTendr\u00edamos que abrir un debate. Estoy seguro de que la dirigencia nacional piensa en t\u00e9rminos muy similares. Creo que la estrategia de MC ha sido correcta. Yo he sido parte de esta estrategia. (\u2026) Ir solos en 2021 le represent\u00f3 a MC la posici\u00f3n de revalorarse como organizaci\u00f3n pol\u00edtica, de crear expectativa de futuro.<\/p>\n\n\n\n<p>\u201cY hoy lo que nosotros podr\u00edamos aportar a un escenario donde se replantee una alianza, donde los partidos se pongan al servicio de una expresi\u00f3n genuina, ciudadana, creo que puede ser de mucha utilidad\u201d, expres\u00f3 al ser entrevistado en el programa radial Tela de Juicio, en Radiorama de Occidente.<\/p>\n","protected":false},"excerpt":{"rendered":"<p>El l\u00edder de MC dijo que es una falta de respeto apoyar a X\u00f3chitl G\u00e1lvez cuando a\u00fan no es candidata Ciudad de M\u00e9xico. Dante Delgado, coordinador nacional de Movimiento Ciudadano (MC), neg\u00f3 este martes 11 de julio que su partido busque aliarse con la coalici\u00f3n Va por M\u00e9xico para apoyar la candidatura de la panista [&hellip;]<\/p>\n","protected":false},"author":4,"featured_media":52514,"comment_status":"open","ping_status":"open","sticky":false,"template":"","format":"standard","meta":{"tdm_status":"","tdm_grid_status":"","footnotes":""},"categories":[39,1],"tags":[],"class_list":{"0":"post-52512","1":"post","2":"type-post","3":"status-publish","4":"format-standard","5":"has-post-thumbnail","7":"category-noticias-nacionales","8":"category-sin-categoria"},"yoast_head":"<!-- This site is optimized with the Yoast SEO plugin v27.5 - https:\/\/yoast.com\/product\/yoast-seo-wordpress\/ -->\n<title>MC \u2018se resiste\u2019 a aliarse con Va por M\u00e9xico: Dante Delgado niega apoyo a X\u00f3chitl G\u00e1lvez - Fuentes Fidedignas<\/title>\n<meta name=\"robots\" content=\"index, follow, max-snippet:-1, max-image-preview:large, max-video-preview:-1\" \/>\n<link rel=\"canonical\" href=\"https:\/\/fuentesfidedignas.com.mx\/index.php\/2023\/07\/11\/mc-se-resiste-a-aliarse-con-va-por-mexico-dante-delgado-niega-apoyo-a-xochitl-galvez\/\" \/>\n<meta property=\"og:locale\" content=\"es_MX\" \/>\n<meta property=\"og:type\" content=\"article\" \/>\n<meta property=\"og:title\" content=\"MC \u2018se resiste\u2019 a aliarse con Va por M\u00e9xico: Dante Delgado niega apoyo a X\u00f3chitl G\u00e1lvez - Fuentes Fidedignas\" \/>\n<meta property=\"og:description\" content=\"El l\u00edder de MC dijo que es una falta de respeto apoyar a X\u00f3chitl G\u00e1lvez cuando a\u00fan no es candidata Ciudad de M\u00e9xico. Dante Delgado, coordinador nacional de Movimiento Ciudadano (MC), neg\u00f3 este martes 11 de julio que su partido busque aliarse con la coalici\u00f3n Va por M\u00e9xico para apoyar la candidatura de la panista [&hellip;]\" \/>\n<meta property=\"og:url\" content=\"https:\/\/fuentesfidedignas.com.mx\/index.php\/2023\/07\/11\/mc-se-resiste-a-aliarse-con-va-por-mexico-dante-delgado-niega-apoyo-a-xochitl-galvez\/\" \/>\n<meta property=\"og:site_name\" content=\"Fuentes Fidedignas\" \/>\n<meta property=\"article:publisher\" content=\"https:\/\/www.facebook.com\/Fuentes-Fidedignas-368234489921644\" \/>\n<meta property=\"article:published_time\" content=\"2023-07-11T19:22:25+00:00\" \/>\n<meta property=\"article:modified_time\" content=\"2023-07-11T19:31:26+00:00\" \/>\n<meta property=\"og:image\" content=\"https:\/\/fuentesfidedignas.com.mx\/wp-content\/uploads\/2023\/07\/TGCC2IJCIBBJRKOL5LAH3JJWHY.jpeg\" \/>\n\t<meta property=\"og:image:width\" content=\"800\" \/>\n\t<meta property=\"og:image:height\" content=\"450\" \/>\n\t<meta property=\"og:image:type\" content=\"image\/jpeg\" \/>\n<meta name=\"author\" content=\"Redacci\u00f3n\" \/>\n<meta name=\"twitter:card\" content=\"summary_large_image\" \/>\n<meta name=\"twitter:creator\" content=\"@fidedignas\" \/>\n<meta name=\"twitter:site\" content=\"@fidedignas\" \/>\n<meta name=\"twitter:label1\" content=\"Escrito por\" \/>\n\t<meta name=\"twitter:data1\" content=\"Redacci\u00f3n\" \/>\n\t<meta name=\"twitter:label2\" content=\"Tiempo de lectura\" \/>\n\t<meta name=\"twitter:data2\" content=\"2 minutos\" \/>\n<script type=\"application\/ld+json\" class=\"yoast-schema-graph\">{\"@context\":\"https:\\\/\\\/schema.org\",\"@graph\":[{\"@type\":\"Article\",\"@id\":\"https:\\\/\\\/fuentesfidedignas.com.mx\\\/index.php\\\/2023\\\/07\\\/11\\\/mc-se-resiste-a-aliarse-con-va-por-mexico-dante-delgado-niega-apoyo-a-xochitl-galvez\\\/#article\",\"isPartOf\":{\"@id\":\"https:\\\/\\\/fuentesfidedignas.com.mx\\\/index.php\\\/2023\\\/07\\\/11\\\/mc-se-resiste-a-aliarse-con-va-por-mexico-dante-delgado-niega-apoyo-a-xochitl-galvez\\\/\"},\"author\":{\"name\":\"Redacci\u00f3n\",\"@id\":\"https:\\\/\\\/fuentesfidedignas.com.mx\\\/#\\\/schema\\\/person\\\/331be9283d37198e2acd5750279085b0\"},\"headline\":\"MC \u2018se resiste\u2019 a aliarse con Va por M\u00e9xico: Dante Delgado niega apoyo a X\u00f3chitl G\u00e1lvez\",\"datePublished\":\"2023-07-11T19:22:25+00:00\",\"dateModified\":\"2023-07-11T19:31:26+00:00\",\"mainEntityOfPage\":{\"@id\":\"https:\\\/\\\/fuentesfidedignas.com.mx\\\/index.php\\\/2023\\\/07\\\/11\\\/mc-se-resiste-a-aliarse-con-va-por-mexico-dante-delgado-niega-apoyo-a-xochitl-galvez\\\/\"},\"wordCount\":407,\"commentCount\":0,\"publisher\":{\"@id\":\"https:\\\/\\\/fuentesfidedignas.com.mx\\\/#organization\"},\"image\":{\"@id\":\"https:\\\/\\\/fuentesfidedignas.com.mx\\\/index.php\\\/2023\\\/07\\\/11\\\/mc-se-resiste-a-aliarse-con-va-por-mexico-dante-delgado-niega-apoyo-a-xochitl-galvez\\\/#primaryimage\"},\"thumbnailUrl\":\"https:\\\/\\\/fuentesfidedignas.com.mx\\\/wp-content\\\/uploads\\\/2023\\\/07\\\/TGCC2IJCIBBJRKOL5LAH3JJWHY.jpeg\",\"articleSection\":[\"NOTICIAS NACIONALES\"],\"inLanguage\":\"es\",\"potentialAction\":[{\"@type\":\"CommentAction\",\"name\":\"Comment\",\"target\":[\"https:\\\/\\\/fuentesfidedignas.com.mx\\\/index.php\\\/2023\\\/07\\\/11\\\/mc-se-resiste-a-aliarse-con-va-por-mexico-dante-delgado-niega-apoyo-a-xochitl-galvez\\\/#respond\"]}]},{\"@type\":\"WebPage\",\"@id\":\"https:\\\/\\\/fuentesfidedignas.com.mx\\\/index.php\\\/2023\\\/07\\\/11\\\/mc-se-resiste-a-aliarse-con-va-por-mexico-dante-delgado-niega-apoyo-a-xochitl-galvez\\\/\",\"url\":\"https:\\\/\\\/fuentesfidedignas.com.mx\\\/index.php\\\/2023\\\/07\\\/11\\\/mc-se-resiste-a-aliarse-con-va-por-mexico-dante-delgado-niega-apoyo-a-xochitl-galvez\\\/\",\"name\":\"MC \u2018se resiste\u2019 a aliarse con Va por M\u00e9xico: Dante Delgado niega apoyo a X\u00f3chitl G\u00e1lvez - Fuentes Fidedignas\",\"isPartOf\":{\"@id\":\"https:\\\/\\\/fuentesfidedignas.com.mx\\\/#website\"},\"primaryImageOfPage\":{\"@id\":\"https:\\\/\\\/fuentesfidedignas.com.mx\\\/index.php\\\/2023\\\/07\\\/11\\\/mc-se-resiste-a-aliarse-con-va-por-mexico-dante-delgado-niega-apoyo-a-xochitl-galvez\\\/#primaryimage\"},\"image\":{\"@id\":\"https:\\\/\\\/fuentesfidedignas.com.mx\\\/index.php\\\/2023\\\/07\\\/11\\\/mc-se-resiste-a-aliarse-con-va-por-mexico-dante-delgado-niega-apoyo-a-xochitl-galvez\\\/#primaryimage\"},\"thumbnailUrl\":\"https:\\\/\\\/fuentesfidedignas.com.mx\\\/wp-content\\\/uploads\\\/2023\\\/07\\\/TGCC2IJCIBBJRKOL5LAH3JJWHY.jpeg\",\"datePublished\":\"2023-07-11T19:22:25+00:00\",\"dateModified\":\"2023-07-11T19:31:26+00:00\",\"breadcrumb\":{\"@id\":\"https:\\\/\\\/fuentesfidedignas.com.mx\\\/index.php\\\/2023\\\/07\\\/11\\\/mc-se-resiste-a-aliarse-con-va-por-mexico-dante-delgado-niega-apoyo-a-xochitl-galvez\\\/#breadcrumb\"},\"inLanguage\":\"es\",\"potentialAction\":[{\"@type\":\"ReadAction\",\"target\":[\"https:\\\/\\\/fuentesfidedignas.com.mx\\\/index.php\\\/2023\\\/07\\\/11\\\/mc-se-resiste-a-aliarse-con-va-por-mexico-dante-delgado-niega-apoyo-a-xochitl-galvez\\\/\"]}]},{\"@type\":\"ImageObject\",\"inLanguage\":\"es\",\"@id\":\"https:\\\/\\\/fuentesfidedignas.com.mx\\\/index.php\\\/2023\\\/07\\\/11\\\/mc-se-resiste-a-aliarse-con-va-por-mexico-dante-delgado-niega-apoyo-a-xochitl-galvez\\\/#primaryimage\",\"url\":\"https:\\\/\\\/fuentesfidedignas.com.mx\\\/wp-content\\\/uploads\\\/2023\\\/07\\\/TGCC2IJCIBBJRKOL5LAH3JJWHY.jpeg\",\"contentUrl\":\"https:\\\/\\\/fuentesfidedignas.com.mx\\\/wp-content\\\/uploads\\\/2023\\\/07\\\/TGCC2IJCIBBJRKOL5LAH3JJWHY.jpeg\",\"width\":800,\"height\":450},{\"@type\":\"BreadcrumbList\",\"@id\":\"https:\\\/\\\/fuentesfidedignas.com.mx\\\/index.php\\\/2023\\\/07\\\/11\\\/mc-se-resiste-a-aliarse-con-va-por-mexico-dante-delgado-niega-apoyo-a-xochitl-galvez\\\/#breadcrumb\",\"itemListElement\":[{\"@type\":\"ListItem\",\"position\":1,\"name\":\"Inicio\",\"item\":\"https:\\\/\\\/fuentesfidedignas.com.mx\\\/\"},{\"@type\":\"ListItem\",\"position\":2,\"name\":\"MC \u2018se resiste\u2019 a aliarse con Va por M\u00e9xico: Dante Delgado niega apoyo a X\u00f3chitl G\u00e1lvez\"}]},{\"@type\":\"WebSite\",\"@id\":\"https:\\\/\\\/fuentesfidedignas.com.mx\\\/#website\",\"url\":\"https:\\\/\\\/fuentesfidedignas.com.mx\\\/\",\"name\":\"Fuentes Fidedignas\",\"description\":\"Otro sitio realizado con WordPress\",\"publisher\":{\"@id\":\"https:\\\/\\\/fuentesfidedignas.com.mx\\\/#organization\"},\"potentialAction\":[{\"@type\":\"SearchAction\",\"target\":{\"@type\":\"EntryPoint\",\"urlTemplate\":\"https:\\\/\\\/fuentesfidedignas.com.mx\\\/?s={search_term_string}\"},\"query-input\":{\"@type\":\"PropertyValueSpecification\",\"valueRequired\":true,\"valueName\":\"search_term_string\"}}],\"inLanguage\":\"es\"},{\"@type\":\"Organization\",\"@id\":\"https:\\\/\\\/fuentesfidedignas.com.mx\\\/#organization\",\"name\":\"Fuentes Fidedignas\",\"url\":\"https:\\\/\\\/fuentesfidedignas.com.mx\\\/\",\"logo\":{\"@type\":\"ImageObject\",\"inLanguage\":\"es\",\"@id\":\"https:\\\/\\\/fuentesfidedignas.com.mx\\\/#\\\/schema\\\/logo\\\/image\\\/\",\"url\":\"https:\\\/\\\/fuentesfidedignas.com.mx\\\/wp-content\\\/uploads\\\/2021\\\/04\\\/logo-retina.png\",\"contentUrl\":\"https:\\\/\\\/fuentesfidedignas.com.mx\\\/wp-content\\\/uploads\\\/2021\\\/04\\\/logo-retina.png\",\"width\":280,\"height\":51,\"caption\":\"Fuentes Fidedignas\"},\"image\":{\"@id\":\"https:\\\/\\\/fuentesfidedignas.com.mx\\\/#\\\/schema\\\/logo\\\/image\\\/\"},\"sameAs\":[\"https:\\\/\\\/www.facebook.com\\\/Fuentes-Fidedignas-368234489921644\",\"https:\\\/\\\/x.com\\\/fidedignas\"]},{\"@type\":\"Person\",\"@id\":\"https:\\\/\\\/fuentesfidedignas.com.mx\\\/#\\\/schema\\\/person\\\/331be9283d37198e2acd5750279085b0\",\"name\":\"Redacci\u00f3n\",\"image\":{\"@type\":\"ImageObject\",\"inLanguage\":\"es\",\"@id\":\"https:\\\/\\\/secure.gravatar.com\\\/avatar\\\/f6d8782c11d12b2d4ad3fbb6931aeab5309937a4d6cd2fc9cfaa28a6396a5aec?s=96&d=mm&r=g\",\"url\":\"https:\\\/\\\/secure.gravatar.com\\\/avatar\\\/f6d8782c11d12b2d4ad3fbb6931aeab5309937a4d6cd2fc9cfaa28a6396a5aec?s=96&d=mm&r=g\",\"contentUrl\":\"https:\\\/\\\/secure.gravatar.com\\\/avatar\\\/f6d8782c11d12b2d4ad3fbb6931aeab5309937a4d6cd2fc9cfaa28a6396a5aec?s=96&d=mm&r=g\",\"caption\":\"Redacci\u00f3n\"},\"url\":\"https:\\\/\\\/fuentesfidedignas.com.mx\\\/index.php\\\/author\\\/redaccion\\\/\"}]}<\/script>\n<!-- \/ Yoast SEO plugin. -->","yoast_head_json":{"title":"MC \u2018se resiste\u2019 a aliarse con Va por M\u00e9xico: Dante Delgado niega apoyo a X\u00f3chitl G\u00e1lvez - Fuentes Fidedignas","robots":{"index":"index","follow":"follow","max-snippet":"max-snippet:-1","max-image-preview":"max-image-preview:large","max-video-preview":"max-video-preview:-1"},"canonical":"https:\/\/fuentesfidedignas.com.mx\/index.php\/2023\/07\/11\/mc-se-resiste-a-aliarse-con-va-por-mexico-dante-delgado-niega-apoyo-a-xochitl-galvez\/","og_locale":"es_MX","og_type":"article","og_title":"MC \u2018se resiste\u2019 a aliarse con Va por M\u00e9xico: Dante Delgado niega apoyo a X\u00f3chitl G\u00e1lvez - Fuentes Fidedignas","og_description":"El l\u00edder de MC dijo que es una falta de respeto apoyar a X\u00f3chitl G\u00e1lvez cuando a\u00fan no es candidata Ciudad de M\u00e9xico. Dante Delgado, coordinador nacional de Movimiento Ciudadano (MC), neg\u00f3 este martes 11 de julio que su partido busque aliarse con la coalici\u00f3n Va por M\u00e9xico para apoyar la candidatura de la panista [&hellip;]","og_url":"https:\/\/fuentesfidedignas.com.mx\/index.php\/2023\/07\/11\/mc-se-resiste-a-aliarse-con-va-por-mexico-dante-delgado-niega-apoyo-a-xochitl-galvez\/","og_site_name":"Fuentes Fidedignas","article_publisher":"https:\/\/www.facebook.com\/Fuentes-Fidedignas-368234489921644","article_published_time":"2023-07-11T19:22:25+00:00","article_modified_time":"2023-07-11T19:31:26+00:00","og_image":[{"width":800,"height":450,"url":"https:\/\/fuentesfidedignas.com.mx\/wp-content\/uploads\/2023\/07\/TGCC2IJCIBBJRKOL5LAH3JJWHY.jpeg","type":"image\/jpeg"}],"author":"Redacci\u00f3n","twitter_card":"summary_large_image","twitter_creator":"@fidedignas","twitter_site":"@fidedignas","twitter_misc":{"Escrito por":"Redacci\u00f3n","Tiempo de lectura":"2 minutos"},"schema":{"@context":"https:\/\/schema.org","@graph":[{"@type":"Article","@id":"https:\/\/fuentesfidedignas.com.mx\/index.php\/2023\/07\/11\/mc-se-resiste-a-aliarse-con-va-por-mexico-dante-delgado-niega-apoyo-a-xochitl-galvez\/#article","isPartOf":{"@id":"https:\/\/fuentesfidedignas.com.mx\/index.php\/2023\/07\/11\/mc-se-resiste-a-aliarse-con-va-por-mexico-dante-delgado-niega-apoyo-a-xochitl-galvez\/"},"author":{"name":"Redacci\u00f3n","@id":"https:\/\/fuentesfidedignas.com.mx\/#\/schema\/person\/331be9283d37198e2acd5750279085b0"},"headline":"MC \u2018se resiste\u2019 a aliarse con Va por M\u00e9xico: Dante Delgado niega apoyo a X\u00f3chitl G\u00e1lvez","datePublished":"2023-07-11T19:22:25+00:00","dateModified":"2023-07-11T19:31:26+00:00","mainEntityOfPage":{"@id":"https:\/\/fuentesfidedignas.com.mx\/index.php\/2023\/07\/11\/mc-se-resiste-a-aliarse-con-va-por-mexico-dante-delgado-niega-apoyo-a-xochitl-galvez\/"},"wordCount":407,"commentCount":0,"publisher":{"@id":"https:\/\/fuentesfidedignas.com.mx\/#organization"},"image":{"@id":"https:\/\/fuentesfidedignas.com.mx\/index.php\/2023\/07\/11\/mc-se-resiste-a-aliarse-con-va-por-mexico-dante-delgado-niega-apoyo-a-xochitl-galvez\/#primaryimage"},"thumbnailUrl":"https:\/\/fuentesfidedignas.com.mx\/wp-content\/uploads\/2023\/07\/TGCC2IJCIBBJRKOL5LAH3JJWHY.jpeg","articleSection":["NOTICIAS NACIONALES"],"inLanguage":"es","potentialAction":[{"@type":"CommentAction","name":"Comment","target":["https:\/\/fuentesfidedignas.com.mx\/index.php\/2023\/07\/11\/mc-se-resiste-a-aliarse-con-va-por-mexico-dante-delgado-niega-apoyo-a-xochitl-galvez\/#respond"]}]},{"@type":"WebPage","@id":"https:\/\/fuentesfidedignas.com.mx\/index.php\/2023\/07\/11\/mc-se-resiste-a-aliarse-con-va-por-mexico-dante-delgado-niega-apoyo-a-xochitl-galvez\/","url":"https:\/\/fuentesfidedignas.com.mx\/index.php\/2023\/07\/11\/mc-se-resiste-a-aliarse-con-va-por-mexico-dante-delgado-niega-apoyo-a-xochitl-galvez\/","name":"MC \u2018se resiste\u2019 a aliarse con Va por M\u00e9xico: Dante Delgado niega apoyo a X\u00f3chitl G\u00e1lvez - Fuentes Fidedignas","isPartOf":{"@id":"https:\/\/fuentesfidedignas.com.mx\/#website"},"primaryImageOfPage":{"@id":"https:\/\/fuentesfidedignas.com.mx\/index.php\/2023\/07\/11\/mc-se-resiste-a-aliarse-con-va-por-mexico-dante-delgado-niega-apoyo-a-xochitl-galvez\/#primaryimage"},"image":{"@id":"https:\/\/fuentesfidedignas.com.mx\/index.php\/2023\/07\/11\/mc-se-resiste-a-aliarse-con-va-por-mexico-dante-delgado-niega-apoyo-a-xochitl-galvez\/#primaryimage"},"thumbnailUrl":"https:\/\/fuentesfidedignas.com.mx\/wp-content\/uploads\/2023\/07\/TGCC2IJCIBBJRKOL5LAH3JJWHY.jpeg","datePublished":"2023-07-11T19:22:25+00:00","dateModified":"2023-07-11T19:31:26+00:00","breadcrumb":{"@id":"https:\/\/fuentesfidedignas.com.mx\/index.php\/2023\/07\/11\/mc-se-resiste-a-aliarse-con-va-por-mexico-dante-delgado-niega-apoyo-a-xochitl-galvez\/#breadcrumb"},"inLanguage":"es","potentialAction":[{"@type":"ReadAction","target":["https:\/\/fuentesfidedignas.com.mx\/index.php\/2023\/07\/11\/mc-se-resiste-a-aliarse-con-va-por-mexico-dante-delgado-niega-apoyo-a-xochitl-galvez\/"]}]},{"@type":"ImageObject","inLanguage":"es","@id":"https:\/\/fuentesfidedignas.com.mx\/index.php\/2023\/07\/11\/mc-se-resiste-a-aliarse-con-va-por-mexico-dante-delgado-niega-apoyo-a-xochitl-galvez\/#primaryimage","url":"https:\/\/fuentesfidedignas.com.mx\/wp-content\/uploads\/2023\/07\/TGCC2IJCIBBJRKOL5LAH3JJWHY.jpeg","contentUrl":"https:\/\/fuentesfidedignas.com.mx\/wp-content\/uploads\/2023\/07\/TGCC2IJCIBBJRKOL5LAH3JJWHY.jpeg","width":800,"height":450},{"@type":"BreadcrumbList","@id":"https:\/\/fuentesfidedignas.com.mx\/index.php\/2023\/07\/11\/mc-se-resiste-a-aliarse-con-va-por-mexico-dante-delgado-niega-apoyo-a-xochitl-galvez\/#breadcrumb","itemListElement":[{"@type":"ListItem","position":1,"name":"Inicio","item":"https:\/\/fuentesfidedignas.com.mx\/"},{"@type":"ListItem","position":2,"name":"MC \u2018se resiste\u2019 a aliarse con Va por M\u00e9xico: Dante Delgado niega apoyo a X\u00f3chitl G\u00e1lvez"}]},{"@type":"WebSite","@id":"https:\/\/fuentesfidedignas.com.mx\/#website","url":"https:\/\/fuentesfidedignas.com.mx\/","name":"Fuentes Fidedignas","description":"Otro sitio realizado con WordPress","publisher":{"@id":"https:\/\/fuentesfidedignas.com.mx\/#organization"},"potentialAction":[{"@type":"SearchAction","target":{"@type":"EntryPoint","urlTemplate":"https:\/\/fuentesfidedignas.com.mx\/?s={search_term_string}"},"query-input":{"@type":"PropertyValueSpecification","valueRequired":true,"valueName":"search_term_string"}}],"inLanguage":"es"},{"@type":"Organization","@id":"https:\/\/fuentesfidedignas.com.mx\/#organization","name":"Fuentes Fidedignas","url":"https:\/\/fuentesfidedignas.com.mx\/","logo":{"@type":"ImageObject","inLanguage":"es","@id":"https:\/\/fuentesfidedignas.com.mx\/#\/schema\/logo\/image\/","url":"https:\/\/fuentesfidedignas.com.mx\/wp-content\/uploads\/2021\/04\/logo-retina.png","contentUrl":"https:\/\/fuentesfidedignas.com.mx\/wp-content\/uploads\/2021\/04\/logo-retina.png","width":280,"height":51,"caption":"Fuentes Fidedignas"},"image":{"@id":"https:\/\/fuentesfidedignas.com.mx\/#\/schema\/logo\/image\/"},"sameAs":["https:\/\/www.facebook.com\/Fuentes-Fidedignas-368234489921644","https:\/\/x.com\/fidedignas"]},{"@type":"Person","@id":"https:\/\/fuentesfidedignas.com.mx\/#\/schema\/person\/331be9283d37198e2acd5750279085b0","name":"Redacci\u00f3n","image":{"@type":"ImageObject","inLanguage":"es","@id":"https:\/\/secure.gravatar.com\/avatar\/f6d8782c11d12b2d4ad3fbb6931aeab5309937a4d6cd2fc9cfaa28a6396a5aec?s=96&d=mm&r=g","url":"https:\/\/secure.gravatar.com\/avatar\/f6d8782c11d12b2d4ad3fbb6931aeab5309937a4d6cd2fc9cfaa28a6396a5aec?s=96&d=mm&r=g","contentUrl":"https:\/\/secure.gravatar.com\/avatar\/f6d8782c11d12b2d4ad3fbb6931aeab5309937a4d6cd2fc9cfaa28a6396a5aec?s=96&d=mm&r=g","caption":"Redacci\u00f3n"},"url":"https:\/\/fuentesfidedignas.com.mx\/index.php\/author\/redaccion\/"}]}},"_links":{"self":[{"href":"https:\/\/fuentesfidedignas.com.mx\/index.php\/wp-json\/wp\/v2\/posts\/52512","targetHints":{"allow":["GET"]}}],"collection":[{"href":"https:\/\/fuentesfidedignas.com.mx\/index.php\/wp-json\/wp\/v2\/posts"}],"about":[{"href":"https:\/\/fuentesfidedignas.com.mx\/index.php\/wp-json\/wp\/v2\/types\/post"}],"author":[{"embeddable":true,"href":"https:\/\/fuentesfidedignas.com.mx\/index.php\/wp-json\/wp\/v2\/users\/4"}],"replies":[{"embeddable":true,"href":"https:\/\/fuentesfidedignas.com.mx\/index.php\/wp-json\/wp\/v2\/comments?post=52512"}],"version-history":[{"count":1,"href":"https:\/\/fuentesfidedignas.com.mx\/index.php\/wp-json\/wp\/v2\/posts\/52512\/revisions"}],"predecessor-version":[{"id":52513,"href":"https:\/\/fuentesfidedignas.com.mx\/index.php\/wp-json\/wp\/v2\/posts\/52512\/revisions\/52513"}],"wp:featuredmedia":[{"embeddable":true,"href":"https:\/\/fuentesfidedignas.com.mx\/index.php\/wp-json\/wp\/v2\/media\/52514"}],"wp:attachment":[{"href":"https:\/\/fuentesfidedignas.com.mx\/index.php\/wp-json\/wp\/v2\/media?parent=52512"}],"wp:term":[{"taxonomy":"category","embeddable":true,"href":"https:\/\/fuentesfidedignas.com.mx\/index.php\/wp-json\/wp\/v2\/categories?post=52512"},{"taxonomy":"post_tag","embeddable":true,"href":"https:\/\/fuentesfidedignas.com.mx\/index.php\/wp-json\/wp\/v2\/tags?post=52512"}],"curies":[{"name":"wp","href":"https:\/\/api.w.org\/{rel}","templated":true}]}}