{"id":52432,"date":"2023-07-10T16:15:14","date_gmt":"2023-07-10T23:15:14","guid":{"rendered":"https:\/\/fuentesfidedignas.com.mx\/?p=52432"},"modified":"2023-07-10T16:18:21","modified_gmt":"2023-07-10T23:18:21","slug":"proteccion-civil-fuerte-listo-para-hacer-frente-a-temporada-de-lluvias","status":"publish","type":"post","link":"https:\/\/fuentesfidedignas.com.mx\/index.php\/2023\/07\/10\/proteccion-civil-fuerte-listo-para-hacer-frente-a-temporada-de-lluvias\/","title":{"rendered":"Protecci\u00f3n Civil El Fuerte listo para hacer frente a temporada de lluvias"},"content":{"rendered":"\n<p><strong><em>Ante autoridades estatales el alcalde Gildardo Leyva Ortega, inform\u00f3 sobre las medidas de prevenci\u00f3n que se han implementado para salvaguardar a la ciudadan\u00eda en caso de presentarse crecientes en r\u00edos y arroyos<\/em><\/strong><\/p>\n\n\n\n<p>El Fuerte, Sin.- En Presencia del Gobernador del Estado, Rub\u00e9n Rocha Moya y Aurelio Roy Navarrete Cuevas, Director General del Instituto Estatal de Protecci\u00f3n Civil, el Presidente Municipal Gildardo Leyva Ortega, present\u00f3 un informe respecto a las acciones preventivas que se est\u00e1n implementando en el municipio para hacer frente a la temporada de lluvias, esto en la Sesi\u00f3n Ordinaria del Consejo Estatal de Protecci\u00f3n Civil.<\/p>\n\n\n\n<figure class=\"wp-block-image size-large\"><img decoding=\"async\" width=\"575\" height=\"1024\" src=\"https:\/\/fuentesfidedignas.com.mx\/wp-content\/uploads\/2023\/07\/1000090645-575x1024.jpg\" alt=\"\" class=\"wp-image-52433\" srcset=\"https:\/\/fuentesfidedignas.com.mx\/wp-content\/uploads\/2023\/07\/1000090645-575x1024.jpg 575w, https:\/\/fuentesfidedignas.com.mx\/wp-content\/uploads\/2023\/07\/1000090645-169x300.jpg 169w, https:\/\/fuentesfidedignas.com.mx\/wp-content\/uploads\/2023\/07\/1000090645-768x1367.jpg 768w, https:\/\/fuentesfidedignas.com.mx\/wp-content\/uploads\/2023\/07\/1000090645-863x1536.jpg 863w, https:\/\/fuentesfidedignas.com.mx\/wp-content\/uploads\/2023\/07\/1000090645.jpg 899w\" sizes=\"(max-width: 575px) 100vw, 575px\" \/><\/figure>\n\n\n\n<p>En esta sesi\u00f3n el mandatario municipal, declar\u00f3 que El Fuerte se encuentra listo, bajo la coordinaci\u00f3n del equipo de Protecci\u00f3n Civil, Seguridad P\u00fablica y Tr\u00e1nsito Municipal, Cruz Roja y Bomberos, para brindar apoyo y seguridad a la ciudadan\u00eda ante cualquier contingencia que se pueda presentar con la creciente de r\u00edos y arroyos.<\/p>\n\n\n\n<p>\u201c<strong>Para decirles que se cuiden mucho, que tengan cuidado al cruzar arroyos, la temporada apenas empieza. Nosotros vamos a estar siempre listos para ayudarles en lo que podamos. Seguridad Publica, Transito, Protecci\u00f3n Civil, estamos todos coordinados para lo que se pueda ofrecer, estamos publicando todos los refugios temporales que tenemos activos, por ah\u00ed los pueden leer en las redes sociales<\/strong>\u201d, coment\u00f3 el mandatario.<\/p>\n\n\n\n<figure class=\"wp-block-image size-large\"><img decoding=\"async\" width=\"1024\" height=\"791\" src=\"https:\/\/fuentesfidedignas.com.mx\/wp-content\/uploads\/2023\/07\/1000090648-1024x791.jpg\" alt=\"\" class=\"wp-image-52434\" srcset=\"https:\/\/fuentesfidedignas.com.mx\/wp-content\/uploads\/2023\/07\/1000090648-1024x791.jpg 1024w, https:\/\/fuentesfidedignas.com.mx\/wp-content\/uploads\/2023\/07\/1000090648-300x232.jpg 300w, https:\/\/fuentesfidedignas.com.mx\/wp-content\/uploads\/2023\/07\/1000090648-768x593.jpg 768w, https:\/\/fuentesfidedignas.com.mx\/wp-content\/uploads\/2023\/07\/1000090648-1536x1187.jpg 1536w, https:\/\/fuentesfidedignas.com.mx\/wp-content\/uploads\/2023\/07\/1000090648.jpg 1600w\" sizes=\"(max-width: 1024px) 100vw, 1024px\" \/><\/figure>\n\n\n\n<p>Algunas de las principales acciones preventivas que se han realizado en el municipio son las siguientes: Limpieza y desazolve de r\u00edos, arroyos y canales, informaci\u00f3n a la poblaci\u00f3n sobre reportes emitidos por CONAGUA y Protecci\u00f3n Civil Estatal, implementaci\u00f3n de centros de acopio de vivires, material de limpieza y aseo personal, as\u00ed como ropa en buen estado. De igual forma se han llevado a cabo capacitaciones de brigadistas, entre otras medidas.<\/p>\n\n\n\n<figure class=\"wp-block-image size-large\"><img decoding=\"async\" width=\"1024\" height=\"768\" src=\"https:\/\/fuentesfidedignas.com.mx\/wp-content\/uploads\/2023\/07\/1000090641-1024x768.jpg\" alt=\"\" class=\"wp-image-52436\" srcset=\"https:\/\/fuentesfidedignas.com.mx\/wp-content\/uploads\/2023\/07\/1000090641-1024x768.jpg 1024w, https:\/\/fuentesfidedignas.com.mx\/wp-content\/uploads\/2023\/07\/1000090641-300x225.jpg 300w, https:\/\/fuentesfidedignas.com.mx\/wp-content\/uploads\/2023\/07\/1000090641-768x576.jpg 768w, https:\/\/fuentesfidedignas.com.mx\/wp-content\/uploads\/2023\/07\/1000090641-1536x1152.jpg 1536w, https:\/\/fuentesfidedignas.com.mx\/wp-content\/uploads\/2023\/07\/1000090641.jpg 1600w\" sizes=\"(max-width: 1024px) 100vw, 1024px\" \/><\/figure>\n\n\n\n<p>El mandatario hizo un llamado a la ciudadan\u00eda para cuidarse y acatar las indicaciones que brinde Protecci\u00f3n Civil El Fuerte, as\u00ed como de mantenerse informados a trav\u00e9s de las redes sociales del gobierno municipal, para conocer la ubicaci\u00f3n de los refugios temporales, los pron\u00f3sticos de lluvias y los n\u00fameros de emergencia a los que pueden llamar.<\/p>\n\n\n\n<figure class=\"wp-block-image size-full\"><img decoding=\"async\" width=\"680\" height=\"545\" src=\"https:\/\/fuentesfidedignas.com.mx\/wp-content\/uploads\/2023\/07\/1000090654.jpg\" alt=\"\" class=\"wp-image-52435\" srcset=\"https:\/\/fuentesfidedignas.com.mx\/wp-content\/uploads\/2023\/07\/1000090654.jpg 680w, https:\/\/fuentesfidedignas.com.mx\/wp-content\/uploads\/2023\/07\/1000090654-300x240.jpg 300w\" sizes=\"(max-width: 680px) 100vw, 680px\" \/><\/figure>\n","protected":false},"excerpt":{"rendered":"<p>Ante autoridades estatales el alcalde Gildardo Leyva Ortega, inform\u00f3 sobre las medidas de prevenci\u00f3n que se han implementado para salvaguardar a la ciudadan\u00eda en caso de presentarse crecientes en r\u00edos y arroyos El Fuerte, Sin.- En Presencia del Gobernador del Estado, Rub\u00e9n Rocha Moya y Aurelio Roy Navarrete Cuevas, Director General del Instituto Estatal de [&hellip;]<\/p>\n","protected":false},"author":4,"featured_media":52438,"comment_status":"open","ping_status":"open","sticky":false,"template":"","format":"standard","meta":{"tdm_status":"","tdm_grid_status":"","footnotes":""},"categories":[38,1],"tags":[],"class_list":{"0":"post-52432","1":"post","2":"type-post","3":"status-publish","4":"format-standard","5":"has-post-thumbnail","7":"category-noticias-locales","8":"category-sin-categoria"},"yoast_head":"<!-- This site is optimized with the Yoast SEO plugin v27.5 - https:\/\/yoast.com\/product\/yoast-seo-wordpress\/ -->\n<title>Protecci\u00f3n Civil El Fuerte listo para hacer frente a temporada de lluvias - Fuentes Fidedignas<\/title>\n<meta name=\"robots\" content=\"index, follow, max-snippet:-1, max-image-preview:large, max-video-preview:-1\" \/>\n<link rel=\"canonical\" href=\"https:\/\/fuentesfidedignas.com.mx\/index.php\/2023\/07\/10\/proteccion-civil-fuerte-listo-para-hacer-frente-a-temporada-de-lluvias\/\" \/>\n<meta property=\"og:locale\" content=\"es_MX\" \/>\n<meta property=\"og:type\" content=\"article\" \/>\n<meta property=\"og:title\" content=\"Protecci\u00f3n Civil El Fuerte listo para hacer frente a temporada de lluvias - Fuentes Fidedignas\" \/>\n<meta property=\"og:description\" content=\"Ante autoridades estatales el alcalde Gildardo Leyva Ortega, inform\u00f3 sobre las medidas de prevenci\u00f3n que se han implementado para salvaguardar a la ciudadan\u00eda en caso de presentarse crecientes en r\u00edos y arroyos El Fuerte, Sin.- En Presencia del Gobernador del Estado, Rub\u00e9n Rocha Moya y Aurelio Roy Navarrete Cuevas, Director General del Instituto Estatal de [&hellip;]\" \/>\n<meta property=\"og:url\" content=\"https:\/\/fuentesfidedignas.com.mx\/index.php\/2023\/07\/10\/proteccion-civil-fuerte-listo-para-hacer-frente-a-temporada-de-lluvias\/\" \/>\n<meta property=\"og:site_name\" content=\"Fuentes Fidedignas\" \/>\n<meta property=\"article:publisher\" content=\"https:\/\/www.facebook.com\/Fuentes-Fidedignas-368234489921644\" \/>\n<meta property=\"article:published_time\" content=\"2023-07-10T23:15:14+00:00\" \/>\n<meta property=\"article:modified_time\" content=\"2023-07-10T23:18:21+00:00\" \/>\n<meta property=\"og:image\" content=\"https:\/\/fuentesfidedignas.com.mx\/wp-content\/uploads\/2023\/07\/Creciente_Rio_fuerte_2015_.jpg\" \/>\n\t<meta property=\"og:image:width\" content=\"500\" \/>\n\t<meta property=\"og:image:height\" content=\"332\" \/>\n\t<meta property=\"og:image:type\" content=\"image\/jpeg\" \/>\n<meta name=\"author\" content=\"Redacci\u00f3n\" \/>\n<meta name=\"twitter:card\" content=\"summary_large_image\" \/>\n<meta name=\"twitter:creator\" content=\"@fidedignas\" \/>\n<meta name=\"twitter:site\" content=\"@fidedignas\" \/>\n<meta name=\"twitter:label1\" content=\"Escrito por\" \/>\n\t<meta name=\"twitter:data1\" content=\"Redacci\u00f3n\" \/>\n\t<meta name=\"twitter:label2\" content=\"Tiempo de lectura\" \/>\n\t<meta name=\"twitter:data2\" content=\"3 minutos\" \/>\n<script type=\"application\/ld+json\" class=\"yoast-schema-graph\">{\"@context\":\"https:\\\/\\\/schema.org\",\"@graph\":[{\"@type\":\"Article\",\"@id\":\"https:\\\/\\\/fuentesfidedignas.com.mx\\\/index.php\\\/2023\\\/07\\\/10\\\/proteccion-civil-fuerte-listo-para-hacer-frente-a-temporada-de-lluvias\\\/#article\",\"isPartOf\":{\"@id\":\"https:\\\/\\\/fuentesfidedignas.com.mx\\\/index.php\\\/2023\\\/07\\\/10\\\/proteccion-civil-fuerte-listo-para-hacer-frente-a-temporada-de-lluvias\\\/\"},\"author\":{\"name\":\"Redacci\u00f3n\",\"@id\":\"https:\\\/\\\/fuentesfidedignas.com.mx\\\/#\\\/schema\\\/person\\\/331be9283d37198e2acd5750279085b0\"},\"headline\":\"Protecci\u00f3n Civil El Fuerte listo para hacer frente a temporada de lluvias\",\"datePublished\":\"2023-07-10T23:15:14+00:00\",\"dateModified\":\"2023-07-10T23:18:21+00:00\",\"mainEntityOfPage\":{\"@id\":\"https:\\\/\\\/fuentesfidedignas.com.mx\\\/index.php\\\/2023\\\/07\\\/10\\\/proteccion-civil-fuerte-listo-para-hacer-frente-a-temporada-de-lluvias\\\/\"},\"wordCount\":379,\"commentCount\":0,\"publisher\":{\"@id\":\"https:\\\/\\\/fuentesfidedignas.com.mx\\\/#organization\"},\"image\":{\"@id\":\"https:\\\/\\\/fuentesfidedignas.com.mx\\\/index.php\\\/2023\\\/07\\\/10\\\/proteccion-civil-fuerte-listo-para-hacer-frente-a-temporada-de-lluvias\\\/#primaryimage\"},\"thumbnailUrl\":\"https:\\\/\\\/fuentesfidedignas.com.mx\\\/wp-content\\\/uploads\\\/2023\\\/07\\\/Creciente_Rio_fuerte_2015_.jpg\",\"articleSection\":[\"NOTICIAS LOCALES\"],\"inLanguage\":\"es\",\"potentialAction\":[{\"@type\":\"CommentAction\",\"name\":\"Comment\",\"target\":[\"https:\\\/\\\/fuentesfidedignas.com.mx\\\/index.php\\\/2023\\\/07\\\/10\\\/proteccion-civil-fuerte-listo-para-hacer-frente-a-temporada-de-lluvias\\\/#respond\"]}]},{\"@type\":\"WebPage\",\"@id\":\"https:\\\/\\\/fuentesfidedignas.com.mx\\\/index.php\\\/2023\\\/07\\\/10\\\/proteccion-civil-fuerte-listo-para-hacer-frente-a-temporada-de-lluvias\\\/\",\"url\":\"https:\\\/\\\/fuentesfidedignas.com.mx\\\/index.php\\\/2023\\\/07\\\/10\\\/proteccion-civil-fuerte-listo-para-hacer-frente-a-temporada-de-lluvias\\\/\",\"name\":\"Protecci\u00f3n Civil El Fuerte listo para hacer frente a temporada de lluvias - Fuentes Fidedignas\",\"isPartOf\":{\"@id\":\"https:\\\/\\\/fuentesfidedignas.com.mx\\\/#website\"},\"primaryImageOfPage\":{\"@id\":\"https:\\\/\\\/fuentesfidedignas.com.mx\\\/index.php\\\/2023\\\/07\\\/10\\\/proteccion-civil-fuerte-listo-para-hacer-frente-a-temporada-de-lluvias\\\/#primaryimage\"},\"image\":{\"@id\":\"https:\\\/\\\/fuentesfidedignas.com.mx\\\/index.php\\\/2023\\\/07\\\/10\\\/proteccion-civil-fuerte-listo-para-hacer-frente-a-temporada-de-lluvias\\\/#primaryimage\"},\"thumbnailUrl\":\"https:\\\/\\\/fuentesfidedignas.com.mx\\\/wp-content\\\/uploads\\\/2023\\\/07\\\/Creciente_Rio_fuerte_2015_.jpg\",\"datePublished\":\"2023-07-10T23:15:14+00:00\",\"dateModified\":\"2023-07-10T23:18:21+00:00\",\"breadcrumb\":{\"@id\":\"https:\\\/\\\/fuentesfidedignas.com.mx\\\/index.php\\\/2023\\\/07\\\/10\\\/proteccion-civil-fuerte-listo-para-hacer-frente-a-temporada-de-lluvias\\\/#breadcrumb\"},\"inLanguage\":\"es\",\"potentialAction\":[{\"@type\":\"ReadAction\",\"target\":[\"https:\\\/\\\/fuentesfidedignas.com.mx\\\/index.php\\\/2023\\\/07\\\/10\\\/proteccion-civil-fuerte-listo-para-hacer-frente-a-temporada-de-lluvias\\\/\"]}]},{\"@type\":\"ImageObject\",\"inLanguage\":\"es\",\"@id\":\"https:\\\/\\\/fuentesfidedignas.com.mx\\\/index.php\\\/2023\\\/07\\\/10\\\/proteccion-civil-fuerte-listo-para-hacer-frente-a-temporada-de-lluvias\\\/#primaryimage\",\"url\":\"https:\\\/\\\/fuentesfidedignas.com.mx\\\/wp-content\\\/uploads\\\/2023\\\/07\\\/Creciente_Rio_fuerte_2015_.jpg\",\"contentUrl\":\"https:\\\/\\\/fuentesfidedignas.com.mx\\\/wp-content\\\/uploads\\\/2023\\\/07\\\/Creciente_Rio_fuerte_2015_.jpg\",\"width\":500,\"height\":332},{\"@type\":\"BreadcrumbList\",\"@id\":\"https:\\\/\\\/fuentesfidedignas.com.mx\\\/index.php\\\/2023\\\/07\\\/10\\\/proteccion-civil-fuerte-listo-para-hacer-frente-a-temporada-de-lluvias\\\/#breadcrumb\",\"itemListElement\":[{\"@type\":\"ListItem\",\"position\":1,\"name\":\"Inicio\",\"item\":\"https:\\\/\\\/fuentesfidedignas.com.mx\\\/\"},{\"@type\":\"ListItem\",\"position\":2,\"name\":\"Protecci\u00f3n Civil El Fuerte listo para hacer frente a temporada de lluvias\"}]},{\"@type\":\"WebSite\",\"@id\":\"https:\\\/\\\/fuentesfidedignas.com.mx\\\/#website\",\"url\":\"https:\\\/\\\/fuentesfidedignas.com.mx\\\/\",\"name\":\"Fuentes Fidedignas\",\"description\":\"Otro sitio realizado con WordPress\",\"publisher\":{\"@id\":\"https:\\\/\\\/fuentesfidedignas.com.mx\\\/#organization\"},\"potentialAction\":[{\"@type\":\"SearchAction\",\"target\":{\"@type\":\"EntryPoint\",\"urlTemplate\":\"https:\\\/\\\/fuentesfidedignas.com.mx\\\/?s={search_term_string}\"},\"query-input\":{\"@type\":\"PropertyValueSpecification\",\"valueRequired\":true,\"valueName\":\"search_term_string\"}}],\"inLanguage\":\"es\"},{\"@type\":\"Organization\",\"@id\":\"https:\\\/\\\/fuentesfidedignas.com.mx\\\/#organization\",\"name\":\"Fuentes Fidedignas\",\"url\":\"https:\\\/\\\/fuentesfidedignas.com.mx\\\/\",\"logo\":{\"@type\":\"ImageObject\",\"inLanguage\":\"es\",\"@id\":\"https:\\\/\\\/fuentesfidedignas.com.mx\\\/#\\\/schema\\\/logo\\\/image\\\/\",\"url\":\"https:\\\/\\\/fuentesfidedignas.com.mx\\\/wp-content\\\/uploads\\\/2021\\\/04\\\/logo-retina.png\",\"contentUrl\":\"https:\\\/\\\/fuentesfidedignas.com.mx\\\/wp-content\\\/uploads\\\/2021\\\/04\\\/logo-retina.png\",\"width\":280,\"height\":51,\"caption\":\"Fuentes Fidedignas\"},\"image\":{\"@id\":\"https:\\\/\\\/fuentesfidedignas.com.mx\\\/#\\\/schema\\\/logo\\\/image\\\/\"},\"sameAs\":[\"https:\\\/\\\/www.facebook.com\\\/Fuentes-Fidedignas-368234489921644\",\"https:\\\/\\\/x.com\\\/fidedignas\"]},{\"@type\":\"Person\",\"@id\":\"https:\\\/\\\/fuentesfidedignas.com.mx\\\/#\\\/schema\\\/person\\\/331be9283d37198e2acd5750279085b0\",\"name\":\"Redacci\u00f3n\",\"image\":{\"@type\":\"ImageObject\",\"inLanguage\":\"es\",\"@id\":\"https:\\\/\\\/secure.gravatar.com\\\/avatar\\\/f6d8782c11d12b2d4ad3fbb6931aeab5309937a4d6cd2fc9cfaa28a6396a5aec?s=96&d=mm&r=g\",\"url\":\"https:\\\/\\\/secure.gravatar.com\\\/avatar\\\/f6d8782c11d12b2d4ad3fbb6931aeab5309937a4d6cd2fc9cfaa28a6396a5aec?s=96&d=mm&r=g\",\"contentUrl\":\"https:\\\/\\\/secure.gravatar.com\\\/avatar\\\/f6d8782c11d12b2d4ad3fbb6931aeab5309937a4d6cd2fc9cfaa28a6396a5aec?s=96&d=mm&r=g\",\"caption\":\"Redacci\u00f3n\"},\"url\":\"https:\\\/\\\/fuentesfidedignas.com.mx\\\/index.php\\\/author\\\/redaccion\\\/\"}]}<\/script>\n<!-- \/ Yoast SEO plugin. -->","yoast_head_json":{"title":"Protecci\u00f3n Civil El Fuerte listo para hacer frente a temporada de lluvias - Fuentes Fidedignas","robots":{"index":"index","follow":"follow","max-snippet":"max-snippet:-1","max-image-preview":"max-image-preview:large","max-video-preview":"max-video-preview:-1"},"canonical":"https:\/\/fuentesfidedignas.com.mx\/index.php\/2023\/07\/10\/proteccion-civil-fuerte-listo-para-hacer-frente-a-temporada-de-lluvias\/","og_locale":"es_MX","og_type":"article","og_title":"Protecci\u00f3n Civil El Fuerte listo para hacer frente a temporada de lluvias - Fuentes Fidedignas","og_description":"Ante autoridades estatales el alcalde Gildardo Leyva Ortega, inform\u00f3 sobre las medidas de prevenci\u00f3n que se han implementado para salvaguardar a la ciudadan\u00eda en caso de presentarse crecientes en r\u00edos y arroyos El Fuerte, Sin.- En Presencia del Gobernador del Estado, Rub\u00e9n Rocha Moya y Aurelio Roy Navarrete Cuevas, Director General del Instituto Estatal de [&hellip;]","og_url":"https:\/\/fuentesfidedignas.com.mx\/index.php\/2023\/07\/10\/proteccion-civil-fuerte-listo-para-hacer-frente-a-temporada-de-lluvias\/","og_site_name":"Fuentes Fidedignas","article_publisher":"https:\/\/www.facebook.com\/Fuentes-Fidedignas-368234489921644","article_published_time":"2023-07-10T23:15:14+00:00","article_modified_time":"2023-07-10T23:18:21+00:00","og_image":[{"width":500,"height":332,"url":"https:\/\/fuentesfidedignas.com.mx\/wp-content\/uploads\/2023\/07\/Creciente_Rio_fuerte_2015_.jpg","type":"image\/jpeg"}],"author":"Redacci\u00f3n","twitter_card":"summary_large_image","twitter_creator":"@fidedignas","twitter_site":"@fidedignas","twitter_misc":{"Escrito por":"Redacci\u00f3n","Tiempo de lectura":"3 minutos"},"schema":{"@context":"https:\/\/schema.org","@graph":[{"@type":"Article","@id":"https:\/\/fuentesfidedignas.com.mx\/index.php\/2023\/07\/10\/proteccion-civil-fuerte-listo-para-hacer-frente-a-temporada-de-lluvias\/#article","isPartOf":{"@id":"https:\/\/fuentesfidedignas.com.mx\/index.php\/2023\/07\/10\/proteccion-civil-fuerte-listo-para-hacer-frente-a-temporada-de-lluvias\/"},"author":{"name":"Redacci\u00f3n","@id":"https:\/\/fuentesfidedignas.com.mx\/#\/schema\/person\/331be9283d37198e2acd5750279085b0"},"headline":"Protecci\u00f3n Civil El Fuerte listo para hacer frente a temporada de lluvias","datePublished":"2023-07-10T23:15:14+00:00","dateModified":"2023-07-10T23:18:21+00:00","mainEntityOfPage":{"@id":"https:\/\/fuentesfidedignas.com.mx\/index.php\/2023\/07\/10\/proteccion-civil-fuerte-listo-para-hacer-frente-a-temporada-de-lluvias\/"},"wordCount":379,"commentCount":0,"publisher":{"@id":"https:\/\/fuentesfidedignas.com.mx\/#organization"},"image":{"@id":"https:\/\/fuentesfidedignas.com.mx\/index.php\/2023\/07\/10\/proteccion-civil-fuerte-listo-para-hacer-frente-a-temporada-de-lluvias\/#primaryimage"},"thumbnailUrl":"https:\/\/fuentesfidedignas.com.mx\/wp-content\/uploads\/2023\/07\/Creciente_Rio_fuerte_2015_.jpg","articleSection":["NOTICIAS LOCALES"],"inLanguage":"es","potentialAction":[{"@type":"CommentAction","name":"Comment","target":["https:\/\/fuentesfidedignas.com.mx\/index.php\/2023\/07\/10\/proteccion-civil-fuerte-listo-para-hacer-frente-a-temporada-de-lluvias\/#respond"]}]},{"@type":"WebPage","@id":"https:\/\/fuentesfidedignas.com.mx\/index.php\/2023\/07\/10\/proteccion-civil-fuerte-listo-para-hacer-frente-a-temporada-de-lluvias\/","url":"https:\/\/fuentesfidedignas.com.mx\/index.php\/2023\/07\/10\/proteccion-civil-fuerte-listo-para-hacer-frente-a-temporada-de-lluvias\/","name":"Protecci\u00f3n Civil El Fuerte listo para hacer frente a temporada de lluvias - Fuentes Fidedignas","isPartOf":{"@id":"https:\/\/fuentesfidedignas.com.mx\/#website"},"primaryImageOfPage":{"@id":"https:\/\/fuentesfidedignas.com.mx\/index.php\/2023\/07\/10\/proteccion-civil-fuerte-listo-para-hacer-frente-a-temporada-de-lluvias\/#primaryimage"},"image":{"@id":"https:\/\/fuentesfidedignas.com.mx\/index.php\/2023\/07\/10\/proteccion-civil-fuerte-listo-para-hacer-frente-a-temporada-de-lluvias\/#primaryimage"},"thumbnailUrl":"https:\/\/fuentesfidedignas.com.mx\/wp-content\/uploads\/2023\/07\/Creciente_Rio_fuerte_2015_.jpg","datePublished":"2023-07-10T23:15:14+00:00","dateModified":"2023-07-10T23:18:21+00:00","breadcrumb":{"@id":"https:\/\/fuentesfidedignas.com.mx\/index.php\/2023\/07\/10\/proteccion-civil-fuerte-listo-para-hacer-frente-a-temporada-de-lluvias\/#breadcrumb"},"inLanguage":"es","potentialAction":[{"@type":"ReadAction","target":["https:\/\/fuentesfidedignas.com.mx\/index.php\/2023\/07\/10\/proteccion-civil-fuerte-listo-para-hacer-frente-a-temporada-de-lluvias\/"]}]},{"@type":"ImageObject","inLanguage":"es","@id":"https:\/\/fuentesfidedignas.com.mx\/index.php\/2023\/07\/10\/proteccion-civil-fuerte-listo-para-hacer-frente-a-temporada-de-lluvias\/#primaryimage","url":"https:\/\/fuentesfidedignas.com.mx\/wp-content\/uploads\/2023\/07\/Creciente_Rio_fuerte_2015_.jpg","contentUrl":"https:\/\/fuentesfidedignas.com.mx\/wp-content\/uploads\/2023\/07\/Creciente_Rio_fuerte_2015_.jpg","width":500,"height":332},{"@type":"BreadcrumbList","@id":"https:\/\/fuentesfidedignas.com.mx\/index.php\/2023\/07\/10\/proteccion-civil-fuerte-listo-para-hacer-frente-a-temporada-de-lluvias\/#breadcrumb","itemListElement":[{"@type":"ListItem","position":1,"name":"Inicio","item":"https:\/\/fuentesfidedignas.com.mx\/"},{"@type":"ListItem","position":2,"name":"Protecci\u00f3n Civil El Fuerte listo para hacer frente a temporada de lluvias"}]},{"@type":"WebSite","@id":"https:\/\/fuentesfidedignas.com.mx\/#website","url":"https:\/\/fuentesfidedignas.com.mx\/","name":"Fuentes Fidedignas","description":"Otro sitio realizado con WordPress","publisher":{"@id":"https:\/\/fuentesfidedignas.com.mx\/#organization"},"potentialAction":[{"@type":"SearchAction","target":{"@type":"EntryPoint","urlTemplate":"https:\/\/fuentesfidedignas.com.mx\/?s={search_term_string}"},"query-input":{"@type":"PropertyValueSpecification","valueRequired":true,"valueName":"search_term_string"}}],"inLanguage":"es"},{"@type":"Organization","@id":"https:\/\/fuentesfidedignas.com.mx\/#organization","name":"Fuentes Fidedignas","url":"https:\/\/fuentesfidedignas.com.mx\/","logo":{"@type":"ImageObject","inLanguage":"es","@id":"https:\/\/fuentesfidedignas.com.mx\/#\/schema\/logo\/image\/","url":"https:\/\/fuentesfidedignas.com.mx\/wp-content\/uploads\/2021\/04\/logo-retina.png","contentUrl":"https:\/\/fuentesfidedignas.com.mx\/wp-content\/uploads\/2021\/04\/logo-retina.png","width":280,"height":51,"caption":"Fuentes Fidedignas"},"image":{"@id":"https:\/\/fuentesfidedignas.com.mx\/#\/schema\/logo\/image\/"},"sameAs":["https:\/\/www.facebook.com\/Fuentes-Fidedignas-368234489921644","https:\/\/x.com\/fidedignas"]},{"@type":"Person","@id":"https:\/\/fuentesfidedignas.com.mx\/#\/schema\/person\/331be9283d37198e2acd5750279085b0","name":"Redacci\u00f3n","image":{"@type":"ImageObject","inLanguage":"es","@id":"https:\/\/secure.gravatar.com\/avatar\/f6d8782c11d12b2d4ad3fbb6931aeab5309937a4d6cd2fc9cfaa28a6396a5aec?s=96&d=mm&r=g","url":"https:\/\/secure.gravatar.com\/avatar\/f6d8782c11d12b2d4ad3fbb6931aeab5309937a4d6cd2fc9cfaa28a6396a5aec?s=96&d=mm&r=g","contentUrl":"https:\/\/secure.gravatar.com\/avatar\/f6d8782c11d12b2d4ad3fbb6931aeab5309937a4d6cd2fc9cfaa28a6396a5aec?s=96&d=mm&r=g","caption":"Redacci\u00f3n"},"url":"https:\/\/fuentesfidedignas.com.mx\/index.php\/author\/redaccion\/"}]}},"_links":{"self":[{"href":"https:\/\/fuentesfidedignas.com.mx\/index.php\/wp-json\/wp\/v2\/posts\/52432","targetHints":{"allow":["GET"]}}],"collection":[{"href":"https:\/\/fuentesfidedignas.com.mx\/index.php\/wp-json\/wp\/v2\/posts"}],"about":[{"href":"https:\/\/fuentesfidedignas.com.mx\/index.php\/wp-json\/wp\/v2\/types\/post"}],"author":[{"embeddable":true,"href":"https:\/\/fuentesfidedignas.com.mx\/index.php\/wp-json\/wp\/v2\/users\/4"}],"replies":[{"embeddable":true,"href":"https:\/\/fuentesfidedignas.com.mx\/index.php\/wp-json\/wp\/v2\/comments?post=52432"}],"version-history":[{"count":1,"href":"https:\/\/fuentesfidedignas.com.mx\/index.php\/wp-json\/wp\/v2\/posts\/52432\/revisions"}],"predecessor-version":[{"id":52437,"href":"https:\/\/fuentesfidedignas.com.mx\/index.php\/wp-json\/wp\/v2\/posts\/52432\/revisions\/52437"}],"wp:featuredmedia":[{"embeddable":true,"href":"https:\/\/fuentesfidedignas.com.mx\/index.php\/wp-json\/wp\/v2\/media\/52438"}],"wp:attachment":[{"href":"https:\/\/fuentesfidedignas.com.mx\/index.php\/wp-json\/wp\/v2\/media?parent=52432"}],"wp:term":[{"taxonomy":"category","embeddable":true,"href":"https:\/\/fuentesfidedignas.com.mx\/index.php\/wp-json\/wp\/v2\/categories?post=52432"},{"taxonomy":"post_tag","embeddable":true,"href":"https:\/\/fuentesfidedignas.com.mx\/index.php\/wp-json\/wp\/v2\/tags?post=52432"}],"curies":[{"name":"wp","href":"https:\/\/api.w.org\/{rel}","templated":true}]}}