{"id":52421,"date":"2023-07-10T15:44:47","date_gmt":"2023-07-10T22:44:47","guid":{"rendered":"https:\/\/fuentesfidedignas.com.mx\/?p=52421"},"modified":"2023-07-10T16:08:06","modified_gmt":"2023-07-10T23:08:06","slug":"entregan-nuevos-camiones-de-bomberos-a-seis-municipios-de-sinaloa","status":"publish","type":"post","link":"https:\/\/fuentesfidedignas.com.mx\/index.php\/2023\/07\/10\/entregan-nuevos-camiones-de-bomberos-a-seis-municipios-de-sinaloa\/","title":{"rendered":"Entregan nuevos camiones de Bomberos a seis municipios de Sinaloa"},"content":{"rendered":"\n<p><em><strong>El director del Instituto Estatal de Protecci\u00f3n Civil, Roy Navarrete Cuevas, explic\u00f3 que se capacitaron a m\u00e1s de 80 bomberos para cada uno de los municipios beneficiados<\/strong><\/em><\/p>\n\n\n\n<p>Culiac\u00e1n, Sin.- Como parte del cumplimiento por salvar vidas ante cualquier inclemencia, el gobernador Rub\u00e9n Rocha Moya hizo entrega de 6 Camiones de Bomberos para los Municipios de Badiraguato, Choix, Concordia, Cosal\u00e1, Rosario y San Ignacio, lugares que no contaban con ning\u00fan veh\u00edculo de este tipo.<\/p>\n\n\n\n<p>El gobernador hizo entrega de las llaves de las unidades a las y los presidentes municipales, adem\u00e1s de un equipo de rescate con herramientas como las quijadas de la vida, un instrumento vital para el rescate de personas en accidentes vehiculares.<\/p>\n\n\n\n<figure class=\"wp-block-gallery has-nested-images columns-default is-cropped wp-block-gallery-1 is-layout-flex wp-block-gallery-is-layout-flex\">\n<figure class=\"wp-block-image size-large\"><img decoding=\"async\" width=\"614\" height=\"409\" data-id=\"52422\" src=\"https:\/\/fuentesfidedignas.com.mx\/wp-content\/uploads\/2023\/07\/1000090724.jpg\" alt=\"\" class=\"wp-image-52422\" srcset=\"https:\/\/fuentesfidedignas.com.mx\/wp-content\/uploads\/2023\/07\/1000090724.jpg 614w, https:\/\/fuentesfidedignas.com.mx\/wp-content\/uploads\/2023\/07\/1000090724-300x200.jpg 300w\" sizes=\"(max-width: 614px) 100vw, 614px\" \/><\/figure>\n\n\n\n<figure class=\"wp-block-image size-large\"><img decoding=\"async\" width=\"640\" height=\"426\" data-id=\"52423\" src=\"https:\/\/fuentesfidedignas.com.mx\/wp-content\/uploads\/2023\/07\/1000090722.jpg\" alt=\"\" class=\"wp-image-52423\" srcset=\"https:\/\/fuentesfidedignas.com.mx\/wp-content\/uploads\/2023\/07\/1000090722.jpg 640w, https:\/\/fuentesfidedignas.com.mx\/wp-content\/uploads\/2023\/07\/1000090722-300x200.jpg 300w\" sizes=\"(max-width: 640px) 100vw, 640px\" \/><\/figure>\n\n\n\n<figure class=\"wp-block-image size-large\"><img decoding=\"async\" width=\"614\" height=\"460\" data-id=\"52424\" src=\"https:\/\/fuentesfidedignas.com.mx\/wp-content\/uploads\/2023\/07\/1000090579.jpg\" alt=\"\" class=\"wp-image-52424\" srcset=\"https:\/\/fuentesfidedignas.com.mx\/wp-content\/uploads\/2023\/07\/1000090579.jpg 614w, https:\/\/fuentesfidedignas.com.mx\/wp-content\/uploads\/2023\/07\/1000090579-300x225.jpg 300w\" sizes=\"(max-width: 614px) 100vw, 614px\" \/><\/figure>\n\n\n\n<figure class=\"wp-block-image size-large\"><img decoding=\"async\" width=\"614\" height=\"460\" data-id=\"52426\" src=\"https:\/\/fuentesfidedignas.com.mx\/wp-content\/uploads\/2023\/07\/1000090612.jpg\" alt=\"\" class=\"wp-image-52426\" srcset=\"https:\/\/fuentesfidedignas.com.mx\/wp-content\/uploads\/2023\/07\/1000090612.jpg 614w, https:\/\/fuentesfidedignas.com.mx\/wp-content\/uploads\/2023\/07\/1000090612-300x225.jpg 300w\" sizes=\"(max-width: 614px) 100vw, 614px\" \/><\/figure>\n\n\n\n<figure class=\"wp-block-image size-large\"><img decoding=\"async\" width=\"640\" height=\"426\" data-id=\"52425\" src=\"https:\/\/fuentesfidedignas.com.mx\/wp-content\/uploads\/2023\/07\/1000090720.jpg\" alt=\"\" class=\"wp-image-52425\" srcset=\"https:\/\/fuentesfidedignas.com.mx\/wp-content\/uploads\/2023\/07\/1000090720.jpg 640w, https:\/\/fuentesfidedignas.com.mx\/wp-content\/uploads\/2023\/07\/1000090720-300x200.jpg 300w\" sizes=\"(max-width: 640px) 100vw, 640px\" \/><\/figure>\n\n\n\n<figure class=\"wp-block-image size-large\"><img decoding=\"async\" width=\"614\" height=\"460\" data-id=\"52428\" src=\"https:\/\/fuentesfidedignas.com.mx\/wp-content\/uploads\/2023\/07\/1000090576.jpg\" alt=\"\" class=\"wp-image-52428\" srcset=\"https:\/\/fuentesfidedignas.com.mx\/wp-content\/uploads\/2023\/07\/1000090576.jpg 614w, https:\/\/fuentesfidedignas.com.mx\/wp-content\/uploads\/2023\/07\/1000090576-300x225.jpg 300w\" sizes=\"(max-width: 614px) 100vw, 614px\" \/><\/figure>\n\n\n\n<figure class=\"wp-block-image size-large\"><img decoding=\"async\" width=\"640\" height=\"360\" data-id=\"52427\" src=\"https:\/\/fuentesfidedignas.com.mx\/wp-content\/uploads\/2023\/07\/1000090561.jpg\" alt=\"\" class=\"wp-image-52427\" srcset=\"https:\/\/fuentesfidedignas.com.mx\/wp-content\/uploads\/2023\/07\/1000090561.jpg 640w, https:\/\/fuentesfidedignas.com.mx\/wp-content\/uploads\/2023\/07\/1000090561-300x169.jpg 300w\" sizes=\"(max-width: 640px) 100vw, 640px\" \/><\/figure>\n\n\n\n<figure class=\"wp-block-image size-large\"><img decoding=\"async\" width=\"640\" height=\"426\" data-id=\"52429\" src=\"https:\/\/fuentesfidedignas.com.mx\/wp-content\/uploads\/2023\/07\/1000090718.jpg\" alt=\"\" class=\"wp-image-52429\" srcset=\"https:\/\/fuentesfidedignas.com.mx\/wp-content\/uploads\/2023\/07\/1000090718.jpg 640w, https:\/\/fuentesfidedignas.com.mx\/wp-content\/uploads\/2023\/07\/1000090718-300x200.jpg 300w\" sizes=\"(max-width: 640px) 100vw, 640px\" \/><\/figure>\n<\/figure>\n\n\n\n<p>En su mensaje, Rocha Moya mencion\u00f3 que lo m\u00e1s importante siempre ser\u00e1 salvar vidas, por lo que en su gobierno se est\u00e1n preparando para cualquier situaci\u00f3n en la que las y los ciudadanos puedan correr peligro.<\/p>\n\n\n\n<p>\u201cEstamos en este momento prepar\u00e1ndonos para cualquier fen\u00f3meno, incidente que traiga como consecuencia la amenaza a la vida de ni\u00f1os, ni\u00f1as, de j\u00f3venes, hombres y mujeres en general, es muy importante la vida, es tiempo de agua. Nada m\u00e1s tenemos que cuidar que no arrastre a las personas, es m\u00e1s importante cuidar la vida\u201d, dijo.<\/p>\n\n\n\n<p>Por su parte el director del Instituto Estatal de Protecci\u00f3n Civil Roy Navarrete Cuevas mencion\u00f3 que el gobierno que encabeza el gobernador Rub\u00e9n Rocha Moya est\u00e1 haciendo historia al hacer entrega de estos veh\u00edculos especiales para auxiliar personas en alguna emergencia y con la indicaci\u00f3n de abrir estaciones de bomberos dentro de estos seis municipios.<\/p>\n\n\n\n<p>Agreg\u00f3 que adem\u00e1s de la entrega de los veh\u00edculos, se han capacitado a m\u00e1s de 80 bomberos en cada uno de los municipios beneficiados para que puedan hacer frente a situaciones de riesgo y de auxilio a la sociedad.<\/p>\n\n\n\n<p>\u201cComentarle tambi\u00e9n se\u00f1or gobernador, ya capacitamos a m\u00e1s de 80 bomberos en cada uno de estos municipios, se capacit\u00f3 en combate y prevenci\u00f3n de incendios, se capacit\u00f3 tambi\u00e9n el uso y manejo de las unidades de emergencia, en rescate automotriz con las quijadas de la vida que tenemos que son fundamentales para el rescate vehicular\u201d, explic\u00f3.<\/p>\n\n\n\n<p>En este evento el gobernador Rub\u00e9n Rocha Moya estuvo acompa\u00f1ado por Eneyda Rocha Ruiz, Presidenta del Sistema DIF Sinaloa, el secretario general de Gobierno Enrique Inzunza C\u00e1zarez, el presidente municipal de Culiac\u00e1n Juan de Dios G\u00e1mez Mend\u00edvil, la diputada Mar\u00eda Aurelia Leal L\u00f3pez, el secretario de Administraci\u00f3n y Finanzas Enrique Alfonso D\u00edaz Vega, el Comandante de la Tercera Regi\u00f3n Militar Francisco Jes\u00fas Leana Ojeda, el Comandante de la 9\/a zona Militar Alfredo Salgado Vargas, el comandante de la 8\/a Regi\u00f3n Naval Javier Abarca Garc\u00eda y el coordinador estatal de la Guardia Nacional en Sinaloa Fructuoso L\u00f3pez Vallejo.<\/p>\n\n\n\n<p>Adem\u00e1s de la presencia de Jos\u00e9 Paz L\u00f3pez Elenes presidente municipal de Badiraguato, Amalia Gast\u00e9lum Barraza presidenta municipal de Choix, Ra\u00fal D\u00edaz Bernal presidente municipal de Concordia, Carla \u00darsula Corrales Corrales presidenta municipal de C\u00f3sala, Claudia Liliana Valdez Aguilar presidenta municipal de Rosario y Octavio Bastidas Manjarrez presidente municipal de San Ignacio, a quienes se les hizo entrega de los camiones de bomberos y el equipo de rescate.<\/p>\n","protected":false},"excerpt":{"rendered":"<p>El director del Instituto Estatal de Protecci\u00f3n Civil, Roy Navarrete Cuevas, explic\u00f3 que se capacitaron a m\u00e1s de 80 bomberos para cada uno de los municipios beneficiados Culiac\u00e1n, Sin.- Como parte del cumplimiento por salvar vidas ante cualquier inclemencia, el gobernador Rub\u00e9n Rocha Moya hizo entrega de 6 Camiones de Bomberos para los Municipios de [&hellip;]<\/p>\n","protected":false},"author":4,"featured_media":52431,"comment_status":"open","ping_status":"open","sticky":false,"template":"","format":"standard","meta":{"tdm_status":"","tdm_grid_status":"","footnotes":""},"categories":[37,1],"tags":[],"class_list":{"0":"post-52421","1":"post","2":"type-post","3":"status-publish","4":"format-standard","5":"has-post-thumbnail","7":"category-nota-principal","8":"category-sin-categoria"},"yoast_head":"<!-- This site is optimized with the Yoast SEO plugin v27.5 - https:\/\/yoast.com\/product\/yoast-seo-wordpress\/ -->\n<title>Entregan nuevos camiones de Bomberos a seis municipios de Sinaloa - Fuentes Fidedignas<\/title>\n<meta name=\"robots\" content=\"index, follow, max-snippet:-1, max-image-preview:large, max-video-preview:-1\" \/>\n<link rel=\"canonical\" href=\"https:\/\/fuentesfidedignas.com.mx\/index.php\/2023\/07\/10\/entregan-nuevos-camiones-de-bomberos-a-seis-municipios-de-sinaloa\/\" \/>\n<meta property=\"og:locale\" content=\"es_MX\" \/>\n<meta property=\"og:type\" content=\"article\" \/>\n<meta property=\"og:title\" content=\"Entregan nuevos camiones de Bomberos a seis municipios de Sinaloa - Fuentes Fidedignas\" \/>\n<meta property=\"og:description\" content=\"El director del Instituto Estatal de Protecci\u00f3n Civil, Roy Navarrete Cuevas, explic\u00f3 que se capacitaron a m\u00e1s de 80 bomberos para cada uno de los municipios beneficiados Culiac\u00e1n, Sin.- Como parte del cumplimiento por salvar vidas ante cualquier inclemencia, el gobernador Rub\u00e9n Rocha Moya hizo entrega de 6 Camiones de Bomberos para los Municipios de [&hellip;]\" \/>\n<meta property=\"og:url\" content=\"https:\/\/fuentesfidedignas.com.mx\/index.php\/2023\/07\/10\/entregan-nuevos-camiones-de-bomberos-a-seis-municipios-de-sinaloa\/\" \/>\n<meta property=\"og:site_name\" content=\"Fuentes Fidedignas\" \/>\n<meta property=\"article:publisher\" content=\"https:\/\/www.facebook.com\/Fuentes-Fidedignas-368234489921644\" \/>\n<meta property=\"article:published_time\" content=\"2023-07-10T22:44:47+00:00\" \/>\n<meta property=\"article:modified_time\" content=\"2023-07-10T23:08:06+00:00\" \/>\n<meta property=\"og:image\" content=\"https:\/\/fuentesfidedignas.com.mx\/wp-content\/uploads\/2023\/07\/IMG-20230710-WA0006.jpg\" \/>\n\t<meta property=\"og:image:width\" content=\"640\" \/>\n\t<meta property=\"og:image:height\" content=\"360\" \/>\n\t<meta property=\"og:image:type\" content=\"image\/jpeg\" \/>\n<meta name=\"author\" content=\"Redacci\u00f3n\" \/>\n<meta name=\"twitter:card\" content=\"summary_large_image\" \/>\n<meta name=\"twitter:creator\" content=\"@fidedignas\" \/>\n<meta name=\"twitter:site\" content=\"@fidedignas\" \/>\n<meta name=\"twitter:label1\" content=\"Escrito por\" \/>\n\t<meta name=\"twitter:data1\" content=\"Redacci\u00f3n\" \/>\n\t<meta name=\"twitter:label2\" content=\"Tiempo de lectura\" \/>\n\t<meta name=\"twitter:data2\" content=\"4 minutos\" \/>\n<script type=\"application\/ld+json\" class=\"yoast-schema-graph\">{\"@context\":\"https:\\\/\\\/schema.org\",\"@graph\":[{\"@type\":\"Article\",\"@id\":\"https:\\\/\\\/fuentesfidedignas.com.mx\\\/index.php\\\/2023\\\/07\\\/10\\\/entregan-nuevos-camiones-de-bomberos-a-seis-municipios-de-sinaloa\\\/#article\",\"isPartOf\":{\"@id\":\"https:\\\/\\\/fuentesfidedignas.com.mx\\\/index.php\\\/2023\\\/07\\\/10\\\/entregan-nuevos-camiones-de-bomberos-a-seis-municipios-de-sinaloa\\\/\"},\"author\":{\"name\":\"Redacci\u00f3n\",\"@id\":\"https:\\\/\\\/fuentesfidedignas.com.mx\\\/#\\\/schema\\\/person\\\/331be9283d37198e2acd5750279085b0\"},\"headline\":\"Entregan nuevos camiones de Bomberos a seis municipios de Sinaloa\",\"datePublished\":\"2023-07-10T22:44:47+00:00\",\"dateModified\":\"2023-07-10T23:08:06+00:00\",\"mainEntityOfPage\":{\"@id\":\"https:\\\/\\\/fuentesfidedignas.com.mx\\\/index.php\\\/2023\\\/07\\\/10\\\/entregan-nuevos-camiones-de-bomberos-a-seis-municipios-de-sinaloa\\\/\"},\"wordCount\":577,\"commentCount\":0,\"publisher\":{\"@id\":\"https:\\\/\\\/fuentesfidedignas.com.mx\\\/#organization\"},\"image\":{\"@id\":\"https:\\\/\\\/fuentesfidedignas.com.mx\\\/index.php\\\/2023\\\/07\\\/10\\\/entregan-nuevos-camiones-de-bomberos-a-seis-municipios-de-sinaloa\\\/#primaryimage\"},\"thumbnailUrl\":\"https:\\\/\\\/fuentesfidedignas.com.mx\\\/wp-content\\\/uploads\\\/2023\\\/07\\\/IMG-20230710-WA0006.jpg\",\"articleSection\":[\"NOTA PRINCIPAL\"],\"inLanguage\":\"es\",\"potentialAction\":[{\"@type\":\"CommentAction\",\"name\":\"Comment\",\"target\":[\"https:\\\/\\\/fuentesfidedignas.com.mx\\\/index.php\\\/2023\\\/07\\\/10\\\/entregan-nuevos-camiones-de-bomberos-a-seis-municipios-de-sinaloa\\\/#respond\"]}]},{\"@type\":\"WebPage\",\"@id\":\"https:\\\/\\\/fuentesfidedignas.com.mx\\\/index.php\\\/2023\\\/07\\\/10\\\/entregan-nuevos-camiones-de-bomberos-a-seis-municipios-de-sinaloa\\\/\",\"url\":\"https:\\\/\\\/fuentesfidedignas.com.mx\\\/index.php\\\/2023\\\/07\\\/10\\\/entregan-nuevos-camiones-de-bomberos-a-seis-municipios-de-sinaloa\\\/\",\"name\":\"Entregan nuevos camiones de Bomberos a seis municipios de Sinaloa - Fuentes Fidedignas\",\"isPartOf\":{\"@id\":\"https:\\\/\\\/fuentesfidedignas.com.mx\\\/#website\"},\"primaryImageOfPage\":{\"@id\":\"https:\\\/\\\/fuentesfidedignas.com.mx\\\/index.php\\\/2023\\\/07\\\/10\\\/entregan-nuevos-camiones-de-bomberos-a-seis-municipios-de-sinaloa\\\/#primaryimage\"},\"image\":{\"@id\":\"https:\\\/\\\/fuentesfidedignas.com.mx\\\/index.php\\\/2023\\\/07\\\/10\\\/entregan-nuevos-camiones-de-bomberos-a-seis-municipios-de-sinaloa\\\/#primaryimage\"},\"thumbnailUrl\":\"https:\\\/\\\/fuentesfidedignas.com.mx\\\/wp-content\\\/uploads\\\/2023\\\/07\\\/IMG-20230710-WA0006.jpg\",\"datePublished\":\"2023-07-10T22:44:47+00:00\",\"dateModified\":\"2023-07-10T23:08:06+00:00\",\"breadcrumb\":{\"@id\":\"https:\\\/\\\/fuentesfidedignas.com.mx\\\/index.php\\\/2023\\\/07\\\/10\\\/entregan-nuevos-camiones-de-bomberos-a-seis-municipios-de-sinaloa\\\/#breadcrumb\"},\"inLanguage\":\"es\",\"potentialAction\":[{\"@type\":\"ReadAction\",\"target\":[\"https:\\\/\\\/fuentesfidedignas.com.mx\\\/index.php\\\/2023\\\/07\\\/10\\\/entregan-nuevos-camiones-de-bomberos-a-seis-municipios-de-sinaloa\\\/\"]}]},{\"@type\":\"ImageObject\",\"inLanguage\":\"es\",\"@id\":\"https:\\\/\\\/fuentesfidedignas.com.mx\\\/index.php\\\/2023\\\/07\\\/10\\\/entregan-nuevos-camiones-de-bomberos-a-seis-municipios-de-sinaloa\\\/#primaryimage\",\"url\":\"https:\\\/\\\/fuentesfidedignas.com.mx\\\/wp-content\\\/uploads\\\/2023\\\/07\\\/IMG-20230710-WA0006.jpg\",\"contentUrl\":\"https:\\\/\\\/fuentesfidedignas.com.mx\\\/wp-content\\\/uploads\\\/2023\\\/07\\\/IMG-20230710-WA0006.jpg\",\"width\":640,\"height\":360},{\"@type\":\"BreadcrumbList\",\"@id\":\"https:\\\/\\\/fuentesfidedignas.com.mx\\\/index.php\\\/2023\\\/07\\\/10\\\/entregan-nuevos-camiones-de-bomberos-a-seis-municipios-de-sinaloa\\\/#breadcrumb\",\"itemListElement\":[{\"@type\":\"ListItem\",\"position\":1,\"name\":\"Inicio\",\"item\":\"https:\\\/\\\/fuentesfidedignas.com.mx\\\/\"},{\"@type\":\"ListItem\",\"position\":2,\"name\":\"Entregan nuevos camiones de Bomberos a seis municipios de Sinaloa\"}]},{\"@type\":\"WebSite\",\"@id\":\"https:\\\/\\\/fuentesfidedignas.com.mx\\\/#website\",\"url\":\"https:\\\/\\\/fuentesfidedignas.com.mx\\\/\",\"name\":\"Fuentes Fidedignas\",\"description\":\"Otro sitio realizado con WordPress\",\"publisher\":{\"@id\":\"https:\\\/\\\/fuentesfidedignas.com.mx\\\/#organization\"},\"potentialAction\":[{\"@type\":\"SearchAction\",\"target\":{\"@type\":\"EntryPoint\",\"urlTemplate\":\"https:\\\/\\\/fuentesfidedignas.com.mx\\\/?s={search_term_string}\"},\"query-input\":{\"@type\":\"PropertyValueSpecification\",\"valueRequired\":true,\"valueName\":\"search_term_string\"}}],\"inLanguage\":\"es\"},{\"@type\":\"Organization\",\"@id\":\"https:\\\/\\\/fuentesfidedignas.com.mx\\\/#organization\",\"name\":\"Fuentes Fidedignas\",\"url\":\"https:\\\/\\\/fuentesfidedignas.com.mx\\\/\",\"logo\":{\"@type\":\"ImageObject\",\"inLanguage\":\"es\",\"@id\":\"https:\\\/\\\/fuentesfidedignas.com.mx\\\/#\\\/schema\\\/logo\\\/image\\\/\",\"url\":\"https:\\\/\\\/fuentesfidedignas.com.mx\\\/wp-content\\\/uploads\\\/2021\\\/04\\\/logo-retina.png\",\"contentUrl\":\"https:\\\/\\\/fuentesfidedignas.com.mx\\\/wp-content\\\/uploads\\\/2021\\\/04\\\/logo-retina.png\",\"width\":280,\"height\":51,\"caption\":\"Fuentes Fidedignas\"},\"image\":{\"@id\":\"https:\\\/\\\/fuentesfidedignas.com.mx\\\/#\\\/schema\\\/logo\\\/image\\\/\"},\"sameAs\":[\"https:\\\/\\\/www.facebook.com\\\/Fuentes-Fidedignas-368234489921644\",\"https:\\\/\\\/x.com\\\/fidedignas\"]},{\"@type\":\"Person\",\"@id\":\"https:\\\/\\\/fuentesfidedignas.com.mx\\\/#\\\/schema\\\/person\\\/331be9283d37198e2acd5750279085b0\",\"name\":\"Redacci\u00f3n\",\"image\":{\"@type\":\"ImageObject\",\"inLanguage\":\"es\",\"@id\":\"https:\\\/\\\/secure.gravatar.com\\\/avatar\\\/f6d8782c11d12b2d4ad3fbb6931aeab5309937a4d6cd2fc9cfaa28a6396a5aec?s=96&d=mm&r=g\",\"url\":\"https:\\\/\\\/secure.gravatar.com\\\/avatar\\\/f6d8782c11d12b2d4ad3fbb6931aeab5309937a4d6cd2fc9cfaa28a6396a5aec?s=96&d=mm&r=g\",\"contentUrl\":\"https:\\\/\\\/secure.gravatar.com\\\/avatar\\\/f6d8782c11d12b2d4ad3fbb6931aeab5309937a4d6cd2fc9cfaa28a6396a5aec?s=96&d=mm&r=g\",\"caption\":\"Redacci\u00f3n\"},\"url\":\"https:\\\/\\\/fuentesfidedignas.com.mx\\\/index.php\\\/author\\\/redaccion\\\/\"}]}<\/script>\n<!-- \/ Yoast SEO plugin. -->","yoast_head_json":{"title":"Entregan nuevos camiones de Bomberos a seis municipios de Sinaloa - Fuentes Fidedignas","robots":{"index":"index","follow":"follow","max-snippet":"max-snippet:-1","max-image-preview":"max-image-preview:large","max-video-preview":"max-video-preview:-1"},"canonical":"https:\/\/fuentesfidedignas.com.mx\/index.php\/2023\/07\/10\/entregan-nuevos-camiones-de-bomberos-a-seis-municipios-de-sinaloa\/","og_locale":"es_MX","og_type":"article","og_title":"Entregan nuevos camiones de Bomberos a seis municipios de Sinaloa - Fuentes Fidedignas","og_description":"El director del Instituto Estatal de Protecci\u00f3n Civil, Roy Navarrete Cuevas, explic\u00f3 que se capacitaron a m\u00e1s de 80 bomberos para cada uno de los municipios beneficiados Culiac\u00e1n, Sin.- Como parte del cumplimiento por salvar vidas ante cualquier inclemencia, el gobernador Rub\u00e9n Rocha Moya hizo entrega de 6 Camiones de Bomberos para los Municipios de [&hellip;]","og_url":"https:\/\/fuentesfidedignas.com.mx\/index.php\/2023\/07\/10\/entregan-nuevos-camiones-de-bomberos-a-seis-municipios-de-sinaloa\/","og_site_name":"Fuentes Fidedignas","article_publisher":"https:\/\/www.facebook.com\/Fuentes-Fidedignas-368234489921644","article_published_time":"2023-07-10T22:44:47+00:00","article_modified_time":"2023-07-10T23:08:06+00:00","og_image":[{"width":640,"height":360,"url":"https:\/\/fuentesfidedignas.com.mx\/wp-content\/uploads\/2023\/07\/IMG-20230710-WA0006.jpg","type":"image\/jpeg"}],"author":"Redacci\u00f3n","twitter_card":"summary_large_image","twitter_creator":"@fidedignas","twitter_site":"@fidedignas","twitter_misc":{"Escrito por":"Redacci\u00f3n","Tiempo de lectura":"4 minutos"},"schema":{"@context":"https:\/\/schema.org","@graph":[{"@type":"Article","@id":"https:\/\/fuentesfidedignas.com.mx\/index.php\/2023\/07\/10\/entregan-nuevos-camiones-de-bomberos-a-seis-municipios-de-sinaloa\/#article","isPartOf":{"@id":"https:\/\/fuentesfidedignas.com.mx\/index.php\/2023\/07\/10\/entregan-nuevos-camiones-de-bomberos-a-seis-municipios-de-sinaloa\/"},"author":{"name":"Redacci\u00f3n","@id":"https:\/\/fuentesfidedignas.com.mx\/#\/schema\/person\/331be9283d37198e2acd5750279085b0"},"headline":"Entregan nuevos camiones de Bomberos a seis municipios de Sinaloa","datePublished":"2023-07-10T22:44:47+00:00","dateModified":"2023-07-10T23:08:06+00:00","mainEntityOfPage":{"@id":"https:\/\/fuentesfidedignas.com.mx\/index.php\/2023\/07\/10\/entregan-nuevos-camiones-de-bomberos-a-seis-municipios-de-sinaloa\/"},"wordCount":577,"commentCount":0,"publisher":{"@id":"https:\/\/fuentesfidedignas.com.mx\/#organization"},"image":{"@id":"https:\/\/fuentesfidedignas.com.mx\/index.php\/2023\/07\/10\/entregan-nuevos-camiones-de-bomberos-a-seis-municipios-de-sinaloa\/#primaryimage"},"thumbnailUrl":"https:\/\/fuentesfidedignas.com.mx\/wp-content\/uploads\/2023\/07\/IMG-20230710-WA0006.jpg","articleSection":["NOTA PRINCIPAL"],"inLanguage":"es","potentialAction":[{"@type":"CommentAction","name":"Comment","target":["https:\/\/fuentesfidedignas.com.mx\/index.php\/2023\/07\/10\/entregan-nuevos-camiones-de-bomberos-a-seis-municipios-de-sinaloa\/#respond"]}]},{"@type":"WebPage","@id":"https:\/\/fuentesfidedignas.com.mx\/index.php\/2023\/07\/10\/entregan-nuevos-camiones-de-bomberos-a-seis-municipios-de-sinaloa\/","url":"https:\/\/fuentesfidedignas.com.mx\/index.php\/2023\/07\/10\/entregan-nuevos-camiones-de-bomberos-a-seis-municipios-de-sinaloa\/","name":"Entregan nuevos camiones de Bomberos a seis municipios de Sinaloa - Fuentes Fidedignas","isPartOf":{"@id":"https:\/\/fuentesfidedignas.com.mx\/#website"},"primaryImageOfPage":{"@id":"https:\/\/fuentesfidedignas.com.mx\/index.php\/2023\/07\/10\/entregan-nuevos-camiones-de-bomberos-a-seis-municipios-de-sinaloa\/#primaryimage"},"image":{"@id":"https:\/\/fuentesfidedignas.com.mx\/index.php\/2023\/07\/10\/entregan-nuevos-camiones-de-bomberos-a-seis-municipios-de-sinaloa\/#primaryimage"},"thumbnailUrl":"https:\/\/fuentesfidedignas.com.mx\/wp-content\/uploads\/2023\/07\/IMG-20230710-WA0006.jpg","datePublished":"2023-07-10T22:44:47+00:00","dateModified":"2023-07-10T23:08:06+00:00","breadcrumb":{"@id":"https:\/\/fuentesfidedignas.com.mx\/index.php\/2023\/07\/10\/entregan-nuevos-camiones-de-bomberos-a-seis-municipios-de-sinaloa\/#breadcrumb"},"inLanguage":"es","potentialAction":[{"@type":"ReadAction","target":["https:\/\/fuentesfidedignas.com.mx\/index.php\/2023\/07\/10\/entregan-nuevos-camiones-de-bomberos-a-seis-municipios-de-sinaloa\/"]}]},{"@type":"ImageObject","inLanguage":"es","@id":"https:\/\/fuentesfidedignas.com.mx\/index.php\/2023\/07\/10\/entregan-nuevos-camiones-de-bomberos-a-seis-municipios-de-sinaloa\/#primaryimage","url":"https:\/\/fuentesfidedignas.com.mx\/wp-content\/uploads\/2023\/07\/IMG-20230710-WA0006.jpg","contentUrl":"https:\/\/fuentesfidedignas.com.mx\/wp-content\/uploads\/2023\/07\/IMG-20230710-WA0006.jpg","width":640,"height":360},{"@type":"BreadcrumbList","@id":"https:\/\/fuentesfidedignas.com.mx\/index.php\/2023\/07\/10\/entregan-nuevos-camiones-de-bomberos-a-seis-municipios-de-sinaloa\/#breadcrumb","itemListElement":[{"@type":"ListItem","position":1,"name":"Inicio","item":"https:\/\/fuentesfidedignas.com.mx\/"},{"@type":"ListItem","position":2,"name":"Entregan nuevos camiones de Bomberos a seis municipios de Sinaloa"}]},{"@type":"WebSite","@id":"https:\/\/fuentesfidedignas.com.mx\/#website","url":"https:\/\/fuentesfidedignas.com.mx\/","name":"Fuentes Fidedignas","description":"Otro sitio realizado con WordPress","publisher":{"@id":"https:\/\/fuentesfidedignas.com.mx\/#organization"},"potentialAction":[{"@type":"SearchAction","target":{"@type":"EntryPoint","urlTemplate":"https:\/\/fuentesfidedignas.com.mx\/?s={search_term_string}"},"query-input":{"@type":"PropertyValueSpecification","valueRequired":true,"valueName":"search_term_string"}}],"inLanguage":"es"},{"@type":"Organization","@id":"https:\/\/fuentesfidedignas.com.mx\/#organization","name":"Fuentes Fidedignas","url":"https:\/\/fuentesfidedignas.com.mx\/","logo":{"@type":"ImageObject","inLanguage":"es","@id":"https:\/\/fuentesfidedignas.com.mx\/#\/schema\/logo\/image\/","url":"https:\/\/fuentesfidedignas.com.mx\/wp-content\/uploads\/2021\/04\/logo-retina.png","contentUrl":"https:\/\/fuentesfidedignas.com.mx\/wp-content\/uploads\/2021\/04\/logo-retina.png","width":280,"height":51,"caption":"Fuentes Fidedignas"},"image":{"@id":"https:\/\/fuentesfidedignas.com.mx\/#\/schema\/logo\/image\/"},"sameAs":["https:\/\/www.facebook.com\/Fuentes-Fidedignas-368234489921644","https:\/\/x.com\/fidedignas"]},{"@type":"Person","@id":"https:\/\/fuentesfidedignas.com.mx\/#\/schema\/person\/331be9283d37198e2acd5750279085b0","name":"Redacci\u00f3n","image":{"@type":"ImageObject","inLanguage":"es","@id":"https:\/\/secure.gravatar.com\/avatar\/f6d8782c11d12b2d4ad3fbb6931aeab5309937a4d6cd2fc9cfaa28a6396a5aec?s=96&d=mm&r=g","url":"https:\/\/secure.gravatar.com\/avatar\/f6d8782c11d12b2d4ad3fbb6931aeab5309937a4d6cd2fc9cfaa28a6396a5aec?s=96&d=mm&r=g","contentUrl":"https:\/\/secure.gravatar.com\/avatar\/f6d8782c11d12b2d4ad3fbb6931aeab5309937a4d6cd2fc9cfaa28a6396a5aec?s=96&d=mm&r=g","caption":"Redacci\u00f3n"},"url":"https:\/\/fuentesfidedignas.com.mx\/index.php\/author\/redaccion\/"}]}},"_links":{"self":[{"href":"https:\/\/fuentesfidedignas.com.mx\/index.php\/wp-json\/wp\/v2\/posts\/52421","targetHints":{"allow":["GET"]}}],"collection":[{"href":"https:\/\/fuentesfidedignas.com.mx\/index.php\/wp-json\/wp\/v2\/posts"}],"about":[{"href":"https:\/\/fuentesfidedignas.com.mx\/index.php\/wp-json\/wp\/v2\/types\/post"}],"author":[{"embeddable":true,"href":"https:\/\/fuentesfidedignas.com.mx\/index.php\/wp-json\/wp\/v2\/users\/4"}],"replies":[{"embeddable":true,"href":"https:\/\/fuentesfidedignas.com.mx\/index.php\/wp-json\/wp\/v2\/comments?post=52421"}],"version-history":[{"count":1,"href":"https:\/\/fuentesfidedignas.com.mx\/index.php\/wp-json\/wp\/v2\/posts\/52421\/revisions"}],"predecessor-version":[{"id":52430,"href":"https:\/\/fuentesfidedignas.com.mx\/index.php\/wp-json\/wp\/v2\/posts\/52421\/revisions\/52430"}],"wp:featuredmedia":[{"embeddable":true,"href":"https:\/\/fuentesfidedignas.com.mx\/index.php\/wp-json\/wp\/v2\/media\/52431"}],"wp:attachment":[{"href":"https:\/\/fuentesfidedignas.com.mx\/index.php\/wp-json\/wp\/v2\/media?parent=52421"}],"wp:term":[{"taxonomy":"category","embeddable":true,"href":"https:\/\/fuentesfidedignas.com.mx\/index.php\/wp-json\/wp\/v2\/categories?post=52421"},{"taxonomy":"post_tag","embeddable":true,"href":"https:\/\/fuentesfidedignas.com.mx\/index.php\/wp-json\/wp\/v2\/tags?post=52421"}],"curies":[{"name":"wp","href":"https:\/\/api.w.org\/{rel}","templated":true}]}}